{"id":997,"date":"2023-02-08T08:29:28","date_gmt":"2023-02-08T08:29:28","guid":{"rendered":"https:\/\/lavocedelpaese.info\/index.php\/2023\/02\/08\/convento-da-domani-i-giovedi-di-santa-rita\/"},"modified":"2023-02-08T08:29:28","modified_gmt":"2023-02-08T08:29:28","slug":"convento-da-domani-i-giovedi-di-santa-rita","status":"publish","type":"post","link":"https:\/\/lavocedelpaese.info\/index.php\/2023\/02\/08\/convento-da-domani-i-giovedi-di-santa-rita\/","title":{"rendered":"Convento: da domani i \u201cgioved\u00ec di Santa Rita\u201d"},"content":{"rendered":"<p>Cominceranno anche quest\u2019anno presso il Santuario della Madonna degli Angeli di Cassano delle Murge i \u201cgioved\u00ec di Santa Rita\u201d, la pia pratica devozionale portata avanti dai fedeli per quindici gioved\u00ec di seguito, fino alla festa di santa Rita da Cascia, il 22 maggio. Si comincia gioved\u00ec 9 febbraio 2023 alle ore 9.30 con il Rosario cui seguir\u00e0 la Santa Messa quindi l\u2019Adorazione del SS Sacramento.   <\/p>\n<p>\u00a0<\/p>\n<p>\u200b\u00a0<\/p>","protected":false},"excerpt":{"rendered":"<p>Cominceranno anche quest\u2019anno presso il Santuario della Madonna degli Angeli di Cassano delle Murge i \u201cgioved\u00ec di Santa Rita\u201d, la<\/p>\n","protected":false},"author":0,"featured_media":0,"comment_status":"open","ping_status":"closed","sticky":false,"template":"","format":"standard","meta":{"colormag_page_container_layout":"default_layout","colormag_page_sidebar_layout":"default_layout","footnotes":""},"categories":[33],"tags":[],"class_list":["post-997","post","type-post","status-publish","format-standard","hentry","category-network"],"yoast_head":"<!-- This site is optimized with the Yoast SEO plugin v27.5 - https:\/\/yoast.com\/product\/yoast-seo-wordpress\/ -->\n<title>Convento: da domani i \u201cgioved\u00ec di Santa Rita\u201d - La Voce del Paese<\/title>\n<meta name=\"robots\" content=\"index, follow, max-snippet:-1, max-image-preview:large, max-video-preview:-1\" \/>\n<link rel=\"canonical\" href=\"https:\/\/lavocedelpaese.info\/index.php\/2023\/02\/08\/convento-da-domani-i-giovedi-di-santa-rita\/\" \/>\n<meta property=\"og:locale\" content=\"it_IT\" \/>\n<meta property=\"og:type\" content=\"article\" \/>\n<meta property=\"og:title\" content=\"Convento: da domani i \u201cgioved\u00ec di Santa Rita\u201d - La Voce del Paese\" \/>\n<meta property=\"og:description\" content=\"Cominceranno anche quest\u2019anno presso il Santuario della Madonna degli Angeli di Cassano delle Murge i \u201cgioved\u00ec di Santa Rita\u201d, la\" \/>\n<meta property=\"og:url\" content=\"https:\/\/lavocedelpaese.info\/index.php\/2023\/02\/08\/convento-da-domani-i-giovedi-di-santa-rita\/\" \/>\n<meta property=\"og:site_name\" content=\"La Voce del Paese\" \/>\n<meta property=\"article:publisher\" content=\"https:\/\/www.facebook.com\/lavocedelpaese.info\" \/>\n<meta property=\"article:published_time\" content=\"2023-02-08T08:29:28+00:00\" \/>\n<meta name=\"twitter:card\" content=\"summary_large_image\" \/>\n<script type=\"application\/ld+json\" class=\"yoast-schema-graph\">{\"@context\":\"https:\\\/\\\/schema.org\",\"@graph\":[{\"@type\":\"Article\",\"@id\":\"https:\\\/\\\/lavocedelpaese.info\\\/index.php\\\/2023\\\/02\\\/08\\\/convento-da-domani-i-giovedi-di-santa-rita\\\/#article\",\"isPartOf\":{\"@id\":\"https:\\\/\\\/lavocedelpaese.info\\\/index.php\\\/2023\\\/02\\\/08\\\/convento-da-domani-i-giovedi-di-santa-rita\\\/\"},\"author\":{\"name\":\"\",\"@id\":\"\"},\"headline\":\"Convento: da domani i \u201cgioved\u00ec di Santa Rita\u201d\",\"datePublished\":\"2023-02-08T08:29:28+00:00\",\"mainEntityOfPage\":{\"@id\":\"https:\\\/\\\/lavocedelpaese.info\\\/index.php\\\/2023\\\/02\\\/08\\\/convento-da-domani-i-giovedi-di-santa-rita\\\/\"},\"wordCount\":71,\"commentCount\":0,\"publisher\":{\"@id\":\"https:\\\/\\\/lavocedelpaese.info\\\/#organization\"},\"articleSection\":[\"network\"],\"inLanguage\":\"it-IT\",\"potentialAction\":[{\"@type\":\"CommentAction\",\"name\":\"Comment\",\"target\":[\"https:\\\/\\\/lavocedelpaese.info\\\/index.php\\\/2023\\\/02\\\/08\\\/convento-da-domani-i-giovedi-di-santa-rita\\\/#respond\"]}]},{\"@type\":\"WebPage\",\"@id\":\"https:\\\/\\\/lavocedelpaese.info\\\/index.php\\\/2023\\\/02\\\/08\\\/convento-da-domani-i-giovedi-di-santa-rita\\\/\",\"url\":\"https:\\\/\\\/lavocedelpaese.info\\\/index.php\\\/2023\\\/02\\\/08\\\/convento-da-domani-i-giovedi-di-santa-rita\\\/\",\"name\":\"Convento: da domani i \u201cgioved\u00ec di Santa Rita\u201d - La Voce del Paese\",\"isPartOf\":{\"@id\":\"https:\\\/\\\/lavocedelpaese.info\\\/#website\"},\"datePublished\":\"2023-02-08T08:29:28+00:00\",\"breadcrumb\":{\"@id\":\"https:\\\/\\\/lavocedelpaese.info\\\/index.php\\\/2023\\\/02\\\/08\\\/convento-da-domani-i-giovedi-di-santa-rita\\\/#breadcrumb\"},\"inLanguage\":\"it-IT\",\"potentialAction\":[{\"@type\":\"ReadAction\",\"target\":[\"https:\\\/\\\/lavocedelpaese.info\\\/index.php\\\/2023\\\/02\\\/08\\\/convento-da-domani-i-giovedi-di-santa-rita\\\/\"]}]},{\"@type\":\"BreadcrumbList\",\"@id\":\"https:\\\/\\\/lavocedelpaese.info\\\/index.php\\\/2023\\\/02\\\/08\\\/convento-da-domani-i-giovedi-di-santa-rita\\\/#breadcrumb\",\"itemListElement\":[{\"@type\":\"ListItem\",\"position\":1,\"name\":\"Home\",\"item\":\"https:\\\/\\\/lavocedelpaese.info\\\/\"},{\"@type\":\"ListItem\",\"position\":2,\"name\":\"Convento: da domani i \u201cgioved\u00ec di Santa Rita\u201d\"}]},{\"@type\":\"WebSite\",\"@id\":\"https:\\\/\\\/lavocedelpaese.info\\\/#website\",\"url\":\"https:\\\/\\\/lavocedelpaese.info\\\/\",\"name\":\"La Voce del Paese\",\"description\":\"Un network di idee\",\"publisher\":{\"@id\":\"https:\\\/\\\/lavocedelpaese.info\\\/#organization\"},\"potentialAction\":[{\"@type\":\"SearchAction\",\"target\":{\"@type\":\"EntryPoint\",\"urlTemplate\":\"https:\\\/\\\/lavocedelpaese.info\\\/?s={search_term_string}\"},\"query-input\":{\"@type\":\"PropertyValueSpecification\",\"valueRequired\":true,\"valueName\":\"search_term_string\"}}],\"inLanguage\":\"it-IT\"},{\"@type\":\"Organization\",\"@id\":\"https:\\\/\\\/lavocedelpaese.info\\\/#organization\",\"name\":\"La Voce del Paese\",\"url\":\"https:\\\/\\\/lavocedelpaese.info\\\/\",\"logo\":{\"@type\":\"ImageObject\",\"inLanguage\":\"it-IT\",\"@id\":\"https:\\\/\\\/lavocedelpaese.info\\\/#\\\/schema\\\/logo\\\/image\\\/\",\"url\":\"https:\\\/\\\/lavocedelpaese.info\\\/wp-content\\\/uploads\\\/2023\\\/01\\\/cropped-logo-150-127.png\",\"contentUrl\":\"https:\\\/\\\/lavocedelpaese.info\\\/wp-content\\\/uploads\\\/2023\\\/01\\\/cropped-logo-150-127.png\",\"width\":137,\"height\":119,\"caption\":\"La Voce del Paese\"},\"image\":{\"@id\":\"https:\\\/\\\/lavocedelpaese.info\\\/#\\\/schema\\\/logo\\\/image\\\/\"},\"sameAs\":[\"https:\\\/\\\/www.facebook.com\\\/lavocedelpaese.info\"]}]}<\/script>\n<!-- \/ Yoast SEO plugin. -->","yoast_head_json":{"title":"Convento: da domani i \u201cgioved\u00ec di Santa Rita\u201d - La Voce del Paese","robots":{"index":"index","follow":"follow","max-snippet":"max-snippet:-1","max-image-preview":"max-image-preview:large","max-video-preview":"max-video-preview:-1"},"canonical":"https:\/\/lavocedelpaese.info\/index.php\/2023\/02\/08\/convento-da-domani-i-giovedi-di-santa-rita\/","og_locale":"it_IT","og_type":"article","og_title":"Convento: da domani i \u201cgioved\u00ec di Santa Rita\u201d - La Voce del Paese","og_description":"Cominceranno anche quest\u2019anno presso il Santuario della Madonna degli Angeli di Cassano delle Murge i \u201cgioved\u00ec di Santa Rita\u201d, la","og_url":"https:\/\/lavocedelpaese.info\/index.php\/2023\/02\/08\/convento-da-domani-i-giovedi-di-santa-rita\/","og_site_name":"La Voce del Paese","article_publisher":"https:\/\/www.facebook.com\/lavocedelpaese.info","article_published_time":"2023-02-08T08:29:28+00:00","twitter_card":"summary_large_image","schema":{"@context":"https:\/\/schema.org","@graph":[{"@type":"Article","@id":"https:\/\/lavocedelpaese.info\/index.php\/2023\/02\/08\/convento-da-domani-i-giovedi-di-santa-rita\/#article","isPartOf":{"@id":"https:\/\/lavocedelpaese.info\/index.php\/2023\/02\/08\/convento-da-domani-i-giovedi-di-santa-rita\/"},"author":{"name":"","@id":""},"headline":"Convento: da domani i \u201cgioved\u00ec di Santa Rita\u201d","datePublished":"2023-02-08T08:29:28+00:00","mainEntityOfPage":{"@id":"https:\/\/lavocedelpaese.info\/index.php\/2023\/02\/08\/convento-da-domani-i-giovedi-di-santa-rita\/"},"wordCount":71,"commentCount":0,"publisher":{"@id":"https:\/\/lavocedelpaese.info\/#organization"},"articleSection":["network"],"inLanguage":"it-IT","potentialAction":[{"@type":"CommentAction","name":"Comment","target":["https:\/\/lavocedelpaese.info\/index.php\/2023\/02\/08\/convento-da-domani-i-giovedi-di-santa-rita\/#respond"]}]},{"@type":"WebPage","@id":"https:\/\/lavocedelpaese.info\/index.php\/2023\/02\/08\/convento-da-domani-i-giovedi-di-santa-rita\/","url":"https:\/\/lavocedelpaese.info\/index.php\/2023\/02\/08\/convento-da-domani-i-giovedi-di-santa-rita\/","name":"Convento: da domani i \u201cgioved\u00ec di Santa Rita\u201d - La Voce del Paese","isPartOf":{"@id":"https:\/\/lavocedelpaese.info\/#website"},"datePublished":"2023-02-08T08:29:28+00:00","breadcrumb":{"@id":"https:\/\/lavocedelpaese.info\/index.php\/2023\/02\/08\/convento-da-domani-i-giovedi-di-santa-rita\/#breadcrumb"},"inLanguage":"it-IT","potentialAction":[{"@type":"ReadAction","target":["https:\/\/lavocedelpaese.info\/index.php\/2023\/02\/08\/convento-da-domani-i-giovedi-di-santa-rita\/"]}]},{"@type":"BreadcrumbList","@id":"https:\/\/lavocedelpaese.info\/index.php\/2023\/02\/08\/convento-da-domani-i-giovedi-di-santa-rita\/#breadcrumb","itemListElement":[{"@type":"ListItem","position":1,"name":"Home","item":"https:\/\/lavocedelpaese.info\/"},{"@type":"ListItem","position":2,"name":"Convento: da domani i \u201cgioved\u00ec di Santa Rita\u201d"}]},{"@type":"WebSite","@id":"https:\/\/lavocedelpaese.info\/#website","url":"https:\/\/lavocedelpaese.info\/","name":"La Voce del Paese","description":"Un network di idee","publisher":{"@id":"https:\/\/lavocedelpaese.info\/#organization"},"potentialAction":[{"@type":"SearchAction","target":{"@type":"EntryPoint","urlTemplate":"https:\/\/lavocedelpaese.info\/?s={search_term_string}"},"query-input":{"@type":"PropertyValueSpecification","valueRequired":true,"valueName":"search_term_string"}}],"inLanguage":"it-IT"},{"@type":"Organization","@id":"https:\/\/lavocedelpaese.info\/#organization","name":"La Voce del Paese","url":"https:\/\/lavocedelpaese.info\/","logo":{"@type":"ImageObject","inLanguage":"it-IT","@id":"https:\/\/lavocedelpaese.info\/#\/schema\/logo\/image\/","url":"https:\/\/lavocedelpaese.info\/wp-content\/uploads\/2023\/01\/cropped-logo-150-127.png","contentUrl":"https:\/\/lavocedelpaese.info\/wp-content\/uploads\/2023\/01\/cropped-logo-150-127.png","width":137,"height":119,"caption":"La Voce del Paese"},"image":{"@id":"https:\/\/lavocedelpaese.info\/#\/schema\/logo\/image\/"},"sameAs":["https:\/\/www.facebook.com\/lavocedelpaese.info"]}]}},"_links":{"self":[{"href":"https:\/\/lavocedelpaese.info\/index.php\/wp-json\/wp\/v2\/posts\/997","targetHints":{"allow":["GET"]}}],"collection":[{"href":"https:\/\/lavocedelpaese.info\/index.php\/wp-json\/wp\/v2\/posts"}],"about":[{"href":"https:\/\/lavocedelpaese.info\/index.php\/wp-json\/wp\/v2\/types\/post"}],"replies":[{"embeddable":true,"href":"https:\/\/lavocedelpaese.info\/index.php\/wp-json\/wp\/v2\/comments?post=997"}],"version-history":[{"count":0,"href":"https:\/\/lavocedelpaese.info\/index.php\/wp-json\/wp\/v2\/posts\/997\/revisions"}],"wp:attachment":[{"href":"https:\/\/lavocedelpaese.info\/index.php\/wp-json\/wp\/v2\/media?parent=997"}],"wp:term":[{"taxonomy":"category","embeddable":true,"href":"https:\/\/lavocedelpaese.info\/index.php\/wp-json\/wp\/v2\/categories?post=997"},{"taxonomy":"post_tag","embeddable":true,"href":"https:\/\/lavocedelpaese.info\/index.php\/wp-json\/wp\/v2\/tags?post=997"}],"curies":[{"name":"wp","href":"https:\/\/api.w.org\/{rel}","templated":true}]}}