{"id":9961,"date":"2025-09-24T07:14:49","date_gmt":"2025-09-24T07:14:49","guid":{"rendered":"https:\/\/lavocedelpaese.info\/index.php\/2025\/09\/24\/la-soluzione-della-bibbia-alla-guerra-al-via-la-campagna-mondiale-dei-testimoni-di-geova\/"},"modified":"2025-09-24T15:54:16","modified_gmt":"2025-09-24T15:54:16","slug":"la-soluzione-della-bibbia-alla-guerra-al-via-la-campagna-mondiale-dei-testimoni-di-geova","status":"publish","type":"post","link":"https:\/\/lavocedelpaese.info\/index.php\/2025\/09\/24\/la-soluzione-della-bibbia-alla-guerra-al-via-la-campagna-mondiale-dei-testimoni-di-geova\/","title":{"rendered":"La soluzione della Bibbia alla guerra: al via la campagna mondiale dei Testimoni di Geova\u00a0\u200b"},"content":{"rendered":"\n<p>Le voci di soldati e civili si elevano con forza sopra la pagina stampata: \u201cQuando vedi sparare a qualcuno, quella scena ti rimane sempre davanti agli occhi. Continui a sentire le urla e i lamenti. Quella persona non te la dimentichi pi\u00f9\u201d, ha affermato Zafirah, una soldatessa degli Stati Uniti.<\/p>\n<p>\u00a0\u201cPensavo che non avrei mai pi\u00f9 potuto essere felice. Hai paura di morire, ma hai ancora pi\u00f9 paura che a morire siano i tuoi familiari e i tuoi amici\u201d, ha detto Oleksandra, una civile dell\u2019Ucraina.<\/p>\n<p>Queste testimonianze toccanti si trovano nell\u2019articolo di apertura della rivista <a href=\"https:\/\/www.jw.org\/it\/biblioteca-digitale\/riviste\/torre-di-guardia-n1-2025\/\"><em>La Torre di Guardia<\/em> n\u00b0 1 del 2025<\/a>, dal titolo \u201cLa fine di tutte le guerre: Come?\u201d<\/p>\n<p>In un contesto globale segnato da conflitti devastanti come la guerra tra Russia e Ucraina, il conflitto israelo-palestinese e la guerra civile in Sudan, gli oltre nove milioni di Testimoni di Geova in tutto il mondo sono impegnati a settembre in una campagna mondiale durante la quale distribuiranno questa rivista che spiega come molti hanno trovato la pace.<\/p>\n<p>In particolare, la rivista presenta la soluzione biblica per porre fine a tutte le guerre.<\/p>\n<p>\u201cViviamo in un\u2019epoca in cui i conflitti violenti e le guerre su larga scala sono in costante aumento. Con questa rivista vogliamo offrire un messaggio di speranza non solo ai milioni di persone che soffrono a causa della violenza provocata dalla guerra, ma anche a tutti coloro che desiderano ardentemente la pace\u201d, ha dichiarato Giuseppe Carbonara, portavoce dei Testimoni di Geova per Puglia e Basilicata.<\/p>\n<p>La rivista tratta argomenti come:<\/p>\n<ul class=\"wp-block-list\">\n<li>Perch\u00e9 continuano a esserci le guerre<\/li>\n<li>Le guerre finiranno: come?<\/li>\n<li>Come provare pace nonostante le ferite della guerra<\/li>\n<\/ul>\n<p>Con un messaggio rassicurante, la rivista d\u00e0 una risposta concreta a chi si chiede se arriver\u00e0 mai il giorno in cui non ci saranno pi\u00f9 le guerre.<\/p>\n<p>\u201cLa soluzione si ispira a una semplice ma potente affermazione di Ges\u00f9 contenuta nella nota preghiera del Padre Nostro, e colpir\u00e0 in modo particolare chi attende da tempo un cambiamento concreto da parte dei governi\u201d, ha detto Carbonara.<\/p>\n<p>Durante la campagna, che durer\u00e0 un mese, i Testimoni inviteranno anche i membri della comunit\u00e0 ad assistere a un discorso speciale che ha lo stesso tema della rivista. Il discorso, della durata di 30 minuti, \u00e8 aperto al pubblico e sar\u00e0 presentato in tutto il mondo nel corso dell\u2019ultimo weekend del mese nei loro luoghi di culto chiamati Sale del Regno. Come per tutti gli eventi organizzati dai Testimoni di Geova, anche in questo caso non vengono raccolte offerte.<\/p>\n<p>\u201cInvitiamo tutti a partecipare\u201d, ha detto Carbonara. \u201cPer molti, ci\u00f2 che ascolteranno non sar\u00e0 solo confortante, ma potr\u00e0 anche cambiare la loro vita.\u201d<\/p>\n<p><strong>DETTAGLI IN BREVE<\/strong><\/p>\n<p>Per trovare una Sala del Regno vicino a te dove assistere al discorso speciale dal titolo \u201cLa fine di tutte le guerre: come?\u201d visita <a href=\"https:\/\/www.jw.org\/it\/testimoni-di-geova\/adunanze-riunioni\/\">jw.org &gt; Chi siamo &gt; Adunanze<\/a><\/p>\n<p><a href=\"https:\/\/www.jw.org\/it\/biblioteca-digitale\/riviste\/torre-di-guardia-n1-2025\/\"><em>La Torre di Guardia<\/em> n\u00b0 1 del 2025<\/a>, \u201cLa fine di tutte le guerre: Come?\u201d, \u00e8 anche disponibile per il download digitale su jw.org.<\/p>\n<p>Tutti i contenuti su <a href=\"https:\/\/www.jw.org\/it\/\">jw.org<\/a> sono accessibili gratuitamente e non \u00e8 richiesta alcuna registrazione.<\/p>\n<p><a class=\"a2a_button_facebook\" href=\"https:\/\/www.addtoany.com\/add_to\/facebook?linkurl=https%3A%2F%2Fcassano.lavocedelpaese.info%2Fla-soluzione-della-bibbia-alla-guerra-al-via-la-campagna-mondiale-dei-testimoni-di-geova%2F&amp;linkname=La%20soluzione%20della%20Bibbia%20alla%20guerra%3A%20al%20via%20la%20campagna%20mondiale%20dei%20Testimoni%20di%20Geova\" title=\"Facebook\" rel=\"nofollow noopener\" target=\"_blank\"><\/a><a class=\"a2a_button_twitter\" href=\"https:\/\/www.addtoany.com\/add_to\/twitter?linkurl=https%3A%2F%2Fcassano.lavocedelpaese.info%2Fla-soluzione-della-bibbia-alla-guerra-al-via-la-campagna-mondiale-dei-testimoni-di-geova%2F&amp;linkname=La%20soluzione%20della%20Bibbia%20alla%20guerra%3A%20al%20via%20la%20campagna%20mondiale%20dei%20Testimoni%20di%20Geova\" title=\"Twitter\" rel=\"nofollow noopener\" target=\"_blank\"><\/a><a class=\"a2a_button_whatsapp\" href=\"https:\/\/www.addtoany.com\/add_to\/whatsapp?linkurl=https%3A%2F%2Fcassano.lavocedelpaese.info%2Fla-soluzione-della-bibbia-alla-guerra-al-via-la-campagna-mondiale-dei-testimoni-di-geova%2F&amp;linkname=La%20soluzione%20della%20Bibbia%20alla%20guerra%3A%20al%20via%20la%20campagna%20mondiale%20dei%20Testimoni%20di%20Geova\" title=\"WhatsApp\" rel=\"nofollow noopener\" target=\"_blank\"><\/a><a class=\"a2a_button_telegram\" href=\"https:\/\/www.addtoany.com\/add_to\/telegram?linkurl=https%3A%2F%2Fcassano.lavocedelpaese.info%2Fla-soluzione-della-bibbia-alla-guerra-al-via-la-campagna-mondiale-dei-testimoni-di-geova%2F&amp;linkname=La%20soluzione%20della%20Bibbia%20alla%20guerra%3A%20al%20via%20la%20campagna%20mondiale%20dei%20Testimoni%20di%20Geova\" title=\"Telegram\" rel=\"nofollow noopener\" target=\"_blank\"><\/a><a class=\"a2a_button_email\" href=\"https:\/\/www.addtoany.com\/add_to\/email?linkurl=https%3A%2F%2Fcassano.lavocedelpaese.info%2Fla-soluzione-della-bibbia-alla-guerra-al-via-la-campagna-mondiale-dei-testimoni-di-geova%2F&amp;linkname=La%20soluzione%20della%20Bibbia%20alla%20guerra%3A%20al%20via%20la%20campagna%20mondiale%20dei%20Testimoni%20di%20Geova\" title=\"Email\" rel=\"nofollow noopener\" target=\"_blank\"><\/a><\/p>\n<p>\u00a0<\/p>\n<p>\u00a0<\/p>\n<p>\u200b\u00a0\u00a0\u00a0<\/p>\n","protected":false},"excerpt":{"rendered":"<p>Le voci di soldati e civili si elevano con forza sopra la pagina stampata: \u201cQuando vedi sparare a qualcuno, quella<\/p>\n","protected":false},"author":6,"featured_media":9970,"comment_status":"open","ping_status":"closed","sticky":false,"template":"","format":"standard","meta":{"colormag_page_container_layout":"default_layout","colormag_page_sidebar_layout":"default_layout","footnotes":""},"categories":[33],"tags":[],"class_list":["post-9961","post","type-post","status-publish","format-standard","has-post-thumbnail","hentry","category-network"],"yoast_head":"<!-- This site is optimized with the Yoast SEO plugin v27.5 - https:\/\/yoast.com\/product\/yoast-seo-wordpress\/ -->\n<title>La soluzione della Bibbia alla guerra: al via la campagna mondiale dei Testimoni di Geova\u00a0\u200b - La Voce del Paese<\/title>\n<meta name=\"robots\" content=\"index, follow, max-snippet:-1, max-image-preview:large, max-video-preview:-1\" \/>\n<link rel=\"canonical\" href=\"https:\/\/lavocedelpaese.info\/index.php\/2025\/09\/24\/la-soluzione-della-bibbia-alla-guerra-al-via-la-campagna-mondiale-dei-testimoni-di-geova\/\" \/>\n<meta property=\"og:locale\" content=\"it_IT\" \/>\n<meta property=\"og:type\" content=\"article\" \/>\n<meta property=\"og:title\" content=\"La soluzione della Bibbia alla guerra: al via la campagna mondiale dei Testimoni di Geova\u00a0\u200b - La Voce del Paese\" \/>\n<meta property=\"og:description\" content=\"Le voci di soldati e civili si elevano con forza sopra la pagina stampata: \u201cQuando vedi sparare a qualcuno, quella\" \/>\n<meta property=\"og:url\" content=\"https:\/\/lavocedelpaese.info\/index.php\/2025\/09\/24\/la-soluzione-della-bibbia-alla-guerra-al-via-la-campagna-mondiale-dei-testimoni-di-geova\/\" \/>\n<meta property=\"og:site_name\" content=\"La Voce del Paese\" \/>\n<meta property=\"article:publisher\" content=\"https:\/\/www.facebook.com\/lavocedelpaese.info\" \/>\n<meta property=\"article:published_time\" content=\"2025-09-24T07:14:49+00:00\" \/>\n<meta property=\"article:modified_time\" content=\"2025-09-24T15:54:16+00:00\" \/>\n<meta property=\"og:image\" content=\"https:\/\/lavocedelpaese.info\/wp-content\/uploads\/2025\/09\/Foto-2-con-copyright-1.webp\" \/>\n\t<meta property=\"og:image:width\" content=\"1000\" \/>\n\t<meta property=\"og:image:height\" content=\"668\" \/>\n\t<meta property=\"og:image:type\" content=\"image\/webp\" \/>\n<meta name=\"author\" content=\"admin\" \/>\n<meta name=\"twitter:card\" content=\"summary_large_image\" \/>\n<meta name=\"twitter:label1\" content=\"Scritto da\" \/>\n\t<meta name=\"twitter:data1\" content=\"admin\" \/>\n\t<meta name=\"twitter:label2\" content=\"Tempo di lettura stimato\" \/>\n\t<meta name=\"twitter:data2\" content=\"3 minuti\" \/>\n<script type=\"application\/ld+json\" class=\"yoast-schema-graph\">{\"@context\":\"https:\\\/\\\/schema.org\",\"@graph\":[{\"@type\":\"Article\",\"@id\":\"https:\\\/\\\/lavocedelpaese.info\\\/index.php\\\/2025\\\/09\\\/24\\\/la-soluzione-della-bibbia-alla-guerra-al-via-la-campagna-mondiale-dei-testimoni-di-geova\\\/#article\",\"isPartOf\":{\"@id\":\"https:\\\/\\\/lavocedelpaese.info\\\/index.php\\\/2025\\\/09\\\/24\\\/la-soluzione-della-bibbia-alla-guerra-al-via-la-campagna-mondiale-dei-testimoni-di-geova\\\/\"},\"author\":{\"name\":\"admin\",\"@id\":\"https:\\\/\\\/lavocedelpaese.info\\\/#\\\/schema\\\/person\\\/ec151d321306bd7591f7a061abf72d88\"},\"headline\":\"La soluzione della Bibbia alla guerra: al via la campagna mondiale dei Testimoni di Geova\u00a0\u200b\",\"datePublished\":\"2025-09-24T07:14:49+00:00\",\"dateModified\":\"2025-09-24T15:54:16+00:00\",\"mainEntityOfPage\":{\"@id\":\"https:\\\/\\\/lavocedelpaese.info\\\/index.php\\\/2025\\\/09\\\/24\\\/la-soluzione-della-bibbia-alla-guerra-al-via-la-campagna-mondiale-dei-testimoni-di-geova\\\/\"},\"wordCount\":525,\"commentCount\":0,\"publisher\":{\"@id\":\"https:\\\/\\\/lavocedelpaese.info\\\/#organization\"},\"image\":{\"@id\":\"https:\\\/\\\/lavocedelpaese.info\\\/index.php\\\/2025\\\/09\\\/24\\\/la-soluzione-della-bibbia-alla-guerra-al-via-la-campagna-mondiale-dei-testimoni-di-geova\\\/#primaryimage\"},\"thumbnailUrl\":\"https:\\\/\\\/lavocedelpaese.info\\\/wp-content\\\/uploads\\\/2025\\\/09\\\/Foto-2-con-copyright-1.webp\",\"articleSection\":[\"network\"],\"inLanguage\":\"it-IT\",\"potentialAction\":[{\"@type\":\"CommentAction\",\"name\":\"Comment\",\"target\":[\"https:\\\/\\\/lavocedelpaese.info\\\/index.php\\\/2025\\\/09\\\/24\\\/la-soluzione-della-bibbia-alla-guerra-al-via-la-campagna-mondiale-dei-testimoni-di-geova\\\/#respond\"]}]},{\"@type\":\"WebPage\",\"@id\":\"https:\\\/\\\/lavocedelpaese.info\\\/index.php\\\/2025\\\/09\\\/24\\\/la-soluzione-della-bibbia-alla-guerra-al-via-la-campagna-mondiale-dei-testimoni-di-geova\\\/\",\"url\":\"https:\\\/\\\/lavocedelpaese.info\\\/index.php\\\/2025\\\/09\\\/24\\\/la-soluzione-della-bibbia-alla-guerra-al-via-la-campagna-mondiale-dei-testimoni-di-geova\\\/\",\"name\":\"La soluzione della Bibbia alla guerra: al via la campagna mondiale dei Testimoni di Geova\u00a0\u200b - La Voce del Paese\",\"isPartOf\":{\"@id\":\"https:\\\/\\\/lavocedelpaese.info\\\/#website\"},\"primaryImageOfPage\":{\"@id\":\"https:\\\/\\\/lavocedelpaese.info\\\/index.php\\\/2025\\\/09\\\/24\\\/la-soluzione-della-bibbia-alla-guerra-al-via-la-campagna-mondiale-dei-testimoni-di-geova\\\/#primaryimage\"},\"image\":{\"@id\":\"https:\\\/\\\/lavocedelpaese.info\\\/index.php\\\/2025\\\/09\\\/24\\\/la-soluzione-della-bibbia-alla-guerra-al-via-la-campagna-mondiale-dei-testimoni-di-geova\\\/#primaryimage\"},\"thumbnailUrl\":\"https:\\\/\\\/lavocedelpaese.info\\\/wp-content\\\/uploads\\\/2025\\\/09\\\/Foto-2-con-copyright-1.webp\",\"datePublished\":\"2025-09-24T07:14:49+00:00\",\"dateModified\":\"2025-09-24T15:54:16+00:00\",\"breadcrumb\":{\"@id\":\"https:\\\/\\\/lavocedelpaese.info\\\/index.php\\\/2025\\\/09\\\/24\\\/la-soluzione-della-bibbia-alla-guerra-al-via-la-campagna-mondiale-dei-testimoni-di-geova\\\/#breadcrumb\"},\"inLanguage\":\"it-IT\",\"potentialAction\":[{\"@type\":\"ReadAction\",\"target\":[\"https:\\\/\\\/lavocedelpaese.info\\\/index.php\\\/2025\\\/09\\\/24\\\/la-soluzione-della-bibbia-alla-guerra-al-via-la-campagna-mondiale-dei-testimoni-di-geova\\\/\"]}]},{\"@type\":\"ImageObject\",\"inLanguage\":\"it-IT\",\"@id\":\"https:\\\/\\\/lavocedelpaese.info\\\/index.php\\\/2025\\\/09\\\/24\\\/la-soluzione-della-bibbia-alla-guerra-al-via-la-campagna-mondiale-dei-testimoni-di-geova\\\/#primaryimage\",\"url\":\"https:\\\/\\\/lavocedelpaese.info\\\/wp-content\\\/uploads\\\/2025\\\/09\\\/Foto-2-con-copyright-1.webp\",\"contentUrl\":\"https:\\\/\\\/lavocedelpaese.info\\\/wp-content\\\/uploads\\\/2025\\\/09\\\/Foto-2-con-copyright-1.webp\",\"width\":1000,\"height\":668},{\"@type\":\"BreadcrumbList\",\"@id\":\"https:\\\/\\\/lavocedelpaese.info\\\/index.php\\\/2025\\\/09\\\/24\\\/la-soluzione-della-bibbia-alla-guerra-al-via-la-campagna-mondiale-dei-testimoni-di-geova\\\/#breadcrumb\",\"itemListElement\":[{\"@type\":\"ListItem\",\"position\":1,\"name\":\"Home\",\"item\":\"https:\\\/\\\/lavocedelpaese.info\\\/\"},{\"@type\":\"ListItem\",\"position\":2,\"name\":\"La soluzione della Bibbia alla guerra: al via la campagna mondiale dei Testimoni di Geova\u00a0\u200b\"}]},{\"@type\":\"WebSite\",\"@id\":\"https:\\\/\\\/lavocedelpaese.info\\\/#website\",\"url\":\"https:\\\/\\\/lavocedelpaese.info\\\/\",\"name\":\"La Voce del Paese\",\"description\":\"Un network di idee\",\"publisher\":{\"@id\":\"https:\\\/\\\/lavocedelpaese.info\\\/#organization\"},\"potentialAction\":[{\"@type\":\"SearchAction\",\"target\":{\"@type\":\"EntryPoint\",\"urlTemplate\":\"https:\\\/\\\/lavocedelpaese.info\\\/?s={search_term_string}\"},\"query-input\":{\"@type\":\"PropertyValueSpecification\",\"valueRequired\":true,\"valueName\":\"search_term_string\"}}],\"inLanguage\":\"it-IT\"},{\"@type\":\"Organization\",\"@id\":\"https:\\\/\\\/lavocedelpaese.info\\\/#organization\",\"name\":\"La Voce del Paese\",\"url\":\"https:\\\/\\\/lavocedelpaese.info\\\/\",\"logo\":{\"@type\":\"ImageObject\",\"inLanguage\":\"it-IT\",\"@id\":\"https:\\\/\\\/lavocedelpaese.info\\\/#\\\/schema\\\/logo\\\/image\\\/\",\"url\":\"https:\\\/\\\/lavocedelpaese.info\\\/wp-content\\\/uploads\\\/2023\\\/01\\\/cropped-logo-150-127.png\",\"contentUrl\":\"https:\\\/\\\/lavocedelpaese.info\\\/wp-content\\\/uploads\\\/2023\\\/01\\\/cropped-logo-150-127.png\",\"width\":137,\"height\":119,\"caption\":\"La Voce del Paese\"},\"image\":{\"@id\":\"https:\\\/\\\/lavocedelpaese.info\\\/#\\\/schema\\\/logo\\\/image\\\/\"},\"sameAs\":[\"https:\\\/\\\/www.facebook.com\\\/lavocedelpaese.info\"]},{\"@type\":\"Person\",\"@id\":\"https:\\\/\\\/lavocedelpaese.info\\\/#\\\/schema\\\/person\\\/ec151d321306bd7591f7a061abf72d88\",\"name\":\"admin\",\"image\":{\"@type\":\"ImageObject\",\"inLanguage\":\"it-IT\",\"@id\":\"https:\\\/\\\/secure.gravatar.com\\\/avatar\\\/af8f2caf0663124588de48a9380e07cbc95a74ef15b8062d0d39106c32fe3023?s=96&d=mm&r=g\",\"url\":\"https:\\\/\\\/secure.gravatar.com\\\/avatar\\\/af8f2caf0663124588de48a9380e07cbc95a74ef15b8062d0d39106c32fe3023?s=96&d=mm&r=g\",\"contentUrl\":\"https:\\\/\\\/secure.gravatar.com\\\/avatar\\\/af8f2caf0663124588de48a9380e07cbc95a74ef15b8062d0d39106c32fe3023?s=96&d=mm&r=g\",\"caption\":\"admin\"},\"sameAs\":[\"https:\\\/\\\/lavocedelpaese.info\"],\"url\":\"https:\\\/\\\/lavocedelpaese.info\\\/index.php\\\/author\\\/admin\\\/\"}]}<\/script>\n<!-- \/ Yoast SEO plugin. -->","yoast_head_json":{"title":"La soluzione della Bibbia alla guerra: al via la campagna mondiale dei Testimoni di Geova\u00a0\u200b - La Voce del Paese","robots":{"index":"index","follow":"follow","max-snippet":"max-snippet:-1","max-image-preview":"max-image-preview:large","max-video-preview":"max-video-preview:-1"},"canonical":"https:\/\/lavocedelpaese.info\/index.php\/2025\/09\/24\/la-soluzione-della-bibbia-alla-guerra-al-via-la-campagna-mondiale-dei-testimoni-di-geova\/","og_locale":"it_IT","og_type":"article","og_title":"La soluzione della Bibbia alla guerra: al via la campagna mondiale dei Testimoni di Geova\u00a0\u200b - La Voce del Paese","og_description":"Le voci di soldati e civili si elevano con forza sopra la pagina stampata: \u201cQuando vedi sparare a qualcuno, quella","og_url":"https:\/\/lavocedelpaese.info\/index.php\/2025\/09\/24\/la-soluzione-della-bibbia-alla-guerra-al-via-la-campagna-mondiale-dei-testimoni-di-geova\/","og_site_name":"La Voce del Paese","article_publisher":"https:\/\/www.facebook.com\/lavocedelpaese.info","article_published_time":"2025-09-24T07:14:49+00:00","article_modified_time":"2025-09-24T15:54:16+00:00","og_image":[{"width":1000,"height":668,"url":"https:\/\/lavocedelpaese.info\/wp-content\/uploads\/2025\/09\/Foto-2-con-copyright-1.webp","type":"image\/webp"}],"author":"admin","twitter_card":"summary_large_image","twitter_misc":{"Scritto da":"admin","Tempo di lettura stimato":"3 minuti"},"schema":{"@context":"https:\/\/schema.org","@graph":[{"@type":"Article","@id":"https:\/\/lavocedelpaese.info\/index.php\/2025\/09\/24\/la-soluzione-della-bibbia-alla-guerra-al-via-la-campagna-mondiale-dei-testimoni-di-geova\/#article","isPartOf":{"@id":"https:\/\/lavocedelpaese.info\/index.php\/2025\/09\/24\/la-soluzione-della-bibbia-alla-guerra-al-via-la-campagna-mondiale-dei-testimoni-di-geova\/"},"author":{"name":"admin","@id":"https:\/\/lavocedelpaese.info\/#\/schema\/person\/ec151d321306bd7591f7a061abf72d88"},"headline":"La soluzione della Bibbia alla guerra: al via la campagna mondiale dei Testimoni di Geova\u00a0\u200b","datePublished":"2025-09-24T07:14:49+00:00","dateModified":"2025-09-24T15:54:16+00:00","mainEntityOfPage":{"@id":"https:\/\/lavocedelpaese.info\/index.php\/2025\/09\/24\/la-soluzione-della-bibbia-alla-guerra-al-via-la-campagna-mondiale-dei-testimoni-di-geova\/"},"wordCount":525,"commentCount":0,"publisher":{"@id":"https:\/\/lavocedelpaese.info\/#organization"},"image":{"@id":"https:\/\/lavocedelpaese.info\/index.php\/2025\/09\/24\/la-soluzione-della-bibbia-alla-guerra-al-via-la-campagna-mondiale-dei-testimoni-di-geova\/#primaryimage"},"thumbnailUrl":"https:\/\/lavocedelpaese.info\/wp-content\/uploads\/2025\/09\/Foto-2-con-copyright-1.webp","articleSection":["network"],"inLanguage":"it-IT","potentialAction":[{"@type":"CommentAction","name":"Comment","target":["https:\/\/lavocedelpaese.info\/index.php\/2025\/09\/24\/la-soluzione-della-bibbia-alla-guerra-al-via-la-campagna-mondiale-dei-testimoni-di-geova\/#respond"]}]},{"@type":"WebPage","@id":"https:\/\/lavocedelpaese.info\/index.php\/2025\/09\/24\/la-soluzione-della-bibbia-alla-guerra-al-via-la-campagna-mondiale-dei-testimoni-di-geova\/","url":"https:\/\/lavocedelpaese.info\/index.php\/2025\/09\/24\/la-soluzione-della-bibbia-alla-guerra-al-via-la-campagna-mondiale-dei-testimoni-di-geova\/","name":"La soluzione della Bibbia alla guerra: al via la campagna mondiale dei Testimoni di Geova\u00a0\u200b - La Voce del Paese","isPartOf":{"@id":"https:\/\/lavocedelpaese.info\/#website"},"primaryImageOfPage":{"@id":"https:\/\/lavocedelpaese.info\/index.php\/2025\/09\/24\/la-soluzione-della-bibbia-alla-guerra-al-via-la-campagna-mondiale-dei-testimoni-di-geova\/#primaryimage"},"image":{"@id":"https:\/\/lavocedelpaese.info\/index.php\/2025\/09\/24\/la-soluzione-della-bibbia-alla-guerra-al-via-la-campagna-mondiale-dei-testimoni-di-geova\/#primaryimage"},"thumbnailUrl":"https:\/\/lavocedelpaese.info\/wp-content\/uploads\/2025\/09\/Foto-2-con-copyright-1.webp","datePublished":"2025-09-24T07:14:49+00:00","dateModified":"2025-09-24T15:54:16+00:00","breadcrumb":{"@id":"https:\/\/lavocedelpaese.info\/index.php\/2025\/09\/24\/la-soluzione-della-bibbia-alla-guerra-al-via-la-campagna-mondiale-dei-testimoni-di-geova\/#breadcrumb"},"inLanguage":"it-IT","potentialAction":[{"@type":"ReadAction","target":["https:\/\/lavocedelpaese.info\/index.php\/2025\/09\/24\/la-soluzione-della-bibbia-alla-guerra-al-via-la-campagna-mondiale-dei-testimoni-di-geova\/"]}]},{"@type":"ImageObject","inLanguage":"it-IT","@id":"https:\/\/lavocedelpaese.info\/index.php\/2025\/09\/24\/la-soluzione-della-bibbia-alla-guerra-al-via-la-campagna-mondiale-dei-testimoni-di-geova\/#primaryimage","url":"https:\/\/lavocedelpaese.info\/wp-content\/uploads\/2025\/09\/Foto-2-con-copyright-1.webp","contentUrl":"https:\/\/lavocedelpaese.info\/wp-content\/uploads\/2025\/09\/Foto-2-con-copyright-1.webp","width":1000,"height":668},{"@type":"BreadcrumbList","@id":"https:\/\/lavocedelpaese.info\/index.php\/2025\/09\/24\/la-soluzione-della-bibbia-alla-guerra-al-via-la-campagna-mondiale-dei-testimoni-di-geova\/#breadcrumb","itemListElement":[{"@type":"ListItem","position":1,"name":"Home","item":"https:\/\/lavocedelpaese.info\/"},{"@type":"ListItem","position":2,"name":"La soluzione della Bibbia alla guerra: al via la campagna mondiale dei Testimoni di Geova\u00a0\u200b"}]},{"@type":"WebSite","@id":"https:\/\/lavocedelpaese.info\/#website","url":"https:\/\/lavocedelpaese.info\/","name":"La Voce del Paese","description":"Un network di idee","publisher":{"@id":"https:\/\/lavocedelpaese.info\/#organization"},"potentialAction":[{"@type":"SearchAction","target":{"@type":"EntryPoint","urlTemplate":"https:\/\/lavocedelpaese.info\/?s={search_term_string}"},"query-input":{"@type":"PropertyValueSpecification","valueRequired":true,"valueName":"search_term_string"}}],"inLanguage":"it-IT"},{"@type":"Organization","@id":"https:\/\/lavocedelpaese.info\/#organization","name":"La Voce del Paese","url":"https:\/\/lavocedelpaese.info\/","logo":{"@type":"ImageObject","inLanguage":"it-IT","@id":"https:\/\/lavocedelpaese.info\/#\/schema\/logo\/image\/","url":"https:\/\/lavocedelpaese.info\/wp-content\/uploads\/2023\/01\/cropped-logo-150-127.png","contentUrl":"https:\/\/lavocedelpaese.info\/wp-content\/uploads\/2023\/01\/cropped-logo-150-127.png","width":137,"height":119,"caption":"La Voce del Paese"},"image":{"@id":"https:\/\/lavocedelpaese.info\/#\/schema\/logo\/image\/"},"sameAs":["https:\/\/www.facebook.com\/lavocedelpaese.info"]},{"@type":"Person","@id":"https:\/\/lavocedelpaese.info\/#\/schema\/person\/ec151d321306bd7591f7a061abf72d88","name":"admin","image":{"@type":"ImageObject","inLanguage":"it-IT","@id":"https:\/\/secure.gravatar.com\/avatar\/af8f2caf0663124588de48a9380e07cbc95a74ef15b8062d0d39106c32fe3023?s=96&d=mm&r=g","url":"https:\/\/secure.gravatar.com\/avatar\/af8f2caf0663124588de48a9380e07cbc95a74ef15b8062d0d39106c32fe3023?s=96&d=mm&r=g","contentUrl":"https:\/\/secure.gravatar.com\/avatar\/af8f2caf0663124588de48a9380e07cbc95a74ef15b8062d0d39106c32fe3023?s=96&d=mm&r=g","caption":"admin"},"sameAs":["https:\/\/lavocedelpaese.info"],"url":"https:\/\/lavocedelpaese.info\/index.php\/author\/admin\/"}]}},"_links":{"self":[{"href":"https:\/\/lavocedelpaese.info\/index.php\/wp-json\/wp\/v2\/posts\/9961","targetHints":{"allow":["GET"]}}],"collection":[{"href":"https:\/\/lavocedelpaese.info\/index.php\/wp-json\/wp\/v2\/posts"}],"about":[{"href":"https:\/\/lavocedelpaese.info\/index.php\/wp-json\/wp\/v2\/types\/post"}],"author":[{"embeddable":true,"href":"https:\/\/lavocedelpaese.info\/index.php\/wp-json\/wp\/v2\/users\/6"}],"replies":[{"embeddable":true,"href":"https:\/\/lavocedelpaese.info\/index.php\/wp-json\/wp\/v2\/comments?post=9961"}],"version-history":[{"count":1,"href":"https:\/\/lavocedelpaese.info\/index.php\/wp-json\/wp\/v2\/posts\/9961\/revisions"}],"predecessor-version":[{"id":9971,"href":"https:\/\/lavocedelpaese.info\/index.php\/wp-json\/wp\/v2\/posts\/9961\/revisions\/9971"}],"wp:featuredmedia":[{"embeddable":true,"href":"https:\/\/lavocedelpaese.info\/index.php\/wp-json\/wp\/v2\/media\/9970"}],"wp:attachment":[{"href":"https:\/\/lavocedelpaese.info\/index.php\/wp-json\/wp\/v2\/media?parent=9961"}],"wp:term":[{"taxonomy":"category","embeddable":true,"href":"https:\/\/lavocedelpaese.info\/index.php\/wp-json\/wp\/v2\/categories?post=9961"},{"taxonomy":"post_tag","embeddable":true,"href":"https:\/\/lavocedelpaese.info\/index.php\/wp-json\/wp\/v2\/tags?post=9961"}],"curies":[{"name":"wp","href":"https:\/\/api.w.org\/{rel}","templated":true}]}}