{"id":9950,"date":"2025-09-23T15:38:10","date_gmt":"2025-09-23T15:38:10","guid":{"rendered":"https:\/\/lavocedelpaese.info\/?p=9950"},"modified":"2025-09-23T15:38:11","modified_gmt":"2025-09-23T15:38:11","slug":"destinazione-basilicata-il-progetto-digitale-che-promuove-il-territorio-lucano","status":"publish","type":"post","link":"https:\/\/lavocedelpaese.info\/index.php\/2025\/09\/23\/destinazione-basilicata-il-progetto-digitale-che-promuove-il-territorio-lucano\/","title":{"rendered":"Destinazione Basilicata: il progetto digitale che promuove il territorio lucano"},"content":{"rendered":"\n<h4 class=\"wp-block-heading\"><em>Una piattaforma innovativa e una struttura di supporto dedicata nascono per dare voce, visibilit\u00e0 e mercato all&#8217;intera filiera economica regionale, dal turismo all&#8217;artigianato.<\/em><\/h4>\n\n\n\n<p><strong>POLICORO, 23 settembre 2025<\/strong> \u2013 Unire le eccellenze, innovare la promozione e costruire un futuro competitivo per il territorio. Con questa chiara visione strategica, un gruppo di 75 soci, tra professionisti e imprenditori lucani, ha dato vita a &#8220;Destinazione Basilicata&#8221;. Si tratta di un <strong>progetto ambizioso e concreto<\/strong>, nato per valorizzare l&#8217;intero brand &#8220;Made in Basilicata&#8221; sui mercati nazionali e internazionali.<\/p>\n\n\n\n<p>Il cuore dell&#8217;iniziativa \u00e8 una piattaforma digitale di nuova generazione, progettata non come una semplice vetrina, ma come un vero e proprio <strong>hub operativo<\/strong>. L&#8217;obiettivo \u00e8 fornire voce, visibilit\u00e0 e opportunit\u00e0 commerciali a tutti gli attori dell&#8217;economia regionale: strutture ricettive, ristoratori, produttori, artigiani, organizzatori di eventi e fornitori di servizi.<\/p>\n\n\n\n<p>Ci\u00f2 che differenzia &#8220;Destinazione Basilicata&#8221; \u00e8 la sua solida struttura organizzativa. Il progetto mette a disposizione degli operatori aderenti un&#8217;organizzazione che offre <strong>assistenza continua<\/strong>, <strong>aggiornamento professionale e supporto strategico<\/strong>. Un team dedicato alla comunicazione, al content management e alla commercializzazione lavora per garantire coerenza d&#8217;immagine, qualit\u00e0 dell&#8217;offerta e il raggiungimento di risultati misurabili, agendo come un vero partner per la crescita delle imprese locali.<\/p>\n\n\n\n<p>\u00abCrediamo nella Basilicata e nella sua capacit\u00e0 di essere attrattiva, moderna e connessa\u00bb, dichiarano i fondatori del progetto. \u00abPer questo abbiamo creato &#8220;Destinazione Basilicata&#8221;: non solo una piattaforma, ma un insieme di strumenti e competenze al servizio degli operatori locali per aiutarli a crescere, a collaborare e a raccontare al meglio la propria identit\u00e0\u00bb.<\/p>\n\n\n\n<p><strong>La DestCard: lo strumento per connettere offerta e domanda<\/strong><\/p>\n\n\n\n<p>Per rendere tangibile e immediata la connessione tra le eccellenze del territorio e il pubblico, il progetto ha lanciato la <strong>Dest Card<\/strong>. Questa carta digitale, acquistabile al costo di 10 euro e valida un anno, funziona come una chiave d&#8217;accesso all&#8217;offerta regionale, consentendo a turisti e residenti di usufruire di sconti, promozioni ed esperienze esclusive. Gestibile interamente da smartphone tramite QR code, la card non \u00e8 solo un vantaggio per l&#8217;utente, ma un potente motore per l&#8217;economia locale: stimola la scoperta, incentiva la spesa e favorisce la conoscenza di realt\u00e0 spesso al di fuori dei circuiti pi\u00f9 battuti, promuovendo un turismo pi\u00f9 sostenibile e diffuso.<\/p>\n\n\n\n<p>La visione di &#8220;Destinazione Basilicata&#8221; ha gi\u00e0 convinto numerose aziende di primo piano del settore turistico, che per prime hanno aderito alla rete, diventando ambasciatrici del progetto. Tra queste figurano: <strong>Danaide Resort<\/strong> (Scanzano Jonico), <strong>Alessidamo Club<\/strong> (Metaponto), <strong>Akiris Resort<\/strong> (Nova Siri), <strong>Castroboleto Village<\/strong> (Nova Siri), <strong>Sira Resort<\/strong> (Nova Siri), <strong>CPV Policoro Village<\/strong> (Policoro), <strong>Toccacielo Village<\/strong> (Nova Siri), <strong>Hotel San Vincenzo Resort<\/strong> (Policoro), <strong>Lido La Stiva<\/strong> (Policoro), <strong>Lido Sporting Beach<\/strong> (Policoro) e <strong>Lido San Basilio<\/strong> (Marina di Pisticci).<\/p>\n\n\n\n<figure class=\"wp-block-image size-full\"><img decoding=\"async\" width=\"748\" height=\"362\" src=\"https:\/\/lavocedelpaese.info\/wp-content\/uploads\/2025\/09\/249_203_FOTO-1.jpg\" alt=\"\" class=\"wp-image-9952\" srcset=\"https:\/\/lavocedelpaese.info\/wp-content\/uploads\/2025\/09\/249_203_FOTO-1.jpg 748w, https:\/\/lavocedelpaese.info\/wp-content\/uploads\/2025\/09\/249_203_FOTO-1-300x145.jpg 300w\" sizes=\"(max-width: 748px) 100vw, 748px\" \/><\/figure>\n\n\n\n<h2 class=\"wp-block-heading\">Informazioni e contatti<\/h2>\n\n\n\n<p>Per maggiori informazioni sul progetto &#8220;Destinazione Basilicata&#8221; e per scoprire le modalit\u00e0 di adesione: <a href=\"https:\/\/www.destinazionebasilicata.com\" target=\"_blank\" rel=\"noreferrer noopener\">www.destinazionebasilicata.com<\/a><\/p>\n\n\n\n<p>Per conoscere e attivare la Dest Card: <a href=\"https:\/\/destcard.destinazionebasilicata.com\/\" target=\"_blank\" rel=\"noreferrer noopener\">destcard.destinazionebasilicata.com<\/a><br>Per info in merito al funzionamento della Dest Card: <a href=\"https:\/\/www.youtube.com\/shorts\/kQCnfSDADU0\" target=\"_blank\" rel=\"noreferrer noopener\">https:\/\/www.youtube.com\/shorts\/kQCnfSDADU0<\/a><\/p>\n\n\n\n<p>Cell: 3773523002<\/p>\n\n\n\n<p>Tel: 0835980147<\/p>\n\n\n\n<p>Email: segreteria@destinazionebasilicata.it<\/p>\n\n\n\n<p><\/p>\n","protected":false},"excerpt":{"rendered":"<p>Una piattaforma innovativa e una struttura di supporto dedicata nascono per dare voce, visibilit\u00e0 e mercato all&#8217;intera filiera economica regionale,<\/p>\n","protected":false},"author":6,"featured_media":9955,"comment_status":"open","ping_status":"closed","sticky":false,"template":"","format":"standard","meta":{"colormag_page_container_layout":"default_layout","colormag_page_sidebar_layout":"default_layout","footnotes":""},"categories":[2],"tags":[],"class_list":["post-9950","post","type-post","status-publish","format-standard","has-post-thumbnail","hentry","category-attualita"],"yoast_head":"<!-- This site is optimized with the Yoast SEO plugin v27.5 - https:\/\/yoast.com\/product\/yoast-seo-wordpress\/ -->\n<title>Destinazione Basilicata: il progetto digitale che promuove il territorio lucano - La Voce del Paese<\/title>\n<meta name=\"robots\" content=\"index, follow, max-snippet:-1, max-image-preview:large, max-video-preview:-1\" \/>\n<link rel=\"canonical\" href=\"https:\/\/lavocedelpaese.info\/index.php\/2025\/09\/23\/destinazione-basilicata-il-progetto-digitale-che-promuove-il-territorio-lucano\/\" \/>\n<meta property=\"og:locale\" content=\"it_IT\" \/>\n<meta property=\"og:type\" content=\"article\" \/>\n<meta property=\"og:title\" content=\"Destinazione Basilicata: il progetto digitale che promuove il territorio lucano - La Voce del Paese\" \/>\n<meta property=\"og:description\" content=\"Una piattaforma innovativa e una struttura di supporto dedicata nascono per dare voce, visibilit\u00e0 e mercato all&#8217;intera filiera economica regionale,\" \/>\n<meta property=\"og:url\" content=\"https:\/\/lavocedelpaese.info\/index.php\/2025\/09\/23\/destinazione-basilicata-il-progetto-digitale-che-promuove-il-territorio-lucano\/\" \/>\n<meta property=\"og:site_name\" content=\"La Voce del Paese\" \/>\n<meta property=\"article:publisher\" content=\"https:\/\/www.facebook.com\/lavocedelpaese.info\" \/>\n<meta property=\"article:published_time\" content=\"2025-09-23T15:38:10+00:00\" \/>\n<meta property=\"article:modified_time\" content=\"2025-09-23T15:38:11+00:00\" \/>\n<meta property=\"og:image\" content=\"https:\/\/lavocedelpaese.info\/wp-content\/uploads\/2025\/09\/destcard.jpg\" \/>\n\t<meta property=\"og:image:width\" content=\"1000\" \/>\n\t<meta property=\"og:image:height\" content=\"577\" \/>\n\t<meta property=\"og:image:type\" content=\"image\/jpeg\" \/>\n<meta name=\"author\" content=\"admin\" \/>\n<meta name=\"twitter:card\" content=\"summary_large_image\" \/>\n<meta name=\"twitter:label1\" content=\"Scritto da\" \/>\n\t<meta name=\"twitter:data1\" content=\"admin\" \/>\n\t<meta name=\"twitter:label2\" content=\"Tempo di lettura stimato\" \/>\n\t<meta name=\"twitter:data2\" content=\"3 minuti\" \/>\n<script type=\"application\/ld+json\" class=\"yoast-schema-graph\">{\"@context\":\"https:\\\/\\\/schema.org\",\"@graph\":[{\"@type\":\"Article\",\"@id\":\"https:\\\/\\\/lavocedelpaese.info\\\/index.php\\\/2025\\\/09\\\/23\\\/destinazione-basilicata-il-progetto-digitale-che-promuove-il-territorio-lucano\\\/#article\",\"isPartOf\":{\"@id\":\"https:\\\/\\\/lavocedelpaese.info\\\/index.php\\\/2025\\\/09\\\/23\\\/destinazione-basilicata-il-progetto-digitale-che-promuove-il-territorio-lucano\\\/\"},\"author\":{\"name\":\"admin\",\"@id\":\"https:\\\/\\\/lavocedelpaese.info\\\/#\\\/schema\\\/person\\\/ec151d321306bd7591f7a061abf72d88\"},\"headline\":\"Destinazione Basilicata: il progetto digitale che promuove il territorio lucano\",\"datePublished\":\"2025-09-23T15:38:10+00:00\",\"dateModified\":\"2025-09-23T15:38:11+00:00\",\"mainEntityOfPage\":{\"@id\":\"https:\\\/\\\/lavocedelpaese.info\\\/index.php\\\/2025\\\/09\\\/23\\\/destinazione-basilicata-il-progetto-digitale-che-promuove-il-territorio-lucano\\\/\"},\"wordCount\":508,\"commentCount\":0,\"publisher\":{\"@id\":\"https:\\\/\\\/lavocedelpaese.info\\\/#organization\"},\"image\":{\"@id\":\"https:\\\/\\\/lavocedelpaese.info\\\/index.php\\\/2025\\\/09\\\/23\\\/destinazione-basilicata-il-progetto-digitale-che-promuove-il-territorio-lucano\\\/#primaryimage\"},\"thumbnailUrl\":\"https:\\\/\\\/lavocedelpaese.info\\\/wp-content\\\/uploads\\\/2025\\\/09\\\/destcard.jpg\",\"articleSection\":[\"Attualit\u00e0\"],\"inLanguage\":\"it-IT\",\"potentialAction\":[{\"@type\":\"CommentAction\",\"name\":\"Comment\",\"target\":[\"https:\\\/\\\/lavocedelpaese.info\\\/index.php\\\/2025\\\/09\\\/23\\\/destinazione-basilicata-il-progetto-digitale-che-promuove-il-territorio-lucano\\\/#respond\"]}]},{\"@type\":\"WebPage\",\"@id\":\"https:\\\/\\\/lavocedelpaese.info\\\/index.php\\\/2025\\\/09\\\/23\\\/destinazione-basilicata-il-progetto-digitale-che-promuove-il-territorio-lucano\\\/\",\"url\":\"https:\\\/\\\/lavocedelpaese.info\\\/index.php\\\/2025\\\/09\\\/23\\\/destinazione-basilicata-il-progetto-digitale-che-promuove-il-territorio-lucano\\\/\",\"name\":\"Destinazione Basilicata: il progetto digitale che promuove il territorio lucano - La Voce del Paese\",\"isPartOf\":{\"@id\":\"https:\\\/\\\/lavocedelpaese.info\\\/#website\"},\"primaryImageOfPage\":{\"@id\":\"https:\\\/\\\/lavocedelpaese.info\\\/index.php\\\/2025\\\/09\\\/23\\\/destinazione-basilicata-il-progetto-digitale-che-promuove-il-territorio-lucano\\\/#primaryimage\"},\"image\":{\"@id\":\"https:\\\/\\\/lavocedelpaese.info\\\/index.php\\\/2025\\\/09\\\/23\\\/destinazione-basilicata-il-progetto-digitale-che-promuove-il-territorio-lucano\\\/#primaryimage\"},\"thumbnailUrl\":\"https:\\\/\\\/lavocedelpaese.info\\\/wp-content\\\/uploads\\\/2025\\\/09\\\/destcard.jpg\",\"datePublished\":\"2025-09-23T15:38:10+00:00\",\"dateModified\":\"2025-09-23T15:38:11+00:00\",\"breadcrumb\":{\"@id\":\"https:\\\/\\\/lavocedelpaese.info\\\/index.php\\\/2025\\\/09\\\/23\\\/destinazione-basilicata-il-progetto-digitale-che-promuove-il-territorio-lucano\\\/#breadcrumb\"},\"inLanguage\":\"it-IT\",\"potentialAction\":[{\"@type\":\"ReadAction\",\"target\":[\"https:\\\/\\\/lavocedelpaese.info\\\/index.php\\\/2025\\\/09\\\/23\\\/destinazione-basilicata-il-progetto-digitale-che-promuove-il-territorio-lucano\\\/\"]}]},{\"@type\":\"ImageObject\",\"inLanguage\":\"it-IT\",\"@id\":\"https:\\\/\\\/lavocedelpaese.info\\\/index.php\\\/2025\\\/09\\\/23\\\/destinazione-basilicata-il-progetto-digitale-che-promuove-il-territorio-lucano\\\/#primaryimage\",\"url\":\"https:\\\/\\\/lavocedelpaese.info\\\/wp-content\\\/uploads\\\/2025\\\/09\\\/destcard.jpg\",\"contentUrl\":\"https:\\\/\\\/lavocedelpaese.info\\\/wp-content\\\/uploads\\\/2025\\\/09\\\/destcard.jpg\",\"width\":1000,\"height\":577},{\"@type\":\"BreadcrumbList\",\"@id\":\"https:\\\/\\\/lavocedelpaese.info\\\/index.php\\\/2025\\\/09\\\/23\\\/destinazione-basilicata-il-progetto-digitale-che-promuove-il-territorio-lucano\\\/#breadcrumb\",\"itemListElement\":[{\"@type\":\"ListItem\",\"position\":1,\"name\":\"Home\",\"item\":\"https:\\\/\\\/lavocedelpaese.info\\\/\"},{\"@type\":\"ListItem\",\"position\":2,\"name\":\"Destinazione Basilicata: il progetto digitale che promuove il territorio lucano\"}]},{\"@type\":\"WebSite\",\"@id\":\"https:\\\/\\\/lavocedelpaese.info\\\/#website\",\"url\":\"https:\\\/\\\/lavocedelpaese.info\\\/\",\"name\":\"La Voce del Paese\",\"description\":\"Un network di idee\",\"publisher\":{\"@id\":\"https:\\\/\\\/lavocedelpaese.info\\\/#organization\"},\"potentialAction\":[{\"@type\":\"SearchAction\",\"target\":{\"@type\":\"EntryPoint\",\"urlTemplate\":\"https:\\\/\\\/lavocedelpaese.info\\\/?s={search_term_string}\"},\"query-input\":{\"@type\":\"PropertyValueSpecification\",\"valueRequired\":true,\"valueName\":\"search_term_string\"}}],\"inLanguage\":\"it-IT\"},{\"@type\":\"Organization\",\"@id\":\"https:\\\/\\\/lavocedelpaese.info\\\/#organization\",\"name\":\"La Voce del Paese\",\"url\":\"https:\\\/\\\/lavocedelpaese.info\\\/\",\"logo\":{\"@type\":\"ImageObject\",\"inLanguage\":\"it-IT\",\"@id\":\"https:\\\/\\\/lavocedelpaese.info\\\/#\\\/schema\\\/logo\\\/image\\\/\",\"url\":\"https:\\\/\\\/lavocedelpaese.info\\\/wp-content\\\/uploads\\\/2023\\\/01\\\/cropped-logo-150-127.png\",\"contentUrl\":\"https:\\\/\\\/lavocedelpaese.info\\\/wp-content\\\/uploads\\\/2023\\\/01\\\/cropped-logo-150-127.png\",\"width\":137,\"height\":119,\"caption\":\"La Voce del Paese\"},\"image\":{\"@id\":\"https:\\\/\\\/lavocedelpaese.info\\\/#\\\/schema\\\/logo\\\/image\\\/\"},\"sameAs\":[\"https:\\\/\\\/www.facebook.com\\\/lavocedelpaese.info\"]},{\"@type\":\"Person\",\"@id\":\"https:\\\/\\\/lavocedelpaese.info\\\/#\\\/schema\\\/person\\\/ec151d321306bd7591f7a061abf72d88\",\"name\":\"admin\",\"image\":{\"@type\":\"ImageObject\",\"inLanguage\":\"it-IT\",\"@id\":\"https:\\\/\\\/secure.gravatar.com\\\/avatar\\\/af8f2caf0663124588de48a9380e07cbc95a74ef15b8062d0d39106c32fe3023?s=96&d=mm&r=g\",\"url\":\"https:\\\/\\\/secure.gravatar.com\\\/avatar\\\/af8f2caf0663124588de48a9380e07cbc95a74ef15b8062d0d39106c32fe3023?s=96&d=mm&r=g\",\"contentUrl\":\"https:\\\/\\\/secure.gravatar.com\\\/avatar\\\/af8f2caf0663124588de48a9380e07cbc95a74ef15b8062d0d39106c32fe3023?s=96&d=mm&r=g\",\"caption\":\"admin\"},\"sameAs\":[\"https:\\\/\\\/lavocedelpaese.info\"],\"url\":\"https:\\\/\\\/lavocedelpaese.info\\\/index.php\\\/author\\\/admin\\\/\"}]}<\/script>\n<!-- \/ Yoast SEO plugin. -->","yoast_head_json":{"title":"Destinazione Basilicata: il progetto digitale che promuove il territorio lucano - La Voce del Paese","robots":{"index":"index","follow":"follow","max-snippet":"max-snippet:-1","max-image-preview":"max-image-preview:large","max-video-preview":"max-video-preview:-1"},"canonical":"https:\/\/lavocedelpaese.info\/index.php\/2025\/09\/23\/destinazione-basilicata-il-progetto-digitale-che-promuove-il-territorio-lucano\/","og_locale":"it_IT","og_type":"article","og_title":"Destinazione Basilicata: il progetto digitale che promuove il territorio lucano - La Voce del Paese","og_description":"Una piattaforma innovativa e una struttura di supporto dedicata nascono per dare voce, visibilit\u00e0 e mercato all&#8217;intera filiera economica regionale,","og_url":"https:\/\/lavocedelpaese.info\/index.php\/2025\/09\/23\/destinazione-basilicata-il-progetto-digitale-che-promuove-il-territorio-lucano\/","og_site_name":"La Voce del Paese","article_publisher":"https:\/\/www.facebook.com\/lavocedelpaese.info","article_published_time":"2025-09-23T15:38:10+00:00","article_modified_time":"2025-09-23T15:38:11+00:00","og_image":[{"width":1000,"height":577,"url":"https:\/\/lavocedelpaese.info\/wp-content\/uploads\/2025\/09\/destcard.jpg","type":"image\/jpeg"}],"author":"admin","twitter_card":"summary_large_image","twitter_misc":{"Scritto da":"admin","Tempo di lettura stimato":"3 minuti"},"schema":{"@context":"https:\/\/schema.org","@graph":[{"@type":"Article","@id":"https:\/\/lavocedelpaese.info\/index.php\/2025\/09\/23\/destinazione-basilicata-il-progetto-digitale-che-promuove-il-territorio-lucano\/#article","isPartOf":{"@id":"https:\/\/lavocedelpaese.info\/index.php\/2025\/09\/23\/destinazione-basilicata-il-progetto-digitale-che-promuove-il-territorio-lucano\/"},"author":{"name":"admin","@id":"https:\/\/lavocedelpaese.info\/#\/schema\/person\/ec151d321306bd7591f7a061abf72d88"},"headline":"Destinazione Basilicata: il progetto digitale che promuove il territorio lucano","datePublished":"2025-09-23T15:38:10+00:00","dateModified":"2025-09-23T15:38:11+00:00","mainEntityOfPage":{"@id":"https:\/\/lavocedelpaese.info\/index.php\/2025\/09\/23\/destinazione-basilicata-il-progetto-digitale-che-promuove-il-territorio-lucano\/"},"wordCount":508,"commentCount":0,"publisher":{"@id":"https:\/\/lavocedelpaese.info\/#organization"},"image":{"@id":"https:\/\/lavocedelpaese.info\/index.php\/2025\/09\/23\/destinazione-basilicata-il-progetto-digitale-che-promuove-il-territorio-lucano\/#primaryimage"},"thumbnailUrl":"https:\/\/lavocedelpaese.info\/wp-content\/uploads\/2025\/09\/destcard.jpg","articleSection":["Attualit\u00e0"],"inLanguage":"it-IT","potentialAction":[{"@type":"CommentAction","name":"Comment","target":["https:\/\/lavocedelpaese.info\/index.php\/2025\/09\/23\/destinazione-basilicata-il-progetto-digitale-che-promuove-il-territorio-lucano\/#respond"]}]},{"@type":"WebPage","@id":"https:\/\/lavocedelpaese.info\/index.php\/2025\/09\/23\/destinazione-basilicata-il-progetto-digitale-che-promuove-il-territorio-lucano\/","url":"https:\/\/lavocedelpaese.info\/index.php\/2025\/09\/23\/destinazione-basilicata-il-progetto-digitale-che-promuove-il-territorio-lucano\/","name":"Destinazione Basilicata: il progetto digitale che promuove il territorio lucano - La Voce del Paese","isPartOf":{"@id":"https:\/\/lavocedelpaese.info\/#website"},"primaryImageOfPage":{"@id":"https:\/\/lavocedelpaese.info\/index.php\/2025\/09\/23\/destinazione-basilicata-il-progetto-digitale-che-promuove-il-territorio-lucano\/#primaryimage"},"image":{"@id":"https:\/\/lavocedelpaese.info\/index.php\/2025\/09\/23\/destinazione-basilicata-il-progetto-digitale-che-promuove-il-territorio-lucano\/#primaryimage"},"thumbnailUrl":"https:\/\/lavocedelpaese.info\/wp-content\/uploads\/2025\/09\/destcard.jpg","datePublished":"2025-09-23T15:38:10+00:00","dateModified":"2025-09-23T15:38:11+00:00","breadcrumb":{"@id":"https:\/\/lavocedelpaese.info\/index.php\/2025\/09\/23\/destinazione-basilicata-il-progetto-digitale-che-promuove-il-territorio-lucano\/#breadcrumb"},"inLanguage":"it-IT","potentialAction":[{"@type":"ReadAction","target":["https:\/\/lavocedelpaese.info\/index.php\/2025\/09\/23\/destinazione-basilicata-il-progetto-digitale-che-promuove-il-territorio-lucano\/"]}]},{"@type":"ImageObject","inLanguage":"it-IT","@id":"https:\/\/lavocedelpaese.info\/index.php\/2025\/09\/23\/destinazione-basilicata-il-progetto-digitale-che-promuove-il-territorio-lucano\/#primaryimage","url":"https:\/\/lavocedelpaese.info\/wp-content\/uploads\/2025\/09\/destcard.jpg","contentUrl":"https:\/\/lavocedelpaese.info\/wp-content\/uploads\/2025\/09\/destcard.jpg","width":1000,"height":577},{"@type":"BreadcrumbList","@id":"https:\/\/lavocedelpaese.info\/index.php\/2025\/09\/23\/destinazione-basilicata-il-progetto-digitale-che-promuove-il-territorio-lucano\/#breadcrumb","itemListElement":[{"@type":"ListItem","position":1,"name":"Home","item":"https:\/\/lavocedelpaese.info\/"},{"@type":"ListItem","position":2,"name":"Destinazione Basilicata: il progetto digitale che promuove il territorio lucano"}]},{"@type":"WebSite","@id":"https:\/\/lavocedelpaese.info\/#website","url":"https:\/\/lavocedelpaese.info\/","name":"La Voce del Paese","description":"Un network di idee","publisher":{"@id":"https:\/\/lavocedelpaese.info\/#organization"},"potentialAction":[{"@type":"SearchAction","target":{"@type":"EntryPoint","urlTemplate":"https:\/\/lavocedelpaese.info\/?s={search_term_string}"},"query-input":{"@type":"PropertyValueSpecification","valueRequired":true,"valueName":"search_term_string"}}],"inLanguage":"it-IT"},{"@type":"Organization","@id":"https:\/\/lavocedelpaese.info\/#organization","name":"La Voce del Paese","url":"https:\/\/lavocedelpaese.info\/","logo":{"@type":"ImageObject","inLanguage":"it-IT","@id":"https:\/\/lavocedelpaese.info\/#\/schema\/logo\/image\/","url":"https:\/\/lavocedelpaese.info\/wp-content\/uploads\/2023\/01\/cropped-logo-150-127.png","contentUrl":"https:\/\/lavocedelpaese.info\/wp-content\/uploads\/2023\/01\/cropped-logo-150-127.png","width":137,"height":119,"caption":"La Voce del Paese"},"image":{"@id":"https:\/\/lavocedelpaese.info\/#\/schema\/logo\/image\/"},"sameAs":["https:\/\/www.facebook.com\/lavocedelpaese.info"]},{"@type":"Person","@id":"https:\/\/lavocedelpaese.info\/#\/schema\/person\/ec151d321306bd7591f7a061abf72d88","name":"admin","image":{"@type":"ImageObject","inLanguage":"it-IT","@id":"https:\/\/secure.gravatar.com\/avatar\/af8f2caf0663124588de48a9380e07cbc95a74ef15b8062d0d39106c32fe3023?s=96&d=mm&r=g","url":"https:\/\/secure.gravatar.com\/avatar\/af8f2caf0663124588de48a9380e07cbc95a74ef15b8062d0d39106c32fe3023?s=96&d=mm&r=g","contentUrl":"https:\/\/secure.gravatar.com\/avatar\/af8f2caf0663124588de48a9380e07cbc95a74ef15b8062d0d39106c32fe3023?s=96&d=mm&r=g","caption":"admin"},"sameAs":["https:\/\/lavocedelpaese.info"],"url":"https:\/\/lavocedelpaese.info\/index.php\/author\/admin\/"}]}},"_links":{"self":[{"href":"https:\/\/lavocedelpaese.info\/index.php\/wp-json\/wp\/v2\/posts\/9950","targetHints":{"allow":["GET"]}}],"collection":[{"href":"https:\/\/lavocedelpaese.info\/index.php\/wp-json\/wp\/v2\/posts"}],"about":[{"href":"https:\/\/lavocedelpaese.info\/index.php\/wp-json\/wp\/v2\/types\/post"}],"author":[{"embeddable":true,"href":"https:\/\/lavocedelpaese.info\/index.php\/wp-json\/wp\/v2\/users\/6"}],"replies":[{"embeddable":true,"href":"https:\/\/lavocedelpaese.info\/index.php\/wp-json\/wp\/v2\/comments?post=9950"}],"version-history":[{"count":2,"href":"https:\/\/lavocedelpaese.info\/index.php\/wp-json\/wp\/v2\/posts\/9950\/revisions"}],"predecessor-version":[{"id":9954,"href":"https:\/\/lavocedelpaese.info\/index.php\/wp-json\/wp\/v2\/posts\/9950\/revisions\/9954"}],"wp:featuredmedia":[{"embeddable":true,"href":"https:\/\/lavocedelpaese.info\/index.php\/wp-json\/wp\/v2\/media\/9955"}],"wp:attachment":[{"href":"https:\/\/lavocedelpaese.info\/index.php\/wp-json\/wp\/v2\/media?parent=9950"}],"wp:term":[{"taxonomy":"category","embeddable":true,"href":"https:\/\/lavocedelpaese.info\/index.php\/wp-json\/wp\/v2\/categories?post=9950"},{"taxonomy":"post_tag","embeddable":true,"href":"https:\/\/lavocedelpaese.info\/index.php\/wp-json\/wp\/v2\/tags?post=9950"}],"curies":[{"name":"wp","href":"https:\/\/api.w.org\/{rel}","templated":true}]}}