{"id":9942,"date":"2025-09-22T06:16:29","date_gmt":"2025-09-22T06:16:29","guid":{"rendered":"https:\/\/lavocedelpaese.info\/index.php\/2025\/09\/22\/maestri-in-mostra-con-lassociazione-volarte\/"},"modified":"2025-09-22T06:16:29","modified_gmt":"2025-09-22T06:16:29","slug":"maestri-in-mostra-con-lassociazione-volarte","status":"publish","type":"post","link":"https:\/\/lavocedelpaese.info\/index.php\/2025\/09\/22\/maestri-in-mostra-con-lassociazione-volarte\/","title":{"rendered":"\u201cMaestri in Mostra\u201d con l\u2019Associazione \u201cVolarte\u201d\u00a0\u200b"},"content":{"rendered":"<p>\u00a0<\/p>\n<p>\u200b\u00a0<\/p>\n<p>\u200b\u00a0<\/p>\n<p><strong>La <\/strong>Associazione di Promozione Sociale<strong> \u201cVOLARTE\u201d di Cassano delle Murge presenta il programma dei corsi e laboratori 2025-2026.<\/strong><\/p>\n<p><strong>Tema comune per tutti i corsi: COLORI, VOCI E MANI PER LA TERRA: COLORI <\/strong>per pittura e creativit\u00e0, <strong>VOCI <\/strong>per il canto e l\u2019espressione, <strong>MANI <\/strong>per il lavoro manuale creativo.<\/p>\n<p>Si propongono all\u2019attenzione dei genitori e dei bambini i seguenti corsi<\/p>\n<ol class=\"wp-block-list\">\n<li><strong>DISEGNO\/PITTURA <\/strong>Responsabili Maria Giulia Lopane e Raffaele Pierri<\/li>\n<\/ol>\n<p>Il corso inizier\u00e0 a Novembre e terminer\u00e0 a Maggio, si divide in due parti. La prima da Novembre \u201825 sino a Gennaio \u201926, curata da Dina Colaninno e Maria G. Lopane verter\u00e0 sulla conoscenza e approfondimento, anche pratico, di 7 opere importanti di grandi autori (San Francesco con Il Cantico delle Creature, Henri Rousseau con la sua giungla fantastica, Antonio Ligabue con i suoi animali selvatici, Vincent Van Gogh con i suoi movimenti emotivi, Claude Monet e la sua luce, Sandro Botticelli con i suoi simbolismi, Pino Pascali con la sua ricerca gioiosa sulla materia).<\/p>\n<p>La seconda parte inizier\u00e0 a Febbraio e terminer\u00e0 a Maggio, curata da Raffaele Pierri e Nicola Liberto, \u00e8 previsto l\u2019approfondimento di varie tecniche di disegno e pittura, oltre a lezioni tecnico-pratiche di ospiti importanti presenti nel nostro territorio.<\/p>\n<ul class=\"wp-block-list\">\n<li><strong>CERAMICA <\/strong>Responsabile Rosanna Guastamacchia<\/li>\n<\/ul>\n<p>Il corso inizier\u00e0 a Febbraio e terminer\u00e0 a Maggio. Saranno esplorate le applicazioni dell\u2019argilla, della ceramica e della loro decorazione.<\/p>\n<ul class=\"wp-block-list\">\n<li><strong>USO E RIUSO <\/strong>Responsabile Tonia Borrelli<\/li>\n<\/ul>\n<p>Il corso inizier\u00e0 a Febbraio e terminer\u00e0 a Maggio. Saranno ricercati materiali e oggetti non pi\u00f9 in uso per poterli poi trasformare in nuove forme e oggetti artistici.<\/p>\n<ul class=\"wp-block-list\">\n<li><strong>UNCINETTO <\/strong>Responsabile Maria A. Vasco<\/li>\n<\/ul>\n<p>Il corso inizier\u00e0 a Febbraio e terminer\u00e0 a Maggio. Sull\u2019esperienza del corso precedente, sar\u00e0 continuata e approfondita la tecnica e la creativit\u00e0 che ne consegue.<\/p>\n<ul class=\"wp-block-list\">\n<li><strong>CANTO CORALE <\/strong>Responsabile Dora Luiso<\/li>\n<\/ul>\n<p>Il corso \u00e8 gi\u00e0 operativo e terminer\u00e0 a Maggio. Il 2 ottobre il Coro si esibir\u00e0, su invito dell\u2019 UTE di Cassano, in occasione della Festa dei Nonni e presso la Pinacoteca in occasione della Mostra dei Maestri. Successivamente si prepareranno canti natalizi per poterli far ascoltare durante le festivit\u00e0 natalizie e, da Febbraio a Maggio, saranno individuate nuove canzoni attinenti al tema comune dei corsi.<\/p>\n<p>I corsi si terranno <strong>esclusivamente <\/strong>presso La Pinacoteca, i locali di P.za Ruffo e la scuola dell\u2019Infanzia \u201cINSIEME\u201d. Sono previste visite e laboratori presso Musei e Pinacoteche. A fine corsi, come sempre, mostra finale dei lavori. Il costo totale per il corso di disegno\/pittura \u00e8 di \u20ac 50,00 \u2013 Ceramica, Uncinetto e Uso\/Riuso di \u20ac 40,00, gratuito per il corso di canto corale. Sconto del 10% circa per pi\u00f9 iscritti dello stesso nucleo familiare o per frequenza a pi\u00f9 corsi.<\/p>\n<figure class=\"wp-block-image size-large\"><img decoding=\"async\" width=\"724\" height=\"1024\" src=\"https:\/\/cassano.lavocedelpaese.info\/wp-content\/uploads\/2025\/09\/Locandina-Volarte-724x1024.jpeg\" alt=\"\" class=\"wp-image-7367\"\/><\/figure>\n<p><a class=\"a2a_button_facebook\" href=\"https:\/\/www.addtoany.com\/add_to\/facebook?linkurl=https%3A%2F%2Fcassano.lavocedelpaese.info%2Fmaestri-in-mostra-con-lassociazione-volarte%2F&amp;linkname=%E2%80%9CMaestri%20in%20Mostra%E2%80%9D%20con%20l%E2%80%99Associazione%20%E2%80%9CVolarte%E2%80%9D\" title=\"Facebook\" rel=\"nofollow noopener\" target=\"_blank\"><\/a><a class=\"a2a_button_twitter\" href=\"https:\/\/www.addtoany.com\/add_to\/twitter?linkurl=https%3A%2F%2Fcassano.lavocedelpaese.info%2Fmaestri-in-mostra-con-lassociazione-volarte%2F&amp;linkname=%E2%80%9CMaestri%20in%20Mostra%E2%80%9D%20con%20l%E2%80%99Associazione%20%E2%80%9CVolarte%E2%80%9D\" title=\"Twitter\" rel=\"nofollow noopener\" target=\"_blank\"><\/a><a class=\"a2a_button_whatsapp\" href=\"https:\/\/www.addtoany.com\/add_to\/whatsapp?linkurl=https%3A%2F%2Fcassano.lavocedelpaese.info%2Fmaestri-in-mostra-con-lassociazione-volarte%2F&amp;linkname=%E2%80%9CMaestri%20in%20Mostra%E2%80%9D%20con%20l%E2%80%99Associazione%20%E2%80%9CVolarte%E2%80%9D\" title=\"WhatsApp\" rel=\"nofollow noopener\" target=\"_blank\"><\/a><a class=\"a2a_button_telegram\" href=\"https:\/\/www.addtoany.com\/add_to\/telegram?linkurl=https%3A%2F%2Fcassano.lavocedelpaese.info%2Fmaestri-in-mostra-con-lassociazione-volarte%2F&amp;linkname=%E2%80%9CMaestri%20in%20Mostra%E2%80%9D%20con%20l%E2%80%99Associazione%20%E2%80%9CVolarte%E2%80%9D\" title=\"Telegram\" rel=\"nofollow noopener\" target=\"_blank\"><\/a><a class=\"a2a_button_email\" href=\"https:\/\/www.addtoany.com\/add_to\/email?linkurl=https%3A%2F%2Fcassano.lavocedelpaese.info%2Fmaestri-in-mostra-con-lassociazione-volarte%2F&amp;linkname=%E2%80%9CMaestri%20in%20Mostra%E2%80%9D%20con%20l%E2%80%99Associazione%20%E2%80%9CVolarte%E2%80%9D\" title=\"Email\" rel=\"nofollow noopener\" target=\"_blank\"><\/a><\/p>\n<p>\u00a0<\/p>\n<p>\u00a0<\/p>\n<p>\u200b\u00a0\u00a0\u00a0<\/p>","protected":false},"excerpt":{"rendered":"<p>\u00a0 \u200b\u00a0 \u200b\u00a0 La Associazione di Promozione Sociale \u201cVOLARTE\u201d di Cassano delle Murge presenta il programma dei corsi e laboratori<\/p>\n","protected":false},"author":6,"featured_media":9943,"comment_status":"open","ping_status":"closed","sticky":false,"template":"","format":"standard","meta":{"colormag_page_container_layout":"default_layout","colormag_page_sidebar_layout":"default_layout","footnotes":""},"categories":[33],"tags":[],"class_list":["post-9942","post","type-post","status-publish","format-standard","has-post-thumbnail","hentry","category-network"],"yoast_head":"<!-- This site is optimized with the Yoast SEO plugin v27.5 - https:\/\/yoast.com\/product\/yoast-seo-wordpress\/ -->\n<title>\u201cMaestri in Mostra\u201d con l\u2019Associazione \u201cVolarte\u201d\u00a0\u200b - La Voce del Paese<\/title>\n<meta name=\"robots\" content=\"index, follow, max-snippet:-1, max-image-preview:large, max-video-preview:-1\" \/>\n<link rel=\"canonical\" href=\"https:\/\/lavocedelpaese.info\/index.php\/2025\/09\/22\/maestri-in-mostra-con-lassociazione-volarte\/\" \/>\n<meta property=\"og:locale\" content=\"it_IT\" \/>\n<meta property=\"og:type\" content=\"article\" \/>\n<meta property=\"og:title\" content=\"\u201cMaestri in Mostra\u201d con l\u2019Associazione \u201cVolarte\u201d\u00a0\u200b - La Voce del Paese\" \/>\n<meta property=\"og:description\" content=\"\u00a0 \u200b\u00a0 \u200b\u00a0 La Associazione di Promozione Sociale \u201cVOLARTE\u201d di Cassano delle Murge presenta il programma dei corsi e laboratori\" \/>\n<meta property=\"og:url\" content=\"https:\/\/lavocedelpaese.info\/index.php\/2025\/09\/22\/maestri-in-mostra-con-lassociazione-volarte\/\" \/>\n<meta property=\"og:site_name\" content=\"La Voce del Paese\" \/>\n<meta property=\"article:publisher\" content=\"https:\/\/www.facebook.com\/lavocedelpaese.info\" \/>\n<meta property=\"article:published_time\" content=\"2025-09-22T06:16:29+00:00\" \/>\n<meta name=\"author\" content=\"admin\" \/>\n<meta name=\"twitter:card\" content=\"summary_large_image\" \/>\n<meta name=\"twitter:label1\" content=\"Scritto da\" \/>\n\t<meta name=\"twitter:data1\" content=\"admin\" \/>\n\t<meta name=\"twitter:label2\" content=\"Tempo di lettura stimato\" \/>\n\t<meta name=\"twitter:data2\" content=\"2 minuti\" \/>\n<script type=\"application\/ld+json\" class=\"yoast-schema-graph\">{\"@context\":\"https:\\\/\\\/schema.org\",\"@graph\":[{\"@type\":\"Article\",\"@id\":\"https:\\\/\\\/lavocedelpaese.info\\\/index.php\\\/2025\\\/09\\\/22\\\/maestri-in-mostra-con-lassociazione-volarte\\\/#article\",\"isPartOf\":{\"@id\":\"https:\\\/\\\/lavocedelpaese.info\\\/index.php\\\/2025\\\/09\\\/22\\\/maestri-in-mostra-con-lassociazione-volarte\\\/\"},\"author\":{\"name\":\"admin\",\"@id\":\"https:\\\/\\\/lavocedelpaese.info\\\/#\\\/schema\\\/person\\\/ec151d321306bd7591f7a061abf72d88\"},\"headline\":\"\u201cMaestri in Mostra\u201d con l\u2019Associazione \u201cVolarte\u201d\u00a0\u200b\",\"datePublished\":\"2025-09-22T06:16:29+00:00\",\"mainEntityOfPage\":{\"@id\":\"https:\\\/\\\/lavocedelpaese.info\\\/index.php\\\/2025\\\/09\\\/22\\\/maestri-in-mostra-con-lassociazione-volarte\\\/\"},\"wordCount\":443,\"commentCount\":0,\"publisher\":{\"@id\":\"https:\\\/\\\/lavocedelpaese.info\\\/#organization\"},\"image\":{\"@id\":\"https:\\\/\\\/lavocedelpaese.info\\\/index.php\\\/2025\\\/09\\\/22\\\/maestri-in-mostra-con-lassociazione-volarte\\\/#primaryimage\"},\"thumbnailUrl\":\"https:\\\/\\\/lavocedelpaese.info\\\/wp-content\\\/uploads\\\/2025\\\/09\\\/Locandina-Volarte-724x1024-GluAHf.jpg\",\"articleSection\":[\"network\"],\"inLanguage\":\"it-IT\",\"potentialAction\":[{\"@type\":\"CommentAction\",\"name\":\"Comment\",\"target\":[\"https:\\\/\\\/lavocedelpaese.info\\\/index.php\\\/2025\\\/09\\\/22\\\/maestri-in-mostra-con-lassociazione-volarte\\\/#respond\"]}]},{\"@type\":\"WebPage\",\"@id\":\"https:\\\/\\\/lavocedelpaese.info\\\/index.php\\\/2025\\\/09\\\/22\\\/maestri-in-mostra-con-lassociazione-volarte\\\/\",\"url\":\"https:\\\/\\\/lavocedelpaese.info\\\/index.php\\\/2025\\\/09\\\/22\\\/maestri-in-mostra-con-lassociazione-volarte\\\/\",\"name\":\"\u201cMaestri in Mostra\u201d con l\u2019Associazione \u201cVolarte\u201d\u00a0\u200b - La Voce del Paese\",\"isPartOf\":{\"@id\":\"https:\\\/\\\/lavocedelpaese.info\\\/#website\"},\"primaryImageOfPage\":{\"@id\":\"https:\\\/\\\/lavocedelpaese.info\\\/index.php\\\/2025\\\/09\\\/22\\\/maestri-in-mostra-con-lassociazione-volarte\\\/#primaryimage\"},\"image\":{\"@id\":\"https:\\\/\\\/lavocedelpaese.info\\\/index.php\\\/2025\\\/09\\\/22\\\/maestri-in-mostra-con-lassociazione-volarte\\\/#primaryimage\"},\"thumbnailUrl\":\"https:\\\/\\\/lavocedelpaese.info\\\/wp-content\\\/uploads\\\/2025\\\/09\\\/Locandina-Volarte-724x1024-GluAHf.jpg\",\"datePublished\":\"2025-09-22T06:16:29+00:00\",\"breadcrumb\":{\"@id\":\"https:\\\/\\\/lavocedelpaese.info\\\/index.php\\\/2025\\\/09\\\/22\\\/maestri-in-mostra-con-lassociazione-volarte\\\/#breadcrumb\"},\"inLanguage\":\"it-IT\",\"potentialAction\":[{\"@type\":\"ReadAction\",\"target\":[\"https:\\\/\\\/lavocedelpaese.info\\\/index.php\\\/2025\\\/09\\\/22\\\/maestri-in-mostra-con-lassociazione-volarte\\\/\"]}]},{\"@type\":\"ImageObject\",\"inLanguage\":\"it-IT\",\"@id\":\"https:\\\/\\\/lavocedelpaese.info\\\/index.php\\\/2025\\\/09\\\/22\\\/maestri-in-mostra-con-lassociazione-volarte\\\/#primaryimage\",\"url\":\"https:\\\/\\\/lavocedelpaese.info\\\/wp-content\\\/uploads\\\/2025\\\/09\\\/Locandina-Volarte-724x1024-GluAHf.jpg\",\"contentUrl\":\"https:\\\/\\\/lavocedelpaese.info\\\/wp-content\\\/uploads\\\/2025\\\/09\\\/Locandina-Volarte-724x1024-GluAHf.jpg\",\"width\":566,\"height\":800},{\"@type\":\"BreadcrumbList\",\"@id\":\"https:\\\/\\\/lavocedelpaese.info\\\/index.php\\\/2025\\\/09\\\/22\\\/maestri-in-mostra-con-lassociazione-volarte\\\/#breadcrumb\",\"itemListElement\":[{\"@type\":\"ListItem\",\"position\":1,\"name\":\"Home\",\"item\":\"https:\\\/\\\/lavocedelpaese.info\\\/\"},{\"@type\":\"ListItem\",\"position\":2,\"name\":\"\u201cMaestri in Mostra\u201d con l\u2019Associazione \u201cVolarte\u201d\u00a0\u200b\"}]},{\"@type\":\"WebSite\",\"@id\":\"https:\\\/\\\/lavocedelpaese.info\\\/#website\",\"url\":\"https:\\\/\\\/lavocedelpaese.info\\\/\",\"name\":\"La Voce del Paese\",\"description\":\"Un network di idee\",\"publisher\":{\"@id\":\"https:\\\/\\\/lavocedelpaese.info\\\/#organization\"},\"potentialAction\":[{\"@type\":\"SearchAction\",\"target\":{\"@type\":\"EntryPoint\",\"urlTemplate\":\"https:\\\/\\\/lavocedelpaese.info\\\/?s={search_term_string}\"},\"query-input\":{\"@type\":\"PropertyValueSpecification\",\"valueRequired\":true,\"valueName\":\"search_term_string\"}}],\"inLanguage\":\"it-IT\"},{\"@type\":\"Organization\",\"@id\":\"https:\\\/\\\/lavocedelpaese.info\\\/#organization\",\"name\":\"La Voce del Paese\",\"url\":\"https:\\\/\\\/lavocedelpaese.info\\\/\",\"logo\":{\"@type\":\"ImageObject\",\"inLanguage\":\"it-IT\",\"@id\":\"https:\\\/\\\/lavocedelpaese.info\\\/#\\\/schema\\\/logo\\\/image\\\/\",\"url\":\"https:\\\/\\\/lavocedelpaese.info\\\/wp-content\\\/uploads\\\/2023\\\/01\\\/cropped-logo-150-127.png\",\"contentUrl\":\"https:\\\/\\\/lavocedelpaese.info\\\/wp-content\\\/uploads\\\/2023\\\/01\\\/cropped-logo-150-127.png\",\"width\":137,\"height\":119,\"caption\":\"La Voce del Paese\"},\"image\":{\"@id\":\"https:\\\/\\\/lavocedelpaese.info\\\/#\\\/schema\\\/logo\\\/image\\\/\"},\"sameAs\":[\"https:\\\/\\\/www.facebook.com\\\/lavocedelpaese.info\"]},{\"@type\":\"Person\",\"@id\":\"https:\\\/\\\/lavocedelpaese.info\\\/#\\\/schema\\\/person\\\/ec151d321306bd7591f7a061abf72d88\",\"name\":\"admin\",\"image\":{\"@type\":\"ImageObject\",\"inLanguage\":\"it-IT\",\"@id\":\"https:\\\/\\\/secure.gravatar.com\\\/avatar\\\/af8f2caf0663124588de48a9380e07cbc95a74ef15b8062d0d39106c32fe3023?s=96&d=mm&r=g\",\"url\":\"https:\\\/\\\/secure.gravatar.com\\\/avatar\\\/af8f2caf0663124588de48a9380e07cbc95a74ef15b8062d0d39106c32fe3023?s=96&d=mm&r=g\",\"contentUrl\":\"https:\\\/\\\/secure.gravatar.com\\\/avatar\\\/af8f2caf0663124588de48a9380e07cbc95a74ef15b8062d0d39106c32fe3023?s=96&d=mm&r=g\",\"caption\":\"admin\"},\"sameAs\":[\"https:\\\/\\\/lavocedelpaese.info\"],\"url\":\"https:\\\/\\\/lavocedelpaese.info\\\/index.php\\\/author\\\/admin\\\/\"}]}<\/script>\n<!-- \/ Yoast SEO plugin. -->","yoast_head_json":{"title":"\u201cMaestri in Mostra\u201d con l\u2019Associazione \u201cVolarte\u201d\u00a0\u200b - La Voce del Paese","robots":{"index":"index","follow":"follow","max-snippet":"max-snippet:-1","max-image-preview":"max-image-preview:large","max-video-preview":"max-video-preview:-1"},"canonical":"https:\/\/lavocedelpaese.info\/index.php\/2025\/09\/22\/maestri-in-mostra-con-lassociazione-volarte\/","og_locale":"it_IT","og_type":"article","og_title":"\u201cMaestri in Mostra\u201d con l\u2019Associazione \u201cVolarte\u201d\u00a0\u200b - La Voce del Paese","og_description":"\u00a0 \u200b\u00a0 \u200b\u00a0 La Associazione di Promozione Sociale \u201cVOLARTE\u201d di Cassano delle Murge presenta il programma dei corsi e laboratori","og_url":"https:\/\/lavocedelpaese.info\/index.php\/2025\/09\/22\/maestri-in-mostra-con-lassociazione-volarte\/","og_site_name":"La Voce del Paese","article_publisher":"https:\/\/www.facebook.com\/lavocedelpaese.info","article_published_time":"2025-09-22T06:16:29+00:00","author":"admin","twitter_card":"summary_large_image","twitter_misc":{"Scritto da":"admin","Tempo di lettura stimato":"2 minuti"},"schema":{"@context":"https:\/\/schema.org","@graph":[{"@type":"Article","@id":"https:\/\/lavocedelpaese.info\/index.php\/2025\/09\/22\/maestri-in-mostra-con-lassociazione-volarte\/#article","isPartOf":{"@id":"https:\/\/lavocedelpaese.info\/index.php\/2025\/09\/22\/maestri-in-mostra-con-lassociazione-volarte\/"},"author":{"name":"admin","@id":"https:\/\/lavocedelpaese.info\/#\/schema\/person\/ec151d321306bd7591f7a061abf72d88"},"headline":"\u201cMaestri in Mostra\u201d con l\u2019Associazione \u201cVolarte\u201d\u00a0\u200b","datePublished":"2025-09-22T06:16:29+00:00","mainEntityOfPage":{"@id":"https:\/\/lavocedelpaese.info\/index.php\/2025\/09\/22\/maestri-in-mostra-con-lassociazione-volarte\/"},"wordCount":443,"commentCount":0,"publisher":{"@id":"https:\/\/lavocedelpaese.info\/#organization"},"image":{"@id":"https:\/\/lavocedelpaese.info\/index.php\/2025\/09\/22\/maestri-in-mostra-con-lassociazione-volarte\/#primaryimage"},"thumbnailUrl":"https:\/\/lavocedelpaese.info\/wp-content\/uploads\/2025\/09\/Locandina-Volarte-724x1024-GluAHf.jpg","articleSection":["network"],"inLanguage":"it-IT","potentialAction":[{"@type":"CommentAction","name":"Comment","target":["https:\/\/lavocedelpaese.info\/index.php\/2025\/09\/22\/maestri-in-mostra-con-lassociazione-volarte\/#respond"]}]},{"@type":"WebPage","@id":"https:\/\/lavocedelpaese.info\/index.php\/2025\/09\/22\/maestri-in-mostra-con-lassociazione-volarte\/","url":"https:\/\/lavocedelpaese.info\/index.php\/2025\/09\/22\/maestri-in-mostra-con-lassociazione-volarte\/","name":"\u201cMaestri in Mostra\u201d con l\u2019Associazione \u201cVolarte\u201d\u00a0\u200b - La Voce del Paese","isPartOf":{"@id":"https:\/\/lavocedelpaese.info\/#website"},"primaryImageOfPage":{"@id":"https:\/\/lavocedelpaese.info\/index.php\/2025\/09\/22\/maestri-in-mostra-con-lassociazione-volarte\/#primaryimage"},"image":{"@id":"https:\/\/lavocedelpaese.info\/index.php\/2025\/09\/22\/maestri-in-mostra-con-lassociazione-volarte\/#primaryimage"},"thumbnailUrl":"https:\/\/lavocedelpaese.info\/wp-content\/uploads\/2025\/09\/Locandina-Volarte-724x1024-GluAHf.jpg","datePublished":"2025-09-22T06:16:29+00:00","breadcrumb":{"@id":"https:\/\/lavocedelpaese.info\/index.php\/2025\/09\/22\/maestri-in-mostra-con-lassociazione-volarte\/#breadcrumb"},"inLanguage":"it-IT","potentialAction":[{"@type":"ReadAction","target":["https:\/\/lavocedelpaese.info\/index.php\/2025\/09\/22\/maestri-in-mostra-con-lassociazione-volarte\/"]}]},{"@type":"ImageObject","inLanguage":"it-IT","@id":"https:\/\/lavocedelpaese.info\/index.php\/2025\/09\/22\/maestri-in-mostra-con-lassociazione-volarte\/#primaryimage","url":"https:\/\/lavocedelpaese.info\/wp-content\/uploads\/2025\/09\/Locandina-Volarte-724x1024-GluAHf.jpg","contentUrl":"https:\/\/lavocedelpaese.info\/wp-content\/uploads\/2025\/09\/Locandina-Volarte-724x1024-GluAHf.jpg","width":566,"height":800},{"@type":"BreadcrumbList","@id":"https:\/\/lavocedelpaese.info\/index.php\/2025\/09\/22\/maestri-in-mostra-con-lassociazione-volarte\/#breadcrumb","itemListElement":[{"@type":"ListItem","position":1,"name":"Home","item":"https:\/\/lavocedelpaese.info\/"},{"@type":"ListItem","position":2,"name":"\u201cMaestri in Mostra\u201d con l\u2019Associazione \u201cVolarte\u201d\u00a0\u200b"}]},{"@type":"WebSite","@id":"https:\/\/lavocedelpaese.info\/#website","url":"https:\/\/lavocedelpaese.info\/","name":"La Voce del Paese","description":"Un network di idee","publisher":{"@id":"https:\/\/lavocedelpaese.info\/#organization"},"potentialAction":[{"@type":"SearchAction","target":{"@type":"EntryPoint","urlTemplate":"https:\/\/lavocedelpaese.info\/?s={search_term_string}"},"query-input":{"@type":"PropertyValueSpecification","valueRequired":true,"valueName":"search_term_string"}}],"inLanguage":"it-IT"},{"@type":"Organization","@id":"https:\/\/lavocedelpaese.info\/#organization","name":"La Voce del Paese","url":"https:\/\/lavocedelpaese.info\/","logo":{"@type":"ImageObject","inLanguage":"it-IT","@id":"https:\/\/lavocedelpaese.info\/#\/schema\/logo\/image\/","url":"https:\/\/lavocedelpaese.info\/wp-content\/uploads\/2023\/01\/cropped-logo-150-127.png","contentUrl":"https:\/\/lavocedelpaese.info\/wp-content\/uploads\/2023\/01\/cropped-logo-150-127.png","width":137,"height":119,"caption":"La Voce del Paese"},"image":{"@id":"https:\/\/lavocedelpaese.info\/#\/schema\/logo\/image\/"},"sameAs":["https:\/\/www.facebook.com\/lavocedelpaese.info"]},{"@type":"Person","@id":"https:\/\/lavocedelpaese.info\/#\/schema\/person\/ec151d321306bd7591f7a061abf72d88","name":"admin","image":{"@type":"ImageObject","inLanguage":"it-IT","@id":"https:\/\/secure.gravatar.com\/avatar\/af8f2caf0663124588de48a9380e07cbc95a74ef15b8062d0d39106c32fe3023?s=96&d=mm&r=g","url":"https:\/\/secure.gravatar.com\/avatar\/af8f2caf0663124588de48a9380e07cbc95a74ef15b8062d0d39106c32fe3023?s=96&d=mm&r=g","contentUrl":"https:\/\/secure.gravatar.com\/avatar\/af8f2caf0663124588de48a9380e07cbc95a74ef15b8062d0d39106c32fe3023?s=96&d=mm&r=g","caption":"admin"},"sameAs":["https:\/\/lavocedelpaese.info"],"url":"https:\/\/lavocedelpaese.info\/index.php\/author\/admin\/"}]}},"_links":{"self":[{"href":"https:\/\/lavocedelpaese.info\/index.php\/wp-json\/wp\/v2\/posts\/9942","targetHints":{"allow":["GET"]}}],"collection":[{"href":"https:\/\/lavocedelpaese.info\/index.php\/wp-json\/wp\/v2\/posts"}],"about":[{"href":"https:\/\/lavocedelpaese.info\/index.php\/wp-json\/wp\/v2\/types\/post"}],"author":[{"embeddable":true,"href":"https:\/\/lavocedelpaese.info\/index.php\/wp-json\/wp\/v2\/users\/6"}],"replies":[{"embeddable":true,"href":"https:\/\/lavocedelpaese.info\/index.php\/wp-json\/wp\/v2\/comments?post=9942"}],"version-history":[{"count":0,"href":"https:\/\/lavocedelpaese.info\/index.php\/wp-json\/wp\/v2\/posts\/9942\/revisions"}],"wp:featuredmedia":[{"embeddable":true,"href":"https:\/\/lavocedelpaese.info\/index.php\/wp-json\/wp\/v2\/media\/9943"}],"wp:attachment":[{"href":"https:\/\/lavocedelpaese.info\/index.php\/wp-json\/wp\/v2\/media?parent=9942"}],"wp:term":[{"taxonomy":"category","embeddable":true,"href":"https:\/\/lavocedelpaese.info\/index.php\/wp-json\/wp\/v2\/categories?post=9942"},{"taxonomy":"post_tag","embeddable":true,"href":"https:\/\/lavocedelpaese.info\/index.php\/wp-json\/wp\/v2\/tags?post=9942"}],"curies":[{"name":"wp","href":"https:\/\/api.w.org\/{rel}","templated":true}]}}