{"id":994,"date":"2023-02-08T03:48:50","date_gmt":"2023-02-08T03:48:50","guid":{"rendered":"https:\/\/lavocedelpaese.info\/index.php\/2023\/02\/08\/ordinazione-diaconale-dellaccolito-marino-colamonico\/"},"modified":"2023-02-08T03:48:50","modified_gmt":"2023-02-08T03:48:50","slug":"ordinazione-diaconale-dellaccolito-marino-colamonico","status":"publish","type":"post","link":"https:\/\/lavocedelpaese.info\/index.php\/2023\/02\/08\/ordinazione-diaconale-dellaccolito-marino-colamonico\/","title":{"rendered":"Ordinazione diaconale dell\u2019accolito Marino Colamonico"},"content":{"rendered":"<p>Gioved\u00ec 9 Febbraio 2023, alle ore 19.00, la concattedrale di Acquaviva delle Fonti ospiter\u00e0 l\u2019Ordinazione Diaconale dell\u2019accolito Marino Colamonico per l\u2019imposizione delle mani e la preghiera consacratoria dell\u2019Arcivescovo Mons. Giovanni Ricchiuti.<\/p>\n<p>Una vocazione che porta alla ordinazione. In queste due parole \u00e8 racchiuso il senso pi\u00f9 profondo del diaconato, di un evento di grazia capace di suscitare meraviglia e\u00a0 rispetto.<\/p>\n<p>\u00ab<em>Dopo tanti anni di discernimento<\/em>\u00a0\u2013 spiega ai nostri microfoni, Marino \u2013\u00a0<em>gioved\u00ec la Chiesa mi far\u00e0 dono del diaconato, un sacramento, un ministero, una postura che mi cambier\u00e0 la vita per sempre\u00bb<\/em>.\u00a0<em>\u00abNonostante avverta che si tratti di una missione ed una sfida pi\u00f9 grande di me<\/em>\u00a0\u2013 aggiunge il futuro diacono \u2013<em>\u00a0<\/em><em>giungo a questa data molto sereno e fiducioso in Dio, che in questi anni non ha mancato di farmi sentire la sua vicinanza attraverso l\u2019incontro con la Parola nella preghiera e l\u2019accompagnamento di tante persone. Di certo manca ancora tanta strada per il presbiterato, ma sento di poter vivere questo tempo di preparazione, come un tempo di crescita umana e spirituale, aprendomi a nuove esperienze di servizio che fin d\u2019ora mi erano precluse e cogliendo l\u2019opportunit\u00e0 di conoscere maggiormente il popolo di Dio per il quale sono chiamato a donare tutto me stesso\u00bb.<\/em><\/p>\n<p>In coda, il suo personale augurio a pochi giorni dal raggiungimento di una nuova tappa verso il presbiterato, di cui la Chiesa ha deciso di fargli dono: \u00ab<em>Durante la prostrazione mi abbandoner\u00f2 a Dio completamente, consapevole che lui porter\u00e0 a compimento il bene che sapr\u00f2 donare ai miei fratelli\u00bb.<\/em><\/p>\n<p>\u00a0<\/p>\n<p>\u200b\u00a0<\/p>","protected":false},"excerpt":{"rendered":"<p>Gioved\u00ec 9 Febbraio 2023, alle ore 19.00, la concattedrale di Acquaviva delle Fonti ospiter\u00e0 l\u2019Ordinazione Diaconale dell\u2019accolito Marino Colamonico per<\/p>\n","protected":false},"author":0,"featured_media":0,"comment_status":"open","ping_status":"closed","sticky":false,"template":"","format":"standard","meta":{"colormag_page_container_layout":"default_layout","colormag_page_sidebar_layout":"default_layout","footnotes":""},"categories":[33],"tags":[],"class_list":["post-994","post","type-post","status-publish","format-standard","hentry","category-network"],"yoast_head":"<!-- This site is optimized with the Yoast SEO plugin v27.5 - https:\/\/yoast.com\/product\/yoast-seo-wordpress\/ -->\n<title>Ordinazione diaconale dell\u2019accolito Marino Colamonico - La Voce del Paese<\/title>\n<meta name=\"robots\" content=\"index, follow, max-snippet:-1, max-image-preview:large, max-video-preview:-1\" \/>\n<link rel=\"canonical\" href=\"https:\/\/lavocedelpaese.info\/index.php\/2023\/02\/08\/ordinazione-diaconale-dellaccolito-marino-colamonico\/\" \/>\n<meta property=\"og:locale\" content=\"it_IT\" \/>\n<meta property=\"og:type\" content=\"article\" \/>\n<meta property=\"og:title\" content=\"Ordinazione diaconale dell\u2019accolito Marino Colamonico - La Voce del Paese\" \/>\n<meta property=\"og:description\" content=\"Gioved\u00ec 9 Febbraio 2023, alle ore 19.00, la concattedrale di Acquaviva delle Fonti ospiter\u00e0 l\u2019Ordinazione Diaconale dell\u2019accolito Marino Colamonico per\" \/>\n<meta property=\"og:url\" content=\"https:\/\/lavocedelpaese.info\/index.php\/2023\/02\/08\/ordinazione-diaconale-dellaccolito-marino-colamonico\/\" \/>\n<meta property=\"og:site_name\" content=\"La Voce del Paese\" \/>\n<meta property=\"article:publisher\" content=\"https:\/\/www.facebook.com\/lavocedelpaese.info\" \/>\n<meta property=\"article:published_time\" content=\"2023-02-08T03:48:50+00:00\" \/>\n<meta name=\"twitter:card\" content=\"summary_large_image\" \/>\n<meta name=\"twitter:label1\" content=\"Tempo di lettura stimato\" \/>\n\t<meta name=\"twitter:data1\" content=\"1 minuto\" \/>\n<script type=\"application\/ld+json\" class=\"yoast-schema-graph\">{\"@context\":\"https:\\\/\\\/schema.org\",\"@graph\":[{\"@type\":\"Article\",\"@id\":\"https:\\\/\\\/lavocedelpaese.info\\\/index.php\\\/2023\\\/02\\\/08\\\/ordinazione-diaconale-dellaccolito-marino-colamonico\\\/#article\",\"isPartOf\":{\"@id\":\"https:\\\/\\\/lavocedelpaese.info\\\/index.php\\\/2023\\\/02\\\/08\\\/ordinazione-diaconale-dellaccolito-marino-colamonico\\\/\"},\"author\":{\"name\":\"\",\"@id\":\"\"},\"headline\":\"Ordinazione diaconale dell\u2019accolito Marino Colamonico\",\"datePublished\":\"2023-02-08T03:48:50+00:00\",\"mainEntityOfPage\":{\"@id\":\"https:\\\/\\\/lavocedelpaese.info\\\/index.php\\\/2023\\\/02\\\/08\\\/ordinazione-diaconale-dellaccolito-marino-colamonico\\\/\"},\"wordCount\":262,\"commentCount\":0,\"publisher\":{\"@id\":\"https:\\\/\\\/lavocedelpaese.info\\\/#organization\"},\"articleSection\":[\"network\"],\"inLanguage\":\"it-IT\",\"potentialAction\":[{\"@type\":\"CommentAction\",\"name\":\"Comment\",\"target\":[\"https:\\\/\\\/lavocedelpaese.info\\\/index.php\\\/2023\\\/02\\\/08\\\/ordinazione-diaconale-dellaccolito-marino-colamonico\\\/#respond\"]}]},{\"@type\":\"WebPage\",\"@id\":\"https:\\\/\\\/lavocedelpaese.info\\\/index.php\\\/2023\\\/02\\\/08\\\/ordinazione-diaconale-dellaccolito-marino-colamonico\\\/\",\"url\":\"https:\\\/\\\/lavocedelpaese.info\\\/index.php\\\/2023\\\/02\\\/08\\\/ordinazione-diaconale-dellaccolito-marino-colamonico\\\/\",\"name\":\"Ordinazione diaconale dell\u2019accolito Marino Colamonico - La Voce del Paese\",\"isPartOf\":{\"@id\":\"https:\\\/\\\/lavocedelpaese.info\\\/#website\"},\"datePublished\":\"2023-02-08T03:48:50+00:00\",\"breadcrumb\":{\"@id\":\"https:\\\/\\\/lavocedelpaese.info\\\/index.php\\\/2023\\\/02\\\/08\\\/ordinazione-diaconale-dellaccolito-marino-colamonico\\\/#breadcrumb\"},\"inLanguage\":\"it-IT\",\"potentialAction\":[{\"@type\":\"ReadAction\",\"target\":[\"https:\\\/\\\/lavocedelpaese.info\\\/index.php\\\/2023\\\/02\\\/08\\\/ordinazione-diaconale-dellaccolito-marino-colamonico\\\/\"]}]},{\"@type\":\"BreadcrumbList\",\"@id\":\"https:\\\/\\\/lavocedelpaese.info\\\/index.php\\\/2023\\\/02\\\/08\\\/ordinazione-diaconale-dellaccolito-marino-colamonico\\\/#breadcrumb\",\"itemListElement\":[{\"@type\":\"ListItem\",\"position\":1,\"name\":\"Home\",\"item\":\"https:\\\/\\\/lavocedelpaese.info\\\/\"},{\"@type\":\"ListItem\",\"position\":2,\"name\":\"Ordinazione diaconale dell\u2019accolito Marino Colamonico\"}]},{\"@type\":\"WebSite\",\"@id\":\"https:\\\/\\\/lavocedelpaese.info\\\/#website\",\"url\":\"https:\\\/\\\/lavocedelpaese.info\\\/\",\"name\":\"La Voce del Paese\",\"description\":\"Un network di idee\",\"publisher\":{\"@id\":\"https:\\\/\\\/lavocedelpaese.info\\\/#organization\"},\"potentialAction\":[{\"@type\":\"SearchAction\",\"target\":{\"@type\":\"EntryPoint\",\"urlTemplate\":\"https:\\\/\\\/lavocedelpaese.info\\\/?s={search_term_string}\"},\"query-input\":{\"@type\":\"PropertyValueSpecification\",\"valueRequired\":true,\"valueName\":\"search_term_string\"}}],\"inLanguage\":\"it-IT\"},{\"@type\":\"Organization\",\"@id\":\"https:\\\/\\\/lavocedelpaese.info\\\/#organization\",\"name\":\"La Voce del Paese\",\"url\":\"https:\\\/\\\/lavocedelpaese.info\\\/\",\"logo\":{\"@type\":\"ImageObject\",\"inLanguage\":\"it-IT\",\"@id\":\"https:\\\/\\\/lavocedelpaese.info\\\/#\\\/schema\\\/logo\\\/image\\\/\",\"url\":\"https:\\\/\\\/lavocedelpaese.info\\\/wp-content\\\/uploads\\\/2023\\\/01\\\/cropped-logo-150-127.png\",\"contentUrl\":\"https:\\\/\\\/lavocedelpaese.info\\\/wp-content\\\/uploads\\\/2023\\\/01\\\/cropped-logo-150-127.png\",\"width\":137,\"height\":119,\"caption\":\"La Voce del Paese\"},\"image\":{\"@id\":\"https:\\\/\\\/lavocedelpaese.info\\\/#\\\/schema\\\/logo\\\/image\\\/\"},\"sameAs\":[\"https:\\\/\\\/www.facebook.com\\\/lavocedelpaese.info\"]}]}<\/script>\n<!-- \/ Yoast SEO plugin. -->","yoast_head_json":{"title":"Ordinazione diaconale dell\u2019accolito Marino Colamonico - La Voce del Paese","robots":{"index":"index","follow":"follow","max-snippet":"max-snippet:-1","max-image-preview":"max-image-preview:large","max-video-preview":"max-video-preview:-1"},"canonical":"https:\/\/lavocedelpaese.info\/index.php\/2023\/02\/08\/ordinazione-diaconale-dellaccolito-marino-colamonico\/","og_locale":"it_IT","og_type":"article","og_title":"Ordinazione diaconale dell\u2019accolito Marino Colamonico - La Voce del Paese","og_description":"Gioved\u00ec 9 Febbraio 2023, alle ore 19.00, la concattedrale di Acquaviva delle Fonti ospiter\u00e0 l\u2019Ordinazione Diaconale dell\u2019accolito Marino Colamonico per","og_url":"https:\/\/lavocedelpaese.info\/index.php\/2023\/02\/08\/ordinazione-diaconale-dellaccolito-marino-colamonico\/","og_site_name":"La Voce del Paese","article_publisher":"https:\/\/www.facebook.com\/lavocedelpaese.info","article_published_time":"2023-02-08T03:48:50+00:00","twitter_card":"summary_large_image","twitter_misc":{"Tempo di lettura stimato":"1 minuto"},"schema":{"@context":"https:\/\/schema.org","@graph":[{"@type":"Article","@id":"https:\/\/lavocedelpaese.info\/index.php\/2023\/02\/08\/ordinazione-diaconale-dellaccolito-marino-colamonico\/#article","isPartOf":{"@id":"https:\/\/lavocedelpaese.info\/index.php\/2023\/02\/08\/ordinazione-diaconale-dellaccolito-marino-colamonico\/"},"author":{"name":"","@id":""},"headline":"Ordinazione diaconale dell\u2019accolito Marino Colamonico","datePublished":"2023-02-08T03:48:50+00:00","mainEntityOfPage":{"@id":"https:\/\/lavocedelpaese.info\/index.php\/2023\/02\/08\/ordinazione-diaconale-dellaccolito-marino-colamonico\/"},"wordCount":262,"commentCount":0,"publisher":{"@id":"https:\/\/lavocedelpaese.info\/#organization"},"articleSection":["network"],"inLanguage":"it-IT","potentialAction":[{"@type":"CommentAction","name":"Comment","target":["https:\/\/lavocedelpaese.info\/index.php\/2023\/02\/08\/ordinazione-diaconale-dellaccolito-marino-colamonico\/#respond"]}]},{"@type":"WebPage","@id":"https:\/\/lavocedelpaese.info\/index.php\/2023\/02\/08\/ordinazione-diaconale-dellaccolito-marino-colamonico\/","url":"https:\/\/lavocedelpaese.info\/index.php\/2023\/02\/08\/ordinazione-diaconale-dellaccolito-marino-colamonico\/","name":"Ordinazione diaconale dell\u2019accolito Marino Colamonico - La Voce del Paese","isPartOf":{"@id":"https:\/\/lavocedelpaese.info\/#website"},"datePublished":"2023-02-08T03:48:50+00:00","breadcrumb":{"@id":"https:\/\/lavocedelpaese.info\/index.php\/2023\/02\/08\/ordinazione-diaconale-dellaccolito-marino-colamonico\/#breadcrumb"},"inLanguage":"it-IT","potentialAction":[{"@type":"ReadAction","target":["https:\/\/lavocedelpaese.info\/index.php\/2023\/02\/08\/ordinazione-diaconale-dellaccolito-marino-colamonico\/"]}]},{"@type":"BreadcrumbList","@id":"https:\/\/lavocedelpaese.info\/index.php\/2023\/02\/08\/ordinazione-diaconale-dellaccolito-marino-colamonico\/#breadcrumb","itemListElement":[{"@type":"ListItem","position":1,"name":"Home","item":"https:\/\/lavocedelpaese.info\/"},{"@type":"ListItem","position":2,"name":"Ordinazione diaconale dell\u2019accolito Marino Colamonico"}]},{"@type":"WebSite","@id":"https:\/\/lavocedelpaese.info\/#website","url":"https:\/\/lavocedelpaese.info\/","name":"La Voce del Paese","description":"Un network di idee","publisher":{"@id":"https:\/\/lavocedelpaese.info\/#organization"},"potentialAction":[{"@type":"SearchAction","target":{"@type":"EntryPoint","urlTemplate":"https:\/\/lavocedelpaese.info\/?s={search_term_string}"},"query-input":{"@type":"PropertyValueSpecification","valueRequired":true,"valueName":"search_term_string"}}],"inLanguage":"it-IT"},{"@type":"Organization","@id":"https:\/\/lavocedelpaese.info\/#organization","name":"La Voce del Paese","url":"https:\/\/lavocedelpaese.info\/","logo":{"@type":"ImageObject","inLanguage":"it-IT","@id":"https:\/\/lavocedelpaese.info\/#\/schema\/logo\/image\/","url":"https:\/\/lavocedelpaese.info\/wp-content\/uploads\/2023\/01\/cropped-logo-150-127.png","contentUrl":"https:\/\/lavocedelpaese.info\/wp-content\/uploads\/2023\/01\/cropped-logo-150-127.png","width":137,"height":119,"caption":"La Voce del Paese"},"image":{"@id":"https:\/\/lavocedelpaese.info\/#\/schema\/logo\/image\/"},"sameAs":["https:\/\/www.facebook.com\/lavocedelpaese.info"]}]}},"_links":{"self":[{"href":"https:\/\/lavocedelpaese.info\/index.php\/wp-json\/wp\/v2\/posts\/994","targetHints":{"allow":["GET"]}}],"collection":[{"href":"https:\/\/lavocedelpaese.info\/index.php\/wp-json\/wp\/v2\/posts"}],"about":[{"href":"https:\/\/lavocedelpaese.info\/index.php\/wp-json\/wp\/v2\/types\/post"}],"replies":[{"embeddable":true,"href":"https:\/\/lavocedelpaese.info\/index.php\/wp-json\/wp\/v2\/comments?post=994"}],"version-history":[{"count":0,"href":"https:\/\/lavocedelpaese.info\/index.php\/wp-json\/wp\/v2\/posts\/994\/revisions"}],"wp:attachment":[{"href":"https:\/\/lavocedelpaese.info\/index.php\/wp-json\/wp\/v2\/media?parent=994"}],"wp:term":[{"taxonomy":"category","embeddable":true,"href":"https:\/\/lavocedelpaese.info\/index.php\/wp-json\/wp\/v2\/categories?post=994"},{"taxonomy":"post_tag","embeddable":true,"href":"https:\/\/lavocedelpaese.info\/index.php\/wp-json\/wp\/v2\/tags?post=994"}],"curies":[{"name":"wp","href":"https:\/\/api.w.org\/{rel}","templated":true}]}}