{"id":9935,"date":"2025-09-21T07:16:10","date_gmt":"2025-09-21T07:16:10","guid":{"rendered":"https:\/\/lavocedelpaese.info\/index.php\/2025\/09\/21\/medici-italiani-in-peru-ignazio-zullo-si-fa-promotore-in-senato-della-missione\/"},"modified":"2025-09-21T07:16:10","modified_gmt":"2025-09-21T07:16:10","slug":"medici-italiani-in-peru-ignazio-zullo-si-fa-promotore-in-senato-della-missione","status":"publish","type":"post","link":"https:\/\/lavocedelpaese.info\/index.php\/2025\/09\/21\/medici-italiani-in-peru-ignazio-zullo-si-fa-promotore-in-senato-della-missione\/","title":{"rendered":"Medici italiani in Per\u00f9, Ignazio Zullo si fa promotore in Senato della missione\u00a0\u200b"},"content":{"rendered":"<p>\u00a0<\/p>\n<p>\u200b\u00a0<\/p>\n<p>\u200b\u00a0<\/p>\n<p>E\u2019 partita lo scorso 18 settembre alla volta del Per\u00f9, la nuova missione sanitaria internazionale organizzata da Ripartiamo Aps, in collaborazione con la cooperativa sociale San Bernardo. La spedizione far\u00e0 tappa prima a Chiclayo, citt\u00e0 dove papa Leone XIV \u00e8 stato vescovo, e poi a Cusco.<\/p>\n<p>Tra i medici volontari che prenderanno parte alla spedizione, due nomi di grande rilievo nel panorama sanitario italiano: <strong>Roy De Vita<\/strong>, direttore della Divisione di Chirurgia plastica dell\u2019Istituto tumori \u201cRegina Elena\u201d di Roma, e <strong>Walter Morale<\/strong>, direttore della Uoc di Nefrologia e Dialisi dell\u2019Asp di Ragusa. Entrambi hanno gi\u00e0 collaborato con la Ripartiamo Aps, recandosi rispettivamente in Nepal e in Madagascar e Tanzania per le precedenti missioni di carattere medico organizzate dall\u2019associazione. Insieme a loro ci saranno anche le dottoresse <strong>Maria Luisa Nardulli<\/strong>, chirurgo plastico nell\u2019ospedale Perrino di Brindisi, e <strong>Rosaria Martina<\/strong>, oncologa epatobiliare, oltre a tre infermiere e una psicologa della San Bernardo.<\/p>\n<p>A Chiclayo, in collaborazione con la Caritas e con l\u2019Ospedale regionale di Lambayeque, Roy De Vita e Walter Morale saranno impegnati in interventi di ricostruzione mammaria per pazienti oncologiche e di fistola arterovenosa per pazienti dializzati, con il prezioso supporto delle colleghe che si dedicheranno agli screening per i tumori. Sempre a Chiclayo, i medici terranno una giornata di formazione dedicata al personale sanitario e agli studenti universitari, con un focus sull\u2019aspetto spirituale ed etico, a cura di Ripartiamo Aps. La missione proseguir\u00e0 nella regione di Cusco, dove i volontari visiteranno prima le comunit\u00e0 andine e poi saranno impegnati in screening della popolazione pi\u00f9 vulnerabile, in collaborazione con un\u2019associazione locale.<br \/>La missione sanitaria in Per\u00f9 \u00e8 stata presentata a Roma, al Senato. <em>\u201cDa medico<\/em> \u2013 <strong>ha detto il senatore Ignazio Zullo,<\/strong> capogruppo FDI \u2013 Commissione Sanit\u00e0, che ha promosso l\u2019evento \u2013 <em>non potevo non considerare questo slancio di solidariet\u00e0 da parte di tanti colleghi che sono esempio di buona sanit\u00e0 in Italia e che ora andranno a confrontarsi con la realt\u00e0 peruviana, portando know how e competenze, ma soprattutto ad aprire un confronto su quelle che sono le buone pratiche del nostro paese, e mi riferisco soprattutto alla presa in carica post operatoria, all\u2019assistenza domiciliare o all\u2019assistenza protetta, ma anche al trattamento del fine vita negli hospice\u201d.<\/em><br \/>E di buona sanit\u00e0 ha parlato anche\u00a0 Maurizio De Nuccio, direttore generale della Asl Brindisi, che sostiene la missione al fianco di Ripartiamo Aps e della cooperativa San Bernardo. \u201cDesidero ringraziare il senatore Ignazio Zullo \u2013 ha detto \u2013 per questa iniziativa che ci offre l\u2019opportunit\u00e0 di riflettere sul valore delle missioni sanitarie internazionali e sul ruolo che l\u2019Italia, attraverso i suoi professionisti, pu\u00f2 svolgere nel mondo. Non parliamo solo di assistenza sanitaria ma anche di solidariet\u00e0, cooperazione e prossimit\u00e0 umana. Parliamo della capacit\u00e0 di portare competenze, tecnologie e organizzazione nei luoghi in cui spesso la salute \u00e8 un privilegio per pochi e non un diritto garantito a tutti. La nostra esperienza in Puglia e in modo particolare a Brindisi dimostra che i medici, gli infermieri e gli operatori sociosanitari sono ponti di umanit\u00e0. Queste missioni\u00a0 rafforzano anche il nostro servizio sanitario nazionale perch\u00e9 gli operatori tornano in Italia con prospettive, competenze e sensibilit\u00e0 nuove. Diventa un investimento per la qualit\u00e0 e l\u2019umanizzazione delle cure nel nostro territorio\u201d.\u00a0<br \/>\u201cL\u2019incontro con persone che vivono condizioni di vulnerabilit\u00e0 \u2013 ha aggiunto il direttore generale della San Bernardo, Pino Natale \u2013 \u00e8 un\u2019esperienza che non pu\u00f2 lasciarti indifferente. Per questo ci tengo non solo a sostenere le missioni ma a parteciparvi personalmente e, una volta in Italia, cerco di trasmettere il senso di compassione e di dedizione alla cura anche agli operatori della cooperativa, che ogni giorno svolgono con coscienza il loro lavoro\u201d.<\/p>\n<p>\u201cHo accolto volentieri l\u2019invito della Ripartiamo a unirmi alla missione in Per\u00f9, dopo quella svolta in Nepal \u2013 ha spiegato il prof Roy De Vita \u2013. Ho gi\u00e0 avuto un confronto con i colleghi peruviani, che mi hanno presentato casi di donne con tumore al seno, casi che in Italia non siamo pi\u00f9 abituati a vedere. Entrer\u00f2 subito nel vivo con gli interventi di ricostruzione mammaria. Per me l\u2019interesse primario \u00e8 sempre il benessere delle pazienti, che promuovo anche attraverso la mia Fondazione\u201d.<\/p>\n<p><a class=\"a2a_button_facebook\" href=\"https:\/\/www.addtoany.com\/add_to\/facebook?linkurl=https%3A%2F%2Fcassano.lavocedelpaese.info%2Fmedici-italiani-in-peru-ignazio-zullo-si-fa-promotore-in-senato-della-missione%2F&amp;linkname=Medici%20italiani%20in%20Per%C3%B9%2C%20Ignazio%20Zullo%20si%20fa%20promotore%20in%20Senato%20della%20missione\" title=\"Facebook\" rel=\"nofollow noopener\" target=\"_blank\"><\/a><a class=\"a2a_button_twitter\" href=\"https:\/\/www.addtoany.com\/add_to\/twitter?linkurl=https%3A%2F%2Fcassano.lavocedelpaese.info%2Fmedici-italiani-in-peru-ignazio-zullo-si-fa-promotore-in-senato-della-missione%2F&amp;linkname=Medici%20italiani%20in%20Per%C3%B9%2C%20Ignazio%20Zullo%20si%20fa%20promotore%20in%20Senato%20della%20missione\" title=\"Twitter\" rel=\"nofollow noopener\" target=\"_blank\"><\/a><a class=\"a2a_button_whatsapp\" href=\"https:\/\/www.addtoany.com\/add_to\/whatsapp?linkurl=https%3A%2F%2Fcassano.lavocedelpaese.info%2Fmedici-italiani-in-peru-ignazio-zullo-si-fa-promotore-in-senato-della-missione%2F&amp;linkname=Medici%20italiani%20in%20Per%C3%B9%2C%20Ignazio%20Zullo%20si%20fa%20promotore%20in%20Senato%20della%20missione\" title=\"WhatsApp\" rel=\"nofollow noopener\" target=\"_blank\"><\/a><a class=\"a2a_button_telegram\" href=\"https:\/\/www.addtoany.com\/add_to\/telegram?linkurl=https%3A%2F%2Fcassano.lavocedelpaese.info%2Fmedici-italiani-in-peru-ignazio-zullo-si-fa-promotore-in-senato-della-missione%2F&amp;linkname=Medici%20italiani%20in%20Per%C3%B9%2C%20Ignazio%20Zullo%20si%20fa%20promotore%20in%20Senato%20della%20missione\" title=\"Telegram\" rel=\"nofollow noopener\" target=\"_blank\"><\/a><a class=\"a2a_button_email\" href=\"https:\/\/www.addtoany.com\/add_to\/email?linkurl=https%3A%2F%2Fcassano.lavocedelpaese.info%2Fmedici-italiani-in-peru-ignazio-zullo-si-fa-promotore-in-senato-della-missione%2F&amp;linkname=Medici%20italiani%20in%20Per%C3%B9%2C%20Ignazio%20Zullo%20si%20fa%20promotore%20in%20Senato%20della%20missione\" title=\"Email\" rel=\"nofollow noopener\" target=\"_blank\"><\/a><\/p>\n<p>\u00a0<\/p>\n<p>\u00a0<\/p>\n<p>\u200b\u00a0\u00a0\u00a0<\/p>","protected":false},"excerpt":{"rendered":"<p>\u00a0 \u200b\u00a0 \u200b\u00a0 E\u2019 partita lo scorso 18 settembre alla volta del Per\u00f9, la nuova missione sanitaria internazionale organizzata da<\/p>\n","protected":false},"author":6,"featured_media":730,"comment_status":"open","ping_status":"closed","sticky":false,"template":"","format":"standard","meta":{"colormag_page_container_layout":"default_layout","colormag_page_sidebar_layout":"default_layout","footnotes":""},"categories":[33],"tags":[],"class_list":["post-9935","post","type-post","status-publish","format-standard","has-post-thumbnail","hentry","category-network"],"yoast_head":"<!-- This site is optimized with the Yoast SEO plugin v27.5 - https:\/\/yoast.com\/product\/yoast-seo-wordpress\/ -->\n<title>Medici italiani in Per\u00f9, Ignazio Zullo si fa promotore in Senato della missione\u00a0\u200b - La Voce del Paese<\/title>\n<meta name=\"robots\" content=\"index, follow, max-snippet:-1, max-image-preview:large, max-video-preview:-1\" \/>\n<link rel=\"canonical\" href=\"https:\/\/lavocedelpaese.info\/index.php\/2025\/09\/21\/medici-italiani-in-peru-ignazio-zullo-si-fa-promotore-in-senato-della-missione\/\" \/>\n<meta property=\"og:locale\" content=\"it_IT\" \/>\n<meta property=\"og:type\" content=\"article\" \/>\n<meta property=\"og:title\" content=\"Medici italiani in Per\u00f9, Ignazio Zullo si fa promotore in Senato della missione\u00a0\u200b - La Voce del Paese\" \/>\n<meta property=\"og:description\" content=\"\u00a0 \u200b\u00a0 \u200b\u00a0 E\u2019 partita lo scorso 18 settembre alla volta del Per\u00f9, la nuova missione sanitaria internazionale organizzata da\" \/>\n<meta property=\"og:url\" content=\"https:\/\/lavocedelpaese.info\/index.php\/2025\/09\/21\/medici-italiani-in-peru-ignazio-zullo-si-fa-promotore-in-senato-della-missione\/\" \/>\n<meta property=\"og:site_name\" content=\"La Voce del Paese\" \/>\n<meta property=\"article:publisher\" content=\"https:\/\/www.facebook.com\/lavocedelpaese.info\" \/>\n<meta property=\"article:published_time\" content=\"2025-09-21T07:16:10+00:00\" \/>\n<meta name=\"author\" content=\"admin\" \/>\n<meta name=\"twitter:card\" content=\"summary_large_image\" \/>\n<meta name=\"twitter:label1\" content=\"Scritto da\" \/>\n\t<meta name=\"twitter:data1\" content=\"admin\" \/>\n\t<meta name=\"twitter:label2\" content=\"Tempo di lettura stimato\" \/>\n\t<meta name=\"twitter:data2\" content=\"3 minuti\" \/>\n<script type=\"application\/ld+json\" class=\"yoast-schema-graph\">{\"@context\":\"https:\\\/\\\/schema.org\",\"@graph\":[{\"@type\":\"Article\",\"@id\":\"https:\\\/\\\/lavocedelpaese.info\\\/index.php\\\/2025\\\/09\\\/21\\\/medici-italiani-in-peru-ignazio-zullo-si-fa-promotore-in-senato-della-missione\\\/#article\",\"isPartOf\":{\"@id\":\"https:\\\/\\\/lavocedelpaese.info\\\/index.php\\\/2025\\\/09\\\/21\\\/medici-italiani-in-peru-ignazio-zullo-si-fa-promotore-in-senato-della-missione\\\/\"},\"author\":{\"name\":\"admin\",\"@id\":\"https:\\\/\\\/lavocedelpaese.info\\\/#\\\/schema\\\/person\\\/ec151d321306bd7591f7a061abf72d88\"},\"headline\":\"Medici italiani in Per\u00f9, Ignazio Zullo si fa promotore in Senato della missione\u00a0\u200b\",\"datePublished\":\"2025-09-21T07:16:10+00:00\",\"mainEntityOfPage\":{\"@id\":\"https:\\\/\\\/lavocedelpaese.info\\\/index.php\\\/2025\\\/09\\\/21\\\/medici-italiani-in-peru-ignazio-zullo-si-fa-promotore-in-senato-della-missione\\\/\"},\"wordCount\":705,\"commentCount\":0,\"publisher\":{\"@id\":\"https:\\\/\\\/lavocedelpaese.info\\\/#organization\"},\"image\":{\"@id\":\"https:\\\/\\\/lavocedelpaese.info\\\/index.php\\\/2025\\\/09\\\/21\\\/medici-italiani-in-peru-ignazio-zullo-si-fa-promotore-in-senato-della-missione\\\/#primaryimage\"},\"thumbnailUrl\":\"https:\\\/\\\/lavocedelpaese.info\\\/wp-content\\\/uploads\\\/2023\\\/01\\\/logo-150-127.png\",\"articleSection\":[\"network\"],\"inLanguage\":\"it-IT\",\"potentialAction\":[{\"@type\":\"CommentAction\",\"name\":\"Comment\",\"target\":[\"https:\\\/\\\/lavocedelpaese.info\\\/index.php\\\/2025\\\/09\\\/21\\\/medici-italiani-in-peru-ignazio-zullo-si-fa-promotore-in-senato-della-missione\\\/#respond\"]}]},{\"@type\":\"WebPage\",\"@id\":\"https:\\\/\\\/lavocedelpaese.info\\\/index.php\\\/2025\\\/09\\\/21\\\/medici-italiani-in-peru-ignazio-zullo-si-fa-promotore-in-senato-della-missione\\\/\",\"url\":\"https:\\\/\\\/lavocedelpaese.info\\\/index.php\\\/2025\\\/09\\\/21\\\/medici-italiani-in-peru-ignazio-zullo-si-fa-promotore-in-senato-della-missione\\\/\",\"name\":\"Medici italiani in Per\u00f9, Ignazio Zullo si fa promotore in Senato della missione\u00a0\u200b - La Voce del Paese\",\"isPartOf\":{\"@id\":\"https:\\\/\\\/lavocedelpaese.info\\\/#website\"},\"primaryImageOfPage\":{\"@id\":\"https:\\\/\\\/lavocedelpaese.info\\\/index.php\\\/2025\\\/09\\\/21\\\/medici-italiani-in-peru-ignazio-zullo-si-fa-promotore-in-senato-della-missione\\\/#primaryimage\"},\"image\":{\"@id\":\"https:\\\/\\\/lavocedelpaese.info\\\/index.php\\\/2025\\\/09\\\/21\\\/medici-italiani-in-peru-ignazio-zullo-si-fa-promotore-in-senato-della-missione\\\/#primaryimage\"},\"thumbnailUrl\":\"https:\\\/\\\/lavocedelpaese.info\\\/wp-content\\\/uploads\\\/2023\\\/01\\\/logo-150-127.png\",\"datePublished\":\"2025-09-21T07:16:10+00:00\",\"breadcrumb\":{\"@id\":\"https:\\\/\\\/lavocedelpaese.info\\\/index.php\\\/2025\\\/09\\\/21\\\/medici-italiani-in-peru-ignazio-zullo-si-fa-promotore-in-senato-della-missione\\\/#breadcrumb\"},\"inLanguage\":\"it-IT\",\"potentialAction\":[{\"@type\":\"ReadAction\",\"target\":[\"https:\\\/\\\/lavocedelpaese.info\\\/index.php\\\/2025\\\/09\\\/21\\\/medici-italiani-in-peru-ignazio-zullo-si-fa-promotore-in-senato-della-missione\\\/\"]}]},{\"@type\":\"ImageObject\",\"inLanguage\":\"it-IT\",\"@id\":\"https:\\\/\\\/lavocedelpaese.info\\\/index.php\\\/2025\\\/09\\\/21\\\/medici-italiani-in-peru-ignazio-zullo-si-fa-promotore-in-senato-della-missione\\\/#primaryimage\",\"url\":\"https:\\\/\\\/lavocedelpaese.info\\\/wp-content\\\/uploads\\\/2023\\\/01\\\/logo-150-127.png\",\"contentUrl\":\"https:\\\/\\\/lavocedelpaese.info\\\/wp-content\\\/uploads\\\/2023\\\/01\\\/logo-150-127.png\",\"width\":150,\"height\":127},{\"@type\":\"BreadcrumbList\",\"@id\":\"https:\\\/\\\/lavocedelpaese.info\\\/index.php\\\/2025\\\/09\\\/21\\\/medici-italiani-in-peru-ignazio-zullo-si-fa-promotore-in-senato-della-missione\\\/#breadcrumb\",\"itemListElement\":[{\"@type\":\"ListItem\",\"position\":1,\"name\":\"Home\",\"item\":\"https:\\\/\\\/lavocedelpaese.info\\\/\"},{\"@type\":\"ListItem\",\"position\":2,\"name\":\"Medici italiani in Per\u00f9, Ignazio Zullo si fa promotore in Senato della missione\u00a0\u200b\"}]},{\"@type\":\"WebSite\",\"@id\":\"https:\\\/\\\/lavocedelpaese.info\\\/#website\",\"url\":\"https:\\\/\\\/lavocedelpaese.info\\\/\",\"name\":\"La Voce del Paese\",\"description\":\"Un network di idee\",\"publisher\":{\"@id\":\"https:\\\/\\\/lavocedelpaese.info\\\/#organization\"},\"potentialAction\":[{\"@type\":\"SearchAction\",\"target\":{\"@type\":\"EntryPoint\",\"urlTemplate\":\"https:\\\/\\\/lavocedelpaese.info\\\/?s={search_term_string}\"},\"query-input\":{\"@type\":\"PropertyValueSpecification\",\"valueRequired\":true,\"valueName\":\"search_term_string\"}}],\"inLanguage\":\"it-IT\"},{\"@type\":\"Organization\",\"@id\":\"https:\\\/\\\/lavocedelpaese.info\\\/#organization\",\"name\":\"La Voce del Paese\",\"url\":\"https:\\\/\\\/lavocedelpaese.info\\\/\",\"logo\":{\"@type\":\"ImageObject\",\"inLanguage\":\"it-IT\",\"@id\":\"https:\\\/\\\/lavocedelpaese.info\\\/#\\\/schema\\\/logo\\\/image\\\/\",\"url\":\"https:\\\/\\\/lavocedelpaese.info\\\/wp-content\\\/uploads\\\/2023\\\/01\\\/cropped-logo-150-127.png\",\"contentUrl\":\"https:\\\/\\\/lavocedelpaese.info\\\/wp-content\\\/uploads\\\/2023\\\/01\\\/cropped-logo-150-127.png\",\"width\":137,\"height\":119,\"caption\":\"La Voce del Paese\"},\"image\":{\"@id\":\"https:\\\/\\\/lavocedelpaese.info\\\/#\\\/schema\\\/logo\\\/image\\\/\"},\"sameAs\":[\"https:\\\/\\\/www.facebook.com\\\/lavocedelpaese.info\"]},{\"@type\":\"Person\",\"@id\":\"https:\\\/\\\/lavocedelpaese.info\\\/#\\\/schema\\\/person\\\/ec151d321306bd7591f7a061abf72d88\",\"name\":\"admin\",\"image\":{\"@type\":\"ImageObject\",\"inLanguage\":\"it-IT\",\"@id\":\"https:\\\/\\\/secure.gravatar.com\\\/avatar\\\/af8f2caf0663124588de48a9380e07cbc95a74ef15b8062d0d39106c32fe3023?s=96&d=mm&r=g\",\"url\":\"https:\\\/\\\/secure.gravatar.com\\\/avatar\\\/af8f2caf0663124588de48a9380e07cbc95a74ef15b8062d0d39106c32fe3023?s=96&d=mm&r=g\",\"contentUrl\":\"https:\\\/\\\/secure.gravatar.com\\\/avatar\\\/af8f2caf0663124588de48a9380e07cbc95a74ef15b8062d0d39106c32fe3023?s=96&d=mm&r=g\",\"caption\":\"admin\"},\"sameAs\":[\"https:\\\/\\\/lavocedelpaese.info\"],\"url\":\"https:\\\/\\\/lavocedelpaese.info\\\/index.php\\\/author\\\/admin\\\/\"}]}<\/script>\n<!-- \/ Yoast SEO plugin. -->","yoast_head_json":{"title":"Medici italiani in Per\u00f9, Ignazio Zullo si fa promotore in Senato della missione\u00a0\u200b - La Voce del Paese","robots":{"index":"index","follow":"follow","max-snippet":"max-snippet:-1","max-image-preview":"max-image-preview:large","max-video-preview":"max-video-preview:-1"},"canonical":"https:\/\/lavocedelpaese.info\/index.php\/2025\/09\/21\/medici-italiani-in-peru-ignazio-zullo-si-fa-promotore-in-senato-della-missione\/","og_locale":"it_IT","og_type":"article","og_title":"Medici italiani in Per\u00f9, Ignazio Zullo si fa promotore in Senato della missione\u00a0\u200b - La Voce del Paese","og_description":"\u00a0 \u200b\u00a0 \u200b\u00a0 E\u2019 partita lo scorso 18 settembre alla volta del Per\u00f9, la nuova missione sanitaria internazionale organizzata da","og_url":"https:\/\/lavocedelpaese.info\/index.php\/2025\/09\/21\/medici-italiani-in-peru-ignazio-zullo-si-fa-promotore-in-senato-della-missione\/","og_site_name":"La Voce del Paese","article_publisher":"https:\/\/www.facebook.com\/lavocedelpaese.info","article_published_time":"2025-09-21T07:16:10+00:00","author":"admin","twitter_card":"summary_large_image","twitter_misc":{"Scritto da":"admin","Tempo di lettura stimato":"3 minuti"},"schema":{"@context":"https:\/\/schema.org","@graph":[{"@type":"Article","@id":"https:\/\/lavocedelpaese.info\/index.php\/2025\/09\/21\/medici-italiani-in-peru-ignazio-zullo-si-fa-promotore-in-senato-della-missione\/#article","isPartOf":{"@id":"https:\/\/lavocedelpaese.info\/index.php\/2025\/09\/21\/medici-italiani-in-peru-ignazio-zullo-si-fa-promotore-in-senato-della-missione\/"},"author":{"name":"admin","@id":"https:\/\/lavocedelpaese.info\/#\/schema\/person\/ec151d321306bd7591f7a061abf72d88"},"headline":"Medici italiani in Per\u00f9, Ignazio Zullo si fa promotore in Senato della missione\u00a0\u200b","datePublished":"2025-09-21T07:16:10+00:00","mainEntityOfPage":{"@id":"https:\/\/lavocedelpaese.info\/index.php\/2025\/09\/21\/medici-italiani-in-peru-ignazio-zullo-si-fa-promotore-in-senato-della-missione\/"},"wordCount":705,"commentCount":0,"publisher":{"@id":"https:\/\/lavocedelpaese.info\/#organization"},"image":{"@id":"https:\/\/lavocedelpaese.info\/index.php\/2025\/09\/21\/medici-italiani-in-peru-ignazio-zullo-si-fa-promotore-in-senato-della-missione\/#primaryimage"},"thumbnailUrl":"https:\/\/lavocedelpaese.info\/wp-content\/uploads\/2023\/01\/logo-150-127.png","articleSection":["network"],"inLanguage":"it-IT","potentialAction":[{"@type":"CommentAction","name":"Comment","target":["https:\/\/lavocedelpaese.info\/index.php\/2025\/09\/21\/medici-italiani-in-peru-ignazio-zullo-si-fa-promotore-in-senato-della-missione\/#respond"]}]},{"@type":"WebPage","@id":"https:\/\/lavocedelpaese.info\/index.php\/2025\/09\/21\/medici-italiani-in-peru-ignazio-zullo-si-fa-promotore-in-senato-della-missione\/","url":"https:\/\/lavocedelpaese.info\/index.php\/2025\/09\/21\/medici-italiani-in-peru-ignazio-zullo-si-fa-promotore-in-senato-della-missione\/","name":"Medici italiani in Per\u00f9, Ignazio Zullo si fa promotore in Senato della missione\u00a0\u200b - La Voce del Paese","isPartOf":{"@id":"https:\/\/lavocedelpaese.info\/#website"},"primaryImageOfPage":{"@id":"https:\/\/lavocedelpaese.info\/index.php\/2025\/09\/21\/medici-italiani-in-peru-ignazio-zullo-si-fa-promotore-in-senato-della-missione\/#primaryimage"},"image":{"@id":"https:\/\/lavocedelpaese.info\/index.php\/2025\/09\/21\/medici-italiani-in-peru-ignazio-zullo-si-fa-promotore-in-senato-della-missione\/#primaryimage"},"thumbnailUrl":"https:\/\/lavocedelpaese.info\/wp-content\/uploads\/2023\/01\/logo-150-127.png","datePublished":"2025-09-21T07:16:10+00:00","breadcrumb":{"@id":"https:\/\/lavocedelpaese.info\/index.php\/2025\/09\/21\/medici-italiani-in-peru-ignazio-zullo-si-fa-promotore-in-senato-della-missione\/#breadcrumb"},"inLanguage":"it-IT","potentialAction":[{"@type":"ReadAction","target":["https:\/\/lavocedelpaese.info\/index.php\/2025\/09\/21\/medici-italiani-in-peru-ignazio-zullo-si-fa-promotore-in-senato-della-missione\/"]}]},{"@type":"ImageObject","inLanguage":"it-IT","@id":"https:\/\/lavocedelpaese.info\/index.php\/2025\/09\/21\/medici-italiani-in-peru-ignazio-zullo-si-fa-promotore-in-senato-della-missione\/#primaryimage","url":"https:\/\/lavocedelpaese.info\/wp-content\/uploads\/2023\/01\/logo-150-127.png","contentUrl":"https:\/\/lavocedelpaese.info\/wp-content\/uploads\/2023\/01\/logo-150-127.png","width":150,"height":127},{"@type":"BreadcrumbList","@id":"https:\/\/lavocedelpaese.info\/index.php\/2025\/09\/21\/medici-italiani-in-peru-ignazio-zullo-si-fa-promotore-in-senato-della-missione\/#breadcrumb","itemListElement":[{"@type":"ListItem","position":1,"name":"Home","item":"https:\/\/lavocedelpaese.info\/"},{"@type":"ListItem","position":2,"name":"Medici italiani in Per\u00f9, Ignazio Zullo si fa promotore in Senato della missione\u00a0\u200b"}]},{"@type":"WebSite","@id":"https:\/\/lavocedelpaese.info\/#website","url":"https:\/\/lavocedelpaese.info\/","name":"La Voce del Paese","description":"Un network di idee","publisher":{"@id":"https:\/\/lavocedelpaese.info\/#organization"},"potentialAction":[{"@type":"SearchAction","target":{"@type":"EntryPoint","urlTemplate":"https:\/\/lavocedelpaese.info\/?s={search_term_string}"},"query-input":{"@type":"PropertyValueSpecification","valueRequired":true,"valueName":"search_term_string"}}],"inLanguage":"it-IT"},{"@type":"Organization","@id":"https:\/\/lavocedelpaese.info\/#organization","name":"La Voce del Paese","url":"https:\/\/lavocedelpaese.info\/","logo":{"@type":"ImageObject","inLanguage":"it-IT","@id":"https:\/\/lavocedelpaese.info\/#\/schema\/logo\/image\/","url":"https:\/\/lavocedelpaese.info\/wp-content\/uploads\/2023\/01\/cropped-logo-150-127.png","contentUrl":"https:\/\/lavocedelpaese.info\/wp-content\/uploads\/2023\/01\/cropped-logo-150-127.png","width":137,"height":119,"caption":"La Voce del Paese"},"image":{"@id":"https:\/\/lavocedelpaese.info\/#\/schema\/logo\/image\/"},"sameAs":["https:\/\/www.facebook.com\/lavocedelpaese.info"]},{"@type":"Person","@id":"https:\/\/lavocedelpaese.info\/#\/schema\/person\/ec151d321306bd7591f7a061abf72d88","name":"admin","image":{"@type":"ImageObject","inLanguage":"it-IT","@id":"https:\/\/secure.gravatar.com\/avatar\/af8f2caf0663124588de48a9380e07cbc95a74ef15b8062d0d39106c32fe3023?s=96&d=mm&r=g","url":"https:\/\/secure.gravatar.com\/avatar\/af8f2caf0663124588de48a9380e07cbc95a74ef15b8062d0d39106c32fe3023?s=96&d=mm&r=g","contentUrl":"https:\/\/secure.gravatar.com\/avatar\/af8f2caf0663124588de48a9380e07cbc95a74ef15b8062d0d39106c32fe3023?s=96&d=mm&r=g","caption":"admin"},"sameAs":["https:\/\/lavocedelpaese.info"],"url":"https:\/\/lavocedelpaese.info\/index.php\/author\/admin\/"}]}},"_links":{"self":[{"href":"https:\/\/lavocedelpaese.info\/index.php\/wp-json\/wp\/v2\/posts\/9935","targetHints":{"allow":["GET"]}}],"collection":[{"href":"https:\/\/lavocedelpaese.info\/index.php\/wp-json\/wp\/v2\/posts"}],"about":[{"href":"https:\/\/lavocedelpaese.info\/index.php\/wp-json\/wp\/v2\/types\/post"}],"author":[{"embeddable":true,"href":"https:\/\/lavocedelpaese.info\/index.php\/wp-json\/wp\/v2\/users\/6"}],"replies":[{"embeddable":true,"href":"https:\/\/lavocedelpaese.info\/index.php\/wp-json\/wp\/v2\/comments?post=9935"}],"version-history":[{"count":0,"href":"https:\/\/lavocedelpaese.info\/index.php\/wp-json\/wp\/v2\/posts\/9935\/revisions"}],"wp:featuredmedia":[{"embeddable":true,"href":"https:\/\/lavocedelpaese.info\/index.php\/wp-json\/wp\/v2\/media\/730"}],"wp:attachment":[{"href":"https:\/\/lavocedelpaese.info\/index.php\/wp-json\/wp\/v2\/media?parent=9935"}],"wp:term":[{"taxonomy":"category","embeddable":true,"href":"https:\/\/lavocedelpaese.info\/index.php\/wp-json\/wp\/v2\/categories?post=9935"},{"taxonomy":"post_tag","embeddable":true,"href":"https:\/\/lavocedelpaese.info\/index.php\/wp-json\/wp\/v2\/tags?post=9935"}],"curies":[{"name":"wp","href":"https:\/\/api.w.org\/{rel}","templated":true}]}}