{"id":9909,"date":"2025-09-16T06:14:03","date_gmt":"2025-09-16T06:14:03","guid":{"rendered":"https:\/\/lavocedelpaese.info\/index.php\/2025\/09\/16\/a-s-d-cassano-delle-murge-calcio-a-5-presentata-la-rosa-e-lo-staff-tecnico-per-la-nuova-stagione\/"},"modified":"2025-09-16T06:14:03","modified_gmt":"2025-09-16T06:14:03","slug":"a-s-d-cassano-delle-murge-calcio-a-5-presentata-la-rosa-e-lo-staff-tecnico-per-la-nuova-stagione","status":"publish","type":"post","link":"https:\/\/lavocedelpaese.info\/index.php\/2025\/09\/16\/a-s-d-cassano-delle-murge-calcio-a-5-presentata-la-rosa-e-lo-staff-tecnico-per-la-nuova-stagione\/","title":{"rendered":"A.S.D. Cassano delle Murge Calcio a 5: presentata la rosa e lo staff tecnico per la nuova stagione\u00a0\u200b"},"content":{"rendered":"<p>\u00a0<\/p>\n<p>\u200b\u00a0<\/p>\n<p>\u200b\u00a0<\/p>\n<p>Nel tardo pomeriggio di domenica 7 settembre la Sala Consiliare del comune di Cassano ha ospitato l\u2019A.S.D. Cassano delle Murge Calcio a 5 per la presentazione ufficiale della squadra che prender\u00e0 parte al campionato di serie C1 regionale. Un evento aperto a tutta la cittadinanza che ha dato l\u2019occasione di poter conoscere i diversi protagonisti che scenderanno in campo durante la stagione 2025\/2026 con la maglia biancoazzurra.<\/p>\n<p>I cittadini e tutti i componenti della squadra sono stati accolti dal Sindaco Davide Del Re, il quale ha sostenuto l\u2019importanza del sentirsi parte di un gruppo coeso, prima che del sentirsi squadra. \u201cSono contento di poter ospitare un\u2019importante realt\u00e0 sportiva del nostro paese; siate orgogliosi di rappresentare i nostri colori, in una stagione difficile ma che ci auguriamo possa essere piena di successi. L\u2019amministrazione cercher\u00e0 di sostenere la squadra agendo laddove se ne presenti la necessit\u00e0, anche attraverso interventi di ristrutturazione che sono gi\u00e0 in fase di valutazione.\u201d.<\/p>\n<p>La parola \u00e8 poi passata al Presidente dell\u2019associazione sportiva, Michele Ruggiero, il quale ha dichiarato: \u201cDopo la difficile salvezza guadagnata l\u2019anno scorso abbiamo portato a Cassano alcuni giocatori che hanno militato in serie superiori alla C1, per cui non ci poniamo limiti. Il progetto \u00e8 ambizioso, vogliamo divertirci.\u201d. Nella rosa, come riferito da Ruggiero, sono presenti anche dei ragazzi cresciuti nel vivaio cassanese, che avranno la possibilit\u00e0 di affiancare la prima squadra e di imparare dai giocatori di grande esperienza. Anche il Direttore Sportivo Michele Sabino ha parlato delle difficolt\u00e0 affrontate nei quattro mesi di mercato appena conclusi, dei sacrifici fatti per poter alzare il livello della rosa, in modo da poter competere con le squadre pi\u00f9 forti del campionato.<\/p>\n<p>A seguire \u00e8 stato presentato il nuovo condottiero della squadra, Mister Danilo Danisi. Allenatore Barese classe 1986, inizia il percorso da allenatore di futsal nella sua citt\u00e0 di residenza con la New Stars Bari nel campionato di C2. Il suo curriculum vanta, sia come secondo che come primo allenatore, le panchine di Giovinazzo in serie B, Futsal Andria in serie c1, Polisportiva Five Bitonto in serie C1, Diaz Bisceglie in serie B, Active Network Viterbo in A2, Manfredonia in A2\u00a0 e A2 \u00e9lite al fianco del suo mentore David Ceppi con cui conquista la serie A dopo la vittoria dei playoff. Queste le parole del Mister: \u201cMi preme ringraziare il Presidente Michele Ruggiero, il DS Michele Sabino e tutto il direttivo dell\u2019associazione, per l\u2019incondizionata fiducia che ho potuto rilevare dal primo istante. Non mi piacciono i proclami e preferisco i fatti ad inutili parole; con rinnovato entusiasmo prometto tanto impegno e instancabile dedizione, come Cassano merita. Cercheremo in ogni modo di regalare ai tifosi una squadra che sia competitiva e che li renda orgogliosi.\u201d<\/p>\n<p>Successivamente \u00e8 stato presentato lo staff tecnico, composto da Gabriele Vitulli, figura portante della squadra cassanese gi\u00e0 negli anni precedenti, che quest\u2019anno sar\u00e0 allenatore in seconda al fianco di Mister Danisi. Giacomo Zeverino sar\u00e0 il preparatore dei portieri, Francesco Giangaspero il preparatore atletico, Manuel Milo il match analyst, Marco Tassielli il fisioterapista dei giocatori e Nicola Divella il responsabile della logistica e dei materiali.<\/p>\n<p>Passando al roster di giocatori, sono stati annunciati i tre assenti della serata. Il primo \u00e8 il capitano Ottavio D\u2019Ambrosio, che ha rinnovato il contratto di collaborazione con la societ\u00e0. Poi \u00e8 stato annunciato il laterale Alessio Barile, con esperienza principalmente nel calcio, fra il settore giovanile dell\u2019Ascoli calcio in serie A e serie B,\u00a0 poi serie D ed eccellenza in giro per la Puglia ed a Messina, ma che ha militato anche nell\u2019Acqua e Sapone ed al Bitonto nel calcio a 5. L\u2019ultimo degli assenti presentati \u00e8 Biagio Stati, portiere con una esperienza importante acquisita fra la serie C1 e la A2, anni in cui ha sempre giocato da protagonista, contribuendo a diverse vittorie di campionati e di Coppe Italia e disputando varie volte Playoff e finali di categoria.<\/p>\n<p>Gli altri due portieri della societ\u00e0 saranno Damiano Di Molfetta, esperto portiere proveniente del Veglie, e Giuseppe Veneziani, ragazzo cresciuto nel futsal cassanese, che negli ultimi anni ha mantenuto viva la passione e la tecnica fra la Serie B, C1 e la C2 abruzzese.<\/p>\n<figure class=\"wp-block-image size-large\"><img decoding=\"async\" width=\"1024\" height=\"896\" src=\"https:\/\/cassano.lavocedelpaese.info\/wp-content\/uploads\/2025\/09\/WhatsApp-Image-2025-09-12-at-17.32.09-1-1024x896.jpeg\" alt=\"\" class=\"wp-image-7325\"\/><\/figure>\n<p>In merito ai giocatori di movimento, diversi sono stati gli innesti. Al team cassanese si \u00e8 unito Antonio Di Benedetto. Nel suo curriculum Futsal Bisceglie, Diaz Bisceglie, Real Molfetta fra serie B e A2, un giocatore duttile e grintoso. Torna a Cassano anche Fabrizio Sciannamblo, il quale ha giocato da protagonista in tutte le categorie fino all\u2019A2: Sport Five Putignano, Rutigliano, Conversano, Mola di Bari e Atletico Cassano le principali squadre nel suo curriculum. Alla corte di Danisi anche Mirko Rella, giocatore con un passato importante a Cassano, dove \u00e8 cresciuto in questa disciplina per diverse stagioni, con l\u2019Under 19 e poi con la prima squadra dell\u2019Atletico Cassano prima dell\u2019esperienza a Molfetta in serie A2. La squadra \u00e8 stata impreziosita grazie all\u2019acquisto delle prestazioni di Michele De Liso, Un giocatore capace di infiammare i palazzetti con giocate di grande qualit\u00e0, abile nell\u2019uno contro uno e nel creare la superiorit\u00e0 numerica. La scorsa stagione ha giocato a Molfetta, ma il suo curriculum vanta esperienze a Bitonto, Palo, Bisceglie sempre fra la serie B e la A2. Vestir\u00e0 biancoceleste anche Stefano Giovinazzi, giovane laterale di corsa, grinta e qualit\u00e0 proveniente da Sammichele, con esperienza nella C1 veneta che poi lo ha portato, lo scorso anno, a disputare il campionato di serie B lucano con il Ferrandina, con cui ha segnato 18 gol. Acquisto importante \u00e8 stato anche quello di Nicol\u00f2 Roselli, un pivot di grande valore per la serie C1: la final four di Coppa Italia di A2, i playoff per la Serie A e la successiva promozione in A2 Elite con doppietta nella finale di andata sono solo alcune delle importanti esperienze del calciatore, che sar\u00e0 un\u2019ulteriore freccia nell\u2019arco di Danisi. Il suo curriculum vanta anche esperienze in B con il Giovinazzo e in A2 con il Molfetta. Nell\u2019ultima stagione ha iniziato con il Giovinazzo in A2 \u00c9lite per poi passare al Real Molfetta in C1 per poi fermarsi a causa di un infortunio alla mano. L\u2019ultimo innesto \u00e8 Juan Gallina, fresco campione nazionale con la <em>seleccion de Mendoza<\/em>. Juan porta in dote tutta l\u2019esperienza fatta nel futsal argentino: mancino di grande qualit\u00e0, abile nel creare la superiorit\u00e0 numerica e con doti agonistiche e caratteriali tipiche dei giocatori sudamericani.<\/p>\n<p>Tre i ragazzi under 21 saranno aggregati alla prima squadra anche Vincenzo Troiani, Simone Novielli ed Emanuele Oi. Cresciuti nel futsal con Alemao Glaeser, i ragazzi cassanesi gi\u00e0 durante lo scorso campionato hanno vissuto la prima squadra, con tante convocazioni ed un po\u2019 di minuti giocati nel massimo campionato regionale.<\/p>\n<p>A commentare la loro aggregazione alla prima squadra, e a concludere l\u2019incontro, proprio il neo-allenatore dell\u2019under 21 della societ\u00e0, Alemao Glaeser. \u201cHo subito accettato l\u2019incarico di allenare i ragazzi dell\u2019under 21 quando mi \u00e8 stato proposto, perch\u00e9 Cassano per me \u00e8 casa, sono stato accolto come un fratello qu\u00ec. Il mio sogno di vita \u00e8 quello di poter rendere questi ragazzi dei buoni calciatori, con alcuni di loro sono riuscito anche a giocarci assieme. Io e i ragazzi abbiamo iniziato un percorso anni fa, e condurli verso le categorie pi\u00f9 grandi \u00e8 un dovere legato alla lealt\u00e0 che provo nei loro confronti, mi sento di doverglielo.\u201d.<\/p>\n\n<p><a class=\"a2a_button_facebook\" href=\"https:\/\/www.addtoany.com\/add_to\/facebook?linkurl=https%3A%2F%2Fcassano.lavocedelpaese.info%2Fa-s-d-cassano-delle-murge-calcio-a-5-presentata-la-rosa-e-lo-staff-tecnico-per-la-nuova-stagione%2F&amp;linkname=A.S.D.%20Cassano%20delle%20Murge%20Calcio%20a%205%3A%20presentata%20la%20rosa%20e%20lo%20staff%20tecnico%20per%20la%20nuova%20stagione\" title=\"Facebook\" rel=\"nofollow noopener\" target=\"_blank\"><\/a><a class=\"a2a_button_twitter\" href=\"https:\/\/www.addtoany.com\/add_to\/twitter?linkurl=https%3A%2F%2Fcassano.lavocedelpaese.info%2Fa-s-d-cassano-delle-murge-calcio-a-5-presentata-la-rosa-e-lo-staff-tecnico-per-la-nuova-stagione%2F&amp;linkname=A.S.D.%20Cassano%20delle%20Murge%20Calcio%20a%205%3A%20presentata%20la%20rosa%20e%20lo%20staff%20tecnico%20per%20la%20nuova%20stagione\" title=\"Twitter\" rel=\"nofollow noopener\" target=\"_blank\"><\/a><a class=\"a2a_button_whatsapp\" href=\"https:\/\/www.addtoany.com\/add_to\/whatsapp?linkurl=https%3A%2F%2Fcassano.lavocedelpaese.info%2Fa-s-d-cassano-delle-murge-calcio-a-5-presentata-la-rosa-e-lo-staff-tecnico-per-la-nuova-stagione%2F&amp;linkname=A.S.D.%20Cassano%20delle%20Murge%20Calcio%20a%205%3A%20presentata%20la%20rosa%20e%20lo%20staff%20tecnico%20per%20la%20nuova%20stagione\" title=\"WhatsApp\" rel=\"nofollow noopener\" target=\"_blank\"><\/a><a class=\"a2a_button_telegram\" href=\"https:\/\/www.addtoany.com\/add_to\/telegram?linkurl=https%3A%2F%2Fcassano.lavocedelpaese.info%2Fa-s-d-cassano-delle-murge-calcio-a-5-presentata-la-rosa-e-lo-staff-tecnico-per-la-nuova-stagione%2F&amp;linkname=A.S.D.%20Cassano%20delle%20Murge%20Calcio%20a%205%3A%20presentata%20la%20rosa%20e%20lo%20staff%20tecnico%20per%20la%20nuova%20stagione\" title=\"Telegram\" rel=\"nofollow noopener\" target=\"_blank\"><\/a><a class=\"a2a_button_email\" href=\"https:\/\/www.addtoany.com\/add_to\/email?linkurl=https%3A%2F%2Fcassano.lavocedelpaese.info%2Fa-s-d-cassano-delle-murge-calcio-a-5-presentata-la-rosa-e-lo-staff-tecnico-per-la-nuova-stagione%2F&amp;linkname=A.S.D.%20Cassano%20delle%20Murge%20Calcio%20a%205%3A%20presentata%20la%20rosa%20e%20lo%20staff%20tecnico%20per%20la%20nuova%20stagione\" title=\"Email\" rel=\"nofollow noopener\" target=\"_blank\"><\/a><\/p>\n<p>\u00a0<\/p>\n<p>\u00a0<\/p>\n<p>\u200b\u00a0\u00a0\u00a0<\/p>","protected":false},"excerpt":{"rendered":"<p>\u00a0 \u200b\u00a0 \u200b\u00a0 Nel tardo pomeriggio di domenica 7 settembre la Sala Consiliare del comune di Cassano ha ospitato l\u2019A.S.D.<\/p>\n","protected":false},"author":6,"featured_media":9910,"comment_status":"open","ping_status":"closed","sticky":false,"template":"","format":"standard","meta":{"colormag_page_container_layout":"default_layout","colormag_page_sidebar_layout":"default_layout","footnotes":""},"categories":[33],"tags":[],"class_list":["post-9909","post","type-post","status-publish","format-standard","has-post-thumbnail","hentry","category-network"],"yoast_head":"<!-- This site is optimized with the Yoast SEO plugin v27.5 - https:\/\/yoast.com\/product\/yoast-seo-wordpress\/ -->\n<title>A.S.D. Cassano delle Murge Calcio a 5: presentata la rosa e lo staff tecnico per la nuova stagione\u00a0\u200b - La Voce del Paese<\/title>\n<meta name=\"robots\" content=\"index, follow, max-snippet:-1, max-image-preview:large, max-video-preview:-1\" \/>\n<link rel=\"canonical\" href=\"https:\/\/lavocedelpaese.info\/index.php\/2025\/09\/16\/a-s-d-cassano-delle-murge-calcio-a-5-presentata-la-rosa-e-lo-staff-tecnico-per-la-nuova-stagione\/\" \/>\n<meta property=\"og:locale\" content=\"it_IT\" \/>\n<meta property=\"og:type\" content=\"article\" \/>\n<meta property=\"og:title\" content=\"A.S.D. Cassano delle Murge Calcio a 5: presentata la rosa e lo staff tecnico per la nuova stagione\u00a0\u200b - La Voce del Paese\" \/>\n<meta property=\"og:description\" content=\"\u00a0 \u200b\u00a0 \u200b\u00a0 Nel tardo pomeriggio di domenica 7 settembre la Sala Consiliare del comune di Cassano ha ospitato l\u2019A.S.D.\" \/>\n<meta property=\"og:url\" content=\"https:\/\/lavocedelpaese.info\/index.php\/2025\/09\/16\/a-s-d-cassano-delle-murge-calcio-a-5-presentata-la-rosa-e-lo-staff-tecnico-per-la-nuova-stagione\/\" \/>\n<meta property=\"og:site_name\" content=\"La Voce del Paese\" \/>\n<meta property=\"article:publisher\" content=\"https:\/\/www.facebook.com\/lavocedelpaese.info\" \/>\n<meta property=\"article:published_time\" content=\"2025-09-16T06:14:03+00:00\" \/>\n<meta name=\"author\" content=\"admin\" \/>\n<meta name=\"twitter:card\" content=\"summary_large_image\" \/>\n<meta name=\"twitter:label1\" content=\"Scritto da\" \/>\n\t<meta name=\"twitter:data1\" content=\"admin\" \/>\n\t<meta name=\"twitter:label2\" content=\"Tempo di lettura stimato\" \/>\n\t<meta name=\"twitter:data2\" content=\"6 minuti\" \/>\n<script type=\"application\/ld+json\" class=\"yoast-schema-graph\">{\"@context\":\"https:\\\/\\\/schema.org\",\"@graph\":[{\"@type\":\"Article\",\"@id\":\"https:\\\/\\\/lavocedelpaese.info\\\/index.php\\\/2025\\\/09\\\/16\\\/a-s-d-cassano-delle-murge-calcio-a-5-presentata-la-rosa-e-lo-staff-tecnico-per-la-nuova-stagione\\\/#article\",\"isPartOf\":{\"@id\":\"https:\\\/\\\/lavocedelpaese.info\\\/index.php\\\/2025\\\/09\\\/16\\\/a-s-d-cassano-delle-murge-calcio-a-5-presentata-la-rosa-e-lo-staff-tecnico-per-la-nuova-stagione\\\/\"},\"author\":{\"name\":\"admin\",\"@id\":\"https:\\\/\\\/lavocedelpaese.info\\\/#\\\/schema\\\/person\\\/ec151d321306bd7591f7a061abf72d88\"},\"headline\":\"A.S.D. Cassano delle Murge Calcio a 5: presentata la rosa e lo staff tecnico per la nuova stagione\u00a0\u200b\",\"datePublished\":\"2025-09-16T06:14:03+00:00\",\"mainEntityOfPage\":{\"@id\":\"https:\\\/\\\/lavocedelpaese.info\\\/index.php\\\/2025\\\/09\\\/16\\\/a-s-d-cassano-delle-murge-calcio-a-5-presentata-la-rosa-e-lo-staff-tecnico-per-la-nuova-stagione\\\/\"},\"wordCount\":1236,\"commentCount\":0,\"publisher\":{\"@id\":\"https:\\\/\\\/lavocedelpaese.info\\\/#organization\"},\"image\":{\"@id\":\"https:\\\/\\\/lavocedelpaese.info\\\/index.php\\\/2025\\\/09\\\/16\\\/a-s-d-cassano-delle-murge-calcio-a-5-presentata-la-rosa-e-lo-staff-tecnico-per-la-nuova-stagione\\\/#primaryimage\"},\"thumbnailUrl\":\"https:\\\/\\\/lavocedelpaese.info\\\/wp-content\\\/uploads\\\/2025\\\/09\\\/WhatsApp-Image-2025-09-12-at-17.32.09-1-1024x896-bQdekC.jpg\",\"articleSection\":[\"network\"],\"inLanguage\":\"it-IT\",\"potentialAction\":[{\"@type\":\"CommentAction\",\"name\":\"Comment\",\"target\":[\"https:\\\/\\\/lavocedelpaese.info\\\/index.php\\\/2025\\\/09\\\/16\\\/a-s-d-cassano-delle-murge-calcio-a-5-presentata-la-rosa-e-lo-staff-tecnico-per-la-nuova-stagione\\\/#respond\"]}]},{\"@type\":\"WebPage\",\"@id\":\"https:\\\/\\\/lavocedelpaese.info\\\/index.php\\\/2025\\\/09\\\/16\\\/a-s-d-cassano-delle-murge-calcio-a-5-presentata-la-rosa-e-lo-staff-tecnico-per-la-nuova-stagione\\\/\",\"url\":\"https:\\\/\\\/lavocedelpaese.info\\\/index.php\\\/2025\\\/09\\\/16\\\/a-s-d-cassano-delle-murge-calcio-a-5-presentata-la-rosa-e-lo-staff-tecnico-per-la-nuova-stagione\\\/\",\"name\":\"A.S.D. Cassano delle Murge Calcio a 5: presentata la rosa e lo staff tecnico per la nuova stagione\u00a0\u200b - La Voce del Paese\",\"isPartOf\":{\"@id\":\"https:\\\/\\\/lavocedelpaese.info\\\/#website\"},\"primaryImageOfPage\":{\"@id\":\"https:\\\/\\\/lavocedelpaese.info\\\/index.php\\\/2025\\\/09\\\/16\\\/a-s-d-cassano-delle-murge-calcio-a-5-presentata-la-rosa-e-lo-staff-tecnico-per-la-nuova-stagione\\\/#primaryimage\"},\"image\":{\"@id\":\"https:\\\/\\\/lavocedelpaese.info\\\/index.php\\\/2025\\\/09\\\/16\\\/a-s-d-cassano-delle-murge-calcio-a-5-presentata-la-rosa-e-lo-staff-tecnico-per-la-nuova-stagione\\\/#primaryimage\"},\"thumbnailUrl\":\"https:\\\/\\\/lavocedelpaese.info\\\/wp-content\\\/uploads\\\/2025\\\/09\\\/WhatsApp-Image-2025-09-12-at-17.32.09-1-1024x896-bQdekC.jpg\",\"datePublished\":\"2025-09-16T06:14:03+00:00\",\"breadcrumb\":{\"@id\":\"https:\\\/\\\/lavocedelpaese.info\\\/index.php\\\/2025\\\/09\\\/16\\\/a-s-d-cassano-delle-murge-calcio-a-5-presentata-la-rosa-e-lo-staff-tecnico-per-la-nuova-stagione\\\/#breadcrumb\"},\"inLanguage\":\"it-IT\",\"potentialAction\":[{\"@type\":\"ReadAction\",\"target\":[\"https:\\\/\\\/lavocedelpaese.info\\\/index.php\\\/2025\\\/09\\\/16\\\/a-s-d-cassano-delle-murge-calcio-a-5-presentata-la-rosa-e-lo-staff-tecnico-per-la-nuova-stagione\\\/\"]}]},{\"@type\":\"ImageObject\",\"inLanguage\":\"it-IT\",\"@id\":\"https:\\\/\\\/lavocedelpaese.info\\\/index.php\\\/2025\\\/09\\\/16\\\/a-s-d-cassano-delle-murge-calcio-a-5-presentata-la-rosa-e-lo-staff-tecnico-per-la-nuova-stagione\\\/#primaryimage\",\"url\":\"https:\\\/\\\/lavocedelpaese.info\\\/wp-content\\\/uploads\\\/2025\\\/09\\\/WhatsApp-Image-2025-09-12-at-17.32.09-1-1024x896-bQdekC.jpg\",\"contentUrl\":\"https:\\\/\\\/lavocedelpaese.info\\\/wp-content\\\/uploads\\\/2025\\\/09\\\/WhatsApp-Image-2025-09-12-at-17.32.09-1-1024x896-bQdekC.jpg\",\"width\":914,\"height\":800},{\"@type\":\"BreadcrumbList\",\"@id\":\"https:\\\/\\\/lavocedelpaese.info\\\/index.php\\\/2025\\\/09\\\/16\\\/a-s-d-cassano-delle-murge-calcio-a-5-presentata-la-rosa-e-lo-staff-tecnico-per-la-nuova-stagione\\\/#breadcrumb\",\"itemListElement\":[{\"@type\":\"ListItem\",\"position\":1,\"name\":\"Home\",\"item\":\"https:\\\/\\\/lavocedelpaese.info\\\/\"},{\"@type\":\"ListItem\",\"position\":2,\"name\":\"A.S.D. Cassano delle Murge Calcio a 5: presentata la rosa e lo staff tecnico per la nuova stagione\u00a0\u200b\"}]},{\"@type\":\"WebSite\",\"@id\":\"https:\\\/\\\/lavocedelpaese.info\\\/#website\",\"url\":\"https:\\\/\\\/lavocedelpaese.info\\\/\",\"name\":\"La Voce del Paese\",\"description\":\"Un network di idee\",\"publisher\":{\"@id\":\"https:\\\/\\\/lavocedelpaese.info\\\/#organization\"},\"potentialAction\":[{\"@type\":\"SearchAction\",\"target\":{\"@type\":\"EntryPoint\",\"urlTemplate\":\"https:\\\/\\\/lavocedelpaese.info\\\/?s={search_term_string}\"},\"query-input\":{\"@type\":\"PropertyValueSpecification\",\"valueRequired\":true,\"valueName\":\"search_term_string\"}}],\"inLanguage\":\"it-IT\"},{\"@type\":\"Organization\",\"@id\":\"https:\\\/\\\/lavocedelpaese.info\\\/#organization\",\"name\":\"La Voce del Paese\",\"url\":\"https:\\\/\\\/lavocedelpaese.info\\\/\",\"logo\":{\"@type\":\"ImageObject\",\"inLanguage\":\"it-IT\",\"@id\":\"https:\\\/\\\/lavocedelpaese.info\\\/#\\\/schema\\\/logo\\\/image\\\/\",\"url\":\"https:\\\/\\\/lavocedelpaese.info\\\/wp-content\\\/uploads\\\/2023\\\/01\\\/cropped-logo-150-127.png\",\"contentUrl\":\"https:\\\/\\\/lavocedelpaese.info\\\/wp-content\\\/uploads\\\/2023\\\/01\\\/cropped-logo-150-127.png\",\"width\":137,\"height\":119,\"caption\":\"La Voce del Paese\"},\"image\":{\"@id\":\"https:\\\/\\\/lavocedelpaese.info\\\/#\\\/schema\\\/logo\\\/image\\\/\"},\"sameAs\":[\"https:\\\/\\\/www.facebook.com\\\/lavocedelpaese.info\"]},{\"@type\":\"Person\",\"@id\":\"https:\\\/\\\/lavocedelpaese.info\\\/#\\\/schema\\\/person\\\/ec151d321306bd7591f7a061abf72d88\",\"name\":\"admin\",\"image\":{\"@type\":\"ImageObject\",\"inLanguage\":\"it-IT\",\"@id\":\"https:\\\/\\\/secure.gravatar.com\\\/avatar\\\/af8f2caf0663124588de48a9380e07cbc95a74ef15b8062d0d39106c32fe3023?s=96&d=mm&r=g\",\"url\":\"https:\\\/\\\/secure.gravatar.com\\\/avatar\\\/af8f2caf0663124588de48a9380e07cbc95a74ef15b8062d0d39106c32fe3023?s=96&d=mm&r=g\",\"contentUrl\":\"https:\\\/\\\/secure.gravatar.com\\\/avatar\\\/af8f2caf0663124588de48a9380e07cbc95a74ef15b8062d0d39106c32fe3023?s=96&d=mm&r=g\",\"caption\":\"admin\"},\"sameAs\":[\"https:\\\/\\\/lavocedelpaese.info\"],\"url\":\"https:\\\/\\\/lavocedelpaese.info\\\/index.php\\\/author\\\/admin\\\/\"}]}<\/script>\n<!-- \/ Yoast SEO plugin. -->","yoast_head_json":{"title":"A.S.D. Cassano delle Murge Calcio a 5: presentata la rosa e lo staff tecnico per la nuova stagione\u00a0\u200b - La Voce del Paese","robots":{"index":"index","follow":"follow","max-snippet":"max-snippet:-1","max-image-preview":"max-image-preview:large","max-video-preview":"max-video-preview:-1"},"canonical":"https:\/\/lavocedelpaese.info\/index.php\/2025\/09\/16\/a-s-d-cassano-delle-murge-calcio-a-5-presentata-la-rosa-e-lo-staff-tecnico-per-la-nuova-stagione\/","og_locale":"it_IT","og_type":"article","og_title":"A.S.D. Cassano delle Murge Calcio a 5: presentata la rosa e lo staff tecnico per la nuova stagione\u00a0\u200b - La Voce del Paese","og_description":"\u00a0 \u200b\u00a0 \u200b\u00a0 Nel tardo pomeriggio di domenica 7 settembre la Sala Consiliare del comune di Cassano ha ospitato l\u2019A.S.D.","og_url":"https:\/\/lavocedelpaese.info\/index.php\/2025\/09\/16\/a-s-d-cassano-delle-murge-calcio-a-5-presentata-la-rosa-e-lo-staff-tecnico-per-la-nuova-stagione\/","og_site_name":"La Voce del Paese","article_publisher":"https:\/\/www.facebook.com\/lavocedelpaese.info","article_published_time":"2025-09-16T06:14:03+00:00","author":"admin","twitter_card":"summary_large_image","twitter_misc":{"Scritto da":"admin","Tempo di lettura stimato":"6 minuti"},"schema":{"@context":"https:\/\/schema.org","@graph":[{"@type":"Article","@id":"https:\/\/lavocedelpaese.info\/index.php\/2025\/09\/16\/a-s-d-cassano-delle-murge-calcio-a-5-presentata-la-rosa-e-lo-staff-tecnico-per-la-nuova-stagione\/#article","isPartOf":{"@id":"https:\/\/lavocedelpaese.info\/index.php\/2025\/09\/16\/a-s-d-cassano-delle-murge-calcio-a-5-presentata-la-rosa-e-lo-staff-tecnico-per-la-nuova-stagione\/"},"author":{"name":"admin","@id":"https:\/\/lavocedelpaese.info\/#\/schema\/person\/ec151d321306bd7591f7a061abf72d88"},"headline":"A.S.D. Cassano delle Murge Calcio a 5: presentata la rosa e lo staff tecnico per la nuova stagione\u00a0\u200b","datePublished":"2025-09-16T06:14:03+00:00","mainEntityOfPage":{"@id":"https:\/\/lavocedelpaese.info\/index.php\/2025\/09\/16\/a-s-d-cassano-delle-murge-calcio-a-5-presentata-la-rosa-e-lo-staff-tecnico-per-la-nuova-stagione\/"},"wordCount":1236,"commentCount":0,"publisher":{"@id":"https:\/\/lavocedelpaese.info\/#organization"},"image":{"@id":"https:\/\/lavocedelpaese.info\/index.php\/2025\/09\/16\/a-s-d-cassano-delle-murge-calcio-a-5-presentata-la-rosa-e-lo-staff-tecnico-per-la-nuova-stagione\/#primaryimage"},"thumbnailUrl":"https:\/\/lavocedelpaese.info\/wp-content\/uploads\/2025\/09\/WhatsApp-Image-2025-09-12-at-17.32.09-1-1024x896-bQdekC.jpg","articleSection":["network"],"inLanguage":"it-IT","potentialAction":[{"@type":"CommentAction","name":"Comment","target":["https:\/\/lavocedelpaese.info\/index.php\/2025\/09\/16\/a-s-d-cassano-delle-murge-calcio-a-5-presentata-la-rosa-e-lo-staff-tecnico-per-la-nuova-stagione\/#respond"]}]},{"@type":"WebPage","@id":"https:\/\/lavocedelpaese.info\/index.php\/2025\/09\/16\/a-s-d-cassano-delle-murge-calcio-a-5-presentata-la-rosa-e-lo-staff-tecnico-per-la-nuova-stagione\/","url":"https:\/\/lavocedelpaese.info\/index.php\/2025\/09\/16\/a-s-d-cassano-delle-murge-calcio-a-5-presentata-la-rosa-e-lo-staff-tecnico-per-la-nuova-stagione\/","name":"A.S.D. Cassano delle Murge Calcio a 5: presentata la rosa e lo staff tecnico per la nuova stagione\u00a0\u200b - La Voce del Paese","isPartOf":{"@id":"https:\/\/lavocedelpaese.info\/#website"},"primaryImageOfPage":{"@id":"https:\/\/lavocedelpaese.info\/index.php\/2025\/09\/16\/a-s-d-cassano-delle-murge-calcio-a-5-presentata-la-rosa-e-lo-staff-tecnico-per-la-nuova-stagione\/#primaryimage"},"image":{"@id":"https:\/\/lavocedelpaese.info\/index.php\/2025\/09\/16\/a-s-d-cassano-delle-murge-calcio-a-5-presentata-la-rosa-e-lo-staff-tecnico-per-la-nuova-stagione\/#primaryimage"},"thumbnailUrl":"https:\/\/lavocedelpaese.info\/wp-content\/uploads\/2025\/09\/WhatsApp-Image-2025-09-12-at-17.32.09-1-1024x896-bQdekC.jpg","datePublished":"2025-09-16T06:14:03+00:00","breadcrumb":{"@id":"https:\/\/lavocedelpaese.info\/index.php\/2025\/09\/16\/a-s-d-cassano-delle-murge-calcio-a-5-presentata-la-rosa-e-lo-staff-tecnico-per-la-nuova-stagione\/#breadcrumb"},"inLanguage":"it-IT","potentialAction":[{"@type":"ReadAction","target":["https:\/\/lavocedelpaese.info\/index.php\/2025\/09\/16\/a-s-d-cassano-delle-murge-calcio-a-5-presentata-la-rosa-e-lo-staff-tecnico-per-la-nuova-stagione\/"]}]},{"@type":"ImageObject","inLanguage":"it-IT","@id":"https:\/\/lavocedelpaese.info\/index.php\/2025\/09\/16\/a-s-d-cassano-delle-murge-calcio-a-5-presentata-la-rosa-e-lo-staff-tecnico-per-la-nuova-stagione\/#primaryimage","url":"https:\/\/lavocedelpaese.info\/wp-content\/uploads\/2025\/09\/WhatsApp-Image-2025-09-12-at-17.32.09-1-1024x896-bQdekC.jpg","contentUrl":"https:\/\/lavocedelpaese.info\/wp-content\/uploads\/2025\/09\/WhatsApp-Image-2025-09-12-at-17.32.09-1-1024x896-bQdekC.jpg","width":914,"height":800},{"@type":"BreadcrumbList","@id":"https:\/\/lavocedelpaese.info\/index.php\/2025\/09\/16\/a-s-d-cassano-delle-murge-calcio-a-5-presentata-la-rosa-e-lo-staff-tecnico-per-la-nuova-stagione\/#breadcrumb","itemListElement":[{"@type":"ListItem","position":1,"name":"Home","item":"https:\/\/lavocedelpaese.info\/"},{"@type":"ListItem","position":2,"name":"A.S.D. Cassano delle Murge Calcio a 5: presentata la rosa e lo staff tecnico per la nuova stagione\u00a0\u200b"}]},{"@type":"WebSite","@id":"https:\/\/lavocedelpaese.info\/#website","url":"https:\/\/lavocedelpaese.info\/","name":"La Voce del Paese","description":"Un network di idee","publisher":{"@id":"https:\/\/lavocedelpaese.info\/#organization"},"potentialAction":[{"@type":"SearchAction","target":{"@type":"EntryPoint","urlTemplate":"https:\/\/lavocedelpaese.info\/?s={search_term_string}"},"query-input":{"@type":"PropertyValueSpecification","valueRequired":true,"valueName":"search_term_string"}}],"inLanguage":"it-IT"},{"@type":"Organization","@id":"https:\/\/lavocedelpaese.info\/#organization","name":"La Voce del Paese","url":"https:\/\/lavocedelpaese.info\/","logo":{"@type":"ImageObject","inLanguage":"it-IT","@id":"https:\/\/lavocedelpaese.info\/#\/schema\/logo\/image\/","url":"https:\/\/lavocedelpaese.info\/wp-content\/uploads\/2023\/01\/cropped-logo-150-127.png","contentUrl":"https:\/\/lavocedelpaese.info\/wp-content\/uploads\/2023\/01\/cropped-logo-150-127.png","width":137,"height":119,"caption":"La Voce del Paese"},"image":{"@id":"https:\/\/lavocedelpaese.info\/#\/schema\/logo\/image\/"},"sameAs":["https:\/\/www.facebook.com\/lavocedelpaese.info"]},{"@type":"Person","@id":"https:\/\/lavocedelpaese.info\/#\/schema\/person\/ec151d321306bd7591f7a061abf72d88","name":"admin","image":{"@type":"ImageObject","inLanguage":"it-IT","@id":"https:\/\/secure.gravatar.com\/avatar\/af8f2caf0663124588de48a9380e07cbc95a74ef15b8062d0d39106c32fe3023?s=96&d=mm&r=g","url":"https:\/\/secure.gravatar.com\/avatar\/af8f2caf0663124588de48a9380e07cbc95a74ef15b8062d0d39106c32fe3023?s=96&d=mm&r=g","contentUrl":"https:\/\/secure.gravatar.com\/avatar\/af8f2caf0663124588de48a9380e07cbc95a74ef15b8062d0d39106c32fe3023?s=96&d=mm&r=g","caption":"admin"},"sameAs":["https:\/\/lavocedelpaese.info"],"url":"https:\/\/lavocedelpaese.info\/index.php\/author\/admin\/"}]}},"_links":{"self":[{"href":"https:\/\/lavocedelpaese.info\/index.php\/wp-json\/wp\/v2\/posts\/9909","targetHints":{"allow":["GET"]}}],"collection":[{"href":"https:\/\/lavocedelpaese.info\/index.php\/wp-json\/wp\/v2\/posts"}],"about":[{"href":"https:\/\/lavocedelpaese.info\/index.php\/wp-json\/wp\/v2\/types\/post"}],"author":[{"embeddable":true,"href":"https:\/\/lavocedelpaese.info\/index.php\/wp-json\/wp\/v2\/users\/6"}],"replies":[{"embeddable":true,"href":"https:\/\/lavocedelpaese.info\/index.php\/wp-json\/wp\/v2\/comments?post=9909"}],"version-history":[{"count":0,"href":"https:\/\/lavocedelpaese.info\/index.php\/wp-json\/wp\/v2\/posts\/9909\/revisions"}],"wp:featuredmedia":[{"embeddable":true,"href":"https:\/\/lavocedelpaese.info\/index.php\/wp-json\/wp\/v2\/media\/9910"}],"wp:attachment":[{"href":"https:\/\/lavocedelpaese.info\/index.php\/wp-json\/wp\/v2\/media?parent=9909"}],"wp:term":[{"taxonomy":"category","embeddable":true,"href":"https:\/\/lavocedelpaese.info\/index.php\/wp-json\/wp\/v2\/categories?post=9909"},{"taxonomy":"post_tag","embeddable":true,"href":"https:\/\/lavocedelpaese.info\/index.php\/wp-json\/wp\/v2\/tags?post=9909"}],"curies":[{"name":"wp","href":"https:\/\/api.w.org\/{rel}","templated":true}]}}