{"id":9900,"date":"2025-09-14T06:14:35","date_gmt":"2025-09-14T06:14:35","guid":{"rendered":"https:\/\/lavocedelpaese.info\/index.php\/2025\/09\/14\/confermate-cazzetta-pellegrini-e-giannuzzi\/"},"modified":"2025-09-14T06:14:35","modified_gmt":"2025-09-14T06:14:35","slug":"confermate-cazzetta-pellegrini-e-giannuzzi","status":"publish","type":"post","link":"https:\/\/lavocedelpaese.info\/index.php\/2025\/09\/14\/confermate-cazzetta-pellegrini-e-giannuzzi\/","title":{"rendered":"Confermate Cazzetta, Pellegrini e Giannuzzi\u00a0\u200b"},"content":{"rendered":"<p>\u00a0<\/p>\n<p>\u200b\u00a0<\/p>\n<p>\u200b\u00a0<\/p>\n<div><\/div>\n<h4 class=\"wp-block-heading\"><strong>Turi inserito nel girone A<\/strong><\/h4>\n<p>Proseguono le conferme in casa Farmacia Mastrolonardo Turi in vista della disputa del prossimo torneo Nazionale di serie C femminile che prender\u00e0 il via l\u201911 ottobre prossimo.<\/p>\n<p>Dopo Alejandra Rodriguez, Sofia Coppi e Miriana Pernice vestiranno ancora la maglia bianco-azzurra Stefania Cazzetta e Francesca Pellegrini e Aurora Giannuzzi.<\/p>\n<p>Schiacciatrice, classe 2005,<strong> Stefania Cazzetta <\/strong>dopo il percorso iniziato con l\u2019esordio in Serie D nel 2021-22, culminato con la promozione in C, e l\u2019esperienza formativa con la Uisp Putignano, ha gi\u00e0 dimostrato di poter dare un contributo prezioso alla nostra squadra. Atleta seria, determinata e sempre pronta a crescere, continuer\u00e0 il suo percorso in biancoazzurro sotto la guida di mister Giuseppe Mangini, con la voglia di migliorarsi e dare il massimo in ogni allenamento e in ogni partita.<\/p>\n<p>Dopo l\u2019ottima stagione scorsa, la palleggiatrice polignanese classe 2006 <strong>Francesca Pellegrini<\/strong> resta in biancoazzurro e sar\u00e0 ancora al centro della regia turese. Cresciuta nella New Volley Polignano il suo percorso si \u00e8 arricchito con la promozione in B2 con la Fenix Monopoli, dimostrando di avere talento e determinazione nonostante la giovane et\u00e0.<\/p>\n<p>Anche <strong>Aurora Giannuzzi<\/strong>, appena ventenne, cresciuta nella Real Volley Conversano far\u00e0 parte del roster del Turi per il terzo anno di fila, andando ad indossare la maglia del libero con la quale gi\u00e0 nella passata annata si \u00e8 confermata affidabile ogni volta che \u00e8 stata chiamata in causa, cos\u00ec da essere l\u2019alternativa di Sofia Coppi in quel ruolo determinante per la fase difensiva e di ricostruzione.<\/p>\n<figure class=\"wp-block-gallery has-nested-images columns-default is-cropped wp-block-gallery-1 is-layout-flex wp-block-gallery-is-layout-flex\">\n<figure class=\"wp-block-image size-large\"><img decoding=\"async\" width=\"1365\" height=\"2048\" data-id=\"7564\" src=\"https:\/\/turi.lavocedelpaese.info\/wp-content\/uploads\/2025\/09\/Stefania-Cazzetta-1365x2048.jpg\" alt=\"\" class=\"wp-image-7564\"\/><figcaption class=\"wp-element-caption\">Stefania Cazzetta<\/figcaption><\/figure>\n<figure class=\"wp-block-image size-large\"><img decoding=\"async\" width=\"1365\" height=\"2048\" data-id=\"7563\" src=\"https:\/\/turi.lavocedelpaese.info\/wp-content\/uploads\/2025\/09\/Francesca-Pellegrini-1365x2048.jpg\" alt=\"\" class=\"wp-image-7563\"\/><figcaption class=\"wp-element-caption\">Francesca Pellegrini<\/figcaption><\/figure>\n<figure class=\"wp-block-image size-large\"><img decoding=\"async\" width=\"1365\" height=\"2048\" data-id=\"7562\" src=\"https:\/\/turi.lavocedelpaese.info\/wp-content\/uploads\/2025\/09\/Aurora-Giannuzzi-1365x2048.jpg\" alt=\"\" class=\"wp-image-7562\"\/><figcaption class=\"wp-element-caption\">Aurora Giannuzzi<\/figcaption><\/figure>\n<\/figure>\n<div aria-hidden=\"true\" class=\"wp-block-spacer\"><\/div>\n<p>Infine nelle scorse ore sono state rose note le composizioni dei due gironi della serie C femminile.<\/p>\n<p>La Farmacia Mastrolonardo Turi \u00e8 stata inserita anche per quest\u2019anno nel girone A, quello barese per intenderci, da sempre equilibrato e competitivo con quattro formazioni della BAT e il resto tutte della provincia di Bari, con le due compagini di Gioia date per favorite ai nastri di partenza. \u00a0<\/p>\n<figure class=\"wp-block-image size-full\"><img decoding=\"async\" loading=\"lazy\" width=\"1080\" height=\"1350\" src=\"https:\/\/turi.lavocedelpaese.info\/wp-content\/uploads\/2025\/09\/C-femminile-Girone-A.jpg\" alt=\"\" class=\"wp-image-7561\"\/><\/figure>\n<p><a class=\"a2a_button_facebook\" href=\"https:\/\/www.addtoany.com\/add_to\/facebook?linkurl=https%3A%2F%2Fturi.lavocedelpaese.info%2Fconfermate-cazzetta-pellegrini-e-giannuzzi%2F&amp;linkname=Confermate%20Cazzetta%2C%20Pellegrini%20e%20Giannuzzi\" title=\"Facebook\" rel=\"nofollow noopener\" target=\"_blank\"><\/a><a class=\"a2a_button_twitter\" href=\"https:\/\/www.addtoany.com\/add_to\/twitter?linkurl=https%3A%2F%2Fturi.lavocedelpaese.info%2Fconfermate-cazzetta-pellegrini-e-giannuzzi%2F&amp;linkname=Confermate%20Cazzetta%2C%20Pellegrini%20e%20Giannuzzi\" title=\"Twitter\" rel=\"nofollow noopener\" target=\"_blank\"><\/a><a class=\"a2a_button_whatsapp\" href=\"https:\/\/www.addtoany.com\/add_to\/whatsapp?linkurl=https%3A%2F%2Fturi.lavocedelpaese.info%2Fconfermate-cazzetta-pellegrini-e-giannuzzi%2F&amp;linkname=Confermate%20Cazzetta%2C%20Pellegrini%20e%20Giannuzzi\" title=\"WhatsApp\" rel=\"nofollow noopener\" target=\"_blank\"><\/a><a class=\"a2a_button_telegram\" href=\"https:\/\/www.addtoany.com\/add_to\/telegram?linkurl=https%3A%2F%2Fturi.lavocedelpaese.info%2Fconfermate-cazzetta-pellegrini-e-giannuzzi%2F&amp;linkname=Confermate%20Cazzetta%2C%20Pellegrini%20e%20Giannuzzi\" title=\"Telegram\" rel=\"nofollow noopener\" target=\"_blank\"><\/a><a class=\"a2a_button_email\" href=\"https:\/\/www.addtoany.com\/add_to\/email?linkurl=https%3A%2F%2Fturi.lavocedelpaese.info%2Fconfermate-cazzetta-pellegrini-e-giannuzzi%2F&amp;linkname=Confermate%20Cazzetta%2C%20Pellegrini%20e%20Giannuzzi\" title=\"Email\" rel=\"nofollow noopener\" target=\"_blank\"><\/a><\/p>\n<p>\u00a0<\/p>\n<p>\u00a0<\/p>\n<p>\u200b\u00a0\u00a0\u00a0<\/p>","protected":false},"excerpt":{"rendered":"<p>\u00a0 \u200b\u00a0 \u200b\u00a0 Turi inserito nel girone A Proseguono le conferme in casa Farmacia Mastrolonardo Turi in vista della disputa<\/p>\n","protected":false},"author":6,"featured_media":9901,"comment_status":"open","ping_status":"closed","sticky":false,"template":"","format":"standard","meta":{"colormag_page_container_layout":"default_layout","colormag_page_sidebar_layout":"default_layout","footnotes":""},"categories":[33],"tags":[],"class_list":["post-9900","post","type-post","status-publish","format-standard","has-post-thumbnail","hentry","category-network"],"yoast_head":"<!-- This site is optimized with the Yoast SEO plugin v27.5 - https:\/\/yoast.com\/product\/yoast-seo-wordpress\/ -->\n<title>Confermate Cazzetta, Pellegrini e Giannuzzi\u00a0\u200b - La Voce del Paese<\/title>\n<meta name=\"robots\" content=\"index, follow, max-snippet:-1, max-image-preview:large, max-video-preview:-1\" \/>\n<link rel=\"canonical\" href=\"https:\/\/lavocedelpaese.info\/index.php\/2025\/09\/14\/confermate-cazzetta-pellegrini-e-giannuzzi\/\" \/>\n<meta property=\"og:locale\" content=\"it_IT\" \/>\n<meta property=\"og:type\" content=\"article\" \/>\n<meta property=\"og:title\" content=\"Confermate Cazzetta, Pellegrini e Giannuzzi\u00a0\u200b - La Voce del Paese\" \/>\n<meta property=\"og:description\" content=\"\u00a0 \u200b\u00a0 \u200b\u00a0 Turi inserito nel girone A Proseguono le conferme in casa Farmacia Mastrolonardo Turi in vista della disputa\" \/>\n<meta property=\"og:url\" content=\"https:\/\/lavocedelpaese.info\/index.php\/2025\/09\/14\/confermate-cazzetta-pellegrini-e-giannuzzi\/\" \/>\n<meta property=\"og:site_name\" content=\"La Voce del Paese\" \/>\n<meta property=\"article:publisher\" content=\"https:\/\/www.facebook.com\/lavocedelpaese.info\" \/>\n<meta property=\"article:published_time\" content=\"2025-09-14T06:14:35+00:00\" \/>\n<meta name=\"author\" content=\"admin\" \/>\n<meta name=\"twitter:card\" content=\"summary_large_image\" \/>\n<meta name=\"twitter:label1\" content=\"Scritto da\" \/>\n\t<meta name=\"twitter:data1\" content=\"admin\" \/>\n\t<meta name=\"twitter:label2\" content=\"Tempo di lettura stimato\" \/>\n\t<meta name=\"twitter:data2\" content=\"2 minuti\" \/>\n<script type=\"application\/ld+json\" class=\"yoast-schema-graph\">{\"@context\":\"https:\\\/\\\/schema.org\",\"@graph\":[{\"@type\":\"Article\",\"@id\":\"https:\\\/\\\/lavocedelpaese.info\\\/index.php\\\/2025\\\/09\\\/14\\\/confermate-cazzetta-pellegrini-e-giannuzzi\\\/#article\",\"isPartOf\":{\"@id\":\"https:\\\/\\\/lavocedelpaese.info\\\/index.php\\\/2025\\\/09\\\/14\\\/confermate-cazzetta-pellegrini-e-giannuzzi\\\/\"},\"author\":{\"name\":\"admin\",\"@id\":\"https:\\\/\\\/lavocedelpaese.info\\\/#\\\/schema\\\/person\\\/ec151d321306bd7591f7a061abf72d88\"},\"headline\":\"Confermate Cazzetta, Pellegrini e Giannuzzi\u00a0\u200b\",\"datePublished\":\"2025-09-14T06:14:35+00:00\",\"mainEntityOfPage\":{\"@id\":\"https:\\\/\\\/lavocedelpaese.info\\\/index.php\\\/2025\\\/09\\\/14\\\/confermate-cazzetta-pellegrini-e-giannuzzi\\\/\"},\"wordCount\":324,\"commentCount\":0,\"publisher\":{\"@id\":\"https:\\\/\\\/lavocedelpaese.info\\\/#organization\"},\"image\":{\"@id\":\"https:\\\/\\\/lavocedelpaese.info\\\/index.php\\\/2025\\\/09\\\/14\\\/confermate-cazzetta-pellegrini-e-giannuzzi\\\/#primaryimage\"},\"thumbnailUrl\":\"https:\\\/\\\/lavocedelpaese.info\\\/wp-content\\\/uploads\\\/2025\\\/09\\\/Stefania-Cazzetta-1365x2048-F6FpFq.jpg\",\"articleSection\":[\"network\"],\"inLanguage\":\"it-IT\",\"potentialAction\":[{\"@type\":\"CommentAction\",\"name\":\"Comment\",\"target\":[\"https:\\\/\\\/lavocedelpaese.info\\\/index.php\\\/2025\\\/09\\\/14\\\/confermate-cazzetta-pellegrini-e-giannuzzi\\\/#respond\"]}]},{\"@type\":\"WebPage\",\"@id\":\"https:\\\/\\\/lavocedelpaese.info\\\/index.php\\\/2025\\\/09\\\/14\\\/confermate-cazzetta-pellegrini-e-giannuzzi\\\/\",\"url\":\"https:\\\/\\\/lavocedelpaese.info\\\/index.php\\\/2025\\\/09\\\/14\\\/confermate-cazzetta-pellegrini-e-giannuzzi\\\/\",\"name\":\"Confermate Cazzetta, Pellegrini e Giannuzzi\u00a0\u200b - La Voce del Paese\",\"isPartOf\":{\"@id\":\"https:\\\/\\\/lavocedelpaese.info\\\/#website\"},\"primaryImageOfPage\":{\"@id\":\"https:\\\/\\\/lavocedelpaese.info\\\/index.php\\\/2025\\\/09\\\/14\\\/confermate-cazzetta-pellegrini-e-giannuzzi\\\/#primaryimage\"},\"image\":{\"@id\":\"https:\\\/\\\/lavocedelpaese.info\\\/index.php\\\/2025\\\/09\\\/14\\\/confermate-cazzetta-pellegrini-e-giannuzzi\\\/#primaryimage\"},\"thumbnailUrl\":\"https:\\\/\\\/lavocedelpaese.info\\\/wp-content\\\/uploads\\\/2025\\\/09\\\/Stefania-Cazzetta-1365x2048-F6FpFq.jpg\",\"datePublished\":\"2025-09-14T06:14:35+00:00\",\"breadcrumb\":{\"@id\":\"https:\\\/\\\/lavocedelpaese.info\\\/index.php\\\/2025\\\/09\\\/14\\\/confermate-cazzetta-pellegrini-e-giannuzzi\\\/#breadcrumb\"},\"inLanguage\":\"it-IT\",\"potentialAction\":[{\"@type\":\"ReadAction\",\"target\":[\"https:\\\/\\\/lavocedelpaese.info\\\/index.php\\\/2025\\\/09\\\/14\\\/confermate-cazzetta-pellegrini-e-giannuzzi\\\/\"]}]},{\"@type\":\"ImageObject\",\"inLanguage\":\"it-IT\",\"@id\":\"https:\\\/\\\/lavocedelpaese.info\\\/index.php\\\/2025\\\/09\\\/14\\\/confermate-cazzetta-pellegrini-e-giannuzzi\\\/#primaryimage\",\"url\":\"https:\\\/\\\/lavocedelpaese.info\\\/wp-content\\\/uploads\\\/2025\\\/09\\\/Stefania-Cazzetta-1365x2048-F6FpFq.jpg\",\"contentUrl\":\"https:\\\/\\\/lavocedelpaese.info\\\/wp-content\\\/uploads\\\/2025\\\/09\\\/Stefania-Cazzetta-1365x2048-F6FpFq.jpg\",\"width\":533,\"height\":800},{\"@type\":\"BreadcrumbList\",\"@id\":\"https:\\\/\\\/lavocedelpaese.info\\\/index.php\\\/2025\\\/09\\\/14\\\/confermate-cazzetta-pellegrini-e-giannuzzi\\\/#breadcrumb\",\"itemListElement\":[{\"@type\":\"ListItem\",\"position\":1,\"name\":\"Home\",\"item\":\"https:\\\/\\\/lavocedelpaese.info\\\/\"},{\"@type\":\"ListItem\",\"position\":2,\"name\":\"Confermate Cazzetta, Pellegrini e Giannuzzi\u00a0\u200b\"}]},{\"@type\":\"WebSite\",\"@id\":\"https:\\\/\\\/lavocedelpaese.info\\\/#website\",\"url\":\"https:\\\/\\\/lavocedelpaese.info\\\/\",\"name\":\"La Voce del Paese\",\"description\":\"Un network di idee\",\"publisher\":{\"@id\":\"https:\\\/\\\/lavocedelpaese.info\\\/#organization\"},\"potentialAction\":[{\"@type\":\"SearchAction\",\"target\":{\"@type\":\"EntryPoint\",\"urlTemplate\":\"https:\\\/\\\/lavocedelpaese.info\\\/?s={search_term_string}\"},\"query-input\":{\"@type\":\"PropertyValueSpecification\",\"valueRequired\":true,\"valueName\":\"search_term_string\"}}],\"inLanguage\":\"it-IT\"},{\"@type\":\"Organization\",\"@id\":\"https:\\\/\\\/lavocedelpaese.info\\\/#organization\",\"name\":\"La Voce del Paese\",\"url\":\"https:\\\/\\\/lavocedelpaese.info\\\/\",\"logo\":{\"@type\":\"ImageObject\",\"inLanguage\":\"it-IT\",\"@id\":\"https:\\\/\\\/lavocedelpaese.info\\\/#\\\/schema\\\/logo\\\/image\\\/\",\"url\":\"https:\\\/\\\/lavocedelpaese.info\\\/wp-content\\\/uploads\\\/2023\\\/01\\\/cropped-logo-150-127.png\",\"contentUrl\":\"https:\\\/\\\/lavocedelpaese.info\\\/wp-content\\\/uploads\\\/2023\\\/01\\\/cropped-logo-150-127.png\",\"width\":137,\"height\":119,\"caption\":\"La Voce del Paese\"},\"image\":{\"@id\":\"https:\\\/\\\/lavocedelpaese.info\\\/#\\\/schema\\\/logo\\\/image\\\/\"},\"sameAs\":[\"https:\\\/\\\/www.facebook.com\\\/lavocedelpaese.info\"]},{\"@type\":\"Person\",\"@id\":\"https:\\\/\\\/lavocedelpaese.info\\\/#\\\/schema\\\/person\\\/ec151d321306bd7591f7a061abf72d88\",\"name\":\"admin\",\"image\":{\"@type\":\"ImageObject\",\"inLanguage\":\"it-IT\",\"@id\":\"https:\\\/\\\/secure.gravatar.com\\\/avatar\\\/af8f2caf0663124588de48a9380e07cbc95a74ef15b8062d0d39106c32fe3023?s=96&d=mm&r=g\",\"url\":\"https:\\\/\\\/secure.gravatar.com\\\/avatar\\\/af8f2caf0663124588de48a9380e07cbc95a74ef15b8062d0d39106c32fe3023?s=96&d=mm&r=g\",\"contentUrl\":\"https:\\\/\\\/secure.gravatar.com\\\/avatar\\\/af8f2caf0663124588de48a9380e07cbc95a74ef15b8062d0d39106c32fe3023?s=96&d=mm&r=g\",\"caption\":\"admin\"},\"sameAs\":[\"https:\\\/\\\/lavocedelpaese.info\"],\"url\":\"https:\\\/\\\/lavocedelpaese.info\\\/index.php\\\/author\\\/admin\\\/\"}]}<\/script>\n<!-- \/ Yoast SEO plugin. -->","yoast_head_json":{"title":"Confermate Cazzetta, Pellegrini e Giannuzzi\u00a0\u200b - La Voce del Paese","robots":{"index":"index","follow":"follow","max-snippet":"max-snippet:-1","max-image-preview":"max-image-preview:large","max-video-preview":"max-video-preview:-1"},"canonical":"https:\/\/lavocedelpaese.info\/index.php\/2025\/09\/14\/confermate-cazzetta-pellegrini-e-giannuzzi\/","og_locale":"it_IT","og_type":"article","og_title":"Confermate Cazzetta, Pellegrini e Giannuzzi\u00a0\u200b - La Voce del Paese","og_description":"\u00a0 \u200b\u00a0 \u200b\u00a0 Turi inserito nel girone A Proseguono le conferme in casa Farmacia Mastrolonardo Turi in vista della disputa","og_url":"https:\/\/lavocedelpaese.info\/index.php\/2025\/09\/14\/confermate-cazzetta-pellegrini-e-giannuzzi\/","og_site_name":"La Voce del Paese","article_publisher":"https:\/\/www.facebook.com\/lavocedelpaese.info","article_published_time":"2025-09-14T06:14:35+00:00","author":"admin","twitter_card":"summary_large_image","twitter_misc":{"Scritto da":"admin","Tempo di lettura stimato":"2 minuti"},"schema":{"@context":"https:\/\/schema.org","@graph":[{"@type":"Article","@id":"https:\/\/lavocedelpaese.info\/index.php\/2025\/09\/14\/confermate-cazzetta-pellegrini-e-giannuzzi\/#article","isPartOf":{"@id":"https:\/\/lavocedelpaese.info\/index.php\/2025\/09\/14\/confermate-cazzetta-pellegrini-e-giannuzzi\/"},"author":{"name":"admin","@id":"https:\/\/lavocedelpaese.info\/#\/schema\/person\/ec151d321306bd7591f7a061abf72d88"},"headline":"Confermate Cazzetta, Pellegrini e Giannuzzi\u00a0\u200b","datePublished":"2025-09-14T06:14:35+00:00","mainEntityOfPage":{"@id":"https:\/\/lavocedelpaese.info\/index.php\/2025\/09\/14\/confermate-cazzetta-pellegrini-e-giannuzzi\/"},"wordCount":324,"commentCount":0,"publisher":{"@id":"https:\/\/lavocedelpaese.info\/#organization"},"image":{"@id":"https:\/\/lavocedelpaese.info\/index.php\/2025\/09\/14\/confermate-cazzetta-pellegrini-e-giannuzzi\/#primaryimage"},"thumbnailUrl":"https:\/\/lavocedelpaese.info\/wp-content\/uploads\/2025\/09\/Stefania-Cazzetta-1365x2048-F6FpFq.jpg","articleSection":["network"],"inLanguage":"it-IT","potentialAction":[{"@type":"CommentAction","name":"Comment","target":["https:\/\/lavocedelpaese.info\/index.php\/2025\/09\/14\/confermate-cazzetta-pellegrini-e-giannuzzi\/#respond"]}]},{"@type":"WebPage","@id":"https:\/\/lavocedelpaese.info\/index.php\/2025\/09\/14\/confermate-cazzetta-pellegrini-e-giannuzzi\/","url":"https:\/\/lavocedelpaese.info\/index.php\/2025\/09\/14\/confermate-cazzetta-pellegrini-e-giannuzzi\/","name":"Confermate Cazzetta, Pellegrini e Giannuzzi\u00a0\u200b - La Voce del Paese","isPartOf":{"@id":"https:\/\/lavocedelpaese.info\/#website"},"primaryImageOfPage":{"@id":"https:\/\/lavocedelpaese.info\/index.php\/2025\/09\/14\/confermate-cazzetta-pellegrini-e-giannuzzi\/#primaryimage"},"image":{"@id":"https:\/\/lavocedelpaese.info\/index.php\/2025\/09\/14\/confermate-cazzetta-pellegrini-e-giannuzzi\/#primaryimage"},"thumbnailUrl":"https:\/\/lavocedelpaese.info\/wp-content\/uploads\/2025\/09\/Stefania-Cazzetta-1365x2048-F6FpFq.jpg","datePublished":"2025-09-14T06:14:35+00:00","breadcrumb":{"@id":"https:\/\/lavocedelpaese.info\/index.php\/2025\/09\/14\/confermate-cazzetta-pellegrini-e-giannuzzi\/#breadcrumb"},"inLanguage":"it-IT","potentialAction":[{"@type":"ReadAction","target":["https:\/\/lavocedelpaese.info\/index.php\/2025\/09\/14\/confermate-cazzetta-pellegrini-e-giannuzzi\/"]}]},{"@type":"ImageObject","inLanguage":"it-IT","@id":"https:\/\/lavocedelpaese.info\/index.php\/2025\/09\/14\/confermate-cazzetta-pellegrini-e-giannuzzi\/#primaryimage","url":"https:\/\/lavocedelpaese.info\/wp-content\/uploads\/2025\/09\/Stefania-Cazzetta-1365x2048-F6FpFq.jpg","contentUrl":"https:\/\/lavocedelpaese.info\/wp-content\/uploads\/2025\/09\/Stefania-Cazzetta-1365x2048-F6FpFq.jpg","width":533,"height":800},{"@type":"BreadcrumbList","@id":"https:\/\/lavocedelpaese.info\/index.php\/2025\/09\/14\/confermate-cazzetta-pellegrini-e-giannuzzi\/#breadcrumb","itemListElement":[{"@type":"ListItem","position":1,"name":"Home","item":"https:\/\/lavocedelpaese.info\/"},{"@type":"ListItem","position":2,"name":"Confermate Cazzetta, Pellegrini e Giannuzzi\u00a0\u200b"}]},{"@type":"WebSite","@id":"https:\/\/lavocedelpaese.info\/#website","url":"https:\/\/lavocedelpaese.info\/","name":"La Voce del Paese","description":"Un network di idee","publisher":{"@id":"https:\/\/lavocedelpaese.info\/#organization"},"potentialAction":[{"@type":"SearchAction","target":{"@type":"EntryPoint","urlTemplate":"https:\/\/lavocedelpaese.info\/?s={search_term_string}"},"query-input":{"@type":"PropertyValueSpecification","valueRequired":true,"valueName":"search_term_string"}}],"inLanguage":"it-IT"},{"@type":"Organization","@id":"https:\/\/lavocedelpaese.info\/#organization","name":"La Voce del Paese","url":"https:\/\/lavocedelpaese.info\/","logo":{"@type":"ImageObject","inLanguage":"it-IT","@id":"https:\/\/lavocedelpaese.info\/#\/schema\/logo\/image\/","url":"https:\/\/lavocedelpaese.info\/wp-content\/uploads\/2023\/01\/cropped-logo-150-127.png","contentUrl":"https:\/\/lavocedelpaese.info\/wp-content\/uploads\/2023\/01\/cropped-logo-150-127.png","width":137,"height":119,"caption":"La Voce del Paese"},"image":{"@id":"https:\/\/lavocedelpaese.info\/#\/schema\/logo\/image\/"},"sameAs":["https:\/\/www.facebook.com\/lavocedelpaese.info"]},{"@type":"Person","@id":"https:\/\/lavocedelpaese.info\/#\/schema\/person\/ec151d321306bd7591f7a061abf72d88","name":"admin","image":{"@type":"ImageObject","inLanguage":"it-IT","@id":"https:\/\/secure.gravatar.com\/avatar\/af8f2caf0663124588de48a9380e07cbc95a74ef15b8062d0d39106c32fe3023?s=96&d=mm&r=g","url":"https:\/\/secure.gravatar.com\/avatar\/af8f2caf0663124588de48a9380e07cbc95a74ef15b8062d0d39106c32fe3023?s=96&d=mm&r=g","contentUrl":"https:\/\/secure.gravatar.com\/avatar\/af8f2caf0663124588de48a9380e07cbc95a74ef15b8062d0d39106c32fe3023?s=96&d=mm&r=g","caption":"admin"},"sameAs":["https:\/\/lavocedelpaese.info"],"url":"https:\/\/lavocedelpaese.info\/index.php\/author\/admin\/"}]}},"_links":{"self":[{"href":"https:\/\/lavocedelpaese.info\/index.php\/wp-json\/wp\/v2\/posts\/9900","targetHints":{"allow":["GET"]}}],"collection":[{"href":"https:\/\/lavocedelpaese.info\/index.php\/wp-json\/wp\/v2\/posts"}],"about":[{"href":"https:\/\/lavocedelpaese.info\/index.php\/wp-json\/wp\/v2\/types\/post"}],"author":[{"embeddable":true,"href":"https:\/\/lavocedelpaese.info\/index.php\/wp-json\/wp\/v2\/users\/6"}],"replies":[{"embeddable":true,"href":"https:\/\/lavocedelpaese.info\/index.php\/wp-json\/wp\/v2\/comments?post=9900"}],"version-history":[{"count":0,"href":"https:\/\/lavocedelpaese.info\/index.php\/wp-json\/wp\/v2\/posts\/9900\/revisions"}],"wp:featuredmedia":[{"embeddable":true,"href":"https:\/\/lavocedelpaese.info\/index.php\/wp-json\/wp\/v2\/media\/9901"}],"wp:attachment":[{"href":"https:\/\/lavocedelpaese.info\/index.php\/wp-json\/wp\/v2\/media?parent=9900"}],"wp:term":[{"taxonomy":"category","embeddable":true,"href":"https:\/\/lavocedelpaese.info\/index.php\/wp-json\/wp\/v2\/categories?post=9900"},{"taxonomy":"post_tag","embeddable":true,"href":"https:\/\/lavocedelpaese.info\/index.php\/wp-json\/wp\/v2\/tags?post=9900"}],"curies":[{"name":"wp","href":"https:\/\/api.w.org\/{rel}","templated":true}]}}