{"id":9873,"date":"2025-09-06T08:14:16","date_gmt":"2025-09-06T08:14:16","guid":{"rendered":"https:\/\/lavocedelpaese.info\/index.php\/2025\/09\/06\/angelica-dellaera-nellarea-tutor-del-master-sanremo-2026\/"},"modified":"2025-09-06T08:14:16","modified_gmt":"2025-09-06T08:14:16","slug":"angelica-dellaera-nellarea-tutor-del-master-sanremo-2026","status":"publish","type":"post","link":"https:\/\/lavocedelpaese.info\/index.php\/2025\/09\/06\/angelica-dellaera-nellarea-tutor-del-master-sanremo-2026\/","title":{"rendered":"Angelica Dell\u2019Aera nell\u2019Area Tutor del Master Sanremo 2026\u00a0\u200b"},"content":{"rendered":"<p>\u00a0<\/p>\n<p>\u200b\u00a0<\/p>\n<p>\u200b\u00a0<\/p>\n<div><\/div>\n<h4 class=\"wp-block-heading\"><strong>La nostra concittadina \u00e8 stata selezionata tra i migliori professionisti del benessere che si prenderanno cura degli ospiti del prossimo Festival di Sanremo<\/strong><\/h4>\n<p>La nostra concittadina Angelica Dell\u2019Aera \u00e8 stata selezionata tra i migliori esperti del benessere in Italia e all\u2019estero per far parte del prestigioso \u201cDream Team\u201d, la squadra che si prender\u00e0 cura degli ospiti della prossima edizione della kermesse canora pi\u00f9 famosa d\u2019Italia.<\/p>\n<figure class=\"wp-block-image alignright size-full is-resized\"><img decoding=\"async\" width=\"1066\" height=\"1600\" src=\"https:\/\/turi.lavocedelpaese.info\/wp-content\/uploads\/2025\/09\/angelica-dellaera-11.jpeg\" alt=\"\" class=\"wp-image-7539\"\/><figcaption class=\"wp-element-caption\"><strong><em>Angelica Dell\u2019Aera<\/em><\/strong><\/figcaption><\/figure>\n<p>L\u2019annuncio \u00e8 arrivato da <strong>Stefano Serra<\/strong>, ideatore del <em>Festival dei Sogni<\/em>, l\u2019evento \u2013 giunto ormai all\u2019undicesima edizione \u2013 che affianca il Festival di Sanremo, coniugando benessere, ospitalit\u00e0 e intrattenimento.<br \/>\u00abAngelica \u2013 ha dichiarato Serra \u2013 \u00e8 una professionista di grande spessore: elegante, raffinata e determinata. Il suo sorriso ha incantato gli ospiti del Grand Hotel Des Anglais Leisure, dai Duran Duran a Mara Venier, da Salvatore Esposito fino a tutte le splendide anime che hanno partecipato al <em>Festival dei Sogni<\/em>. Con immensa gioia annunciamo il suo ingresso nell\u2019Area Tutor del Master Sanremo 2026: una presenza fondamentale per un progetto che guarda al futuro, ma che porta nel cuore undici anni di storia, emozioni e crescita\u00bb.<\/p>\n<p>In realt\u00e0, non \u00e8 la prima volta che la nostra concittadina calca il backstage del Festival di Sanremo: gi\u00e0 nel 2025 ha fatto parte della selezionatissima cerchia di professionisti che ha \u201ccoccolato\u201d gli ospiti del \u201cFestival di Sanremo\u201d. Una riconferma, dunque, che premia talento, dedizione e professionalit\u00e0.<\/p>\n<p>I dettagli, i ricordi e i progetti futuri li racconta la stessa Angelica in questa intervista che ci ha rilasciato.<\/p>\n<figure class=\"wp-block-image size-full\"><img decoding=\"async\" width=\"1080\" height=\"790\" src=\"https:\/\/turi.lavocedelpaese.info\/wp-content\/uploads\/2025\/09\/angelica-dellaera-9.jpeg\" alt=\"\" class=\"wp-image-7548\"\/><\/figure>\n<p><strong>Come \u00e8 nata l\u2019opportunit\u00e0 di entrare a far parte del \u201cDream Team\u201d del Festival dei Sogni?<br \/><\/strong>Sono arrivata a Sanremo dopo aver superato, con orgoglio, una selezione durissima: oltre 600 candidati per soli 10 posti. Un vero onore, una conquista che porter\u00f2 sempre nel cuore.<\/p>\n<p><strong>Quali sono i momenti pi\u00f9 significativi che ricorda dell\u2019edizione 2025 del Festival di Sanremo?<br \/><\/strong>\u00abI ricordi nella splendida citt\u00e0 dei fiori sono tantissimi. Il mio sorriso ha sempre fatto parte della mia \u201cdivisa\u201d, ed \u00e8 forse anche per questo che sono stata riconfermata con entusiasmo. Ogni giorno \u00e8 stato un crescendo di emozioni.<\/p>\n<p>Tra i momenti pi\u00f9 indimenticabili: l\u2019arrivo dei Duran Duran nella spa del prestigioso Grand Hotel Des Anglais, il trattamento a Salvatore Esposito protagonista di Gomorra e, soprattutto, la carezza affettuosa di Mara Venier. Emozioni indelebili\u00bb.<\/p>\n<figure class=\"wp-block-gallery has-nested-images columns-2 is-cropped wp-block-gallery-1 is-layout-flex wp-block-gallery-is-layout-flex\">\n<figure class=\"wp-block-image size-large\"><img decoding=\"async\" width=\"1536\" height=\"2048\" data-id=\"7549\" src=\"https:\/\/turi.lavocedelpaese.info\/wp-content\/uploads\/2025\/09\/angelica-dellaera-10.jpeg\" alt=\"\" class=\"wp-image-7549\"\/><\/figure>\n<figure class=\"wp-block-image size-large\"><img decoding=\"async\" loading=\"lazy\" width=\"1184\" height=\"1600\" data-id=\"7554\" src=\"https:\/\/turi.lavocedelpaese.info\/wp-content\/uploads\/2025\/09\/brancale.jpg\" alt=\"\" class=\"wp-image-7554\"\/><\/figure>\n<figure class=\"wp-block-image size-large\"><img decoding=\"async\" loading=\"lazy\" width=\"899\" height=\"1160\" data-id=\"7544\" src=\"https:\/\/turi.lavocedelpaese.info\/wp-content\/uploads\/2025\/09\/angelica-dellaera-5.jpeg\" alt=\"\" class=\"wp-image-7544\"\/><\/figure>\n<figure class=\"wp-block-image size-large\"><img decoding=\"async\" loading=\"lazy\" width=\"721\" height=\"906\" data-id=\"7543\" src=\"https:\/\/turi.lavocedelpaese.info\/wp-content\/uploads\/2025\/09\/angelica-dellaera-4.jpeg\" alt=\"\" class=\"wp-image-7543\"\/><\/figure>\n<\/figure>\n<div aria-hidden=\"true\" class=\"wp-block-spacer\"><\/div>\n<p><strong>In vista dell\u2019edizione 2026, ha intrapreso ulteriori percorsi di formazione?<\/strong><\/p>\n<p>\u00abEssere tutor di un progetto cos\u00ec importante \u2013 che da 12 anni \u00e8 parte integrante del Festival di Sanremo \u2013 mi d\u00e0 la motivazione per portare il benessere anche nella mia amata terra: la Puglia, da Turi a Lucera, trasformandola in un centro di eccellenza nel settore. Insieme alle mie meravigliose colleghe Patrizia Brucale, Renata D\u2019Agnone ed Elenia Stefani.<\/p>\n<p>Il Dream Massage\u00ae non \u00e8 solo un trattamento: \u00e8 una vera filosofia di vita. Insieme al nostro Professore, e amico, Stefano Serra stiamo organizzando corsi in tutta Italia, per formare operatori consapevoli e sognatori con i piedi per terra\u00bb.<\/p>\n<p><strong>Il suo ingresso nell\u2019Area Tutor del Master Sanremo 2026 \u00e8 stato ufficializzato: quale sar\u00e0 il suo compito?<\/strong><\/p>\n<p>\u00abA Sanremo torner\u00f2 per supportare i nuovi partecipanti, gestire la comunicazione, ma soprattutto per regalare sogni. A chi, come me, ha ancora voglia di volare, vincere, e sognare. Perch\u00e9 il Festival dei Sogni ha un senso solo se i sogni si realizzano. Il mio piccolo grande sogno? Conoscere e massaggiare il nostro amato Checco\u2026 PRINCIPE della risata della nostra amata Puglia.<br \/>E io\u2026 sono pronta\u00bb.<\/p>\n<figure class=\"wp-block-gallery has-nested-images columns-2 is-cropped wp-block-gallery-2 is-layout-flex wp-block-gallery-is-layout-flex\">\n<figure class=\"wp-block-image size-large\"><img decoding=\"async\" loading=\"lazy\" width=\"1080\" height=\"1538\" data-id=\"7547\" src=\"https:\/\/turi.lavocedelpaese.info\/wp-content\/uploads\/2025\/09\/angelica-dellaera-8.jpeg\" alt=\"\" class=\"wp-image-7547\"\/><\/figure>\n<figure class=\"wp-block-image size-large\"><img decoding=\"async\" loading=\"lazy\" width=\"722\" height=\"1230\" data-id=\"7541\" src=\"https:\/\/turi.lavocedelpaese.info\/wp-content\/uploads\/2025\/09\/angelica-dellaera-2.jpeg\" alt=\"\" class=\"wp-image-7541\"\/><\/figure>\n<figure class=\"wp-block-image size-large\"><img decoding=\"async\" loading=\"lazy\" width=\"721\" height=\"1142\" data-id=\"7546\" src=\"https:\/\/turi.lavocedelpaese.info\/wp-content\/uploads\/2025\/09\/angelica-dellaera-7.jpeg\" alt=\"\" class=\"wp-image-7546\"\/><\/figure>\n<figure class=\"wp-block-image size-large\"><img decoding=\"async\" loading=\"lazy\" width=\"899\" height=\"1199\" data-id=\"7545\" src=\"https:\/\/turi.lavocedelpaese.info\/wp-content\/uploads\/2025\/09\/angelica-dellaera-6.jpeg\" alt=\"\" class=\"wp-image-7545\"\/><\/figure>\n<figure class=\"wp-block-image size-large\"><img decoding=\"async\" loading=\"lazy\" width=\"721\" height=\"1209\" data-id=\"7542\" src=\"https:\/\/turi.lavocedelpaese.info\/wp-content\/uploads\/2025\/09\/angelica-dellaera-3.jpeg\" alt=\"\" class=\"wp-image-7542\"\/><\/figure>\n<figure class=\"wp-block-image size-large\"><img decoding=\"async\" loading=\"lazy\" width=\"721\" height=\"1299\" data-id=\"7540\" src=\"https:\/\/turi.lavocedelpaese.info\/wp-content\/uploads\/2025\/09\/angelica-dellaera-1.jpeg\" alt=\"\" class=\"wp-image-7540\"\/><\/figure>\n<figure class=\"wp-block-image size-large\"><img decoding=\"async\" loading=\"lazy\" width=\"1394\" height=\"1018\" data-id=\"7538\" src=\"https:\/\/turi.lavocedelpaese.info\/wp-content\/uploads\/2025\/09\/angelica-dellaera-13.jpeg\" alt=\"\" class=\"wp-image-7538\"\/><\/figure>\n<\/figure>\n<p><a class=\"a2a_button_facebook\" href=\"https:\/\/www.addtoany.com\/add_to\/facebook?linkurl=https%3A%2F%2Fturi.lavocedelpaese.info%2Fangelica-dellaera-nellarea-tutor-del-master-sanremo%2F&amp;linkname=Angelica%20Dell%E2%80%99Aera%20nell%E2%80%99Area%20Tutor%20del%20Master%20Sanremo%202026\" title=\"Facebook\" rel=\"nofollow noopener\" target=\"_blank\"><\/a><a class=\"a2a_button_twitter\" href=\"https:\/\/www.addtoany.com\/add_to\/twitter?linkurl=https%3A%2F%2Fturi.lavocedelpaese.info%2Fangelica-dellaera-nellarea-tutor-del-master-sanremo%2F&amp;linkname=Angelica%20Dell%E2%80%99Aera%20nell%E2%80%99Area%20Tutor%20del%20Master%20Sanremo%202026\" title=\"Twitter\" rel=\"nofollow noopener\" target=\"_blank\"><\/a><a class=\"a2a_button_whatsapp\" href=\"https:\/\/www.addtoany.com\/add_to\/whatsapp?linkurl=https%3A%2F%2Fturi.lavocedelpaese.info%2Fangelica-dellaera-nellarea-tutor-del-master-sanremo%2F&amp;linkname=Angelica%20Dell%E2%80%99Aera%20nell%E2%80%99Area%20Tutor%20del%20Master%20Sanremo%202026\" title=\"WhatsApp\" rel=\"nofollow noopener\" target=\"_blank\"><\/a><a class=\"a2a_button_telegram\" href=\"https:\/\/www.addtoany.com\/add_to\/telegram?linkurl=https%3A%2F%2Fturi.lavocedelpaese.info%2Fangelica-dellaera-nellarea-tutor-del-master-sanremo%2F&amp;linkname=Angelica%20Dell%E2%80%99Aera%20nell%E2%80%99Area%20Tutor%20del%20Master%20Sanremo%202026\" title=\"Telegram\" rel=\"nofollow noopener\" target=\"_blank\"><\/a><a class=\"a2a_button_email\" href=\"https:\/\/www.addtoany.com\/add_to\/email?linkurl=https%3A%2F%2Fturi.lavocedelpaese.info%2Fangelica-dellaera-nellarea-tutor-del-master-sanremo%2F&amp;linkname=Angelica%20Dell%E2%80%99Aera%20nell%E2%80%99Area%20Tutor%20del%20Master%20Sanremo%202026\" title=\"Email\" rel=\"nofollow noopener\" target=\"_blank\"><\/a><\/p>\n<p>\u00a0<\/p>\n<p>\u00a0<\/p>\n<p>\u200b\u00a0\u00a0\u00a0<\/p>","protected":false},"excerpt":{"rendered":"<p>\u00a0 \u200b\u00a0 \u200b\u00a0 La nostra concittadina \u00e8 stata selezionata tra i migliori professionisti del benessere che si prenderanno cura degli<\/p>\n","protected":false},"author":6,"featured_media":9874,"comment_status":"open","ping_status":"closed","sticky":false,"template":"","format":"standard","meta":{"colormag_page_container_layout":"default_layout","colormag_page_sidebar_layout":"default_layout","footnotes":""},"categories":[33],"tags":[],"class_list":["post-9873","post","type-post","status-publish","format-standard","has-post-thumbnail","hentry","category-network"],"yoast_head":"<!-- This site is optimized with the Yoast SEO plugin v27.5 - https:\/\/yoast.com\/product\/yoast-seo-wordpress\/ -->\n<title>Angelica Dell\u2019Aera nell\u2019Area Tutor del Master Sanremo 2026\u00a0\u200b - La Voce del Paese<\/title>\n<meta name=\"robots\" content=\"index, follow, max-snippet:-1, max-image-preview:large, max-video-preview:-1\" \/>\n<link rel=\"canonical\" href=\"https:\/\/lavocedelpaese.info\/index.php\/2025\/09\/06\/angelica-dellaera-nellarea-tutor-del-master-sanremo-2026\/\" \/>\n<meta property=\"og:locale\" content=\"it_IT\" \/>\n<meta property=\"og:type\" content=\"article\" \/>\n<meta property=\"og:title\" content=\"Angelica Dell\u2019Aera nell\u2019Area Tutor del Master Sanremo 2026\u00a0\u200b - La Voce del Paese\" \/>\n<meta property=\"og:description\" content=\"\u00a0 \u200b\u00a0 \u200b\u00a0 La nostra concittadina \u00e8 stata selezionata tra i migliori professionisti del benessere che si prenderanno cura degli\" \/>\n<meta property=\"og:url\" content=\"https:\/\/lavocedelpaese.info\/index.php\/2025\/09\/06\/angelica-dellaera-nellarea-tutor-del-master-sanremo-2026\/\" \/>\n<meta property=\"og:site_name\" content=\"La Voce del Paese\" \/>\n<meta property=\"article:publisher\" content=\"https:\/\/www.facebook.com\/lavocedelpaese.info\" \/>\n<meta property=\"article:published_time\" content=\"2025-09-06T08:14:16+00:00\" \/>\n<meta name=\"author\" content=\"admin\" \/>\n<meta name=\"twitter:card\" content=\"summary_large_image\" \/>\n<meta name=\"twitter:label1\" content=\"Scritto da\" \/>\n\t<meta name=\"twitter:data1\" content=\"admin\" \/>\n\t<meta name=\"twitter:label2\" content=\"Tempo di lettura stimato\" \/>\n\t<meta name=\"twitter:data2\" content=\"3 minuti\" \/>\n<script type=\"application\/ld+json\" class=\"yoast-schema-graph\">{\"@context\":\"https:\\\/\\\/schema.org\",\"@graph\":[{\"@type\":\"Article\",\"@id\":\"https:\\\/\\\/lavocedelpaese.info\\\/index.php\\\/2025\\\/09\\\/06\\\/angelica-dellaera-nellarea-tutor-del-master-sanremo-2026\\\/#article\",\"isPartOf\":{\"@id\":\"https:\\\/\\\/lavocedelpaese.info\\\/index.php\\\/2025\\\/09\\\/06\\\/angelica-dellaera-nellarea-tutor-del-master-sanremo-2026\\\/\"},\"author\":{\"name\":\"admin\",\"@id\":\"https:\\\/\\\/lavocedelpaese.info\\\/#\\\/schema\\\/person\\\/ec151d321306bd7591f7a061abf72d88\"},\"headline\":\"Angelica Dell\u2019Aera nell\u2019Area Tutor del Master Sanremo 2026\u00a0\u200b\",\"datePublished\":\"2025-09-06T08:14:16+00:00\",\"mainEntityOfPage\":{\"@id\":\"https:\\\/\\\/lavocedelpaese.info\\\/index.php\\\/2025\\\/09\\\/06\\\/angelica-dellaera-nellarea-tutor-del-master-sanremo-2026\\\/\"},\"wordCount\":569,\"commentCount\":0,\"publisher\":{\"@id\":\"https:\\\/\\\/lavocedelpaese.info\\\/#organization\"},\"image\":{\"@id\":\"https:\\\/\\\/lavocedelpaese.info\\\/index.php\\\/2025\\\/09\\\/06\\\/angelica-dellaera-nellarea-tutor-del-master-sanremo-2026\\\/#primaryimage\"},\"thumbnailUrl\":\"https:\\\/\\\/lavocedelpaese.info\\\/wp-content\\\/uploads\\\/2025\\\/09\\\/angelica-dellaera-11-AJx0bR.jpg\",\"articleSection\":[\"network\"],\"inLanguage\":\"it-IT\",\"potentialAction\":[{\"@type\":\"CommentAction\",\"name\":\"Comment\",\"target\":[\"https:\\\/\\\/lavocedelpaese.info\\\/index.php\\\/2025\\\/09\\\/06\\\/angelica-dellaera-nellarea-tutor-del-master-sanremo-2026\\\/#respond\"]}]},{\"@type\":\"WebPage\",\"@id\":\"https:\\\/\\\/lavocedelpaese.info\\\/index.php\\\/2025\\\/09\\\/06\\\/angelica-dellaera-nellarea-tutor-del-master-sanremo-2026\\\/\",\"url\":\"https:\\\/\\\/lavocedelpaese.info\\\/index.php\\\/2025\\\/09\\\/06\\\/angelica-dellaera-nellarea-tutor-del-master-sanremo-2026\\\/\",\"name\":\"Angelica Dell\u2019Aera nell\u2019Area Tutor del Master Sanremo 2026\u00a0\u200b - La Voce del Paese\",\"isPartOf\":{\"@id\":\"https:\\\/\\\/lavocedelpaese.info\\\/#website\"},\"primaryImageOfPage\":{\"@id\":\"https:\\\/\\\/lavocedelpaese.info\\\/index.php\\\/2025\\\/09\\\/06\\\/angelica-dellaera-nellarea-tutor-del-master-sanremo-2026\\\/#primaryimage\"},\"image\":{\"@id\":\"https:\\\/\\\/lavocedelpaese.info\\\/index.php\\\/2025\\\/09\\\/06\\\/angelica-dellaera-nellarea-tutor-del-master-sanremo-2026\\\/#primaryimage\"},\"thumbnailUrl\":\"https:\\\/\\\/lavocedelpaese.info\\\/wp-content\\\/uploads\\\/2025\\\/09\\\/angelica-dellaera-11-AJx0bR.jpg\",\"datePublished\":\"2025-09-06T08:14:16+00:00\",\"breadcrumb\":{\"@id\":\"https:\\\/\\\/lavocedelpaese.info\\\/index.php\\\/2025\\\/09\\\/06\\\/angelica-dellaera-nellarea-tutor-del-master-sanremo-2026\\\/#breadcrumb\"},\"inLanguage\":\"it-IT\",\"potentialAction\":[{\"@type\":\"ReadAction\",\"target\":[\"https:\\\/\\\/lavocedelpaese.info\\\/index.php\\\/2025\\\/09\\\/06\\\/angelica-dellaera-nellarea-tutor-del-master-sanremo-2026\\\/\"]}]},{\"@type\":\"ImageObject\",\"inLanguage\":\"it-IT\",\"@id\":\"https:\\\/\\\/lavocedelpaese.info\\\/index.php\\\/2025\\\/09\\\/06\\\/angelica-dellaera-nellarea-tutor-del-master-sanremo-2026\\\/#primaryimage\",\"url\":\"https:\\\/\\\/lavocedelpaese.info\\\/wp-content\\\/uploads\\\/2025\\\/09\\\/angelica-dellaera-11-AJx0bR.jpg\",\"contentUrl\":\"https:\\\/\\\/lavocedelpaese.info\\\/wp-content\\\/uploads\\\/2025\\\/09\\\/angelica-dellaera-11-AJx0bR.jpg\",\"width\":533,\"height\":800},{\"@type\":\"BreadcrumbList\",\"@id\":\"https:\\\/\\\/lavocedelpaese.info\\\/index.php\\\/2025\\\/09\\\/06\\\/angelica-dellaera-nellarea-tutor-del-master-sanremo-2026\\\/#breadcrumb\",\"itemListElement\":[{\"@type\":\"ListItem\",\"position\":1,\"name\":\"Home\",\"item\":\"https:\\\/\\\/lavocedelpaese.info\\\/\"},{\"@type\":\"ListItem\",\"position\":2,\"name\":\"Angelica Dell\u2019Aera nell\u2019Area Tutor del Master Sanremo 2026\u00a0\u200b\"}]},{\"@type\":\"WebSite\",\"@id\":\"https:\\\/\\\/lavocedelpaese.info\\\/#website\",\"url\":\"https:\\\/\\\/lavocedelpaese.info\\\/\",\"name\":\"La Voce del Paese\",\"description\":\"Un network di idee\",\"publisher\":{\"@id\":\"https:\\\/\\\/lavocedelpaese.info\\\/#organization\"},\"potentialAction\":[{\"@type\":\"SearchAction\",\"target\":{\"@type\":\"EntryPoint\",\"urlTemplate\":\"https:\\\/\\\/lavocedelpaese.info\\\/?s={search_term_string}\"},\"query-input\":{\"@type\":\"PropertyValueSpecification\",\"valueRequired\":true,\"valueName\":\"search_term_string\"}}],\"inLanguage\":\"it-IT\"},{\"@type\":\"Organization\",\"@id\":\"https:\\\/\\\/lavocedelpaese.info\\\/#organization\",\"name\":\"La Voce del Paese\",\"url\":\"https:\\\/\\\/lavocedelpaese.info\\\/\",\"logo\":{\"@type\":\"ImageObject\",\"inLanguage\":\"it-IT\",\"@id\":\"https:\\\/\\\/lavocedelpaese.info\\\/#\\\/schema\\\/logo\\\/image\\\/\",\"url\":\"https:\\\/\\\/lavocedelpaese.info\\\/wp-content\\\/uploads\\\/2023\\\/01\\\/cropped-logo-150-127.png\",\"contentUrl\":\"https:\\\/\\\/lavocedelpaese.info\\\/wp-content\\\/uploads\\\/2023\\\/01\\\/cropped-logo-150-127.png\",\"width\":137,\"height\":119,\"caption\":\"La Voce del Paese\"},\"image\":{\"@id\":\"https:\\\/\\\/lavocedelpaese.info\\\/#\\\/schema\\\/logo\\\/image\\\/\"},\"sameAs\":[\"https:\\\/\\\/www.facebook.com\\\/lavocedelpaese.info\"]},{\"@type\":\"Person\",\"@id\":\"https:\\\/\\\/lavocedelpaese.info\\\/#\\\/schema\\\/person\\\/ec151d321306bd7591f7a061abf72d88\",\"name\":\"admin\",\"image\":{\"@type\":\"ImageObject\",\"inLanguage\":\"it-IT\",\"@id\":\"https:\\\/\\\/secure.gravatar.com\\\/avatar\\\/af8f2caf0663124588de48a9380e07cbc95a74ef15b8062d0d39106c32fe3023?s=96&d=mm&r=g\",\"url\":\"https:\\\/\\\/secure.gravatar.com\\\/avatar\\\/af8f2caf0663124588de48a9380e07cbc95a74ef15b8062d0d39106c32fe3023?s=96&d=mm&r=g\",\"contentUrl\":\"https:\\\/\\\/secure.gravatar.com\\\/avatar\\\/af8f2caf0663124588de48a9380e07cbc95a74ef15b8062d0d39106c32fe3023?s=96&d=mm&r=g\",\"caption\":\"admin\"},\"sameAs\":[\"https:\\\/\\\/lavocedelpaese.info\"],\"url\":\"https:\\\/\\\/lavocedelpaese.info\\\/index.php\\\/author\\\/admin\\\/\"}]}<\/script>\n<!-- \/ Yoast SEO plugin. -->","yoast_head_json":{"title":"Angelica Dell\u2019Aera nell\u2019Area Tutor del Master Sanremo 2026\u00a0\u200b - La Voce del Paese","robots":{"index":"index","follow":"follow","max-snippet":"max-snippet:-1","max-image-preview":"max-image-preview:large","max-video-preview":"max-video-preview:-1"},"canonical":"https:\/\/lavocedelpaese.info\/index.php\/2025\/09\/06\/angelica-dellaera-nellarea-tutor-del-master-sanremo-2026\/","og_locale":"it_IT","og_type":"article","og_title":"Angelica Dell\u2019Aera nell\u2019Area Tutor del Master Sanremo 2026\u00a0\u200b - La Voce del Paese","og_description":"\u00a0 \u200b\u00a0 \u200b\u00a0 La nostra concittadina \u00e8 stata selezionata tra i migliori professionisti del benessere che si prenderanno cura degli","og_url":"https:\/\/lavocedelpaese.info\/index.php\/2025\/09\/06\/angelica-dellaera-nellarea-tutor-del-master-sanremo-2026\/","og_site_name":"La Voce del Paese","article_publisher":"https:\/\/www.facebook.com\/lavocedelpaese.info","article_published_time":"2025-09-06T08:14:16+00:00","author":"admin","twitter_card":"summary_large_image","twitter_misc":{"Scritto da":"admin","Tempo di lettura stimato":"3 minuti"},"schema":{"@context":"https:\/\/schema.org","@graph":[{"@type":"Article","@id":"https:\/\/lavocedelpaese.info\/index.php\/2025\/09\/06\/angelica-dellaera-nellarea-tutor-del-master-sanremo-2026\/#article","isPartOf":{"@id":"https:\/\/lavocedelpaese.info\/index.php\/2025\/09\/06\/angelica-dellaera-nellarea-tutor-del-master-sanremo-2026\/"},"author":{"name":"admin","@id":"https:\/\/lavocedelpaese.info\/#\/schema\/person\/ec151d321306bd7591f7a061abf72d88"},"headline":"Angelica Dell\u2019Aera nell\u2019Area Tutor del Master Sanremo 2026\u00a0\u200b","datePublished":"2025-09-06T08:14:16+00:00","mainEntityOfPage":{"@id":"https:\/\/lavocedelpaese.info\/index.php\/2025\/09\/06\/angelica-dellaera-nellarea-tutor-del-master-sanremo-2026\/"},"wordCount":569,"commentCount":0,"publisher":{"@id":"https:\/\/lavocedelpaese.info\/#organization"},"image":{"@id":"https:\/\/lavocedelpaese.info\/index.php\/2025\/09\/06\/angelica-dellaera-nellarea-tutor-del-master-sanremo-2026\/#primaryimage"},"thumbnailUrl":"https:\/\/lavocedelpaese.info\/wp-content\/uploads\/2025\/09\/angelica-dellaera-11-AJx0bR.jpg","articleSection":["network"],"inLanguage":"it-IT","potentialAction":[{"@type":"CommentAction","name":"Comment","target":["https:\/\/lavocedelpaese.info\/index.php\/2025\/09\/06\/angelica-dellaera-nellarea-tutor-del-master-sanremo-2026\/#respond"]}]},{"@type":"WebPage","@id":"https:\/\/lavocedelpaese.info\/index.php\/2025\/09\/06\/angelica-dellaera-nellarea-tutor-del-master-sanremo-2026\/","url":"https:\/\/lavocedelpaese.info\/index.php\/2025\/09\/06\/angelica-dellaera-nellarea-tutor-del-master-sanremo-2026\/","name":"Angelica Dell\u2019Aera nell\u2019Area Tutor del Master Sanremo 2026\u00a0\u200b - La Voce del Paese","isPartOf":{"@id":"https:\/\/lavocedelpaese.info\/#website"},"primaryImageOfPage":{"@id":"https:\/\/lavocedelpaese.info\/index.php\/2025\/09\/06\/angelica-dellaera-nellarea-tutor-del-master-sanremo-2026\/#primaryimage"},"image":{"@id":"https:\/\/lavocedelpaese.info\/index.php\/2025\/09\/06\/angelica-dellaera-nellarea-tutor-del-master-sanremo-2026\/#primaryimage"},"thumbnailUrl":"https:\/\/lavocedelpaese.info\/wp-content\/uploads\/2025\/09\/angelica-dellaera-11-AJx0bR.jpg","datePublished":"2025-09-06T08:14:16+00:00","breadcrumb":{"@id":"https:\/\/lavocedelpaese.info\/index.php\/2025\/09\/06\/angelica-dellaera-nellarea-tutor-del-master-sanremo-2026\/#breadcrumb"},"inLanguage":"it-IT","potentialAction":[{"@type":"ReadAction","target":["https:\/\/lavocedelpaese.info\/index.php\/2025\/09\/06\/angelica-dellaera-nellarea-tutor-del-master-sanremo-2026\/"]}]},{"@type":"ImageObject","inLanguage":"it-IT","@id":"https:\/\/lavocedelpaese.info\/index.php\/2025\/09\/06\/angelica-dellaera-nellarea-tutor-del-master-sanremo-2026\/#primaryimage","url":"https:\/\/lavocedelpaese.info\/wp-content\/uploads\/2025\/09\/angelica-dellaera-11-AJx0bR.jpg","contentUrl":"https:\/\/lavocedelpaese.info\/wp-content\/uploads\/2025\/09\/angelica-dellaera-11-AJx0bR.jpg","width":533,"height":800},{"@type":"BreadcrumbList","@id":"https:\/\/lavocedelpaese.info\/index.php\/2025\/09\/06\/angelica-dellaera-nellarea-tutor-del-master-sanremo-2026\/#breadcrumb","itemListElement":[{"@type":"ListItem","position":1,"name":"Home","item":"https:\/\/lavocedelpaese.info\/"},{"@type":"ListItem","position":2,"name":"Angelica Dell\u2019Aera nell\u2019Area Tutor del Master Sanremo 2026\u00a0\u200b"}]},{"@type":"WebSite","@id":"https:\/\/lavocedelpaese.info\/#website","url":"https:\/\/lavocedelpaese.info\/","name":"La Voce del Paese","description":"Un network di idee","publisher":{"@id":"https:\/\/lavocedelpaese.info\/#organization"},"potentialAction":[{"@type":"SearchAction","target":{"@type":"EntryPoint","urlTemplate":"https:\/\/lavocedelpaese.info\/?s={search_term_string}"},"query-input":{"@type":"PropertyValueSpecification","valueRequired":true,"valueName":"search_term_string"}}],"inLanguage":"it-IT"},{"@type":"Organization","@id":"https:\/\/lavocedelpaese.info\/#organization","name":"La Voce del Paese","url":"https:\/\/lavocedelpaese.info\/","logo":{"@type":"ImageObject","inLanguage":"it-IT","@id":"https:\/\/lavocedelpaese.info\/#\/schema\/logo\/image\/","url":"https:\/\/lavocedelpaese.info\/wp-content\/uploads\/2023\/01\/cropped-logo-150-127.png","contentUrl":"https:\/\/lavocedelpaese.info\/wp-content\/uploads\/2023\/01\/cropped-logo-150-127.png","width":137,"height":119,"caption":"La Voce del Paese"},"image":{"@id":"https:\/\/lavocedelpaese.info\/#\/schema\/logo\/image\/"},"sameAs":["https:\/\/www.facebook.com\/lavocedelpaese.info"]},{"@type":"Person","@id":"https:\/\/lavocedelpaese.info\/#\/schema\/person\/ec151d321306bd7591f7a061abf72d88","name":"admin","image":{"@type":"ImageObject","inLanguage":"it-IT","@id":"https:\/\/secure.gravatar.com\/avatar\/af8f2caf0663124588de48a9380e07cbc95a74ef15b8062d0d39106c32fe3023?s=96&d=mm&r=g","url":"https:\/\/secure.gravatar.com\/avatar\/af8f2caf0663124588de48a9380e07cbc95a74ef15b8062d0d39106c32fe3023?s=96&d=mm&r=g","contentUrl":"https:\/\/secure.gravatar.com\/avatar\/af8f2caf0663124588de48a9380e07cbc95a74ef15b8062d0d39106c32fe3023?s=96&d=mm&r=g","caption":"admin"},"sameAs":["https:\/\/lavocedelpaese.info"],"url":"https:\/\/lavocedelpaese.info\/index.php\/author\/admin\/"}]}},"_links":{"self":[{"href":"https:\/\/lavocedelpaese.info\/index.php\/wp-json\/wp\/v2\/posts\/9873","targetHints":{"allow":["GET"]}}],"collection":[{"href":"https:\/\/lavocedelpaese.info\/index.php\/wp-json\/wp\/v2\/posts"}],"about":[{"href":"https:\/\/lavocedelpaese.info\/index.php\/wp-json\/wp\/v2\/types\/post"}],"author":[{"embeddable":true,"href":"https:\/\/lavocedelpaese.info\/index.php\/wp-json\/wp\/v2\/users\/6"}],"replies":[{"embeddable":true,"href":"https:\/\/lavocedelpaese.info\/index.php\/wp-json\/wp\/v2\/comments?post=9873"}],"version-history":[{"count":0,"href":"https:\/\/lavocedelpaese.info\/index.php\/wp-json\/wp\/v2\/posts\/9873\/revisions"}],"wp:featuredmedia":[{"embeddable":true,"href":"https:\/\/lavocedelpaese.info\/index.php\/wp-json\/wp\/v2\/media\/9874"}],"wp:attachment":[{"href":"https:\/\/lavocedelpaese.info\/index.php\/wp-json\/wp\/v2\/media?parent=9873"}],"wp:term":[{"taxonomy":"category","embeddable":true,"href":"https:\/\/lavocedelpaese.info\/index.php\/wp-json\/wp\/v2\/categories?post=9873"},{"taxonomy":"post_tag","embeddable":true,"href":"https:\/\/lavocedelpaese.info\/index.php\/wp-json\/wp\/v2\/tags?post=9873"}],"curies":[{"name":"wp","href":"https:\/\/api.w.org\/{rel}","templated":true}]}}