{"id":9870,"date":"2025-09-05T05:34:15","date_gmt":"2025-09-05T05:34:15","guid":{"rendered":"https:\/\/lavocedelpaese.info\/index.php\/2025\/09\/05\/prime-conferme-per-la-willy-green-technology-turi\/"},"modified":"2025-09-05T05:34:15","modified_gmt":"2025-09-05T05:34:15","slug":"prime-conferme-per-la-willy-green-technology-turi","status":"publish","type":"post","link":"https:\/\/lavocedelpaese.info\/index.php\/2025\/09\/05\/prime-conferme-per-la-willy-green-technology-turi\/","title":{"rendered":"Prime conferme per la Willy Green Technology Turi\u00a0\u200b"},"content":{"rendered":"<p>\u00a0<\/p>\n<p>\u200b\u00a0<\/p>\n<p>\u200b\u00a0<\/p>\n<div><\/div>\n<h4 class=\"wp-block-heading\"><\/h4>\n<h4 class=\"wp-block-heading\"><strong>Mister Vito Difino confermato alla guida della Willy Green Technology Turi<\/strong><\/h4>\n<p>L\u2019ASD Revolution Turi \u00e8 lieta di annunciare la conferma di Vito Difino come allenatore della nostra prima squadra maschile, la Willy Green Technology Turi, per il prossimo campionato Nazionale di Serie C maschile.<\/p>\n<p>Lo scorso anno Vito Difino ha ripreso le redini della squadra a fine gennaio portando il gruppo a disputare i playoff, dopo averla gi\u00e0 condotta nel quinquennio 2017\/2022 tra serie C e serie B.<\/p>\n<p>La sua professionalit\u00e0, dedizione e passione saranno ancora il motore della squadra, guidandola verso nuovi obiettivi e confermando la continuit\u00e0 del nostro progetto sportivo.<br \/>Siamo pronti a vivere un\u2019altra stagione all\u2019insegna di entusiasmo e grandi ambizioni.<\/p>\n<figure class=\"wp-block-image size-full\"><img decoding=\"async\" width=\"1080\" height=\"1350\" src=\"https:\/\/turi.lavocedelpaese.info\/wp-content\/uploads\/2025\/09\/image0.jpeg\" alt=\"\" class=\"wp-image-7516\"\/><\/figure>\n<div aria-hidden=\"true\" class=\"wp-block-spacer\"><\/div>\n<h4 class=\"wp-block-heading\"><strong>Gianvito Atene sar\u00e0 il capitano della Willy Green Technology Turi.<br \/>Riconfermati anche Giuseppe Mancino e Mattia Campana<\/strong><\/h4>\n<p>Il roster dell\u2019ASD Revolution Turi diventa sempre pi\u00f9 turese con le prime riconferme della passata stagione. La societ\u00e0 \u00e8 orgogliosa di annunciare la conferma di <strong>Gianvito Aten<\/strong>e, che anche nella prossima stagione vestir\u00e0 la maglia biancoazzurra.<\/p>\n<p>Giocatore di esperienza e punto di riferimento dentro e fuori dal campo, lo schiacciatore laterale, classe 1994, vanta dalla sua due promozioni in B con il Turi ed una stagione in B, quella targata 2022\/2023 chiusa con la vittoria del campionato e la finalissima play off.<\/p>\n<p>Gianvito sar\u00e0 il nuovo capitano della Willy Green Turi, \u00e8 chiamato a guidare un gruppo giovane e motivato nel campionato di Serie C maschile.<br \/>La sua grinta, la sua leadership e il legame con i nostri colori saranno fondamentali per affrontare una stagione che si preannuncia ricca di sfide e opportunit\u00e0 di crescita.\u00a0<\/p>\n<figure class=\"wp-block-image size-full\"><img decoding=\"async\" width=\"1080\" height=\"1350\" src=\"https:\/\/turi.lavocedelpaese.info\/wp-content\/uploads\/2025\/09\/image1.jpeg\" alt=\"\" class=\"wp-image-7517\"\/><\/figure>\n<p>Al centro del muro biancoazzurro ci sar\u00e0 ancora <strong>Giuseppe Mancino<\/strong>. Dopo il ritorno in casa ASD Revolution Turi nella scorsa stagione, dopo le parentesi New Mater e C.U.S. Bari, il nostro centrale classe 2001 \u00e8 pronto a difendere ancora i nostri colori.<br \/>Cresciuto nel nostro settore giovanile, Giuseppe ha gi\u00e0 dimostrato il suo valore e la sua grinta. Quest\u2019anno \u00e8 pronto a fare ancora di pi\u00f9 con la Willy Green Turi!\u00a0<\/p>\n<figure class=\"wp-block-image size-full\"><img decoding=\"async\" width=\"1350\" height=\"1687\" src=\"https:\/\/turi.lavocedelpaese.info\/wp-content\/uploads\/2025\/09\/image2.jpeg\" alt=\"\" class=\"wp-image-7518\"\/><\/figure>\n<p>Riconferma con promozione invece per <strong>Mattia Campana<\/strong>. Il giovanissimo libero turese, classe 2004, \u00e8 pronto a vivere un\u2019altra stagione in biancoazzurro ma questa volta da protagonista.<br \/>Cresciuto nel nostro vivaio, Mattia ha gi\u00e0 scritto pagine importanti con la vittoria del Trofeo Young nella stagione 2022-2023 e l\u2019esordio in Serie B nel 2022.<\/p>\n<p>Nello scorso torneo ha confermato impegno e determinazione e quest\u2019anno continuer\u00e0 il suo percorso di crescita al punto che la societ\u00e0 ha deciso di scommettere su di lui affidandogli il comando della seconda linea per il prossimo campionato di serie C.<\/p>\n<figure class=\"wp-block-image size-full\"><img decoding=\"async\" loading=\"lazy\" width=\"1080\" height=\"1350\" src=\"https:\/\/turi.lavocedelpaese.info\/wp-content\/uploads\/2025\/09\/image3.jpeg\" alt=\"\" class=\"wp-image-7519\"\/><\/figure>\n<p><a class=\"a2a_button_facebook\" href=\"https:\/\/www.addtoany.com\/add_to\/facebook?linkurl=https%3A%2F%2Fturi.lavocedelpaese.info%2Fprime-conferme-per-la-willy-green-technology-turi%2F&amp;linkname=Prime%20conferme%20per%20la%20Willy%20Green%20Technology%20Turi\" title=\"Facebook\" rel=\"nofollow noopener\" target=\"_blank\"><\/a><a class=\"a2a_button_twitter\" href=\"https:\/\/www.addtoany.com\/add_to\/twitter?linkurl=https%3A%2F%2Fturi.lavocedelpaese.info%2Fprime-conferme-per-la-willy-green-technology-turi%2F&amp;linkname=Prime%20conferme%20per%20la%20Willy%20Green%20Technology%20Turi\" title=\"Twitter\" rel=\"nofollow noopener\" target=\"_blank\"><\/a><a class=\"a2a_button_whatsapp\" href=\"https:\/\/www.addtoany.com\/add_to\/whatsapp?linkurl=https%3A%2F%2Fturi.lavocedelpaese.info%2Fprime-conferme-per-la-willy-green-technology-turi%2F&amp;linkname=Prime%20conferme%20per%20la%20Willy%20Green%20Technology%20Turi\" title=\"WhatsApp\" rel=\"nofollow noopener\" target=\"_blank\"><\/a><a class=\"a2a_button_telegram\" href=\"https:\/\/www.addtoany.com\/add_to\/telegram?linkurl=https%3A%2F%2Fturi.lavocedelpaese.info%2Fprime-conferme-per-la-willy-green-technology-turi%2F&amp;linkname=Prime%20conferme%20per%20la%20Willy%20Green%20Technology%20Turi\" title=\"Telegram\" rel=\"nofollow noopener\" target=\"_blank\"><\/a><a class=\"a2a_button_email\" href=\"https:\/\/www.addtoany.com\/add_to\/email?linkurl=https%3A%2F%2Fturi.lavocedelpaese.info%2Fprime-conferme-per-la-willy-green-technology-turi%2F&amp;linkname=Prime%20conferme%20per%20la%20Willy%20Green%20Technology%20Turi\" title=\"Email\" rel=\"nofollow noopener\" target=\"_blank\"><\/a><\/p>\n<p>L&#8217;articolo <a href=\"https:\/\/turi.lavocedelpaese.info\/prime-conferme-per-la-willy-green-technology-turi\/\">Prime conferme per la Willy Green Technology Turi<\/a> proviene da <a href=\"https:\/\/turi.lavocedelpaese.info\/\">Turi &#8211; La Voce del Paese<\/a>.<\/p>\n<p>\u00a0<\/p>\n<p>\u00a0<\/p>\n<p>\u200b\u00a0\u00a0\u00a0<\/p>","protected":false},"excerpt":{"rendered":"<p>\u00a0 \u200b\u00a0 \u200b\u00a0 Mister Vito Difino confermato alla guida della Willy Green Technology Turi L\u2019ASD Revolution Turi \u00e8 lieta di<\/p>\n","protected":false},"author":6,"featured_media":9871,"comment_status":"open","ping_status":"closed","sticky":false,"template":"","format":"standard","meta":{"colormag_page_container_layout":"default_layout","colormag_page_sidebar_layout":"default_layout","footnotes":""},"categories":[33],"tags":[],"class_list":["post-9870","post","type-post","status-publish","format-standard","has-post-thumbnail","hentry","category-network"],"yoast_head":"<!-- This site is optimized with the Yoast SEO plugin v27.5 - https:\/\/yoast.com\/product\/yoast-seo-wordpress\/ -->\n<title>Prime conferme per la Willy Green Technology Turi\u00a0\u200b - La Voce del Paese<\/title>\n<meta name=\"robots\" content=\"index, follow, max-snippet:-1, max-image-preview:large, max-video-preview:-1\" \/>\n<link rel=\"canonical\" href=\"https:\/\/lavocedelpaese.info\/index.php\/2025\/09\/05\/prime-conferme-per-la-willy-green-technology-turi\/\" \/>\n<meta property=\"og:locale\" content=\"it_IT\" \/>\n<meta property=\"og:type\" content=\"article\" \/>\n<meta property=\"og:title\" content=\"Prime conferme per la Willy Green Technology Turi\u00a0\u200b - La Voce del Paese\" \/>\n<meta property=\"og:description\" content=\"\u00a0 \u200b\u00a0 \u200b\u00a0 Mister Vito Difino confermato alla guida della Willy Green Technology Turi L\u2019ASD Revolution Turi \u00e8 lieta di\" \/>\n<meta property=\"og:url\" content=\"https:\/\/lavocedelpaese.info\/index.php\/2025\/09\/05\/prime-conferme-per-la-willy-green-technology-turi\/\" \/>\n<meta property=\"og:site_name\" content=\"La Voce del Paese\" \/>\n<meta property=\"article:publisher\" content=\"https:\/\/www.facebook.com\/lavocedelpaese.info\" \/>\n<meta property=\"article:published_time\" content=\"2025-09-05T05:34:15+00:00\" \/>\n<meta name=\"author\" content=\"admin\" \/>\n<meta name=\"twitter:card\" content=\"summary_large_image\" \/>\n<meta name=\"twitter:label1\" content=\"Scritto da\" \/>\n\t<meta name=\"twitter:data1\" content=\"admin\" \/>\n\t<meta name=\"twitter:label2\" content=\"Tempo di lettura stimato\" \/>\n\t<meta name=\"twitter:data2\" content=\"2 minuti\" \/>\n<script type=\"application\/ld+json\" class=\"yoast-schema-graph\">{\"@context\":\"https:\\\/\\\/schema.org\",\"@graph\":[{\"@type\":\"Article\",\"@id\":\"https:\\\/\\\/lavocedelpaese.info\\\/index.php\\\/2025\\\/09\\\/05\\\/prime-conferme-per-la-willy-green-technology-turi\\\/#article\",\"isPartOf\":{\"@id\":\"https:\\\/\\\/lavocedelpaese.info\\\/index.php\\\/2025\\\/09\\\/05\\\/prime-conferme-per-la-willy-green-technology-turi\\\/\"},\"author\":{\"name\":\"admin\",\"@id\":\"https:\\\/\\\/lavocedelpaese.info\\\/#\\\/schema\\\/person\\\/ec151d321306bd7591f7a061abf72d88\"},\"headline\":\"Prime conferme per la Willy Green Technology Turi\u00a0\u200b\",\"datePublished\":\"2025-09-05T05:34:15+00:00\",\"mainEntityOfPage\":{\"@id\":\"https:\\\/\\\/lavocedelpaese.info\\\/index.php\\\/2025\\\/09\\\/05\\\/prime-conferme-per-la-willy-green-technology-turi\\\/\"},\"wordCount\":454,\"commentCount\":0,\"publisher\":{\"@id\":\"https:\\\/\\\/lavocedelpaese.info\\\/#organization\"},\"image\":{\"@id\":\"https:\\\/\\\/lavocedelpaese.info\\\/index.php\\\/2025\\\/09\\\/05\\\/prime-conferme-per-la-willy-green-technology-turi\\\/#primaryimage\"},\"thumbnailUrl\":\"https:\\\/\\\/lavocedelpaese.info\\\/wp-content\\\/uploads\\\/2025\\\/09\\\/image0-uSbCdx.jpg\",\"articleSection\":[\"network\"],\"inLanguage\":\"it-IT\",\"potentialAction\":[{\"@type\":\"CommentAction\",\"name\":\"Comment\",\"target\":[\"https:\\\/\\\/lavocedelpaese.info\\\/index.php\\\/2025\\\/09\\\/05\\\/prime-conferme-per-la-willy-green-technology-turi\\\/#respond\"]}]},{\"@type\":\"WebPage\",\"@id\":\"https:\\\/\\\/lavocedelpaese.info\\\/index.php\\\/2025\\\/09\\\/05\\\/prime-conferme-per-la-willy-green-technology-turi\\\/\",\"url\":\"https:\\\/\\\/lavocedelpaese.info\\\/index.php\\\/2025\\\/09\\\/05\\\/prime-conferme-per-la-willy-green-technology-turi\\\/\",\"name\":\"Prime conferme per la Willy Green Technology Turi\u00a0\u200b - La Voce del Paese\",\"isPartOf\":{\"@id\":\"https:\\\/\\\/lavocedelpaese.info\\\/#website\"},\"primaryImageOfPage\":{\"@id\":\"https:\\\/\\\/lavocedelpaese.info\\\/index.php\\\/2025\\\/09\\\/05\\\/prime-conferme-per-la-willy-green-technology-turi\\\/#primaryimage\"},\"image\":{\"@id\":\"https:\\\/\\\/lavocedelpaese.info\\\/index.php\\\/2025\\\/09\\\/05\\\/prime-conferme-per-la-willy-green-technology-turi\\\/#primaryimage\"},\"thumbnailUrl\":\"https:\\\/\\\/lavocedelpaese.info\\\/wp-content\\\/uploads\\\/2025\\\/09\\\/image0-uSbCdx.jpg\",\"datePublished\":\"2025-09-05T05:34:15+00:00\",\"breadcrumb\":{\"@id\":\"https:\\\/\\\/lavocedelpaese.info\\\/index.php\\\/2025\\\/09\\\/05\\\/prime-conferme-per-la-willy-green-technology-turi\\\/#breadcrumb\"},\"inLanguage\":\"it-IT\",\"potentialAction\":[{\"@type\":\"ReadAction\",\"target\":[\"https:\\\/\\\/lavocedelpaese.info\\\/index.php\\\/2025\\\/09\\\/05\\\/prime-conferme-per-la-willy-green-technology-turi\\\/\"]}]},{\"@type\":\"ImageObject\",\"inLanguage\":\"it-IT\",\"@id\":\"https:\\\/\\\/lavocedelpaese.info\\\/index.php\\\/2025\\\/09\\\/05\\\/prime-conferme-per-la-willy-green-technology-turi\\\/#primaryimage\",\"url\":\"https:\\\/\\\/lavocedelpaese.info\\\/wp-content\\\/uploads\\\/2025\\\/09\\\/image0-uSbCdx.jpg\",\"contentUrl\":\"https:\\\/\\\/lavocedelpaese.info\\\/wp-content\\\/uploads\\\/2025\\\/09\\\/image0-uSbCdx.jpg\",\"width\":640,\"height\":800},{\"@type\":\"BreadcrumbList\",\"@id\":\"https:\\\/\\\/lavocedelpaese.info\\\/index.php\\\/2025\\\/09\\\/05\\\/prime-conferme-per-la-willy-green-technology-turi\\\/#breadcrumb\",\"itemListElement\":[{\"@type\":\"ListItem\",\"position\":1,\"name\":\"Home\",\"item\":\"https:\\\/\\\/lavocedelpaese.info\\\/\"},{\"@type\":\"ListItem\",\"position\":2,\"name\":\"Prime conferme per la Willy Green Technology Turi\u00a0\u200b\"}]},{\"@type\":\"WebSite\",\"@id\":\"https:\\\/\\\/lavocedelpaese.info\\\/#website\",\"url\":\"https:\\\/\\\/lavocedelpaese.info\\\/\",\"name\":\"La Voce del Paese\",\"description\":\"Un network di idee\",\"publisher\":{\"@id\":\"https:\\\/\\\/lavocedelpaese.info\\\/#organization\"},\"potentialAction\":[{\"@type\":\"SearchAction\",\"target\":{\"@type\":\"EntryPoint\",\"urlTemplate\":\"https:\\\/\\\/lavocedelpaese.info\\\/?s={search_term_string}\"},\"query-input\":{\"@type\":\"PropertyValueSpecification\",\"valueRequired\":true,\"valueName\":\"search_term_string\"}}],\"inLanguage\":\"it-IT\"},{\"@type\":\"Organization\",\"@id\":\"https:\\\/\\\/lavocedelpaese.info\\\/#organization\",\"name\":\"La Voce del Paese\",\"url\":\"https:\\\/\\\/lavocedelpaese.info\\\/\",\"logo\":{\"@type\":\"ImageObject\",\"inLanguage\":\"it-IT\",\"@id\":\"https:\\\/\\\/lavocedelpaese.info\\\/#\\\/schema\\\/logo\\\/image\\\/\",\"url\":\"https:\\\/\\\/lavocedelpaese.info\\\/wp-content\\\/uploads\\\/2023\\\/01\\\/cropped-logo-150-127.png\",\"contentUrl\":\"https:\\\/\\\/lavocedelpaese.info\\\/wp-content\\\/uploads\\\/2023\\\/01\\\/cropped-logo-150-127.png\",\"width\":137,\"height\":119,\"caption\":\"La Voce del Paese\"},\"image\":{\"@id\":\"https:\\\/\\\/lavocedelpaese.info\\\/#\\\/schema\\\/logo\\\/image\\\/\"},\"sameAs\":[\"https:\\\/\\\/www.facebook.com\\\/lavocedelpaese.info\"]},{\"@type\":\"Person\",\"@id\":\"https:\\\/\\\/lavocedelpaese.info\\\/#\\\/schema\\\/person\\\/ec151d321306bd7591f7a061abf72d88\",\"name\":\"admin\",\"image\":{\"@type\":\"ImageObject\",\"inLanguage\":\"it-IT\",\"@id\":\"https:\\\/\\\/secure.gravatar.com\\\/avatar\\\/af8f2caf0663124588de48a9380e07cbc95a74ef15b8062d0d39106c32fe3023?s=96&d=mm&r=g\",\"url\":\"https:\\\/\\\/secure.gravatar.com\\\/avatar\\\/af8f2caf0663124588de48a9380e07cbc95a74ef15b8062d0d39106c32fe3023?s=96&d=mm&r=g\",\"contentUrl\":\"https:\\\/\\\/secure.gravatar.com\\\/avatar\\\/af8f2caf0663124588de48a9380e07cbc95a74ef15b8062d0d39106c32fe3023?s=96&d=mm&r=g\",\"caption\":\"admin\"},\"sameAs\":[\"https:\\\/\\\/lavocedelpaese.info\"],\"url\":\"https:\\\/\\\/lavocedelpaese.info\\\/index.php\\\/author\\\/admin\\\/\"}]}<\/script>\n<!-- \/ Yoast SEO plugin. -->","yoast_head_json":{"title":"Prime conferme per la Willy Green Technology Turi\u00a0\u200b - La Voce del Paese","robots":{"index":"index","follow":"follow","max-snippet":"max-snippet:-1","max-image-preview":"max-image-preview:large","max-video-preview":"max-video-preview:-1"},"canonical":"https:\/\/lavocedelpaese.info\/index.php\/2025\/09\/05\/prime-conferme-per-la-willy-green-technology-turi\/","og_locale":"it_IT","og_type":"article","og_title":"Prime conferme per la Willy Green Technology Turi\u00a0\u200b - La Voce del Paese","og_description":"\u00a0 \u200b\u00a0 \u200b\u00a0 Mister Vito Difino confermato alla guida della Willy Green Technology Turi L\u2019ASD Revolution Turi \u00e8 lieta di","og_url":"https:\/\/lavocedelpaese.info\/index.php\/2025\/09\/05\/prime-conferme-per-la-willy-green-technology-turi\/","og_site_name":"La Voce del Paese","article_publisher":"https:\/\/www.facebook.com\/lavocedelpaese.info","article_published_time":"2025-09-05T05:34:15+00:00","author":"admin","twitter_card":"summary_large_image","twitter_misc":{"Scritto da":"admin","Tempo di lettura stimato":"2 minuti"},"schema":{"@context":"https:\/\/schema.org","@graph":[{"@type":"Article","@id":"https:\/\/lavocedelpaese.info\/index.php\/2025\/09\/05\/prime-conferme-per-la-willy-green-technology-turi\/#article","isPartOf":{"@id":"https:\/\/lavocedelpaese.info\/index.php\/2025\/09\/05\/prime-conferme-per-la-willy-green-technology-turi\/"},"author":{"name":"admin","@id":"https:\/\/lavocedelpaese.info\/#\/schema\/person\/ec151d321306bd7591f7a061abf72d88"},"headline":"Prime conferme per la Willy Green Technology Turi\u00a0\u200b","datePublished":"2025-09-05T05:34:15+00:00","mainEntityOfPage":{"@id":"https:\/\/lavocedelpaese.info\/index.php\/2025\/09\/05\/prime-conferme-per-la-willy-green-technology-turi\/"},"wordCount":454,"commentCount":0,"publisher":{"@id":"https:\/\/lavocedelpaese.info\/#organization"},"image":{"@id":"https:\/\/lavocedelpaese.info\/index.php\/2025\/09\/05\/prime-conferme-per-la-willy-green-technology-turi\/#primaryimage"},"thumbnailUrl":"https:\/\/lavocedelpaese.info\/wp-content\/uploads\/2025\/09\/image0-uSbCdx.jpg","articleSection":["network"],"inLanguage":"it-IT","potentialAction":[{"@type":"CommentAction","name":"Comment","target":["https:\/\/lavocedelpaese.info\/index.php\/2025\/09\/05\/prime-conferme-per-la-willy-green-technology-turi\/#respond"]}]},{"@type":"WebPage","@id":"https:\/\/lavocedelpaese.info\/index.php\/2025\/09\/05\/prime-conferme-per-la-willy-green-technology-turi\/","url":"https:\/\/lavocedelpaese.info\/index.php\/2025\/09\/05\/prime-conferme-per-la-willy-green-technology-turi\/","name":"Prime conferme per la Willy Green Technology Turi\u00a0\u200b - La Voce del Paese","isPartOf":{"@id":"https:\/\/lavocedelpaese.info\/#website"},"primaryImageOfPage":{"@id":"https:\/\/lavocedelpaese.info\/index.php\/2025\/09\/05\/prime-conferme-per-la-willy-green-technology-turi\/#primaryimage"},"image":{"@id":"https:\/\/lavocedelpaese.info\/index.php\/2025\/09\/05\/prime-conferme-per-la-willy-green-technology-turi\/#primaryimage"},"thumbnailUrl":"https:\/\/lavocedelpaese.info\/wp-content\/uploads\/2025\/09\/image0-uSbCdx.jpg","datePublished":"2025-09-05T05:34:15+00:00","breadcrumb":{"@id":"https:\/\/lavocedelpaese.info\/index.php\/2025\/09\/05\/prime-conferme-per-la-willy-green-technology-turi\/#breadcrumb"},"inLanguage":"it-IT","potentialAction":[{"@type":"ReadAction","target":["https:\/\/lavocedelpaese.info\/index.php\/2025\/09\/05\/prime-conferme-per-la-willy-green-technology-turi\/"]}]},{"@type":"ImageObject","inLanguage":"it-IT","@id":"https:\/\/lavocedelpaese.info\/index.php\/2025\/09\/05\/prime-conferme-per-la-willy-green-technology-turi\/#primaryimage","url":"https:\/\/lavocedelpaese.info\/wp-content\/uploads\/2025\/09\/image0-uSbCdx.jpg","contentUrl":"https:\/\/lavocedelpaese.info\/wp-content\/uploads\/2025\/09\/image0-uSbCdx.jpg","width":640,"height":800},{"@type":"BreadcrumbList","@id":"https:\/\/lavocedelpaese.info\/index.php\/2025\/09\/05\/prime-conferme-per-la-willy-green-technology-turi\/#breadcrumb","itemListElement":[{"@type":"ListItem","position":1,"name":"Home","item":"https:\/\/lavocedelpaese.info\/"},{"@type":"ListItem","position":2,"name":"Prime conferme per la Willy Green Technology Turi\u00a0\u200b"}]},{"@type":"WebSite","@id":"https:\/\/lavocedelpaese.info\/#website","url":"https:\/\/lavocedelpaese.info\/","name":"La Voce del Paese","description":"Un network di idee","publisher":{"@id":"https:\/\/lavocedelpaese.info\/#organization"},"potentialAction":[{"@type":"SearchAction","target":{"@type":"EntryPoint","urlTemplate":"https:\/\/lavocedelpaese.info\/?s={search_term_string}"},"query-input":{"@type":"PropertyValueSpecification","valueRequired":true,"valueName":"search_term_string"}}],"inLanguage":"it-IT"},{"@type":"Organization","@id":"https:\/\/lavocedelpaese.info\/#organization","name":"La Voce del Paese","url":"https:\/\/lavocedelpaese.info\/","logo":{"@type":"ImageObject","inLanguage":"it-IT","@id":"https:\/\/lavocedelpaese.info\/#\/schema\/logo\/image\/","url":"https:\/\/lavocedelpaese.info\/wp-content\/uploads\/2023\/01\/cropped-logo-150-127.png","contentUrl":"https:\/\/lavocedelpaese.info\/wp-content\/uploads\/2023\/01\/cropped-logo-150-127.png","width":137,"height":119,"caption":"La Voce del Paese"},"image":{"@id":"https:\/\/lavocedelpaese.info\/#\/schema\/logo\/image\/"},"sameAs":["https:\/\/www.facebook.com\/lavocedelpaese.info"]},{"@type":"Person","@id":"https:\/\/lavocedelpaese.info\/#\/schema\/person\/ec151d321306bd7591f7a061abf72d88","name":"admin","image":{"@type":"ImageObject","inLanguage":"it-IT","@id":"https:\/\/secure.gravatar.com\/avatar\/af8f2caf0663124588de48a9380e07cbc95a74ef15b8062d0d39106c32fe3023?s=96&d=mm&r=g","url":"https:\/\/secure.gravatar.com\/avatar\/af8f2caf0663124588de48a9380e07cbc95a74ef15b8062d0d39106c32fe3023?s=96&d=mm&r=g","contentUrl":"https:\/\/secure.gravatar.com\/avatar\/af8f2caf0663124588de48a9380e07cbc95a74ef15b8062d0d39106c32fe3023?s=96&d=mm&r=g","caption":"admin"},"sameAs":["https:\/\/lavocedelpaese.info"],"url":"https:\/\/lavocedelpaese.info\/index.php\/author\/admin\/"}]}},"_links":{"self":[{"href":"https:\/\/lavocedelpaese.info\/index.php\/wp-json\/wp\/v2\/posts\/9870","targetHints":{"allow":["GET"]}}],"collection":[{"href":"https:\/\/lavocedelpaese.info\/index.php\/wp-json\/wp\/v2\/posts"}],"about":[{"href":"https:\/\/lavocedelpaese.info\/index.php\/wp-json\/wp\/v2\/types\/post"}],"author":[{"embeddable":true,"href":"https:\/\/lavocedelpaese.info\/index.php\/wp-json\/wp\/v2\/users\/6"}],"replies":[{"embeddable":true,"href":"https:\/\/lavocedelpaese.info\/index.php\/wp-json\/wp\/v2\/comments?post=9870"}],"version-history":[{"count":0,"href":"https:\/\/lavocedelpaese.info\/index.php\/wp-json\/wp\/v2\/posts\/9870\/revisions"}],"wp:featuredmedia":[{"embeddable":true,"href":"https:\/\/lavocedelpaese.info\/index.php\/wp-json\/wp\/v2\/media\/9871"}],"wp:attachment":[{"href":"https:\/\/lavocedelpaese.info\/index.php\/wp-json\/wp\/v2\/media?parent=9870"}],"wp:term":[{"taxonomy":"category","embeddable":true,"href":"https:\/\/lavocedelpaese.info\/index.php\/wp-json\/wp\/v2\/categories?post=9870"},{"taxonomy":"post_tag","embeddable":true,"href":"https:\/\/lavocedelpaese.info\/index.php\/wp-json\/wp\/v2\/tags?post=9870"}],"curies":[{"name":"wp","href":"https:\/\/api.w.org\/{rel}","templated":true}]}}