{"id":987,"date":"2023-02-05T14:54:58","date_gmt":"2023-02-05T14:54:58","guid":{"rendered":"https:\/\/lavocedelpaese.info\/index.php\/2023\/02\/05\/lettera-ai-bambini-da-parte-degli-animali-del-circo\/"},"modified":"2023-02-05T14:54:58","modified_gmt":"2023-02-05T14:54:58","slug":"lettera-ai-bambini-da-parte-degli-animali-del-circo","status":"publish","type":"post","link":"https:\/\/lavocedelpaese.info\/index.php\/2023\/02\/05\/lettera-ai-bambini-da-parte-degli-animali-del-circo\/","title":{"rendered":"Lettera ai bambini da parte degli animali del circo"},"content":{"rendered":"<div class=\"wp-block-image\">\n<\/div>\n<p>Care bambine e cari bambini,<\/p>\n<p><strong>siamo gli animali del circo<\/strong> e vi scriviamo questa lettera perch\u00e9 vogliamo raccontarvi una storia, la nostra storia. Quello che abbiamo da dirvi \u00e8 molto importante e abbiamo bisogno di tutta la vostra attenzione. Siete pronti? Cominciamo!<\/p>\n<p>Per prima cosa ci presentiamo: siamo il <strong>Leone, la Tigre, il Cammello, la Zebra e il Dromedario; siamo la Giraffa e l\u2019Elefante, e tanti, tanti altri\u2026<\/strong>Vi scriviamo perch\u00e9 abbiamo bisogno del vostro aiuto e <strong>voi bambini siete la nostra unica speranza.<\/strong><\/p>\n<p>Come sapete viviamo rinchiusi da molti anni nelle gabbie dei circhi di tutto il mondo. Anche se gli spettacoli circensi possono apparire belli e divertenti, <strong>NOI ANIMALI AL CIRCO NON CI DIVERTIAMO AFFATTO!<\/strong><\/p>\n<p><strong>Viviamo da prigionieri, ma siamo innocenti. <\/strong>Trascorriamo tutta la nostra vita in cattivit\u00e0, all\u2019interno di recinti condivisi tra molti animali o in gabbie singole, ma piccolissime per animali grandi. Gli elefanti spesso sono legati a delle catene.<\/p>\n<p>In Natura siamo abituati a vivere in spazi immensi, come Foreste e Savane, invece nei circhi possiamo muoverci a malapena. Per questo motivo molti di noi impazziscono! \u00c8 per questo che alcuni animali camminano nervosamente avanti e indietro o scuotono la testa a destra e a sinistra: la prigionia li ha fatti diventare matti. Non trovate anche voi che sia triste e ingiusto?<\/p>\n<p><strong>Catturati in Natura o nati in cattivit\u00e0, soffriamo comunque. <\/strong>Alcuni di noi sono statistrappati al proprio habitat naturale e alle proprie famiglie. \u00c8 terribile, vero?<\/p>\n<div class=\"wp-block-image\">\n<\/div>\n<p>Altri animali invece sono nati in gabbia e non hanno mai conosciuto la libert\u00e0, ma questo non vuol dire che soffrano di meno. Siamo animali selvatici e il desiderio di vivere liberi, di correre e di spostarci in spazi sconfinati fa parte della nostra natura.<\/p>\n<p>Anche il clima lontano dal nostro habitat naturale non \u00e8 adatto a noi: per alcuni \u00e8 troppo caldo, per altri \u00e8 troppo freddo! E poi ci trasportano costantemente da una citt\u00e0 all\u2019altra, sballottolati nei camion dei circhi come fossimo dei pacchi che non arrivano mai a destinazione. Ma noi non siamo pacchi e nemmeno oggetti da esporre in vetrina come dei manichini, noi siamo esseri viventi!<\/p>\n<p><strong>Ci costringono a fare spettacoli che non vogliamo fare. Siamo animali, non artisti! <\/strong>Vi sar\u00e0 sicuramente capitato di vedere tigri e leoni saltare in cerchi infuocati o obbedire ai domatori. Chiunque di voi abbia mai conosciuto un gatto sa bene che persino i felini domestici non accettano ordini da nessuno. Come credete che convincano il Re della Foresta o la tigre a fare quello che vuole il domatore? Come credete che convincano gli enormi elefanti a camminare su due zampe? Secondo voi perch\u00e9 il domatore porta sempre con s\u00e9 una frusta durante lo show? Vi diranno che ci amano e che ci addestrano con metodi gentili. Ma pensateci bene bambini: gli esercizi che ci costringono a fare sono innaturali per noi; pensate davvero che li faremmo se non fossimo obbligati?<\/p>\n<p><strong>Solo voi bambini potete salvarci. <\/strong>L\u2019unico modo per liberarci da tutto questo \u00e8 che voi bambini spieghiate ai vostri genitori che NON VOLETE essere complici del nostro sfruttamento e che NON VOLETE visitare i circhi che hanno animali. Ogni volta che venite a vederci nei circhi e negli zoo prolungate la nostra prigionia e la nostra sofferenza. Siamo certi che voi non volete questo e che<strong> ora che sapete la verit\u00e0 sarete dalla nostra parte, perch\u00e9 i bambini e gli animali hanno una cosa in comune: IL CUORE PURO!<\/strong><\/p>\n<p><strong>Contiamo su di voi bambini! Con fiducia e speranza.<\/strong><\/p>\n<p class=\"has-text-align-right\"><strong>GLI ANIMALI DEL CIRCO<\/strong><\/p>\n<p><strong>P.S. <\/strong>Se vi va di farci sapere cosa ne pensate e se ci aiuterete, potete rispondere a questa lettera scrivendo a <a href=\"mailto:sosanimalidelcirco@gmail.com\">sosanimalidelcirco@gmail.com<\/a>, facendovi aiutare da mamma e pap\u00e0. Grazie!<\/p>\n<p>\u00a0<\/p>\n<p>\u200b\u00a0<\/p>","protected":false},"excerpt":{"rendered":"<p>Care bambine e cari bambini, siamo gli animali del circo e vi scriviamo questa lettera perch\u00e9 vogliamo raccontarvi una storia,<\/p>\n","protected":false},"author":0,"featured_media":0,"comment_status":"open","ping_status":"closed","sticky":false,"template":"","format":"standard","meta":{"colormag_page_container_layout":"default_layout","colormag_page_sidebar_layout":"default_layout","footnotes":""},"categories":[33],"tags":[],"class_list":["post-987","post","type-post","status-publish","format-standard","hentry","category-network"],"yoast_head":"<!-- This site is optimized with the Yoast SEO plugin v27.5 - https:\/\/yoast.com\/product\/yoast-seo-wordpress\/ -->\n<title>Lettera ai bambini da parte degli animali del circo - La Voce del Paese<\/title>\n<meta name=\"robots\" content=\"index, follow, max-snippet:-1, max-image-preview:large, max-video-preview:-1\" \/>\n<link rel=\"canonical\" href=\"https:\/\/lavocedelpaese.info\/index.php\/2023\/02\/05\/lettera-ai-bambini-da-parte-degli-animali-del-circo\/\" \/>\n<meta property=\"og:locale\" content=\"it_IT\" \/>\n<meta property=\"og:type\" content=\"article\" \/>\n<meta property=\"og:title\" content=\"Lettera ai bambini da parte degli animali del circo - La Voce del Paese\" \/>\n<meta property=\"og:description\" content=\"Care bambine e cari bambini, siamo gli animali del circo e vi scriviamo questa lettera perch\u00e9 vogliamo raccontarvi una storia,\" \/>\n<meta property=\"og:url\" content=\"https:\/\/lavocedelpaese.info\/index.php\/2023\/02\/05\/lettera-ai-bambini-da-parte-degli-animali-del-circo\/\" \/>\n<meta property=\"og:site_name\" content=\"La Voce del Paese\" \/>\n<meta property=\"article:publisher\" content=\"https:\/\/www.facebook.com\/lavocedelpaese.info\" \/>\n<meta property=\"article:published_time\" content=\"2023-02-05T14:54:58+00:00\" \/>\n<meta name=\"twitter:card\" content=\"summary_large_image\" \/>\n<meta name=\"twitter:label1\" content=\"Tempo di lettura stimato\" \/>\n\t<meta name=\"twitter:data1\" content=\"3 minuti\" \/>\n<script type=\"application\/ld+json\" class=\"yoast-schema-graph\">{\"@context\":\"https:\\\/\\\/schema.org\",\"@graph\":[{\"@type\":\"Article\",\"@id\":\"https:\\\/\\\/lavocedelpaese.info\\\/index.php\\\/2023\\\/02\\\/05\\\/lettera-ai-bambini-da-parte-degli-animali-del-circo\\\/#article\",\"isPartOf\":{\"@id\":\"https:\\\/\\\/lavocedelpaese.info\\\/index.php\\\/2023\\\/02\\\/05\\\/lettera-ai-bambini-da-parte-degli-animali-del-circo\\\/\"},\"author\":{\"name\":\"\",\"@id\":\"\"},\"headline\":\"Lettera ai bambini da parte degli animali del circo\",\"datePublished\":\"2023-02-05T14:54:58+00:00\",\"mainEntityOfPage\":{\"@id\":\"https:\\\/\\\/lavocedelpaese.info\\\/index.php\\\/2023\\\/02\\\/05\\\/lettera-ai-bambini-da-parte-degli-animali-del-circo\\\/\"},\"wordCount\":623,\"commentCount\":0,\"publisher\":{\"@id\":\"https:\\\/\\\/lavocedelpaese.info\\\/#organization\"},\"articleSection\":[\"network\"],\"inLanguage\":\"it-IT\",\"potentialAction\":[{\"@type\":\"CommentAction\",\"name\":\"Comment\",\"target\":[\"https:\\\/\\\/lavocedelpaese.info\\\/index.php\\\/2023\\\/02\\\/05\\\/lettera-ai-bambini-da-parte-degli-animali-del-circo\\\/#respond\"]}]},{\"@type\":\"WebPage\",\"@id\":\"https:\\\/\\\/lavocedelpaese.info\\\/index.php\\\/2023\\\/02\\\/05\\\/lettera-ai-bambini-da-parte-degli-animali-del-circo\\\/\",\"url\":\"https:\\\/\\\/lavocedelpaese.info\\\/index.php\\\/2023\\\/02\\\/05\\\/lettera-ai-bambini-da-parte-degli-animali-del-circo\\\/\",\"name\":\"Lettera ai bambini da parte degli animali del circo - La Voce del Paese\",\"isPartOf\":{\"@id\":\"https:\\\/\\\/lavocedelpaese.info\\\/#website\"},\"datePublished\":\"2023-02-05T14:54:58+00:00\",\"breadcrumb\":{\"@id\":\"https:\\\/\\\/lavocedelpaese.info\\\/index.php\\\/2023\\\/02\\\/05\\\/lettera-ai-bambini-da-parte-degli-animali-del-circo\\\/#breadcrumb\"},\"inLanguage\":\"it-IT\",\"potentialAction\":[{\"@type\":\"ReadAction\",\"target\":[\"https:\\\/\\\/lavocedelpaese.info\\\/index.php\\\/2023\\\/02\\\/05\\\/lettera-ai-bambini-da-parte-degli-animali-del-circo\\\/\"]}]},{\"@type\":\"BreadcrumbList\",\"@id\":\"https:\\\/\\\/lavocedelpaese.info\\\/index.php\\\/2023\\\/02\\\/05\\\/lettera-ai-bambini-da-parte-degli-animali-del-circo\\\/#breadcrumb\",\"itemListElement\":[{\"@type\":\"ListItem\",\"position\":1,\"name\":\"Home\",\"item\":\"https:\\\/\\\/lavocedelpaese.info\\\/\"},{\"@type\":\"ListItem\",\"position\":2,\"name\":\"Lettera ai bambini da parte degli animali del circo\"}]},{\"@type\":\"WebSite\",\"@id\":\"https:\\\/\\\/lavocedelpaese.info\\\/#website\",\"url\":\"https:\\\/\\\/lavocedelpaese.info\\\/\",\"name\":\"La Voce del Paese\",\"description\":\"Un network di idee\",\"publisher\":{\"@id\":\"https:\\\/\\\/lavocedelpaese.info\\\/#organization\"},\"potentialAction\":[{\"@type\":\"SearchAction\",\"target\":{\"@type\":\"EntryPoint\",\"urlTemplate\":\"https:\\\/\\\/lavocedelpaese.info\\\/?s={search_term_string}\"},\"query-input\":{\"@type\":\"PropertyValueSpecification\",\"valueRequired\":true,\"valueName\":\"search_term_string\"}}],\"inLanguage\":\"it-IT\"},{\"@type\":\"Organization\",\"@id\":\"https:\\\/\\\/lavocedelpaese.info\\\/#organization\",\"name\":\"La Voce del Paese\",\"url\":\"https:\\\/\\\/lavocedelpaese.info\\\/\",\"logo\":{\"@type\":\"ImageObject\",\"inLanguage\":\"it-IT\",\"@id\":\"https:\\\/\\\/lavocedelpaese.info\\\/#\\\/schema\\\/logo\\\/image\\\/\",\"url\":\"https:\\\/\\\/lavocedelpaese.info\\\/wp-content\\\/uploads\\\/2023\\\/01\\\/cropped-logo-150-127.png\",\"contentUrl\":\"https:\\\/\\\/lavocedelpaese.info\\\/wp-content\\\/uploads\\\/2023\\\/01\\\/cropped-logo-150-127.png\",\"width\":137,\"height\":119,\"caption\":\"La Voce del Paese\"},\"image\":{\"@id\":\"https:\\\/\\\/lavocedelpaese.info\\\/#\\\/schema\\\/logo\\\/image\\\/\"},\"sameAs\":[\"https:\\\/\\\/www.facebook.com\\\/lavocedelpaese.info\"]}]}<\/script>\n<!-- \/ Yoast SEO plugin. -->","yoast_head_json":{"title":"Lettera ai bambini da parte degli animali del circo - La Voce del Paese","robots":{"index":"index","follow":"follow","max-snippet":"max-snippet:-1","max-image-preview":"max-image-preview:large","max-video-preview":"max-video-preview:-1"},"canonical":"https:\/\/lavocedelpaese.info\/index.php\/2023\/02\/05\/lettera-ai-bambini-da-parte-degli-animali-del-circo\/","og_locale":"it_IT","og_type":"article","og_title":"Lettera ai bambini da parte degli animali del circo - La Voce del Paese","og_description":"Care bambine e cari bambini, siamo gli animali del circo e vi scriviamo questa lettera perch\u00e9 vogliamo raccontarvi una storia,","og_url":"https:\/\/lavocedelpaese.info\/index.php\/2023\/02\/05\/lettera-ai-bambini-da-parte-degli-animali-del-circo\/","og_site_name":"La Voce del Paese","article_publisher":"https:\/\/www.facebook.com\/lavocedelpaese.info","article_published_time":"2023-02-05T14:54:58+00:00","twitter_card":"summary_large_image","twitter_misc":{"Tempo di lettura stimato":"3 minuti"},"schema":{"@context":"https:\/\/schema.org","@graph":[{"@type":"Article","@id":"https:\/\/lavocedelpaese.info\/index.php\/2023\/02\/05\/lettera-ai-bambini-da-parte-degli-animali-del-circo\/#article","isPartOf":{"@id":"https:\/\/lavocedelpaese.info\/index.php\/2023\/02\/05\/lettera-ai-bambini-da-parte-degli-animali-del-circo\/"},"author":{"name":"","@id":""},"headline":"Lettera ai bambini da parte degli animali del circo","datePublished":"2023-02-05T14:54:58+00:00","mainEntityOfPage":{"@id":"https:\/\/lavocedelpaese.info\/index.php\/2023\/02\/05\/lettera-ai-bambini-da-parte-degli-animali-del-circo\/"},"wordCount":623,"commentCount":0,"publisher":{"@id":"https:\/\/lavocedelpaese.info\/#organization"},"articleSection":["network"],"inLanguage":"it-IT","potentialAction":[{"@type":"CommentAction","name":"Comment","target":["https:\/\/lavocedelpaese.info\/index.php\/2023\/02\/05\/lettera-ai-bambini-da-parte-degli-animali-del-circo\/#respond"]}]},{"@type":"WebPage","@id":"https:\/\/lavocedelpaese.info\/index.php\/2023\/02\/05\/lettera-ai-bambini-da-parte-degli-animali-del-circo\/","url":"https:\/\/lavocedelpaese.info\/index.php\/2023\/02\/05\/lettera-ai-bambini-da-parte-degli-animali-del-circo\/","name":"Lettera ai bambini da parte degli animali del circo - La Voce del Paese","isPartOf":{"@id":"https:\/\/lavocedelpaese.info\/#website"},"datePublished":"2023-02-05T14:54:58+00:00","breadcrumb":{"@id":"https:\/\/lavocedelpaese.info\/index.php\/2023\/02\/05\/lettera-ai-bambini-da-parte-degli-animali-del-circo\/#breadcrumb"},"inLanguage":"it-IT","potentialAction":[{"@type":"ReadAction","target":["https:\/\/lavocedelpaese.info\/index.php\/2023\/02\/05\/lettera-ai-bambini-da-parte-degli-animali-del-circo\/"]}]},{"@type":"BreadcrumbList","@id":"https:\/\/lavocedelpaese.info\/index.php\/2023\/02\/05\/lettera-ai-bambini-da-parte-degli-animali-del-circo\/#breadcrumb","itemListElement":[{"@type":"ListItem","position":1,"name":"Home","item":"https:\/\/lavocedelpaese.info\/"},{"@type":"ListItem","position":2,"name":"Lettera ai bambini da parte degli animali del circo"}]},{"@type":"WebSite","@id":"https:\/\/lavocedelpaese.info\/#website","url":"https:\/\/lavocedelpaese.info\/","name":"La Voce del Paese","description":"Un network di idee","publisher":{"@id":"https:\/\/lavocedelpaese.info\/#organization"},"potentialAction":[{"@type":"SearchAction","target":{"@type":"EntryPoint","urlTemplate":"https:\/\/lavocedelpaese.info\/?s={search_term_string}"},"query-input":{"@type":"PropertyValueSpecification","valueRequired":true,"valueName":"search_term_string"}}],"inLanguage":"it-IT"},{"@type":"Organization","@id":"https:\/\/lavocedelpaese.info\/#organization","name":"La Voce del Paese","url":"https:\/\/lavocedelpaese.info\/","logo":{"@type":"ImageObject","inLanguage":"it-IT","@id":"https:\/\/lavocedelpaese.info\/#\/schema\/logo\/image\/","url":"https:\/\/lavocedelpaese.info\/wp-content\/uploads\/2023\/01\/cropped-logo-150-127.png","contentUrl":"https:\/\/lavocedelpaese.info\/wp-content\/uploads\/2023\/01\/cropped-logo-150-127.png","width":137,"height":119,"caption":"La Voce del Paese"},"image":{"@id":"https:\/\/lavocedelpaese.info\/#\/schema\/logo\/image\/"},"sameAs":["https:\/\/www.facebook.com\/lavocedelpaese.info"]}]}},"_links":{"self":[{"href":"https:\/\/lavocedelpaese.info\/index.php\/wp-json\/wp\/v2\/posts\/987","targetHints":{"allow":["GET"]}}],"collection":[{"href":"https:\/\/lavocedelpaese.info\/index.php\/wp-json\/wp\/v2\/posts"}],"about":[{"href":"https:\/\/lavocedelpaese.info\/index.php\/wp-json\/wp\/v2\/types\/post"}],"replies":[{"embeddable":true,"href":"https:\/\/lavocedelpaese.info\/index.php\/wp-json\/wp\/v2\/comments?post=987"}],"version-history":[{"count":0,"href":"https:\/\/lavocedelpaese.info\/index.php\/wp-json\/wp\/v2\/posts\/987\/revisions"}],"wp:attachment":[{"href":"https:\/\/lavocedelpaese.info\/index.php\/wp-json\/wp\/v2\/media?parent=987"}],"wp:term":[{"taxonomy":"category","embeddable":true,"href":"https:\/\/lavocedelpaese.info\/index.php\/wp-json\/wp\/v2\/categories?post=987"},{"taxonomy":"post_tag","embeddable":true,"href":"https:\/\/lavocedelpaese.info\/index.php\/wp-json\/wp\/v2\/tags?post=987"}],"curies":[{"name":"wp","href":"https:\/\/api.w.org\/{rel}","templated":true}]}}