{"id":9852,"date":"2025-09-02T14:14:38","date_gmt":"2025-09-02T14:14:38","guid":{"rendered":"https:\/\/lavocedelpaese.info\/index.php\/2025\/09\/02\/informazione-e-arte-educare-per-crescere\/"},"modified":"2025-09-02T14:14:38","modified_gmt":"2025-09-02T14:14:38","slug":"informazione-e-arte-educare-per-crescere","status":"publish","type":"post","link":"https:\/\/lavocedelpaese.info\/index.php\/2025\/09\/02\/informazione-e-arte-educare-per-crescere\/","title":{"rendered":"INFORMAZIONE E ARTE: EDUCARE PER CRESCERE\u00a0\u200b"},"content":{"rendered":"<p>\u00a0<\/p>\n<p>\u200b\u00a0<\/p>\n<p>\u200b\u00a0<\/p>\n<p>A cura di Ilaria Solazzo<\/p>\n<p>Abbiamo deciso di incontrare Gianfranco Sciscione, imprenditore visionario e figura di spicco nel panorama televisivo italiano, per approfondire con lui i profondi cambiamenti che hanno investito il mondo della TV, dell\u2019informazione e della cultura negli ultimi decenni.<\/p>\n<p>Oltre alla sua esperienza imprenditoriale, Sciscione \u00e8 anche autore del libro \u201cIl Grande Sogno \u2013 Il ragazzo che sognava la televisione\u201d, scritto a quattro mani con Piermaria Cecchini e oggi disponibile su tutti gli store online e nelle migliori librerie. Un\u2019opera che non \u00e8 solo un racconto autobiografico, ma anche una riflessione sulla passione, la determinazione e la visione che hanno guidato il suo percorso, dal sogno giovanile alla realizzazione di una vera e propria rete televisiva.<\/p>\n<p>In un\u2019epoca in cui l\u2019informazione corre veloce e l\u2019intrattenimento rischia di perdere contenuto, abbiamo voluto ascoltare la voce di chi ha costruito una carriera credendo nella forza della comunicazione, nella cultura come valore e nella necessit\u00e0 di educare il pubblico non solo a ci\u00f2 che guarda, ma anche a come lo guarda.<\/p>\n<p>Una conversazione ricca di spunti, visioni e riflessioni su ci\u00f2 che \u00e8 stato, su ci\u00f2 che \u00e8 e \u2013 soprattutto \u2013 su ci\u00f2 che potrebbe essere.<\/p>\n<p><strong>Dott. Sciscione, partiamo con una domanda ampia: come \u00e8 cambiato secondo Lei il mondo della televisione negli ultimi vent\u2019anni?<\/strong><br \/>Buongiorno a Lei gentilissima Ilaria. Il cambiamento \u00e8 stato profondo, direi quasi strutturale. Un tempo la televisione era il centro nevralgico dell\u2019informazione e dell\u2019intrattenimento. Oggi, con l\u2019avvento delle piattaforme digitali, dei social e della fruizione on demand, il pubblico ha una scelta molto pi\u00f9 ampia, ma anche pi\u00f9 dispersiva\u2026secondo alcuni. \u00c8 cambiato il modo in cui si consuma il contenuto, ma soprattutto \u00e8 cambiato il modo in cui lo si percepisce.<\/p>\n<p><strong>Con questo cambiamento di fruizione, secondo Lei \u00e8 aumentata o diminuita la qualit\u00e0 dell\u2019informazione?<\/strong><br \/>La quantit\u00e0 \u00e8 aumentata esponenzialmente, ma la qualit\u00e0 \u00e8 diventata pi\u00f9 difficile da intercettare. L\u2019informazione oggi \u00e8 frammentata, spesso polarizzata, e facilmente manipolabile. Per questo \u00e8 fondamentale educare il pubblico a riconoscere le fonti affidabili ed a distinguere l\u2019informazione giornalistica dal contenuto d\u2019opinione o dalla disinformazione vera e propria.<\/p>\n<p><strong>Lei ha sempre sostenuto che l\u2019educazione all\u2019informazione dovrebbe partire dalle scuole. Ci spiega meglio questo concetto?<\/strong><br \/>Assolutamente s\u00ec. Cos\u00ec come educhiamo i ragazzi alla matematica o alla storia, dovremmo insegnare loro a \u201cleggere\u201d l\u2019informazione. Saper analizzare un titolo, verificare una fonte, capire il linguaggio utilizzato: sono competenze fondamentali nella societ\u00e0 contemporanea. Non si tratta solo di saper usare la tecnologia, ma di saperla interpretare.<\/p>\n<p><strong>E in questo contesto, quale ruolo ha la televisione pubblica?<\/strong><br \/>La televisione pubblica ha un\u2019enorme responsabilit\u00e0. Deve offrire contenuti che siano non solo accessibili, ma anche culturalmente elevanti. Deve essere un punto di riferimento, non solo per l\u2019attualit\u00e0, ma anche per la formazione culturale del Paese. La sua funzione pedagogica, se vogliamo usare un termine antico, \u00e8 oggi pi\u00f9 attuale che mai.<\/p>\n<figure class=\"wp-block-image size-full is-resized\"><img decoding=\"async\" width=\"888\" height=\"888\" src=\"https:\/\/cassano.lavocedelpaese.info\/wp-content\/uploads\/2025\/09\/WhatsApp-Image-2025-09-02-at-15.57.28.jpeg\" alt=\"\" class=\"wp-image-7243\"\/><\/figure>\n<p><strong>Oggi si parla molto di \u201cinfotainment\u201d. Ritiene che sia un rischio o un\u2019opportunit\u00e0?<\/strong><br \/>Dipende da come viene gestito. Se l\u2019informazione viene \u201cspettacolarizzata\u201d a scapito dell\u2019approfondimento, allora diventa un rischio. Ma se l\u2019intrattenimento viene usato come veicolo intelligente per avvicinare il pubblico a temi complessi, allora pu\u00f2 essere una grande opportunit\u00e0. Anche qui, la differenza la fa la qualit\u00e0 editoriale.<\/p>\n<p><strong>Passiamo al tema dell\u2019arte. Secondo Lei l\u2019arte ha ancora un ruolo centrale nella formazione del cittadino?<\/strong><br \/>Non solo ha un ruolo centrale, ma dovrebbe averne uno ancora pi\u00f9 forte. L\u2019arte, intesa in senso ampio \u2013 dalla pittura alla musica, dal teatro al cinema \u2013 \u00e8 uno strumento potentissimo di crescita personale e collettiva. \u00c8 attraverso l\u2019arte che impariamo a guardare il mondo con occhi diversi. Per questo \u00e8 importante renderla accessibile e comprensibile a tutti, non solo a chi ha gi\u00e0 gli strumenti per apprezzarla.<\/p>\n<p><strong>In un panorama mediatico dominato dalla velocit\u00e0, come si pu\u00f2 valorizzare l\u2019arte?<\/strong><br \/>Bisogna trovare nuovi linguaggi, senza per\u00f2 svilirne il contenuto. La sfida \u00e8 comunicare la bellezza in modo diretto ma non banale. L\u2019arte non deve diventare intrattenimento vuoto, ma deve saper dialogare con i linguaggi contemporanei. E anche qui la televisione, cos\u00ec come il web, pu\u00f2 avere un ruolo fondamentale.<\/p>\n<p><strong>Lei ha parlato spesso pubblicamente di \u201calfabetizzazione culturale\u201d. In cosa consiste, concretamente?<\/strong><br \/>\u00c8 un processo che riguarda tutti, non solo i giovani. Significa fornire gli strumenti per comprendere ci\u00f2 che ci circonda: dalle notizie che leggiamo, alle immagini che vediamo, fino ai simboli culturali che incontriamo ogni giorno. Alfabetizzare non vuol dire semplificare, ma rendere accessibile senza perdere profondit\u00e0.<\/p>\n<p><strong>Infine, qual \u00e8 il suo auspicio per il futuro dell\u2019informazione e dell\u2019arte in Italia?<\/strong><br \/>Mi auguro un futuro in cui la qualit\u00e0 venga nuovamente percepita come un valore. In cui il pubblico sia educato, curioso, critico. E in cui i media, in tutte le loro forme, si assumano la responsabilit\u00e0 di contribuire a una societ\u00e0 pi\u00f9 consapevole, pi\u00f9 colta e pi\u00f9 libera. L\u2019informazione e l\u2019arte non sono un lusso: sono il fondamento di ogni democrazia matura.<\/p>\n<p>Ascoltare Gianfranco Sciscione \u00e8 come aprire una finestra su un mondo fatto di sogni, visione e responsabilit\u00e0. In un\u2019epoca in cui l\u2019informazione spesso si confonde con il rumore e l\u2019intrattenimento rischia di diventare vuoto, la sua voce ci ricorda quanto sia fondamentale tornare all\u2019essenza: formare, educare, ispirare.<\/p>\n<p>La televisione, l\u2019informazione, l\u2019arte: non sono solo strumenti, ma luoghi di crescita collettiva, che richiedono cura, coscienza e coraggio. Coraggio di investire nella qualit\u00e0, di credere nella cultura, di sfidare la superficialit\u00e0 con contenuti che lascino il segno.<\/p>\n<p>\u201cIl Grande Sogno\u201d non \u00e8 solo il titolo del suo libro, ma anche un invito implicito a tutti noi: non smettere di credere in un futuro in cui il sapere, la bellezza e l\u2019etica comunicativa tornino al centro del dibattito pubblico. Un sogno grande, s\u00ec \u2014 ma quanto mai necessario.<\/p>\n<figure class=\"wp-block-image size-large\"><img decoding=\"async\" width=\"1024\" height=\"576\" src=\"https:\/\/cassano.lavocedelpaese.info\/wp-content\/uploads\/2025\/09\/WhatsApp-Image-2025-09-02-at-15.57.28-1-1024x576.jpeg\" alt=\"\" class=\"wp-image-7244\"\/><\/figure>\n<p><a class=\"a2a_button_facebook\" href=\"https:\/\/www.addtoany.com\/add_to\/facebook?linkurl=https%3A%2F%2Fcassano.lavocedelpaese.info%2Finformazione-e-arte-educare-per-crescere%2F&amp;linkname=INFORMAZIONE%20E%20ARTE%3A%20EDUCARE%20PER%20CRESCERE\" title=\"Facebook\" rel=\"nofollow noopener\" target=\"_blank\"><\/a><a class=\"a2a_button_twitter\" href=\"https:\/\/www.addtoany.com\/add_to\/twitter?linkurl=https%3A%2F%2Fcassano.lavocedelpaese.info%2Finformazione-e-arte-educare-per-crescere%2F&amp;linkname=INFORMAZIONE%20E%20ARTE%3A%20EDUCARE%20PER%20CRESCERE\" title=\"Twitter\" rel=\"nofollow noopener\" target=\"_blank\"><\/a><a class=\"a2a_button_whatsapp\" href=\"https:\/\/www.addtoany.com\/add_to\/whatsapp?linkurl=https%3A%2F%2Fcassano.lavocedelpaese.info%2Finformazione-e-arte-educare-per-crescere%2F&amp;linkname=INFORMAZIONE%20E%20ARTE%3A%20EDUCARE%20PER%20CRESCERE\" title=\"WhatsApp\" rel=\"nofollow noopener\" target=\"_blank\"><\/a><a class=\"a2a_button_telegram\" href=\"https:\/\/www.addtoany.com\/add_to\/telegram?linkurl=https%3A%2F%2Fcassano.lavocedelpaese.info%2Finformazione-e-arte-educare-per-crescere%2F&amp;linkname=INFORMAZIONE%20E%20ARTE%3A%20EDUCARE%20PER%20CRESCERE\" title=\"Telegram\" rel=\"nofollow noopener\" target=\"_blank\"><\/a><a class=\"a2a_button_email\" href=\"https:\/\/www.addtoany.com\/add_to\/email?linkurl=https%3A%2F%2Fcassano.lavocedelpaese.info%2Finformazione-e-arte-educare-per-crescere%2F&amp;linkname=INFORMAZIONE%20E%20ARTE%3A%20EDUCARE%20PER%20CRESCERE\" title=\"Email\" rel=\"nofollow noopener\" target=\"_blank\"><\/a><\/p>\n<p>\u00a0<\/p>\n<p>\u00a0<\/p>\n<p>\u200b\u00a0\u00a0\u00a0<\/p>","protected":false},"excerpt":{"rendered":"<p>\u00a0 \u200b\u00a0 \u200b\u00a0 A cura di Ilaria Solazzo Abbiamo deciso di incontrare Gianfranco Sciscione, imprenditore visionario e figura di spicco<\/p>\n","protected":false},"author":6,"featured_media":9853,"comment_status":"open","ping_status":"closed","sticky":false,"template":"","format":"standard","meta":{"colormag_page_container_layout":"default_layout","colormag_page_sidebar_layout":"default_layout","footnotes":""},"categories":[33],"tags":[],"class_list":["post-9852","post","type-post","status-publish","format-standard","has-post-thumbnail","hentry","category-network"],"yoast_head":"<!-- This site is optimized with the Yoast SEO plugin v27.5 - https:\/\/yoast.com\/product\/yoast-seo-wordpress\/ -->\n<title>INFORMAZIONE E ARTE: EDUCARE PER CRESCERE\u00a0\u200b - La Voce del Paese<\/title>\n<meta name=\"robots\" content=\"index, follow, max-snippet:-1, max-image-preview:large, max-video-preview:-1\" \/>\n<link rel=\"canonical\" href=\"https:\/\/lavocedelpaese.info\/index.php\/2025\/09\/02\/informazione-e-arte-educare-per-crescere\/\" \/>\n<meta property=\"og:locale\" content=\"it_IT\" \/>\n<meta property=\"og:type\" content=\"article\" \/>\n<meta property=\"og:title\" content=\"INFORMAZIONE E ARTE: EDUCARE PER CRESCERE\u00a0\u200b - La Voce del Paese\" \/>\n<meta property=\"og:description\" content=\"\u00a0 \u200b\u00a0 \u200b\u00a0 A cura di Ilaria Solazzo Abbiamo deciso di incontrare Gianfranco Sciscione, imprenditore visionario e figura di spicco\" \/>\n<meta property=\"og:url\" content=\"https:\/\/lavocedelpaese.info\/index.php\/2025\/09\/02\/informazione-e-arte-educare-per-crescere\/\" \/>\n<meta property=\"og:site_name\" content=\"La Voce del Paese\" \/>\n<meta property=\"article:publisher\" content=\"https:\/\/www.facebook.com\/lavocedelpaese.info\" \/>\n<meta property=\"article:published_time\" content=\"2025-09-02T14:14:38+00:00\" \/>\n<meta name=\"author\" content=\"admin\" \/>\n<meta name=\"twitter:card\" content=\"summary_large_image\" \/>\n<meta name=\"twitter:label1\" content=\"Scritto da\" \/>\n\t<meta name=\"twitter:data1\" content=\"admin\" \/>\n\t<meta name=\"twitter:label2\" content=\"Tempo di lettura stimato\" \/>\n\t<meta name=\"twitter:data2\" content=\"5 minuti\" \/>\n<script type=\"application\/ld+json\" class=\"yoast-schema-graph\">{\"@context\":\"https:\\\/\\\/schema.org\",\"@graph\":[{\"@type\":\"Article\",\"@id\":\"https:\\\/\\\/lavocedelpaese.info\\\/index.php\\\/2025\\\/09\\\/02\\\/informazione-e-arte-educare-per-crescere\\\/#article\",\"isPartOf\":{\"@id\":\"https:\\\/\\\/lavocedelpaese.info\\\/index.php\\\/2025\\\/09\\\/02\\\/informazione-e-arte-educare-per-crescere\\\/\"},\"author\":{\"name\":\"admin\",\"@id\":\"https:\\\/\\\/lavocedelpaese.info\\\/#\\\/schema\\\/person\\\/ec151d321306bd7591f7a061abf72d88\"},\"headline\":\"INFORMAZIONE E ARTE: EDUCARE PER CRESCERE\u00a0\u200b\",\"datePublished\":\"2025-09-02T14:14:38+00:00\",\"mainEntityOfPage\":{\"@id\":\"https:\\\/\\\/lavocedelpaese.info\\\/index.php\\\/2025\\\/09\\\/02\\\/informazione-e-arte-educare-per-crescere\\\/\"},\"wordCount\":969,\"commentCount\":0,\"publisher\":{\"@id\":\"https:\\\/\\\/lavocedelpaese.info\\\/#organization\"},\"image\":{\"@id\":\"https:\\\/\\\/lavocedelpaese.info\\\/index.php\\\/2025\\\/09\\\/02\\\/informazione-e-arte-educare-per-crescere\\\/#primaryimage\"},\"thumbnailUrl\":\"https:\\\/\\\/lavocedelpaese.info\\\/wp-content\\\/uploads\\\/2025\\\/09\\\/WhatsApp-Image-2025-09-02-at-15.57.28-vj8wbI.jpg\",\"articleSection\":[\"network\"],\"inLanguage\":\"it-IT\",\"potentialAction\":[{\"@type\":\"CommentAction\",\"name\":\"Comment\",\"target\":[\"https:\\\/\\\/lavocedelpaese.info\\\/index.php\\\/2025\\\/09\\\/02\\\/informazione-e-arte-educare-per-crescere\\\/#respond\"]}]},{\"@type\":\"WebPage\",\"@id\":\"https:\\\/\\\/lavocedelpaese.info\\\/index.php\\\/2025\\\/09\\\/02\\\/informazione-e-arte-educare-per-crescere\\\/\",\"url\":\"https:\\\/\\\/lavocedelpaese.info\\\/index.php\\\/2025\\\/09\\\/02\\\/informazione-e-arte-educare-per-crescere\\\/\",\"name\":\"INFORMAZIONE E ARTE: EDUCARE PER CRESCERE\u00a0\u200b - La Voce del Paese\",\"isPartOf\":{\"@id\":\"https:\\\/\\\/lavocedelpaese.info\\\/#website\"},\"primaryImageOfPage\":{\"@id\":\"https:\\\/\\\/lavocedelpaese.info\\\/index.php\\\/2025\\\/09\\\/02\\\/informazione-e-arte-educare-per-crescere\\\/#primaryimage\"},\"image\":{\"@id\":\"https:\\\/\\\/lavocedelpaese.info\\\/index.php\\\/2025\\\/09\\\/02\\\/informazione-e-arte-educare-per-crescere\\\/#primaryimage\"},\"thumbnailUrl\":\"https:\\\/\\\/lavocedelpaese.info\\\/wp-content\\\/uploads\\\/2025\\\/09\\\/WhatsApp-Image-2025-09-02-at-15.57.28-vj8wbI.jpg\",\"datePublished\":\"2025-09-02T14:14:38+00:00\",\"breadcrumb\":{\"@id\":\"https:\\\/\\\/lavocedelpaese.info\\\/index.php\\\/2025\\\/09\\\/02\\\/informazione-e-arte-educare-per-crescere\\\/#breadcrumb\"},\"inLanguage\":\"it-IT\",\"potentialAction\":[{\"@type\":\"ReadAction\",\"target\":[\"https:\\\/\\\/lavocedelpaese.info\\\/index.php\\\/2025\\\/09\\\/02\\\/informazione-e-arte-educare-per-crescere\\\/\"]}]},{\"@type\":\"ImageObject\",\"inLanguage\":\"it-IT\",\"@id\":\"https:\\\/\\\/lavocedelpaese.info\\\/index.php\\\/2025\\\/09\\\/02\\\/informazione-e-arte-educare-per-crescere\\\/#primaryimage\",\"url\":\"https:\\\/\\\/lavocedelpaese.info\\\/wp-content\\\/uploads\\\/2025\\\/09\\\/WhatsApp-Image-2025-09-02-at-15.57.28-vj8wbI.jpg\",\"contentUrl\":\"https:\\\/\\\/lavocedelpaese.info\\\/wp-content\\\/uploads\\\/2025\\\/09\\\/WhatsApp-Image-2025-09-02-at-15.57.28-vj8wbI.jpg\",\"width\":888,\"height\":888},{\"@type\":\"BreadcrumbList\",\"@id\":\"https:\\\/\\\/lavocedelpaese.info\\\/index.php\\\/2025\\\/09\\\/02\\\/informazione-e-arte-educare-per-crescere\\\/#breadcrumb\",\"itemListElement\":[{\"@type\":\"ListItem\",\"position\":1,\"name\":\"Home\",\"item\":\"https:\\\/\\\/lavocedelpaese.info\\\/\"},{\"@type\":\"ListItem\",\"position\":2,\"name\":\"INFORMAZIONE E ARTE: EDUCARE PER CRESCERE\u00a0\u200b\"}]},{\"@type\":\"WebSite\",\"@id\":\"https:\\\/\\\/lavocedelpaese.info\\\/#website\",\"url\":\"https:\\\/\\\/lavocedelpaese.info\\\/\",\"name\":\"La Voce del Paese\",\"description\":\"Un network di idee\",\"publisher\":{\"@id\":\"https:\\\/\\\/lavocedelpaese.info\\\/#organization\"},\"potentialAction\":[{\"@type\":\"SearchAction\",\"target\":{\"@type\":\"EntryPoint\",\"urlTemplate\":\"https:\\\/\\\/lavocedelpaese.info\\\/?s={search_term_string}\"},\"query-input\":{\"@type\":\"PropertyValueSpecification\",\"valueRequired\":true,\"valueName\":\"search_term_string\"}}],\"inLanguage\":\"it-IT\"},{\"@type\":\"Organization\",\"@id\":\"https:\\\/\\\/lavocedelpaese.info\\\/#organization\",\"name\":\"La Voce del Paese\",\"url\":\"https:\\\/\\\/lavocedelpaese.info\\\/\",\"logo\":{\"@type\":\"ImageObject\",\"inLanguage\":\"it-IT\",\"@id\":\"https:\\\/\\\/lavocedelpaese.info\\\/#\\\/schema\\\/logo\\\/image\\\/\",\"url\":\"https:\\\/\\\/lavocedelpaese.info\\\/wp-content\\\/uploads\\\/2023\\\/01\\\/cropped-logo-150-127.png\",\"contentUrl\":\"https:\\\/\\\/lavocedelpaese.info\\\/wp-content\\\/uploads\\\/2023\\\/01\\\/cropped-logo-150-127.png\",\"width\":137,\"height\":119,\"caption\":\"La Voce del Paese\"},\"image\":{\"@id\":\"https:\\\/\\\/lavocedelpaese.info\\\/#\\\/schema\\\/logo\\\/image\\\/\"},\"sameAs\":[\"https:\\\/\\\/www.facebook.com\\\/lavocedelpaese.info\"]},{\"@type\":\"Person\",\"@id\":\"https:\\\/\\\/lavocedelpaese.info\\\/#\\\/schema\\\/person\\\/ec151d321306bd7591f7a061abf72d88\",\"name\":\"admin\",\"image\":{\"@type\":\"ImageObject\",\"inLanguage\":\"it-IT\",\"@id\":\"https:\\\/\\\/secure.gravatar.com\\\/avatar\\\/af8f2caf0663124588de48a9380e07cbc95a74ef15b8062d0d39106c32fe3023?s=96&d=mm&r=g\",\"url\":\"https:\\\/\\\/secure.gravatar.com\\\/avatar\\\/af8f2caf0663124588de48a9380e07cbc95a74ef15b8062d0d39106c32fe3023?s=96&d=mm&r=g\",\"contentUrl\":\"https:\\\/\\\/secure.gravatar.com\\\/avatar\\\/af8f2caf0663124588de48a9380e07cbc95a74ef15b8062d0d39106c32fe3023?s=96&d=mm&r=g\",\"caption\":\"admin\"},\"sameAs\":[\"https:\\\/\\\/lavocedelpaese.info\"],\"url\":\"https:\\\/\\\/lavocedelpaese.info\\\/index.php\\\/author\\\/admin\\\/\"}]}<\/script>\n<!-- \/ Yoast SEO plugin. -->","yoast_head_json":{"title":"INFORMAZIONE E ARTE: EDUCARE PER CRESCERE\u00a0\u200b - La Voce del Paese","robots":{"index":"index","follow":"follow","max-snippet":"max-snippet:-1","max-image-preview":"max-image-preview:large","max-video-preview":"max-video-preview:-1"},"canonical":"https:\/\/lavocedelpaese.info\/index.php\/2025\/09\/02\/informazione-e-arte-educare-per-crescere\/","og_locale":"it_IT","og_type":"article","og_title":"INFORMAZIONE E ARTE: EDUCARE PER CRESCERE\u00a0\u200b - La Voce del Paese","og_description":"\u00a0 \u200b\u00a0 \u200b\u00a0 A cura di Ilaria Solazzo Abbiamo deciso di incontrare Gianfranco Sciscione, imprenditore visionario e figura di spicco","og_url":"https:\/\/lavocedelpaese.info\/index.php\/2025\/09\/02\/informazione-e-arte-educare-per-crescere\/","og_site_name":"La Voce del Paese","article_publisher":"https:\/\/www.facebook.com\/lavocedelpaese.info","article_published_time":"2025-09-02T14:14:38+00:00","author":"admin","twitter_card":"summary_large_image","twitter_misc":{"Scritto da":"admin","Tempo di lettura stimato":"5 minuti"},"schema":{"@context":"https:\/\/schema.org","@graph":[{"@type":"Article","@id":"https:\/\/lavocedelpaese.info\/index.php\/2025\/09\/02\/informazione-e-arte-educare-per-crescere\/#article","isPartOf":{"@id":"https:\/\/lavocedelpaese.info\/index.php\/2025\/09\/02\/informazione-e-arte-educare-per-crescere\/"},"author":{"name":"admin","@id":"https:\/\/lavocedelpaese.info\/#\/schema\/person\/ec151d321306bd7591f7a061abf72d88"},"headline":"INFORMAZIONE E ARTE: EDUCARE PER CRESCERE\u00a0\u200b","datePublished":"2025-09-02T14:14:38+00:00","mainEntityOfPage":{"@id":"https:\/\/lavocedelpaese.info\/index.php\/2025\/09\/02\/informazione-e-arte-educare-per-crescere\/"},"wordCount":969,"commentCount":0,"publisher":{"@id":"https:\/\/lavocedelpaese.info\/#organization"},"image":{"@id":"https:\/\/lavocedelpaese.info\/index.php\/2025\/09\/02\/informazione-e-arte-educare-per-crescere\/#primaryimage"},"thumbnailUrl":"https:\/\/lavocedelpaese.info\/wp-content\/uploads\/2025\/09\/WhatsApp-Image-2025-09-02-at-15.57.28-vj8wbI.jpg","articleSection":["network"],"inLanguage":"it-IT","potentialAction":[{"@type":"CommentAction","name":"Comment","target":["https:\/\/lavocedelpaese.info\/index.php\/2025\/09\/02\/informazione-e-arte-educare-per-crescere\/#respond"]}]},{"@type":"WebPage","@id":"https:\/\/lavocedelpaese.info\/index.php\/2025\/09\/02\/informazione-e-arte-educare-per-crescere\/","url":"https:\/\/lavocedelpaese.info\/index.php\/2025\/09\/02\/informazione-e-arte-educare-per-crescere\/","name":"INFORMAZIONE E ARTE: EDUCARE PER CRESCERE\u00a0\u200b - La Voce del Paese","isPartOf":{"@id":"https:\/\/lavocedelpaese.info\/#website"},"primaryImageOfPage":{"@id":"https:\/\/lavocedelpaese.info\/index.php\/2025\/09\/02\/informazione-e-arte-educare-per-crescere\/#primaryimage"},"image":{"@id":"https:\/\/lavocedelpaese.info\/index.php\/2025\/09\/02\/informazione-e-arte-educare-per-crescere\/#primaryimage"},"thumbnailUrl":"https:\/\/lavocedelpaese.info\/wp-content\/uploads\/2025\/09\/WhatsApp-Image-2025-09-02-at-15.57.28-vj8wbI.jpg","datePublished":"2025-09-02T14:14:38+00:00","breadcrumb":{"@id":"https:\/\/lavocedelpaese.info\/index.php\/2025\/09\/02\/informazione-e-arte-educare-per-crescere\/#breadcrumb"},"inLanguage":"it-IT","potentialAction":[{"@type":"ReadAction","target":["https:\/\/lavocedelpaese.info\/index.php\/2025\/09\/02\/informazione-e-arte-educare-per-crescere\/"]}]},{"@type":"ImageObject","inLanguage":"it-IT","@id":"https:\/\/lavocedelpaese.info\/index.php\/2025\/09\/02\/informazione-e-arte-educare-per-crescere\/#primaryimage","url":"https:\/\/lavocedelpaese.info\/wp-content\/uploads\/2025\/09\/WhatsApp-Image-2025-09-02-at-15.57.28-vj8wbI.jpg","contentUrl":"https:\/\/lavocedelpaese.info\/wp-content\/uploads\/2025\/09\/WhatsApp-Image-2025-09-02-at-15.57.28-vj8wbI.jpg","width":888,"height":888},{"@type":"BreadcrumbList","@id":"https:\/\/lavocedelpaese.info\/index.php\/2025\/09\/02\/informazione-e-arte-educare-per-crescere\/#breadcrumb","itemListElement":[{"@type":"ListItem","position":1,"name":"Home","item":"https:\/\/lavocedelpaese.info\/"},{"@type":"ListItem","position":2,"name":"INFORMAZIONE E ARTE: EDUCARE PER CRESCERE\u00a0\u200b"}]},{"@type":"WebSite","@id":"https:\/\/lavocedelpaese.info\/#website","url":"https:\/\/lavocedelpaese.info\/","name":"La Voce del Paese","description":"Un network di idee","publisher":{"@id":"https:\/\/lavocedelpaese.info\/#organization"},"potentialAction":[{"@type":"SearchAction","target":{"@type":"EntryPoint","urlTemplate":"https:\/\/lavocedelpaese.info\/?s={search_term_string}"},"query-input":{"@type":"PropertyValueSpecification","valueRequired":true,"valueName":"search_term_string"}}],"inLanguage":"it-IT"},{"@type":"Organization","@id":"https:\/\/lavocedelpaese.info\/#organization","name":"La Voce del Paese","url":"https:\/\/lavocedelpaese.info\/","logo":{"@type":"ImageObject","inLanguage":"it-IT","@id":"https:\/\/lavocedelpaese.info\/#\/schema\/logo\/image\/","url":"https:\/\/lavocedelpaese.info\/wp-content\/uploads\/2023\/01\/cropped-logo-150-127.png","contentUrl":"https:\/\/lavocedelpaese.info\/wp-content\/uploads\/2023\/01\/cropped-logo-150-127.png","width":137,"height":119,"caption":"La Voce del Paese"},"image":{"@id":"https:\/\/lavocedelpaese.info\/#\/schema\/logo\/image\/"},"sameAs":["https:\/\/www.facebook.com\/lavocedelpaese.info"]},{"@type":"Person","@id":"https:\/\/lavocedelpaese.info\/#\/schema\/person\/ec151d321306bd7591f7a061abf72d88","name":"admin","image":{"@type":"ImageObject","inLanguage":"it-IT","@id":"https:\/\/secure.gravatar.com\/avatar\/af8f2caf0663124588de48a9380e07cbc95a74ef15b8062d0d39106c32fe3023?s=96&d=mm&r=g","url":"https:\/\/secure.gravatar.com\/avatar\/af8f2caf0663124588de48a9380e07cbc95a74ef15b8062d0d39106c32fe3023?s=96&d=mm&r=g","contentUrl":"https:\/\/secure.gravatar.com\/avatar\/af8f2caf0663124588de48a9380e07cbc95a74ef15b8062d0d39106c32fe3023?s=96&d=mm&r=g","caption":"admin"},"sameAs":["https:\/\/lavocedelpaese.info"],"url":"https:\/\/lavocedelpaese.info\/index.php\/author\/admin\/"}]}},"_links":{"self":[{"href":"https:\/\/lavocedelpaese.info\/index.php\/wp-json\/wp\/v2\/posts\/9852","targetHints":{"allow":["GET"]}}],"collection":[{"href":"https:\/\/lavocedelpaese.info\/index.php\/wp-json\/wp\/v2\/posts"}],"about":[{"href":"https:\/\/lavocedelpaese.info\/index.php\/wp-json\/wp\/v2\/types\/post"}],"author":[{"embeddable":true,"href":"https:\/\/lavocedelpaese.info\/index.php\/wp-json\/wp\/v2\/users\/6"}],"replies":[{"embeddable":true,"href":"https:\/\/lavocedelpaese.info\/index.php\/wp-json\/wp\/v2\/comments?post=9852"}],"version-history":[{"count":0,"href":"https:\/\/lavocedelpaese.info\/index.php\/wp-json\/wp\/v2\/posts\/9852\/revisions"}],"wp:featuredmedia":[{"embeddable":true,"href":"https:\/\/lavocedelpaese.info\/index.php\/wp-json\/wp\/v2\/media\/9853"}],"wp:attachment":[{"href":"https:\/\/lavocedelpaese.info\/index.php\/wp-json\/wp\/v2\/media?parent=9852"}],"wp:term":[{"taxonomy":"category","embeddable":true,"href":"https:\/\/lavocedelpaese.info\/index.php\/wp-json\/wp\/v2\/categories?post=9852"},{"taxonomy":"post_tag","embeddable":true,"href":"https:\/\/lavocedelpaese.info\/index.php\/wp-json\/wp\/v2\/tags?post=9852"}],"curies":[{"name":"wp","href":"https:\/\/api.w.org\/{rel}","templated":true}]}}