{"id":9845,"date":"2025-08-31T06:14:48","date_gmt":"2025-08-31T06:14:48","guid":{"rendered":"https:\/\/lavocedelpaese.info\/index.php\/2025\/08\/31\/olimpiopoli-2025-il-29-agosto-la-cerimonia-conclusiva-tra-sport-tradizione-e-ambiente\/"},"modified":"2025-08-31T06:14:48","modified_gmt":"2025-08-31T06:14:48","slug":"olimpiopoli-2025-il-29-agosto-la-cerimonia-conclusiva-tra-sport-tradizione-e-ambiente","status":"publish","type":"post","link":"https:\/\/lavocedelpaese.info\/index.php\/2025\/08\/31\/olimpiopoli-2025-il-29-agosto-la-cerimonia-conclusiva-tra-sport-tradizione-e-ambiente\/","title":{"rendered":"Olimpiopoli 2025, il 29 agosto la cerimonia conclusiva tra sport, tradizione e ambiente\u00a0\u200b"},"content":{"rendered":"<p>\u00a0<\/p>\n<p>\u200b\u00a0<\/p>\n<p>\u200b\u00a0<\/p>\n<p>Si concluder\u00e0 venerd\u00ec 29 agosto, dalle 18 allo stadio comunale \u201cG. Giammaria\u201d, la prima edizione di Olimpiopoli \u2013 Le Olimpiadi della Madonna di Costantinopoli, con una serata che unisce sport, tradizione e impegno civico.<\/p>\n<p>Il programma della manifestazione organizzata dalla Amatori Atletica Acquaviva e dal comitato feste patronali, prevede le finali del torneo di calcio giovanile \u201c\u2019U Pallone d la Madonn\u201d, che ha visto coinvolti ragazzi e ragazze tra i 10 e i 14 anni in un percorso di sana competizione e socialit\u00e0. Accanto allo sport, spazio anche alla cultura e alla tradizione con il laboratorio per bambini \u201cI segreti du pall\u00f2ne\u201d, durante il quale la famiglia Dal\u00f2 illustrer\u00e0 il processo di realizzazione della tipica mongolfiera legata alla festa patronale.<\/p>\n<p>Non mancher\u00e0 un momento di riflessione civica: l\u2019associazione Plastic Free promuover\u00e0 un\u2019attivit\u00e0 di sensibilizzazione cittadina sull\u2019ambiente, a partire dalla riduzione della plastica e dalla cura degli spazi pubblici.<\/p>\n<p>\u00abOlimpiopoli \u00e8 stata una scommessa vinta dalla comunit\u00e0 tutta \u2013 dichiara Marilena Longobardo, consigliera comunale con delega allo Sport \u2013. Un grande lavoro di squadra ha permesso di realizzare un\u2019iniziativa che ha unito sport, tradizione e partecipazione. Il mio ringraziamento va a tutti coloro che hanno contribuito con passione e impegno alla riuscita della manifestazione.\u00bb<\/p>\n<p>Soddisfazione anche da parte del sindaco Marco Lenoci, che sottolinea il valore dell\u2019iniziativa per la comunit\u00e0: \u00abLo sport \u00e8 uno strumento fondamentale di crescita personale e collettiva. Iniziative come questa favoriscono la socialit\u00e0, soprattutto tra i pi\u00f9 giovani, e promuovono il benessere psicofisico. Quando sport, cultura e cittadinanza attiva si incontrano, il risultato \u00e8 una citt\u00e0 pi\u00f9 coesa e consapevole.\u00bb<\/p>\n<p>La cerimonia conclusiva inizier\u00e0 alle 18.30, con apertura del campo alle 18.00. Tutta la cittadinanza \u00e8 invitata a partecipare.<\/p>\n<figure class=\"wp-block-image size-full\"><img decoding=\"async\" width=\"639\" height=\"800\" src=\"https:\/\/acquaviva.lavocedelpaese.info\/wp-content\/uploads\/2025\/08\/540928558_1175866467907170_7272226841950167063_n.jpg\" alt=\"\" class=\"wp-image-5663\"\/><\/figure>\n<p><a class=\"a2a_button_facebook\" href=\"https:\/\/www.addtoany.com\/add_to\/facebook?linkurl=https%3A%2F%2Facquaviva.lavocedelpaese.info%2Findex.php%2F2025%2F08%2F27%2Folimpiopoli-2025-il-29-agosto-la-cerimonia-conclusiva-tra-sport-tradizione-e-ambiente%2F&amp;linkname=Olimpiopoli%202025%2C%20il%2029%20agosto%20la%20cerimonia%20conclusiva%20tra%20sport%2C%20tradizione%20e%20ambiente\" title=\"Facebook\" rel=\"nofollow noopener\" target=\"_blank\"><\/a><a class=\"a2a_button_twitter\" href=\"https:\/\/www.addtoany.com\/add_to\/twitter?linkurl=https%3A%2F%2Facquaviva.lavocedelpaese.info%2Findex.php%2F2025%2F08%2F27%2Folimpiopoli-2025-il-29-agosto-la-cerimonia-conclusiva-tra-sport-tradizione-e-ambiente%2F&amp;linkname=Olimpiopoli%202025%2C%20il%2029%20agosto%20la%20cerimonia%20conclusiva%20tra%20sport%2C%20tradizione%20e%20ambiente\" title=\"Twitter\" rel=\"nofollow noopener\" target=\"_blank\"><\/a><a class=\"a2a_button_whatsapp\" href=\"https:\/\/www.addtoany.com\/add_to\/whatsapp?linkurl=https%3A%2F%2Facquaviva.lavocedelpaese.info%2Findex.php%2F2025%2F08%2F27%2Folimpiopoli-2025-il-29-agosto-la-cerimonia-conclusiva-tra-sport-tradizione-e-ambiente%2F&amp;linkname=Olimpiopoli%202025%2C%20il%2029%20agosto%20la%20cerimonia%20conclusiva%20tra%20sport%2C%20tradizione%20e%20ambiente\" title=\"WhatsApp\" rel=\"nofollow noopener\" target=\"_blank\"><\/a><a class=\"a2a_button_telegram\" href=\"https:\/\/www.addtoany.com\/add_to\/telegram?linkurl=https%3A%2F%2Facquaviva.lavocedelpaese.info%2Findex.php%2F2025%2F08%2F27%2Folimpiopoli-2025-il-29-agosto-la-cerimonia-conclusiva-tra-sport-tradizione-e-ambiente%2F&amp;linkname=Olimpiopoli%202025%2C%20il%2029%20agosto%20la%20cerimonia%20conclusiva%20tra%20sport%2C%20tradizione%20e%20ambiente\" title=\"Telegram\" rel=\"nofollow noopener\" target=\"_blank\"><\/a><a class=\"a2a_button_email\" href=\"https:\/\/www.addtoany.com\/add_to\/email?linkurl=https%3A%2F%2Facquaviva.lavocedelpaese.info%2Findex.php%2F2025%2F08%2F27%2Folimpiopoli-2025-il-29-agosto-la-cerimonia-conclusiva-tra-sport-tradizione-e-ambiente%2F&amp;linkname=Olimpiopoli%202025%2C%20il%2029%20agosto%20la%20cerimonia%20conclusiva%20tra%20sport%2C%20tradizione%20e%20ambiente\" title=\"Email\" rel=\"nofollow noopener\" target=\"_blank\"><\/a><\/p>\n<p>\u00a0<\/p>\n<p>\u00a0<\/p>\n<p>\u200b\u00a0\u00a0\u00a0<\/p>","protected":false},"excerpt":{"rendered":"<p>\u00a0 \u200b\u00a0 \u200b\u00a0 Si concluder\u00e0 venerd\u00ec 29 agosto, dalle 18 allo stadio comunale \u201cG. Giammaria\u201d, la prima edizione di Olimpiopoli<\/p>\n","protected":false},"author":6,"featured_media":9846,"comment_status":"open","ping_status":"closed","sticky":false,"template":"","format":"standard","meta":{"colormag_page_container_layout":"default_layout","colormag_page_sidebar_layout":"default_layout","footnotes":""},"categories":[33],"tags":[],"class_list":["post-9845","post","type-post","status-publish","format-standard","has-post-thumbnail","hentry","category-network"],"yoast_head":"<!-- This site is optimized with the Yoast SEO plugin v27.5 - https:\/\/yoast.com\/product\/yoast-seo-wordpress\/ -->\n<title>Olimpiopoli 2025, il 29 agosto la cerimonia conclusiva tra sport, tradizione e ambiente\u00a0\u200b - La Voce del Paese<\/title>\n<meta name=\"robots\" content=\"index, follow, max-snippet:-1, max-image-preview:large, max-video-preview:-1\" \/>\n<link rel=\"canonical\" href=\"https:\/\/lavocedelpaese.info\/index.php\/2025\/08\/31\/olimpiopoli-2025-il-29-agosto-la-cerimonia-conclusiva-tra-sport-tradizione-e-ambiente\/\" \/>\n<meta property=\"og:locale\" content=\"it_IT\" \/>\n<meta property=\"og:type\" content=\"article\" \/>\n<meta property=\"og:title\" content=\"Olimpiopoli 2025, il 29 agosto la cerimonia conclusiva tra sport, tradizione e ambiente\u00a0\u200b - La Voce del Paese\" \/>\n<meta property=\"og:description\" content=\"\u00a0 \u200b\u00a0 \u200b\u00a0 Si concluder\u00e0 venerd\u00ec 29 agosto, dalle 18 allo stadio comunale \u201cG. Giammaria\u201d, la prima edizione di Olimpiopoli\" \/>\n<meta property=\"og:url\" content=\"https:\/\/lavocedelpaese.info\/index.php\/2025\/08\/31\/olimpiopoli-2025-il-29-agosto-la-cerimonia-conclusiva-tra-sport-tradizione-e-ambiente\/\" \/>\n<meta property=\"og:site_name\" content=\"La Voce del Paese\" \/>\n<meta property=\"article:publisher\" content=\"https:\/\/www.facebook.com\/lavocedelpaese.info\" \/>\n<meta property=\"article:published_time\" content=\"2025-08-31T06:14:48+00:00\" \/>\n<meta name=\"author\" content=\"admin\" \/>\n<meta name=\"twitter:card\" content=\"summary_large_image\" \/>\n<meta name=\"twitter:label1\" content=\"Scritto da\" \/>\n\t<meta name=\"twitter:data1\" content=\"admin\" \/>\n\t<meta name=\"twitter:label2\" content=\"Tempo di lettura stimato\" \/>\n\t<meta name=\"twitter:data2\" content=\"1 minuto\" \/>\n<script type=\"application\/ld+json\" class=\"yoast-schema-graph\">{\"@context\":\"https:\\\/\\\/schema.org\",\"@graph\":[{\"@type\":\"Article\",\"@id\":\"https:\\\/\\\/lavocedelpaese.info\\\/index.php\\\/2025\\\/08\\\/31\\\/olimpiopoli-2025-il-29-agosto-la-cerimonia-conclusiva-tra-sport-tradizione-e-ambiente\\\/#article\",\"isPartOf\":{\"@id\":\"https:\\\/\\\/lavocedelpaese.info\\\/index.php\\\/2025\\\/08\\\/31\\\/olimpiopoli-2025-il-29-agosto-la-cerimonia-conclusiva-tra-sport-tradizione-e-ambiente\\\/\"},\"author\":{\"name\":\"admin\",\"@id\":\"https:\\\/\\\/lavocedelpaese.info\\\/#\\\/schema\\\/person\\\/ec151d321306bd7591f7a061abf72d88\"},\"headline\":\"Olimpiopoli 2025, il 29 agosto la cerimonia conclusiva tra sport, tradizione e ambiente\u00a0\u200b\",\"datePublished\":\"2025-08-31T06:14:48+00:00\",\"mainEntityOfPage\":{\"@id\":\"https:\\\/\\\/lavocedelpaese.info\\\/index.php\\\/2025\\\/08\\\/31\\\/olimpiopoli-2025-il-29-agosto-la-cerimonia-conclusiva-tra-sport-tradizione-e-ambiente\\\/\"},\"wordCount\":286,\"commentCount\":0,\"publisher\":{\"@id\":\"https:\\\/\\\/lavocedelpaese.info\\\/#organization\"},\"image\":{\"@id\":\"https:\\\/\\\/lavocedelpaese.info\\\/index.php\\\/2025\\\/08\\\/31\\\/olimpiopoli-2025-il-29-agosto-la-cerimonia-conclusiva-tra-sport-tradizione-e-ambiente\\\/#primaryimage\"},\"thumbnailUrl\":\"https:\\\/\\\/lavocedelpaese.info\\\/wp-content\\\/uploads\\\/2025\\\/08\\\/540928558_1175866467907170_7272226841950167063_n-n5be7Z.jpg\",\"articleSection\":[\"network\"],\"inLanguage\":\"it-IT\",\"potentialAction\":[{\"@type\":\"CommentAction\",\"name\":\"Comment\",\"target\":[\"https:\\\/\\\/lavocedelpaese.info\\\/index.php\\\/2025\\\/08\\\/31\\\/olimpiopoli-2025-il-29-agosto-la-cerimonia-conclusiva-tra-sport-tradizione-e-ambiente\\\/#respond\"]}]},{\"@type\":\"WebPage\",\"@id\":\"https:\\\/\\\/lavocedelpaese.info\\\/index.php\\\/2025\\\/08\\\/31\\\/olimpiopoli-2025-il-29-agosto-la-cerimonia-conclusiva-tra-sport-tradizione-e-ambiente\\\/\",\"url\":\"https:\\\/\\\/lavocedelpaese.info\\\/index.php\\\/2025\\\/08\\\/31\\\/olimpiopoli-2025-il-29-agosto-la-cerimonia-conclusiva-tra-sport-tradizione-e-ambiente\\\/\",\"name\":\"Olimpiopoli 2025, il 29 agosto la cerimonia conclusiva tra sport, tradizione e ambiente\u00a0\u200b - La Voce del Paese\",\"isPartOf\":{\"@id\":\"https:\\\/\\\/lavocedelpaese.info\\\/#website\"},\"primaryImageOfPage\":{\"@id\":\"https:\\\/\\\/lavocedelpaese.info\\\/index.php\\\/2025\\\/08\\\/31\\\/olimpiopoli-2025-il-29-agosto-la-cerimonia-conclusiva-tra-sport-tradizione-e-ambiente\\\/#primaryimage\"},\"image\":{\"@id\":\"https:\\\/\\\/lavocedelpaese.info\\\/index.php\\\/2025\\\/08\\\/31\\\/olimpiopoli-2025-il-29-agosto-la-cerimonia-conclusiva-tra-sport-tradizione-e-ambiente\\\/#primaryimage\"},\"thumbnailUrl\":\"https:\\\/\\\/lavocedelpaese.info\\\/wp-content\\\/uploads\\\/2025\\\/08\\\/540928558_1175866467907170_7272226841950167063_n-n5be7Z.jpg\",\"datePublished\":\"2025-08-31T06:14:48+00:00\",\"breadcrumb\":{\"@id\":\"https:\\\/\\\/lavocedelpaese.info\\\/index.php\\\/2025\\\/08\\\/31\\\/olimpiopoli-2025-il-29-agosto-la-cerimonia-conclusiva-tra-sport-tradizione-e-ambiente\\\/#breadcrumb\"},\"inLanguage\":\"it-IT\",\"potentialAction\":[{\"@type\":\"ReadAction\",\"target\":[\"https:\\\/\\\/lavocedelpaese.info\\\/index.php\\\/2025\\\/08\\\/31\\\/olimpiopoli-2025-il-29-agosto-la-cerimonia-conclusiva-tra-sport-tradizione-e-ambiente\\\/\"]}]},{\"@type\":\"ImageObject\",\"inLanguage\":\"it-IT\",\"@id\":\"https:\\\/\\\/lavocedelpaese.info\\\/index.php\\\/2025\\\/08\\\/31\\\/olimpiopoli-2025-il-29-agosto-la-cerimonia-conclusiva-tra-sport-tradizione-e-ambiente\\\/#primaryimage\",\"url\":\"https:\\\/\\\/lavocedelpaese.info\\\/wp-content\\\/uploads\\\/2025\\\/08\\\/540928558_1175866467907170_7272226841950167063_n-n5be7Z.jpg\",\"contentUrl\":\"https:\\\/\\\/lavocedelpaese.info\\\/wp-content\\\/uploads\\\/2025\\\/08\\\/540928558_1175866467907170_7272226841950167063_n-n5be7Z.jpg\",\"width\":639,\"height\":800},{\"@type\":\"BreadcrumbList\",\"@id\":\"https:\\\/\\\/lavocedelpaese.info\\\/index.php\\\/2025\\\/08\\\/31\\\/olimpiopoli-2025-il-29-agosto-la-cerimonia-conclusiva-tra-sport-tradizione-e-ambiente\\\/#breadcrumb\",\"itemListElement\":[{\"@type\":\"ListItem\",\"position\":1,\"name\":\"Home\",\"item\":\"https:\\\/\\\/lavocedelpaese.info\\\/\"},{\"@type\":\"ListItem\",\"position\":2,\"name\":\"Olimpiopoli 2025, il 29 agosto la cerimonia conclusiva tra sport, tradizione e ambiente\u00a0\u200b\"}]},{\"@type\":\"WebSite\",\"@id\":\"https:\\\/\\\/lavocedelpaese.info\\\/#website\",\"url\":\"https:\\\/\\\/lavocedelpaese.info\\\/\",\"name\":\"La Voce del Paese\",\"description\":\"Un network di idee\",\"publisher\":{\"@id\":\"https:\\\/\\\/lavocedelpaese.info\\\/#organization\"},\"potentialAction\":[{\"@type\":\"SearchAction\",\"target\":{\"@type\":\"EntryPoint\",\"urlTemplate\":\"https:\\\/\\\/lavocedelpaese.info\\\/?s={search_term_string}\"},\"query-input\":{\"@type\":\"PropertyValueSpecification\",\"valueRequired\":true,\"valueName\":\"search_term_string\"}}],\"inLanguage\":\"it-IT\"},{\"@type\":\"Organization\",\"@id\":\"https:\\\/\\\/lavocedelpaese.info\\\/#organization\",\"name\":\"La Voce del Paese\",\"url\":\"https:\\\/\\\/lavocedelpaese.info\\\/\",\"logo\":{\"@type\":\"ImageObject\",\"inLanguage\":\"it-IT\",\"@id\":\"https:\\\/\\\/lavocedelpaese.info\\\/#\\\/schema\\\/logo\\\/image\\\/\",\"url\":\"https:\\\/\\\/lavocedelpaese.info\\\/wp-content\\\/uploads\\\/2023\\\/01\\\/cropped-logo-150-127.png\",\"contentUrl\":\"https:\\\/\\\/lavocedelpaese.info\\\/wp-content\\\/uploads\\\/2023\\\/01\\\/cropped-logo-150-127.png\",\"width\":137,\"height\":119,\"caption\":\"La Voce del Paese\"},\"image\":{\"@id\":\"https:\\\/\\\/lavocedelpaese.info\\\/#\\\/schema\\\/logo\\\/image\\\/\"},\"sameAs\":[\"https:\\\/\\\/www.facebook.com\\\/lavocedelpaese.info\"]},{\"@type\":\"Person\",\"@id\":\"https:\\\/\\\/lavocedelpaese.info\\\/#\\\/schema\\\/person\\\/ec151d321306bd7591f7a061abf72d88\",\"name\":\"admin\",\"image\":{\"@type\":\"ImageObject\",\"inLanguage\":\"it-IT\",\"@id\":\"https:\\\/\\\/secure.gravatar.com\\\/avatar\\\/af8f2caf0663124588de48a9380e07cbc95a74ef15b8062d0d39106c32fe3023?s=96&d=mm&r=g\",\"url\":\"https:\\\/\\\/secure.gravatar.com\\\/avatar\\\/af8f2caf0663124588de48a9380e07cbc95a74ef15b8062d0d39106c32fe3023?s=96&d=mm&r=g\",\"contentUrl\":\"https:\\\/\\\/secure.gravatar.com\\\/avatar\\\/af8f2caf0663124588de48a9380e07cbc95a74ef15b8062d0d39106c32fe3023?s=96&d=mm&r=g\",\"caption\":\"admin\"},\"sameAs\":[\"https:\\\/\\\/lavocedelpaese.info\"],\"url\":\"https:\\\/\\\/lavocedelpaese.info\\\/index.php\\\/author\\\/admin\\\/\"}]}<\/script>\n<!-- \/ Yoast SEO plugin. -->","yoast_head_json":{"title":"Olimpiopoli 2025, il 29 agosto la cerimonia conclusiva tra sport, tradizione e ambiente\u00a0\u200b - La Voce del Paese","robots":{"index":"index","follow":"follow","max-snippet":"max-snippet:-1","max-image-preview":"max-image-preview:large","max-video-preview":"max-video-preview:-1"},"canonical":"https:\/\/lavocedelpaese.info\/index.php\/2025\/08\/31\/olimpiopoli-2025-il-29-agosto-la-cerimonia-conclusiva-tra-sport-tradizione-e-ambiente\/","og_locale":"it_IT","og_type":"article","og_title":"Olimpiopoli 2025, il 29 agosto la cerimonia conclusiva tra sport, tradizione e ambiente\u00a0\u200b - La Voce del Paese","og_description":"\u00a0 \u200b\u00a0 \u200b\u00a0 Si concluder\u00e0 venerd\u00ec 29 agosto, dalle 18 allo stadio comunale \u201cG. Giammaria\u201d, la prima edizione di Olimpiopoli","og_url":"https:\/\/lavocedelpaese.info\/index.php\/2025\/08\/31\/olimpiopoli-2025-il-29-agosto-la-cerimonia-conclusiva-tra-sport-tradizione-e-ambiente\/","og_site_name":"La Voce del Paese","article_publisher":"https:\/\/www.facebook.com\/lavocedelpaese.info","article_published_time":"2025-08-31T06:14:48+00:00","author":"admin","twitter_card":"summary_large_image","twitter_misc":{"Scritto da":"admin","Tempo di lettura stimato":"1 minuto"},"schema":{"@context":"https:\/\/schema.org","@graph":[{"@type":"Article","@id":"https:\/\/lavocedelpaese.info\/index.php\/2025\/08\/31\/olimpiopoli-2025-il-29-agosto-la-cerimonia-conclusiva-tra-sport-tradizione-e-ambiente\/#article","isPartOf":{"@id":"https:\/\/lavocedelpaese.info\/index.php\/2025\/08\/31\/olimpiopoli-2025-il-29-agosto-la-cerimonia-conclusiva-tra-sport-tradizione-e-ambiente\/"},"author":{"name":"admin","@id":"https:\/\/lavocedelpaese.info\/#\/schema\/person\/ec151d321306bd7591f7a061abf72d88"},"headline":"Olimpiopoli 2025, il 29 agosto la cerimonia conclusiva tra sport, tradizione e ambiente\u00a0\u200b","datePublished":"2025-08-31T06:14:48+00:00","mainEntityOfPage":{"@id":"https:\/\/lavocedelpaese.info\/index.php\/2025\/08\/31\/olimpiopoli-2025-il-29-agosto-la-cerimonia-conclusiva-tra-sport-tradizione-e-ambiente\/"},"wordCount":286,"commentCount":0,"publisher":{"@id":"https:\/\/lavocedelpaese.info\/#organization"},"image":{"@id":"https:\/\/lavocedelpaese.info\/index.php\/2025\/08\/31\/olimpiopoli-2025-il-29-agosto-la-cerimonia-conclusiva-tra-sport-tradizione-e-ambiente\/#primaryimage"},"thumbnailUrl":"https:\/\/lavocedelpaese.info\/wp-content\/uploads\/2025\/08\/540928558_1175866467907170_7272226841950167063_n-n5be7Z.jpg","articleSection":["network"],"inLanguage":"it-IT","potentialAction":[{"@type":"CommentAction","name":"Comment","target":["https:\/\/lavocedelpaese.info\/index.php\/2025\/08\/31\/olimpiopoli-2025-il-29-agosto-la-cerimonia-conclusiva-tra-sport-tradizione-e-ambiente\/#respond"]}]},{"@type":"WebPage","@id":"https:\/\/lavocedelpaese.info\/index.php\/2025\/08\/31\/olimpiopoli-2025-il-29-agosto-la-cerimonia-conclusiva-tra-sport-tradizione-e-ambiente\/","url":"https:\/\/lavocedelpaese.info\/index.php\/2025\/08\/31\/olimpiopoli-2025-il-29-agosto-la-cerimonia-conclusiva-tra-sport-tradizione-e-ambiente\/","name":"Olimpiopoli 2025, il 29 agosto la cerimonia conclusiva tra sport, tradizione e ambiente\u00a0\u200b - La Voce del Paese","isPartOf":{"@id":"https:\/\/lavocedelpaese.info\/#website"},"primaryImageOfPage":{"@id":"https:\/\/lavocedelpaese.info\/index.php\/2025\/08\/31\/olimpiopoli-2025-il-29-agosto-la-cerimonia-conclusiva-tra-sport-tradizione-e-ambiente\/#primaryimage"},"image":{"@id":"https:\/\/lavocedelpaese.info\/index.php\/2025\/08\/31\/olimpiopoli-2025-il-29-agosto-la-cerimonia-conclusiva-tra-sport-tradizione-e-ambiente\/#primaryimage"},"thumbnailUrl":"https:\/\/lavocedelpaese.info\/wp-content\/uploads\/2025\/08\/540928558_1175866467907170_7272226841950167063_n-n5be7Z.jpg","datePublished":"2025-08-31T06:14:48+00:00","breadcrumb":{"@id":"https:\/\/lavocedelpaese.info\/index.php\/2025\/08\/31\/olimpiopoli-2025-il-29-agosto-la-cerimonia-conclusiva-tra-sport-tradizione-e-ambiente\/#breadcrumb"},"inLanguage":"it-IT","potentialAction":[{"@type":"ReadAction","target":["https:\/\/lavocedelpaese.info\/index.php\/2025\/08\/31\/olimpiopoli-2025-il-29-agosto-la-cerimonia-conclusiva-tra-sport-tradizione-e-ambiente\/"]}]},{"@type":"ImageObject","inLanguage":"it-IT","@id":"https:\/\/lavocedelpaese.info\/index.php\/2025\/08\/31\/olimpiopoli-2025-il-29-agosto-la-cerimonia-conclusiva-tra-sport-tradizione-e-ambiente\/#primaryimage","url":"https:\/\/lavocedelpaese.info\/wp-content\/uploads\/2025\/08\/540928558_1175866467907170_7272226841950167063_n-n5be7Z.jpg","contentUrl":"https:\/\/lavocedelpaese.info\/wp-content\/uploads\/2025\/08\/540928558_1175866467907170_7272226841950167063_n-n5be7Z.jpg","width":639,"height":800},{"@type":"BreadcrumbList","@id":"https:\/\/lavocedelpaese.info\/index.php\/2025\/08\/31\/olimpiopoli-2025-il-29-agosto-la-cerimonia-conclusiva-tra-sport-tradizione-e-ambiente\/#breadcrumb","itemListElement":[{"@type":"ListItem","position":1,"name":"Home","item":"https:\/\/lavocedelpaese.info\/"},{"@type":"ListItem","position":2,"name":"Olimpiopoli 2025, il 29 agosto la cerimonia conclusiva tra sport, tradizione e ambiente\u00a0\u200b"}]},{"@type":"WebSite","@id":"https:\/\/lavocedelpaese.info\/#website","url":"https:\/\/lavocedelpaese.info\/","name":"La Voce del Paese","description":"Un network di idee","publisher":{"@id":"https:\/\/lavocedelpaese.info\/#organization"},"potentialAction":[{"@type":"SearchAction","target":{"@type":"EntryPoint","urlTemplate":"https:\/\/lavocedelpaese.info\/?s={search_term_string}"},"query-input":{"@type":"PropertyValueSpecification","valueRequired":true,"valueName":"search_term_string"}}],"inLanguage":"it-IT"},{"@type":"Organization","@id":"https:\/\/lavocedelpaese.info\/#organization","name":"La Voce del Paese","url":"https:\/\/lavocedelpaese.info\/","logo":{"@type":"ImageObject","inLanguage":"it-IT","@id":"https:\/\/lavocedelpaese.info\/#\/schema\/logo\/image\/","url":"https:\/\/lavocedelpaese.info\/wp-content\/uploads\/2023\/01\/cropped-logo-150-127.png","contentUrl":"https:\/\/lavocedelpaese.info\/wp-content\/uploads\/2023\/01\/cropped-logo-150-127.png","width":137,"height":119,"caption":"La Voce del Paese"},"image":{"@id":"https:\/\/lavocedelpaese.info\/#\/schema\/logo\/image\/"},"sameAs":["https:\/\/www.facebook.com\/lavocedelpaese.info"]},{"@type":"Person","@id":"https:\/\/lavocedelpaese.info\/#\/schema\/person\/ec151d321306bd7591f7a061abf72d88","name":"admin","image":{"@type":"ImageObject","inLanguage":"it-IT","@id":"https:\/\/secure.gravatar.com\/avatar\/af8f2caf0663124588de48a9380e07cbc95a74ef15b8062d0d39106c32fe3023?s=96&d=mm&r=g","url":"https:\/\/secure.gravatar.com\/avatar\/af8f2caf0663124588de48a9380e07cbc95a74ef15b8062d0d39106c32fe3023?s=96&d=mm&r=g","contentUrl":"https:\/\/secure.gravatar.com\/avatar\/af8f2caf0663124588de48a9380e07cbc95a74ef15b8062d0d39106c32fe3023?s=96&d=mm&r=g","caption":"admin"},"sameAs":["https:\/\/lavocedelpaese.info"],"url":"https:\/\/lavocedelpaese.info\/index.php\/author\/admin\/"}]}},"_links":{"self":[{"href":"https:\/\/lavocedelpaese.info\/index.php\/wp-json\/wp\/v2\/posts\/9845","targetHints":{"allow":["GET"]}}],"collection":[{"href":"https:\/\/lavocedelpaese.info\/index.php\/wp-json\/wp\/v2\/posts"}],"about":[{"href":"https:\/\/lavocedelpaese.info\/index.php\/wp-json\/wp\/v2\/types\/post"}],"author":[{"embeddable":true,"href":"https:\/\/lavocedelpaese.info\/index.php\/wp-json\/wp\/v2\/users\/6"}],"replies":[{"embeddable":true,"href":"https:\/\/lavocedelpaese.info\/index.php\/wp-json\/wp\/v2\/comments?post=9845"}],"version-history":[{"count":0,"href":"https:\/\/lavocedelpaese.info\/index.php\/wp-json\/wp\/v2\/posts\/9845\/revisions"}],"wp:featuredmedia":[{"embeddable":true,"href":"https:\/\/lavocedelpaese.info\/index.php\/wp-json\/wp\/v2\/media\/9846"}],"wp:attachment":[{"href":"https:\/\/lavocedelpaese.info\/index.php\/wp-json\/wp\/v2\/media?parent=9845"}],"wp:term":[{"taxonomy":"category","embeddable":true,"href":"https:\/\/lavocedelpaese.info\/index.php\/wp-json\/wp\/v2\/categories?post=9845"},{"taxonomy":"post_tag","embeddable":true,"href":"https:\/\/lavocedelpaese.info\/index.php\/wp-json\/wp\/v2\/tags?post=9845"}],"curies":[{"name":"wp","href":"https:\/\/api.w.org\/{rel}","templated":true}]}}