{"id":9823,"date":"2025-08-25T07:14:00","date_gmt":"2025-08-25T07:14:00","guid":{"rendered":"https:\/\/lavocedelpaese.info\/index.php\/2025\/08\/25\/insulti-razzisti-a-samy-ora-sta-bene-ma-le-domande-restano\/"},"modified":"2025-08-25T07:14:00","modified_gmt":"2025-08-25T07:14:00","slug":"insulti-razzisti-a-samy-ora-sta-bene-ma-le-domande-restano","status":"publish","type":"post","link":"https:\/\/lavocedelpaese.info\/index.php\/2025\/08\/25\/insulti-razzisti-a-samy-ora-sta-bene-ma-le-domande-restano\/","title":{"rendered":"Insulti razzisti a Samy: ora sta bene ma le domande restano\u00a0\u200b"},"content":{"rendered":"<p>\u00a0<\/p>\n<p>\u200b\u00a0<\/p>\n<p>\u200b\u00a0<\/p>\n<p>Gioia del Colle \u2013 Sputi, spintoni. Ma soprattutto quelle frasi razziste che scavano l\u2019anima di un ragazzino italo-africano di appena 12 anni: \u201cpuzzi come la merda\u201d. E\u2019 accaduto a Gioia del Colle l\u2019altro pomeriggio, cos\u00ec come denunciato sulla sua pagina Fb dalla madre Roberta Blasi, Assistente sociale presso il Comune di Cassano delle Murge.<\/p>\n<p>\u201cMi rivolgo soprattutto ai miei compaesani, perch\u00e9 mi vergogno tantissimo di quanto \u00e8 successo a mio figlio Samuele, che ha solo il difetto di essere italo-africano \u2013 ha scritto la Blasi in un post \u2013 Oggi mio figlio \u00e8 tornato a casa con sputi sul corpo e con la bici completamente sporca di sputi. Gli \u00e8 stato detto testualmente: \u201cpuzzi come la merda\u201d ed altre cose del genere (\u00e8 riuscito a dirmi qualcosina tra i singhiozzi). Ha vomitato per l\u2019agitazione\u2026ecco io vivo qui da 17 anni ed ho deciso di rimanere qui per garantire ai miei figli un\u2019infanzia serena. Gioia rappresenta per me una comunit\u00e0 solidale e a cui soprattutto Samuele si sente appartenere\u201d.<\/p>\n<p>La determinazione della famiglia di Samuele \u00e8 pari alla voglia di giustizia perch\u00e9 quello che \u00e8 accaduto a Samuele non possa accadere mai pi\u00f9. \u201cPurtroppo \u2013 spiega la Blasi a \u201cL\u2019Edicola\u201d \u2013 sto ricevendo in queste ore tante testimonianze da parte di mamme e pap\u00e0 che dimostrano e mi fanno capire che non si tratta di un caso isolato ma di una serie di episodi che hanno riguardato diversi minori\u201d.\u00a0 \u201cChiaramente io ed il pap\u00e0 di Samuele adiremo alle vie legali per quanto successo, perch\u00e9 crediamo fermamente nelle istituzioni\u2026e crediamo anche in tutta la gente che ha sempre facilitato i percorsi di integrazione, qualsiasi essi siano\u201d, conclude la mamma del ragazzino.<\/p>\n<p>Samuele, nonostante il clamore mediatico, adesso sta bene ed \u00e8 grato a tutti coloro che gli hanno fatto sentire la sua vicinanza: dal Sindaco di Gioia Giovanni Mastrangelo ad alcuni amministratori di Cassano tra cui l\u2019Assessore alle politiche sociali Enza battista e la Consigliera comunale e metropolitana Raffaella Casamassima alle tantissime persone che sui social non gli hanno fatto mancare il loro sostegno e la condanna per un episodio vile ma che non pu\u00f2 non interrogarci; di chi sono figli i ragazzini che lo hanno insultato? Di quali valori (o disvalori) si nutrono? Chi insegna loro \u00a0qul che \u00e8 giusto o sbagliato?<\/p>\n\n<p><em>Foto di archivio<\/em><\/p>\n<p><a class=\"a2a_button_facebook\" href=\"https:\/\/www.addtoany.com\/add_to\/facebook?linkurl=https%3A%2F%2Fcassano.lavocedelpaese.info%2Finsulti-razzisti-a-samy-ora-sta-bene-ma-le-domande-restano%2F&amp;linkname=Insulti%20razzisti%20a%20Samy%3A%20ora%20sta%20bene%20ma%20le%20domande%20restano\" title=\"Facebook\" rel=\"nofollow noopener\" target=\"_blank\"><\/a><a class=\"a2a_button_twitter\" href=\"https:\/\/www.addtoany.com\/add_to\/twitter?linkurl=https%3A%2F%2Fcassano.lavocedelpaese.info%2Finsulti-razzisti-a-samy-ora-sta-bene-ma-le-domande-restano%2F&amp;linkname=Insulti%20razzisti%20a%20Samy%3A%20ora%20sta%20bene%20ma%20le%20domande%20restano\" title=\"Twitter\" rel=\"nofollow noopener\" target=\"_blank\"><\/a><a class=\"a2a_button_whatsapp\" href=\"https:\/\/www.addtoany.com\/add_to\/whatsapp?linkurl=https%3A%2F%2Fcassano.lavocedelpaese.info%2Finsulti-razzisti-a-samy-ora-sta-bene-ma-le-domande-restano%2F&amp;linkname=Insulti%20razzisti%20a%20Samy%3A%20ora%20sta%20bene%20ma%20le%20domande%20restano\" title=\"WhatsApp\" rel=\"nofollow noopener\" target=\"_blank\"><\/a><a class=\"a2a_button_telegram\" href=\"https:\/\/www.addtoany.com\/add_to\/telegram?linkurl=https%3A%2F%2Fcassano.lavocedelpaese.info%2Finsulti-razzisti-a-samy-ora-sta-bene-ma-le-domande-restano%2F&amp;linkname=Insulti%20razzisti%20a%20Samy%3A%20ora%20sta%20bene%20ma%20le%20domande%20restano\" title=\"Telegram\" rel=\"nofollow noopener\" target=\"_blank\"><\/a><a class=\"a2a_button_email\" href=\"https:\/\/www.addtoany.com\/add_to\/email?linkurl=https%3A%2F%2Fcassano.lavocedelpaese.info%2Finsulti-razzisti-a-samy-ora-sta-bene-ma-le-domande-restano%2F&amp;linkname=Insulti%20razzisti%20a%20Samy%3A%20ora%20sta%20bene%20ma%20le%20domande%20restano\" title=\"Email\" rel=\"nofollow noopener\" target=\"_blank\"><\/a><\/p>\n<p>\u00a0<\/p>\n<p>\u00a0<\/p>\n<p>\u200b\u00a0\u00a0\u00a0<\/p>","protected":false},"excerpt":{"rendered":"<p>\u00a0 \u200b\u00a0 \u200b\u00a0 Gioia del Colle \u2013 Sputi, spintoni. Ma soprattutto quelle frasi razziste che scavano l\u2019anima di un ragazzino<\/p>\n","protected":false},"author":6,"featured_media":730,"comment_status":"open","ping_status":"closed","sticky":false,"template":"","format":"standard","meta":{"colormag_page_container_layout":"default_layout","colormag_page_sidebar_layout":"default_layout","footnotes":""},"categories":[33],"tags":[],"class_list":["post-9823","post","type-post","status-publish","format-standard","has-post-thumbnail","hentry","category-network"],"yoast_head":"<!-- This site is optimized with the Yoast SEO plugin v27.5 - https:\/\/yoast.com\/product\/yoast-seo-wordpress\/ -->\n<title>Insulti razzisti a Samy: ora sta bene ma le domande restano\u00a0\u200b - La Voce del Paese<\/title>\n<meta name=\"robots\" content=\"index, follow, max-snippet:-1, max-image-preview:large, max-video-preview:-1\" \/>\n<link rel=\"canonical\" href=\"https:\/\/lavocedelpaese.info\/index.php\/2025\/08\/25\/insulti-razzisti-a-samy-ora-sta-bene-ma-le-domande-restano\/\" \/>\n<meta property=\"og:locale\" content=\"it_IT\" \/>\n<meta property=\"og:type\" content=\"article\" \/>\n<meta property=\"og:title\" content=\"Insulti razzisti a Samy: ora sta bene ma le domande restano\u00a0\u200b - La Voce del Paese\" \/>\n<meta property=\"og:description\" content=\"\u00a0 \u200b\u00a0 \u200b\u00a0 Gioia del Colle \u2013 Sputi, spintoni. Ma soprattutto quelle frasi razziste che scavano l\u2019anima di un ragazzino\" \/>\n<meta property=\"og:url\" content=\"https:\/\/lavocedelpaese.info\/index.php\/2025\/08\/25\/insulti-razzisti-a-samy-ora-sta-bene-ma-le-domande-restano\/\" \/>\n<meta property=\"og:site_name\" content=\"La Voce del Paese\" \/>\n<meta property=\"article:publisher\" content=\"https:\/\/www.facebook.com\/lavocedelpaese.info\" \/>\n<meta property=\"article:published_time\" content=\"2025-08-25T07:14:00+00:00\" \/>\n<meta name=\"author\" content=\"admin\" \/>\n<meta name=\"twitter:card\" content=\"summary_large_image\" \/>\n<meta name=\"twitter:label1\" content=\"Scritto da\" \/>\n\t<meta name=\"twitter:data1\" content=\"admin\" \/>\n\t<meta name=\"twitter:label2\" content=\"Tempo di lettura stimato\" \/>\n\t<meta name=\"twitter:data2\" content=\"2 minuti\" \/>\n<script type=\"application\/ld+json\" class=\"yoast-schema-graph\">{\"@context\":\"https:\\\/\\\/schema.org\",\"@graph\":[{\"@type\":\"Article\",\"@id\":\"https:\\\/\\\/lavocedelpaese.info\\\/index.php\\\/2025\\\/08\\\/25\\\/insulti-razzisti-a-samy-ora-sta-bene-ma-le-domande-restano\\\/#article\",\"isPartOf\":{\"@id\":\"https:\\\/\\\/lavocedelpaese.info\\\/index.php\\\/2025\\\/08\\\/25\\\/insulti-razzisti-a-samy-ora-sta-bene-ma-le-domande-restano\\\/\"},\"author\":{\"name\":\"admin\",\"@id\":\"https:\\\/\\\/lavocedelpaese.info\\\/#\\\/schema\\\/person\\\/ec151d321306bd7591f7a061abf72d88\"},\"headline\":\"Insulti razzisti a Samy: ora sta bene ma le domande restano\u00a0\u200b\",\"datePublished\":\"2025-08-25T07:14:00+00:00\",\"mainEntityOfPage\":{\"@id\":\"https:\\\/\\\/lavocedelpaese.info\\\/index.php\\\/2025\\\/08\\\/25\\\/insulti-razzisti-a-samy-ora-sta-bene-ma-le-domande-restano\\\/\"},\"wordCount\":388,\"commentCount\":0,\"publisher\":{\"@id\":\"https:\\\/\\\/lavocedelpaese.info\\\/#organization\"},\"image\":{\"@id\":\"https:\\\/\\\/lavocedelpaese.info\\\/index.php\\\/2025\\\/08\\\/25\\\/insulti-razzisti-a-samy-ora-sta-bene-ma-le-domande-restano\\\/#primaryimage\"},\"thumbnailUrl\":\"https:\\\/\\\/lavocedelpaese.info\\\/wp-content\\\/uploads\\\/2023\\\/01\\\/logo-150-127.png\",\"articleSection\":[\"network\"],\"inLanguage\":\"it-IT\",\"potentialAction\":[{\"@type\":\"CommentAction\",\"name\":\"Comment\",\"target\":[\"https:\\\/\\\/lavocedelpaese.info\\\/index.php\\\/2025\\\/08\\\/25\\\/insulti-razzisti-a-samy-ora-sta-bene-ma-le-domande-restano\\\/#respond\"]}]},{\"@type\":\"WebPage\",\"@id\":\"https:\\\/\\\/lavocedelpaese.info\\\/index.php\\\/2025\\\/08\\\/25\\\/insulti-razzisti-a-samy-ora-sta-bene-ma-le-domande-restano\\\/\",\"url\":\"https:\\\/\\\/lavocedelpaese.info\\\/index.php\\\/2025\\\/08\\\/25\\\/insulti-razzisti-a-samy-ora-sta-bene-ma-le-domande-restano\\\/\",\"name\":\"Insulti razzisti a Samy: ora sta bene ma le domande restano\u00a0\u200b - La Voce del Paese\",\"isPartOf\":{\"@id\":\"https:\\\/\\\/lavocedelpaese.info\\\/#website\"},\"primaryImageOfPage\":{\"@id\":\"https:\\\/\\\/lavocedelpaese.info\\\/index.php\\\/2025\\\/08\\\/25\\\/insulti-razzisti-a-samy-ora-sta-bene-ma-le-domande-restano\\\/#primaryimage\"},\"image\":{\"@id\":\"https:\\\/\\\/lavocedelpaese.info\\\/index.php\\\/2025\\\/08\\\/25\\\/insulti-razzisti-a-samy-ora-sta-bene-ma-le-domande-restano\\\/#primaryimage\"},\"thumbnailUrl\":\"https:\\\/\\\/lavocedelpaese.info\\\/wp-content\\\/uploads\\\/2023\\\/01\\\/logo-150-127.png\",\"datePublished\":\"2025-08-25T07:14:00+00:00\",\"breadcrumb\":{\"@id\":\"https:\\\/\\\/lavocedelpaese.info\\\/index.php\\\/2025\\\/08\\\/25\\\/insulti-razzisti-a-samy-ora-sta-bene-ma-le-domande-restano\\\/#breadcrumb\"},\"inLanguage\":\"it-IT\",\"potentialAction\":[{\"@type\":\"ReadAction\",\"target\":[\"https:\\\/\\\/lavocedelpaese.info\\\/index.php\\\/2025\\\/08\\\/25\\\/insulti-razzisti-a-samy-ora-sta-bene-ma-le-domande-restano\\\/\"]}]},{\"@type\":\"ImageObject\",\"inLanguage\":\"it-IT\",\"@id\":\"https:\\\/\\\/lavocedelpaese.info\\\/index.php\\\/2025\\\/08\\\/25\\\/insulti-razzisti-a-samy-ora-sta-bene-ma-le-domande-restano\\\/#primaryimage\",\"url\":\"https:\\\/\\\/lavocedelpaese.info\\\/wp-content\\\/uploads\\\/2023\\\/01\\\/logo-150-127.png\",\"contentUrl\":\"https:\\\/\\\/lavocedelpaese.info\\\/wp-content\\\/uploads\\\/2023\\\/01\\\/logo-150-127.png\",\"width\":150,\"height\":127},{\"@type\":\"BreadcrumbList\",\"@id\":\"https:\\\/\\\/lavocedelpaese.info\\\/index.php\\\/2025\\\/08\\\/25\\\/insulti-razzisti-a-samy-ora-sta-bene-ma-le-domande-restano\\\/#breadcrumb\",\"itemListElement\":[{\"@type\":\"ListItem\",\"position\":1,\"name\":\"Home\",\"item\":\"https:\\\/\\\/lavocedelpaese.info\\\/\"},{\"@type\":\"ListItem\",\"position\":2,\"name\":\"Insulti razzisti a Samy: ora sta bene ma le domande restano\u00a0\u200b\"}]},{\"@type\":\"WebSite\",\"@id\":\"https:\\\/\\\/lavocedelpaese.info\\\/#website\",\"url\":\"https:\\\/\\\/lavocedelpaese.info\\\/\",\"name\":\"La Voce del Paese\",\"description\":\"Un network di idee\",\"publisher\":{\"@id\":\"https:\\\/\\\/lavocedelpaese.info\\\/#organization\"},\"potentialAction\":[{\"@type\":\"SearchAction\",\"target\":{\"@type\":\"EntryPoint\",\"urlTemplate\":\"https:\\\/\\\/lavocedelpaese.info\\\/?s={search_term_string}\"},\"query-input\":{\"@type\":\"PropertyValueSpecification\",\"valueRequired\":true,\"valueName\":\"search_term_string\"}}],\"inLanguage\":\"it-IT\"},{\"@type\":\"Organization\",\"@id\":\"https:\\\/\\\/lavocedelpaese.info\\\/#organization\",\"name\":\"La Voce del Paese\",\"url\":\"https:\\\/\\\/lavocedelpaese.info\\\/\",\"logo\":{\"@type\":\"ImageObject\",\"inLanguage\":\"it-IT\",\"@id\":\"https:\\\/\\\/lavocedelpaese.info\\\/#\\\/schema\\\/logo\\\/image\\\/\",\"url\":\"https:\\\/\\\/lavocedelpaese.info\\\/wp-content\\\/uploads\\\/2023\\\/01\\\/cropped-logo-150-127.png\",\"contentUrl\":\"https:\\\/\\\/lavocedelpaese.info\\\/wp-content\\\/uploads\\\/2023\\\/01\\\/cropped-logo-150-127.png\",\"width\":137,\"height\":119,\"caption\":\"La Voce del Paese\"},\"image\":{\"@id\":\"https:\\\/\\\/lavocedelpaese.info\\\/#\\\/schema\\\/logo\\\/image\\\/\"},\"sameAs\":[\"https:\\\/\\\/www.facebook.com\\\/lavocedelpaese.info\"]},{\"@type\":\"Person\",\"@id\":\"https:\\\/\\\/lavocedelpaese.info\\\/#\\\/schema\\\/person\\\/ec151d321306bd7591f7a061abf72d88\",\"name\":\"admin\",\"image\":{\"@type\":\"ImageObject\",\"inLanguage\":\"it-IT\",\"@id\":\"https:\\\/\\\/secure.gravatar.com\\\/avatar\\\/af8f2caf0663124588de48a9380e07cbc95a74ef15b8062d0d39106c32fe3023?s=96&d=mm&r=g\",\"url\":\"https:\\\/\\\/secure.gravatar.com\\\/avatar\\\/af8f2caf0663124588de48a9380e07cbc95a74ef15b8062d0d39106c32fe3023?s=96&d=mm&r=g\",\"contentUrl\":\"https:\\\/\\\/secure.gravatar.com\\\/avatar\\\/af8f2caf0663124588de48a9380e07cbc95a74ef15b8062d0d39106c32fe3023?s=96&d=mm&r=g\",\"caption\":\"admin\"},\"sameAs\":[\"https:\\\/\\\/lavocedelpaese.info\"],\"url\":\"https:\\\/\\\/lavocedelpaese.info\\\/index.php\\\/author\\\/admin\\\/\"}]}<\/script>\n<!-- \/ Yoast SEO plugin. -->","yoast_head_json":{"title":"Insulti razzisti a Samy: ora sta bene ma le domande restano\u00a0\u200b - La Voce del Paese","robots":{"index":"index","follow":"follow","max-snippet":"max-snippet:-1","max-image-preview":"max-image-preview:large","max-video-preview":"max-video-preview:-1"},"canonical":"https:\/\/lavocedelpaese.info\/index.php\/2025\/08\/25\/insulti-razzisti-a-samy-ora-sta-bene-ma-le-domande-restano\/","og_locale":"it_IT","og_type":"article","og_title":"Insulti razzisti a Samy: ora sta bene ma le domande restano\u00a0\u200b - La Voce del Paese","og_description":"\u00a0 \u200b\u00a0 \u200b\u00a0 Gioia del Colle \u2013 Sputi, spintoni. Ma soprattutto quelle frasi razziste che scavano l\u2019anima di un ragazzino","og_url":"https:\/\/lavocedelpaese.info\/index.php\/2025\/08\/25\/insulti-razzisti-a-samy-ora-sta-bene-ma-le-domande-restano\/","og_site_name":"La Voce del Paese","article_publisher":"https:\/\/www.facebook.com\/lavocedelpaese.info","article_published_time":"2025-08-25T07:14:00+00:00","author":"admin","twitter_card":"summary_large_image","twitter_misc":{"Scritto da":"admin","Tempo di lettura stimato":"2 minuti"},"schema":{"@context":"https:\/\/schema.org","@graph":[{"@type":"Article","@id":"https:\/\/lavocedelpaese.info\/index.php\/2025\/08\/25\/insulti-razzisti-a-samy-ora-sta-bene-ma-le-domande-restano\/#article","isPartOf":{"@id":"https:\/\/lavocedelpaese.info\/index.php\/2025\/08\/25\/insulti-razzisti-a-samy-ora-sta-bene-ma-le-domande-restano\/"},"author":{"name":"admin","@id":"https:\/\/lavocedelpaese.info\/#\/schema\/person\/ec151d321306bd7591f7a061abf72d88"},"headline":"Insulti razzisti a Samy: ora sta bene ma le domande restano\u00a0\u200b","datePublished":"2025-08-25T07:14:00+00:00","mainEntityOfPage":{"@id":"https:\/\/lavocedelpaese.info\/index.php\/2025\/08\/25\/insulti-razzisti-a-samy-ora-sta-bene-ma-le-domande-restano\/"},"wordCount":388,"commentCount":0,"publisher":{"@id":"https:\/\/lavocedelpaese.info\/#organization"},"image":{"@id":"https:\/\/lavocedelpaese.info\/index.php\/2025\/08\/25\/insulti-razzisti-a-samy-ora-sta-bene-ma-le-domande-restano\/#primaryimage"},"thumbnailUrl":"https:\/\/lavocedelpaese.info\/wp-content\/uploads\/2023\/01\/logo-150-127.png","articleSection":["network"],"inLanguage":"it-IT","potentialAction":[{"@type":"CommentAction","name":"Comment","target":["https:\/\/lavocedelpaese.info\/index.php\/2025\/08\/25\/insulti-razzisti-a-samy-ora-sta-bene-ma-le-domande-restano\/#respond"]}]},{"@type":"WebPage","@id":"https:\/\/lavocedelpaese.info\/index.php\/2025\/08\/25\/insulti-razzisti-a-samy-ora-sta-bene-ma-le-domande-restano\/","url":"https:\/\/lavocedelpaese.info\/index.php\/2025\/08\/25\/insulti-razzisti-a-samy-ora-sta-bene-ma-le-domande-restano\/","name":"Insulti razzisti a Samy: ora sta bene ma le domande restano\u00a0\u200b - La Voce del Paese","isPartOf":{"@id":"https:\/\/lavocedelpaese.info\/#website"},"primaryImageOfPage":{"@id":"https:\/\/lavocedelpaese.info\/index.php\/2025\/08\/25\/insulti-razzisti-a-samy-ora-sta-bene-ma-le-domande-restano\/#primaryimage"},"image":{"@id":"https:\/\/lavocedelpaese.info\/index.php\/2025\/08\/25\/insulti-razzisti-a-samy-ora-sta-bene-ma-le-domande-restano\/#primaryimage"},"thumbnailUrl":"https:\/\/lavocedelpaese.info\/wp-content\/uploads\/2023\/01\/logo-150-127.png","datePublished":"2025-08-25T07:14:00+00:00","breadcrumb":{"@id":"https:\/\/lavocedelpaese.info\/index.php\/2025\/08\/25\/insulti-razzisti-a-samy-ora-sta-bene-ma-le-domande-restano\/#breadcrumb"},"inLanguage":"it-IT","potentialAction":[{"@type":"ReadAction","target":["https:\/\/lavocedelpaese.info\/index.php\/2025\/08\/25\/insulti-razzisti-a-samy-ora-sta-bene-ma-le-domande-restano\/"]}]},{"@type":"ImageObject","inLanguage":"it-IT","@id":"https:\/\/lavocedelpaese.info\/index.php\/2025\/08\/25\/insulti-razzisti-a-samy-ora-sta-bene-ma-le-domande-restano\/#primaryimage","url":"https:\/\/lavocedelpaese.info\/wp-content\/uploads\/2023\/01\/logo-150-127.png","contentUrl":"https:\/\/lavocedelpaese.info\/wp-content\/uploads\/2023\/01\/logo-150-127.png","width":150,"height":127},{"@type":"BreadcrumbList","@id":"https:\/\/lavocedelpaese.info\/index.php\/2025\/08\/25\/insulti-razzisti-a-samy-ora-sta-bene-ma-le-domande-restano\/#breadcrumb","itemListElement":[{"@type":"ListItem","position":1,"name":"Home","item":"https:\/\/lavocedelpaese.info\/"},{"@type":"ListItem","position":2,"name":"Insulti razzisti a Samy: ora sta bene ma le domande restano\u00a0\u200b"}]},{"@type":"WebSite","@id":"https:\/\/lavocedelpaese.info\/#website","url":"https:\/\/lavocedelpaese.info\/","name":"La Voce del Paese","description":"Un network di idee","publisher":{"@id":"https:\/\/lavocedelpaese.info\/#organization"},"potentialAction":[{"@type":"SearchAction","target":{"@type":"EntryPoint","urlTemplate":"https:\/\/lavocedelpaese.info\/?s={search_term_string}"},"query-input":{"@type":"PropertyValueSpecification","valueRequired":true,"valueName":"search_term_string"}}],"inLanguage":"it-IT"},{"@type":"Organization","@id":"https:\/\/lavocedelpaese.info\/#organization","name":"La Voce del Paese","url":"https:\/\/lavocedelpaese.info\/","logo":{"@type":"ImageObject","inLanguage":"it-IT","@id":"https:\/\/lavocedelpaese.info\/#\/schema\/logo\/image\/","url":"https:\/\/lavocedelpaese.info\/wp-content\/uploads\/2023\/01\/cropped-logo-150-127.png","contentUrl":"https:\/\/lavocedelpaese.info\/wp-content\/uploads\/2023\/01\/cropped-logo-150-127.png","width":137,"height":119,"caption":"La Voce del Paese"},"image":{"@id":"https:\/\/lavocedelpaese.info\/#\/schema\/logo\/image\/"},"sameAs":["https:\/\/www.facebook.com\/lavocedelpaese.info"]},{"@type":"Person","@id":"https:\/\/lavocedelpaese.info\/#\/schema\/person\/ec151d321306bd7591f7a061abf72d88","name":"admin","image":{"@type":"ImageObject","inLanguage":"it-IT","@id":"https:\/\/secure.gravatar.com\/avatar\/af8f2caf0663124588de48a9380e07cbc95a74ef15b8062d0d39106c32fe3023?s=96&d=mm&r=g","url":"https:\/\/secure.gravatar.com\/avatar\/af8f2caf0663124588de48a9380e07cbc95a74ef15b8062d0d39106c32fe3023?s=96&d=mm&r=g","contentUrl":"https:\/\/secure.gravatar.com\/avatar\/af8f2caf0663124588de48a9380e07cbc95a74ef15b8062d0d39106c32fe3023?s=96&d=mm&r=g","caption":"admin"},"sameAs":["https:\/\/lavocedelpaese.info"],"url":"https:\/\/lavocedelpaese.info\/index.php\/author\/admin\/"}]}},"_links":{"self":[{"href":"https:\/\/lavocedelpaese.info\/index.php\/wp-json\/wp\/v2\/posts\/9823","targetHints":{"allow":["GET"]}}],"collection":[{"href":"https:\/\/lavocedelpaese.info\/index.php\/wp-json\/wp\/v2\/posts"}],"about":[{"href":"https:\/\/lavocedelpaese.info\/index.php\/wp-json\/wp\/v2\/types\/post"}],"author":[{"embeddable":true,"href":"https:\/\/lavocedelpaese.info\/index.php\/wp-json\/wp\/v2\/users\/6"}],"replies":[{"embeddable":true,"href":"https:\/\/lavocedelpaese.info\/index.php\/wp-json\/wp\/v2\/comments?post=9823"}],"version-history":[{"count":0,"href":"https:\/\/lavocedelpaese.info\/index.php\/wp-json\/wp\/v2\/posts\/9823\/revisions"}],"wp:featuredmedia":[{"embeddable":true,"href":"https:\/\/lavocedelpaese.info\/index.php\/wp-json\/wp\/v2\/media\/730"}],"wp:attachment":[{"href":"https:\/\/lavocedelpaese.info\/index.php\/wp-json\/wp\/v2\/media?parent=9823"}],"wp:term":[{"taxonomy":"category","embeddable":true,"href":"https:\/\/lavocedelpaese.info\/index.php\/wp-json\/wp\/v2\/categories?post=9823"},{"taxonomy":"post_tag","embeddable":true,"href":"https:\/\/lavocedelpaese.info\/index.php\/wp-json\/wp\/v2\/tags?post=9823"}],"curies":[{"name":"wp","href":"https:\/\/api.w.org\/{rel}","templated":true}]}}