{"id":9792,"date":"2025-08-18T08:13:39","date_gmt":"2025-08-18T08:13:39","guid":{"rendered":"https:\/\/lavocedelpaese.info\/index.php\/2025\/08\/18\/tony-esposito-alla-sagra-della-focaccia\/"},"modified":"2025-08-18T08:13:39","modified_gmt":"2025-08-18T08:13:39","slug":"tony-esposito-alla-sagra-della-focaccia","status":"publish","type":"post","link":"https:\/\/lavocedelpaese.info\/index.php\/2025\/08\/18\/tony-esposito-alla-sagra-della-focaccia\/","title":{"rendered":"Tony Esposito alla \u201cSagra della focaccia\u201d\u00a0\u200b"},"content":{"rendered":"<p>\u00a0<\/p>\n<p>\u200b\u00a0<\/p>\n<p>\u200b\u00a0<\/p>\n<p>Sar\u00e0 una vecchia gloria della musica dance partenopea ad animare la edizione n. 46 della \u201cSagra della Focaccia\u201d, organizzata dall\u2019Associazione \u201cLa Murgianella\u201d in collaborazione con l\u2019Associazione \u201cLe vide del grano\u201d e con il sostegno del Comune di Cassano delle Murge e della Regione Puglia, domenica 24 agosto in piazza Moro.<\/p>\n<p>Tony Esposito, noto percussionista, cantautore e compositore partenopeo, \u00e8 \u201cun musicista capace di far danzare i confini tra generi, culture e tradizioni\u201d grazie a un approccio originale che unisce jazz, rock, ritmi africani e sonorit\u00e0 mediterranee.<\/p>\n<p>Negli anni \u201970 e \u201980 \u00e8 stato tra i protagonisti di una vera rivoluzione musicale partenopea, insieme a Pino Daniele, Tullio De Piscopo e James Senese, dando vita a un suono unico, il cosiddetto blues metropolitano, capace di mescolare funk, blues, world music e tradizione mediterranea.<\/p>\n<p>Dal 1975 ha iniziato una splendida carriera solista con l\u2019album Rosso Napoletano, fino alla consacrazione internazionale con brani indimenticabili come \u201cKalimba de Luna\u201d, che hanno portato la sua musica in tutto il mondo. Insomma: il battito del Mediterraneo arriva a Cassano con la sua energia!<\/p>\n<p>Ma non \u00e8 tutto: la serata del 24 agosto avr\u00e0 inizio con un dj set mozzafiato di Marco Guacci, seguito dall\u2019esibizione di una giovane voce italiana emergente, Michelle, che aprir\u00e0 lo show di Esposito con freschezza e talento.<\/p>\n<p>A rendere il tutto ancora pi\u00f9 speciale ci sar\u00e0 la conduzione della bravissima Doralisa Campanella, che guider\u00e0 il pubblico attraverso questa notte di musica e festa.<\/p>\n<figure class=\"wp-block-image size-large\"><img decoding=\"async\" width=\"1024\" height=\"1024\" src=\"https:\/\/cassano.lavocedelpaese.info\/wp-content\/uploads\/2025\/08\/Tony-Esposito-1024x1024.jpg\" alt=\"\" class=\"wp-image-7154\"\/><\/figure>\n<p><a class=\"a2a_button_facebook\" href=\"https:\/\/www.addtoany.com\/add_to\/facebook?linkurl=https%3A%2F%2Fcassano.lavocedelpaese.info%2Ftony-esposito-alla-sagra-della-focaccia%2F&amp;linkname=Tony%20Esposito%20alla%20%E2%80%9CSagra%20della%20focaccia%E2%80%9D\" title=\"Facebook\" rel=\"nofollow noopener\" target=\"_blank\"><\/a><a class=\"a2a_button_twitter\" href=\"https:\/\/www.addtoany.com\/add_to\/twitter?linkurl=https%3A%2F%2Fcassano.lavocedelpaese.info%2Ftony-esposito-alla-sagra-della-focaccia%2F&amp;linkname=Tony%20Esposito%20alla%20%E2%80%9CSagra%20della%20focaccia%E2%80%9D\" title=\"Twitter\" rel=\"nofollow noopener\" target=\"_blank\"><\/a><a class=\"a2a_button_whatsapp\" href=\"https:\/\/www.addtoany.com\/add_to\/whatsapp?linkurl=https%3A%2F%2Fcassano.lavocedelpaese.info%2Ftony-esposito-alla-sagra-della-focaccia%2F&amp;linkname=Tony%20Esposito%20alla%20%E2%80%9CSagra%20della%20focaccia%E2%80%9D\" title=\"WhatsApp\" rel=\"nofollow noopener\" target=\"_blank\"><\/a><a class=\"a2a_button_telegram\" href=\"https:\/\/www.addtoany.com\/add_to\/telegram?linkurl=https%3A%2F%2Fcassano.lavocedelpaese.info%2Ftony-esposito-alla-sagra-della-focaccia%2F&amp;linkname=Tony%20Esposito%20alla%20%E2%80%9CSagra%20della%20focaccia%E2%80%9D\" title=\"Telegram\" rel=\"nofollow noopener\" target=\"_blank\"><\/a><a class=\"a2a_button_email\" href=\"https:\/\/www.addtoany.com\/add_to\/email?linkurl=https%3A%2F%2Fcassano.lavocedelpaese.info%2Ftony-esposito-alla-sagra-della-focaccia%2F&amp;linkname=Tony%20Esposito%20alla%20%E2%80%9CSagra%20della%20focaccia%E2%80%9D\" title=\"Email\" rel=\"nofollow noopener\" target=\"_blank\"><\/a><\/p>\n<p>\u00a0<\/p>\n<p>\u00a0<\/p>\n<p>\u200b\u00a0\u00a0\u00a0<\/p>","protected":false},"excerpt":{"rendered":"<p>\u00a0 \u200b\u00a0 \u200b\u00a0 Sar\u00e0 una vecchia gloria della musica dance partenopea ad animare la edizione n. 46 della \u201cSagra della<\/p>\n","protected":false},"author":6,"featured_media":9793,"comment_status":"open","ping_status":"closed","sticky":false,"template":"","format":"standard","meta":{"colormag_page_container_layout":"default_layout","colormag_page_sidebar_layout":"default_layout","footnotes":""},"categories":[33],"tags":[],"class_list":["post-9792","post","type-post","status-publish","format-standard","has-post-thumbnail","hentry","category-network"],"yoast_head":"<!-- This site is optimized with the Yoast SEO plugin v27.5 - https:\/\/yoast.com\/product\/yoast-seo-wordpress\/ -->\n<title>Tony Esposito alla \u201cSagra della focaccia\u201d\u00a0\u200b - La Voce del Paese<\/title>\n<meta name=\"robots\" content=\"index, follow, max-snippet:-1, max-image-preview:large, max-video-preview:-1\" \/>\n<link rel=\"canonical\" href=\"https:\/\/lavocedelpaese.info\/index.php\/2025\/08\/18\/tony-esposito-alla-sagra-della-focaccia\/\" \/>\n<meta property=\"og:locale\" content=\"it_IT\" \/>\n<meta property=\"og:type\" content=\"article\" \/>\n<meta property=\"og:title\" content=\"Tony Esposito alla \u201cSagra della focaccia\u201d\u00a0\u200b - La Voce del Paese\" \/>\n<meta property=\"og:description\" content=\"\u00a0 \u200b\u00a0 \u200b\u00a0 Sar\u00e0 una vecchia gloria della musica dance partenopea ad animare la edizione n. 46 della \u201cSagra della\" \/>\n<meta property=\"og:url\" content=\"https:\/\/lavocedelpaese.info\/index.php\/2025\/08\/18\/tony-esposito-alla-sagra-della-focaccia\/\" \/>\n<meta property=\"og:site_name\" content=\"La Voce del Paese\" \/>\n<meta property=\"article:publisher\" content=\"https:\/\/www.facebook.com\/lavocedelpaese.info\" \/>\n<meta property=\"article:published_time\" content=\"2025-08-18T08:13:39+00:00\" \/>\n<meta name=\"author\" content=\"admin\" \/>\n<meta name=\"twitter:card\" content=\"summary_large_image\" \/>\n<meta name=\"twitter:label1\" content=\"Scritto da\" \/>\n\t<meta name=\"twitter:data1\" content=\"admin\" \/>\n\t<meta name=\"twitter:label2\" content=\"Tempo di lettura stimato\" \/>\n\t<meta name=\"twitter:data2\" content=\"1 minuto\" \/>\n<script type=\"application\/ld+json\" class=\"yoast-schema-graph\">{\"@context\":\"https:\\\/\\\/schema.org\",\"@graph\":[{\"@type\":\"Article\",\"@id\":\"https:\\\/\\\/lavocedelpaese.info\\\/index.php\\\/2025\\\/08\\\/18\\\/tony-esposito-alla-sagra-della-focaccia\\\/#article\",\"isPartOf\":{\"@id\":\"https:\\\/\\\/lavocedelpaese.info\\\/index.php\\\/2025\\\/08\\\/18\\\/tony-esposito-alla-sagra-della-focaccia\\\/\"},\"author\":{\"name\":\"admin\",\"@id\":\"https:\\\/\\\/lavocedelpaese.info\\\/#\\\/schema\\\/person\\\/ec151d321306bd7591f7a061abf72d88\"},\"headline\":\"Tony Esposito alla \u201cSagra della focaccia\u201d\u00a0\u200b\",\"datePublished\":\"2025-08-18T08:13:39+00:00\",\"mainEntityOfPage\":{\"@id\":\"https:\\\/\\\/lavocedelpaese.info\\\/index.php\\\/2025\\\/08\\\/18\\\/tony-esposito-alla-sagra-della-focaccia\\\/\"},\"wordCount\":242,\"commentCount\":0,\"publisher\":{\"@id\":\"https:\\\/\\\/lavocedelpaese.info\\\/#organization\"},\"image\":{\"@id\":\"https:\\\/\\\/lavocedelpaese.info\\\/index.php\\\/2025\\\/08\\\/18\\\/tony-esposito-alla-sagra-della-focaccia\\\/#primaryimage\"},\"thumbnailUrl\":\"https:\\\/\\\/lavocedelpaese.info\\\/wp-content\\\/uploads\\\/2025\\\/08\\\/Tony-Esposito-1024x1024-Si3gpQ.jpg\",\"articleSection\":[\"network\"],\"inLanguage\":\"it-IT\",\"potentialAction\":[{\"@type\":\"CommentAction\",\"name\":\"Comment\",\"target\":[\"https:\\\/\\\/lavocedelpaese.info\\\/index.php\\\/2025\\\/08\\\/18\\\/tony-esposito-alla-sagra-della-focaccia\\\/#respond\"]}]},{\"@type\":\"WebPage\",\"@id\":\"https:\\\/\\\/lavocedelpaese.info\\\/index.php\\\/2025\\\/08\\\/18\\\/tony-esposito-alla-sagra-della-focaccia\\\/\",\"url\":\"https:\\\/\\\/lavocedelpaese.info\\\/index.php\\\/2025\\\/08\\\/18\\\/tony-esposito-alla-sagra-della-focaccia\\\/\",\"name\":\"Tony Esposito alla \u201cSagra della focaccia\u201d\u00a0\u200b - La Voce del Paese\",\"isPartOf\":{\"@id\":\"https:\\\/\\\/lavocedelpaese.info\\\/#website\"},\"primaryImageOfPage\":{\"@id\":\"https:\\\/\\\/lavocedelpaese.info\\\/index.php\\\/2025\\\/08\\\/18\\\/tony-esposito-alla-sagra-della-focaccia\\\/#primaryimage\"},\"image\":{\"@id\":\"https:\\\/\\\/lavocedelpaese.info\\\/index.php\\\/2025\\\/08\\\/18\\\/tony-esposito-alla-sagra-della-focaccia\\\/#primaryimage\"},\"thumbnailUrl\":\"https:\\\/\\\/lavocedelpaese.info\\\/wp-content\\\/uploads\\\/2025\\\/08\\\/Tony-Esposito-1024x1024-Si3gpQ.jpg\",\"datePublished\":\"2025-08-18T08:13:39+00:00\",\"breadcrumb\":{\"@id\":\"https:\\\/\\\/lavocedelpaese.info\\\/index.php\\\/2025\\\/08\\\/18\\\/tony-esposito-alla-sagra-della-focaccia\\\/#breadcrumb\"},\"inLanguage\":\"it-IT\",\"potentialAction\":[{\"@type\":\"ReadAction\",\"target\":[\"https:\\\/\\\/lavocedelpaese.info\\\/index.php\\\/2025\\\/08\\\/18\\\/tony-esposito-alla-sagra-della-focaccia\\\/\"]}]},{\"@type\":\"ImageObject\",\"inLanguage\":\"it-IT\",\"@id\":\"https:\\\/\\\/lavocedelpaese.info\\\/index.php\\\/2025\\\/08\\\/18\\\/tony-esposito-alla-sagra-della-focaccia\\\/#primaryimage\",\"url\":\"https:\\\/\\\/lavocedelpaese.info\\\/wp-content\\\/uploads\\\/2025\\\/08\\\/Tony-Esposito-1024x1024-Si3gpQ.jpg\",\"contentUrl\":\"https:\\\/\\\/lavocedelpaese.info\\\/wp-content\\\/uploads\\\/2025\\\/08\\\/Tony-Esposito-1024x1024-Si3gpQ.jpg\",\"width\":800,\"height\":800},{\"@type\":\"BreadcrumbList\",\"@id\":\"https:\\\/\\\/lavocedelpaese.info\\\/index.php\\\/2025\\\/08\\\/18\\\/tony-esposito-alla-sagra-della-focaccia\\\/#breadcrumb\",\"itemListElement\":[{\"@type\":\"ListItem\",\"position\":1,\"name\":\"Home\",\"item\":\"https:\\\/\\\/lavocedelpaese.info\\\/\"},{\"@type\":\"ListItem\",\"position\":2,\"name\":\"Tony Esposito alla \u201cSagra della focaccia\u201d\u00a0\u200b\"}]},{\"@type\":\"WebSite\",\"@id\":\"https:\\\/\\\/lavocedelpaese.info\\\/#website\",\"url\":\"https:\\\/\\\/lavocedelpaese.info\\\/\",\"name\":\"La Voce del Paese\",\"description\":\"Un network di idee\",\"publisher\":{\"@id\":\"https:\\\/\\\/lavocedelpaese.info\\\/#organization\"},\"potentialAction\":[{\"@type\":\"SearchAction\",\"target\":{\"@type\":\"EntryPoint\",\"urlTemplate\":\"https:\\\/\\\/lavocedelpaese.info\\\/?s={search_term_string}\"},\"query-input\":{\"@type\":\"PropertyValueSpecification\",\"valueRequired\":true,\"valueName\":\"search_term_string\"}}],\"inLanguage\":\"it-IT\"},{\"@type\":\"Organization\",\"@id\":\"https:\\\/\\\/lavocedelpaese.info\\\/#organization\",\"name\":\"La Voce del Paese\",\"url\":\"https:\\\/\\\/lavocedelpaese.info\\\/\",\"logo\":{\"@type\":\"ImageObject\",\"inLanguage\":\"it-IT\",\"@id\":\"https:\\\/\\\/lavocedelpaese.info\\\/#\\\/schema\\\/logo\\\/image\\\/\",\"url\":\"https:\\\/\\\/lavocedelpaese.info\\\/wp-content\\\/uploads\\\/2023\\\/01\\\/cropped-logo-150-127.png\",\"contentUrl\":\"https:\\\/\\\/lavocedelpaese.info\\\/wp-content\\\/uploads\\\/2023\\\/01\\\/cropped-logo-150-127.png\",\"width\":137,\"height\":119,\"caption\":\"La Voce del Paese\"},\"image\":{\"@id\":\"https:\\\/\\\/lavocedelpaese.info\\\/#\\\/schema\\\/logo\\\/image\\\/\"},\"sameAs\":[\"https:\\\/\\\/www.facebook.com\\\/lavocedelpaese.info\"]},{\"@type\":\"Person\",\"@id\":\"https:\\\/\\\/lavocedelpaese.info\\\/#\\\/schema\\\/person\\\/ec151d321306bd7591f7a061abf72d88\",\"name\":\"admin\",\"image\":{\"@type\":\"ImageObject\",\"inLanguage\":\"it-IT\",\"@id\":\"https:\\\/\\\/secure.gravatar.com\\\/avatar\\\/af8f2caf0663124588de48a9380e07cbc95a74ef15b8062d0d39106c32fe3023?s=96&d=mm&r=g\",\"url\":\"https:\\\/\\\/secure.gravatar.com\\\/avatar\\\/af8f2caf0663124588de48a9380e07cbc95a74ef15b8062d0d39106c32fe3023?s=96&d=mm&r=g\",\"contentUrl\":\"https:\\\/\\\/secure.gravatar.com\\\/avatar\\\/af8f2caf0663124588de48a9380e07cbc95a74ef15b8062d0d39106c32fe3023?s=96&d=mm&r=g\",\"caption\":\"admin\"},\"sameAs\":[\"https:\\\/\\\/lavocedelpaese.info\"],\"url\":\"https:\\\/\\\/lavocedelpaese.info\\\/index.php\\\/author\\\/admin\\\/\"}]}<\/script>\n<!-- \/ Yoast SEO plugin. -->","yoast_head_json":{"title":"Tony Esposito alla \u201cSagra della focaccia\u201d\u00a0\u200b - La Voce del Paese","robots":{"index":"index","follow":"follow","max-snippet":"max-snippet:-1","max-image-preview":"max-image-preview:large","max-video-preview":"max-video-preview:-1"},"canonical":"https:\/\/lavocedelpaese.info\/index.php\/2025\/08\/18\/tony-esposito-alla-sagra-della-focaccia\/","og_locale":"it_IT","og_type":"article","og_title":"Tony Esposito alla \u201cSagra della focaccia\u201d\u00a0\u200b - La Voce del Paese","og_description":"\u00a0 \u200b\u00a0 \u200b\u00a0 Sar\u00e0 una vecchia gloria della musica dance partenopea ad animare la edizione n. 46 della \u201cSagra della","og_url":"https:\/\/lavocedelpaese.info\/index.php\/2025\/08\/18\/tony-esposito-alla-sagra-della-focaccia\/","og_site_name":"La Voce del Paese","article_publisher":"https:\/\/www.facebook.com\/lavocedelpaese.info","article_published_time":"2025-08-18T08:13:39+00:00","author":"admin","twitter_card":"summary_large_image","twitter_misc":{"Scritto da":"admin","Tempo di lettura stimato":"1 minuto"},"schema":{"@context":"https:\/\/schema.org","@graph":[{"@type":"Article","@id":"https:\/\/lavocedelpaese.info\/index.php\/2025\/08\/18\/tony-esposito-alla-sagra-della-focaccia\/#article","isPartOf":{"@id":"https:\/\/lavocedelpaese.info\/index.php\/2025\/08\/18\/tony-esposito-alla-sagra-della-focaccia\/"},"author":{"name":"admin","@id":"https:\/\/lavocedelpaese.info\/#\/schema\/person\/ec151d321306bd7591f7a061abf72d88"},"headline":"Tony Esposito alla \u201cSagra della focaccia\u201d\u00a0\u200b","datePublished":"2025-08-18T08:13:39+00:00","mainEntityOfPage":{"@id":"https:\/\/lavocedelpaese.info\/index.php\/2025\/08\/18\/tony-esposito-alla-sagra-della-focaccia\/"},"wordCount":242,"commentCount":0,"publisher":{"@id":"https:\/\/lavocedelpaese.info\/#organization"},"image":{"@id":"https:\/\/lavocedelpaese.info\/index.php\/2025\/08\/18\/tony-esposito-alla-sagra-della-focaccia\/#primaryimage"},"thumbnailUrl":"https:\/\/lavocedelpaese.info\/wp-content\/uploads\/2025\/08\/Tony-Esposito-1024x1024-Si3gpQ.jpg","articleSection":["network"],"inLanguage":"it-IT","potentialAction":[{"@type":"CommentAction","name":"Comment","target":["https:\/\/lavocedelpaese.info\/index.php\/2025\/08\/18\/tony-esposito-alla-sagra-della-focaccia\/#respond"]}]},{"@type":"WebPage","@id":"https:\/\/lavocedelpaese.info\/index.php\/2025\/08\/18\/tony-esposito-alla-sagra-della-focaccia\/","url":"https:\/\/lavocedelpaese.info\/index.php\/2025\/08\/18\/tony-esposito-alla-sagra-della-focaccia\/","name":"Tony Esposito alla \u201cSagra della focaccia\u201d\u00a0\u200b - La Voce del Paese","isPartOf":{"@id":"https:\/\/lavocedelpaese.info\/#website"},"primaryImageOfPage":{"@id":"https:\/\/lavocedelpaese.info\/index.php\/2025\/08\/18\/tony-esposito-alla-sagra-della-focaccia\/#primaryimage"},"image":{"@id":"https:\/\/lavocedelpaese.info\/index.php\/2025\/08\/18\/tony-esposito-alla-sagra-della-focaccia\/#primaryimage"},"thumbnailUrl":"https:\/\/lavocedelpaese.info\/wp-content\/uploads\/2025\/08\/Tony-Esposito-1024x1024-Si3gpQ.jpg","datePublished":"2025-08-18T08:13:39+00:00","breadcrumb":{"@id":"https:\/\/lavocedelpaese.info\/index.php\/2025\/08\/18\/tony-esposito-alla-sagra-della-focaccia\/#breadcrumb"},"inLanguage":"it-IT","potentialAction":[{"@type":"ReadAction","target":["https:\/\/lavocedelpaese.info\/index.php\/2025\/08\/18\/tony-esposito-alla-sagra-della-focaccia\/"]}]},{"@type":"ImageObject","inLanguage":"it-IT","@id":"https:\/\/lavocedelpaese.info\/index.php\/2025\/08\/18\/tony-esposito-alla-sagra-della-focaccia\/#primaryimage","url":"https:\/\/lavocedelpaese.info\/wp-content\/uploads\/2025\/08\/Tony-Esposito-1024x1024-Si3gpQ.jpg","contentUrl":"https:\/\/lavocedelpaese.info\/wp-content\/uploads\/2025\/08\/Tony-Esposito-1024x1024-Si3gpQ.jpg","width":800,"height":800},{"@type":"BreadcrumbList","@id":"https:\/\/lavocedelpaese.info\/index.php\/2025\/08\/18\/tony-esposito-alla-sagra-della-focaccia\/#breadcrumb","itemListElement":[{"@type":"ListItem","position":1,"name":"Home","item":"https:\/\/lavocedelpaese.info\/"},{"@type":"ListItem","position":2,"name":"Tony Esposito alla \u201cSagra della focaccia\u201d\u00a0\u200b"}]},{"@type":"WebSite","@id":"https:\/\/lavocedelpaese.info\/#website","url":"https:\/\/lavocedelpaese.info\/","name":"La Voce del Paese","description":"Un network di idee","publisher":{"@id":"https:\/\/lavocedelpaese.info\/#organization"},"potentialAction":[{"@type":"SearchAction","target":{"@type":"EntryPoint","urlTemplate":"https:\/\/lavocedelpaese.info\/?s={search_term_string}"},"query-input":{"@type":"PropertyValueSpecification","valueRequired":true,"valueName":"search_term_string"}}],"inLanguage":"it-IT"},{"@type":"Organization","@id":"https:\/\/lavocedelpaese.info\/#organization","name":"La Voce del Paese","url":"https:\/\/lavocedelpaese.info\/","logo":{"@type":"ImageObject","inLanguage":"it-IT","@id":"https:\/\/lavocedelpaese.info\/#\/schema\/logo\/image\/","url":"https:\/\/lavocedelpaese.info\/wp-content\/uploads\/2023\/01\/cropped-logo-150-127.png","contentUrl":"https:\/\/lavocedelpaese.info\/wp-content\/uploads\/2023\/01\/cropped-logo-150-127.png","width":137,"height":119,"caption":"La Voce del Paese"},"image":{"@id":"https:\/\/lavocedelpaese.info\/#\/schema\/logo\/image\/"},"sameAs":["https:\/\/www.facebook.com\/lavocedelpaese.info"]},{"@type":"Person","@id":"https:\/\/lavocedelpaese.info\/#\/schema\/person\/ec151d321306bd7591f7a061abf72d88","name":"admin","image":{"@type":"ImageObject","inLanguage":"it-IT","@id":"https:\/\/secure.gravatar.com\/avatar\/af8f2caf0663124588de48a9380e07cbc95a74ef15b8062d0d39106c32fe3023?s=96&d=mm&r=g","url":"https:\/\/secure.gravatar.com\/avatar\/af8f2caf0663124588de48a9380e07cbc95a74ef15b8062d0d39106c32fe3023?s=96&d=mm&r=g","contentUrl":"https:\/\/secure.gravatar.com\/avatar\/af8f2caf0663124588de48a9380e07cbc95a74ef15b8062d0d39106c32fe3023?s=96&d=mm&r=g","caption":"admin"},"sameAs":["https:\/\/lavocedelpaese.info"],"url":"https:\/\/lavocedelpaese.info\/index.php\/author\/admin\/"}]}},"_links":{"self":[{"href":"https:\/\/lavocedelpaese.info\/index.php\/wp-json\/wp\/v2\/posts\/9792","targetHints":{"allow":["GET"]}}],"collection":[{"href":"https:\/\/lavocedelpaese.info\/index.php\/wp-json\/wp\/v2\/posts"}],"about":[{"href":"https:\/\/lavocedelpaese.info\/index.php\/wp-json\/wp\/v2\/types\/post"}],"author":[{"embeddable":true,"href":"https:\/\/lavocedelpaese.info\/index.php\/wp-json\/wp\/v2\/users\/6"}],"replies":[{"embeddable":true,"href":"https:\/\/lavocedelpaese.info\/index.php\/wp-json\/wp\/v2\/comments?post=9792"}],"version-history":[{"count":0,"href":"https:\/\/lavocedelpaese.info\/index.php\/wp-json\/wp\/v2\/posts\/9792\/revisions"}],"wp:featuredmedia":[{"embeddable":true,"href":"https:\/\/lavocedelpaese.info\/index.php\/wp-json\/wp\/v2\/media\/9793"}],"wp:attachment":[{"href":"https:\/\/lavocedelpaese.info\/index.php\/wp-json\/wp\/v2\/media?parent=9792"}],"wp:term":[{"taxonomy":"category","embeddable":true,"href":"https:\/\/lavocedelpaese.info\/index.php\/wp-json\/wp\/v2\/categories?post=9792"},{"taxonomy":"post_tag","embeddable":true,"href":"https:\/\/lavocedelpaese.info\/index.php\/wp-json\/wp\/v2\/tags?post=9792"}],"curies":[{"name":"wp","href":"https:\/\/api.w.org\/{rel}","templated":true}]}}