{"id":9767,"date":"2025-08-08T20:13:37","date_gmt":"2025-08-08T20:13:37","guid":{"rendered":"https:\/\/lavocedelpaese.info\/index.php\/2025\/08\/08\/sagra-del-fornello-e-dello-zampino-un-gusto-che-fa-la-storia\/"},"modified":"2025-08-08T20:13:37","modified_gmt":"2025-08-08T20:13:37","slug":"sagra-del-fornello-e-dello-zampino-un-gusto-che-fa-la-storia","status":"publish","type":"post","link":"https:\/\/lavocedelpaese.info\/index.php\/2025\/08\/08\/sagra-del-fornello-e-dello-zampino-un-gusto-che-fa-la-storia\/","title":{"rendered":"Sagra del fornello e dello zampino. Un gusto che fa la storia\u00a0\u200b"},"content":{"rendered":"<p>\u00a0<\/p>\n<p>\u200b\u00a0<\/p>\n<p>\u200b\u00a0<\/p>\n<p><img decoding=\"async\" class=\"size-full wp-image-6633 alignleft\" src=\"https:\/\/gioia.lavocedelpaese.info\/wp-content\/uploads\/2025\/08\/528301740_17980272188856642_2188674907051809408_n.jpeg\" alt=\"\" width=\"400\" height=\"218\"\/>Il 13 e 14 agosto 2025 dalle ore 19:30, presso l\u2019ex macello comunale di Gioia del Colle, cuore pulsante della citt\u00e0, si terr\u00e0 la quinta edizione della Sagra del Fornello e dello Zampino!<\/p>\n<p>\u201cQuesto evento \u2013 dichiarano <strong>Antonella Giannico<\/strong> e <strong>Alessandra Leronni<\/strong> dell\u2019associazione Sci\u00f2 che ha organizzato la sagra con il patrocinio del Comune e della Regione Puglia \u2013 Dipartimento Agricoltura, Sviluppo Rurale e Ambientale \u2013 non \u00e8 solo gusto, ma anche storia: rivivremo insieme la tradizione di una sagra nata nel lontano 1967 e le sue tre successive edizioni storiche! Siamo pronti a unire passato e presente, valorizzando l\u2019autenticit\u00e0 di una ricetta tramandata nel tempo. Lo Zampino \u00e8 preparato con sola carne e una selezione di aromi che lo rendono inconfondibile e unico nel suo genere.\u201d<\/p>\n<p>Nelle due giornate sar\u00e0 allestita l\u2019area con braci a cura di cinque macellerie gioiesi \u2013 Filippo Masi. Elia Masi, la Macelleria Tre Carri, la Masseria del Porto e la Macelleria De Cataldo -, due stand di cantine produttrici di vino, un caseificio gioiese e tre frantoi oleari che proporranno una degustazione di pane e olio per entrambe le serate.<\/p>\n<p>Alla cerimonia di apertura della sagra, in programma mercoled\u00ec 13, alle ore 19:30, interverranno il sindaco Giovanni Mastrangelo, l\u2019assessore al Turismo e alla Promozione del Territorio Andrea Benagiano, l\u2019assessora all\u2019Agricoltura Francesca Pugliese, il consigliere delegato ai grandi eventi Franco Donvito, la presidente dell\u2019associazione Sci\u00f2 Eventi Antonella Giannico, il decano dei macellai gioiesi Michele Ludovico e, infine, il prof. Franco Giannini, che porter\u00e0 il suo prezioso contributo storico alla serata.<\/p>\n<p>Avr\u00e0 quindi luogo una presentazione dell\u2019evento con qualche cenno storico circa il luogo di svolgimento e il protagonista della manifestazione, lo zampino, scopriremo la ricetta tradizionale e la modalit\u00e0 di cottura a riverbero, al fornello. Tanti i riferimenti ai macellai che hanno portato avanti nel tempo questa tradizione e che ancora oggi esaltano il gusto dello zampino proponendolo nei loro banchi con eventuali testimonianze viventi di chi vorr\u00e0 intervenire a supporto di quanto detto.<\/p>\n<p><img decoding=\"async\" class=\"size-full wp-image-6634 alignright\" src=\"https:\/\/gioia.lavocedelpaese.info\/wp-content\/uploads\/2025\/08\/528777712_17980272197856642_526715779956470071_n.jpeg\" alt=\"\" width=\"400\" height=\"220\"\/>\u201cUn grande grazie va ai macellai presenti con le loro braci che hanno accolto l\u2019invito a riprendere questa tradizione dopo 55 anni: Alle 21 saranno accese le braci e avr\u00e0 inizio la\u2026 cottura dello zampino, alle 22 si esibiranno i \u201cDouble Band\u201d.<\/p>\n<p>Il 14 agosto alle ore 19:30 verr\u00e0 presentato il libro di ricette \u201cPuglia MiNa \u2013 Armonie di sapori della mia terra\u201d scritto da Mina Micunco, alle 22 si esibir\u00e0 la \u201cHop\u2019n swing band\u201d.<\/p>\n<p>Gi\u00e0 pronte le indicazioni per raggiungere l\u2019ex Macello comunale: per chi viene in auto o in moto dal centro cittadino, occorrer\u00e0 passare per il sottovia di via Benagiano, proseguire a sinistra verso via Fratelli Capurso fino a raggiungere il sito, di fronte al cavalcavia ferroviario in fase di ristrutturazione.<\/p>\n<p>Per chi viene in bicicletta o a piedi passando da via Roma raggiunta la stazione ferroviaria, si pu\u00f2 prendere il sottovia adiacente e accendere al parcheggio di scambio, a 500 metri dall\u2019ex macello comunale.<\/p>\n<p>Il percorso sar\u00e0 in sicurezza, poich\u00e9 provvisto di marciapiedi e in prossimit\u00e0 dell\u2019area interessata dall\u2019evento ci saranno dei presidi della polizia locale e volontari della pubblica assistenza gioiese.<\/p>\n<p>\u201cIl luogo dell\u2019evento, scelto non a caso, con i suoi segreti e la sua recente ristrutturazione, sar\u00e0 la cornice perfetta per un\u2019esperienza indimenticabile. Vi aspettiamo numerosi per vivere insieme un\u2019esperienza che coinvolger\u00e0 tutti i sensi, tra gusto, storia, cultura e tante, tantissime emozioni!\u201d<\/p>\n<p><a class=\"a2a_button_facebook\" href=\"https:\/\/www.addtoany.com\/add_to\/facebook?linkurl=https%3A%2F%2Fgioia.lavocedelpaese.info%2Findex.php%2F2025%2F08%2F08%2Fsagra-del-fornello-e-dello-zampino-un-gusto-che-fa-la-storia%2F&amp;linkname=Sagra%20del%20fornello%20e%20dello%20zampino.%20Un%20gusto%20che%20fa%20la%20storia\" title=\"Facebook\" rel=\"nofollow noopener\" target=\"_blank\"><\/a><a class=\"a2a_button_twitter\" href=\"https:\/\/www.addtoany.com\/add_to\/twitter?linkurl=https%3A%2F%2Fgioia.lavocedelpaese.info%2Findex.php%2F2025%2F08%2F08%2Fsagra-del-fornello-e-dello-zampino-un-gusto-che-fa-la-storia%2F&amp;linkname=Sagra%20del%20fornello%20e%20dello%20zampino.%20Un%20gusto%20che%20fa%20la%20storia\" title=\"Twitter\" rel=\"nofollow noopener\" target=\"_blank\"><\/a><a class=\"a2a_button_whatsapp\" href=\"https:\/\/www.addtoany.com\/add_to\/whatsapp?linkurl=https%3A%2F%2Fgioia.lavocedelpaese.info%2Findex.php%2F2025%2F08%2F08%2Fsagra-del-fornello-e-dello-zampino-un-gusto-che-fa-la-storia%2F&amp;linkname=Sagra%20del%20fornello%20e%20dello%20zampino.%20Un%20gusto%20che%20fa%20la%20storia\" title=\"WhatsApp\" rel=\"nofollow noopener\" target=\"_blank\"><\/a><a class=\"a2a_button_telegram\" href=\"https:\/\/www.addtoany.com\/add_to\/telegram?linkurl=https%3A%2F%2Fgioia.lavocedelpaese.info%2Findex.php%2F2025%2F08%2F08%2Fsagra-del-fornello-e-dello-zampino-un-gusto-che-fa-la-storia%2F&amp;linkname=Sagra%20del%20fornello%20e%20dello%20zampino.%20Un%20gusto%20che%20fa%20la%20storia\" title=\"Telegram\" rel=\"nofollow noopener\" target=\"_blank\"><\/a><a class=\"a2a_button_email\" href=\"https:\/\/www.addtoany.com\/add_to\/email?linkurl=https%3A%2F%2Fgioia.lavocedelpaese.info%2Findex.php%2F2025%2F08%2F08%2Fsagra-del-fornello-e-dello-zampino-un-gusto-che-fa-la-storia%2F&amp;linkname=Sagra%20del%20fornello%20e%20dello%20zampino.%20Un%20gusto%20che%20fa%20la%20storia\" title=\"Email\" rel=\"nofollow noopener\" target=\"_blank\"><\/a><\/p>\n<p>\u00a0<\/p>\n<p>\u00a0<\/p>\n<p>\u200b\u00a0\u00a0\u00a0<\/p>","protected":false},"excerpt":{"rendered":"<p>\u00a0 \u200b\u00a0 \u200b\u00a0 Il 13 e 14 agosto 2025 dalle ore 19:30, presso l\u2019ex macello comunale di Gioia del Colle,<\/p>\n","protected":false},"author":6,"featured_media":9768,"comment_status":"open","ping_status":"closed","sticky":false,"template":"","format":"standard","meta":{"colormag_page_container_layout":"default_layout","colormag_page_sidebar_layout":"default_layout","footnotes":""},"categories":[33],"tags":[],"class_list":["post-9767","post","type-post","status-publish","format-standard","has-post-thumbnail","hentry","category-network"],"yoast_head":"<!-- This site is optimized with the Yoast SEO plugin v27.5 - https:\/\/yoast.com\/product\/yoast-seo-wordpress\/ -->\n<title>Sagra del fornello e dello zampino. Un gusto che fa la storia\u00a0\u200b - La Voce del Paese<\/title>\n<meta name=\"robots\" content=\"index, follow, max-snippet:-1, max-image-preview:large, max-video-preview:-1\" \/>\n<link rel=\"canonical\" href=\"https:\/\/lavocedelpaese.info\/index.php\/2025\/08\/08\/sagra-del-fornello-e-dello-zampino-un-gusto-che-fa-la-storia\/\" \/>\n<meta property=\"og:locale\" content=\"it_IT\" \/>\n<meta property=\"og:type\" content=\"article\" \/>\n<meta property=\"og:title\" content=\"Sagra del fornello e dello zampino. Un gusto che fa la storia\u00a0\u200b - La Voce del Paese\" \/>\n<meta property=\"og:description\" content=\"\u00a0 \u200b\u00a0 \u200b\u00a0 Il 13 e 14 agosto 2025 dalle ore 19:30, presso l\u2019ex macello comunale di Gioia del Colle,\" \/>\n<meta property=\"og:url\" content=\"https:\/\/lavocedelpaese.info\/index.php\/2025\/08\/08\/sagra-del-fornello-e-dello-zampino-un-gusto-che-fa-la-storia\/\" \/>\n<meta property=\"og:site_name\" content=\"La Voce del Paese\" \/>\n<meta property=\"article:publisher\" content=\"https:\/\/www.facebook.com\/lavocedelpaese.info\" \/>\n<meta property=\"article:published_time\" content=\"2025-08-08T20:13:37+00:00\" \/>\n<meta name=\"author\" content=\"admin\" \/>\n<meta name=\"twitter:card\" content=\"summary_large_image\" \/>\n<meta name=\"twitter:label1\" content=\"Scritto da\" \/>\n\t<meta name=\"twitter:data1\" content=\"admin\" \/>\n\t<meta name=\"twitter:label2\" content=\"Tempo di lettura stimato\" \/>\n\t<meta name=\"twitter:data2\" content=\"3 minuti\" \/>\n<script type=\"application\/ld+json\" class=\"yoast-schema-graph\">{\"@context\":\"https:\\\/\\\/schema.org\",\"@graph\":[{\"@type\":\"Article\",\"@id\":\"https:\\\/\\\/lavocedelpaese.info\\\/index.php\\\/2025\\\/08\\\/08\\\/sagra-del-fornello-e-dello-zampino-un-gusto-che-fa-la-storia\\\/#article\",\"isPartOf\":{\"@id\":\"https:\\\/\\\/lavocedelpaese.info\\\/index.php\\\/2025\\\/08\\\/08\\\/sagra-del-fornello-e-dello-zampino-un-gusto-che-fa-la-storia\\\/\"},\"author\":{\"name\":\"admin\",\"@id\":\"https:\\\/\\\/lavocedelpaese.info\\\/#\\\/schema\\\/person\\\/ec151d321306bd7591f7a061abf72d88\"},\"headline\":\"Sagra del fornello e dello zampino. Un gusto che fa la storia\u00a0\u200b\",\"datePublished\":\"2025-08-08T20:13:37+00:00\",\"mainEntityOfPage\":{\"@id\":\"https:\\\/\\\/lavocedelpaese.info\\\/index.php\\\/2025\\\/08\\\/08\\\/sagra-del-fornello-e-dello-zampino-un-gusto-che-fa-la-storia\\\/\"},\"wordCount\":567,\"commentCount\":0,\"publisher\":{\"@id\":\"https:\\\/\\\/lavocedelpaese.info\\\/#organization\"},\"image\":{\"@id\":\"https:\\\/\\\/lavocedelpaese.info\\\/index.php\\\/2025\\\/08\\\/08\\\/sagra-del-fornello-e-dello-zampino-un-gusto-che-fa-la-storia\\\/#primaryimage\"},\"thumbnailUrl\":\"https:\\\/\\\/lavocedelpaese.info\\\/wp-content\\\/uploads\\\/2025\\\/08\\\/528301740_17980272188856642_2188674907051809408_n-rJVzn8.jpg\",\"articleSection\":[\"network\"],\"inLanguage\":\"it-IT\",\"potentialAction\":[{\"@type\":\"CommentAction\",\"name\":\"Comment\",\"target\":[\"https:\\\/\\\/lavocedelpaese.info\\\/index.php\\\/2025\\\/08\\\/08\\\/sagra-del-fornello-e-dello-zampino-un-gusto-che-fa-la-storia\\\/#respond\"]}]},{\"@type\":\"WebPage\",\"@id\":\"https:\\\/\\\/lavocedelpaese.info\\\/index.php\\\/2025\\\/08\\\/08\\\/sagra-del-fornello-e-dello-zampino-un-gusto-che-fa-la-storia\\\/\",\"url\":\"https:\\\/\\\/lavocedelpaese.info\\\/index.php\\\/2025\\\/08\\\/08\\\/sagra-del-fornello-e-dello-zampino-un-gusto-che-fa-la-storia\\\/\",\"name\":\"Sagra del fornello e dello zampino. Un gusto che fa la storia\u00a0\u200b - La Voce del Paese\",\"isPartOf\":{\"@id\":\"https:\\\/\\\/lavocedelpaese.info\\\/#website\"},\"primaryImageOfPage\":{\"@id\":\"https:\\\/\\\/lavocedelpaese.info\\\/index.php\\\/2025\\\/08\\\/08\\\/sagra-del-fornello-e-dello-zampino-un-gusto-che-fa-la-storia\\\/#primaryimage\"},\"image\":{\"@id\":\"https:\\\/\\\/lavocedelpaese.info\\\/index.php\\\/2025\\\/08\\\/08\\\/sagra-del-fornello-e-dello-zampino-un-gusto-che-fa-la-storia\\\/#primaryimage\"},\"thumbnailUrl\":\"https:\\\/\\\/lavocedelpaese.info\\\/wp-content\\\/uploads\\\/2025\\\/08\\\/528301740_17980272188856642_2188674907051809408_n-rJVzn8.jpg\",\"datePublished\":\"2025-08-08T20:13:37+00:00\",\"breadcrumb\":{\"@id\":\"https:\\\/\\\/lavocedelpaese.info\\\/index.php\\\/2025\\\/08\\\/08\\\/sagra-del-fornello-e-dello-zampino-un-gusto-che-fa-la-storia\\\/#breadcrumb\"},\"inLanguage\":\"it-IT\",\"potentialAction\":[{\"@type\":\"ReadAction\",\"target\":[\"https:\\\/\\\/lavocedelpaese.info\\\/index.php\\\/2025\\\/08\\\/08\\\/sagra-del-fornello-e-dello-zampino-un-gusto-che-fa-la-storia\\\/\"]}]},{\"@type\":\"ImageObject\",\"inLanguage\":\"it-IT\",\"@id\":\"https:\\\/\\\/lavocedelpaese.info\\\/index.php\\\/2025\\\/08\\\/08\\\/sagra-del-fornello-e-dello-zampino-un-gusto-che-fa-la-storia\\\/#primaryimage\",\"url\":\"https:\\\/\\\/lavocedelpaese.info\\\/wp-content\\\/uploads\\\/2025\\\/08\\\/528301740_17980272188856642_2188674907051809408_n-rJVzn8.jpg\",\"contentUrl\":\"https:\\\/\\\/lavocedelpaese.info\\\/wp-content\\\/uploads\\\/2025\\\/08\\\/528301740_17980272188856642_2188674907051809408_n-rJVzn8.jpg\",\"width\":1000,\"height\":546},{\"@type\":\"BreadcrumbList\",\"@id\":\"https:\\\/\\\/lavocedelpaese.info\\\/index.php\\\/2025\\\/08\\\/08\\\/sagra-del-fornello-e-dello-zampino-un-gusto-che-fa-la-storia\\\/#breadcrumb\",\"itemListElement\":[{\"@type\":\"ListItem\",\"position\":1,\"name\":\"Home\",\"item\":\"https:\\\/\\\/lavocedelpaese.info\\\/\"},{\"@type\":\"ListItem\",\"position\":2,\"name\":\"Sagra del fornello e dello zampino. Un gusto che fa la storia\u00a0\u200b\"}]},{\"@type\":\"WebSite\",\"@id\":\"https:\\\/\\\/lavocedelpaese.info\\\/#website\",\"url\":\"https:\\\/\\\/lavocedelpaese.info\\\/\",\"name\":\"La Voce del Paese\",\"description\":\"Un network di idee\",\"publisher\":{\"@id\":\"https:\\\/\\\/lavocedelpaese.info\\\/#organization\"},\"potentialAction\":[{\"@type\":\"SearchAction\",\"target\":{\"@type\":\"EntryPoint\",\"urlTemplate\":\"https:\\\/\\\/lavocedelpaese.info\\\/?s={search_term_string}\"},\"query-input\":{\"@type\":\"PropertyValueSpecification\",\"valueRequired\":true,\"valueName\":\"search_term_string\"}}],\"inLanguage\":\"it-IT\"},{\"@type\":\"Organization\",\"@id\":\"https:\\\/\\\/lavocedelpaese.info\\\/#organization\",\"name\":\"La Voce del Paese\",\"url\":\"https:\\\/\\\/lavocedelpaese.info\\\/\",\"logo\":{\"@type\":\"ImageObject\",\"inLanguage\":\"it-IT\",\"@id\":\"https:\\\/\\\/lavocedelpaese.info\\\/#\\\/schema\\\/logo\\\/image\\\/\",\"url\":\"https:\\\/\\\/lavocedelpaese.info\\\/wp-content\\\/uploads\\\/2023\\\/01\\\/cropped-logo-150-127.png\",\"contentUrl\":\"https:\\\/\\\/lavocedelpaese.info\\\/wp-content\\\/uploads\\\/2023\\\/01\\\/cropped-logo-150-127.png\",\"width\":137,\"height\":119,\"caption\":\"La Voce del Paese\"},\"image\":{\"@id\":\"https:\\\/\\\/lavocedelpaese.info\\\/#\\\/schema\\\/logo\\\/image\\\/\"},\"sameAs\":[\"https:\\\/\\\/www.facebook.com\\\/lavocedelpaese.info\"]},{\"@type\":\"Person\",\"@id\":\"https:\\\/\\\/lavocedelpaese.info\\\/#\\\/schema\\\/person\\\/ec151d321306bd7591f7a061abf72d88\",\"name\":\"admin\",\"image\":{\"@type\":\"ImageObject\",\"inLanguage\":\"it-IT\",\"@id\":\"https:\\\/\\\/secure.gravatar.com\\\/avatar\\\/af8f2caf0663124588de48a9380e07cbc95a74ef15b8062d0d39106c32fe3023?s=96&d=mm&r=g\",\"url\":\"https:\\\/\\\/secure.gravatar.com\\\/avatar\\\/af8f2caf0663124588de48a9380e07cbc95a74ef15b8062d0d39106c32fe3023?s=96&d=mm&r=g\",\"contentUrl\":\"https:\\\/\\\/secure.gravatar.com\\\/avatar\\\/af8f2caf0663124588de48a9380e07cbc95a74ef15b8062d0d39106c32fe3023?s=96&d=mm&r=g\",\"caption\":\"admin\"},\"sameAs\":[\"https:\\\/\\\/lavocedelpaese.info\"],\"url\":\"https:\\\/\\\/lavocedelpaese.info\\\/index.php\\\/author\\\/admin\\\/\"}]}<\/script>\n<!-- \/ Yoast SEO plugin. -->","yoast_head_json":{"title":"Sagra del fornello e dello zampino. Un gusto che fa la storia\u00a0\u200b - La Voce del Paese","robots":{"index":"index","follow":"follow","max-snippet":"max-snippet:-1","max-image-preview":"max-image-preview:large","max-video-preview":"max-video-preview:-1"},"canonical":"https:\/\/lavocedelpaese.info\/index.php\/2025\/08\/08\/sagra-del-fornello-e-dello-zampino-un-gusto-che-fa-la-storia\/","og_locale":"it_IT","og_type":"article","og_title":"Sagra del fornello e dello zampino. Un gusto che fa la storia\u00a0\u200b - La Voce del Paese","og_description":"\u00a0 \u200b\u00a0 \u200b\u00a0 Il 13 e 14 agosto 2025 dalle ore 19:30, presso l\u2019ex macello comunale di Gioia del Colle,","og_url":"https:\/\/lavocedelpaese.info\/index.php\/2025\/08\/08\/sagra-del-fornello-e-dello-zampino-un-gusto-che-fa-la-storia\/","og_site_name":"La Voce del Paese","article_publisher":"https:\/\/www.facebook.com\/lavocedelpaese.info","article_published_time":"2025-08-08T20:13:37+00:00","author":"admin","twitter_card":"summary_large_image","twitter_misc":{"Scritto da":"admin","Tempo di lettura stimato":"3 minuti"},"schema":{"@context":"https:\/\/schema.org","@graph":[{"@type":"Article","@id":"https:\/\/lavocedelpaese.info\/index.php\/2025\/08\/08\/sagra-del-fornello-e-dello-zampino-un-gusto-che-fa-la-storia\/#article","isPartOf":{"@id":"https:\/\/lavocedelpaese.info\/index.php\/2025\/08\/08\/sagra-del-fornello-e-dello-zampino-un-gusto-che-fa-la-storia\/"},"author":{"name":"admin","@id":"https:\/\/lavocedelpaese.info\/#\/schema\/person\/ec151d321306bd7591f7a061abf72d88"},"headline":"Sagra del fornello e dello zampino. Un gusto che fa la storia\u00a0\u200b","datePublished":"2025-08-08T20:13:37+00:00","mainEntityOfPage":{"@id":"https:\/\/lavocedelpaese.info\/index.php\/2025\/08\/08\/sagra-del-fornello-e-dello-zampino-un-gusto-che-fa-la-storia\/"},"wordCount":567,"commentCount":0,"publisher":{"@id":"https:\/\/lavocedelpaese.info\/#organization"},"image":{"@id":"https:\/\/lavocedelpaese.info\/index.php\/2025\/08\/08\/sagra-del-fornello-e-dello-zampino-un-gusto-che-fa-la-storia\/#primaryimage"},"thumbnailUrl":"https:\/\/lavocedelpaese.info\/wp-content\/uploads\/2025\/08\/528301740_17980272188856642_2188674907051809408_n-rJVzn8.jpg","articleSection":["network"],"inLanguage":"it-IT","potentialAction":[{"@type":"CommentAction","name":"Comment","target":["https:\/\/lavocedelpaese.info\/index.php\/2025\/08\/08\/sagra-del-fornello-e-dello-zampino-un-gusto-che-fa-la-storia\/#respond"]}]},{"@type":"WebPage","@id":"https:\/\/lavocedelpaese.info\/index.php\/2025\/08\/08\/sagra-del-fornello-e-dello-zampino-un-gusto-che-fa-la-storia\/","url":"https:\/\/lavocedelpaese.info\/index.php\/2025\/08\/08\/sagra-del-fornello-e-dello-zampino-un-gusto-che-fa-la-storia\/","name":"Sagra del fornello e dello zampino. Un gusto che fa la storia\u00a0\u200b - La Voce del Paese","isPartOf":{"@id":"https:\/\/lavocedelpaese.info\/#website"},"primaryImageOfPage":{"@id":"https:\/\/lavocedelpaese.info\/index.php\/2025\/08\/08\/sagra-del-fornello-e-dello-zampino-un-gusto-che-fa-la-storia\/#primaryimage"},"image":{"@id":"https:\/\/lavocedelpaese.info\/index.php\/2025\/08\/08\/sagra-del-fornello-e-dello-zampino-un-gusto-che-fa-la-storia\/#primaryimage"},"thumbnailUrl":"https:\/\/lavocedelpaese.info\/wp-content\/uploads\/2025\/08\/528301740_17980272188856642_2188674907051809408_n-rJVzn8.jpg","datePublished":"2025-08-08T20:13:37+00:00","breadcrumb":{"@id":"https:\/\/lavocedelpaese.info\/index.php\/2025\/08\/08\/sagra-del-fornello-e-dello-zampino-un-gusto-che-fa-la-storia\/#breadcrumb"},"inLanguage":"it-IT","potentialAction":[{"@type":"ReadAction","target":["https:\/\/lavocedelpaese.info\/index.php\/2025\/08\/08\/sagra-del-fornello-e-dello-zampino-un-gusto-che-fa-la-storia\/"]}]},{"@type":"ImageObject","inLanguage":"it-IT","@id":"https:\/\/lavocedelpaese.info\/index.php\/2025\/08\/08\/sagra-del-fornello-e-dello-zampino-un-gusto-che-fa-la-storia\/#primaryimage","url":"https:\/\/lavocedelpaese.info\/wp-content\/uploads\/2025\/08\/528301740_17980272188856642_2188674907051809408_n-rJVzn8.jpg","contentUrl":"https:\/\/lavocedelpaese.info\/wp-content\/uploads\/2025\/08\/528301740_17980272188856642_2188674907051809408_n-rJVzn8.jpg","width":1000,"height":546},{"@type":"BreadcrumbList","@id":"https:\/\/lavocedelpaese.info\/index.php\/2025\/08\/08\/sagra-del-fornello-e-dello-zampino-un-gusto-che-fa-la-storia\/#breadcrumb","itemListElement":[{"@type":"ListItem","position":1,"name":"Home","item":"https:\/\/lavocedelpaese.info\/"},{"@type":"ListItem","position":2,"name":"Sagra del fornello e dello zampino. Un gusto che fa la storia\u00a0\u200b"}]},{"@type":"WebSite","@id":"https:\/\/lavocedelpaese.info\/#website","url":"https:\/\/lavocedelpaese.info\/","name":"La Voce del Paese","description":"Un network di idee","publisher":{"@id":"https:\/\/lavocedelpaese.info\/#organization"},"potentialAction":[{"@type":"SearchAction","target":{"@type":"EntryPoint","urlTemplate":"https:\/\/lavocedelpaese.info\/?s={search_term_string}"},"query-input":{"@type":"PropertyValueSpecification","valueRequired":true,"valueName":"search_term_string"}}],"inLanguage":"it-IT"},{"@type":"Organization","@id":"https:\/\/lavocedelpaese.info\/#organization","name":"La Voce del Paese","url":"https:\/\/lavocedelpaese.info\/","logo":{"@type":"ImageObject","inLanguage":"it-IT","@id":"https:\/\/lavocedelpaese.info\/#\/schema\/logo\/image\/","url":"https:\/\/lavocedelpaese.info\/wp-content\/uploads\/2023\/01\/cropped-logo-150-127.png","contentUrl":"https:\/\/lavocedelpaese.info\/wp-content\/uploads\/2023\/01\/cropped-logo-150-127.png","width":137,"height":119,"caption":"La Voce del Paese"},"image":{"@id":"https:\/\/lavocedelpaese.info\/#\/schema\/logo\/image\/"},"sameAs":["https:\/\/www.facebook.com\/lavocedelpaese.info"]},{"@type":"Person","@id":"https:\/\/lavocedelpaese.info\/#\/schema\/person\/ec151d321306bd7591f7a061abf72d88","name":"admin","image":{"@type":"ImageObject","inLanguage":"it-IT","@id":"https:\/\/secure.gravatar.com\/avatar\/af8f2caf0663124588de48a9380e07cbc95a74ef15b8062d0d39106c32fe3023?s=96&d=mm&r=g","url":"https:\/\/secure.gravatar.com\/avatar\/af8f2caf0663124588de48a9380e07cbc95a74ef15b8062d0d39106c32fe3023?s=96&d=mm&r=g","contentUrl":"https:\/\/secure.gravatar.com\/avatar\/af8f2caf0663124588de48a9380e07cbc95a74ef15b8062d0d39106c32fe3023?s=96&d=mm&r=g","caption":"admin"},"sameAs":["https:\/\/lavocedelpaese.info"],"url":"https:\/\/lavocedelpaese.info\/index.php\/author\/admin\/"}]}},"_links":{"self":[{"href":"https:\/\/lavocedelpaese.info\/index.php\/wp-json\/wp\/v2\/posts\/9767","targetHints":{"allow":["GET"]}}],"collection":[{"href":"https:\/\/lavocedelpaese.info\/index.php\/wp-json\/wp\/v2\/posts"}],"about":[{"href":"https:\/\/lavocedelpaese.info\/index.php\/wp-json\/wp\/v2\/types\/post"}],"author":[{"embeddable":true,"href":"https:\/\/lavocedelpaese.info\/index.php\/wp-json\/wp\/v2\/users\/6"}],"replies":[{"embeddable":true,"href":"https:\/\/lavocedelpaese.info\/index.php\/wp-json\/wp\/v2\/comments?post=9767"}],"version-history":[{"count":0,"href":"https:\/\/lavocedelpaese.info\/index.php\/wp-json\/wp\/v2\/posts\/9767\/revisions"}],"wp:featuredmedia":[{"embeddable":true,"href":"https:\/\/lavocedelpaese.info\/index.php\/wp-json\/wp\/v2\/media\/9768"}],"wp:attachment":[{"href":"https:\/\/lavocedelpaese.info\/index.php\/wp-json\/wp\/v2\/media?parent=9767"}],"wp:term":[{"taxonomy":"category","embeddable":true,"href":"https:\/\/lavocedelpaese.info\/index.php\/wp-json\/wp\/v2\/categories?post=9767"},{"taxonomy":"post_tag","embeddable":true,"href":"https:\/\/lavocedelpaese.info\/index.php\/wp-json\/wp\/v2\/tags?post=9767"}],"curies":[{"name":"wp","href":"https:\/\/api.w.org\/{rel}","templated":true}]}}