{"id":9736,"date":"2025-08-04T06:14:07","date_gmt":"2025-08-04T06:14:07","guid":{"rendered":"https:\/\/lavocedelpaese.info\/index.php\/2025\/08\/04\/xv-festival-del-belcanto-premiato-domenico-colaianni\/"},"modified":"2025-08-04T06:14:07","modified_gmt":"2025-08-04T06:14:07","slug":"xv-festival-del-belcanto-premiato-domenico-colaianni","status":"publish","type":"post","link":"https:\/\/lavocedelpaese.info\/index.php\/2025\/08\/04\/xv-festival-del-belcanto-premiato-domenico-colaianni\/","title":{"rendered":"XV Festival del Belcanto: premiato Domenico Colaianni\u00a0\u200b"},"content":{"rendered":"<p>\u00a0<\/p>\n<p>\u200b\u00a0<\/p>\n<p>\u200b\u00a0<\/p>\n<div><\/div>\n<h4 class=\"wp-block-heading\">Al baritono pugliese consegnato a Turi (Ba) il Premio del Belcanto 2025<\/h4>\n<p>Il secondo appuntamento con la <strong>XV edizione del Festival del Belcanto<\/strong> di Turi, \u00e8 stato con la consegna del <strong>Premio del Belcanto 2025<\/strong> al baritono <strong>Domenico Colaianni<\/strong>, artista di straordinario spessore e sensibilit\u00e0 musicale, da oltre trent\u2019anni protagonista indiscusso delle scene liriche pi\u00f9 prestigiose. Sabato 2 agosto, nel suggestivo scenario del centro storico di Turi (Ba), in piazza Antico Ospedale, ancora una volta la lirica \u00e8 stata protagonista.<\/p>\n<p>Nell\u2019occasione il Maestro Colaianni, si \u00e8 esibito di fronte ad un pubblico di appassionati, accompagnato al pianoforte dalla Maestra <strong>Barbara Rinero<\/strong>. Sul palco anche due giovani promesse, allievi del baritono barese: <strong>Joscelyne Kanynda <\/strong>(soprano) e <strong>Giuseppe Settanni<\/strong> (tenore).<\/p>\n<figure class=\"wp-block-image size-full\"><img decoding=\"async\" width=\"1087\" height=\"726\" src=\"https:\/\/turi.lavocedelpaese.info\/wp-content\/uploads\/2025\/08\/Premio-Belcanto-3ok.jpg\" alt=\"\" class=\"wp-image-7419\"\/><\/figure>\n<p>A consegnare il premio il sindaco di Turi <strong>Giuseppe De Tomaso<\/strong>. Ad introdurre la serata, presentata da <strong>Ivana Pantaleo<\/strong>, il direttore artistico del Festival del Belcanto <strong>Ferdinando Redavid. <\/strong>Nel corso della serata \u00e8 intervenuto anche<strong> Emanuele Ventura<\/strong>, presidente onorario di Cultura e Armonia.<\/p>\n<p><em>\u201cIn qualit\u00e0 di direttore artistico, sono molto felice di aver scelto, insieme alla commissione, di assegnare il Premio del Belcanto 2025 al Maestro Domenico Colaianni, artista di grande valore e ampiamente apprezzato nel panorama lirico nazionale e internazionale. \u2013 ha sottolineato il Maestro Ferdinando Redavid \u2013 Siamo onorati di poterlo ospitare nel nostro festival, e ci tengo a sottolineare che questo riconoscimento \u00e8 pi\u00f9 che meritato, in virt\u00f9 della sua straordinaria carriera e del contributo che ha dato al mondo dell\u2019opera.\u201d<\/em><\/p>\n<p><em>\u201cSono felice e orgoglioso di ricevere questo premio da un festival che anno dopo anno sta crescendo sempre pi\u00f9. \u00c8 segno che dal 1988, quando ho iniziato la mia carriera, ho lavorato bene, sempre nel mio repertorio, con amore, passione ed umilt\u00e0. Dedico questo premio alla mia famiglia, che mi ha sempre sostenuto e ha gioito con me, ai direttori artistici dei teatri, che mi hanno dato tanta fiducia e stima, ed al pubblico, che mi ha applaudito e dimostrato in tutti questi anni tanto affetto.\u201d <\/em>\u2013 il commento di Domenico Colaianni.<\/p>\n<figure class=\"wp-block-image size-full\"><img decoding=\"async\" width=\"1087\" height=\"726\" src=\"https:\/\/turi.lavocedelpaese.info\/wp-content\/uploads\/2025\/08\/Premio-Belcanto-4ok.jpg\" alt=\"\" class=\"wp-image-7420\"\/><\/figure>\n<p>Nato a Bari, Colaianni si \u00e8 diplomato in canto con il massimo dei voti al Conservatorio \u201cN. Piccinni\u201d, sotto la guida di A.M. Balboni. Vincitore nel 1989 del concorso <a href=\"http:\/\/as.li.co\/\" target=\"_blank\" rel=\"noreferrer noopener\">AS.LI.CO<\/a>., ha avuto l\u2019opportunit\u00e0 di perfezionarsi in corsi di preparazione curati da Magda Olivero, Graziella Sciutti e Maria Luisa Cioni.<\/p>\n<p>La sua carriera lo ha portato nei principali teatri italiani ed europei, sia come interprete di ruoli di repertorio che come protagonista di numerosi <em>repechages<\/em> di operisti del Settecento e del primo Ottocento. Ha calcato i palcoscenici di teatri come la Scala di Milano, il San Carlo di Napoli, il Regio di Torino, il Comunale di Bologna, la Fenice di Venezia, l\u2019Opera di Roma, l\u2019Arena Sferisterio di Macerata, e numerosi altri, fino ai grandi festival, come quello della Valle d\u2019Itria di Martina Franca.<\/p>\n<p>Oltre alla sua intensa attivit\u00e0 artistica, \u00e8 attualmente titolare della cattedra di canto presso il Conservatorio \u201cN. Piccinni\u201d di Bari, dove forma le nuove generazioni di interpreti lirici.<\/p>\n<p>Il Festival del Belcanto di Turi \u00e8 promosso e organizzato dall\u2019<strong>Accademia \u201cChi \u00e8 di scena!?\u201d, <\/strong>con il patrocinio del <strong>Comune di Turi<\/strong> e della <strong>Regione Puglia<\/strong>, e con il contributo di <strong>Cultura e Armonia<\/strong> e <strong>Willy Green Technology<\/strong>.<\/p>\n<p>Tutte le informazioni aggiornate sulla XV edizione del Festival del Belcanto sono disponibili sulle pagine social ufficiali.<\/p>\n<p><a class=\"a2a_button_facebook\" href=\"https:\/\/www.addtoany.com\/add_to\/facebook?linkurl=https%3A%2F%2Fturi.lavocedelpaese.info%2Fxv-festival-del-belcanto-premiato-domenico-colaianni%2F&amp;linkname=XV%20Festival%20del%20Belcanto%3A%20premiato%20Domenico%20Colaianni\" title=\"Facebook\" rel=\"nofollow noopener\" target=\"_blank\"><\/a><a class=\"a2a_button_twitter\" href=\"https:\/\/www.addtoany.com\/add_to\/twitter?linkurl=https%3A%2F%2Fturi.lavocedelpaese.info%2Fxv-festival-del-belcanto-premiato-domenico-colaianni%2F&amp;linkname=XV%20Festival%20del%20Belcanto%3A%20premiato%20Domenico%20Colaianni\" title=\"Twitter\" rel=\"nofollow noopener\" target=\"_blank\"><\/a><a class=\"a2a_button_whatsapp\" href=\"https:\/\/www.addtoany.com\/add_to\/whatsapp?linkurl=https%3A%2F%2Fturi.lavocedelpaese.info%2Fxv-festival-del-belcanto-premiato-domenico-colaianni%2F&amp;linkname=XV%20Festival%20del%20Belcanto%3A%20premiato%20Domenico%20Colaianni\" title=\"WhatsApp\" rel=\"nofollow noopener\" target=\"_blank\"><\/a><a class=\"a2a_button_telegram\" href=\"https:\/\/www.addtoany.com\/add_to\/telegram?linkurl=https%3A%2F%2Fturi.lavocedelpaese.info%2Fxv-festival-del-belcanto-premiato-domenico-colaianni%2F&amp;linkname=XV%20Festival%20del%20Belcanto%3A%20premiato%20Domenico%20Colaianni\" title=\"Telegram\" rel=\"nofollow noopener\" target=\"_blank\"><\/a><a class=\"a2a_button_email\" href=\"https:\/\/www.addtoany.com\/add_to\/email?linkurl=https%3A%2F%2Fturi.lavocedelpaese.info%2Fxv-festival-del-belcanto-premiato-domenico-colaianni%2F&amp;linkname=XV%20Festival%20del%20Belcanto%3A%20premiato%20Domenico%20Colaianni\" title=\"Email\" rel=\"nofollow noopener\" target=\"_blank\"><\/a><\/p>\n<p>L&#8217;articolo <a href=\"https:\/\/turi.lavocedelpaese.info\/xv-festival-del-belcanto-premiato-domenico-colaianni\/\">XV Festival del Belcanto: premiato Domenico Colaianni<\/a> proviene da <a href=\"https:\/\/turi.lavocedelpaese.info\/\">Turi &#8211; La Voce del Paese<\/a>.<\/p>\n<p>\u00a0<\/p>\n<p>\u00a0<\/p>\n<p>\u200b\u00a0\u00a0\u00a0<\/p>","protected":false},"excerpt":{"rendered":"<p>\u00a0 \u200b\u00a0 \u200b\u00a0 Al baritono pugliese consegnato a Turi (Ba) il Premio del Belcanto 2025 Il secondo appuntamento con la<\/p>\n","protected":false},"author":6,"featured_media":9737,"comment_status":"open","ping_status":"closed","sticky":false,"template":"","format":"standard","meta":{"colormag_page_container_layout":"default_layout","colormag_page_sidebar_layout":"default_layout","footnotes":""},"categories":[33],"tags":[],"class_list":["post-9736","post","type-post","status-publish","format-standard","has-post-thumbnail","hentry","category-network"],"yoast_head":"<!-- This site is optimized with the Yoast SEO plugin v27.5 - https:\/\/yoast.com\/product\/yoast-seo-wordpress\/ -->\n<title>XV Festival del Belcanto: premiato Domenico Colaianni\u00a0\u200b - La Voce del Paese<\/title>\n<meta name=\"robots\" content=\"index, follow, max-snippet:-1, max-image-preview:large, max-video-preview:-1\" \/>\n<link rel=\"canonical\" href=\"https:\/\/lavocedelpaese.info\/index.php\/2025\/08\/04\/xv-festival-del-belcanto-premiato-domenico-colaianni\/\" \/>\n<meta property=\"og:locale\" content=\"it_IT\" \/>\n<meta property=\"og:type\" content=\"article\" \/>\n<meta property=\"og:title\" content=\"XV Festival del Belcanto: premiato Domenico Colaianni\u00a0\u200b - La Voce del Paese\" \/>\n<meta property=\"og:description\" content=\"\u00a0 \u200b\u00a0 \u200b\u00a0 Al baritono pugliese consegnato a Turi (Ba) il Premio del Belcanto 2025 Il secondo appuntamento con la\" \/>\n<meta property=\"og:url\" content=\"https:\/\/lavocedelpaese.info\/index.php\/2025\/08\/04\/xv-festival-del-belcanto-premiato-domenico-colaianni\/\" \/>\n<meta property=\"og:site_name\" content=\"La Voce del Paese\" \/>\n<meta property=\"article:publisher\" content=\"https:\/\/www.facebook.com\/lavocedelpaese.info\" \/>\n<meta property=\"article:published_time\" content=\"2025-08-04T06:14:07+00:00\" \/>\n<meta name=\"author\" content=\"admin\" \/>\n<meta name=\"twitter:card\" content=\"summary_large_image\" \/>\n<meta name=\"twitter:label1\" content=\"Scritto da\" \/>\n\t<meta name=\"twitter:data1\" content=\"admin\" \/>\n\t<meta name=\"twitter:label2\" content=\"Tempo di lettura stimato\" \/>\n\t<meta name=\"twitter:data2\" content=\"3 minuti\" \/>\n<script type=\"application\/ld+json\" class=\"yoast-schema-graph\">{\"@context\":\"https:\\\/\\\/schema.org\",\"@graph\":[{\"@type\":\"Article\",\"@id\":\"https:\\\/\\\/lavocedelpaese.info\\\/index.php\\\/2025\\\/08\\\/04\\\/xv-festival-del-belcanto-premiato-domenico-colaianni\\\/#article\",\"isPartOf\":{\"@id\":\"https:\\\/\\\/lavocedelpaese.info\\\/index.php\\\/2025\\\/08\\\/04\\\/xv-festival-del-belcanto-premiato-domenico-colaianni\\\/\"},\"author\":{\"name\":\"admin\",\"@id\":\"https:\\\/\\\/lavocedelpaese.info\\\/#\\\/schema\\\/person\\\/ec151d321306bd7591f7a061abf72d88\"},\"headline\":\"XV Festival del Belcanto: premiato Domenico Colaianni\u00a0\u200b\",\"datePublished\":\"2025-08-04T06:14:07+00:00\",\"mainEntityOfPage\":{\"@id\":\"https:\\\/\\\/lavocedelpaese.info\\\/index.php\\\/2025\\\/08\\\/04\\\/xv-festival-del-belcanto-premiato-domenico-colaianni\\\/\"},\"wordCount\":565,\"commentCount\":0,\"publisher\":{\"@id\":\"https:\\\/\\\/lavocedelpaese.info\\\/#organization\"},\"image\":{\"@id\":\"https:\\\/\\\/lavocedelpaese.info\\\/index.php\\\/2025\\\/08\\\/04\\\/xv-festival-del-belcanto-premiato-domenico-colaianni\\\/#primaryimage\"},\"thumbnailUrl\":\"https:\\\/\\\/lavocedelpaese.info\\\/wp-content\\\/uploads\\\/2025\\\/08\\\/Premio-Belcanto-3ok-ojBxlD.jpg\",\"articleSection\":[\"network\"],\"inLanguage\":\"it-IT\",\"potentialAction\":[{\"@type\":\"CommentAction\",\"name\":\"Comment\",\"target\":[\"https:\\\/\\\/lavocedelpaese.info\\\/index.php\\\/2025\\\/08\\\/04\\\/xv-festival-del-belcanto-premiato-domenico-colaianni\\\/#respond\"]}]},{\"@type\":\"WebPage\",\"@id\":\"https:\\\/\\\/lavocedelpaese.info\\\/index.php\\\/2025\\\/08\\\/04\\\/xv-festival-del-belcanto-premiato-domenico-colaianni\\\/\",\"url\":\"https:\\\/\\\/lavocedelpaese.info\\\/index.php\\\/2025\\\/08\\\/04\\\/xv-festival-del-belcanto-premiato-domenico-colaianni\\\/\",\"name\":\"XV Festival del Belcanto: premiato Domenico Colaianni\u00a0\u200b - La Voce del Paese\",\"isPartOf\":{\"@id\":\"https:\\\/\\\/lavocedelpaese.info\\\/#website\"},\"primaryImageOfPage\":{\"@id\":\"https:\\\/\\\/lavocedelpaese.info\\\/index.php\\\/2025\\\/08\\\/04\\\/xv-festival-del-belcanto-premiato-domenico-colaianni\\\/#primaryimage\"},\"image\":{\"@id\":\"https:\\\/\\\/lavocedelpaese.info\\\/index.php\\\/2025\\\/08\\\/04\\\/xv-festival-del-belcanto-premiato-domenico-colaianni\\\/#primaryimage\"},\"thumbnailUrl\":\"https:\\\/\\\/lavocedelpaese.info\\\/wp-content\\\/uploads\\\/2025\\\/08\\\/Premio-Belcanto-3ok-ojBxlD.jpg\",\"datePublished\":\"2025-08-04T06:14:07+00:00\",\"breadcrumb\":{\"@id\":\"https:\\\/\\\/lavocedelpaese.info\\\/index.php\\\/2025\\\/08\\\/04\\\/xv-festival-del-belcanto-premiato-domenico-colaianni\\\/#breadcrumb\"},\"inLanguage\":\"it-IT\",\"potentialAction\":[{\"@type\":\"ReadAction\",\"target\":[\"https:\\\/\\\/lavocedelpaese.info\\\/index.php\\\/2025\\\/08\\\/04\\\/xv-festival-del-belcanto-premiato-domenico-colaianni\\\/\"]}]},{\"@type\":\"ImageObject\",\"inLanguage\":\"it-IT\",\"@id\":\"https:\\\/\\\/lavocedelpaese.info\\\/index.php\\\/2025\\\/08\\\/04\\\/xv-festival-del-belcanto-premiato-domenico-colaianni\\\/#primaryimage\",\"url\":\"https:\\\/\\\/lavocedelpaese.info\\\/wp-content\\\/uploads\\\/2025\\\/08\\\/Premio-Belcanto-3ok-ojBxlD.jpg\",\"contentUrl\":\"https:\\\/\\\/lavocedelpaese.info\\\/wp-content\\\/uploads\\\/2025\\\/08\\\/Premio-Belcanto-3ok-ojBxlD.jpg\",\"width\":1000,\"height\":668},{\"@type\":\"BreadcrumbList\",\"@id\":\"https:\\\/\\\/lavocedelpaese.info\\\/index.php\\\/2025\\\/08\\\/04\\\/xv-festival-del-belcanto-premiato-domenico-colaianni\\\/#breadcrumb\",\"itemListElement\":[{\"@type\":\"ListItem\",\"position\":1,\"name\":\"Home\",\"item\":\"https:\\\/\\\/lavocedelpaese.info\\\/\"},{\"@type\":\"ListItem\",\"position\":2,\"name\":\"XV Festival del Belcanto: premiato Domenico Colaianni\u00a0\u200b\"}]},{\"@type\":\"WebSite\",\"@id\":\"https:\\\/\\\/lavocedelpaese.info\\\/#website\",\"url\":\"https:\\\/\\\/lavocedelpaese.info\\\/\",\"name\":\"La Voce del Paese\",\"description\":\"Un network di idee\",\"publisher\":{\"@id\":\"https:\\\/\\\/lavocedelpaese.info\\\/#organization\"},\"potentialAction\":[{\"@type\":\"SearchAction\",\"target\":{\"@type\":\"EntryPoint\",\"urlTemplate\":\"https:\\\/\\\/lavocedelpaese.info\\\/?s={search_term_string}\"},\"query-input\":{\"@type\":\"PropertyValueSpecification\",\"valueRequired\":true,\"valueName\":\"search_term_string\"}}],\"inLanguage\":\"it-IT\"},{\"@type\":\"Organization\",\"@id\":\"https:\\\/\\\/lavocedelpaese.info\\\/#organization\",\"name\":\"La Voce del Paese\",\"url\":\"https:\\\/\\\/lavocedelpaese.info\\\/\",\"logo\":{\"@type\":\"ImageObject\",\"inLanguage\":\"it-IT\",\"@id\":\"https:\\\/\\\/lavocedelpaese.info\\\/#\\\/schema\\\/logo\\\/image\\\/\",\"url\":\"https:\\\/\\\/lavocedelpaese.info\\\/wp-content\\\/uploads\\\/2023\\\/01\\\/cropped-logo-150-127.png\",\"contentUrl\":\"https:\\\/\\\/lavocedelpaese.info\\\/wp-content\\\/uploads\\\/2023\\\/01\\\/cropped-logo-150-127.png\",\"width\":137,\"height\":119,\"caption\":\"La Voce del Paese\"},\"image\":{\"@id\":\"https:\\\/\\\/lavocedelpaese.info\\\/#\\\/schema\\\/logo\\\/image\\\/\"},\"sameAs\":[\"https:\\\/\\\/www.facebook.com\\\/lavocedelpaese.info\"]},{\"@type\":\"Person\",\"@id\":\"https:\\\/\\\/lavocedelpaese.info\\\/#\\\/schema\\\/person\\\/ec151d321306bd7591f7a061abf72d88\",\"name\":\"admin\",\"image\":{\"@type\":\"ImageObject\",\"inLanguage\":\"it-IT\",\"@id\":\"https:\\\/\\\/secure.gravatar.com\\\/avatar\\\/af8f2caf0663124588de48a9380e07cbc95a74ef15b8062d0d39106c32fe3023?s=96&d=mm&r=g\",\"url\":\"https:\\\/\\\/secure.gravatar.com\\\/avatar\\\/af8f2caf0663124588de48a9380e07cbc95a74ef15b8062d0d39106c32fe3023?s=96&d=mm&r=g\",\"contentUrl\":\"https:\\\/\\\/secure.gravatar.com\\\/avatar\\\/af8f2caf0663124588de48a9380e07cbc95a74ef15b8062d0d39106c32fe3023?s=96&d=mm&r=g\",\"caption\":\"admin\"},\"sameAs\":[\"https:\\\/\\\/lavocedelpaese.info\"],\"url\":\"https:\\\/\\\/lavocedelpaese.info\\\/index.php\\\/author\\\/admin\\\/\"}]}<\/script>\n<!-- \/ Yoast SEO plugin. -->","yoast_head_json":{"title":"XV Festival del Belcanto: premiato Domenico Colaianni\u00a0\u200b - La Voce del Paese","robots":{"index":"index","follow":"follow","max-snippet":"max-snippet:-1","max-image-preview":"max-image-preview:large","max-video-preview":"max-video-preview:-1"},"canonical":"https:\/\/lavocedelpaese.info\/index.php\/2025\/08\/04\/xv-festival-del-belcanto-premiato-domenico-colaianni\/","og_locale":"it_IT","og_type":"article","og_title":"XV Festival del Belcanto: premiato Domenico Colaianni\u00a0\u200b - La Voce del Paese","og_description":"\u00a0 \u200b\u00a0 \u200b\u00a0 Al baritono pugliese consegnato a Turi (Ba) il Premio del Belcanto 2025 Il secondo appuntamento con la","og_url":"https:\/\/lavocedelpaese.info\/index.php\/2025\/08\/04\/xv-festival-del-belcanto-premiato-domenico-colaianni\/","og_site_name":"La Voce del Paese","article_publisher":"https:\/\/www.facebook.com\/lavocedelpaese.info","article_published_time":"2025-08-04T06:14:07+00:00","author":"admin","twitter_card":"summary_large_image","twitter_misc":{"Scritto da":"admin","Tempo di lettura stimato":"3 minuti"},"schema":{"@context":"https:\/\/schema.org","@graph":[{"@type":"Article","@id":"https:\/\/lavocedelpaese.info\/index.php\/2025\/08\/04\/xv-festival-del-belcanto-premiato-domenico-colaianni\/#article","isPartOf":{"@id":"https:\/\/lavocedelpaese.info\/index.php\/2025\/08\/04\/xv-festival-del-belcanto-premiato-domenico-colaianni\/"},"author":{"name":"admin","@id":"https:\/\/lavocedelpaese.info\/#\/schema\/person\/ec151d321306bd7591f7a061abf72d88"},"headline":"XV Festival del Belcanto: premiato Domenico Colaianni\u00a0\u200b","datePublished":"2025-08-04T06:14:07+00:00","mainEntityOfPage":{"@id":"https:\/\/lavocedelpaese.info\/index.php\/2025\/08\/04\/xv-festival-del-belcanto-premiato-domenico-colaianni\/"},"wordCount":565,"commentCount":0,"publisher":{"@id":"https:\/\/lavocedelpaese.info\/#organization"},"image":{"@id":"https:\/\/lavocedelpaese.info\/index.php\/2025\/08\/04\/xv-festival-del-belcanto-premiato-domenico-colaianni\/#primaryimage"},"thumbnailUrl":"https:\/\/lavocedelpaese.info\/wp-content\/uploads\/2025\/08\/Premio-Belcanto-3ok-ojBxlD.jpg","articleSection":["network"],"inLanguage":"it-IT","potentialAction":[{"@type":"CommentAction","name":"Comment","target":["https:\/\/lavocedelpaese.info\/index.php\/2025\/08\/04\/xv-festival-del-belcanto-premiato-domenico-colaianni\/#respond"]}]},{"@type":"WebPage","@id":"https:\/\/lavocedelpaese.info\/index.php\/2025\/08\/04\/xv-festival-del-belcanto-premiato-domenico-colaianni\/","url":"https:\/\/lavocedelpaese.info\/index.php\/2025\/08\/04\/xv-festival-del-belcanto-premiato-domenico-colaianni\/","name":"XV Festival del Belcanto: premiato Domenico Colaianni\u00a0\u200b - La Voce del Paese","isPartOf":{"@id":"https:\/\/lavocedelpaese.info\/#website"},"primaryImageOfPage":{"@id":"https:\/\/lavocedelpaese.info\/index.php\/2025\/08\/04\/xv-festival-del-belcanto-premiato-domenico-colaianni\/#primaryimage"},"image":{"@id":"https:\/\/lavocedelpaese.info\/index.php\/2025\/08\/04\/xv-festival-del-belcanto-premiato-domenico-colaianni\/#primaryimage"},"thumbnailUrl":"https:\/\/lavocedelpaese.info\/wp-content\/uploads\/2025\/08\/Premio-Belcanto-3ok-ojBxlD.jpg","datePublished":"2025-08-04T06:14:07+00:00","breadcrumb":{"@id":"https:\/\/lavocedelpaese.info\/index.php\/2025\/08\/04\/xv-festival-del-belcanto-premiato-domenico-colaianni\/#breadcrumb"},"inLanguage":"it-IT","potentialAction":[{"@type":"ReadAction","target":["https:\/\/lavocedelpaese.info\/index.php\/2025\/08\/04\/xv-festival-del-belcanto-premiato-domenico-colaianni\/"]}]},{"@type":"ImageObject","inLanguage":"it-IT","@id":"https:\/\/lavocedelpaese.info\/index.php\/2025\/08\/04\/xv-festival-del-belcanto-premiato-domenico-colaianni\/#primaryimage","url":"https:\/\/lavocedelpaese.info\/wp-content\/uploads\/2025\/08\/Premio-Belcanto-3ok-ojBxlD.jpg","contentUrl":"https:\/\/lavocedelpaese.info\/wp-content\/uploads\/2025\/08\/Premio-Belcanto-3ok-ojBxlD.jpg","width":1000,"height":668},{"@type":"BreadcrumbList","@id":"https:\/\/lavocedelpaese.info\/index.php\/2025\/08\/04\/xv-festival-del-belcanto-premiato-domenico-colaianni\/#breadcrumb","itemListElement":[{"@type":"ListItem","position":1,"name":"Home","item":"https:\/\/lavocedelpaese.info\/"},{"@type":"ListItem","position":2,"name":"XV Festival del Belcanto: premiato Domenico Colaianni\u00a0\u200b"}]},{"@type":"WebSite","@id":"https:\/\/lavocedelpaese.info\/#website","url":"https:\/\/lavocedelpaese.info\/","name":"La Voce del Paese","description":"Un network di idee","publisher":{"@id":"https:\/\/lavocedelpaese.info\/#organization"},"potentialAction":[{"@type":"SearchAction","target":{"@type":"EntryPoint","urlTemplate":"https:\/\/lavocedelpaese.info\/?s={search_term_string}"},"query-input":{"@type":"PropertyValueSpecification","valueRequired":true,"valueName":"search_term_string"}}],"inLanguage":"it-IT"},{"@type":"Organization","@id":"https:\/\/lavocedelpaese.info\/#organization","name":"La Voce del Paese","url":"https:\/\/lavocedelpaese.info\/","logo":{"@type":"ImageObject","inLanguage":"it-IT","@id":"https:\/\/lavocedelpaese.info\/#\/schema\/logo\/image\/","url":"https:\/\/lavocedelpaese.info\/wp-content\/uploads\/2023\/01\/cropped-logo-150-127.png","contentUrl":"https:\/\/lavocedelpaese.info\/wp-content\/uploads\/2023\/01\/cropped-logo-150-127.png","width":137,"height":119,"caption":"La Voce del Paese"},"image":{"@id":"https:\/\/lavocedelpaese.info\/#\/schema\/logo\/image\/"},"sameAs":["https:\/\/www.facebook.com\/lavocedelpaese.info"]},{"@type":"Person","@id":"https:\/\/lavocedelpaese.info\/#\/schema\/person\/ec151d321306bd7591f7a061abf72d88","name":"admin","image":{"@type":"ImageObject","inLanguage":"it-IT","@id":"https:\/\/secure.gravatar.com\/avatar\/af8f2caf0663124588de48a9380e07cbc95a74ef15b8062d0d39106c32fe3023?s=96&d=mm&r=g","url":"https:\/\/secure.gravatar.com\/avatar\/af8f2caf0663124588de48a9380e07cbc95a74ef15b8062d0d39106c32fe3023?s=96&d=mm&r=g","contentUrl":"https:\/\/secure.gravatar.com\/avatar\/af8f2caf0663124588de48a9380e07cbc95a74ef15b8062d0d39106c32fe3023?s=96&d=mm&r=g","caption":"admin"},"sameAs":["https:\/\/lavocedelpaese.info"],"url":"https:\/\/lavocedelpaese.info\/index.php\/author\/admin\/"}]}},"_links":{"self":[{"href":"https:\/\/lavocedelpaese.info\/index.php\/wp-json\/wp\/v2\/posts\/9736","targetHints":{"allow":["GET"]}}],"collection":[{"href":"https:\/\/lavocedelpaese.info\/index.php\/wp-json\/wp\/v2\/posts"}],"about":[{"href":"https:\/\/lavocedelpaese.info\/index.php\/wp-json\/wp\/v2\/types\/post"}],"author":[{"embeddable":true,"href":"https:\/\/lavocedelpaese.info\/index.php\/wp-json\/wp\/v2\/users\/6"}],"replies":[{"embeddable":true,"href":"https:\/\/lavocedelpaese.info\/index.php\/wp-json\/wp\/v2\/comments?post=9736"}],"version-history":[{"count":0,"href":"https:\/\/lavocedelpaese.info\/index.php\/wp-json\/wp\/v2\/posts\/9736\/revisions"}],"wp:featuredmedia":[{"embeddable":true,"href":"https:\/\/lavocedelpaese.info\/index.php\/wp-json\/wp\/v2\/media\/9737"}],"wp:attachment":[{"href":"https:\/\/lavocedelpaese.info\/index.php\/wp-json\/wp\/v2\/media?parent=9736"}],"wp:term":[{"taxonomy":"category","embeddable":true,"href":"https:\/\/lavocedelpaese.info\/index.php\/wp-json\/wp\/v2\/categories?post=9736"},{"taxonomy":"post_tag","embeddable":true,"href":"https:\/\/lavocedelpaese.info\/index.php\/wp-json\/wp\/v2\/tags?post=9736"}],"curies":[{"name":"wp","href":"https:\/\/api.w.org\/{rel}","templated":true}]}}