{"id":9733,"date":"2025-07-31T06:13:38","date_gmt":"2025-07-31T06:13:38","guid":{"rendered":"https:\/\/lavocedelpaese.info\/index.php\/2025\/07\/31\/liste-dattesa-idee-risorse-umane-e-mezzi\/"},"modified":"2025-07-31T06:13:38","modified_gmt":"2025-07-31T06:13:38","slug":"liste-dattesa-idee-risorse-umane-e-mezzi","status":"publish","type":"post","link":"https:\/\/lavocedelpaese.info\/index.php\/2025\/07\/31\/liste-dattesa-idee-risorse-umane-e-mezzi\/","title":{"rendered":"Liste d\u2019attesa: idee, risorse umane e mezzi\u00a0\u200b"},"content":{"rendered":"<p>\u00a0<\/p>\n<p>\u200b\u00a0<\/p>\n<p>\u200b\u00a0<\/p>\n<p>La ASL Bari sta mobilitando tutte le risorse disponibili, in idee, operatori sanitari e mezzi, per potenziare la capacit\u00e0 di erogazione di visite ed esami ed abbattere i tempi d\u2019attesa per i cittadini.<\/p>\n<p>Lo scrive in una nota la Asl Bari, nel rendiconto di una conferenza tenutasi ieri nell\u2019Auditorium \u201cArcobaleno\u201d, durante l\u2019incontro periodico tra Direzione generale, responsabili di Distretto e specialistica ambulatoriale, il rappresentante della Medicina generale, dr. Nino Lombardo, e le organizzazioni sindacali Cgil, Cisl e Uil, unitamente alle rispettive categorie dei Pensionati, Funzione Pubblica e Dirigenza Medica, che hanno sottoscritto l\u2019Accordo regionale del 2 maggio 2023 finalizzato a razionalizzare e semplificare le procedure di prenotazione, garantendo un accesso pi\u00f9 equo e trasparente alle prestazioni sanitarie.<\/p>\n<p>Il Direttore generale Luigi Fruscio, la Direttrice sanitaria Rosella Squicciarini e la Responsabile Unica Liste d\u2019Attesa (RULA), Maria Filomena Gallone, hanno illustrato agli intervenuti i diversi \u201ccorrettivi\u201d gi\u00e0 messi in campo dall\u2019azienda o di prossima programmazione, a partire da un\u2019analisi approfondita dei dati, della capacit\u00e0 produttiva e dell\u2019organizzazione di lavoro. Tra le novit\u00e0 emerse, l\u2019impiego dei sistemi di telemedicina (televisita e telemonitoraggio) per rinnovo dei piani terapeutici e prescrizione ausili, il lancio del progetto \u201cpiastra ambulatoriale\u201d per la presa in carico dei pazienti anche a livello distrettuale, oltre che ospedaliero, la razionalizzazione delle agende di gruppo, la refertazione a distanza con il sistema \u201cRis-Pacs\u201d, nonch\u00e8 l\u2019adozione di controlli sui sistemi prescrittivi.<\/p>\n<p>La richiesta arrivata dalle organizzazioni sindacali \u00e8 quella di prendere in carico le fasce dei cittadini pi\u00f9 anziani over 75, cos\u00ec come fatto con i \u201cpercorsi di tutela\u201d gi\u00e0 attivi ed essenzialmente rivolti ai pazienti affetti da grave handicap, pazienti oncologici e pazienti con cronicit\u00e0 importanti (progetto \u201cAvviciniamoci\u201d e progetto \u201cUrgenze\u201d), oltre a ribadire la necessit\u00e0 di definire il Regolamento ex lege 107 per il diritto alla prestazione, monitorare costantemente la situazione e prevedere cadenzati momenti di confronto per risolvere eventuali criticit\u00e0 e verificare gli stati di avanzamento, facendo in modo che con la presa in carico degli utenti si eviti il ricorso alle varie strutture sanitarie per le\u00a0 successive prenotazioni.<\/p>\n<p>Grazie al Progetto \u201cALA\u201d (Abbattimento Liste d\u2019Attesa), inoltre, l\u2019anno scorso \u00e8 stato possibile avviare un\u2019attivit\u00e0 di recall con l\u2019obiettivo di anticipare quasi 10mila appuntamenti, che ha registrato un\u2019adesione all\u2019anticipo dell\u2019appuntamento di circa il 18,5% (1.835 appuntamenti) ed una sostanziale conferma delle restanti prenotazioni (81,5%).<\/p>\n<p>Per il 2025, invece, la ASL Bari sta perseguendo un duplice obiettivo: abbattere le liste d\u2019attesa aumentando l\u2019offerta, con 2.500 risonanze in pi\u00f9 sino a fine anno e prevedendo 324 turni per 1.944 ore aggiuntive di medici radiologi, tecnici e infermieri, e nello stesso tempo qualificare la domanda attraverso il miglioramento dell\u2019appropriatezza prescrittiva.<\/p>\n<p>Il Dipartimento di Radiodiagnostica della ASL Bari ha saggiato le potenzialit\u00e0 del progetto nella prima parte di giugno e ora lo sta portando a regime impiegando quattro Radiologie di altrettanti ospedali, il \u201cDi Venere\u201d e il San Paolo di Bari, il presidio di Altamura Murgia e il San Giacomo di Monopoli, e sfruttando la piena capacit\u00e0 erogativa di sei Risonanze magnetiche. Il piano in corso prevede di poter garantire il potenziamento con 2.592 risonanze, con il pieno utilizzo delle macchine dal luned\u00ec al sabato mattina, la disponibilit\u00e0 operativa per il sabato pomeriggio e anche per l\u2019intera domenica, anche con turni svolti durante le ore serali (20-23).<\/p>\n<p>Parallelamente all\u2019incremento e razionalizzazione della offerta, si punta ad una gestione efficace della domanda, che deve avere come fulcro l\u2019appropriatezza delle prestazioni erogate. Per questo motivo gli specialisti del Dipartimento di Radiodiagnostica e Medicina Nucleare hanno elaborato uno strumento semplice e di facile consultazione, un breve manuale intitolato \u201cL\u2019appropriatezza prescrittiva in Diagnostica per immagini \u2013 Rmn, Tc, Ecografia e Dxa\u201d, che \u00e8 in distribuzione a tutti i medici prescrittori, a partire dalla stretta collaborazione con le Aggregazioni Funzionali Territoriali (AFT), il nuovo modello organizzativo dei medici di Medicina generale, con cui proprio ieri si \u00e8 tenuto un proficuo incontro.<\/p>\n<p><a class=\"a2a_button_facebook\" href=\"https:\/\/www.addtoany.com\/add_to\/facebook?linkurl=https%3A%2F%2Fcassano.lavocedelpaese.info%2Fliste-dattesa-idee-risorse-umane-e-mezzi%2F&amp;linkname=Liste%20d%E2%80%99attesa%3A%20idee%2C%20risorse%20umane%20e%20mezzi\" title=\"Facebook\" rel=\"nofollow noopener\" target=\"_blank\"><\/a><a class=\"a2a_button_twitter\" href=\"https:\/\/www.addtoany.com\/add_to\/twitter?linkurl=https%3A%2F%2Fcassano.lavocedelpaese.info%2Fliste-dattesa-idee-risorse-umane-e-mezzi%2F&amp;linkname=Liste%20d%E2%80%99attesa%3A%20idee%2C%20risorse%20umane%20e%20mezzi\" title=\"Twitter\" rel=\"nofollow noopener\" target=\"_blank\"><\/a><a class=\"a2a_button_whatsapp\" href=\"https:\/\/www.addtoany.com\/add_to\/whatsapp?linkurl=https%3A%2F%2Fcassano.lavocedelpaese.info%2Fliste-dattesa-idee-risorse-umane-e-mezzi%2F&amp;linkname=Liste%20d%E2%80%99attesa%3A%20idee%2C%20risorse%20umane%20e%20mezzi\" title=\"WhatsApp\" rel=\"nofollow noopener\" target=\"_blank\"><\/a><a class=\"a2a_button_telegram\" href=\"https:\/\/www.addtoany.com\/add_to\/telegram?linkurl=https%3A%2F%2Fcassano.lavocedelpaese.info%2Fliste-dattesa-idee-risorse-umane-e-mezzi%2F&amp;linkname=Liste%20d%E2%80%99attesa%3A%20idee%2C%20risorse%20umane%20e%20mezzi\" title=\"Telegram\" rel=\"nofollow noopener\" target=\"_blank\"><\/a><a class=\"a2a_button_email\" href=\"https:\/\/www.addtoany.com\/add_to\/email?linkurl=https%3A%2F%2Fcassano.lavocedelpaese.info%2Fliste-dattesa-idee-risorse-umane-e-mezzi%2F&amp;linkname=Liste%20d%E2%80%99attesa%3A%20idee%2C%20risorse%20umane%20e%20mezzi\" title=\"Email\" rel=\"nofollow noopener\" target=\"_blank\"><\/a><\/p>\n<p>\u00a0<\/p>\n<p>\u00a0<\/p>\n<p>\u200b\u00a0\u00a0\u00a0<\/p>","protected":false},"excerpt":{"rendered":"<p>\u00a0 \u200b\u00a0 \u200b\u00a0 La ASL Bari sta mobilitando tutte le risorse disponibili, in idee, operatori sanitari e mezzi, per potenziare<\/p>\n","protected":false},"author":6,"featured_media":730,"comment_status":"open","ping_status":"closed","sticky":false,"template":"","format":"standard","meta":{"colormag_page_container_layout":"default_layout","colormag_page_sidebar_layout":"default_layout","footnotes":""},"categories":[33],"tags":[],"class_list":["post-9733","post","type-post","status-publish","format-standard","has-post-thumbnail","hentry","category-network"],"yoast_head":"<!-- This site is optimized with the Yoast SEO plugin v27.5 - https:\/\/yoast.com\/product\/yoast-seo-wordpress\/ -->\n<title>Liste d\u2019attesa: idee, risorse umane e mezzi\u00a0\u200b - La Voce del Paese<\/title>\n<meta name=\"robots\" content=\"index, follow, max-snippet:-1, max-image-preview:large, max-video-preview:-1\" \/>\n<link rel=\"canonical\" href=\"https:\/\/lavocedelpaese.info\/index.php\/2025\/07\/31\/liste-dattesa-idee-risorse-umane-e-mezzi\/\" \/>\n<meta property=\"og:locale\" content=\"it_IT\" \/>\n<meta property=\"og:type\" content=\"article\" \/>\n<meta property=\"og:title\" content=\"Liste d\u2019attesa: idee, risorse umane e mezzi\u00a0\u200b - La Voce del Paese\" \/>\n<meta property=\"og:description\" content=\"\u00a0 \u200b\u00a0 \u200b\u00a0 La ASL Bari sta mobilitando tutte le risorse disponibili, in idee, operatori sanitari e mezzi, per potenziare\" \/>\n<meta property=\"og:url\" content=\"https:\/\/lavocedelpaese.info\/index.php\/2025\/07\/31\/liste-dattesa-idee-risorse-umane-e-mezzi\/\" \/>\n<meta property=\"og:site_name\" content=\"La Voce del Paese\" \/>\n<meta property=\"article:publisher\" content=\"https:\/\/www.facebook.com\/lavocedelpaese.info\" \/>\n<meta property=\"article:published_time\" content=\"2025-07-31T06:13:38+00:00\" \/>\n<meta name=\"author\" content=\"admin\" \/>\n<meta name=\"twitter:card\" content=\"summary_large_image\" \/>\n<meta name=\"twitter:label1\" content=\"Scritto da\" \/>\n\t<meta name=\"twitter:data1\" content=\"admin\" \/>\n\t<meta name=\"twitter:label2\" content=\"Tempo di lettura stimato\" \/>\n\t<meta name=\"twitter:data2\" content=\"3 minuti\" \/>\n<script type=\"application\/ld+json\" class=\"yoast-schema-graph\">{\"@context\":\"https:\\\/\\\/schema.org\",\"@graph\":[{\"@type\":\"Article\",\"@id\":\"https:\\\/\\\/lavocedelpaese.info\\\/index.php\\\/2025\\\/07\\\/31\\\/liste-dattesa-idee-risorse-umane-e-mezzi\\\/#article\",\"isPartOf\":{\"@id\":\"https:\\\/\\\/lavocedelpaese.info\\\/index.php\\\/2025\\\/07\\\/31\\\/liste-dattesa-idee-risorse-umane-e-mezzi\\\/\"},\"author\":{\"name\":\"admin\",\"@id\":\"https:\\\/\\\/lavocedelpaese.info\\\/#\\\/schema\\\/person\\\/ec151d321306bd7591f7a061abf72d88\"},\"headline\":\"Liste d\u2019attesa: idee, risorse umane e mezzi\u00a0\u200b\",\"datePublished\":\"2025-07-31T06:13:38+00:00\",\"mainEntityOfPage\":{\"@id\":\"https:\\\/\\\/lavocedelpaese.info\\\/index.php\\\/2025\\\/07\\\/31\\\/liste-dattesa-idee-risorse-umane-e-mezzi\\\/\"},\"wordCount\":656,\"commentCount\":0,\"publisher\":{\"@id\":\"https:\\\/\\\/lavocedelpaese.info\\\/#organization\"},\"image\":{\"@id\":\"https:\\\/\\\/lavocedelpaese.info\\\/index.php\\\/2025\\\/07\\\/31\\\/liste-dattesa-idee-risorse-umane-e-mezzi\\\/#primaryimage\"},\"thumbnailUrl\":\"https:\\\/\\\/lavocedelpaese.info\\\/wp-content\\\/uploads\\\/2023\\\/01\\\/logo-150-127.png\",\"articleSection\":[\"network\"],\"inLanguage\":\"it-IT\",\"potentialAction\":[{\"@type\":\"CommentAction\",\"name\":\"Comment\",\"target\":[\"https:\\\/\\\/lavocedelpaese.info\\\/index.php\\\/2025\\\/07\\\/31\\\/liste-dattesa-idee-risorse-umane-e-mezzi\\\/#respond\"]}]},{\"@type\":\"WebPage\",\"@id\":\"https:\\\/\\\/lavocedelpaese.info\\\/index.php\\\/2025\\\/07\\\/31\\\/liste-dattesa-idee-risorse-umane-e-mezzi\\\/\",\"url\":\"https:\\\/\\\/lavocedelpaese.info\\\/index.php\\\/2025\\\/07\\\/31\\\/liste-dattesa-idee-risorse-umane-e-mezzi\\\/\",\"name\":\"Liste d\u2019attesa: idee, risorse umane e mezzi\u00a0\u200b - La Voce del Paese\",\"isPartOf\":{\"@id\":\"https:\\\/\\\/lavocedelpaese.info\\\/#website\"},\"primaryImageOfPage\":{\"@id\":\"https:\\\/\\\/lavocedelpaese.info\\\/index.php\\\/2025\\\/07\\\/31\\\/liste-dattesa-idee-risorse-umane-e-mezzi\\\/#primaryimage\"},\"image\":{\"@id\":\"https:\\\/\\\/lavocedelpaese.info\\\/index.php\\\/2025\\\/07\\\/31\\\/liste-dattesa-idee-risorse-umane-e-mezzi\\\/#primaryimage\"},\"thumbnailUrl\":\"https:\\\/\\\/lavocedelpaese.info\\\/wp-content\\\/uploads\\\/2023\\\/01\\\/logo-150-127.png\",\"datePublished\":\"2025-07-31T06:13:38+00:00\",\"breadcrumb\":{\"@id\":\"https:\\\/\\\/lavocedelpaese.info\\\/index.php\\\/2025\\\/07\\\/31\\\/liste-dattesa-idee-risorse-umane-e-mezzi\\\/#breadcrumb\"},\"inLanguage\":\"it-IT\",\"potentialAction\":[{\"@type\":\"ReadAction\",\"target\":[\"https:\\\/\\\/lavocedelpaese.info\\\/index.php\\\/2025\\\/07\\\/31\\\/liste-dattesa-idee-risorse-umane-e-mezzi\\\/\"]}]},{\"@type\":\"ImageObject\",\"inLanguage\":\"it-IT\",\"@id\":\"https:\\\/\\\/lavocedelpaese.info\\\/index.php\\\/2025\\\/07\\\/31\\\/liste-dattesa-idee-risorse-umane-e-mezzi\\\/#primaryimage\",\"url\":\"https:\\\/\\\/lavocedelpaese.info\\\/wp-content\\\/uploads\\\/2023\\\/01\\\/logo-150-127.png\",\"contentUrl\":\"https:\\\/\\\/lavocedelpaese.info\\\/wp-content\\\/uploads\\\/2023\\\/01\\\/logo-150-127.png\",\"width\":150,\"height\":127},{\"@type\":\"BreadcrumbList\",\"@id\":\"https:\\\/\\\/lavocedelpaese.info\\\/index.php\\\/2025\\\/07\\\/31\\\/liste-dattesa-idee-risorse-umane-e-mezzi\\\/#breadcrumb\",\"itemListElement\":[{\"@type\":\"ListItem\",\"position\":1,\"name\":\"Home\",\"item\":\"https:\\\/\\\/lavocedelpaese.info\\\/\"},{\"@type\":\"ListItem\",\"position\":2,\"name\":\"Liste d\u2019attesa: idee, risorse umane e mezzi\u00a0\u200b\"}]},{\"@type\":\"WebSite\",\"@id\":\"https:\\\/\\\/lavocedelpaese.info\\\/#website\",\"url\":\"https:\\\/\\\/lavocedelpaese.info\\\/\",\"name\":\"La Voce del Paese\",\"description\":\"Un network di idee\",\"publisher\":{\"@id\":\"https:\\\/\\\/lavocedelpaese.info\\\/#organization\"},\"potentialAction\":[{\"@type\":\"SearchAction\",\"target\":{\"@type\":\"EntryPoint\",\"urlTemplate\":\"https:\\\/\\\/lavocedelpaese.info\\\/?s={search_term_string}\"},\"query-input\":{\"@type\":\"PropertyValueSpecification\",\"valueRequired\":true,\"valueName\":\"search_term_string\"}}],\"inLanguage\":\"it-IT\"},{\"@type\":\"Organization\",\"@id\":\"https:\\\/\\\/lavocedelpaese.info\\\/#organization\",\"name\":\"La Voce del Paese\",\"url\":\"https:\\\/\\\/lavocedelpaese.info\\\/\",\"logo\":{\"@type\":\"ImageObject\",\"inLanguage\":\"it-IT\",\"@id\":\"https:\\\/\\\/lavocedelpaese.info\\\/#\\\/schema\\\/logo\\\/image\\\/\",\"url\":\"https:\\\/\\\/lavocedelpaese.info\\\/wp-content\\\/uploads\\\/2023\\\/01\\\/cropped-logo-150-127.png\",\"contentUrl\":\"https:\\\/\\\/lavocedelpaese.info\\\/wp-content\\\/uploads\\\/2023\\\/01\\\/cropped-logo-150-127.png\",\"width\":137,\"height\":119,\"caption\":\"La Voce del Paese\"},\"image\":{\"@id\":\"https:\\\/\\\/lavocedelpaese.info\\\/#\\\/schema\\\/logo\\\/image\\\/\"},\"sameAs\":[\"https:\\\/\\\/www.facebook.com\\\/lavocedelpaese.info\"]},{\"@type\":\"Person\",\"@id\":\"https:\\\/\\\/lavocedelpaese.info\\\/#\\\/schema\\\/person\\\/ec151d321306bd7591f7a061abf72d88\",\"name\":\"admin\",\"image\":{\"@type\":\"ImageObject\",\"inLanguage\":\"it-IT\",\"@id\":\"https:\\\/\\\/secure.gravatar.com\\\/avatar\\\/af8f2caf0663124588de48a9380e07cbc95a74ef15b8062d0d39106c32fe3023?s=96&d=mm&r=g\",\"url\":\"https:\\\/\\\/secure.gravatar.com\\\/avatar\\\/af8f2caf0663124588de48a9380e07cbc95a74ef15b8062d0d39106c32fe3023?s=96&d=mm&r=g\",\"contentUrl\":\"https:\\\/\\\/secure.gravatar.com\\\/avatar\\\/af8f2caf0663124588de48a9380e07cbc95a74ef15b8062d0d39106c32fe3023?s=96&d=mm&r=g\",\"caption\":\"admin\"},\"sameAs\":[\"https:\\\/\\\/lavocedelpaese.info\"],\"url\":\"https:\\\/\\\/lavocedelpaese.info\\\/index.php\\\/author\\\/admin\\\/\"}]}<\/script>\n<!-- \/ Yoast SEO plugin. -->","yoast_head_json":{"title":"Liste d\u2019attesa: idee, risorse umane e mezzi\u00a0\u200b - La Voce del Paese","robots":{"index":"index","follow":"follow","max-snippet":"max-snippet:-1","max-image-preview":"max-image-preview:large","max-video-preview":"max-video-preview:-1"},"canonical":"https:\/\/lavocedelpaese.info\/index.php\/2025\/07\/31\/liste-dattesa-idee-risorse-umane-e-mezzi\/","og_locale":"it_IT","og_type":"article","og_title":"Liste d\u2019attesa: idee, risorse umane e mezzi\u00a0\u200b - La Voce del Paese","og_description":"\u00a0 \u200b\u00a0 \u200b\u00a0 La ASL Bari sta mobilitando tutte le risorse disponibili, in idee, operatori sanitari e mezzi, per potenziare","og_url":"https:\/\/lavocedelpaese.info\/index.php\/2025\/07\/31\/liste-dattesa-idee-risorse-umane-e-mezzi\/","og_site_name":"La Voce del Paese","article_publisher":"https:\/\/www.facebook.com\/lavocedelpaese.info","article_published_time":"2025-07-31T06:13:38+00:00","author":"admin","twitter_card":"summary_large_image","twitter_misc":{"Scritto da":"admin","Tempo di lettura stimato":"3 minuti"},"schema":{"@context":"https:\/\/schema.org","@graph":[{"@type":"Article","@id":"https:\/\/lavocedelpaese.info\/index.php\/2025\/07\/31\/liste-dattesa-idee-risorse-umane-e-mezzi\/#article","isPartOf":{"@id":"https:\/\/lavocedelpaese.info\/index.php\/2025\/07\/31\/liste-dattesa-idee-risorse-umane-e-mezzi\/"},"author":{"name":"admin","@id":"https:\/\/lavocedelpaese.info\/#\/schema\/person\/ec151d321306bd7591f7a061abf72d88"},"headline":"Liste d\u2019attesa: idee, risorse umane e mezzi\u00a0\u200b","datePublished":"2025-07-31T06:13:38+00:00","mainEntityOfPage":{"@id":"https:\/\/lavocedelpaese.info\/index.php\/2025\/07\/31\/liste-dattesa-idee-risorse-umane-e-mezzi\/"},"wordCount":656,"commentCount":0,"publisher":{"@id":"https:\/\/lavocedelpaese.info\/#organization"},"image":{"@id":"https:\/\/lavocedelpaese.info\/index.php\/2025\/07\/31\/liste-dattesa-idee-risorse-umane-e-mezzi\/#primaryimage"},"thumbnailUrl":"https:\/\/lavocedelpaese.info\/wp-content\/uploads\/2023\/01\/logo-150-127.png","articleSection":["network"],"inLanguage":"it-IT","potentialAction":[{"@type":"CommentAction","name":"Comment","target":["https:\/\/lavocedelpaese.info\/index.php\/2025\/07\/31\/liste-dattesa-idee-risorse-umane-e-mezzi\/#respond"]}]},{"@type":"WebPage","@id":"https:\/\/lavocedelpaese.info\/index.php\/2025\/07\/31\/liste-dattesa-idee-risorse-umane-e-mezzi\/","url":"https:\/\/lavocedelpaese.info\/index.php\/2025\/07\/31\/liste-dattesa-idee-risorse-umane-e-mezzi\/","name":"Liste d\u2019attesa: idee, risorse umane e mezzi\u00a0\u200b - La Voce del Paese","isPartOf":{"@id":"https:\/\/lavocedelpaese.info\/#website"},"primaryImageOfPage":{"@id":"https:\/\/lavocedelpaese.info\/index.php\/2025\/07\/31\/liste-dattesa-idee-risorse-umane-e-mezzi\/#primaryimage"},"image":{"@id":"https:\/\/lavocedelpaese.info\/index.php\/2025\/07\/31\/liste-dattesa-idee-risorse-umane-e-mezzi\/#primaryimage"},"thumbnailUrl":"https:\/\/lavocedelpaese.info\/wp-content\/uploads\/2023\/01\/logo-150-127.png","datePublished":"2025-07-31T06:13:38+00:00","breadcrumb":{"@id":"https:\/\/lavocedelpaese.info\/index.php\/2025\/07\/31\/liste-dattesa-idee-risorse-umane-e-mezzi\/#breadcrumb"},"inLanguage":"it-IT","potentialAction":[{"@type":"ReadAction","target":["https:\/\/lavocedelpaese.info\/index.php\/2025\/07\/31\/liste-dattesa-idee-risorse-umane-e-mezzi\/"]}]},{"@type":"ImageObject","inLanguage":"it-IT","@id":"https:\/\/lavocedelpaese.info\/index.php\/2025\/07\/31\/liste-dattesa-idee-risorse-umane-e-mezzi\/#primaryimage","url":"https:\/\/lavocedelpaese.info\/wp-content\/uploads\/2023\/01\/logo-150-127.png","contentUrl":"https:\/\/lavocedelpaese.info\/wp-content\/uploads\/2023\/01\/logo-150-127.png","width":150,"height":127},{"@type":"BreadcrumbList","@id":"https:\/\/lavocedelpaese.info\/index.php\/2025\/07\/31\/liste-dattesa-idee-risorse-umane-e-mezzi\/#breadcrumb","itemListElement":[{"@type":"ListItem","position":1,"name":"Home","item":"https:\/\/lavocedelpaese.info\/"},{"@type":"ListItem","position":2,"name":"Liste d\u2019attesa: idee, risorse umane e mezzi\u00a0\u200b"}]},{"@type":"WebSite","@id":"https:\/\/lavocedelpaese.info\/#website","url":"https:\/\/lavocedelpaese.info\/","name":"La Voce del Paese","description":"Un network di idee","publisher":{"@id":"https:\/\/lavocedelpaese.info\/#organization"},"potentialAction":[{"@type":"SearchAction","target":{"@type":"EntryPoint","urlTemplate":"https:\/\/lavocedelpaese.info\/?s={search_term_string}"},"query-input":{"@type":"PropertyValueSpecification","valueRequired":true,"valueName":"search_term_string"}}],"inLanguage":"it-IT"},{"@type":"Organization","@id":"https:\/\/lavocedelpaese.info\/#organization","name":"La Voce del Paese","url":"https:\/\/lavocedelpaese.info\/","logo":{"@type":"ImageObject","inLanguage":"it-IT","@id":"https:\/\/lavocedelpaese.info\/#\/schema\/logo\/image\/","url":"https:\/\/lavocedelpaese.info\/wp-content\/uploads\/2023\/01\/cropped-logo-150-127.png","contentUrl":"https:\/\/lavocedelpaese.info\/wp-content\/uploads\/2023\/01\/cropped-logo-150-127.png","width":137,"height":119,"caption":"La Voce del Paese"},"image":{"@id":"https:\/\/lavocedelpaese.info\/#\/schema\/logo\/image\/"},"sameAs":["https:\/\/www.facebook.com\/lavocedelpaese.info"]},{"@type":"Person","@id":"https:\/\/lavocedelpaese.info\/#\/schema\/person\/ec151d321306bd7591f7a061abf72d88","name":"admin","image":{"@type":"ImageObject","inLanguage":"it-IT","@id":"https:\/\/secure.gravatar.com\/avatar\/af8f2caf0663124588de48a9380e07cbc95a74ef15b8062d0d39106c32fe3023?s=96&d=mm&r=g","url":"https:\/\/secure.gravatar.com\/avatar\/af8f2caf0663124588de48a9380e07cbc95a74ef15b8062d0d39106c32fe3023?s=96&d=mm&r=g","contentUrl":"https:\/\/secure.gravatar.com\/avatar\/af8f2caf0663124588de48a9380e07cbc95a74ef15b8062d0d39106c32fe3023?s=96&d=mm&r=g","caption":"admin"},"sameAs":["https:\/\/lavocedelpaese.info"],"url":"https:\/\/lavocedelpaese.info\/index.php\/author\/admin\/"}]}},"_links":{"self":[{"href":"https:\/\/lavocedelpaese.info\/index.php\/wp-json\/wp\/v2\/posts\/9733","targetHints":{"allow":["GET"]}}],"collection":[{"href":"https:\/\/lavocedelpaese.info\/index.php\/wp-json\/wp\/v2\/posts"}],"about":[{"href":"https:\/\/lavocedelpaese.info\/index.php\/wp-json\/wp\/v2\/types\/post"}],"author":[{"embeddable":true,"href":"https:\/\/lavocedelpaese.info\/index.php\/wp-json\/wp\/v2\/users\/6"}],"replies":[{"embeddable":true,"href":"https:\/\/lavocedelpaese.info\/index.php\/wp-json\/wp\/v2\/comments?post=9733"}],"version-history":[{"count":0,"href":"https:\/\/lavocedelpaese.info\/index.php\/wp-json\/wp\/v2\/posts\/9733\/revisions"}],"wp:featuredmedia":[{"embeddable":true,"href":"https:\/\/lavocedelpaese.info\/index.php\/wp-json\/wp\/v2\/media\/730"}],"wp:attachment":[{"href":"https:\/\/lavocedelpaese.info\/index.php\/wp-json\/wp\/v2\/media?parent=9733"}],"wp:term":[{"taxonomy":"category","embeddable":true,"href":"https:\/\/lavocedelpaese.info\/index.php\/wp-json\/wp\/v2\/categories?post=9733"},{"taxonomy":"post_tag","embeddable":true,"href":"https:\/\/lavocedelpaese.info\/index.php\/wp-json\/wp\/v2\/tags?post=9733"}],"curies":[{"name":"wp","href":"https:\/\/api.w.org\/{rel}","templated":true}]}}