{"id":9721,"date":"2025-07-29T05:14:13","date_gmt":"2025-07-29T05:14:13","guid":{"rendered":"https:\/\/lavocedelpaese.info\/index.php\/2025\/07\/29\/la-nomina-di-tina-resta-e-avvenuta-in-quota-lega\/"},"modified":"2025-07-29T05:14:13","modified_gmt":"2025-07-29T05:14:13","slug":"la-nomina-di-tina-resta-e-avvenuta-in-quota-lega","status":"publish","type":"post","link":"https:\/\/lavocedelpaese.info\/index.php\/2025\/07\/29\/la-nomina-di-tina-resta-e-avvenuta-in-quota-lega\/","title":{"rendered":"\u201cLa nomina di Tina Resta \u00e8 avvenuta in quota Lega\u201d\u00a0\u200b"},"content":{"rendered":"<p>\u00a0<\/p>\n<p>\u200b\u00a0<\/p>\n<p>\u200b\u00a0<\/p>\n<div><\/div>\n<h4 class=\"wp-block-heading\"><strong>Giannalisa Zaccheo interviene sulla designazione ministeriale di Tina Resta nel Consiglio della Fondazione Petruzzelli<\/strong><\/h4>\n<p><em>Riceviamo e pubblichiamo una personale riflessione dell\u2019avv. Giannalisa Zaccheo in merito alla recente nomina ministeriale dell\u2019ex sindaco Tina Resta nel Consiglio di indirizzo della Fondazione Lirico-Sinfonica Petruzzelli e Teatri di Bari.<\/em><\/p>\n<p class=\"has-text-align-center\">***<\/p>\n<p>Mercoled\u00ec 18 luglio, una notizia ha invaso le pagine di quasi tutte le testate giornalistiche locali: la designazione ministeriale di Tina Resta nel nuovo Consiglio di indirizzo della Fondazione Petruzzelli.<\/p>\n<p>Una notizia che ha scosso gli ambienti locali, generando da un lato entusiasmo, dall\u2019altro \u2013 e a ragione veduta \u2013 un\u2019ondata di indignazione. Perch\u00e9, diciamolo senza ipocrisie: quella nomina \u00e8 apparsa fin da subito come una forzatura politica, che ignora e calpesta i requisiti previsti dallo Statuto della Fondazione.<\/p>\n<p>Eccola, ancora una volta, la solita, nauseante spartizione di poltrone. Una pratica tanto radicata nella nostra Repubblica da sembrare parte del suo stesso DNA. Nulla di nuovo, purtroppo, sotto il sole d\u2019Italia.<\/p>\n<p>E allora, a chi oggi grida vendetta \u2013 legittimamente, ma forse con troppa ingenuit\u00e0 \u2013 vorrei dire: rassegnatevi, non \u00e8 questa la vera questione. Magari lo fosse!<\/p>\n<p>Come donna impegnata nella vita politica di Turi, che risponde unicamente ai valori e ai doveri che la propria coscienza riconosce, sento per\u00f2 il dovere di alzare la voce. Di parlare. Di denunciare.<br \/>Perch\u00e9 in tutto questo c\u2019\u00e8 un dettaglio \u2013 anzi no, un nodo politico fondamentale \u2013 che non pu\u00f2 essere ignorato: la nomina di Tina Resta \u00e8 avvenuta in quota Lega.<\/p>\n<p>S\u00ec, avete capito bene: da quella stessa fucina di potere che da anni sforna poltrone con l\u2019etichetta di partito ben visibile, \u00e8 uscita anche quella assegnata a Tina Resta. Ed \u00e8 marchiata Lega.<br \/>Il partito di Matteo Salvini. Il partito dell\u2019autonomia differenziata, della secessione strisciante, che da decenni non fa mistero di considerare il Nord la locomotiva, e il Mezzogiorno un vagone da sganciare, un peso morto da lasciare indietro. Il partito di Vannacci, del revisionismo becero, della regressione culturale e civile.<\/p>\n<p>E tutto questo, ripeto, non scandalizzerebbe pi\u00f9 di tanto se almeno avvenisse alla luce del sole, nel rispetto di una coerenza, per quanto ideologicamente distante.<br \/>Ma no. C\u2019\u00e8 di peggio. Tina Resta ha sempre dichiarato di essere una donna di sinistra. Il suo percorso politico parla chiaro: dal Partito Comunista fino alle esperienze pi\u00f9 recenti, sempre nell\u2019alveo della sinistra.<br \/>Eppure, oggi, la ritroviamo a sedere su una poltrona assegnata dalla Lega.<\/p>\n<p>Dalla sinistra alla Lega, passando dal centro destra in un battito di ciglia. Senza un sussulto di vergogna. Senza un briciolo di pudore.<br \/>Una giravolta disarmante. Un clamoroso tradimento dei propri valori, consumato \u2013 con ogni probabilit\u00e0 \u2013 in cambio di due poltrone: una ricevuta oggi, e una promessa in occasione delle elezioni regionali.<br \/>Altro che onest\u00e0 intellettuale, altro che fedelt\u00e0 ai propri ideali.<\/p>\n<p>Tina Resta dimostra, cos\u00ec, di essere una figura politica ambigua, sfuggente, inafferrabile: \u201cn\u00e9 carne, n\u00e9 pesce\u201d (cit.).<br \/>Una creatura anfibia, a seconda della convenienza.<br \/>Un vero e proprio Minotauro della politica (altro che\u2026!), dove l\u2019ideologia si piega all\u2019opportunismo.<br \/>Ed \u00e8 in questo che risiedono il mio sgomento e la mia indignazione.<\/p>\n<p>Viviamo un\u2019epoca drammatica, segnata dall\u2019avanzata inarrestabile delle destre pi\u00f9 estreme, reazionarie, sovraniste. In un momento in cui \u00e8 sempre pi\u00f9 urgente difendere i valori democratici, progressisti, umani e ambientalisti, possiamo davvero permetterci il lusso del silenzio davanti a scelte come questa?<\/p>\n<p>Davvero possiamo accettare che chi si \u00e8 sempre detto di sinistra oggi diventi strumento politico di una forza dichiaratamente antimeridionalista, conservatrice, regressiva?<br \/>\u00c8 questa la coerenza che vogliamo insegnare alle nuove generazioni?<\/p>\n<p>E chi, fino a ieri, ha sostenuto Tina Resta in campagna elettorale? Chi ha condiviso con lei visioni e battaglie? Chi l\u2019ha voluta e proposta come Sindaco di Turi? Dove sono oggi le loro voci?<br \/>Mi rivolgo, tra gli altri, a \u201cl\u2019Indignato numero uno\u201d della nostra comunit\u00e0: Colui che siede accanto a Tina Resta tra i banchi dell\u2019opposizione.<br \/>Colui che solo un anno e mezzo fa organizzava un convegno per denunciare i danni irreparabili dell\u2019autonomia differenziata targata Lega. Cosa pensa oggi, davanti a questa plateale abiura politica?<\/p>\n<p>E i consiglieri di minoranza che hanno aderito al movimento \u201cCON\u201d, vicino a Michele Emiliano? Davvero riescono a ingoiare questo boccone amaro? Davvero riescono a giustificare una nomina che va in totale contrasto con i principi stessi che hanno sempre sostenuto?<\/p>\n<p>Se fossimo in un tempo normale, in un tempo ordinario, non avrei scritto queste righe. Mi sarei limitata, forse, a fare i complimenti a Tina Resta per la sua abilit\u00e0 acrobatica, per la sua straordinaria destrezza nel muoversi tra i salti mortali della \u201cpolitica dei politicanti\u201d.<br \/>Ma oggi no. Oggi non possiamo pi\u00f9 tacere. Non possiamo pi\u00f9 accettare compromessi su ci\u00f2 che conta davvero: la coerenza, la verit\u00e0, l\u2019impegno etico.<\/p>\n<p>Siamo arrivati a un bivio. Il mondo attorno a noi si fa sempre pi\u00f9 oscuro, e ogni piccolo gesto, ogni scelta, ogni parola conta. Oggi pi\u00f9 che mai dobbiamo scegliere da che parte stare. Perch\u00e9 un giorno la Storia ci chieder\u00e0 dove eravamo. Da parte mia vorrei poter rispondere: Ero dalla parte della coerenza. Dalla parte dei valori. Dalla parte giusta. E gli altri?<\/p>\n<p>Abbiamo bisogno di Uomini e Donne interi. Non ibridi, non mostri politici generati dal compromesso e dalla sete di potere, met\u00e0 uomo e met\u00e0 bestia.<br \/>Il mondo \u00e8 gi\u00e0 abbastanza pieno di bestialit\u00e0.<\/p>\n<p><a class=\"a2a_button_facebook\" href=\"https:\/\/www.addtoany.com\/add_to\/facebook?linkurl=https%3A%2F%2Fturi.lavocedelpaese.info%2Fla-nomina-di-tina-resta-e-avvenuta-in-quota-lega%2F&amp;linkname=%E2%80%9CLa%20nomina%20di%20Tina%20Resta%20%C3%A8%20avvenuta%20in%20quota%20Lega%E2%80%9D\" title=\"Facebook\" rel=\"nofollow noopener\" target=\"_blank\"><\/a><a class=\"a2a_button_twitter\" href=\"https:\/\/www.addtoany.com\/add_to\/twitter?linkurl=https%3A%2F%2Fturi.lavocedelpaese.info%2Fla-nomina-di-tina-resta-e-avvenuta-in-quota-lega%2F&amp;linkname=%E2%80%9CLa%20nomina%20di%20Tina%20Resta%20%C3%A8%20avvenuta%20in%20quota%20Lega%E2%80%9D\" title=\"Twitter\" rel=\"nofollow noopener\" target=\"_blank\"><\/a><a class=\"a2a_button_whatsapp\" href=\"https:\/\/www.addtoany.com\/add_to\/whatsapp?linkurl=https%3A%2F%2Fturi.lavocedelpaese.info%2Fla-nomina-di-tina-resta-e-avvenuta-in-quota-lega%2F&amp;linkname=%E2%80%9CLa%20nomina%20di%20Tina%20Resta%20%C3%A8%20avvenuta%20in%20quota%20Lega%E2%80%9D\" title=\"WhatsApp\" rel=\"nofollow noopener\" target=\"_blank\"><\/a><a class=\"a2a_button_telegram\" href=\"https:\/\/www.addtoany.com\/add_to\/telegram?linkurl=https%3A%2F%2Fturi.lavocedelpaese.info%2Fla-nomina-di-tina-resta-e-avvenuta-in-quota-lega%2F&amp;linkname=%E2%80%9CLa%20nomina%20di%20Tina%20Resta%20%C3%A8%20avvenuta%20in%20quota%20Lega%E2%80%9D\" title=\"Telegram\" rel=\"nofollow noopener\" target=\"_blank\"><\/a><a class=\"a2a_button_email\" href=\"https:\/\/www.addtoany.com\/add_to\/email?linkurl=https%3A%2F%2Fturi.lavocedelpaese.info%2Fla-nomina-di-tina-resta-e-avvenuta-in-quota-lega%2F&amp;linkname=%E2%80%9CLa%20nomina%20di%20Tina%20Resta%20%C3%A8%20avvenuta%20in%20quota%20Lega%E2%80%9D\" title=\"Email\" rel=\"nofollow noopener\" target=\"_blank\"><\/a><\/p>\n<p>L&#8217;articolo <a href=\"https:\/\/turi.lavocedelpaese.info\/la-nomina-di-tina-resta-e-avvenuta-in-quota-lega\/\">\u201cLa nomina di Tina Resta \u00e8 avvenuta in quota Lega\u201d<\/a> proviene da <a href=\"https:\/\/turi.lavocedelpaese.info\/\">Turi &#8211; La Voce del Paese<\/a>.<\/p>\n<p>\u00a0<\/p>\n<p>\u00a0<\/p>\n<p>\u200b\u00a0\u00a0\u00a0<\/p>","protected":false},"excerpt":{"rendered":"<p>\u00a0 \u200b\u00a0 \u200b\u00a0 Giannalisa Zaccheo interviene sulla designazione ministeriale di Tina Resta nel Consiglio della Fondazione Petruzzelli Riceviamo e pubblichiamo<\/p>\n","protected":false},"author":6,"featured_media":730,"comment_status":"open","ping_status":"closed","sticky":false,"template":"","format":"standard","meta":{"colormag_page_container_layout":"default_layout","colormag_page_sidebar_layout":"default_layout","footnotes":""},"categories":[33],"tags":[],"class_list":["post-9721","post","type-post","status-publish","format-standard","has-post-thumbnail","hentry","category-network"],"yoast_head":"<!-- This site is optimized with the Yoast SEO plugin v27.5 - https:\/\/yoast.com\/product\/yoast-seo-wordpress\/ -->\n<title>\u201cLa nomina di Tina Resta \u00e8 avvenuta in quota Lega\u201d\u00a0\u200b - La Voce del Paese<\/title>\n<meta name=\"robots\" content=\"index, follow, max-snippet:-1, max-image-preview:large, max-video-preview:-1\" \/>\n<link rel=\"canonical\" href=\"https:\/\/lavocedelpaese.info\/index.php\/2025\/07\/29\/la-nomina-di-tina-resta-e-avvenuta-in-quota-lega\/\" \/>\n<meta property=\"og:locale\" content=\"it_IT\" \/>\n<meta property=\"og:type\" content=\"article\" \/>\n<meta property=\"og:title\" content=\"\u201cLa nomina di Tina Resta \u00e8 avvenuta in quota Lega\u201d\u00a0\u200b - La Voce del Paese\" \/>\n<meta property=\"og:description\" content=\"\u00a0 \u200b\u00a0 \u200b\u00a0 Giannalisa Zaccheo interviene sulla designazione ministeriale di Tina Resta nel Consiglio della Fondazione Petruzzelli Riceviamo e pubblichiamo\" \/>\n<meta property=\"og:url\" content=\"https:\/\/lavocedelpaese.info\/index.php\/2025\/07\/29\/la-nomina-di-tina-resta-e-avvenuta-in-quota-lega\/\" \/>\n<meta property=\"og:site_name\" content=\"La Voce del Paese\" \/>\n<meta property=\"article:publisher\" content=\"https:\/\/www.facebook.com\/lavocedelpaese.info\" \/>\n<meta property=\"article:published_time\" content=\"2025-07-29T05:14:13+00:00\" \/>\n<meta name=\"author\" content=\"admin\" \/>\n<meta name=\"twitter:card\" content=\"summary_large_image\" \/>\n<meta name=\"twitter:label1\" content=\"Scritto da\" \/>\n\t<meta name=\"twitter:data1\" content=\"admin\" \/>\n\t<meta name=\"twitter:label2\" content=\"Tempo di lettura stimato\" \/>\n\t<meta name=\"twitter:data2\" content=\"4 minuti\" \/>\n<script type=\"application\/ld+json\" class=\"yoast-schema-graph\">{\"@context\":\"https:\\\/\\\/schema.org\",\"@graph\":[{\"@type\":\"Article\",\"@id\":\"https:\\\/\\\/lavocedelpaese.info\\\/index.php\\\/2025\\\/07\\\/29\\\/la-nomina-di-tina-resta-e-avvenuta-in-quota-lega\\\/#article\",\"isPartOf\":{\"@id\":\"https:\\\/\\\/lavocedelpaese.info\\\/index.php\\\/2025\\\/07\\\/29\\\/la-nomina-di-tina-resta-e-avvenuta-in-quota-lega\\\/\"},\"author\":{\"name\":\"admin\",\"@id\":\"https:\\\/\\\/lavocedelpaese.info\\\/#\\\/schema\\\/person\\\/ec151d321306bd7591f7a061abf72d88\"},\"headline\":\"\u201cLa nomina di Tina Resta \u00e8 avvenuta in quota Lega\u201d\u00a0\u200b\",\"datePublished\":\"2025-07-29T05:14:13+00:00\",\"mainEntityOfPage\":{\"@id\":\"https:\\\/\\\/lavocedelpaese.info\\\/index.php\\\/2025\\\/07\\\/29\\\/la-nomina-di-tina-resta-e-avvenuta-in-quota-lega\\\/\"},\"wordCount\":908,\"commentCount\":0,\"publisher\":{\"@id\":\"https:\\\/\\\/lavocedelpaese.info\\\/#organization\"},\"image\":{\"@id\":\"https:\\\/\\\/lavocedelpaese.info\\\/index.php\\\/2025\\\/07\\\/29\\\/la-nomina-di-tina-resta-e-avvenuta-in-quota-lega\\\/#primaryimage\"},\"thumbnailUrl\":\"https:\\\/\\\/lavocedelpaese.info\\\/wp-content\\\/uploads\\\/2023\\\/01\\\/logo-150-127.png\",\"articleSection\":[\"network\"],\"inLanguage\":\"it-IT\",\"potentialAction\":[{\"@type\":\"CommentAction\",\"name\":\"Comment\",\"target\":[\"https:\\\/\\\/lavocedelpaese.info\\\/index.php\\\/2025\\\/07\\\/29\\\/la-nomina-di-tina-resta-e-avvenuta-in-quota-lega\\\/#respond\"]}]},{\"@type\":\"WebPage\",\"@id\":\"https:\\\/\\\/lavocedelpaese.info\\\/index.php\\\/2025\\\/07\\\/29\\\/la-nomina-di-tina-resta-e-avvenuta-in-quota-lega\\\/\",\"url\":\"https:\\\/\\\/lavocedelpaese.info\\\/index.php\\\/2025\\\/07\\\/29\\\/la-nomina-di-tina-resta-e-avvenuta-in-quota-lega\\\/\",\"name\":\"\u201cLa nomina di Tina Resta \u00e8 avvenuta in quota Lega\u201d\u00a0\u200b - La Voce del Paese\",\"isPartOf\":{\"@id\":\"https:\\\/\\\/lavocedelpaese.info\\\/#website\"},\"primaryImageOfPage\":{\"@id\":\"https:\\\/\\\/lavocedelpaese.info\\\/index.php\\\/2025\\\/07\\\/29\\\/la-nomina-di-tina-resta-e-avvenuta-in-quota-lega\\\/#primaryimage\"},\"image\":{\"@id\":\"https:\\\/\\\/lavocedelpaese.info\\\/index.php\\\/2025\\\/07\\\/29\\\/la-nomina-di-tina-resta-e-avvenuta-in-quota-lega\\\/#primaryimage\"},\"thumbnailUrl\":\"https:\\\/\\\/lavocedelpaese.info\\\/wp-content\\\/uploads\\\/2023\\\/01\\\/logo-150-127.png\",\"datePublished\":\"2025-07-29T05:14:13+00:00\",\"breadcrumb\":{\"@id\":\"https:\\\/\\\/lavocedelpaese.info\\\/index.php\\\/2025\\\/07\\\/29\\\/la-nomina-di-tina-resta-e-avvenuta-in-quota-lega\\\/#breadcrumb\"},\"inLanguage\":\"it-IT\",\"potentialAction\":[{\"@type\":\"ReadAction\",\"target\":[\"https:\\\/\\\/lavocedelpaese.info\\\/index.php\\\/2025\\\/07\\\/29\\\/la-nomina-di-tina-resta-e-avvenuta-in-quota-lega\\\/\"]}]},{\"@type\":\"ImageObject\",\"inLanguage\":\"it-IT\",\"@id\":\"https:\\\/\\\/lavocedelpaese.info\\\/index.php\\\/2025\\\/07\\\/29\\\/la-nomina-di-tina-resta-e-avvenuta-in-quota-lega\\\/#primaryimage\",\"url\":\"https:\\\/\\\/lavocedelpaese.info\\\/wp-content\\\/uploads\\\/2023\\\/01\\\/logo-150-127.png\",\"contentUrl\":\"https:\\\/\\\/lavocedelpaese.info\\\/wp-content\\\/uploads\\\/2023\\\/01\\\/logo-150-127.png\",\"width\":150,\"height\":127},{\"@type\":\"BreadcrumbList\",\"@id\":\"https:\\\/\\\/lavocedelpaese.info\\\/index.php\\\/2025\\\/07\\\/29\\\/la-nomina-di-tina-resta-e-avvenuta-in-quota-lega\\\/#breadcrumb\",\"itemListElement\":[{\"@type\":\"ListItem\",\"position\":1,\"name\":\"Home\",\"item\":\"https:\\\/\\\/lavocedelpaese.info\\\/\"},{\"@type\":\"ListItem\",\"position\":2,\"name\":\"\u201cLa nomina di Tina Resta \u00e8 avvenuta in quota Lega\u201d\u00a0\u200b\"}]},{\"@type\":\"WebSite\",\"@id\":\"https:\\\/\\\/lavocedelpaese.info\\\/#website\",\"url\":\"https:\\\/\\\/lavocedelpaese.info\\\/\",\"name\":\"La Voce del Paese\",\"description\":\"Un network di idee\",\"publisher\":{\"@id\":\"https:\\\/\\\/lavocedelpaese.info\\\/#organization\"},\"potentialAction\":[{\"@type\":\"SearchAction\",\"target\":{\"@type\":\"EntryPoint\",\"urlTemplate\":\"https:\\\/\\\/lavocedelpaese.info\\\/?s={search_term_string}\"},\"query-input\":{\"@type\":\"PropertyValueSpecification\",\"valueRequired\":true,\"valueName\":\"search_term_string\"}}],\"inLanguage\":\"it-IT\"},{\"@type\":\"Organization\",\"@id\":\"https:\\\/\\\/lavocedelpaese.info\\\/#organization\",\"name\":\"La Voce del Paese\",\"url\":\"https:\\\/\\\/lavocedelpaese.info\\\/\",\"logo\":{\"@type\":\"ImageObject\",\"inLanguage\":\"it-IT\",\"@id\":\"https:\\\/\\\/lavocedelpaese.info\\\/#\\\/schema\\\/logo\\\/image\\\/\",\"url\":\"https:\\\/\\\/lavocedelpaese.info\\\/wp-content\\\/uploads\\\/2023\\\/01\\\/cropped-logo-150-127.png\",\"contentUrl\":\"https:\\\/\\\/lavocedelpaese.info\\\/wp-content\\\/uploads\\\/2023\\\/01\\\/cropped-logo-150-127.png\",\"width\":137,\"height\":119,\"caption\":\"La Voce del Paese\"},\"image\":{\"@id\":\"https:\\\/\\\/lavocedelpaese.info\\\/#\\\/schema\\\/logo\\\/image\\\/\"},\"sameAs\":[\"https:\\\/\\\/www.facebook.com\\\/lavocedelpaese.info\"]},{\"@type\":\"Person\",\"@id\":\"https:\\\/\\\/lavocedelpaese.info\\\/#\\\/schema\\\/person\\\/ec151d321306bd7591f7a061abf72d88\",\"name\":\"admin\",\"image\":{\"@type\":\"ImageObject\",\"inLanguage\":\"it-IT\",\"@id\":\"https:\\\/\\\/secure.gravatar.com\\\/avatar\\\/af8f2caf0663124588de48a9380e07cbc95a74ef15b8062d0d39106c32fe3023?s=96&d=mm&r=g\",\"url\":\"https:\\\/\\\/secure.gravatar.com\\\/avatar\\\/af8f2caf0663124588de48a9380e07cbc95a74ef15b8062d0d39106c32fe3023?s=96&d=mm&r=g\",\"contentUrl\":\"https:\\\/\\\/secure.gravatar.com\\\/avatar\\\/af8f2caf0663124588de48a9380e07cbc95a74ef15b8062d0d39106c32fe3023?s=96&d=mm&r=g\",\"caption\":\"admin\"},\"sameAs\":[\"https:\\\/\\\/lavocedelpaese.info\"],\"url\":\"https:\\\/\\\/lavocedelpaese.info\\\/index.php\\\/author\\\/admin\\\/\"}]}<\/script>\n<!-- \/ Yoast SEO plugin. -->","yoast_head_json":{"title":"\u201cLa nomina di Tina Resta \u00e8 avvenuta in quota Lega\u201d\u00a0\u200b - La Voce del Paese","robots":{"index":"index","follow":"follow","max-snippet":"max-snippet:-1","max-image-preview":"max-image-preview:large","max-video-preview":"max-video-preview:-1"},"canonical":"https:\/\/lavocedelpaese.info\/index.php\/2025\/07\/29\/la-nomina-di-tina-resta-e-avvenuta-in-quota-lega\/","og_locale":"it_IT","og_type":"article","og_title":"\u201cLa nomina di Tina Resta \u00e8 avvenuta in quota Lega\u201d\u00a0\u200b - La Voce del Paese","og_description":"\u00a0 \u200b\u00a0 \u200b\u00a0 Giannalisa Zaccheo interviene sulla designazione ministeriale di Tina Resta nel Consiglio della Fondazione Petruzzelli Riceviamo e pubblichiamo","og_url":"https:\/\/lavocedelpaese.info\/index.php\/2025\/07\/29\/la-nomina-di-tina-resta-e-avvenuta-in-quota-lega\/","og_site_name":"La Voce del Paese","article_publisher":"https:\/\/www.facebook.com\/lavocedelpaese.info","article_published_time":"2025-07-29T05:14:13+00:00","author":"admin","twitter_card":"summary_large_image","twitter_misc":{"Scritto da":"admin","Tempo di lettura stimato":"4 minuti"},"schema":{"@context":"https:\/\/schema.org","@graph":[{"@type":"Article","@id":"https:\/\/lavocedelpaese.info\/index.php\/2025\/07\/29\/la-nomina-di-tina-resta-e-avvenuta-in-quota-lega\/#article","isPartOf":{"@id":"https:\/\/lavocedelpaese.info\/index.php\/2025\/07\/29\/la-nomina-di-tina-resta-e-avvenuta-in-quota-lega\/"},"author":{"name":"admin","@id":"https:\/\/lavocedelpaese.info\/#\/schema\/person\/ec151d321306bd7591f7a061abf72d88"},"headline":"\u201cLa nomina di Tina Resta \u00e8 avvenuta in quota Lega\u201d\u00a0\u200b","datePublished":"2025-07-29T05:14:13+00:00","mainEntityOfPage":{"@id":"https:\/\/lavocedelpaese.info\/index.php\/2025\/07\/29\/la-nomina-di-tina-resta-e-avvenuta-in-quota-lega\/"},"wordCount":908,"commentCount":0,"publisher":{"@id":"https:\/\/lavocedelpaese.info\/#organization"},"image":{"@id":"https:\/\/lavocedelpaese.info\/index.php\/2025\/07\/29\/la-nomina-di-tina-resta-e-avvenuta-in-quota-lega\/#primaryimage"},"thumbnailUrl":"https:\/\/lavocedelpaese.info\/wp-content\/uploads\/2023\/01\/logo-150-127.png","articleSection":["network"],"inLanguage":"it-IT","potentialAction":[{"@type":"CommentAction","name":"Comment","target":["https:\/\/lavocedelpaese.info\/index.php\/2025\/07\/29\/la-nomina-di-tina-resta-e-avvenuta-in-quota-lega\/#respond"]}]},{"@type":"WebPage","@id":"https:\/\/lavocedelpaese.info\/index.php\/2025\/07\/29\/la-nomina-di-tina-resta-e-avvenuta-in-quota-lega\/","url":"https:\/\/lavocedelpaese.info\/index.php\/2025\/07\/29\/la-nomina-di-tina-resta-e-avvenuta-in-quota-lega\/","name":"\u201cLa nomina di Tina Resta \u00e8 avvenuta in quota Lega\u201d\u00a0\u200b - La Voce del Paese","isPartOf":{"@id":"https:\/\/lavocedelpaese.info\/#website"},"primaryImageOfPage":{"@id":"https:\/\/lavocedelpaese.info\/index.php\/2025\/07\/29\/la-nomina-di-tina-resta-e-avvenuta-in-quota-lega\/#primaryimage"},"image":{"@id":"https:\/\/lavocedelpaese.info\/index.php\/2025\/07\/29\/la-nomina-di-tina-resta-e-avvenuta-in-quota-lega\/#primaryimage"},"thumbnailUrl":"https:\/\/lavocedelpaese.info\/wp-content\/uploads\/2023\/01\/logo-150-127.png","datePublished":"2025-07-29T05:14:13+00:00","breadcrumb":{"@id":"https:\/\/lavocedelpaese.info\/index.php\/2025\/07\/29\/la-nomina-di-tina-resta-e-avvenuta-in-quota-lega\/#breadcrumb"},"inLanguage":"it-IT","potentialAction":[{"@type":"ReadAction","target":["https:\/\/lavocedelpaese.info\/index.php\/2025\/07\/29\/la-nomina-di-tina-resta-e-avvenuta-in-quota-lega\/"]}]},{"@type":"ImageObject","inLanguage":"it-IT","@id":"https:\/\/lavocedelpaese.info\/index.php\/2025\/07\/29\/la-nomina-di-tina-resta-e-avvenuta-in-quota-lega\/#primaryimage","url":"https:\/\/lavocedelpaese.info\/wp-content\/uploads\/2023\/01\/logo-150-127.png","contentUrl":"https:\/\/lavocedelpaese.info\/wp-content\/uploads\/2023\/01\/logo-150-127.png","width":150,"height":127},{"@type":"BreadcrumbList","@id":"https:\/\/lavocedelpaese.info\/index.php\/2025\/07\/29\/la-nomina-di-tina-resta-e-avvenuta-in-quota-lega\/#breadcrumb","itemListElement":[{"@type":"ListItem","position":1,"name":"Home","item":"https:\/\/lavocedelpaese.info\/"},{"@type":"ListItem","position":2,"name":"\u201cLa nomina di Tina Resta \u00e8 avvenuta in quota Lega\u201d\u00a0\u200b"}]},{"@type":"WebSite","@id":"https:\/\/lavocedelpaese.info\/#website","url":"https:\/\/lavocedelpaese.info\/","name":"La Voce del Paese","description":"Un network di idee","publisher":{"@id":"https:\/\/lavocedelpaese.info\/#organization"},"potentialAction":[{"@type":"SearchAction","target":{"@type":"EntryPoint","urlTemplate":"https:\/\/lavocedelpaese.info\/?s={search_term_string}"},"query-input":{"@type":"PropertyValueSpecification","valueRequired":true,"valueName":"search_term_string"}}],"inLanguage":"it-IT"},{"@type":"Organization","@id":"https:\/\/lavocedelpaese.info\/#organization","name":"La Voce del Paese","url":"https:\/\/lavocedelpaese.info\/","logo":{"@type":"ImageObject","inLanguage":"it-IT","@id":"https:\/\/lavocedelpaese.info\/#\/schema\/logo\/image\/","url":"https:\/\/lavocedelpaese.info\/wp-content\/uploads\/2023\/01\/cropped-logo-150-127.png","contentUrl":"https:\/\/lavocedelpaese.info\/wp-content\/uploads\/2023\/01\/cropped-logo-150-127.png","width":137,"height":119,"caption":"La Voce del Paese"},"image":{"@id":"https:\/\/lavocedelpaese.info\/#\/schema\/logo\/image\/"},"sameAs":["https:\/\/www.facebook.com\/lavocedelpaese.info"]},{"@type":"Person","@id":"https:\/\/lavocedelpaese.info\/#\/schema\/person\/ec151d321306bd7591f7a061abf72d88","name":"admin","image":{"@type":"ImageObject","inLanguage":"it-IT","@id":"https:\/\/secure.gravatar.com\/avatar\/af8f2caf0663124588de48a9380e07cbc95a74ef15b8062d0d39106c32fe3023?s=96&d=mm&r=g","url":"https:\/\/secure.gravatar.com\/avatar\/af8f2caf0663124588de48a9380e07cbc95a74ef15b8062d0d39106c32fe3023?s=96&d=mm&r=g","contentUrl":"https:\/\/secure.gravatar.com\/avatar\/af8f2caf0663124588de48a9380e07cbc95a74ef15b8062d0d39106c32fe3023?s=96&d=mm&r=g","caption":"admin"},"sameAs":["https:\/\/lavocedelpaese.info"],"url":"https:\/\/lavocedelpaese.info\/index.php\/author\/admin\/"}]}},"_links":{"self":[{"href":"https:\/\/lavocedelpaese.info\/index.php\/wp-json\/wp\/v2\/posts\/9721","targetHints":{"allow":["GET"]}}],"collection":[{"href":"https:\/\/lavocedelpaese.info\/index.php\/wp-json\/wp\/v2\/posts"}],"about":[{"href":"https:\/\/lavocedelpaese.info\/index.php\/wp-json\/wp\/v2\/types\/post"}],"author":[{"embeddable":true,"href":"https:\/\/lavocedelpaese.info\/index.php\/wp-json\/wp\/v2\/users\/6"}],"replies":[{"embeddable":true,"href":"https:\/\/lavocedelpaese.info\/index.php\/wp-json\/wp\/v2\/comments?post=9721"}],"version-history":[{"count":0,"href":"https:\/\/lavocedelpaese.info\/index.php\/wp-json\/wp\/v2\/posts\/9721\/revisions"}],"wp:featuredmedia":[{"embeddable":true,"href":"https:\/\/lavocedelpaese.info\/index.php\/wp-json\/wp\/v2\/media\/730"}],"wp:attachment":[{"href":"https:\/\/lavocedelpaese.info\/index.php\/wp-json\/wp\/v2\/media?parent=9721"}],"wp:term":[{"taxonomy":"category","embeddable":true,"href":"https:\/\/lavocedelpaese.info\/index.php\/wp-json\/wp\/v2\/categories?post=9721"},{"taxonomy":"post_tag","embeddable":true,"href":"https:\/\/lavocedelpaese.info\/index.php\/wp-json\/wp\/v2\/tags?post=9721"}],"curies":[{"name":"wp","href":"https:\/\/api.w.org\/{rel}","templated":true}]}}