{"id":9718,"date":"2025-07-28T07:13:51","date_gmt":"2025-07-28T07:13:51","guid":{"rendered":"https:\/\/lavocedelpaese.info\/index.php\/2025\/07\/28\/bullismo-e-microcriminalita-abbaticchio-temi-da-affrontare-con-urgenza-fondamentale-il-ruolo-dei-comuni\/"},"modified":"2025-07-28T07:13:51","modified_gmt":"2025-07-28T07:13:51","slug":"bullismo-e-microcriminalita-abbaticchio-temi-da-affrontare-con-urgenza-fondamentale-il-ruolo-dei-comuni","status":"publish","type":"post","link":"https:\/\/lavocedelpaese.info\/index.php\/2025\/07\/28\/bullismo-e-microcriminalita-abbaticchio-temi-da-affrontare-con-urgenza-fondamentale-il-ruolo-dei-comuni\/","title":{"rendered":"Bullismo e microcriminalit\u00e0, Abbaticchio: \u201cTemi da affrontare con urgenza. Fondamentale il ruolo dei Comuni\u201d.\u00a0\u200b"},"content":{"rendered":"<p>\u00a0<\/p>\n<p>\u200b\u00a0<\/p>\n<p>\u200b\u00a0<\/p>\n<p>\u201cBullismo e microcriminalit\u00e0 sono fenomeni che possono minacciare la sicurezza dei cittadini, soprattutto nelle aree urbane. Borseggi, scippi e piccoli furti, aggressioni \u00a0sono solo alcuni esempi di come il bullismo e \u00a0la microcriminalit\u00e0 possano influire sulla qualit\u00e0 della vita\u201d: lo scrive in una nota Ludovico Abbaticchio, Garante dei Minori in Puglia.<\/p>\n<p><strong>Cause e soluzioni<\/strong><\/p>\n<p>Le cause possono essere molteplici, tra cui la disoccupazione, la povert\u00e0 e la mancanza di opportunit\u00e0 inclusa la fragilit\u00e0 educativa genitoriale. Per contrastarla, \u00e8 importante:<\/p>\n<p>\u2013 Implementare politiche di prevenzione e controllo<br \/>\u2013 Aumentare la presenza di forze dell\u2019ordine sul territorio<br \/>\u2013 Promuovere progetti di inclusione sociale e di sostegno alle fasce pi\u00f9 vulnerabili della popolazione<\/p>\n<p><strong>La collaborazione \u00e8 fondamentale<\/strong><\/p>\n<p>La lotta a questi fenomeni richiede una collaborazione tra istituzioni, forze dell\u2019ordine e cittadini. Insieme, possiamo creare un ambiente pi\u00f9 sicuro e protetto per tutti. Gli Enti Locali hanno una funzione importante nello sviluppare processi e progetti educativi integrati con scuola, terzo settore, volontariato e famiglia. La loro insufficienza politica di governo su questi temi pu\u00f2 essere una delle cause scatenanti di questi processi che se non governati anche con le forze dell\u2019ordine, con funzioni non repressive, possono diventare esasperanti per il senso di sicurezza che la popolazione pu\u00f2 non pi\u00f9 avvertire.<\/p>\n<p><a class=\"a2a_button_facebook\" href=\"https:\/\/www.addtoany.com\/add_to\/facebook?linkurl=https%3A%2F%2Fcassano.lavocedelpaese.info%2Fbullismo-e-microcriminalita-abbaticchio-temi-da-affrontare-con-urgenza-fondamentale-il-ruolo-dei-comuni%2F&amp;linkname=Bullismo%20e%20microcriminalit%C3%A0%2C%20Abbaticchio%3A%20%E2%80%9CTemi%20da%20affrontare%20con%20urgenza.%20Fondamentale%20il%20ruolo%20dei%20Comuni%E2%80%9D.\" title=\"Facebook\" rel=\"nofollow noopener\" target=\"_blank\"><\/a><a class=\"a2a_button_twitter\" href=\"https:\/\/www.addtoany.com\/add_to\/twitter?linkurl=https%3A%2F%2Fcassano.lavocedelpaese.info%2Fbullismo-e-microcriminalita-abbaticchio-temi-da-affrontare-con-urgenza-fondamentale-il-ruolo-dei-comuni%2F&amp;linkname=Bullismo%20e%20microcriminalit%C3%A0%2C%20Abbaticchio%3A%20%E2%80%9CTemi%20da%20affrontare%20con%20urgenza.%20Fondamentale%20il%20ruolo%20dei%20Comuni%E2%80%9D.\" title=\"Twitter\" rel=\"nofollow noopener\" target=\"_blank\"><\/a><a class=\"a2a_button_whatsapp\" href=\"https:\/\/www.addtoany.com\/add_to\/whatsapp?linkurl=https%3A%2F%2Fcassano.lavocedelpaese.info%2Fbullismo-e-microcriminalita-abbaticchio-temi-da-affrontare-con-urgenza-fondamentale-il-ruolo-dei-comuni%2F&amp;linkname=Bullismo%20e%20microcriminalit%C3%A0%2C%20Abbaticchio%3A%20%E2%80%9CTemi%20da%20affrontare%20con%20urgenza.%20Fondamentale%20il%20ruolo%20dei%20Comuni%E2%80%9D.\" title=\"WhatsApp\" rel=\"nofollow noopener\" target=\"_blank\"><\/a><a class=\"a2a_button_telegram\" href=\"https:\/\/www.addtoany.com\/add_to\/telegram?linkurl=https%3A%2F%2Fcassano.lavocedelpaese.info%2Fbullismo-e-microcriminalita-abbaticchio-temi-da-affrontare-con-urgenza-fondamentale-il-ruolo-dei-comuni%2F&amp;linkname=Bullismo%20e%20microcriminalit%C3%A0%2C%20Abbaticchio%3A%20%E2%80%9CTemi%20da%20affrontare%20con%20urgenza.%20Fondamentale%20il%20ruolo%20dei%20Comuni%E2%80%9D.\" title=\"Telegram\" rel=\"nofollow noopener\" target=\"_blank\"><\/a><a class=\"a2a_button_email\" href=\"https:\/\/www.addtoany.com\/add_to\/email?linkurl=https%3A%2F%2Fcassano.lavocedelpaese.info%2Fbullismo-e-microcriminalita-abbaticchio-temi-da-affrontare-con-urgenza-fondamentale-il-ruolo-dei-comuni%2F&amp;linkname=Bullismo%20e%20microcriminalit%C3%A0%2C%20Abbaticchio%3A%20%E2%80%9CTemi%20da%20affrontare%20con%20urgenza.%20Fondamentale%20il%20ruolo%20dei%20Comuni%E2%80%9D.\" title=\"Email\" rel=\"nofollow noopener\" target=\"_blank\"><\/a><\/p>\n<p>\u00a0<\/p>\n<p>\u00a0<\/p>\n<p>\u200b\u00a0\u00a0\u00a0<\/p>","protected":false},"excerpt":{"rendered":"<p>\u00a0 \u200b\u00a0 \u200b\u00a0 \u201cBullismo e microcriminalit\u00e0 sono fenomeni che possono minacciare la sicurezza dei cittadini, soprattutto nelle aree urbane. Borseggi,<\/p>\n","protected":false},"author":6,"featured_media":730,"comment_status":"open","ping_status":"closed","sticky":false,"template":"","format":"standard","meta":{"colormag_page_container_layout":"default_layout","colormag_page_sidebar_layout":"default_layout","footnotes":""},"categories":[33],"tags":[],"class_list":["post-9718","post","type-post","status-publish","format-standard","has-post-thumbnail","hentry","category-network"],"yoast_head":"<!-- This site is optimized with the Yoast SEO plugin v27.5 - https:\/\/yoast.com\/product\/yoast-seo-wordpress\/ -->\n<title>Bullismo e microcriminalit\u00e0, Abbaticchio: \u201cTemi da affrontare con urgenza. Fondamentale il ruolo dei Comuni\u201d.\u00a0\u200b - La Voce del Paese<\/title>\n<meta name=\"robots\" content=\"index, follow, max-snippet:-1, max-image-preview:large, max-video-preview:-1\" \/>\n<link rel=\"canonical\" href=\"https:\/\/lavocedelpaese.info\/index.php\/2025\/07\/28\/bullismo-e-microcriminalita-abbaticchio-temi-da-affrontare-con-urgenza-fondamentale-il-ruolo-dei-comuni\/\" \/>\n<meta property=\"og:locale\" content=\"it_IT\" \/>\n<meta property=\"og:type\" content=\"article\" \/>\n<meta property=\"og:title\" content=\"Bullismo e microcriminalit\u00e0, Abbaticchio: \u201cTemi da affrontare con urgenza. Fondamentale il ruolo dei Comuni\u201d.\u00a0\u200b - La Voce del Paese\" \/>\n<meta property=\"og:description\" content=\"\u00a0 \u200b\u00a0 \u200b\u00a0 \u201cBullismo e microcriminalit\u00e0 sono fenomeni che possono minacciare la sicurezza dei cittadini, soprattutto nelle aree urbane. Borseggi,\" \/>\n<meta property=\"og:url\" content=\"https:\/\/lavocedelpaese.info\/index.php\/2025\/07\/28\/bullismo-e-microcriminalita-abbaticchio-temi-da-affrontare-con-urgenza-fondamentale-il-ruolo-dei-comuni\/\" \/>\n<meta property=\"og:site_name\" content=\"La Voce del Paese\" \/>\n<meta property=\"article:publisher\" content=\"https:\/\/www.facebook.com\/lavocedelpaese.info\" \/>\n<meta property=\"article:published_time\" content=\"2025-07-28T07:13:51+00:00\" \/>\n<meta name=\"author\" content=\"admin\" \/>\n<meta name=\"twitter:card\" content=\"summary_large_image\" \/>\n<meta name=\"twitter:label1\" content=\"Scritto da\" \/>\n\t<meta name=\"twitter:data1\" content=\"admin\" \/>\n\t<meta name=\"twitter:label2\" content=\"Tempo di lettura stimato\" \/>\n\t<meta name=\"twitter:data2\" content=\"1 minuto\" \/>\n<script type=\"application\/ld+json\" class=\"yoast-schema-graph\">{\"@context\":\"https:\\\/\\\/schema.org\",\"@graph\":[{\"@type\":\"Article\",\"@id\":\"https:\\\/\\\/lavocedelpaese.info\\\/index.php\\\/2025\\\/07\\\/28\\\/bullismo-e-microcriminalita-abbaticchio-temi-da-affrontare-con-urgenza-fondamentale-il-ruolo-dei-comuni\\\/#article\",\"isPartOf\":{\"@id\":\"https:\\\/\\\/lavocedelpaese.info\\\/index.php\\\/2025\\\/07\\\/28\\\/bullismo-e-microcriminalita-abbaticchio-temi-da-affrontare-con-urgenza-fondamentale-il-ruolo-dei-comuni\\\/\"},\"author\":{\"name\":\"admin\",\"@id\":\"https:\\\/\\\/lavocedelpaese.info\\\/#\\\/schema\\\/person\\\/ec151d321306bd7591f7a061abf72d88\"},\"headline\":\"Bullismo e microcriminalit\u00e0, Abbaticchio: \u201cTemi da affrontare con urgenza. Fondamentale il ruolo dei Comuni\u201d.\u00a0\u200b\",\"datePublished\":\"2025-07-28T07:13:51+00:00\",\"mainEntityOfPage\":{\"@id\":\"https:\\\/\\\/lavocedelpaese.info\\\/index.php\\\/2025\\\/07\\\/28\\\/bullismo-e-microcriminalita-abbaticchio-temi-da-affrontare-con-urgenza-fondamentale-il-ruolo-dei-comuni\\\/\"},\"wordCount\":218,\"commentCount\":0,\"publisher\":{\"@id\":\"https:\\\/\\\/lavocedelpaese.info\\\/#organization\"},\"image\":{\"@id\":\"https:\\\/\\\/lavocedelpaese.info\\\/index.php\\\/2025\\\/07\\\/28\\\/bullismo-e-microcriminalita-abbaticchio-temi-da-affrontare-con-urgenza-fondamentale-il-ruolo-dei-comuni\\\/#primaryimage\"},\"thumbnailUrl\":\"https:\\\/\\\/lavocedelpaese.info\\\/wp-content\\\/uploads\\\/2023\\\/01\\\/logo-150-127.png\",\"articleSection\":[\"network\"],\"inLanguage\":\"it-IT\",\"potentialAction\":[{\"@type\":\"CommentAction\",\"name\":\"Comment\",\"target\":[\"https:\\\/\\\/lavocedelpaese.info\\\/index.php\\\/2025\\\/07\\\/28\\\/bullismo-e-microcriminalita-abbaticchio-temi-da-affrontare-con-urgenza-fondamentale-il-ruolo-dei-comuni\\\/#respond\"]}]},{\"@type\":\"WebPage\",\"@id\":\"https:\\\/\\\/lavocedelpaese.info\\\/index.php\\\/2025\\\/07\\\/28\\\/bullismo-e-microcriminalita-abbaticchio-temi-da-affrontare-con-urgenza-fondamentale-il-ruolo-dei-comuni\\\/\",\"url\":\"https:\\\/\\\/lavocedelpaese.info\\\/index.php\\\/2025\\\/07\\\/28\\\/bullismo-e-microcriminalita-abbaticchio-temi-da-affrontare-con-urgenza-fondamentale-il-ruolo-dei-comuni\\\/\",\"name\":\"Bullismo e microcriminalit\u00e0, Abbaticchio: \u201cTemi da affrontare con urgenza. Fondamentale il ruolo dei Comuni\u201d.\u00a0\u200b - La Voce del Paese\",\"isPartOf\":{\"@id\":\"https:\\\/\\\/lavocedelpaese.info\\\/#website\"},\"primaryImageOfPage\":{\"@id\":\"https:\\\/\\\/lavocedelpaese.info\\\/index.php\\\/2025\\\/07\\\/28\\\/bullismo-e-microcriminalita-abbaticchio-temi-da-affrontare-con-urgenza-fondamentale-il-ruolo-dei-comuni\\\/#primaryimage\"},\"image\":{\"@id\":\"https:\\\/\\\/lavocedelpaese.info\\\/index.php\\\/2025\\\/07\\\/28\\\/bullismo-e-microcriminalita-abbaticchio-temi-da-affrontare-con-urgenza-fondamentale-il-ruolo-dei-comuni\\\/#primaryimage\"},\"thumbnailUrl\":\"https:\\\/\\\/lavocedelpaese.info\\\/wp-content\\\/uploads\\\/2023\\\/01\\\/logo-150-127.png\",\"datePublished\":\"2025-07-28T07:13:51+00:00\",\"breadcrumb\":{\"@id\":\"https:\\\/\\\/lavocedelpaese.info\\\/index.php\\\/2025\\\/07\\\/28\\\/bullismo-e-microcriminalita-abbaticchio-temi-da-affrontare-con-urgenza-fondamentale-il-ruolo-dei-comuni\\\/#breadcrumb\"},\"inLanguage\":\"it-IT\",\"potentialAction\":[{\"@type\":\"ReadAction\",\"target\":[\"https:\\\/\\\/lavocedelpaese.info\\\/index.php\\\/2025\\\/07\\\/28\\\/bullismo-e-microcriminalita-abbaticchio-temi-da-affrontare-con-urgenza-fondamentale-il-ruolo-dei-comuni\\\/\"]}]},{\"@type\":\"ImageObject\",\"inLanguage\":\"it-IT\",\"@id\":\"https:\\\/\\\/lavocedelpaese.info\\\/index.php\\\/2025\\\/07\\\/28\\\/bullismo-e-microcriminalita-abbaticchio-temi-da-affrontare-con-urgenza-fondamentale-il-ruolo-dei-comuni\\\/#primaryimage\",\"url\":\"https:\\\/\\\/lavocedelpaese.info\\\/wp-content\\\/uploads\\\/2023\\\/01\\\/logo-150-127.png\",\"contentUrl\":\"https:\\\/\\\/lavocedelpaese.info\\\/wp-content\\\/uploads\\\/2023\\\/01\\\/logo-150-127.png\",\"width\":150,\"height\":127},{\"@type\":\"BreadcrumbList\",\"@id\":\"https:\\\/\\\/lavocedelpaese.info\\\/index.php\\\/2025\\\/07\\\/28\\\/bullismo-e-microcriminalita-abbaticchio-temi-da-affrontare-con-urgenza-fondamentale-il-ruolo-dei-comuni\\\/#breadcrumb\",\"itemListElement\":[{\"@type\":\"ListItem\",\"position\":1,\"name\":\"Home\",\"item\":\"https:\\\/\\\/lavocedelpaese.info\\\/\"},{\"@type\":\"ListItem\",\"position\":2,\"name\":\"Bullismo e microcriminalit\u00e0, Abbaticchio: \u201cTemi da affrontare con urgenza. Fondamentale il ruolo dei Comuni\u201d.\u00a0\u200b\"}]},{\"@type\":\"WebSite\",\"@id\":\"https:\\\/\\\/lavocedelpaese.info\\\/#website\",\"url\":\"https:\\\/\\\/lavocedelpaese.info\\\/\",\"name\":\"La Voce del Paese\",\"description\":\"Un network di idee\",\"publisher\":{\"@id\":\"https:\\\/\\\/lavocedelpaese.info\\\/#organization\"},\"potentialAction\":[{\"@type\":\"SearchAction\",\"target\":{\"@type\":\"EntryPoint\",\"urlTemplate\":\"https:\\\/\\\/lavocedelpaese.info\\\/?s={search_term_string}\"},\"query-input\":{\"@type\":\"PropertyValueSpecification\",\"valueRequired\":true,\"valueName\":\"search_term_string\"}}],\"inLanguage\":\"it-IT\"},{\"@type\":\"Organization\",\"@id\":\"https:\\\/\\\/lavocedelpaese.info\\\/#organization\",\"name\":\"La Voce del Paese\",\"url\":\"https:\\\/\\\/lavocedelpaese.info\\\/\",\"logo\":{\"@type\":\"ImageObject\",\"inLanguage\":\"it-IT\",\"@id\":\"https:\\\/\\\/lavocedelpaese.info\\\/#\\\/schema\\\/logo\\\/image\\\/\",\"url\":\"https:\\\/\\\/lavocedelpaese.info\\\/wp-content\\\/uploads\\\/2023\\\/01\\\/cropped-logo-150-127.png\",\"contentUrl\":\"https:\\\/\\\/lavocedelpaese.info\\\/wp-content\\\/uploads\\\/2023\\\/01\\\/cropped-logo-150-127.png\",\"width\":137,\"height\":119,\"caption\":\"La Voce del Paese\"},\"image\":{\"@id\":\"https:\\\/\\\/lavocedelpaese.info\\\/#\\\/schema\\\/logo\\\/image\\\/\"},\"sameAs\":[\"https:\\\/\\\/www.facebook.com\\\/lavocedelpaese.info\"]},{\"@type\":\"Person\",\"@id\":\"https:\\\/\\\/lavocedelpaese.info\\\/#\\\/schema\\\/person\\\/ec151d321306bd7591f7a061abf72d88\",\"name\":\"admin\",\"image\":{\"@type\":\"ImageObject\",\"inLanguage\":\"it-IT\",\"@id\":\"https:\\\/\\\/secure.gravatar.com\\\/avatar\\\/af8f2caf0663124588de48a9380e07cbc95a74ef15b8062d0d39106c32fe3023?s=96&d=mm&r=g\",\"url\":\"https:\\\/\\\/secure.gravatar.com\\\/avatar\\\/af8f2caf0663124588de48a9380e07cbc95a74ef15b8062d0d39106c32fe3023?s=96&d=mm&r=g\",\"contentUrl\":\"https:\\\/\\\/secure.gravatar.com\\\/avatar\\\/af8f2caf0663124588de48a9380e07cbc95a74ef15b8062d0d39106c32fe3023?s=96&d=mm&r=g\",\"caption\":\"admin\"},\"sameAs\":[\"https:\\\/\\\/lavocedelpaese.info\"],\"url\":\"https:\\\/\\\/lavocedelpaese.info\\\/index.php\\\/author\\\/admin\\\/\"}]}<\/script>\n<!-- \/ Yoast SEO plugin. -->","yoast_head_json":{"title":"Bullismo e microcriminalit\u00e0, Abbaticchio: \u201cTemi da affrontare con urgenza. Fondamentale il ruolo dei Comuni\u201d.\u00a0\u200b - La Voce del Paese","robots":{"index":"index","follow":"follow","max-snippet":"max-snippet:-1","max-image-preview":"max-image-preview:large","max-video-preview":"max-video-preview:-1"},"canonical":"https:\/\/lavocedelpaese.info\/index.php\/2025\/07\/28\/bullismo-e-microcriminalita-abbaticchio-temi-da-affrontare-con-urgenza-fondamentale-il-ruolo-dei-comuni\/","og_locale":"it_IT","og_type":"article","og_title":"Bullismo e microcriminalit\u00e0, Abbaticchio: \u201cTemi da affrontare con urgenza. Fondamentale il ruolo dei Comuni\u201d.\u00a0\u200b - La Voce del Paese","og_description":"\u00a0 \u200b\u00a0 \u200b\u00a0 \u201cBullismo e microcriminalit\u00e0 sono fenomeni che possono minacciare la sicurezza dei cittadini, soprattutto nelle aree urbane. Borseggi,","og_url":"https:\/\/lavocedelpaese.info\/index.php\/2025\/07\/28\/bullismo-e-microcriminalita-abbaticchio-temi-da-affrontare-con-urgenza-fondamentale-il-ruolo-dei-comuni\/","og_site_name":"La Voce del Paese","article_publisher":"https:\/\/www.facebook.com\/lavocedelpaese.info","article_published_time":"2025-07-28T07:13:51+00:00","author":"admin","twitter_card":"summary_large_image","twitter_misc":{"Scritto da":"admin","Tempo di lettura stimato":"1 minuto"},"schema":{"@context":"https:\/\/schema.org","@graph":[{"@type":"Article","@id":"https:\/\/lavocedelpaese.info\/index.php\/2025\/07\/28\/bullismo-e-microcriminalita-abbaticchio-temi-da-affrontare-con-urgenza-fondamentale-il-ruolo-dei-comuni\/#article","isPartOf":{"@id":"https:\/\/lavocedelpaese.info\/index.php\/2025\/07\/28\/bullismo-e-microcriminalita-abbaticchio-temi-da-affrontare-con-urgenza-fondamentale-il-ruolo-dei-comuni\/"},"author":{"name":"admin","@id":"https:\/\/lavocedelpaese.info\/#\/schema\/person\/ec151d321306bd7591f7a061abf72d88"},"headline":"Bullismo e microcriminalit\u00e0, Abbaticchio: \u201cTemi da affrontare con urgenza. Fondamentale il ruolo dei Comuni\u201d.\u00a0\u200b","datePublished":"2025-07-28T07:13:51+00:00","mainEntityOfPage":{"@id":"https:\/\/lavocedelpaese.info\/index.php\/2025\/07\/28\/bullismo-e-microcriminalita-abbaticchio-temi-da-affrontare-con-urgenza-fondamentale-il-ruolo-dei-comuni\/"},"wordCount":218,"commentCount":0,"publisher":{"@id":"https:\/\/lavocedelpaese.info\/#organization"},"image":{"@id":"https:\/\/lavocedelpaese.info\/index.php\/2025\/07\/28\/bullismo-e-microcriminalita-abbaticchio-temi-da-affrontare-con-urgenza-fondamentale-il-ruolo-dei-comuni\/#primaryimage"},"thumbnailUrl":"https:\/\/lavocedelpaese.info\/wp-content\/uploads\/2023\/01\/logo-150-127.png","articleSection":["network"],"inLanguage":"it-IT","potentialAction":[{"@type":"CommentAction","name":"Comment","target":["https:\/\/lavocedelpaese.info\/index.php\/2025\/07\/28\/bullismo-e-microcriminalita-abbaticchio-temi-da-affrontare-con-urgenza-fondamentale-il-ruolo-dei-comuni\/#respond"]}]},{"@type":"WebPage","@id":"https:\/\/lavocedelpaese.info\/index.php\/2025\/07\/28\/bullismo-e-microcriminalita-abbaticchio-temi-da-affrontare-con-urgenza-fondamentale-il-ruolo-dei-comuni\/","url":"https:\/\/lavocedelpaese.info\/index.php\/2025\/07\/28\/bullismo-e-microcriminalita-abbaticchio-temi-da-affrontare-con-urgenza-fondamentale-il-ruolo-dei-comuni\/","name":"Bullismo e microcriminalit\u00e0, Abbaticchio: \u201cTemi da affrontare con urgenza. Fondamentale il ruolo dei Comuni\u201d.\u00a0\u200b - La Voce del Paese","isPartOf":{"@id":"https:\/\/lavocedelpaese.info\/#website"},"primaryImageOfPage":{"@id":"https:\/\/lavocedelpaese.info\/index.php\/2025\/07\/28\/bullismo-e-microcriminalita-abbaticchio-temi-da-affrontare-con-urgenza-fondamentale-il-ruolo-dei-comuni\/#primaryimage"},"image":{"@id":"https:\/\/lavocedelpaese.info\/index.php\/2025\/07\/28\/bullismo-e-microcriminalita-abbaticchio-temi-da-affrontare-con-urgenza-fondamentale-il-ruolo-dei-comuni\/#primaryimage"},"thumbnailUrl":"https:\/\/lavocedelpaese.info\/wp-content\/uploads\/2023\/01\/logo-150-127.png","datePublished":"2025-07-28T07:13:51+00:00","breadcrumb":{"@id":"https:\/\/lavocedelpaese.info\/index.php\/2025\/07\/28\/bullismo-e-microcriminalita-abbaticchio-temi-da-affrontare-con-urgenza-fondamentale-il-ruolo-dei-comuni\/#breadcrumb"},"inLanguage":"it-IT","potentialAction":[{"@type":"ReadAction","target":["https:\/\/lavocedelpaese.info\/index.php\/2025\/07\/28\/bullismo-e-microcriminalita-abbaticchio-temi-da-affrontare-con-urgenza-fondamentale-il-ruolo-dei-comuni\/"]}]},{"@type":"ImageObject","inLanguage":"it-IT","@id":"https:\/\/lavocedelpaese.info\/index.php\/2025\/07\/28\/bullismo-e-microcriminalita-abbaticchio-temi-da-affrontare-con-urgenza-fondamentale-il-ruolo-dei-comuni\/#primaryimage","url":"https:\/\/lavocedelpaese.info\/wp-content\/uploads\/2023\/01\/logo-150-127.png","contentUrl":"https:\/\/lavocedelpaese.info\/wp-content\/uploads\/2023\/01\/logo-150-127.png","width":150,"height":127},{"@type":"BreadcrumbList","@id":"https:\/\/lavocedelpaese.info\/index.php\/2025\/07\/28\/bullismo-e-microcriminalita-abbaticchio-temi-da-affrontare-con-urgenza-fondamentale-il-ruolo-dei-comuni\/#breadcrumb","itemListElement":[{"@type":"ListItem","position":1,"name":"Home","item":"https:\/\/lavocedelpaese.info\/"},{"@type":"ListItem","position":2,"name":"Bullismo e microcriminalit\u00e0, Abbaticchio: \u201cTemi da affrontare con urgenza. Fondamentale il ruolo dei Comuni\u201d.\u00a0\u200b"}]},{"@type":"WebSite","@id":"https:\/\/lavocedelpaese.info\/#website","url":"https:\/\/lavocedelpaese.info\/","name":"La Voce del Paese","description":"Un network di idee","publisher":{"@id":"https:\/\/lavocedelpaese.info\/#organization"},"potentialAction":[{"@type":"SearchAction","target":{"@type":"EntryPoint","urlTemplate":"https:\/\/lavocedelpaese.info\/?s={search_term_string}"},"query-input":{"@type":"PropertyValueSpecification","valueRequired":true,"valueName":"search_term_string"}}],"inLanguage":"it-IT"},{"@type":"Organization","@id":"https:\/\/lavocedelpaese.info\/#organization","name":"La Voce del Paese","url":"https:\/\/lavocedelpaese.info\/","logo":{"@type":"ImageObject","inLanguage":"it-IT","@id":"https:\/\/lavocedelpaese.info\/#\/schema\/logo\/image\/","url":"https:\/\/lavocedelpaese.info\/wp-content\/uploads\/2023\/01\/cropped-logo-150-127.png","contentUrl":"https:\/\/lavocedelpaese.info\/wp-content\/uploads\/2023\/01\/cropped-logo-150-127.png","width":137,"height":119,"caption":"La Voce del Paese"},"image":{"@id":"https:\/\/lavocedelpaese.info\/#\/schema\/logo\/image\/"},"sameAs":["https:\/\/www.facebook.com\/lavocedelpaese.info"]},{"@type":"Person","@id":"https:\/\/lavocedelpaese.info\/#\/schema\/person\/ec151d321306bd7591f7a061abf72d88","name":"admin","image":{"@type":"ImageObject","inLanguage":"it-IT","@id":"https:\/\/secure.gravatar.com\/avatar\/af8f2caf0663124588de48a9380e07cbc95a74ef15b8062d0d39106c32fe3023?s=96&d=mm&r=g","url":"https:\/\/secure.gravatar.com\/avatar\/af8f2caf0663124588de48a9380e07cbc95a74ef15b8062d0d39106c32fe3023?s=96&d=mm&r=g","contentUrl":"https:\/\/secure.gravatar.com\/avatar\/af8f2caf0663124588de48a9380e07cbc95a74ef15b8062d0d39106c32fe3023?s=96&d=mm&r=g","caption":"admin"},"sameAs":["https:\/\/lavocedelpaese.info"],"url":"https:\/\/lavocedelpaese.info\/index.php\/author\/admin\/"}]}},"_links":{"self":[{"href":"https:\/\/lavocedelpaese.info\/index.php\/wp-json\/wp\/v2\/posts\/9718","targetHints":{"allow":["GET"]}}],"collection":[{"href":"https:\/\/lavocedelpaese.info\/index.php\/wp-json\/wp\/v2\/posts"}],"about":[{"href":"https:\/\/lavocedelpaese.info\/index.php\/wp-json\/wp\/v2\/types\/post"}],"author":[{"embeddable":true,"href":"https:\/\/lavocedelpaese.info\/index.php\/wp-json\/wp\/v2\/users\/6"}],"replies":[{"embeddable":true,"href":"https:\/\/lavocedelpaese.info\/index.php\/wp-json\/wp\/v2\/comments?post=9718"}],"version-history":[{"count":0,"href":"https:\/\/lavocedelpaese.info\/index.php\/wp-json\/wp\/v2\/posts\/9718\/revisions"}],"wp:featuredmedia":[{"embeddable":true,"href":"https:\/\/lavocedelpaese.info\/index.php\/wp-json\/wp\/v2\/media\/730"}],"wp:attachment":[{"href":"https:\/\/lavocedelpaese.info\/index.php\/wp-json\/wp\/v2\/media?parent=9718"}],"wp:term":[{"taxonomy":"category","embeddable":true,"href":"https:\/\/lavocedelpaese.info\/index.php\/wp-json\/wp\/v2\/categories?post=9718"},{"taxonomy":"post_tag","embeddable":true,"href":"https:\/\/lavocedelpaese.info\/index.php\/wp-json\/wp\/v2\/tags?post=9718"}],"curies":[{"name":"wp","href":"https:\/\/api.w.org\/{rel}","templated":true}]}}