{"id":9696,"date":"2025-07-23T16:15:52","date_gmt":"2025-07-23T16:15:52","guid":{"rendered":"https:\/\/lavocedelpaese.info\/index.php\/2025\/07\/23\/la-rivoluzione-del-sud-di-davide-carlucci-2\/"},"modified":"2025-07-23T16:15:52","modified_gmt":"2025-07-23T16:15:52","slug":"la-rivoluzione-del-sud-di-davide-carlucci-2","status":"publish","type":"post","link":"https:\/\/lavocedelpaese.info\/index.php\/2025\/07\/23\/la-rivoluzione-del-sud-di-davide-carlucci-2\/","title":{"rendered":"\u201cLa Rivoluzione del Sud\u201d di Davide Carlucci\u00a0\u200b"},"content":{"rendered":"<p>\u00a0<\/p>\n<p>\u200b\u00a0<\/p>\n<p>\u200b\u00a0<\/p>\n<p>Incontro con l\u2019autore<\/p>\n<p>Appuntamento da non perdere questa sera alle ore 19.00 presso la Biblioteca Comunale \u201cMaselli Campagna\u201d in via Togliatti 2, per la presentazione del libro \u201cLa rivoluzione del Sud\u201d di Davide Carlucci. <\/p>\n<p>Trama del libro:<\/p>\n<p>\u201cEsiste un Sud ancora poco visibile, che sfida gli stereotipi. \u00c8 il Mezzogiorno che ha scelto di reagire alla marginalizzazione e alla colonizzazione imposte da una parte della politica e dell\u2019economia. Il racconto di un giornalista che, diventato amministratore, ha dato vita alla prima rete di sindaci meridionali, rivendicando una distribuzione equa dei fondi del pnrr, lo strumento che oggi sta trasformando le citt\u00e0 del Sud. I sindaci si sono ribellati, guidando la protesta contro l\u2019autonomia differenziata \u2013 il tentativo di dividere l\u2019Italia in base alla ricchezza \u2013 e chiedendo una nuova agenda politica nazionale che rimetta il Mezzogiorno al centro. Una parte del Paese che, in questi anni, ha saputo opporsi alle mafie, valorizzare i beni confiscati alla criminalit\u00e0 e riscoprire la propria identit\u00e0 attraverso la letteratura e la musica. Oggi, questo Mezzogiorno \u00e8 in grado di proporre all\u2019Europa un modello di sviluppo alternativo. Prefazione di Marco Esposito\u201d.<\/p>\n<p>Saluti istituzionali del Sindaco di Acquaviva delle Fonti avv. Marco Lenoci e dell\u2019Assessora alla Cultura  Mariagrazia Barbieri.<\/p>\n<p>Dialoga con l\u2019autore Antonio Decaro, europarlamentare, Francesca Pietroforte, consigliera comunale, Antonio Piangiolino, componente Rete Recovery Sud.<\/p>\n<p>Letture di Tony Vavalle.<\/p>\n<p>Modera Marilda Tria.<\/p>\n\n<figure class=\"wp-block-image size-full\"><img decoding=\"async\" src=\"https:\/\/acquaviva.lavocedelpaese.info\/wp-content\/uploads\/2025\/07\/522621388_10237646292445596_2148772849979696979_n.jpg\" alt=\"\" class=\"wp-image-5611\"\/><\/figure>\n<p><a class=\"a2a_button_facebook\" href=\"https:\/\/www.addtoany.com\/add_to\/facebook?linkurl=https%3A%2F%2Facquaviva.lavocedelpaese.info%2Findex.php%2F2025%2F07%2F23%2Fla-rivoluzione-del-sud-di-davide-carlucci-2%2F&amp;linkname=%E2%80%9CLa%20Rivoluzione%20del%20Sud%E2%80%9D%20di%20Davide%20Carlucci\" title=\"Facebook\" rel=\"nofollow noopener\" target=\"_blank\"><\/a><a class=\"a2a_button_twitter\" href=\"https:\/\/www.addtoany.com\/add_to\/twitter?linkurl=https%3A%2F%2Facquaviva.lavocedelpaese.info%2Findex.php%2F2025%2F07%2F23%2Fla-rivoluzione-del-sud-di-davide-carlucci-2%2F&amp;linkname=%E2%80%9CLa%20Rivoluzione%20del%20Sud%E2%80%9D%20di%20Davide%20Carlucci\" title=\"Twitter\" rel=\"nofollow noopener\" target=\"_blank\"><\/a><a class=\"a2a_button_whatsapp\" href=\"https:\/\/www.addtoany.com\/add_to\/whatsapp?linkurl=https%3A%2F%2Facquaviva.lavocedelpaese.info%2Findex.php%2F2025%2F07%2F23%2Fla-rivoluzione-del-sud-di-davide-carlucci-2%2F&amp;linkname=%E2%80%9CLa%20Rivoluzione%20del%20Sud%E2%80%9D%20di%20Davide%20Carlucci\" title=\"WhatsApp\" rel=\"nofollow noopener\" target=\"_blank\"><\/a><a class=\"a2a_button_telegram\" href=\"https:\/\/www.addtoany.com\/add_to\/telegram?linkurl=https%3A%2F%2Facquaviva.lavocedelpaese.info%2Findex.php%2F2025%2F07%2F23%2Fla-rivoluzione-del-sud-di-davide-carlucci-2%2F&amp;linkname=%E2%80%9CLa%20Rivoluzione%20del%20Sud%E2%80%9D%20di%20Davide%20Carlucci\" title=\"Telegram\" rel=\"nofollow noopener\" target=\"_blank\"><\/a><a class=\"a2a_button_email\" href=\"https:\/\/www.addtoany.com\/add_to\/email?linkurl=https%3A%2F%2Facquaviva.lavocedelpaese.info%2Findex.php%2F2025%2F07%2F23%2Fla-rivoluzione-del-sud-di-davide-carlucci-2%2F&amp;linkname=%E2%80%9CLa%20Rivoluzione%20del%20Sud%E2%80%9D%20di%20Davide%20Carlucci\" title=\"Email\" rel=\"nofollow noopener\" target=\"_blank\"><\/a><\/p>\n<p>\u00a0<\/p>\n<p>\u00a0<\/p>\n<p>\u200b\u00a0\u00a0\u00a0<\/p>","protected":false},"excerpt":{"rendered":"<p>\u00a0 \u200b\u00a0 \u200b\u00a0 Incontro con l\u2019autore Appuntamento da non perdere questa sera alle ore 19.00 presso la Biblioteca Comunale \u201cMaselli<\/p>\n","protected":false},"author":6,"featured_media":9634,"comment_status":"open","ping_status":"closed","sticky":false,"template":"","format":"standard","meta":{"colormag_page_container_layout":"default_layout","colormag_page_sidebar_layout":"default_layout","footnotes":""},"categories":[33],"tags":[],"class_list":["post-9696","post","type-post","status-publish","format-standard","has-post-thumbnail","hentry","category-network"],"yoast_head":"<!-- This site is optimized with the Yoast SEO plugin v27.5 - https:\/\/yoast.com\/product\/yoast-seo-wordpress\/ -->\n<title>\u201cLa Rivoluzione del Sud\u201d di Davide Carlucci\u00a0\u200b - La Voce del Paese<\/title>\n<meta name=\"robots\" content=\"index, follow, max-snippet:-1, max-image-preview:large, max-video-preview:-1\" \/>\n<link rel=\"canonical\" href=\"https:\/\/lavocedelpaese.info\/index.php\/2025\/07\/23\/la-rivoluzione-del-sud-di-davide-carlucci-2\/\" \/>\n<meta property=\"og:locale\" content=\"it_IT\" \/>\n<meta property=\"og:type\" content=\"article\" \/>\n<meta property=\"og:title\" content=\"\u201cLa Rivoluzione del Sud\u201d di Davide Carlucci\u00a0\u200b - La Voce del Paese\" \/>\n<meta property=\"og:description\" content=\"\u00a0 \u200b\u00a0 \u200b\u00a0 Incontro con l\u2019autore Appuntamento da non perdere questa sera alle ore 19.00 presso la Biblioteca Comunale \u201cMaselli\" \/>\n<meta property=\"og:url\" content=\"https:\/\/lavocedelpaese.info\/index.php\/2025\/07\/23\/la-rivoluzione-del-sud-di-davide-carlucci-2\/\" \/>\n<meta property=\"og:site_name\" content=\"La Voce del Paese\" \/>\n<meta property=\"article:publisher\" content=\"https:\/\/www.facebook.com\/lavocedelpaese.info\" \/>\n<meta property=\"article:published_time\" content=\"2025-07-23T16:15:52+00:00\" \/>\n<meta name=\"author\" content=\"admin\" \/>\n<meta name=\"twitter:card\" content=\"summary_large_image\" \/>\n<meta name=\"twitter:label1\" content=\"Scritto da\" \/>\n\t<meta name=\"twitter:data1\" content=\"admin\" \/>\n\t<meta name=\"twitter:label2\" content=\"Tempo di lettura stimato\" \/>\n\t<meta name=\"twitter:data2\" content=\"1 minuto\" \/>\n<script type=\"application\/ld+json\" class=\"yoast-schema-graph\">{\"@context\":\"https:\\\/\\\/schema.org\",\"@graph\":[{\"@type\":\"Article\",\"@id\":\"https:\\\/\\\/lavocedelpaese.info\\\/index.php\\\/2025\\\/07\\\/23\\\/la-rivoluzione-del-sud-di-davide-carlucci-2\\\/#article\",\"isPartOf\":{\"@id\":\"https:\\\/\\\/lavocedelpaese.info\\\/index.php\\\/2025\\\/07\\\/23\\\/la-rivoluzione-del-sud-di-davide-carlucci-2\\\/\"},\"author\":{\"name\":\"admin\",\"@id\":\"https:\\\/\\\/lavocedelpaese.info\\\/#\\\/schema\\\/person\\\/ec151d321306bd7591f7a061abf72d88\"},\"headline\":\"\u201cLa Rivoluzione del Sud\u201d di Davide Carlucci\u00a0\u200b\",\"datePublished\":\"2025-07-23T16:15:52+00:00\",\"mainEntityOfPage\":{\"@id\":\"https:\\\/\\\/lavocedelpaese.info\\\/index.php\\\/2025\\\/07\\\/23\\\/la-rivoluzione-del-sud-di-davide-carlucci-2\\\/\"},\"wordCount\":234,\"commentCount\":0,\"publisher\":{\"@id\":\"https:\\\/\\\/lavocedelpaese.info\\\/#organization\"},\"image\":{\"@id\":\"https:\\\/\\\/lavocedelpaese.info\\\/index.php\\\/2025\\\/07\\\/23\\\/la-rivoluzione-del-sud-di-davide-carlucci-2\\\/#primaryimage\"},\"thumbnailUrl\":\"https:\\\/\\\/lavocedelpaese.info\\\/wp-content\\\/uploads\\\/2025\\\/07\\\/1-1-9vcEuh.jpg\",\"articleSection\":[\"network\"],\"inLanguage\":\"it-IT\",\"potentialAction\":[{\"@type\":\"CommentAction\",\"name\":\"Comment\",\"target\":[\"https:\\\/\\\/lavocedelpaese.info\\\/index.php\\\/2025\\\/07\\\/23\\\/la-rivoluzione-del-sud-di-davide-carlucci-2\\\/#respond\"]}]},{\"@type\":\"WebPage\",\"@id\":\"https:\\\/\\\/lavocedelpaese.info\\\/index.php\\\/2025\\\/07\\\/23\\\/la-rivoluzione-del-sud-di-davide-carlucci-2\\\/\",\"url\":\"https:\\\/\\\/lavocedelpaese.info\\\/index.php\\\/2025\\\/07\\\/23\\\/la-rivoluzione-del-sud-di-davide-carlucci-2\\\/\",\"name\":\"\u201cLa Rivoluzione del Sud\u201d di Davide Carlucci\u00a0\u200b - La Voce del Paese\",\"isPartOf\":{\"@id\":\"https:\\\/\\\/lavocedelpaese.info\\\/#website\"},\"primaryImageOfPage\":{\"@id\":\"https:\\\/\\\/lavocedelpaese.info\\\/index.php\\\/2025\\\/07\\\/23\\\/la-rivoluzione-del-sud-di-davide-carlucci-2\\\/#primaryimage\"},\"image\":{\"@id\":\"https:\\\/\\\/lavocedelpaese.info\\\/index.php\\\/2025\\\/07\\\/23\\\/la-rivoluzione-del-sud-di-davide-carlucci-2\\\/#primaryimage\"},\"thumbnailUrl\":\"https:\\\/\\\/lavocedelpaese.info\\\/wp-content\\\/uploads\\\/2025\\\/07\\\/1-1-9vcEuh.jpg\",\"datePublished\":\"2025-07-23T16:15:52+00:00\",\"breadcrumb\":{\"@id\":\"https:\\\/\\\/lavocedelpaese.info\\\/index.php\\\/2025\\\/07\\\/23\\\/la-rivoluzione-del-sud-di-davide-carlucci-2\\\/#breadcrumb\"},\"inLanguage\":\"it-IT\",\"potentialAction\":[{\"@type\":\"ReadAction\",\"target\":[\"https:\\\/\\\/lavocedelpaese.info\\\/index.php\\\/2025\\\/07\\\/23\\\/la-rivoluzione-del-sud-di-davide-carlucci-2\\\/\"]}]},{\"@type\":\"ImageObject\",\"inLanguage\":\"it-IT\",\"@id\":\"https:\\\/\\\/lavocedelpaese.info\\\/index.php\\\/2025\\\/07\\\/23\\\/la-rivoluzione-del-sud-di-davide-carlucci-2\\\/#primaryimage\",\"url\":\"https:\\\/\\\/lavocedelpaese.info\\\/wp-content\\\/uploads\\\/2025\\\/07\\\/1-1-9vcEuh.jpg\",\"contentUrl\":\"https:\\\/\\\/lavocedelpaese.info\\\/wp-content\\\/uploads\\\/2025\\\/07\\\/1-1-9vcEuh.jpg\",\"width\":566,\"height\":800},{\"@type\":\"BreadcrumbList\",\"@id\":\"https:\\\/\\\/lavocedelpaese.info\\\/index.php\\\/2025\\\/07\\\/23\\\/la-rivoluzione-del-sud-di-davide-carlucci-2\\\/#breadcrumb\",\"itemListElement\":[{\"@type\":\"ListItem\",\"position\":1,\"name\":\"Home\",\"item\":\"https:\\\/\\\/lavocedelpaese.info\\\/\"},{\"@type\":\"ListItem\",\"position\":2,\"name\":\"\u201cLa Rivoluzione del Sud\u201d di Davide Carlucci\u00a0\u200b\"}]},{\"@type\":\"WebSite\",\"@id\":\"https:\\\/\\\/lavocedelpaese.info\\\/#website\",\"url\":\"https:\\\/\\\/lavocedelpaese.info\\\/\",\"name\":\"La Voce del Paese\",\"description\":\"Un network di idee\",\"publisher\":{\"@id\":\"https:\\\/\\\/lavocedelpaese.info\\\/#organization\"},\"potentialAction\":[{\"@type\":\"SearchAction\",\"target\":{\"@type\":\"EntryPoint\",\"urlTemplate\":\"https:\\\/\\\/lavocedelpaese.info\\\/?s={search_term_string}\"},\"query-input\":{\"@type\":\"PropertyValueSpecification\",\"valueRequired\":true,\"valueName\":\"search_term_string\"}}],\"inLanguage\":\"it-IT\"},{\"@type\":\"Organization\",\"@id\":\"https:\\\/\\\/lavocedelpaese.info\\\/#organization\",\"name\":\"La Voce del Paese\",\"url\":\"https:\\\/\\\/lavocedelpaese.info\\\/\",\"logo\":{\"@type\":\"ImageObject\",\"inLanguage\":\"it-IT\",\"@id\":\"https:\\\/\\\/lavocedelpaese.info\\\/#\\\/schema\\\/logo\\\/image\\\/\",\"url\":\"https:\\\/\\\/lavocedelpaese.info\\\/wp-content\\\/uploads\\\/2023\\\/01\\\/cropped-logo-150-127.png\",\"contentUrl\":\"https:\\\/\\\/lavocedelpaese.info\\\/wp-content\\\/uploads\\\/2023\\\/01\\\/cropped-logo-150-127.png\",\"width\":137,\"height\":119,\"caption\":\"La Voce del Paese\"},\"image\":{\"@id\":\"https:\\\/\\\/lavocedelpaese.info\\\/#\\\/schema\\\/logo\\\/image\\\/\"},\"sameAs\":[\"https:\\\/\\\/www.facebook.com\\\/lavocedelpaese.info\"]},{\"@type\":\"Person\",\"@id\":\"https:\\\/\\\/lavocedelpaese.info\\\/#\\\/schema\\\/person\\\/ec151d321306bd7591f7a061abf72d88\",\"name\":\"admin\",\"image\":{\"@type\":\"ImageObject\",\"inLanguage\":\"it-IT\",\"@id\":\"https:\\\/\\\/secure.gravatar.com\\\/avatar\\\/af8f2caf0663124588de48a9380e07cbc95a74ef15b8062d0d39106c32fe3023?s=96&d=mm&r=g\",\"url\":\"https:\\\/\\\/secure.gravatar.com\\\/avatar\\\/af8f2caf0663124588de48a9380e07cbc95a74ef15b8062d0d39106c32fe3023?s=96&d=mm&r=g\",\"contentUrl\":\"https:\\\/\\\/secure.gravatar.com\\\/avatar\\\/af8f2caf0663124588de48a9380e07cbc95a74ef15b8062d0d39106c32fe3023?s=96&d=mm&r=g\",\"caption\":\"admin\"},\"sameAs\":[\"https:\\\/\\\/lavocedelpaese.info\"],\"url\":\"https:\\\/\\\/lavocedelpaese.info\\\/index.php\\\/author\\\/admin\\\/\"}]}<\/script>\n<!-- \/ Yoast SEO plugin. -->","yoast_head_json":{"title":"\u201cLa Rivoluzione del Sud\u201d di Davide Carlucci\u00a0\u200b - La Voce del Paese","robots":{"index":"index","follow":"follow","max-snippet":"max-snippet:-1","max-image-preview":"max-image-preview:large","max-video-preview":"max-video-preview:-1"},"canonical":"https:\/\/lavocedelpaese.info\/index.php\/2025\/07\/23\/la-rivoluzione-del-sud-di-davide-carlucci-2\/","og_locale":"it_IT","og_type":"article","og_title":"\u201cLa Rivoluzione del Sud\u201d di Davide Carlucci\u00a0\u200b - La Voce del Paese","og_description":"\u00a0 \u200b\u00a0 \u200b\u00a0 Incontro con l\u2019autore Appuntamento da non perdere questa sera alle ore 19.00 presso la Biblioteca Comunale \u201cMaselli","og_url":"https:\/\/lavocedelpaese.info\/index.php\/2025\/07\/23\/la-rivoluzione-del-sud-di-davide-carlucci-2\/","og_site_name":"La Voce del Paese","article_publisher":"https:\/\/www.facebook.com\/lavocedelpaese.info","article_published_time":"2025-07-23T16:15:52+00:00","author":"admin","twitter_card":"summary_large_image","twitter_misc":{"Scritto da":"admin","Tempo di lettura stimato":"1 minuto"},"schema":{"@context":"https:\/\/schema.org","@graph":[{"@type":"Article","@id":"https:\/\/lavocedelpaese.info\/index.php\/2025\/07\/23\/la-rivoluzione-del-sud-di-davide-carlucci-2\/#article","isPartOf":{"@id":"https:\/\/lavocedelpaese.info\/index.php\/2025\/07\/23\/la-rivoluzione-del-sud-di-davide-carlucci-2\/"},"author":{"name":"admin","@id":"https:\/\/lavocedelpaese.info\/#\/schema\/person\/ec151d321306bd7591f7a061abf72d88"},"headline":"\u201cLa Rivoluzione del Sud\u201d di Davide Carlucci\u00a0\u200b","datePublished":"2025-07-23T16:15:52+00:00","mainEntityOfPage":{"@id":"https:\/\/lavocedelpaese.info\/index.php\/2025\/07\/23\/la-rivoluzione-del-sud-di-davide-carlucci-2\/"},"wordCount":234,"commentCount":0,"publisher":{"@id":"https:\/\/lavocedelpaese.info\/#organization"},"image":{"@id":"https:\/\/lavocedelpaese.info\/index.php\/2025\/07\/23\/la-rivoluzione-del-sud-di-davide-carlucci-2\/#primaryimage"},"thumbnailUrl":"https:\/\/lavocedelpaese.info\/wp-content\/uploads\/2025\/07\/1-1-9vcEuh.jpg","articleSection":["network"],"inLanguage":"it-IT","potentialAction":[{"@type":"CommentAction","name":"Comment","target":["https:\/\/lavocedelpaese.info\/index.php\/2025\/07\/23\/la-rivoluzione-del-sud-di-davide-carlucci-2\/#respond"]}]},{"@type":"WebPage","@id":"https:\/\/lavocedelpaese.info\/index.php\/2025\/07\/23\/la-rivoluzione-del-sud-di-davide-carlucci-2\/","url":"https:\/\/lavocedelpaese.info\/index.php\/2025\/07\/23\/la-rivoluzione-del-sud-di-davide-carlucci-2\/","name":"\u201cLa Rivoluzione del Sud\u201d di Davide Carlucci\u00a0\u200b - La Voce del Paese","isPartOf":{"@id":"https:\/\/lavocedelpaese.info\/#website"},"primaryImageOfPage":{"@id":"https:\/\/lavocedelpaese.info\/index.php\/2025\/07\/23\/la-rivoluzione-del-sud-di-davide-carlucci-2\/#primaryimage"},"image":{"@id":"https:\/\/lavocedelpaese.info\/index.php\/2025\/07\/23\/la-rivoluzione-del-sud-di-davide-carlucci-2\/#primaryimage"},"thumbnailUrl":"https:\/\/lavocedelpaese.info\/wp-content\/uploads\/2025\/07\/1-1-9vcEuh.jpg","datePublished":"2025-07-23T16:15:52+00:00","breadcrumb":{"@id":"https:\/\/lavocedelpaese.info\/index.php\/2025\/07\/23\/la-rivoluzione-del-sud-di-davide-carlucci-2\/#breadcrumb"},"inLanguage":"it-IT","potentialAction":[{"@type":"ReadAction","target":["https:\/\/lavocedelpaese.info\/index.php\/2025\/07\/23\/la-rivoluzione-del-sud-di-davide-carlucci-2\/"]}]},{"@type":"ImageObject","inLanguage":"it-IT","@id":"https:\/\/lavocedelpaese.info\/index.php\/2025\/07\/23\/la-rivoluzione-del-sud-di-davide-carlucci-2\/#primaryimage","url":"https:\/\/lavocedelpaese.info\/wp-content\/uploads\/2025\/07\/1-1-9vcEuh.jpg","contentUrl":"https:\/\/lavocedelpaese.info\/wp-content\/uploads\/2025\/07\/1-1-9vcEuh.jpg","width":566,"height":800},{"@type":"BreadcrumbList","@id":"https:\/\/lavocedelpaese.info\/index.php\/2025\/07\/23\/la-rivoluzione-del-sud-di-davide-carlucci-2\/#breadcrumb","itemListElement":[{"@type":"ListItem","position":1,"name":"Home","item":"https:\/\/lavocedelpaese.info\/"},{"@type":"ListItem","position":2,"name":"\u201cLa Rivoluzione del Sud\u201d di Davide Carlucci\u00a0\u200b"}]},{"@type":"WebSite","@id":"https:\/\/lavocedelpaese.info\/#website","url":"https:\/\/lavocedelpaese.info\/","name":"La Voce del Paese","description":"Un network di idee","publisher":{"@id":"https:\/\/lavocedelpaese.info\/#organization"},"potentialAction":[{"@type":"SearchAction","target":{"@type":"EntryPoint","urlTemplate":"https:\/\/lavocedelpaese.info\/?s={search_term_string}"},"query-input":{"@type":"PropertyValueSpecification","valueRequired":true,"valueName":"search_term_string"}}],"inLanguage":"it-IT"},{"@type":"Organization","@id":"https:\/\/lavocedelpaese.info\/#organization","name":"La Voce del Paese","url":"https:\/\/lavocedelpaese.info\/","logo":{"@type":"ImageObject","inLanguage":"it-IT","@id":"https:\/\/lavocedelpaese.info\/#\/schema\/logo\/image\/","url":"https:\/\/lavocedelpaese.info\/wp-content\/uploads\/2023\/01\/cropped-logo-150-127.png","contentUrl":"https:\/\/lavocedelpaese.info\/wp-content\/uploads\/2023\/01\/cropped-logo-150-127.png","width":137,"height":119,"caption":"La Voce del Paese"},"image":{"@id":"https:\/\/lavocedelpaese.info\/#\/schema\/logo\/image\/"},"sameAs":["https:\/\/www.facebook.com\/lavocedelpaese.info"]},{"@type":"Person","@id":"https:\/\/lavocedelpaese.info\/#\/schema\/person\/ec151d321306bd7591f7a061abf72d88","name":"admin","image":{"@type":"ImageObject","inLanguage":"it-IT","@id":"https:\/\/secure.gravatar.com\/avatar\/af8f2caf0663124588de48a9380e07cbc95a74ef15b8062d0d39106c32fe3023?s=96&d=mm&r=g","url":"https:\/\/secure.gravatar.com\/avatar\/af8f2caf0663124588de48a9380e07cbc95a74ef15b8062d0d39106c32fe3023?s=96&d=mm&r=g","contentUrl":"https:\/\/secure.gravatar.com\/avatar\/af8f2caf0663124588de48a9380e07cbc95a74ef15b8062d0d39106c32fe3023?s=96&d=mm&r=g","caption":"admin"},"sameAs":["https:\/\/lavocedelpaese.info"],"url":"https:\/\/lavocedelpaese.info\/index.php\/author\/admin\/"}]}},"_links":{"self":[{"href":"https:\/\/lavocedelpaese.info\/index.php\/wp-json\/wp\/v2\/posts\/9696","targetHints":{"allow":["GET"]}}],"collection":[{"href":"https:\/\/lavocedelpaese.info\/index.php\/wp-json\/wp\/v2\/posts"}],"about":[{"href":"https:\/\/lavocedelpaese.info\/index.php\/wp-json\/wp\/v2\/types\/post"}],"author":[{"embeddable":true,"href":"https:\/\/lavocedelpaese.info\/index.php\/wp-json\/wp\/v2\/users\/6"}],"replies":[{"embeddable":true,"href":"https:\/\/lavocedelpaese.info\/index.php\/wp-json\/wp\/v2\/comments?post=9696"}],"version-history":[{"count":0,"href":"https:\/\/lavocedelpaese.info\/index.php\/wp-json\/wp\/v2\/posts\/9696\/revisions"}],"wp:featuredmedia":[{"embeddable":true,"href":"https:\/\/lavocedelpaese.info\/index.php\/wp-json\/wp\/v2\/media\/9634"}],"wp:attachment":[{"href":"https:\/\/lavocedelpaese.info\/index.php\/wp-json\/wp\/v2\/media?parent=9696"}],"wp:term":[{"taxonomy":"category","embeddable":true,"href":"https:\/\/lavocedelpaese.info\/index.php\/wp-json\/wp\/v2\/categories?post=9696"},{"taxonomy":"post_tag","embeddable":true,"href":"https:\/\/lavocedelpaese.info\/index.php\/wp-json\/wp\/v2\/tags?post=9696"}],"curies":[{"name":"wp","href":"https:\/\/api.w.org\/{rel}","templated":true}]}}