{"id":9686,"date":"2025-07-21T15:13:44","date_gmt":"2025-07-21T15:13:44","guid":{"rendered":"https:\/\/lavocedelpaese.info\/index.php\/2025\/07\/21\/pnam-i-sindaci-al-ministero-confermi-tarantini-alla-presidenza\/"},"modified":"2025-07-21T15:13:44","modified_gmt":"2025-07-21T15:13:44","slug":"pnam-i-sindaci-al-ministero-confermi-tarantini-alla-presidenza","status":"publish","type":"post","link":"https:\/\/lavocedelpaese.info\/index.php\/2025\/07\/21\/pnam-i-sindaci-al-ministero-confermi-tarantini-alla-presidenza\/","title":{"rendered":"PNAM, i Sindaci al Ministero: confermi Tarantini alla Presidenza\u00a0\u200b"},"content":{"rendered":"<p>\u00a0<\/p>\n<p>\u200b\u00a0<\/p>\n<p>\u200b\u00a0<\/p>\n<p>E\u2019 unanime l\u2019appello dei Sindaci dei Comuni del Parco Nazionale dell\u2019Alta Murgia al Ministero dell\u2019Ambiente e ai parlamentari locali: il Presidente del PNAM Francesco tarantini va confermato e subito.<\/p>\n<p>Dal 1\u00b0 luglio scorso, infatti, l\u2019incarico del Presidente \u00e8 formalmente scaduto e ad oggi il Ministero, competente per la nomina, non ha ancora provveduto alla conferma o all\u2019eventuale sostituzione di Tarantini.<\/p>\n<p>La Comunit\u00e0 del Parco, composta da quindici sindaci, insieme al Presidente della Comunit\u00e0 e sindaco di Bari, Vito Leccese, rilevano come stto la direzione di Tarantini, l\u2019Alta Murgia ha acquisito una nuova centralit\u00e0, culminata con il prestigioso riconoscimento di MurGEopark come Geoparco Mondiale UNESCO.<\/p>\n<p>Francesco Tarantini ha guidato il Parco con determinazione, puntando alla valorizzazione del territorio e alla tutela dell\u2019ambiente, con risultati concreti e tangibili. La sua capacit\u00e0 di coinvolgere le comunit\u00e0 locali e di promuovere la sostenibilit\u00e0 ha contribuito a rafforzare l\u2019identit\u00e0 del Parco, trasformandolo in un modello di eccellenza nel panorama nazionale.<\/p>\n<p>I sindaci, uniti, manifestano la volont\u00e0 di proseguire un cammino iniziato con Tarantini, evitando che l\u2019assenza di una guida stabile possa compromettere i traguardi raggiunti.<\/p>\n<p>La riconferma di Tarantini, secondo i sindaci dell\u2019area del Parco, rappresenta una scelta strategica per garantire continuit\u00e0, stabilit\u00e0 e uno sviluppo consapevole di un patrimonio naturale e culturale di grande valore. <\/p>\n<p><a class=\"a2a_button_facebook\" href=\"https:\/\/www.addtoany.com\/add_to\/facebook?linkurl=https%3A%2F%2Fcassano.lavocedelpaese.info%2Fpnam-i-sindaci-al-ministero-confermi-tarantini-alla-presidenza%2F&amp;linkname=PNAM%2C%20i%20Sindaci%20al%20Ministero%3A%20confermi%20Tarantini%20alla%20Presidenza\" title=\"Facebook\" rel=\"nofollow noopener\" target=\"_blank\"><\/a><a class=\"a2a_button_twitter\" href=\"https:\/\/www.addtoany.com\/add_to\/twitter?linkurl=https%3A%2F%2Fcassano.lavocedelpaese.info%2Fpnam-i-sindaci-al-ministero-confermi-tarantini-alla-presidenza%2F&amp;linkname=PNAM%2C%20i%20Sindaci%20al%20Ministero%3A%20confermi%20Tarantini%20alla%20Presidenza\" title=\"Twitter\" rel=\"nofollow noopener\" target=\"_blank\"><\/a><a class=\"a2a_button_whatsapp\" href=\"https:\/\/www.addtoany.com\/add_to\/whatsapp?linkurl=https%3A%2F%2Fcassano.lavocedelpaese.info%2Fpnam-i-sindaci-al-ministero-confermi-tarantini-alla-presidenza%2F&amp;linkname=PNAM%2C%20i%20Sindaci%20al%20Ministero%3A%20confermi%20Tarantini%20alla%20Presidenza\" title=\"WhatsApp\" rel=\"nofollow noopener\" target=\"_blank\"><\/a><a class=\"a2a_button_telegram\" href=\"https:\/\/www.addtoany.com\/add_to\/telegram?linkurl=https%3A%2F%2Fcassano.lavocedelpaese.info%2Fpnam-i-sindaci-al-ministero-confermi-tarantini-alla-presidenza%2F&amp;linkname=PNAM%2C%20i%20Sindaci%20al%20Ministero%3A%20confermi%20Tarantini%20alla%20Presidenza\" title=\"Telegram\" rel=\"nofollow noopener\" target=\"_blank\"><\/a><a class=\"a2a_button_email\" href=\"https:\/\/www.addtoany.com\/add_to\/email?linkurl=https%3A%2F%2Fcassano.lavocedelpaese.info%2Fpnam-i-sindaci-al-ministero-confermi-tarantini-alla-presidenza%2F&amp;linkname=PNAM%2C%20i%20Sindaci%20al%20Ministero%3A%20confermi%20Tarantini%20alla%20Presidenza\" title=\"Email\" rel=\"nofollow noopener\" target=\"_blank\"><\/a><\/p>\n<p>\u00a0<\/p>\n<p>\u00a0<\/p>\n<p>\u200b\u00a0\u00a0\u00a0<\/p>","protected":false},"excerpt":{"rendered":"<p>\u00a0 \u200b\u00a0 \u200b\u00a0 E\u2019 unanime l\u2019appello dei Sindaci dei Comuni del Parco Nazionale dell\u2019Alta Murgia al Ministero dell\u2019Ambiente e ai<\/p>\n","protected":false},"author":6,"featured_media":730,"comment_status":"open","ping_status":"closed","sticky":false,"template":"","format":"standard","meta":{"colormag_page_container_layout":"default_layout","colormag_page_sidebar_layout":"default_layout","footnotes":""},"categories":[33],"tags":[],"class_list":["post-9686","post","type-post","status-publish","format-standard","has-post-thumbnail","hentry","category-network"],"yoast_head":"<!-- This site is optimized with the Yoast SEO plugin v27.5 - https:\/\/yoast.com\/product\/yoast-seo-wordpress\/ -->\n<title>PNAM, i Sindaci al Ministero: confermi Tarantini alla Presidenza\u00a0\u200b - La Voce del Paese<\/title>\n<meta name=\"robots\" content=\"index, follow, max-snippet:-1, max-image-preview:large, max-video-preview:-1\" \/>\n<link rel=\"canonical\" href=\"https:\/\/lavocedelpaese.info\/index.php\/2025\/07\/21\/pnam-i-sindaci-al-ministero-confermi-tarantini-alla-presidenza\/\" \/>\n<meta property=\"og:locale\" content=\"it_IT\" \/>\n<meta property=\"og:type\" content=\"article\" \/>\n<meta property=\"og:title\" content=\"PNAM, i Sindaci al Ministero: confermi Tarantini alla Presidenza\u00a0\u200b - La Voce del Paese\" \/>\n<meta property=\"og:description\" content=\"\u00a0 \u200b\u00a0 \u200b\u00a0 E\u2019 unanime l\u2019appello dei Sindaci dei Comuni del Parco Nazionale dell\u2019Alta Murgia al Ministero dell\u2019Ambiente e ai\" \/>\n<meta property=\"og:url\" content=\"https:\/\/lavocedelpaese.info\/index.php\/2025\/07\/21\/pnam-i-sindaci-al-ministero-confermi-tarantini-alla-presidenza\/\" \/>\n<meta property=\"og:site_name\" content=\"La Voce del Paese\" \/>\n<meta property=\"article:publisher\" content=\"https:\/\/www.facebook.com\/lavocedelpaese.info\" \/>\n<meta property=\"article:published_time\" content=\"2025-07-21T15:13:44+00:00\" \/>\n<meta name=\"author\" content=\"admin\" \/>\n<meta name=\"twitter:card\" content=\"summary_large_image\" \/>\n<meta name=\"twitter:label1\" content=\"Scritto da\" \/>\n\t<meta name=\"twitter:data1\" content=\"admin\" \/>\n\t<meta name=\"twitter:label2\" content=\"Tempo di lettura stimato\" \/>\n\t<meta name=\"twitter:data2\" content=\"1 minuto\" \/>\n<script type=\"application\/ld+json\" class=\"yoast-schema-graph\">{\"@context\":\"https:\\\/\\\/schema.org\",\"@graph\":[{\"@type\":\"Article\",\"@id\":\"https:\\\/\\\/lavocedelpaese.info\\\/index.php\\\/2025\\\/07\\\/21\\\/pnam-i-sindaci-al-ministero-confermi-tarantini-alla-presidenza\\\/#article\",\"isPartOf\":{\"@id\":\"https:\\\/\\\/lavocedelpaese.info\\\/index.php\\\/2025\\\/07\\\/21\\\/pnam-i-sindaci-al-ministero-confermi-tarantini-alla-presidenza\\\/\"},\"author\":{\"name\":\"admin\",\"@id\":\"https:\\\/\\\/lavocedelpaese.info\\\/#\\\/schema\\\/person\\\/ec151d321306bd7591f7a061abf72d88\"},\"headline\":\"PNAM, i Sindaci al Ministero: confermi Tarantini alla Presidenza\u00a0\u200b\",\"datePublished\":\"2025-07-21T15:13:44+00:00\",\"mainEntityOfPage\":{\"@id\":\"https:\\\/\\\/lavocedelpaese.info\\\/index.php\\\/2025\\\/07\\\/21\\\/pnam-i-sindaci-al-ministero-confermi-tarantini-alla-presidenza\\\/\"},\"wordCount\":228,\"commentCount\":0,\"publisher\":{\"@id\":\"https:\\\/\\\/lavocedelpaese.info\\\/#organization\"},\"image\":{\"@id\":\"https:\\\/\\\/lavocedelpaese.info\\\/index.php\\\/2025\\\/07\\\/21\\\/pnam-i-sindaci-al-ministero-confermi-tarantini-alla-presidenza\\\/#primaryimage\"},\"thumbnailUrl\":\"https:\\\/\\\/lavocedelpaese.info\\\/wp-content\\\/uploads\\\/2023\\\/01\\\/logo-150-127.png\",\"articleSection\":[\"network\"],\"inLanguage\":\"it-IT\",\"potentialAction\":[{\"@type\":\"CommentAction\",\"name\":\"Comment\",\"target\":[\"https:\\\/\\\/lavocedelpaese.info\\\/index.php\\\/2025\\\/07\\\/21\\\/pnam-i-sindaci-al-ministero-confermi-tarantini-alla-presidenza\\\/#respond\"]}]},{\"@type\":\"WebPage\",\"@id\":\"https:\\\/\\\/lavocedelpaese.info\\\/index.php\\\/2025\\\/07\\\/21\\\/pnam-i-sindaci-al-ministero-confermi-tarantini-alla-presidenza\\\/\",\"url\":\"https:\\\/\\\/lavocedelpaese.info\\\/index.php\\\/2025\\\/07\\\/21\\\/pnam-i-sindaci-al-ministero-confermi-tarantini-alla-presidenza\\\/\",\"name\":\"PNAM, i Sindaci al Ministero: confermi Tarantini alla Presidenza\u00a0\u200b - La Voce del Paese\",\"isPartOf\":{\"@id\":\"https:\\\/\\\/lavocedelpaese.info\\\/#website\"},\"primaryImageOfPage\":{\"@id\":\"https:\\\/\\\/lavocedelpaese.info\\\/index.php\\\/2025\\\/07\\\/21\\\/pnam-i-sindaci-al-ministero-confermi-tarantini-alla-presidenza\\\/#primaryimage\"},\"image\":{\"@id\":\"https:\\\/\\\/lavocedelpaese.info\\\/index.php\\\/2025\\\/07\\\/21\\\/pnam-i-sindaci-al-ministero-confermi-tarantini-alla-presidenza\\\/#primaryimage\"},\"thumbnailUrl\":\"https:\\\/\\\/lavocedelpaese.info\\\/wp-content\\\/uploads\\\/2023\\\/01\\\/logo-150-127.png\",\"datePublished\":\"2025-07-21T15:13:44+00:00\",\"breadcrumb\":{\"@id\":\"https:\\\/\\\/lavocedelpaese.info\\\/index.php\\\/2025\\\/07\\\/21\\\/pnam-i-sindaci-al-ministero-confermi-tarantini-alla-presidenza\\\/#breadcrumb\"},\"inLanguage\":\"it-IT\",\"potentialAction\":[{\"@type\":\"ReadAction\",\"target\":[\"https:\\\/\\\/lavocedelpaese.info\\\/index.php\\\/2025\\\/07\\\/21\\\/pnam-i-sindaci-al-ministero-confermi-tarantini-alla-presidenza\\\/\"]}]},{\"@type\":\"ImageObject\",\"inLanguage\":\"it-IT\",\"@id\":\"https:\\\/\\\/lavocedelpaese.info\\\/index.php\\\/2025\\\/07\\\/21\\\/pnam-i-sindaci-al-ministero-confermi-tarantini-alla-presidenza\\\/#primaryimage\",\"url\":\"https:\\\/\\\/lavocedelpaese.info\\\/wp-content\\\/uploads\\\/2023\\\/01\\\/logo-150-127.png\",\"contentUrl\":\"https:\\\/\\\/lavocedelpaese.info\\\/wp-content\\\/uploads\\\/2023\\\/01\\\/logo-150-127.png\",\"width\":150,\"height\":127},{\"@type\":\"BreadcrumbList\",\"@id\":\"https:\\\/\\\/lavocedelpaese.info\\\/index.php\\\/2025\\\/07\\\/21\\\/pnam-i-sindaci-al-ministero-confermi-tarantini-alla-presidenza\\\/#breadcrumb\",\"itemListElement\":[{\"@type\":\"ListItem\",\"position\":1,\"name\":\"Home\",\"item\":\"https:\\\/\\\/lavocedelpaese.info\\\/\"},{\"@type\":\"ListItem\",\"position\":2,\"name\":\"PNAM, i Sindaci al Ministero: confermi Tarantini alla Presidenza\u00a0\u200b\"}]},{\"@type\":\"WebSite\",\"@id\":\"https:\\\/\\\/lavocedelpaese.info\\\/#website\",\"url\":\"https:\\\/\\\/lavocedelpaese.info\\\/\",\"name\":\"La Voce del Paese\",\"description\":\"Un network di idee\",\"publisher\":{\"@id\":\"https:\\\/\\\/lavocedelpaese.info\\\/#organization\"},\"potentialAction\":[{\"@type\":\"SearchAction\",\"target\":{\"@type\":\"EntryPoint\",\"urlTemplate\":\"https:\\\/\\\/lavocedelpaese.info\\\/?s={search_term_string}\"},\"query-input\":{\"@type\":\"PropertyValueSpecification\",\"valueRequired\":true,\"valueName\":\"search_term_string\"}}],\"inLanguage\":\"it-IT\"},{\"@type\":\"Organization\",\"@id\":\"https:\\\/\\\/lavocedelpaese.info\\\/#organization\",\"name\":\"La Voce del Paese\",\"url\":\"https:\\\/\\\/lavocedelpaese.info\\\/\",\"logo\":{\"@type\":\"ImageObject\",\"inLanguage\":\"it-IT\",\"@id\":\"https:\\\/\\\/lavocedelpaese.info\\\/#\\\/schema\\\/logo\\\/image\\\/\",\"url\":\"https:\\\/\\\/lavocedelpaese.info\\\/wp-content\\\/uploads\\\/2023\\\/01\\\/cropped-logo-150-127.png\",\"contentUrl\":\"https:\\\/\\\/lavocedelpaese.info\\\/wp-content\\\/uploads\\\/2023\\\/01\\\/cropped-logo-150-127.png\",\"width\":137,\"height\":119,\"caption\":\"La Voce del Paese\"},\"image\":{\"@id\":\"https:\\\/\\\/lavocedelpaese.info\\\/#\\\/schema\\\/logo\\\/image\\\/\"},\"sameAs\":[\"https:\\\/\\\/www.facebook.com\\\/lavocedelpaese.info\"]},{\"@type\":\"Person\",\"@id\":\"https:\\\/\\\/lavocedelpaese.info\\\/#\\\/schema\\\/person\\\/ec151d321306bd7591f7a061abf72d88\",\"name\":\"admin\",\"image\":{\"@type\":\"ImageObject\",\"inLanguage\":\"it-IT\",\"@id\":\"https:\\\/\\\/secure.gravatar.com\\\/avatar\\\/af8f2caf0663124588de48a9380e07cbc95a74ef15b8062d0d39106c32fe3023?s=96&d=mm&r=g\",\"url\":\"https:\\\/\\\/secure.gravatar.com\\\/avatar\\\/af8f2caf0663124588de48a9380e07cbc95a74ef15b8062d0d39106c32fe3023?s=96&d=mm&r=g\",\"contentUrl\":\"https:\\\/\\\/secure.gravatar.com\\\/avatar\\\/af8f2caf0663124588de48a9380e07cbc95a74ef15b8062d0d39106c32fe3023?s=96&d=mm&r=g\",\"caption\":\"admin\"},\"sameAs\":[\"https:\\\/\\\/lavocedelpaese.info\"],\"url\":\"https:\\\/\\\/lavocedelpaese.info\\\/index.php\\\/author\\\/admin\\\/\"}]}<\/script>\n<!-- \/ Yoast SEO plugin. -->","yoast_head_json":{"title":"PNAM, i Sindaci al Ministero: confermi Tarantini alla Presidenza\u00a0\u200b - La Voce del Paese","robots":{"index":"index","follow":"follow","max-snippet":"max-snippet:-1","max-image-preview":"max-image-preview:large","max-video-preview":"max-video-preview:-1"},"canonical":"https:\/\/lavocedelpaese.info\/index.php\/2025\/07\/21\/pnam-i-sindaci-al-ministero-confermi-tarantini-alla-presidenza\/","og_locale":"it_IT","og_type":"article","og_title":"PNAM, i Sindaci al Ministero: confermi Tarantini alla Presidenza\u00a0\u200b - La Voce del Paese","og_description":"\u00a0 \u200b\u00a0 \u200b\u00a0 E\u2019 unanime l\u2019appello dei Sindaci dei Comuni del Parco Nazionale dell\u2019Alta Murgia al Ministero dell\u2019Ambiente e ai","og_url":"https:\/\/lavocedelpaese.info\/index.php\/2025\/07\/21\/pnam-i-sindaci-al-ministero-confermi-tarantini-alla-presidenza\/","og_site_name":"La Voce del Paese","article_publisher":"https:\/\/www.facebook.com\/lavocedelpaese.info","article_published_time":"2025-07-21T15:13:44+00:00","author":"admin","twitter_card":"summary_large_image","twitter_misc":{"Scritto da":"admin","Tempo di lettura stimato":"1 minuto"},"schema":{"@context":"https:\/\/schema.org","@graph":[{"@type":"Article","@id":"https:\/\/lavocedelpaese.info\/index.php\/2025\/07\/21\/pnam-i-sindaci-al-ministero-confermi-tarantini-alla-presidenza\/#article","isPartOf":{"@id":"https:\/\/lavocedelpaese.info\/index.php\/2025\/07\/21\/pnam-i-sindaci-al-ministero-confermi-tarantini-alla-presidenza\/"},"author":{"name":"admin","@id":"https:\/\/lavocedelpaese.info\/#\/schema\/person\/ec151d321306bd7591f7a061abf72d88"},"headline":"PNAM, i Sindaci al Ministero: confermi Tarantini alla Presidenza\u00a0\u200b","datePublished":"2025-07-21T15:13:44+00:00","mainEntityOfPage":{"@id":"https:\/\/lavocedelpaese.info\/index.php\/2025\/07\/21\/pnam-i-sindaci-al-ministero-confermi-tarantini-alla-presidenza\/"},"wordCount":228,"commentCount":0,"publisher":{"@id":"https:\/\/lavocedelpaese.info\/#organization"},"image":{"@id":"https:\/\/lavocedelpaese.info\/index.php\/2025\/07\/21\/pnam-i-sindaci-al-ministero-confermi-tarantini-alla-presidenza\/#primaryimage"},"thumbnailUrl":"https:\/\/lavocedelpaese.info\/wp-content\/uploads\/2023\/01\/logo-150-127.png","articleSection":["network"],"inLanguage":"it-IT","potentialAction":[{"@type":"CommentAction","name":"Comment","target":["https:\/\/lavocedelpaese.info\/index.php\/2025\/07\/21\/pnam-i-sindaci-al-ministero-confermi-tarantini-alla-presidenza\/#respond"]}]},{"@type":"WebPage","@id":"https:\/\/lavocedelpaese.info\/index.php\/2025\/07\/21\/pnam-i-sindaci-al-ministero-confermi-tarantini-alla-presidenza\/","url":"https:\/\/lavocedelpaese.info\/index.php\/2025\/07\/21\/pnam-i-sindaci-al-ministero-confermi-tarantini-alla-presidenza\/","name":"PNAM, i Sindaci al Ministero: confermi Tarantini alla Presidenza\u00a0\u200b - La Voce del Paese","isPartOf":{"@id":"https:\/\/lavocedelpaese.info\/#website"},"primaryImageOfPage":{"@id":"https:\/\/lavocedelpaese.info\/index.php\/2025\/07\/21\/pnam-i-sindaci-al-ministero-confermi-tarantini-alla-presidenza\/#primaryimage"},"image":{"@id":"https:\/\/lavocedelpaese.info\/index.php\/2025\/07\/21\/pnam-i-sindaci-al-ministero-confermi-tarantini-alla-presidenza\/#primaryimage"},"thumbnailUrl":"https:\/\/lavocedelpaese.info\/wp-content\/uploads\/2023\/01\/logo-150-127.png","datePublished":"2025-07-21T15:13:44+00:00","breadcrumb":{"@id":"https:\/\/lavocedelpaese.info\/index.php\/2025\/07\/21\/pnam-i-sindaci-al-ministero-confermi-tarantini-alla-presidenza\/#breadcrumb"},"inLanguage":"it-IT","potentialAction":[{"@type":"ReadAction","target":["https:\/\/lavocedelpaese.info\/index.php\/2025\/07\/21\/pnam-i-sindaci-al-ministero-confermi-tarantini-alla-presidenza\/"]}]},{"@type":"ImageObject","inLanguage":"it-IT","@id":"https:\/\/lavocedelpaese.info\/index.php\/2025\/07\/21\/pnam-i-sindaci-al-ministero-confermi-tarantini-alla-presidenza\/#primaryimage","url":"https:\/\/lavocedelpaese.info\/wp-content\/uploads\/2023\/01\/logo-150-127.png","contentUrl":"https:\/\/lavocedelpaese.info\/wp-content\/uploads\/2023\/01\/logo-150-127.png","width":150,"height":127},{"@type":"BreadcrumbList","@id":"https:\/\/lavocedelpaese.info\/index.php\/2025\/07\/21\/pnam-i-sindaci-al-ministero-confermi-tarantini-alla-presidenza\/#breadcrumb","itemListElement":[{"@type":"ListItem","position":1,"name":"Home","item":"https:\/\/lavocedelpaese.info\/"},{"@type":"ListItem","position":2,"name":"PNAM, i Sindaci al Ministero: confermi Tarantini alla Presidenza\u00a0\u200b"}]},{"@type":"WebSite","@id":"https:\/\/lavocedelpaese.info\/#website","url":"https:\/\/lavocedelpaese.info\/","name":"La Voce del Paese","description":"Un network di idee","publisher":{"@id":"https:\/\/lavocedelpaese.info\/#organization"},"potentialAction":[{"@type":"SearchAction","target":{"@type":"EntryPoint","urlTemplate":"https:\/\/lavocedelpaese.info\/?s={search_term_string}"},"query-input":{"@type":"PropertyValueSpecification","valueRequired":true,"valueName":"search_term_string"}}],"inLanguage":"it-IT"},{"@type":"Organization","@id":"https:\/\/lavocedelpaese.info\/#organization","name":"La Voce del Paese","url":"https:\/\/lavocedelpaese.info\/","logo":{"@type":"ImageObject","inLanguage":"it-IT","@id":"https:\/\/lavocedelpaese.info\/#\/schema\/logo\/image\/","url":"https:\/\/lavocedelpaese.info\/wp-content\/uploads\/2023\/01\/cropped-logo-150-127.png","contentUrl":"https:\/\/lavocedelpaese.info\/wp-content\/uploads\/2023\/01\/cropped-logo-150-127.png","width":137,"height":119,"caption":"La Voce del Paese"},"image":{"@id":"https:\/\/lavocedelpaese.info\/#\/schema\/logo\/image\/"},"sameAs":["https:\/\/www.facebook.com\/lavocedelpaese.info"]},{"@type":"Person","@id":"https:\/\/lavocedelpaese.info\/#\/schema\/person\/ec151d321306bd7591f7a061abf72d88","name":"admin","image":{"@type":"ImageObject","inLanguage":"it-IT","@id":"https:\/\/secure.gravatar.com\/avatar\/af8f2caf0663124588de48a9380e07cbc95a74ef15b8062d0d39106c32fe3023?s=96&d=mm&r=g","url":"https:\/\/secure.gravatar.com\/avatar\/af8f2caf0663124588de48a9380e07cbc95a74ef15b8062d0d39106c32fe3023?s=96&d=mm&r=g","contentUrl":"https:\/\/secure.gravatar.com\/avatar\/af8f2caf0663124588de48a9380e07cbc95a74ef15b8062d0d39106c32fe3023?s=96&d=mm&r=g","caption":"admin"},"sameAs":["https:\/\/lavocedelpaese.info"],"url":"https:\/\/lavocedelpaese.info\/index.php\/author\/admin\/"}]}},"_links":{"self":[{"href":"https:\/\/lavocedelpaese.info\/index.php\/wp-json\/wp\/v2\/posts\/9686","targetHints":{"allow":["GET"]}}],"collection":[{"href":"https:\/\/lavocedelpaese.info\/index.php\/wp-json\/wp\/v2\/posts"}],"about":[{"href":"https:\/\/lavocedelpaese.info\/index.php\/wp-json\/wp\/v2\/types\/post"}],"author":[{"embeddable":true,"href":"https:\/\/lavocedelpaese.info\/index.php\/wp-json\/wp\/v2\/users\/6"}],"replies":[{"embeddable":true,"href":"https:\/\/lavocedelpaese.info\/index.php\/wp-json\/wp\/v2\/comments?post=9686"}],"version-history":[{"count":0,"href":"https:\/\/lavocedelpaese.info\/index.php\/wp-json\/wp\/v2\/posts\/9686\/revisions"}],"wp:featuredmedia":[{"embeddable":true,"href":"https:\/\/lavocedelpaese.info\/index.php\/wp-json\/wp\/v2\/media\/730"}],"wp:attachment":[{"href":"https:\/\/lavocedelpaese.info\/index.php\/wp-json\/wp\/v2\/media?parent=9686"}],"wp:term":[{"taxonomy":"category","embeddable":true,"href":"https:\/\/lavocedelpaese.info\/index.php\/wp-json\/wp\/v2\/categories?post=9686"},{"taxonomy":"post_tag","embeddable":true,"href":"https:\/\/lavocedelpaese.info\/index.php\/wp-json\/wp\/v2\/tags?post=9686"}],"curies":[{"name":"wp","href":"https:\/\/api.w.org\/{rel}","templated":true}]}}