{"id":9669,"date":"2025-07-16T16:14:34","date_gmt":"2025-07-16T16:14:34","guid":{"rendered":"https:\/\/lavocedelpaese.info\/index.php\/2025\/07\/16\/festa-della-cipolla-rossa-di-acquaviva-delle-fonti-2025\/"},"modified":"2025-07-16T16:14:34","modified_gmt":"2025-07-16T16:14:34","slug":"festa-della-cipolla-rossa-di-acquaviva-delle-fonti-2025","status":"publish","type":"post","link":"https:\/\/lavocedelpaese.info\/index.php\/2025\/07\/16\/festa-della-cipolla-rossa-di-acquaviva-delle-fonti-2025\/","title":{"rendered":"Festa della Cipolla Rossa di Acquaviva delle Fonti 2025\u00a0\u200b"},"content":{"rendered":"<p>\u00a0<\/p>\n<p>\u200b\u00a0<\/p>\n<p>\u200b\u00a0<\/p>\n<p>LA FESTA \u00c8 ANCHE TUA!<\/p>\n<p>Come ogni anno, nel terzo weekend di luglio, Acquaviva delle Fonti si prepara ad accogliere la Festa<br \/>della Cipolla Rossa, uno degli appuntamenti pi\u00f9 attesi dell\u2019estate pugliese. L\u2019edizione 2025 si terr\u00e0<br \/>sabato 19 e domenica 20 luglio, lungo l\u2019Estramurale Pozzo Zuccaro, ed \u00e8 organizzata dalla Pro Loco<br \/>\u201cCurtomartino\u201d con il contributo della Regione Puglia \u2013 Assessorato all\u2019agricoltura e del Comune di<br \/>Acquaviva delle Fonti, patrocinata dalla Citt\u00e0 Metropolitana di Bari, Parco Nazionale dell\u2019Alta Murgia<br \/>e Murgeopark, GAL Sud-Est Barese e UNPLI Puglia.<br \/>La Festa \u00e8 molto pi\u00f9 di una semplice sagra: \u00e8 un omaggio collettivo a un prodotto agricolo che<br \/>vorremmo diventasse emblema di identit\u00e0 territoriale, orgoglio contadino e coesione sociale. La cipolla<br \/>rossa di Acquaviva non \u00e8 solo un\u2019eccellenza gastronomica riconosciuta per il suo sapore dolce e la sua<br \/>straordinaria digeribilit\u00e0: \u00e8 un prodotto della comunit\u00e0, coltivato con cura e tramandato con passione<br \/>da generazioni. \u00c8 un simbolo che ci unisce, che racconta storie di terra e di fatica, ma anche di festa, di<br \/>convivialit\u00e0, di appartenenza.<br \/>La cipolla rossa \u00e8 ci\u00f2 che ci somiglia: dolce e forte, semplice e complessa, popolare e preziosa. Nelle<br \/>sue sfumature, nei suoi strati, nel suo profumo persistente, si nasconde la memoria di un territorio<br \/>agricolo che non ha mai smesso di credere nella qualit\u00e0, nella cooperazione e nel rispetto della terra.<br \/>Per questo motivo, la Festa della Cipolla Rossa non \u00e8 solo un evento gastronomico: \u00e8 un rito laico di<br \/>riconoscimento collettivo, in cui ogni cittadino pu\u00f2 ritrovare un pezzo di s\u00e9.<br \/>Per l\u2019edizione 2025, la campagna di comunicazione \u00e8 volutamente provocatoria, ironica e spiazzante:<br \/>tre slogan dal sapore pungente che mirano a scuotere l\u2019opinione pubblica e a far riflettere, sorridendo,<br \/>sull\u2019identit\u00e0 e sull\u2019immagine del paese.<\/p>\n<ol class=\"wp-block-list\">\n<li>\u201cTutti professori\u2026 con le cipolle degli altri!\u201d<br \/>Una frecciatina autoironica che gioca sul proverbio \u201cl\u2019erba del vicino \u00e8 sempre pi\u00f9 verde\u201d. Un invito a<br \/>riconoscere il valore di ci\u00f2 che \u00e8 nostro, senza complessi di inferiorit\u00e0, perch\u00e9 spesso si tende a<br \/>celebrare altrove ci\u00f2 che si ha sotto gli occhi ogni giorno. La nostra cipolla rossa non ha nulla da<br \/>invidiare a nessun altro prodotto: \u00e8 un\u2019eccellenza che merita rispetto e valorizzazione.<\/li>\n<li>\u201cFacciamo piangere. S\u00ec, come una cipolla.\u201d<br \/>Dietro questa frase c\u2019\u00e8 un doppio significato: emozione e fatica, lacrime di commozione ma anche di<br \/>resistenza. S\u00ec, la cipolla fa piangere, ma ci ricorda anche che ogni cosa bella richiede impegno. Le<br \/>nostre mani sanno lavorare, i nostri occhi sanno guardare lontano, anche con le lacrime.<\/li>\n<li>\u201cIl paese puzza? \u00c8 colpa della cipolla!\u201d<br \/>Associazione Turistica Pro Loco \u201cCurtomartino\u201d APS<br \/>Sede legale: Piazza Maria SS. di Costantinopoli n. 16 \u2013 70021 \u2013 Acquaviva delle Fonti \u2013 Bari<br \/>www.prolocoacquaviva.it \/ info@prolocoacquaviva.it \u2013 PEC : prolocoacquaviva@pec.it<br \/>P. IVA 06994500723 \u2013 C.F. 91034790724 \u2013 Registro RUNTS n. 142322<br \/>Un\u2019affermazione sfrontata, che ribalta con ironia un luogo comune: s\u00ec, la cipolla ha un odore forte,<br \/>inconfondibile. Ma \u00e8 l\u2019odore della vita vera, del lavoro nei campi, della cucina di casa. \u00c8 un profumo che<br \/>racconta di radici e di futuro. Non puzza: profuma di comunit\u00e0.<br \/>Durante i due giorni di Festa, il centro di Acquaviva sar\u00e0 animato da stand gastronomici, spettacoli<br \/>musicali, laboratori del gusto, incontri con agricoltori, visite guidate e momenti di racconto. Al centro<br \/>di tutto, naturalmente, lei: la cipolla rossa, protagonista indiscussa tra piatti della tradizione, ricette<br \/>rivisitate e creazioni originali degli chef locali.<br \/>La Festa della Cipolla Rossa \u00e8 un patrimonio della comunit\u00e0 e, come tale, vive grazie alla partecipazione<br \/>e al contributo di tutti. Per questo, per l\u2019edizione 2025, la Pro Loco \u201cCurtomartino\u201d ha deciso di lanciare<br \/>una campagna di crowdfunding aperta a chiunque voglia sostenere attivamente la buona riuscita<br \/>dell\u2019evento (per sostenere \u00e8 sufficiente cliccare qui: www.sostieni.link\/38397)<br \/>L\u2019obiettivo \u00e8 semplice ma ambizioso: rendere ogni cittadino partecipe e corresponsabile, anche con un<br \/>piccolo gesto, anche da lontano. Ogni contributo \u00e8 un messaggio di fiducia, un abbraccio simbolico, un<br \/>modo per dire \u201cio ci sono\u201d. Il denaro raccolto sar\u00e0 destinato interamente a coprire i costi organizzativi<br \/>della festa: allestimenti, eventi culturali, attivit\u00e0 per bambini, musica dal vivo, comunicazione e<br \/>logistica. Ma, soprattutto, sar\u00e0 una forma concreta di partecipazione attiva e collettiva, che rafforza il<br \/>senso di comunit\u00e0 e il legame tra cittadini, istituzioni e territorio.<br \/>Alessandro Macchia, Presidente della Pro Loco, si dice entusiasta dopo il successo dello scorso anno<br \/>che ha permesso di riaccedere i riflettori su questo evento, nonostante le numerose difficolt\u00e0<br \/>organizzative ed economiche. Quest\u2019anno torniamo con l\u2019intento di mettere al centro il prodotto e i<br \/>produttori, veri protagonisti e custodi di saperi e tradizioni della terra. Lo facciamo con spirito<br \/>associazionistico e di comunit\u00e0 che da sempre ci contraddistingue, che ci proietta verso l\u2019unione di<br \/>intenti di tanti attori del territorio. Crediamo che il dialogo tra noi sia fondamentale per crescere, fare<br \/>rete e soprattutto percorrere la stessa strada, anche se spesso l\u2019erba del vicino \u00e8 sempre pi\u00f9 verde.<br \/>Marco Lenoci, sindaco di Acquaviva delle Fonti<br \/>\u00abLa Festa della Cipolla Rossa \u00e8 molto pi\u00f9 di un evento gastronomico: \u00e8 un momento identitario, che<br \/>racconta la storia agricola e culturale della nostra comunit\u00e0. Valorizzare il prodotto simbolo di<br \/>Acquaviva significa dare dignit\u00e0 al lavoro dei nostri agricoltori e offrire un\u2019occasione di promozione<br \/>turistica per l\u2019intera citt\u00e0. Un evento che coniuga tradizione, economia e bellezza, capace di attirare<br \/>visitatori da tutta la regione e oltre.\u00bb<br \/>Mariagrazia Barbieri, assessore all\u2019Agricoltura e alla Cultura<br \/>\u00abLa Cipolla Rossa di Acquaviva non \u00e8 solo un\u2019eccellenza del territorio, ma un ponte tra passato e futuro.<br \/>Con questa festa celebriamo una filiera che va difesa, raccontata e rilanciata. Vogliamo che la<br \/>manifestazione sia una vetrina per le nostre imprese agricole e per l\u2019offerta culturale e turistica di<br \/>Acquaviva, capace di attrarre residenti e visitatori con un programma ricco di gusto, musica, tradizione<br \/>e identit\u00e0 locale.\u00bb<br \/>Associazione Turistica Pro Loco \u201cCurtomartino\u201d APS<br \/>Sede legale: Piazza Maria SS. di Costantinopoli n. 16 \u2013 70021 \u2013 Acquaviva delle Fonti \u2013 Bari<br \/>www.prolocoacquaviva.it \/ info@prolocoacquaviva.it \u2013 PEC : prolocoacquaviva@pec.it<br \/>P. IVA 06994500723 \u2013 C.F. 91034790724 \u2013 Registro RUNTS n. 142322<br \/>La Festa della Cipolla Rossa di Acquaviva delle Fonti non \u00e8 solo una celebrazione di un prodotto tipico:<br \/>\u00e8 una dichiarazione d\u2019amore alla nostra terra e alla nostra identit\u00e0. Vi aspettiamo il 19 e 20 luglio per<br \/>condividere profumi, sapori, storie e sorrisi.<br \/>PROGRAMMA DELLA FESTA DELLA CIPOLLA ROSSA DI ACQUAVIVA DELLE FONTI 2025<\/li>\n<\/ol>\n<ul class=\"wp-block-list\">\n<li>Gioved\u00ec 17 luglio ore 11:00 presso Regione Puglia \u2013 Assessorato all\u2019agricoltura<br \/>Conferenza stampa di presentazione della Festa della Cipolla Rossa di Acquaviva delle Fonti alla<br \/>presenza delle autorit\u00e0 regionali e locali, nonch\u00e9 partner di progetto (Parco Nazionale dell\u2019Alta Murgia,<br \/>Gal Sud-Est Barese e UNPLI Puglia), giornalisti e testate locali<\/li>\n<li>Sabato 19 luglio<br \/>Dalle ore 18:00: apertura stand gastronomici \u2013 Estramurale Pozzo Zuccaro<br \/>Ore 18:00: Tra Sacro e Profano \u2013 visita guidata gratuita al centro antico e al Museo Archeologico<br \/>\u201cAustacio Busto\u201d (partenza da Info Point Turistico)<br \/>Ore 21:00: 883 con Mauro Repetto in concerto in Dj Sole Tour Estate 2025 \u2013 Estramurale Pozzo Zuccaro<\/li>\n<li>Domenica 20 luglio<br \/>Dalle ore 18:00: apertura stand gastronomici \u2013 Estramurale Pozzo Zuccaro<br \/>Ore 18:00: Tra Sacro e Profano \u2013 visita guidata gratuita al centro antico e al Museo Archeologico<br \/>\u201cAustacio Busto\u201d (partenza da Info Point Turistico)<br \/>Ore 21:00: i Lumied in concerto \u2013 Estramurale Pozzo Zuccaro<br \/>Ore 23:00: Leo Sportelli dj \u2013 Estramurale Pozzo Zuccaro<br \/>Un evento organizzato da:<br \/>ASSOCIAZIONE TURISTICA PRO LOCO \u201cCURTOMARTINO\u201d APS<br \/>Piazza Maria SS. Di Costantinopoli, 16 \u2013 Acquaviva delle Fonti (BA)<br \/>Con il contributo e il patrocinio della Regione Puglia e del Comune di Acquaviva delle Fonti<br \/>Con il patrocinio e in collaborazione con Citt\u00e0 Metropolitana di Bari, Parco Nazionale dell\u2019Alta Murgia, Gal Sud-Est Barese e UNPLI Puglia<\/li>\n<li>INFORMAZIONI:<br \/>Info-Point Turistico di Acquaviva delle Fonti<br \/>P.zza Maria SS. di Costantinopoli 16 \u2013 Acquaviva delle Fonti<br \/>Da gioved\u00ec a domenica | 9:00-13:00 e 16:00-20:00<br \/>+39.392.3369394 (Tel. Sms o Whatsapp) \u2022 info@prolocoacquaviva.it<\/li>\n<\/ul>\n<figure class=\"wp-block-image size-full\"><img decoding=\"async\" src=\"https:\/\/acquaviva.lavocedelpaese.info\/wp-content\/uploads\/2025\/07\/b75823b2-271f-40b6-be76-5991e2e8d2e2.jpg\" alt=\"\" class=\"wp-image-5600\"\/><\/figure>\n<figure class=\"wp-block-image size-full\"><img decoding=\"async\" width=\"1000\" height=\"380\" src=\"https:\/\/acquaviva.lavocedelpaese.info\/wp-content\/uploads\/2025\/07\/a04cbf4b-40d1-49ad-a412-9b4fdd5ef926.jpg\" alt=\"\" class=\"wp-image-5601\"\/><\/figure>\n<figure class=\"wp-block-image size-full\"><img decoding=\"async\" width=\"566\" height=\"800\" src=\"https:\/\/acquaviva.lavocedelpaese.info\/wp-content\/uploads\/2025\/07\/817eaa4a-f4f8-4361-a4d1-98dc5f81373d.jpg\" alt=\"\" class=\"wp-image-5603\"\/><\/figure>\n<figure class=\"wp-block-image size-full\"><img decoding=\"async\" width=\"566\" height=\"800\" src=\"https:\/\/acquaviva.lavocedelpaese.info\/wp-content\/uploads\/2025\/07\/2eaea7ed-e719-4b11-abda-826fb0b4e20d.jpg\" alt=\"\" class=\"wp-image-5604\"\/><\/figure>\n<figure class=\"wp-block-image size-full\"><img decoding=\"async\" width=\"566\" height=\"800\" src=\"https:\/\/acquaviva.lavocedelpaese.info\/wp-content\/uploads\/2025\/07\/744aeb26-229d-40a5-9cea-b430fbc613ec.jpg\" alt=\"\" class=\"wp-image-5605\"\/><\/figure>\n<p><a class=\"a2a_button_facebook\" href=\"https:\/\/www.addtoany.com\/add_to\/facebook?linkurl=https%3A%2F%2Facquaviva.lavocedelpaese.info%2Findex.php%2F2025%2F07%2F16%2Ffesta-della-cipolla-rossa-di-acquaviva-delle-fonti-2025%2F&amp;linkname=Festa%20della%20Cipolla%20Rossa%20di%20Acquaviva%20delle%20Fonti%202025\" title=\"Facebook\" rel=\"nofollow noopener\" target=\"_blank\"><\/a><a class=\"a2a_button_twitter\" href=\"https:\/\/www.addtoany.com\/add_to\/twitter?linkurl=https%3A%2F%2Facquaviva.lavocedelpaese.info%2Findex.php%2F2025%2F07%2F16%2Ffesta-della-cipolla-rossa-di-acquaviva-delle-fonti-2025%2F&amp;linkname=Festa%20della%20Cipolla%20Rossa%20di%20Acquaviva%20delle%20Fonti%202025\" title=\"Twitter\" rel=\"nofollow noopener\" target=\"_blank\"><\/a><a class=\"a2a_button_whatsapp\" href=\"https:\/\/www.addtoany.com\/add_to\/whatsapp?linkurl=https%3A%2F%2Facquaviva.lavocedelpaese.info%2Findex.php%2F2025%2F07%2F16%2Ffesta-della-cipolla-rossa-di-acquaviva-delle-fonti-2025%2F&amp;linkname=Festa%20della%20Cipolla%20Rossa%20di%20Acquaviva%20delle%20Fonti%202025\" title=\"WhatsApp\" rel=\"nofollow noopener\" target=\"_blank\"><\/a><a class=\"a2a_button_telegram\" href=\"https:\/\/www.addtoany.com\/add_to\/telegram?linkurl=https%3A%2F%2Facquaviva.lavocedelpaese.info%2Findex.php%2F2025%2F07%2F16%2Ffesta-della-cipolla-rossa-di-acquaviva-delle-fonti-2025%2F&amp;linkname=Festa%20della%20Cipolla%20Rossa%20di%20Acquaviva%20delle%20Fonti%202025\" title=\"Telegram\" rel=\"nofollow noopener\" target=\"_blank\"><\/a><a class=\"a2a_button_email\" href=\"https:\/\/www.addtoany.com\/add_to\/email?linkurl=https%3A%2F%2Facquaviva.lavocedelpaese.info%2Findex.php%2F2025%2F07%2F16%2Ffesta-della-cipolla-rossa-di-acquaviva-delle-fonti-2025%2F&amp;linkname=Festa%20della%20Cipolla%20Rossa%20di%20Acquaviva%20delle%20Fonti%202025\" title=\"Email\" rel=\"nofollow noopener\" target=\"_blank\"><\/a><\/p>\n<p>\u00a0<\/p>\n<p>\u00a0<\/p>\n<p>\u200b\u00a0\u00a0\u00a0<\/p>","protected":false},"excerpt":{"rendered":"<p>\u00a0 \u200b\u00a0 \u200b\u00a0 LA FESTA \u00c8 ANCHE TUA! Come ogni anno, nel terzo weekend di luglio, Acquaviva delle Fonti si<\/p>\n","protected":false},"author":6,"featured_media":9670,"comment_status":"open","ping_status":"closed","sticky":false,"template":"","format":"standard","meta":{"colormag_page_container_layout":"default_layout","colormag_page_sidebar_layout":"default_layout","footnotes":""},"categories":[33],"tags":[],"class_list":["post-9669","post","type-post","status-publish","format-standard","has-post-thumbnail","hentry","category-network"],"yoast_head":"<!-- This site is optimized with the Yoast SEO plugin v27.5 - https:\/\/yoast.com\/product\/yoast-seo-wordpress\/ -->\n<title>Festa della Cipolla Rossa di Acquaviva delle Fonti 2025\u00a0\u200b - La Voce del Paese<\/title>\n<meta name=\"robots\" content=\"index, follow, max-snippet:-1, max-image-preview:large, max-video-preview:-1\" \/>\n<link rel=\"canonical\" href=\"https:\/\/lavocedelpaese.info\/index.php\/2025\/07\/16\/festa-della-cipolla-rossa-di-acquaviva-delle-fonti-2025\/\" \/>\n<meta property=\"og:locale\" content=\"it_IT\" \/>\n<meta property=\"og:type\" content=\"article\" \/>\n<meta property=\"og:title\" content=\"Festa della Cipolla Rossa di Acquaviva delle Fonti 2025\u00a0\u200b - La Voce del Paese\" \/>\n<meta property=\"og:description\" content=\"\u00a0 \u200b\u00a0 \u200b\u00a0 LA FESTA \u00c8 ANCHE TUA! Come ogni anno, nel terzo weekend di luglio, Acquaviva delle Fonti si\" \/>\n<meta property=\"og:url\" content=\"https:\/\/lavocedelpaese.info\/index.php\/2025\/07\/16\/festa-della-cipolla-rossa-di-acquaviva-delle-fonti-2025\/\" \/>\n<meta property=\"og:site_name\" content=\"La Voce del Paese\" \/>\n<meta property=\"article:publisher\" content=\"https:\/\/www.facebook.com\/lavocedelpaese.info\" \/>\n<meta property=\"article:published_time\" content=\"2025-07-16T16:14:34+00:00\" \/>\n<meta name=\"author\" content=\"admin\" \/>\n<meta name=\"twitter:card\" content=\"summary_large_image\" \/>\n<meta name=\"twitter:label1\" content=\"Scritto da\" \/>\n\t<meta name=\"twitter:data1\" content=\"admin\" \/>\n\t<meta name=\"twitter:label2\" content=\"Tempo di lettura stimato\" \/>\n\t<meta name=\"twitter:data2\" content=\"6 minuti\" \/>\n<script type=\"application\/ld+json\" class=\"yoast-schema-graph\">{\"@context\":\"https:\\\/\\\/schema.org\",\"@graph\":[{\"@type\":\"Article\",\"@id\":\"https:\\\/\\\/lavocedelpaese.info\\\/index.php\\\/2025\\\/07\\\/16\\\/festa-della-cipolla-rossa-di-acquaviva-delle-fonti-2025\\\/#article\",\"isPartOf\":{\"@id\":\"https:\\\/\\\/lavocedelpaese.info\\\/index.php\\\/2025\\\/07\\\/16\\\/festa-della-cipolla-rossa-di-acquaviva-delle-fonti-2025\\\/\"},\"author\":{\"name\":\"admin\",\"@id\":\"https:\\\/\\\/lavocedelpaese.info\\\/#\\\/schema\\\/person\\\/ec151d321306bd7591f7a061abf72d88\"},\"headline\":\"Festa della Cipolla Rossa di Acquaviva delle Fonti 2025\u00a0\u200b\",\"datePublished\":\"2025-07-16T16:14:34+00:00\",\"mainEntityOfPage\":{\"@id\":\"https:\\\/\\\/lavocedelpaese.info\\\/index.php\\\/2025\\\/07\\\/16\\\/festa-della-cipolla-rossa-di-acquaviva-delle-fonti-2025\\\/\"},\"wordCount\":1211,\"commentCount\":0,\"publisher\":{\"@id\":\"https:\\\/\\\/lavocedelpaese.info\\\/#organization\"},\"image\":{\"@id\":\"https:\\\/\\\/lavocedelpaese.info\\\/index.php\\\/2025\\\/07\\\/16\\\/festa-della-cipolla-rossa-di-acquaviva-delle-fonti-2025\\\/#primaryimage\"},\"thumbnailUrl\":\"https:\\\/\\\/lavocedelpaese.info\\\/wp-content\\\/uploads\\\/2025\\\/07\\\/b75823b2-271f-40b6-be76-5991e2e8d2e2-zjDASU.jpg\",\"articleSection\":[\"network\"],\"inLanguage\":\"it-IT\",\"potentialAction\":[{\"@type\":\"CommentAction\",\"name\":\"Comment\",\"target\":[\"https:\\\/\\\/lavocedelpaese.info\\\/index.php\\\/2025\\\/07\\\/16\\\/festa-della-cipolla-rossa-di-acquaviva-delle-fonti-2025\\\/#respond\"]}]},{\"@type\":\"WebPage\",\"@id\":\"https:\\\/\\\/lavocedelpaese.info\\\/index.php\\\/2025\\\/07\\\/16\\\/festa-della-cipolla-rossa-di-acquaviva-delle-fonti-2025\\\/\",\"url\":\"https:\\\/\\\/lavocedelpaese.info\\\/index.php\\\/2025\\\/07\\\/16\\\/festa-della-cipolla-rossa-di-acquaviva-delle-fonti-2025\\\/\",\"name\":\"Festa della Cipolla Rossa di Acquaviva delle Fonti 2025\u00a0\u200b - La Voce del Paese\",\"isPartOf\":{\"@id\":\"https:\\\/\\\/lavocedelpaese.info\\\/#website\"},\"primaryImageOfPage\":{\"@id\":\"https:\\\/\\\/lavocedelpaese.info\\\/index.php\\\/2025\\\/07\\\/16\\\/festa-della-cipolla-rossa-di-acquaviva-delle-fonti-2025\\\/#primaryimage\"},\"image\":{\"@id\":\"https:\\\/\\\/lavocedelpaese.info\\\/index.php\\\/2025\\\/07\\\/16\\\/festa-della-cipolla-rossa-di-acquaviva-delle-fonti-2025\\\/#primaryimage\"},\"thumbnailUrl\":\"https:\\\/\\\/lavocedelpaese.info\\\/wp-content\\\/uploads\\\/2025\\\/07\\\/b75823b2-271f-40b6-be76-5991e2e8d2e2-zjDASU.jpg\",\"datePublished\":\"2025-07-16T16:14:34+00:00\",\"breadcrumb\":{\"@id\":\"https:\\\/\\\/lavocedelpaese.info\\\/index.php\\\/2025\\\/07\\\/16\\\/festa-della-cipolla-rossa-di-acquaviva-delle-fonti-2025\\\/#breadcrumb\"},\"inLanguage\":\"it-IT\",\"potentialAction\":[{\"@type\":\"ReadAction\",\"target\":[\"https:\\\/\\\/lavocedelpaese.info\\\/index.php\\\/2025\\\/07\\\/16\\\/festa-della-cipolla-rossa-di-acquaviva-delle-fonti-2025\\\/\"]}]},{\"@type\":\"ImageObject\",\"inLanguage\":\"it-IT\",\"@id\":\"https:\\\/\\\/lavocedelpaese.info\\\/index.php\\\/2025\\\/07\\\/16\\\/festa-della-cipolla-rossa-di-acquaviva-delle-fonti-2025\\\/#primaryimage\",\"url\":\"https:\\\/\\\/lavocedelpaese.info\\\/wp-content\\\/uploads\\\/2025\\\/07\\\/b75823b2-271f-40b6-be76-5991e2e8d2e2-zjDASU.jpg\",\"contentUrl\":\"https:\\\/\\\/lavocedelpaese.info\\\/wp-content\\\/uploads\\\/2025\\\/07\\\/b75823b2-271f-40b6-be76-5991e2e8d2e2-zjDASU.jpg\",\"width\":1000,\"height\":666},{\"@type\":\"BreadcrumbList\",\"@id\":\"https:\\\/\\\/lavocedelpaese.info\\\/index.php\\\/2025\\\/07\\\/16\\\/festa-della-cipolla-rossa-di-acquaviva-delle-fonti-2025\\\/#breadcrumb\",\"itemListElement\":[{\"@type\":\"ListItem\",\"position\":1,\"name\":\"Home\",\"item\":\"https:\\\/\\\/lavocedelpaese.info\\\/\"},{\"@type\":\"ListItem\",\"position\":2,\"name\":\"Festa della Cipolla Rossa di Acquaviva delle Fonti 2025\u00a0\u200b\"}]},{\"@type\":\"WebSite\",\"@id\":\"https:\\\/\\\/lavocedelpaese.info\\\/#website\",\"url\":\"https:\\\/\\\/lavocedelpaese.info\\\/\",\"name\":\"La Voce del Paese\",\"description\":\"Un network di idee\",\"publisher\":{\"@id\":\"https:\\\/\\\/lavocedelpaese.info\\\/#organization\"},\"potentialAction\":[{\"@type\":\"SearchAction\",\"target\":{\"@type\":\"EntryPoint\",\"urlTemplate\":\"https:\\\/\\\/lavocedelpaese.info\\\/?s={search_term_string}\"},\"query-input\":{\"@type\":\"PropertyValueSpecification\",\"valueRequired\":true,\"valueName\":\"search_term_string\"}}],\"inLanguage\":\"it-IT\"},{\"@type\":\"Organization\",\"@id\":\"https:\\\/\\\/lavocedelpaese.info\\\/#organization\",\"name\":\"La Voce del Paese\",\"url\":\"https:\\\/\\\/lavocedelpaese.info\\\/\",\"logo\":{\"@type\":\"ImageObject\",\"inLanguage\":\"it-IT\",\"@id\":\"https:\\\/\\\/lavocedelpaese.info\\\/#\\\/schema\\\/logo\\\/image\\\/\",\"url\":\"https:\\\/\\\/lavocedelpaese.info\\\/wp-content\\\/uploads\\\/2023\\\/01\\\/cropped-logo-150-127.png\",\"contentUrl\":\"https:\\\/\\\/lavocedelpaese.info\\\/wp-content\\\/uploads\\\/2023\\\/01\\\/cropped-logo-150-127.png\",\"width\":137,\"height\":119,\"caption\":\"La Voce del Paese\"},\"image\":{\"@id\":\"https:\\\/\\\/lavocedelpaese.info\\\/#\\\/schema\\\/logo\\\/image\\\/\"},\"sameAs\":[\"https:\\\/\\\/www.facebook.com\\\/lavocedelpaese.info\"]},{\"@type\":\"Person\",\"@id\":\"https:\\\/\\\/lavocedelpaese.info\\\/#\\\/schema\\\/person\\\/ec151d321306bd7591f7a061abf72d88\",\"name\":\"admin\",\"image\":{\"@type\":\"ImageObject\",\"inLanguage\":\"it-IT\",\"@id\":\"https:\\\/\\\/secure.gravatar.com\\\/avatar\\\/af8f2caf0663124588de48a9380e07cbc95a74ef15b8062d0d39106c32fe3023?s=96&d=mm&r=g\",\"url\":\"https:\\\/\\\/secure.gravatar.com\\\/avatar\\\/af8f2caf0663124588de48a9380e07cbc95a74ef15b8062d0d39106c32fe3023?s=96&d=mm&r=g\",\"contentUrl\":\"https:\\\/\\\/secure.gravatar.com\\\/avatar\\\/af8f2caf0663124588de48a9380e07cbc95a74ef15b8062d0d39106c32fe3023?s=96&d=mm&r=g\",\"caption\":\"admin\"},\"sameAs\":[\"https:\\\/\\\/lavocedelpaese.info\"],\"url\":\"https:\\\/\\\/lavocedelpaese.info\\\/index.php\\\/author\\\/admin\\\/\"}]}<\/script>\n<!-- \/ Yoast SEO plugin. -->","yoast_head_json":{"title":"Festa della Cipolla Rossa di Acquaviva delle Fonti 2025\u00a0\u200b - La Voce del Paese","robots":{"index":"index","follow":"follow","max-snippet":"max-snippet:-1","max-image-preview":"max-image-preview:large","max-video-preview":"max-video-preview:-1"},"canonical":"https:\/\/lavocedelpaese.info\/index.php\/2025\/07\/16\/festa-della-cipolla-rossa-di-acquaviva-delle-fonti-2025\/","og_locale":"it_IT","og_type":"article","og_title":"Festa della Cipolla Rossa di Acquaviva delle Fonti 2025\u00a0\u200b - La Voce del Paese","og_description":"\u00a0 \u200b\u00a0 \u200b\u00a0 LA FESTA \u00c8 ANCHE TUA! Come ogni anno, nel terzo weekend di luglio, Acquaviva delle Fonti si","og_url":"https:\/\/lavocedelpaese.info\/index.php\/2025\/07\/16\/festa-della-cipolla-rossa-di-acquaviva-delle-fonti-2025\/","og_site_name":"La Voce del Paese","article_publisher":"https:\/\/www.facebook.com\/lavocedelpaese.info","article_published_time":"2025-07-16T16:14:34+00:00","author":"admin","twitter_card":"summary_large_image","twitter_misc":{"Scritto da":"admin","Tempo di lettura stimato":"6 minuti"},"schema":{"@context":"https:\/\/schema.org","@graph":[{"@type":"Article","@id":"https:\/\/lavocedelpaese.info\/index.php\/2025\/07\/16\/festa-della-cipolla-rossa-di-acquaviva-delle-fonti-2025\/#article","isPartOf":{"@id":"https:\/\/lavocedelpaese.info\/index.php\/2025\/07\/16\/festa-della-cipolla-rossa-di-acquaviva-delle-fonti-2025\/"},"author":{"name":"admin","@id":"https:\/\/lavocedelpaese.info\/#\/schema\/person\/ec151d321306bd7591f7a061abf72d88"},"headline":"Festa della Cipolla Rossa di Acquaviva delle Fonti 2025\u00a0\u200b","datePublished":"2025-07-16T16:14:34+00:00","mainEntityOfPage":{"@id":"https:\/\/lavocedelpaese.info\/index.php\/2025\/07\/16\/festa-della-cipolla-rossa-di-acquaviva-delle-fonti-2025\/"},"wordCount":1211,"commentCount":0,"publisher":{"@id":"https:\/\/lavocedelpaese.info\/#organization"},"image":{"@id":"https:\/\/lavocedelpaese.info\/index.php\/2025\/07\/16\/festa-della-cipolla-rossa-di-acquaviva-delle-fonti-2025\/#primaryimage"},"thumbnailUrl":"https:\/\/lavocedelpaese.info\/wp-content\/uploads\/2025\/07\/b75823b2-271f-40b6-be76-5991e2e8d2e2-zjDASU.jpg","articleSection":["network"],"inLanguage":"it-IT","potentialAction":[{"@type":"CommentAction","name":"Comment","target":["https:\/\/lavocedelpaese.info\/index.php\/2025\/07\/16\/festa-della-cipolla-rossa-di-acquaviva-delle-fonti-2025\/#respond"]}]},{"@type":"WebPage","@id":"https:\/\/lavocedelpaese.info\/index.php\/2025\/07\/16\/festa-della-cipolla-rossa-di-acquaviva-delle-fonti-2025\/","url":"https:\/\/lavocedelpaese.info\/index.php\/2025\/07\/16\/festa-della-cipolla-rossa-di-acquaviva-delle-fonti-2025\/","name":"Festa della Cipolla Rossa di Acquaviva delle Fonti 2025\u00a0\u200b - La Voce del Paese","isPartOf":{"@id":"https:\/\/lavocedelpaese.info\/#website"},"primaryImageOfPage":{"@id":"https:\/\/lavocedelpaese.info\/index.php\/2025\/07\/16\/festa-della-cipolla-rossa-di-acquaviva-delle-fonti-2025\/#primaryimage"},"image":{"@id":"https:\/\/lavocedelpaese.info\/index.php\/2025\/07\/16\/festa-della-cipolla-rossa-di-acquaviva-delle-fonti-2025\/#primaryimage"},"thumbnailUrl":"https:\/\/lavocedelpaese.info\/wp-content\/uploads\/2025\/07\/b75823b2-271f-40b6-be76-5991e2e8d2e2-zjDASU.jpg","datePublished":"2025-07-16T16:14:34+00:00","breadcrumb":{"@id":"https:\/\/lavocedelpaese.info\/index.php\/2025\/07\/16\/festa-della-cipolla-rossa-di-acquaviva-delle-fonti-2025\/#breadcrumb"},"inLanguage":"it-IT","potentialAction":[{"@type":"ReadAction","target":["https:\/\/lavocedelpaese.info\/index.php\/2025\/07\/16\/festa-della-cipolla-rossa-di-acquaviva-delle-fonti-2025\/"]}]},{"@type":"ImageObject","inLanguage":"it-IT","@id":"https:\/\/lavocedelpaese.info\/index.php\/2025\/07\/16\/festa-della-cipolla-rossa-di-acquaviva-delle-fonti-2025\/#primaryimage","url":"https:\/\/lavocedelpaese.info\/wp-content\/uploads\/2025\/07\/b75823b2-271f-40b6-be76-5991e2e8d2e2-zjDASU.jpg","contentUrl":"https:\/\/lavocedelpaese.info\/wp-content\/uploads\/2025\/07\/b75823b2-271f-40b6-be76-5991e2e8d2e2-zjDASU.jpg","width":1000,"height":666},{"@type":"BreadcrumbList","@id":"https:\/\/lavocedelpaese.info\/index.php\/2025\/07\/16\/festa-della-cipolla-rossa-di-acquaviva-delle-fonti-2025\/#breadcrumb","itemListElement":[{"@type":"ListItem","position":1,"name":"Home","item":"https:\/\/lavocedelpaese.info\/"},{"@type":"ListItem","position":2,"name":"Festa della Cipolla Rossa di Acquaviva delle Fonti 2025\u00a0\u200b"}]},{"@type":"WebSite","@id":"https:\/\/lavocedelpaese.info\/#website","url":"https:\/\/lavocedelpaese.info\/","name":"La Voce del Paese","description":"Un network di idee","publisher":{"@id":"https:\/\/lavocedelpaese.info\/#organization"},"potentialAction":[{"@type":"SearchAction","target":{"@type":"EntryPoint","urlTemplate":"https:\/\/lavocedelpaese.info\/?s={search_term_string}"},"query-input":{"@type":"PropertyValueSpecification","valueRequired":true,"valueName":"search_term_string"}}],"inLanguage":"it-IT"},{"@type":"Organization","@id":"https:\/\/lavocedelpaese.info\/#organization","name":"La Voce del Paese","url":"https:\/\/lavocedelpaese.info\/","logo":{"@type":"ImageObject","inLanguage":"it-IT","@id":"https:\/\/lavocedelpaese.info\/#\/schema\/logo\/image\/","url":"https:\/\/lavocedelpaese.info\/wp-content\/uploads\/2023\/01\/cropped-logo-150-127.png","contentUrl":"https:\/\/lavocedelpaese.info\/wp-content\/uploads\/2023\/01\/cropped-logo-150-127.png","width":137,"height":119,"caption":"La Voce del Paese"},"image":{"@id":"https:\/\/lavocedelpaese.info\/#\/schema\/logo\/image\/"},"sameAs":["https:\/\/www.facebook.com\/lavocedelpaese.info"]},{"@type":"Person","@id":"https:\/\/lavocedelpaese.info\/#\/schema\/person\/ec151d321306bd7591f7a061abf72d88","name":"admin","image":{"@type":"ImageObject","inLanguage":"it-IT","@id":"https:\/\/secure.gravatar.com\/avatar\/af8f2caf0663124588de48a9380e07cbc95a74ef15b8062d0d39106c32fe3023?s=96&d=mm&r=g","url":"https:\/\/secure.gravatar.com\/avatar\/af8f2caf0663124588de48a9380e07cbc95a74ef15b8062d0d39106c32fe3023?s=96&d=mm&r=g","contentUrl":"https:\/\/secure.gravatar.com\/avatar\/af8f2caf0663124588de48a9380e07cbc95a74ef15b8062d0d39106c32fe3023?s=96&d=mm&r=g","caption":"admin"},"sameAs":["https:\/\/lavocedelpaese.info"],"url":"https:\/\/lavocedelpaese.info\/index.php\/author\/admin\/"}]}},"_links":{"self":[{"href":"https:\/\/lavocedelpaese.info\/index.php\/wp-json\/wp\/v2\/posts\/9669","targetHints":{"allow":["GET"]}}],"collection":[{"href":"https:\/\/lavocedelpaese.info\/index.php\/wp-json\/wp\/v2\/posts"}],"about":[{"href":"https:\/\/lavocedelpaese.info\/index.php\/wp-json\/wp\/v2\/types\/post"}],"author":[{"embeddable":true,"href":"https:\/\/lavocedelpaese.info\/index.php\/wp-json\/wp\/v2\/users\/6"}],"replies":[{"embeddable":true,"href":"https:\/\/lavocedelpaese.info\/index.php\/wp-json\/wp\/v2\/comments?post=9669"}],"version-history":[{"count":0,"href":"https:\/\/lavocedelpaese.info\/index.php\/wp-json\/wp\/v2\/posts\/9669\/revisions"}],"wp:featuredmedia":[{"embeddable":true,"href":"https:\/\/lavocedelpaese.info\/index.php\/wp-json\/wp\/v2\/media\/9670"}],"wp:attachment":[{"href":"https:\/\/lavocedelpaese.info\/index.php\/wp-json\/wp\/v2\/media?parent=9669"}],"wp:term":[{"taxonomy":"category","embeddable":true,"href":"https:\/\/lavocedelpaese.info\/index.php\/wp-json\/wp\/v2\/categories?post=9669"},{"taxonomy":"post_tag","embeddable":true,"href":"https:\/\/lavocedelpaese.info\/index.php\/wp-json\/wp\/v2\/tags?post=9669"}],"curies":[{"name":"wp","href":"https:\/\/api.w.org\/{rel}","templated":true}]}}