{"id":9648,"date":"2025-07-11T15:17:59","date_gmt":"2025-07-11T15:17:59","guid":{"rendered":"https:\/\/lavocedelpaese.info\/index.php\/2025\/07\/11\/raccolta-differenziata-turi-premiato-tra-i-comuni-virtuosi\/"},"modified":"2025-07-11T15:17:59","modified_gmt":"2025-07-11T15:17:59","slug":"raccolta-differenziata-turi-premiato-tra-i-comuni-virtuosi","status":"publish","type":"post","link":"https:\/\/lavocedelpaese.info\/index.php\/2025\/07\/11\/raccolta-differenziata-turi-premiato-tra-i-comuni-virtuosi\/","title":{"rendered":"Raccolta Differenziata, Turi premiato tra i comuni virtuosi\u00a0\u200b"},"content":{"rendered":"<p>\u00a0<\/p>\n<p>\u200b\u00a0<\/p>\n<p>\u200b\u00a0<\/p>\n<div><\/div>\n<h4 class=\"wp-block-heading\"><strong>Con il 75,66%, Turi entra tra i 44 Comuni pugliesi che hanno superato la soglia del 75% di rifiuti differenziati<\/strong><\/h4>\n<p>La Puglia \u00e8 modello di buona amministrazione e cittadinanza attiva ove sempre pi\u00f9 Comuni investono con determinazione nella sostenibilit\u00e0, trasformando la gestione dei rifiuti in una leva strategica per l\u2019ambiente e per il benessere collettivo. E Regione Puglia con l\u2019Assessorato all\u2019Ambiente, in linea con la sua strategia di promozione e valorizzazione di iniziative e strategie responsabili volte a tutelare l\u2019ambiente e a favorire la sostenibilit\u00e0, secondo g<em>li obiettivi di sviluppo sostenibile dell\u2019Agenda 2030, <\/em>ha voluto premiare i risultati eccellenti raggiunti nel 2024 sul fronte della raccolta differenziata.<\/p>\n<p>Sono 170 i Comuni pugliesi che hanno superato il 65% di raccolta differenziata, il limite fissato dalla normativa europea e nazionale. Di questi, 44 hanno ricevuto una menzione speciale per aver oltrepassato la soglia del 75%, dimostrando come efficienza, partecipazione e innovazione possano fare la differenza nella gestione sostenibile dei rifiuti.<\/p>\n<p>I comuni premiati, difatti, si sono distinti, come si legge nell\u2019attestazione \u201c<strong>per l\u2019impegno esemplare e i risultati significativi nella promozione della sostenibilit\u00e0 ambientale e del benessere della comunit\u00e0<\/strong>\u201d e per essere \u201c<strong>esempio virtuoso di economia circolare da diffondere come buona prassi in tutto il territorio della Regione. Grazie a questo impegno collettivo, si riduce in modo significativo l\u2019impatto ambientale, si promuove il riciclo delle risorse e si migliora la qualit\u00e0 della vita dell\u2019intera comunit\u00e0<\/strong>\u201d.<\/p>\n<p>La premiazione si \u00e8 tenuta nel corso di un evento organizzato da Regione Puglia-Assessorato all\u2019Ambiente, dal titolo \u201cEconomia circolare in festa, buone prassi e sfide nella gestione dei rifiuti\u201d, tenutosi lo scorso 10 luglio presso la Fiera del Levante a Bari.<br \/>Una giornata interamente dedicata al confronto e alla condivisione di esperienze virtuose, che si aperta proprio con i saluti e la cerimonia di premiazione, moderata dal direttore della Gazzetta del Mezzogiorno, <strong>Mimmo Mazza<\/strong>, alla presenza del presidente della Regione Puglia, <strong>Michele Emiliano<\/strong>, che ha conferito gli attestati delle menzioni speciali ai 44 comuni, l\u2019assessora regionale all\u2019Ambiente, <strong>Serena Triggiani<\/strong>, il direttore della Struttura speciale Comunicazione Istituzionale, Rocco De Franchi, il e presidente AGER, <strong>Massimo Colia<\/strong>.<\/p>\n<h4 class=\"wp-block-heading has-vivid-red-color has-text-color has-link-color wp-elements-0fb8bfd94785ffdc3a5d2556cf31d3b0\"><strong>COMUNI PREMIATI CON MENZIONE SPECIALE <\/strong><br \/><strong>COME ECCELLENZE PER RACCOLTA RSU &gt;75%<\/strong><\/h4>\n<figure class=\"wp-block-table\">\n<table class=\"has-fixed-layout\">\n<tbody>\n<tr>\n<td>Leporano<\/td>\n<td>92,38<\/td>\n<\/tr>\n<tr>\n<td>Sammichele di Bari<\/td>\n<td>91,69<\/td>\n<\/tr>\n<tr>\n<td>Poggiorsini<\/td>\n<td>83,31<\/td>\n<\/tr>\n<tr>\n<td>Fragagnano<\/td>\n<td>83,26<\/td>\n<\/tr>\n<tr>\n<td>Noicattaro<\/td>\n<td>83,16<\/td>\n<\/tr>\n<tr>\n<td>Monteiasi<\/td>\n<td>83,11<\/td>\n<\/tr>\n<tr>\n<td>Cisternino<\/td>\n<td>82,93<\/td>\n<\/tr>\n<tr>\n<td>Rutigliano<\/td>\n<td>81,85<\/td>\n<\/tr>\n<tr>\n<td>Bitritto<\/td>\n<td>81,49<\/td>\n<\/tr>\n<tr>\n<td>Montemesola\u00a0<\/td>\n<td>79,76<\/td>\n<\/tr>\n<tr>\n<td>Specchia<\/td>\n<td>79,72<\/td>\n<\/tr>\n<tr>\n<td>Melpignano<\/td>\n<td>79,53<\/td>\n<\/tr>\n<tr>\n<td>Monopoli<\/td>\n<td>79,51<\/td>\n<\/tr>\n<tr>\n<td>Racale<\/td>\n<td>79,45<\/td>\n<\/tr>\n<tr>\n<td>Bitonto<\/td>\n<td>78,58<\/td>\n<\/tr>\n<tr>\n<td>Melissano<\/td>\n<td>78,14<\/td>\n<\/tr>\n<tr>\n<td>Conversano<\/td>\n<td>78,13<\/td>\n<\/tr>\n<tr>\n<td>Surbo<\/td>\n<td>78,11<\/td>\n<\/tr>\n<tr>\n<td>Bitetto<\/td>\n<td>78,03<\/td>\n<\/tr>\n<tr>\n<td>Isole Tremiti\u00a0<\/td>\n<td>77,79<\/td>\n<\/tr>\n<tr>\n<td>Toritto<\/td>\n<td>77,75<\/td>\n<\/tr>\n<tr>\n<td>Monteparano<\/td>\n<td>77,75<\/td>\n<\/tr>\n<tr>\n<td>Torchiarolo<\/td>\n<td>77,52<\/td>\n<\/tr>\n<tr>\n<td>Latiano<\/td>\n<td>77,29<\/td>\n<\/tr>\n<tr>\n<td>Avetrana<\/td>\n<td>77,13<\/td>\n<\/tr>\n<tr>\n<td>Palo del Colle<\/td>\n<td>76,95<\/td>\n<\/tr>\n<tr>\n<td>Tuglie<\/td>\n<td>76,78<\/td>\n<\/tr>\n<tr>\n<td>Mola di Bari<\/td>\n<td>76,66<\/td>\n<\/tr>\n<tr>\n<td>Alliste<\/td>\n<td>76,59<\/td>\n<\/tr>\n<tr>\n<td>Cellamare\u00a0<\/td>\n<td>76,55<\/td>\n<\/tr>\n<tr>\n<td>Santeramo in Colle<\/td>\n<td>76,48<\/td>\n<\/tr>\n<tr>\n<td>Polignano a Mare<\/td>\n<td>76,38<\/td>\n<\/tr>\n<tr>\n<td>Salice Salentino<\/td>\n<td>76,28<\/td>\n<\/tr>\n<tr>\n<td>Faggiano<\/td>\n<td>76,12<\/td>\n<\/tr>\n<tr>\n<td>Putignano<\/td>\n<td>76,1<\/td>\n<\/tr>\n<tr>\n<td>Binetto<\/td>\n<td>75,7<\/td>\n<\/tr>\n<tr>\n<td><strong>Tur<\/strong>i<\/td>\n<td><strong>75,66<\/strong><\/td>\n<\/tr>\n<tr>\n<td>Giovinazzo<\/td>\n<td>75,62<\/td>\n<\/tr>\n<tr>\n<td>Grumo Appula<\/td>\n<td>75,59<\/td>\n<\/tr>\n<tr>\n<td>Andria<\/td>\n<td>75,58<\/td>\n<\/tr>\n<tr>\n<td>Trani<\/td>\n<td>75,5<\/td>\n<\/tr>\n<tr>\n<td>San Michele Salentino<\/td>\n<td>75,47<\/td>\n<\/tr>\n<tr>\n<td>Grottaglie<\/td>\n<td>75,42<\/td>\n<\/tr>\n<tr>\n<td>Fasano<\/td>\n<td>75,27<\/td>\n<\/tr>\n<\/tbody>\n<\/table>\n<\/figure>\n<p><a class=\"a2a_button_facebook\" href=\"https:\/\/www.addtoany.com\/add_to\/facebook?linkurl=https%3A%2F%2Fturi.lavocedelpaese.info%2Fraccolta-differenziata-turi-premiato-tra-i-comuni-virtuosi%2F&amp;linkname=Raccolta%20Differenziata%2C%20Turi%20premiato%20tra%20i%20comuni%20virtuosi\" title=\"Facebook\" rel=\"nofollow noopener\" target=\"_blank\"><\/a><a class=\"a2a_button_twitter\" href=\"https:\/\/www.addtoany.com\/add_to\/twitter?linkurl=https%3A%2F%2Fturi.lavocedelpaese.info%2Fraccolta-differenziata-turi-premiato-tra-i-comuni-virtuosi%2F&amp;linkname=Raccolta%20Differenziata%2C%20Turi%20premiato%20tra%20i%20comuni%20virtuosi\" title=\"Twitter\" rel=\"nofollow noopener\" target=\"_blank\"><\/a><a class=\"a2a_button_whatsapp\" href=\"https:\/\/www.addtoany.com\/add_to\/whatsapp?linkurl=https%3A%2F%2Fturi.lavocedelpaese.info%2Fraccolta-differenziata-turi-premiato-tra-i-comuni-virtuosi%2F&amp;linkname=Raccolta%20Differenziata%2C%20Turi%20premiato%20tra%20i%20comuni%20virtuosi\" title=\"WhatsApp\" rel=\"nofollow noopener\" target=\"_blank\"><\/a><a class=\"a2a_button_telegram\" href=\"https:\/\/www.addtoany.com\/add_to\/telegram?linkurl=https%3A%2F%2Fturi.lavocedelpaese.info%2Fraccolta-differenziata-turi-premiato-tra-i-comuni-virtuosi%2F&amp;linkname=Raccolta%20Differenziata%2C%20Turi%20premiato%20tra%20i%20comuni%20virtuosi\" title=\"Telegram\" rel=\"nofollow noopener\" target=\"_blank\"><\/a><a class=\"a2a_button_email\" href=\"https:\/\/www.addtoany.com\/add_to\/email?linkurl=https%3A%2F%2Fturi.lavocedelpaese.info%2Fraccolta-differenziata-turi-premiato-tra-i-comuni-virtuosi%2F&amp;linkname=Raccolta%20Differenziata%2C%20Turi%20premiato%20tra%20i%20comuni%20virtuosi\" title=\"Email\" rel=\"nofollow noopener\" target=\"_blank\"><\/a><\/p>\n<p>L&#8217;articolo <a href=\"https:\/\/turi.lavocedelpaese.info\/raccolta-differenziata-turi-premiato-tra-i-comuni-virtuosi\/\">Raccolta Differenziata, Turi premiato tra i comuni virtuosi<\/a> proviene da <a href=\"https:\/\/turi.lavocedelpaese.info\/\">Turi &#8211; La Voce del Paese<\/a>.<\/p>\n<p>\u00a0<\/p>\n<p>\u00a0<\/p>\n<p>\u200b\u00a0\u00a0\u00a0<\/p>","protected":false},"excerpt":{"rendered":"<p>\u00a0 \u200b\u00a0 \u200b\u00a0 Con il 75,66%, Turi entra tra i 44 Comuni pugliesi che hanno superato la soglia del 75%<\/p>\n","protected":false},"author":6,"featured_media":730,"comment_status":"open","ping_status":"closed","sticky":false,"template":"","format":"standard","meta":{"colormag_page_container_layout":"default_layout","colormag_page_sidebar_layout":"default_layout","footnotes":""},"categories":[33],"tags":[],"class_list":["post-9648","post","type-post","status-publish","format-standard","has-post-thumbnail","hentry","category-network"],"yoast_head":"<!-- This site is optimized with the Yoast SEO plugin v27.5 - https:\/\/yoast.com\/product\/yoast-seo-wordpress\/ -->\n<title>Raccolta Differenziata, Turi premiato tra i comuni virtuosi\u00a0\u200b - La Voce del Paese<\/title>\n<meta name=\"robots\" content=\"index, follow, max-snippet:-1, max-image-preview:large, max-video-preview:-1\" \/>\n<link rel=\"canonical\" href=\"https:\/\/lavocedelpaese.info\/index.php\/2025\/07\/11\/raccolta-differenziata-turi-premiato-tra-i-comuni-virtuosi\/\" \/>\n<meta property=\"og:locale\" content=\"it_IT\" \/>\n<meta property=\"og:type\" content=\"article\" \/>\n<meta property=\"og:title\" content=\"Raccolta Differenziata, Turi premiato tra i comuni virtuosi\u00a0\u200b - La Voce del Paese\" \/>\n<meta property=\"og:description\" content=\"\u00a0 \u200b\u00a0 \u200b\u00a0 Con il 75,66%, Turi entra tra i 44 Comuni pugliesi che hanno superato la soglia del 75%\" \/>\n<meta property=\"og:url\" content=\"https:\/\/lavocedelpaese.info\/index.php\/2025\/07\/11\/raccolta-differenziata-turi-premiato-tra-i-comuni-virtuosi\/\" \/>\n<meta property=\"og:site_name\" content=\"La Voce del Paese\" \/>\n<meta property=\"article:publisher\" content=\"https:\/\/www.facebook.com\/lavocedelpaese.info\" \/>\n<meta property=\"article:published_time\" content=\"2025-07-11T15:17:59+00:00\" \/>\n<meta name=\"author\" content=\"admin\" \/>\n<meta name=\"twitter:card\" content=\"summary_large_image\" \/>\n<meta name=\"twitter:label1\" content=\"Scritto da\" \/>\n\t<meta name=\"twitter:data1\" content=\"admin\" \/>\n\t<meta name=\"twitter:label2\" content=\"Tempo di lettura stimato\" \/>\n\t<meta name=\"twitter:data2\" content=\"2 minuti\" \/>\n<script type=\"application\/ld+json\" class=\"yoast-schema-graph\">{\"@context\":\"https:\\\/\\\/schema.org\",\"@graph\":[{\"@type\":\"Article\",\"@id\":\"https:\\\/\\\/lavocedelpaese.info\\\/index.php\\\/2025\\\/07\\\/11\\\/raccolta-differenziata-turi-premiato-tra-i-comuni-virtuosi\\\/#article\",\"isPartOf\":{\"@id\":\"https:\\\/\\\/lavocedelpaese.info\\\/index.php\\\/2025\\\/07\\\/11\\\/raccolta-differenziata-turi-premiato-tra-i-comuni-virtuosi\\\/\"},\"author\":{\"name\":\"admin\",\"@id\":\"https:\\\/\\\/lavocedelpaese.info\\\/#\\\/schema\\\/person\\\/ec151d321306bd7591f7a061abf72d88\"},\"headline\":\"Raccolta Differenziata, Turi premiato tra i comuni virtuosi\u00a0\u200b\",\"datePublished\":\"2025-07-11T15:17:59+00:00\",\"mainEntityOfPage\":{\"@id\":\"https:\\\/\\\/lavocedelpaese.info\\\/index.php\\\/2025\\\/07\\\/11\\\/raccolta-differenziata-turi-premiato-tra-i-comuni-virtuosi\\\/\"},\"wordCount\":442,\"commentCount\":0,\"publisher\":{\"@id\":\"https:\\\/\\\/lavocedelpaese.info\\\/#organization\"},\"image\":{\"@id\":\"https:\\\/\\\/lavocedelpaese.info\\\/index.php\\\/2025\\\/07\\\/11\\\/raccolta-differenziata-turi-premiato-tra-i-comuni-virtuosi\\\/#primaryimage\"},\"thumbnailUrl\":\"https:\\\/\\\/lavocedelpaese.info\\\/wp-content\\\/uploads\\\/2023\\\/01\\\/logo-150-127.png\",\"articleSection\":[\"network\"],\"inLanguage\":\"it-IT\",\"potentialAction\":[{\"@type\":\"CommentAction\",\"name\":\"Comment\",\"target\":[\"https:\\\/\\\/lavocedelpaese.info\\\/index.php\\\/2025\\\/07\\\/11\\\/raccolta-differenziata-turi-premiato-tra-i-comuni-virtuosi\\\/#respond\"]}]},{\"@type\":\"WebPage\",\"@id\":\"https:\\\/\\\/lavocedelpaese.info\\\/index.php\\\/2025\\\/07\\\/11\\\/raccolta-differenziata-turi-premiato-tra-i-comuni-virtuosi\\\/\",\"url\":\"https:\\\/\\\/lavocedelpaese.info\\\/index.php\\\/2025\\\/07\\\/11\\\/raccolta-differenziata-turi-premiato-tra-i-comuni-virtuosi\\\/\",\"name\":\"Raccolta Differenziata, Turi premiato tra i comuni virtuosi\u00a0\u200b - La Voce del Paese\",\"isPartOf\":{\"@id\":\"https:\\\/\\\/lavocedelpaese.info\\\/#website\"},\"primaryImageOfPage\":{\"@id\":\"https:\\\/\\\/lavocedelpaese.info\\\/index.php\\\/2025\\\/07\\\/11\\\/raccolta-differenziata-turi-premiato-tra-i-comuni-virtuosi\\\/#primaryimage\"},\"image\":{\"@id\":\"https:\\\/\\\/lavocedelpaese.info\\\/index.php\\\/2025\\\/07\\\/11\\\/raccolta-differenziata-turi-premiato-tra-i-comuni-virtuosi\\\/#primaryimage\"},\"thumbnailUrl\":\"https:\\\/\\\/lavocedelpaese.info\\\/wp-content\\\/uploads\\\/2023\\\/01\\\/logo-150-127.png\",\"datePublished\":\"2025-07-11T15:17:59+00:00\",\"breadcrumb\":{\"@id\":\"https:\\\/\\\/lavocedelpaese.info\\\/index.php\\\/2025\\\/07\\\/11\\\/raccolta-differenziata-turi-premiato-tra-i-comuni-virtuosi\\\/#breadcrumb\"},\"inLanguage\":\"it-IT\",\"potentialAction\":[{\"@type\":\"ReadAction\",\"target\":[\"https:\\\/\\\/lavocedelpaese.info\\\/index.php\\\/2025\\\/07\\\/11\\\/raccolta-differenziata-turi-premiato-tra-i-comuni-virtuosi\\\/\"]}]},{\"@type\":\"ImageObject\",\"inLanguage\":\"it-IT\",\"@id\":\"https:\\\/\\\/lavocedelpaese.info\\\/index.php\\\/2025\\\/07\\\/11\\\/raccolta-differenziata-turi-premiato-tra-i-comuni-virtuosi\\\/#primaryimage\",\"url\":\"https:\\\/\\\/lavocedelpaese.info\\\/wp-content\\\/uploads\\\/2023\\\/01\\\/logo-150-127.png\",\"contentUrl\":\"https:\\\/\\\/lavocedelpaese.info\\\/wp-content\\\/uploads\\\/2023\\\/01\\\/logo-150-127.png\",\"width\":150,\"height\":127},{\"@type\":\"BreadcrumbList\",\"@id\":\"https:\\\/\\\/lavocedelpaese.info\\\/index.php\\\/2025\\\/07\\\/11\\\/raccolta-differenziata-turi-premiato-tra-i-comuni-virtuosi\\\/#breadcrumb\",\"itemListElement\":[{\"@type\":\"ListItem\",\"position\":1,\"name\":\"Home\",\"item\":\"https:\\\/\\\/lavocedelpaese.info\\\/\"},{\"@type\":\"ListItem\",\"position\":2,\"name\":\"Raccolta Differenziata, Turi premiato tra i comuni virtuosi\u00a0\u200b\"}]},{\"@type\":\"WebSite\",\"@id\":\"https:\\\/\\\/lavocedelpaese.info\\\/#website\",\"url\":\"https:\\\/\\\/lavocedelpaese.info\\\/\",\"name\":\"La Voce del Paese\",\"description\":\"Un network di idee\",\"publisher\":{\"@id\":\"https:\\\/\\\/lavocedelpaese.info\\\/#organization\"},\"potentialAction\":[{\"@type\":\"SearchAction\",\"target\":{\"@type\":\"EntryPoint\",\"urlTemplate\":\"https:\\\/\\\/lavocedelpaese.info\\\/?s={search_term_string}\"},\"query-input\":{\"@type\":\"PropertyValueSpecification\",\"valueRequired\":true,\"valueName\":\"search_term_string\"}}],\"inLanguage\":\"it-IT\"},{\"@type\":\"Organization\",\"@id\":\"https:\\\/\\\/lavocedelpaese.info\\\/#organization\",\"name\":\"La Voce del Paese\",\"url\":\"https:\\\/\\\/lavocedelpaese.info\\\/\",\"logo\":{\"@type\":\"ImageObject\",\"inLanguage\":\"it-IT\",\"@id\":\"https:\\\/\\\/lavocedelpaese.info\\\/#\\\/schema\\\/logo\\\/image\\\/\",\"url\":\"https:\\\/\\\/lavocedelpaese.info\\\/wp-content\\\/uploads\\\/2023\\\/01\\\/cropped-logo-150-127.png\",\"contentUrl\":\"https:\\\/\\\/lavocedelpaese.info\\\/wp-content\\\/uploads\\\/2023\\\/01\\\/cropped-logo-150-127.png\",\"width\":137,\"height\":119,\"caption\":\"La Voce del Paese\"},\"image\":{\"@id\":\"https:\\\/\\\/lavocedelpaese.info\\\/#\\\/schema\\\/logo\\\/image\\\/\"},\"sameAs\":[\"https:\\\/\\\/www.facebook.com\\\/lavocedelpaese.info\"]},{\"@type\":\"Person\",\"@id\":\"https:\\\/\\\/lavocedelpaese.info\\\/#\\\/schema\\\/person\\\/ec151d321306bd7591f7a061abf72d88\",\"name\":\"admin\",\"image\":{\"@type\":\"ImageObject\",\"inLanguage\":\"it-IT\",\"@id\":\"https:\\\/\\\/secure.gravatar.com\\\/avatar\\\/af8f2caf0663124588de48a9380e07cbc95a74ef15b8062d0d39106c32fe3023?s=96&d=mm&r=g\",\"url\":\"https:\\\/\\\/secure.gravatar.com\\\/avatar\\\/af8f2caf0663124588de48a9380e07cbc95a74ef15b8062d0d39106c32fe3023?s=96&d=mm&r=g\",\"contentUrl\":\"https:\\\/\\\/secure.gravatar.com\\\/avatar\\\/af8f2caf0663124588de48a9380e07cbc95a74ef15b8062d0d39106c32fe3023?s=96&d=mm&r=g\",\"caption\":\"admin\"},\"sameAs\":[\"https:\\\/\\\/lavocedelpaese.info\"],\"url\":\"https:\\\/\\\/lavocedelpaese.info\\\/index.php\\\/author\\\/admin\\\/\"}]}<\/script>\n<!-- \/ Yoast SEO plugin. -->","yoast_head_json":{"title":"Raccolta Differenziata, Turi premiato tra i comuni virtuosi\u00a0\u200b - La Voce del Paese","robots":{"index":"index","follow":"follow","max-snippet":"max-snippet:-1","max-image-preview":"max-image-preview:large","max-video-preview":"max-video-preview:-1"},"canonical":"https:\/\/lavocedelpaese.info\/index.php\/2025\/07\/11\/raccolta-differenziata-turi-premiato-tra-i-comuni-virtuosi\/","og_locale":"it_IT","og_type":"article","og_title":"Raccolta Differenziata, Turi premiato tra i comuni virtuosi\u00a0\u200b - La Voce del Paese","og_description":"\u00a0 \u200b\u00a0 \u200b\u00a0 Con il 75,66%, Turi entra tra i 44 Comuni pugliesi che hanno superato la soglia del 75%","og_url":"https:\/\/lavocedelpaese.info\/index.php\/2025\/07\/11\/raccolta-differenziata-turi-premiato-tra-i-comuni-virtuosi\/","og_site_name":"La Voce del Paese","article_publisher":"https:\/\/www.facebook.com\/lavocedelpaese.info","article_published_time":"2025-07-11T15:17:59+00:00","author":"admin","twitter_card":"summary_large_image","twitter_misc":{"Scritto da":"admin","Tempo di lettura stimato":"2 minuti"},"schema":{"@context":"https:\/\/schema.org","@graph":[{"@type":"Article","@id":"https:\/\/lavocedelpaese.info\/index.php\/2025\/07\/11\/raccolta-differenziata-turi-premiato-tra-i-comuni-virtuosi\/#article","isPartOf":{"@id":"https:\/\/lavocedelpaese.info\/index.php\/2025\/07\/11\/raccolta-differenziata-turi-premiato-tra-i-comuni-virtuosi\/"},"author":{"name":"admin","@id":"https:\/\/lavocedelpaese.info\/#\/schema\/person\/ec151d321306bd7591f7a061abf72d88"},"headline":"Raccolta Differenziata, Turi premiato tra i comuni virtuosi\u00a0\u200b","datePublished":"2025-07-11T15:17:59+00:00","mainEntityOfPage":{"@id":"https:\/\/lavocedelpaese.info\/index.php\/2025\/07\/11\/raccolta-differenziata-turi-premiato-tra-i-comuni-virtuosi\/"},"wordCount":442,"commentCount":0,"publisher":{"@id":"https:\/\/lavocedelpaese.info\/#organization"},"image":{"@id":"https:\/\/lavocedelpaese.info\/index.php\/2025\/07\/11\/raccolta-differenziata-turi-premiato-tra-i-comuni-virtuosi\/#primaryimage"},"thumbnailUrl":"https:\/\/lavocedelpaese.info\/wp-content\/uploads\/2023\/01\/logo-150-127.png","articleSection":["network"],"inLanguage":"it-IT","potentialAction":[{"@type":"CommentAction","name":"Comment","target":["https:\/\/lavocedelpaese.info\/index.php\/2025\/07\/11\/raccolta-differenziata-turi-premiato-tra-i-comuni-virtuosi\/#respond"]}]},{"@type":"WebPage","@id":"https:\/\/lavocedelpaese.info\/index.php\/2025\/07\/11\/raccolta-differenziata-turi-premiato-tra-i-comuni-virtuosi\/","url":"https:\/\/lavocedelpaese.info\/index.php\/2025\/07\/11\/raccolta-differenziata-turi-premiato-tra-i-comuni-virtuosi\/","name":"Raccolta Differenziata, Turi premiato tra i comuni virtuosi\u00a0\u200b - La Voce del Paese","isPartOf":{"@id":"https:\/\/lavocedelpaese.info\/#website"},"primaryImageOfPage":{"@id":"https:\/\/lavocedelpaese.info\/index.php\/2025\/07\/11\/raccolta-differenziata-turi-premiato-tra-i-comuni-virtuosi\/#primaryimage"},"image":{"@id":"https:\/\/lavocedelpaese.info\/index.php\/2025\/07\/11\/raccolta-differenziata-turi-premiato-tra-i-comuni-virtuosi\/#primaryimage"},"thumbnailUrl":"https:\/\/lavocedelpaese.info\/wp-content\/uploads\/2023\/01\/logo-150-127.png","datePublished":"2025-07-11T15:17:59+00:00","breadcrumb":{"@id":"https:\/\/lavocedelpaese.info\/index.php\/2025\/07\/11\/raccolta-differenziata-turi-premiato-tra-i-comuni-virtuosi\/#breadcrumb"},"inLanguage":"it-IT","potentialAction":[{"@type":"ReadAction","target":["https:\/\/lavocedelpaese.info\/index.php\/2025\/07\/11\/raccolta-differenziata-turi-premiato-tra-i-comuni-virtuosi\/"]}]},{"@type":"ImageObject","inLanguage":"it-IT","@id":"https:\/\/lavocedelpaese.info\/index.php\/2025\/07\/11\/raccolta-differenziata-turi-premiato-tra-i-comuni-virtuosi\/#primaryimage","url":"https:\/\/lavocedelpaese.info\/wp-content\/uploads\/2023\/01\/logo-150-127.png","contentUrl":"https:\/\/lavocedelpaese.info\/wp-content\/uploads\/2023\/01\/logo-150-127.png","width":150,"height":127},{"@type":"BreadcrumbList","@id":"https:\/\/lavocedelpaese.info\/index.php\/2025\/07\/11\/raccolta-differenziata-turi-premiato-tra-i-comuni-virtuosi\/#breadcrumb","itemListElement":[{"@type":"ListItem","position":1,"name":"Home","item":"https:\/\/lavocedelpaese.info\/"},{"@type":"ListItem","position":2,"name":"Raccolta Differenziata, Turi premiato tra i comuni virtuosi\u00a0\u200b"}]},{"@type":"WebSite","@id":"https:\/\/lavocedelpaese.info\/#website","url":"https:\/\/lavocedelpaese.info\/","name":"La Voce del Paese","description":"Un network di idee","publisher":{"@id":"https:\/\/lavocedelpaese.info\/#organization"},"potentialAction":[{"@type":"SearchAction","target":{"@type":"EntryPoint","urlTemplate":"https:\/\/lavocedelpaese.info\/?s={search_term_string}"},"query-input":{"@type":"PropertyValueSpecification","valueRequired":true,"valueName":"search_term_string"}}],"inLanguage":"it-IT"},{"@type":"Organization","@id":"https:\/\/lavocedelpaese.info\/#organization","name":"La Voce del Paese","url":"https:\/\/lavocedelpaese.info\/","logo":{"@type":"ImageObject","inLanguage":"it-IT","@id":"https:\/\/lavocedelpaese.info\/#\/schema\/logo\/image\/","url":"https:\/\/lavocedelpaese.info\/wp-content\/uploads\/2023\/01\/cropped-logo-150-127.png","contentUrl":"https:\/\/lavocedelpaese.info\/wp-content\/uploads\/2023\/01\/cropped-logo-150-127.png","width":137,"height":119,"caption":"La Voce del Paese"},"image":{"@id":"https:\/\/lavocedelpaese.info\/#\/schema\/logo\/image\/"},"sameAs":["https:\/\/www.facebook.com\/lavocedelpaese.info"]},{"@type":"Person","@id":"https:\/\/lavocedelpaese.info\/#\/schema\/person\/ec151d321306bd7591f7a061abf72d88","name":"admin","image":{"@type":"ImageObject","inLanguage":"it-IT","@id":"https:\/\/secure.gravatar.com\/avatar\/af8f2caf0663124588de48a9380e07cbc95a74ef15b8062d0d39106c32fe3023?s=96&d=mm&r=g","url":"https:\/\/secure.gravatar.com\/avatar\/af8f2caf0663124588de48a9380e07cbc95a74ef15b8062d0d39106c32fe3023?s=96&d=mm&r=g","contentUrl":"https:\/\/secure.gravatar.com\/avatar\/af8f2caf0663124588de48a9380e07cbc95a74ef15b8062d0d39106c32fe3023?s=96&d=mm&r=g","caption":"admin"},"sameAs":["https:\/\/lavocedelpaese.info"],"url":"https:\/\/lavocedelpaese.info\/index.php\/author\/admin\/"}]}},"_links":{"self":[{"href":"https:\/\/lavocedelpaese.info\/index.php\/wp-json\/wp\/v2\/posts\/9648","targetHints":{"allow":["GET"]}}],"collection":[{"href":"https:\/\/lavocedelpaese.info\/index.php\/wp-json\/wp\/v2\/posts"}],"about":[{"href":"https:\/\/lavocedelpaese.info\/index.php\/wp-json\/wp\/v2\/types\/post"}],"author":[{"embeddable":true,"href":"https:\/\/lavocedelpaese.info\/index.php\/wp-json\/wp\/v2\/users\/6"}],"replies":[{"embeddable":true,"href":"https:\/\/lavocedelpaese.info\/index.php\/wp-json\/wp\/v2\/comments?post=9648"}],"version-history":[{"count":0,"href":"https:\/\/lavocedelpaese.info\/index.php\/wp-json\/wp\/v2\/posts\/9648\/revisions"}],"wp:featuredmedia":[{"embeddable":true,"href":"https:\/\/lavocedelpaese.info\/index.php\/wp-json\/wp\/v2\/media\/730"}],"wp:attachment":[{"href":"https:\/\/lavocedelpaese.info\/index.php\/wp-json\/wp\/v2\/media?parent=9648"}],"wp:term":[{"taxonomy":"category","embeddable":true,"href":"https:\/\/lavocedelpaese.info\/index.php\/wp-json\/wp\/v2\/categories?post=9648"},{"taxonomy":"post_tag","embeddable":true,"href":"https:\/\/lavocedelpaese.info\/index.php\/wp-json\/wp\/v2\/tags?post=9648"}],"curies":[{"name":"wp","href":"https:\/\/api.w.org\/{rel}","templated":true}]}}