{"id":962,"date":"2023-02-04T03:16:44","date_gmt":"2023-02-04T03:16:44","guid":{"rendered":"https:\/\/lavocedelpaese.info\/?p=962"},"modified":"2023-02-04T03:32:08","modified_gmt":"2023-02-04T03:32:08","slug":"bonus-covid-operatori-sanitari-in-attesa-da-tre-anni","status":"publish","type":"post","link":"https:\/\/lavocedelpaese.info\/index.php\/2023\/02\/04\/bonus-covid-operatori-sanitari-in-attesa-da-tre-anni\/","title":{"rendered":"Bonus Covid, operatori sanitari in attesa da tre anni"},"content":{"rendered":"\n<p><strong>Perrini: \u201c\u00c8 passato anche gennaio e gli operatori sanitari non l\u2019hanno ancora ricevuto\u201d<\/strong><\/p>\n\n\n\n<p>\u00abEssere facili profeti con questo governo regionale \u00e8 facilissimo, perch\u00e9 le loro promesse si rivelano sempre dei grandi bluff! Ma quando si prendono in giro 1.500 operatori della sanit\u00e0 fra dipendenti della Sanitaservice e autisti del 118 alle dipendenze delle associazioni di volontariato, che tre anni fa erano considerati \u2018eroi\u2019, lo ritengo vergognoso\u00bb &#8211; afferma in una nota stampa il consigliere regionale di FdI Renato Perrini, vicepresidente della Commissione sanit\u00e0.<\/p>\n\n\n\n<p>\u00abDieci giorni fa &#8211; prosegue &#8211; avevo sollecitato l\u2019assessore alla Sanit\u00e0, Rocco Palese, a tener fede a una promessa fatta il 28 maggio 2020 quando la Regione decise, previo accordo con i sindacati, di prevedere per gli operatori sanitari covid-19 un bonus premio. All\u2019epoca erano c\u2019erano 29 milioni di euro messi a disposizione dal Governo Conte, e sei milioni presi da risorse regionali\u00bb.<\/p>\n\n\n\n<p>\u00abI 1.500 operatori suddetti sono ancora in attesa di riceverlo, ogni volta c\u2019\u00e8 una scadenza che slitta, l\u2019ultima era il 31 gennaio scorso. E ancora una volta \u00e8 andata disattesa. C\u2019\u00e8 un problema di reperimento di fondi? C\u2019\u00e8 chi ritiene che non debba essere erogata? C\u2019\u00e8 qualcuno che si rifiuta di firmare? Palese inizi a rilasciare \u2018Bonus verit\u00e0, perch\u00e9 &#8211; conclude Perrini &#8211; continuare a prendere in giro queste persone non \u00e8 pi\u00f9 tollerabile\u00bb.<\/p>\n","protected":false},"excerpt":{"rendered":"<p>Perrini: \u201c\u00c8 passato anche gennaio e gli operatori sanitari non l\u2019hanno ancora ricevuto\u201d \u00abEssere facili profeti con questo governo regionale<\/p>\n","protected":false},"author":6,"featured_media":963,"comment_status":"open","ping_status":"closed","sticky":false,"template":"","format":"standard","meta":{"colormag_page_container_layout":"default_layout","colormag_page_sidebar_layout":"default_layout","footnotes":""},"categories":[2,7],"tags":[],"class_list":["post-962","post","type-post","status-publish","format-standard","has-post-thumbnail","hentry","category-attualita","category-regione"],"yoast_head":"<!-- This site is optimized with the Yoast SEO plugin v27.5 - https:\/\/yoast.com\/product\/yoast-seo-wordpress\/ -->\n<title>Bonus Covid, operatori sanitari in attesa da tre anni - La Voce del Paese<\/title>\n<meta name=\"robots\" content=\"index, follow, max-snippet:-1, max-image-preview:large, max-video-preview:-1\" \/>\n<link rel=\"canonical\" href=\"https:\/\/lavocedelpaese.info\/index.php\/2023\/02\/04\/bonus-covid-operatori-sanitari-in-attesa-da-tre-anni\/\" \/>\n<meta property=\"og:locale\" content=\"it_IT\" \/>\n<meta property=\"og:type\" content=\"article\" \/>\n<meta property=\"og:title\" content=\"Bonus Covid, operatori sanitari in attesa da tre anni - La Voce del Paese\" \/>\n<meta property=\"og:description\" content=\"Perrini: \u201c\u00c8 passato anche gennaio e gli operatori sanitari non l\u2019hanno ancora ricevuto\u201d \u00abEssere facili profeti con questo governo regionale\" \/>\n<meta property=\"og:url\" content=\"https:\/\/lavocedelpaese.info\/index.php\/2023\/02\/04\/bonus-covid-operatori-sanitari-in-attesa-da-tre-anni\/\" \/>\n<meta property=\"og:site_name\" content=\"La Voce del Paese\" \/>\n<meta property=\"article:publisher\" content=\"https:\/\/www.facebook.com\/lavocedelpaese.info\" \/>\n<meta property=\"article:published_time\" content=\"2023-02-04T03:16:44+00:00\" \/>\n<meta property=\"article:modified_time\" content=\"2023-02-04T03:32:08+00:00\" \/>\n<meta property=\"og:image\" content=\"https:\/\/lavocedelpaese.info\/wp-content\/uploads\/2023\/02\/coronavirus_ospedale_fg.jpg\" \/>\n\t<meta property=\"og:image:width\" content=\"750\" \/>\n\t<meta property=\"og:image:height\" content=\"499\" \/>\n\t<meta property=\"og:image:type\" content=\"image\/jpeg\" \/>\n<meta name=\"author\" content=\"admin\" \/>\n<meta name=\"twitter:card\" content=\"summary_large_image\" \/>\n<meta name=\"twitter:label1\" content=\"Scritto da\" \/>\n\t<meta name=\"twitter:data1\" content=\"admin\" \/>\n\t<meta name=\"twitter:label2\" content=\"Tempo di lettura stimato\" \/>\n\t<meta name=\"twitter:data2\" content=\"1 minuto\" \/>\n<script type=\"application\/ld+json\" class=\"yoast-schema-graph\">{\"@context\":\"https:\\\/\\\/schema.org\",\"@graph\":[{\"@type\":\"Article\",\"@id\":\"https:\\\/\\\/lavocedelpaese.info\\\/index.php\\\/2023\\\/02\\\/04\\\/bonus-covid-operatori-sanitari-in-attesa-da-tre-anni\\\/#article\",\"isPartOf\":{\"@id\":\"https:\\\/\\\/lavocedelpaese.info\\\/index.php\\\/2023\\\/02\\\/04\\\/bonus-covid-operatori-sanitari-in-attesa-da-tre-anni\\\/\"},\"author\":{\"name\":\"admin\",\"@id\":\"https:\\\/\\\/lavocedelpaese.info\\\/#\\\/schema\\\/person\\\/ec151d321306bd7591f7a061abf72d88\"},\"headline\":\"Bonus Covid, operatori sanitari in attesa da tre anni\",\"datePublished\":\"2023-02-04T03:16:44+00:00\",\"dateModified\":\"2023-02-04T03:32:08+00:00\",\"mainEntityOfPage\":{\"@id\":\"https:\\\/\\\/lavocedelpaese.info\\\/index.php\\\/2023\\\/02\\\/04\\\/bonus-covid-operatori-sanitari-in-attesa-da-tre-anni\\\/\"},\"wordCount\":223,\"commentCount\":0,\"publisher\":{\"@id\":\"https:\\\/\\\/lavocedelpaese.info\\\/#organization\"},\"image\":{\"@id\":\"https:\\\/\\\/lavocedelpaese.info\\\/index.php\\\/2023\\\/02\\\/04\\\/bonus-covid-operatori-sanitari-in-attesa-da-tre-anni\\\/#primaryimage\"},\"thumbnailUrl\":\"https:\\\/\\\/lavocedelpaese.info\\\/wp-content\\\/uploads\\\/2023\\\/02\\\/coronavirus_ospedale_fg.jpg\",\"articleSection\":[\"Attualit\u00e0\",\"Regione\"],\"inLanguage\":\"it-IT\",\"potentialAction\":[{\"@type\":\"CommentAction\",\"name\":\"Comment\",\"target\":[\"https:\\\/\\\/lavocedelpaese.info\\\/index.php\\\/2023\\\/02\\\/04\\\/bonus-covid-operatori-sanitari-in-attesa-da-tre-anni\\\/#respond\"]}]},{\"@type\":\"WebPage\",\"@id\":\"https:\\\/\\\/lavocedelpaese.info\\\/index.php\\\/2023\\\/02\\\/04\\\/bonus-covid-operatori-sanitari-in-attesa-da-tre-anni\\\/\",\"url\":\"https:\\\/\\\/lavocedelpaese.info\\\/index.php\\\/2023\\\/02\\\/04\\\/bonus-covid-operatori-sanitari-in-attesa-da-tre-anni\\\/\",\"name\":\"Bonus Covid, operatori sanitari in attesa da tre anni - La Voce del Paese\",\"isPartOf\":{\"@id\":\"https:\\\/\\\/lavocedelpaese.info\\\/#website\"},\"primaryImageOfPage\":{\"@id\":\"https:\\\/\\\/lavocedelpaese.info\\\/index.php\\\/2023\\\/02\\\/04\\\/bonus-covid-operatori-sanitari-in-attesa-da-tre-anni\\\/#primaryimage\"},\"image\":{\"@id\":\"https:\\\/\\\/lavocedelpaese.info\\\/index.php\\\/2023\\\/02\\\/04\\\/bonus-covid-operatori-sanitari-in-attesa-da-tre-anni\\\/#primaryimage\"},\"thumbnailUrl\":\"https:\\\/\\\/lavocedelpaese.info\\\/wp-content\\\/uploads\\\/2023\\\/02\\\/coronavirus_ospedale_fg.jpg\",\"datePublished\":\"2023-02-04T03:16:44+00:00\",\"dateModified\":\"2023-02-04T03:32:08+00:00\",\"breadcrumb\":{\"@id\":\"https:\\\/\\\/lavocedelpaese.info\\\/index.php\\\/2023\\\/02\\\/04\\\/bonus-covid-operatori-sanitari-in-attesa-da-tre-anni\\\/#breadcrumb\"},\"inLanguage\":\"it-IT\",\"potentialAction\":[{\"@type\":\"ReadAction\",\"target\":[\"https:\\\/\\\/lavocedelpaese.info\\\/index.php\\\/2023\\\/02\\\/04\\\/bonus-covid-operatori-sanitari-in-attesa-da-tre-anni\\\/\"]}]},{\"@type\":\"ImageObject\",\"inLanguage\":\"it-IT\",\"@id\":\"https:\\\/\\\/lavocedelpaese.info\\\/index.php\\\/2023\\\/02\\\/04\\\/bonus-covid-operatori-sanitari-in-attesa-da-tre-anni\\\/#primaryimage\",\"url\":\"https:\\\/\\\/lavocedelpaese.info\\\/wp-content\\\/uploads\\\/2023\\\/02\\\/coronavirus_ospedale_fg.jpg\",\"contentUrl\":\"https:\\\/\\\/lavocedelpaese.info\\\/wp-content\\\/uploads\\\/2023\\\/02\\\/coronavirus_ospedale_fg.jpg\",\"width\":750,\"height\":499},{\"@type\":\"BreadcrumbList\",\"@id\":\"https:\\\/\\\/lavocedelpaese.info\\\/index.php\\\/2023\\\/02\\\/04\\\/bonus-covid-operatori-sanitari-in-attesa-da-tre-anni\\\/#breadcrumb\",\"itemListElement\":[{\"@type\":\"ListItem\",\"position\":1,\"name\":\"Home\",\"item\":\"https:\\\/\\\/lavocedelpaese.info\\\/\"},{\"@type\":\"ListItem\",\"position\":2,\"name\":\"Bonus Covid, operatori sanitari in attesa da tre anni\"}]},{\"@type\":\"WebSite\",\"@id\":\"https:\\\/\\\/lavocedelpaese.info\\\/#website\",\"url\":\"https:\\\/\\\/lavocedelpaese.info\\\/\",\"name\":\"La Voce del Paese\",\"description\":\"Un network di idee\",\"publisher\":{\"@id\":\"https:\\\/\\\/lavocedelpaese.info\\\/#organization\"},\"potentialAction\":[{\"@type\":\"SearchAction\",\"target\":{\"@type\":\"EntryPoint\",\"urlTemplate\":\"https:\\\/\\\/lavocedelpaese.info\\\/?s={search_term_string}\"},\"query-input\":{\"@type\":\"PropertyValueSpecification\",\"valueRequired\":true,\"valueName\":\"search_term_string\"}}],\"inLanguage\":\"it-IT\"},{\"@type\":\"Organization\",\"@id\":\"https:\\\/\\\/lavocedelpaese.info\\\/#organization\",\"name\":\"La Voce del Paese\",\"url\":\"https:\\\/\\\/lavocedelpaese.info\\\/\",\"logo\":{\"@type\":\"ImageObject\",\"inLanguage\":\"it-IT\",\"@id\":\"https:\\\/\\\/lavocedelpaese.info\\\/#\\\/schema\\\/logo\\\/image\\\/\",\"url\":\"https:\\\/\\\/lavocedelpaese.info\\\/wp-content\\\/uploads\\\/2023\\\/01\\\/cropped-logo-150-127.png\",\"contentUrl\":\"https:\\\/\\\/lavocedelpaese.info\\\/wp-content\\\/uploads\\\/2023\\\/01\\\/cropped-logo-150-127.png\",\"width\":137,\"height\":119,\"caption\":\"La Voce del Paese\"},\"image\":{\"@id\":\"https:\\\/\\\/lavocedelpaese.info\\\/#\\\/schema\\\/logo\\\/image\\\/\"},\"sameAs\":[\"https:\\\/\\\/www.facebook.com\\\/lavocedelpaese.info\"]},{\"@type\":\"Person\",\"@id\":\"https:\\\/\\\/lavocedelpaese.info\\\/#\\\/schema\\\/person\\\/ec151d321306bd7591f7a061abf72d88\",\"name\":\"admin\",\"image\":{\"@type\":\"ImageObject\",\"inLanguage\":\"it-IT\",\"@id\":\"https:\\\/\\\/secure.gravatar.com\\\/avatar\\\/af8f2caf0663124588de48a9380e07cbc95a74ef15b8062d0d39106c32fe3023?s=96&d=mm&r=g\",\"url\":\"https:\\\/\\\/secure.gravatar.com\\\/avatar\\\/af8f2caf0663124588de48a9380e07cbc95a74ef15b8062d0d39106c32fe3023?s=96&d=mm&r=g\",\"contentUrl\":\"https:\\\/\\\/secure.gravatar.com\\\/avatar\\\/af8f2caf0663124588de48a9380e07cbc95a74ef15b8062d0d39106c32fe3023?s=96&d=mm&r=g\",\"caption\":\"admin\"},\"sameAs\":[\"https:\\\/\\\/lavocedelpaese.info\"],\"url\":\"https:\\\/\\\/lavocedelpaese.info\\\/index.php\\\/author\\\/admin\\\/\"}]}<\/script>\n<!-- \/ Yoast SEO plugin. -->","yoast_head_json":{"title":"Bonus Covid, operatori sanitari in attesa da tre anni - La Voce del Paese","robots":{"index":"index","follow":"follow","max-snippet":"max-snippet:-1","max-image-preview":"max-image-preview:large","max-video-preview":"max-video-preview:-1"},"canonical":"https:\/\/lavocedelpaese.info\/index.php\/2023\/02\/04\/bonus-covid-operatori-sanitari-in-attesa-da-tre-anni\/","og_locale":"it_IT","og_type":"article","og_title":"Bonus Covid, operatori sanitari in attesa da tre anni - La Voce del Paese","og_description":"Perrini: \u201c\u00c8 passato anche gennaio e gli operatori sanitari non l\u2019hanno ancora ricevuto\u201d \u00abEssere facili profeti con questo governo regionale","og_url":"https:\/\/lavocedelpaese.info\/index.php\/2023\/02\/04\/bonus-covid-operatori-sanitari-in-attesa-da-tre-anni\/","og_site_name":"La Voce del Paese","article_publisher":"https:\/\/www.facebook.com\/lavocedelpaese.info","article_published_time":"2023-02-04T03:16:44+00:00","article_modified_time":"2023-02-04T03:32:08+00:00","og_image":[{"width":750,"height":499,"url":"https:\/\/lavocedelpaese.info\/wp-content\/uploads\/2023\/02\/coronavirus_ospedale_fg.jpg","type":"image\/jpeg"}],"author":"admin","twitter_card":"summary_large_image","twitter_misc":{"Scritto da":"admin","Tempo di lettura stimato":"1 minuto"},"schema":{"@context":"https:\/\/schema.org","@graph":[{"@type":"Article","@id":"https:\/\/lavocedelpaese.info\/index.php\/2023\/02\/04\/bonus-covid-operatori-sanitari-in-attesa-da-tre-anni\/#article","isPartOf":{"@id":"https:\/\/lavocedelpaese.info\/index.php\/2023\/02\/04\/bonus-covid-operatori-sanitari-in-attesa-da-tre-anni\/"},"author":{"name":"admin","@id":"https:\/\/lavocedelpaese.info\/#\/schema\/person\/ec151d321306bd7591f7a061abf72d88"},"headline":"Bonus Covid, operatori sanitari in attesa da tre anni","datePublished":"2023-02-04T03:16:44+00:00","dateModified":"2023-02-04T03:32:08+00:00","mainEntityOfPage":{"@id":"https:\/\/lavocedelpaese.info\/index.php\/2023\/02\/04\/bonus-covid-operatori-sanitari-in-attesa-da-tre-anni\/"},"wordCount":223,"commentCount":0,"publisher":{"@id":"https:\/\/lavocedelpaese.info\/#organization"},"image":{"@id":"https:\/\/lavocedelpaese.info\/index.php\/2023\/02\/04\/bonus-covid-operatori-sanitari-in-attesa-da-tre-anni\/#primaryimage"},"thumbnailUrl":"https:\/\/lavocedelpaese.info\/wp-content\/uploads\/2023\/02\/coronavirus_ospedale_fg.jpg","articleSection":["Attualit\u00e0","Regione"],"inLanguage":"it-IT","potentialAction":[{"@type":"CommentAction","name":"Comment","target":["https:\/\/lavocedelpaese.info\/index.php\/2023\/02\/04\/bonus-covid-operatori-sanitari-in-attesa-da-tre-anni\/#respond"]}]},{"@type":"WebPage","@id":"https:\/\/lavocedelpaese.info\/index.php\/2023\/02\/04\/bonus-covid-operatori-sanitari-in-attesa-da-tre-anni\/","url":"https:\/\/lavocedelpaese.info\/index.php\/2023\/02\/04\/bonus-covid-operatori-sanitari-in-attesa-da-tre-anni\/","name":"Bonus Covid, operatori sanitari in attesa da tre anni - La Voce del Paese","isPartOf":{"@id":"https:\/\/lavocedelpaese.info\/#website"},"primaryImageOfPage":{"@id":"https:\/\/lavocedelpaese.info\/index.php\/2023\/02\/04\/bonus-covid-operatori-sanitari-in-attesa-da-tre-anni\/#primaryimage"},"image":{"@id":"https:\/\/lavocedelpaese.info\/index.php\/2023\/02\/04\/bonus-covid-operatori-sanitari-in-attesa-da-tre-anni\/#primaryimage"},"thumbnailUrl":"https:\/\/lavocedelpaese.info\/wp-content\/uploads\/2023\/02\/coronavirus_ospedale_fg.jpg","datePublished":"2023-02-04T03:16:44+00:00","dateModified":"2023-02-04T03:32:08+00:00","breadcrumb":{"@id":"https:\/\/lavocedelpaese.info\/index.php\/2023\/02\/04\/bonus-covid-operatori-sanitari-in-attesa-da-tre-anni\/#breadcrumb"},"inLanguage":"it-IT","potentialAction":[{"@type":"ReadAction","target":["https:\/\/lavocedelpaese.info\/index.php\/2023\/02\/04\/bonus-covid-operatori-sanitari-in-attesa-da-tre-anni\/"]}]},{"@type":"ImageObject","inLanguage":"it-IT","@id":"https:\/\/lavocedelpaese.info\/index.php\/2023\/02\/04\/bonus-covid-operatori-sanitari-in-attesa-da-tre-anni\/#primaryimage","url":"https:\/\/lavocedelpaese.info\/wp-content\/uploads\/2023\/02\/coronavirus_ospedale_fg.jpg","contentUrl":"https:\/\/lavocedelpaese.info\/wp-content\/uploads\/2023\/02\/coronavirus_ospedale_fg.jpg","width":750,"height":499},{"@type":"BreadcrumbList","@id":"https:\/\/lavocedelpaese.info\/index.php\/2023\/02\/04\/bonus-covid-operatori-sanitari-in-attesa-da-tre-anni\/#breadcrumb","itemListElement":[{"@type":"ListItem","position":1,"name":"Home","item":"https:\/\/lavocedelpaese.info\/"},{"@type":"ListItem","position":2,"name":"Bonus Covid, operatori sanitari in attesa da tre anni"}]},{"@type":"WebSite","@id":"https:\/\/lavocedelpaese.info\/#website","url":"https:\/\/lavocedelpaese.info\/","name":"La Voce del Paese","description":"Un network di idee","publisher":{"@id":"https:\/\/lavocedelpaese.info\/#organization"},"potentialAction":[{"@type":"SearchAction","target":{"@type":"EntryPoint","urlTemplate":"https:\/\/lavocedelpaese.info\/?s={search_term_string}"},"query-input":{"@type":"PropertyValueSpecification","valueRequired":true,"valueName":"search_term_string"}}],"inLanguage":"it-IT"},{"@type":"Organization","@id":"https:\/\/lavocedelpaese.info\/#organization","name":"La Voce del Paese","url":"https:\/\/lavocedelpaese.info\/","logo":{"@type":"ImageObject","inLanguage":"it-IT","@id":"https:\/\/lavocedelpaese.info\/#\/schema\/logo\/image\/","url":"https:\/\/lavocedelpaese.info\/wp-content\/uploads\/2023\/01\/cropped-logo-150-127.png","contentUrl":"https:\/\/lavocedelpaese.info\/wp-content\/uploads\/2023\/01\/cropped-logo-150-127.png","width":137,"height":119,"caption":"La Voce del Paese"},"image":{"@id":"https:\/\/lavocedelpaese.info\/#\/schema\/logo\/image\/"},"sameAs":["https:\/\/www.facebook.com\/lavocedelpaese.info"]},{"@type":"Person","@id":"https:\/\/lavocedelpaese.info\/#\/schema\/person\/ec151d321306bd7591f7a061abf72d88","name":"admin","image":{"@type":"ImageObject","inLanguage":"it-IT","@id":"https:\/\/secure.gravatar.com\/avatar\/af8f2caf0663124588de48a9380e07cbc95a74ef15b8062d0d39106c32fe3023?s=96&d=mm&r=g","url":"https:\/\/secure.gravatar.com\/avatar\/af8f2caf0663124588de48a9380e07cbc95a74ef15b8062d0d39106c32fe3023?s=96&d=mm&r=g","contentUrl":"https:\/\/secure.gravatar.com\/avatar\/af8f2caf0663124588de48a9380e07cbc95a74ef15b8062d0d39106c32fe3023?s=96&d=mm&r=g","caption":"admin"},"sameAs":["https:\/\/lavocedelpaese.info"],"url":"https:\/\/lavocedelpaese.info\/index.php\/author\/admin\/"}]}},"_links":{"self":[{"href":"https:\/\/lavocedelpaese.info\/index.php\/wp-json\/wp\/v2\/posts\/962","targetHints":{"allow":["GET"]}}],"collection":[{"href":"https:\/\/lavocedelpaese.info\/index.php\/wp-json\/wp\/v2\/posts"}],"about":[{"href":"https:\/\/lavocedelpaese.info\/index.php\/wp-json\/wp\/v2\/types\/post"}],"author":[{"embeddable":true,"href":"https:\/\/lavocedelpaese.info\/index.php\/wp-json\/wp\/v2\/users\/6"}],"replies":[{"embeddable":true,"href":"https:\/\/lavocedelpaese.info\/index.php\/wp-json\/wp\/v2\/comments?post=962"}],"version-history":[{"count":2,"href":"https:\/\/lavocedelpaese.info\/index.php\/wp-json\/wp\/v2\/posts\/962\/revisions"}],"predecessor-version":[{"id":970,"href":"https:\/\/lavocedelpaese.info\/index.php\/wp-json\/wp\/v2\/posts\/962\/revisions\/970"}],"wp:featuredmedia":[{"embeddable":true,"href":"https:\/\/lavocedelpaese.info\/index.php\/wp-json\/wp\/v2\/media\/963"}],"wp:attachment":[{"href":"https:\/\/lavocedelpaese.info\/index.php\/wp-json\/wp\/v2\/media?parent=962"}],"wp:term":[{"taxonomy":"category","embeddable":true,"href":"https:\/\/lavocedelpaese.info\/index.php\/wp-json\/wp\/v2\/categories?post=962"},{"taxonomy":"post_tag","embeddable":true,"href":"https:\/\/lavocedelpaese.info\/index.php\/wp-json\/wp\/v2\/tags?post=962"}],"curies":[{"name":"wp","href":"https:\/\/api.w.org\/{rel}","templated":true}]}}