{"id":9597,"date":"2025-07-04T06:15:02","date_gmt":"2025-07-04T06:15:02","guid":{"rendered":"https:\/\/lavocedelpaese.info\/index.php\/2025\/07\/04\/xylella-allo-stato-dei-fatti-cosa-cambia-cosa-dobbiamo-cambiare\/"},"modified":"2025-07-04T06:15:02","modified_gmt":"2025-07-04T06:15:02","slug":"xylella-allo-stato-dei-fatti-cosa-cambia-cosa-dobbiamo-cambiare","status":"publish","type":"post","link":"https:\/\/lavocedelpaese.info\/index.php\/2025\/07\/04\/xylella-allo-stato-dei-fatti-cosa-cambia-cosa-dobbiamo-cambiare\/","title":{"rendered":"\u201cXylella: allo stato dei fatti\u201d: cosa cambia, cosa dobbiamo cambiare\u00a0\u200b"},"content":{"rendered":"<p>\u00a0<\/p>\n<p>\u200b\u00a0<\/p>\n<p>\u200b\u00a0<\/p>\n<p>di<strong> Rossano Giustino<\/strong> \u2013 Foto di<strong> Angelo Donato Stano<\/strong><\/p>\n<p>L\u2019emergenza Xylella cresce, e aumenta in maniera progressiva la vegetazione colpita da questo terribile batterio. Il presidente della Cantina sociale di Cassano, Vincenzo Gentile, ha voluto fare luce sull\u2019operazione Xylella attraverso gli atti della polizia giudiziaria, in modo da poter guidare i cittadini su quello che \u00e8 possibile mettere in atto per poterla affrontare e contrastare. L\u2019evento \u00e8 stato organizzato in collaborazione con il comitato UliUlivo e l\u2019associazione Comitato Olivicoltori e Cittadini Conca Barese.<\/p>\n<p>L\u2019incontro \u00e8 stato introdotto proprio dal presidente della societ\u00e0 cooperativa, che ha accolto i cittadini nella sala convegni e ha sottolineato come la Xylella fastidiosa sia una \u201cbomba ad orologeria\u201d che, partendo dal Salento, stia pian piano infestando anche le campagne dell\u2019<em>hinterland<\/em> barese.<\/p>\n<p>Subito a seguire c\u2019\u00e8 stato l\u2019intervento dell\u2019architetto Maria Picarreta, che ha analizzato il cambiamento subito dal paesaggio pugliese. \u201cDal punto di vista normativo, la gestione dell\u2019infezione \u00e8 cambiata. Le piante infette, in passato, andavano incontro ad abbattimento anche nella cosiddetta \u201czona cuscinetto\u201d, cio\u00e8 quella fascia di cinque chilometri che si estende attorno alle piante colpite dal batterio, assieme alle piante sane presenti in un raggio di cinquanta metri. Oggi la normativa \u00e8 cambiata, e l\u2019abbattimento di queste ultime non \u00e8 pi\u00f9 necessaria, permettendo di proteggere parte del patrimonio naturale della nostra regione.\u201d. La Puglia si colloca al terzo posto per trasformazione del proprio suolo vincolato, ad oggi in gran parte occupato da strumenti per l\u2019utilizzo di energia rinnovabile: di fatto, si \u00e8 passati da un paesaggio prevalentemente agricolo, ad un paesaggio industriale.<\/p>\n<figure class=\"wp-block-image size-large\"><img decoding=\"async\" width=\"1024\" height=\"683\" src=\"https:\/\/cassano.lavocedelpaese.info\/wp-content\/uploads\/2025\/07\/D754580-07022025-185108-_D754580-1024x683.jpg\" alt=\"\" class=\"wp-image-6900\"\/><\/figure>\n<p>Alcuni membri del comitato Ulivivo hanno, poi, letto degli stralci delle quasi settemila pagine prodotte dalla polizia giudiziaria a seguito di una grande attivit\u00e0 investigativa volta al contrasto della cosiddetta \u201coperazione Xylella\u201d. In merito alla concezione del fenomeno batterico si \u00e8 espressa la prof.ssa Margherita Ciervo, che ha spiegato come ci sia stato un crescente allarmismo ed una serie di manipolazioni comunicative che hanno offerto ad un\u2019errata valutazione del batterio, presentato come un \u201cbatterio killer\u201d. \u201cLa realt\u00e0 ci ha dimostrato l\u2019inesattezza di questa affermazione, ed \u00e8 riscontrabile dal fatto che piante colpite dalla Xylella siano vive ad anni di distanza dall\u2019infezione.\u201d. Queste comunicazioni errate sono state condivise anche a causa di una selezione delle notizie relative al suo sviluppo e alla sua contagiosit\u00e0 da parte dei media. Tale propaganda ha costituito la narrativa dominante sul tema Xylella, la quale non ha considerato molti degli sviluppi che le analisi e le diverse attivit\u00e0 di contrasto hanno portato alla luce.<\/p>\n<p>L\u2019incontro \u00e8 proseguito con il contributo della fitopatologa Margherita D\u2019Amico, che ha condiviso la gravit\u00e0 degli effetti che l\u2019abuso di erbicidi provoca sull\u2019ambiente. La dott.ssa D\u2019Amico ha sostenuto l\u2019esistenza di cure per le piante infette, basate su protocolli sia di tipo sia scientifico, sia empirico, le quali permettono di riportare le piante disseccate a uno stato vegetativo e produttivo. La scelta di utilizzare le sostanze chimiche sull\u2019ambiente danneggia l\u2019ambiente, e le conseguenze saranno visibili solo nei prossimi anni. \u201cQuello che bisogna fare \u00e8 abbandonare l\u2019utilizzo di erbicidi e aumentare il nutrimento del suolo, ad esempio eliminando il concime minerale, largamente utilizzato fino ad oggi. Le pubblicazioni scientifiche dimostrano che \u00e8 necessario aumentare la componente organica del terreno, ad oggi attestata a circa il 2%, percentuale molto bassa, che potrebbe portare a desertificarci.\u201d, questo quanto dichiarato. La Xylella \u00e8 stata inserita nella lista dei patogeni da quarantena, cio\u00e8 quella lista che contiene tutti gli agenti patogeni ritrovati in Europa e poco diffusi, ritenuti particolarmente pericolosi per i danni che possono arrecare all\u2019agricoltura o all\u2019ambiente. Anche la fitopatologa \u00e8 tornata ad analizzare l\u2019errata concezione relativa al batterio in questione, affermando come sia molto meno pericolosa per la vita degli ulivi, rispetto a quanto invece possa essere esercitato da parte di una serie di funghi, molto pi\u00f9 resistenti agli agenti atmosferici e molto pi\u00f9 dannosi. Il suggerimento di D\u2019Amico \u00e8 che, a causa della Xylella, la pianta d\u2019ulivo \u00e8 diventata molto pi\u00f9 suscettibile ai funghi, i quali non sono per\u00f2 inseriti nella lista degli organismi nocivi da quarantena. Tutto questo non fa che aumentare la confusione sul tema del batterio tanto dibattuto, e utilizzare finanziamenti che non agiscono sul fulcro dell\u2019epidemia.<\/p>\n<p><a class=\"a2a_button_facebook\" href=\"https:\/\/www.addtoany.com\/add_to\/facebook?linkurl=https%3A%2F%2Fcassano.lavocedelpaese.info%2Fxylella-allo-stato-dei-fatti-cosa-cambia-cosa-dobbiamo-cambiare%2F&amp;linkname=%E2%80%9CXylella%3A%20allo%20stato%20dei%20fatti%E2%80%9D%3A%20cosa%20cambia%2C%20cosa%20dobbiamo%20cambiare\" title=\"Facebook\" rel=\"nofollow noopener\" target=\"_blank\"><\/a><a class=\"a2a_button_twitter\" href=\"https:\/\/www.addtoany.com\/add_to\/twitter?linkurl=https%3A%2F%2Fcassano.lavocedelpaese.info%2Fxylella-allo-stato-dei-fatti-cosa-cambia-cosa-dobbiamo-cambiare%2F&amp;linkname=%E2%80%9CXylella%3A%20allo%20stato%20dei%20fatti%E2%80%9D%3A%20cosa%20cambia%2C%20cosa%20dobbiamo%20cambiare\" title=\"Twitter\" rel=\"nofollow noopener\" target=\"_blank\"><\/a><a class=\"a2a_button_whatsapp\" href=\"https:\/\/www.addtoany.com\/add_to\/whatsapp?linkurl=https%3A%2F%2Fcassano.lavocedelpaese.info%2Fxylella-allo-stato-dei-fatti-cosa-cambia-cosa-dobbiamo-cambiare%2F&amp;linkname=%E2%80%9CXylella%3A%20allo%20stato%20dei%20fatti%E2%80%9D%3A%20cosa%20cambia%2C%20cosa%20dobbiamo%20cambiare\" title=\"WhatsApp\" rel=\"nofollow noopener\" target=\"_blank\"><\/a><a class=\"a2a_button_telegram\" href=\"https:\/\/www.addtoany.com\/add_to\/telegram?linkurl=https%3A%2F%2Fcassano.lavocedelpaese.info%2Fxylella-allo-stato-dei-fatti-cosa-cambia-cosa-dobbiamo-cambiare%2F&amp;linkname=%E2%80%9CXylella%3A%20allo%20stato%20dei%20fatti%E2%80%9D%3A%20cosa%20cambia%2C%20cosa%20dobbiamo%20cambiare\" title=\"Telegram\" rel=\"nofollow noopener\" target=\"_blank\"><\/a><a class=\"a2a_button_email\" href=\"https:\/\/www.addtoany.com\/add_to\/email?linkurl=https%3A%2F%2Fcassano.lavocedelpaese.info%2Fxylella-allo-stato-dei-fatti-cosa-cambia-cosa-dobbiamo-cambiare%2F&amp;linkname=%E2%80%9CXylella%3A%20allo%20stato%20dei%20fatti%E2%80%9D%3A%20cosa%20cambia%2C%20cosa%20dobbiamo%20cambiare\" title=\"Email\" rel=\"nofollow noopener\" target=\"_blank\"><\/a><\/p>\n<p>\u00a0<\/p>\n<p>\u00a0<\/p>\n<p>\u200b\u00a0\u00a0\u00a0<\/p>","protected":false},"excerpt":{"rendered":"<p>\u00a0 \u200b\u00a0 \u200b\u00a0 di Rossano Giustino \u2013 Foto di Angelo Donato Stano L\u2019emergenza Xylella cresce, e aumenta in maniera progressiva<\/p>\n","protected":false},"author":6,"featured_media":9598,"comment_status":"open","ping_status":"closed","sticky":false,"template":"","format":"standard","meta":{"colormag_page_container_layout":"default_layout","colormag_page_sidebar_layout":"default_layout","footnotes":""},"categories":[33],"tags":[],"class_list":["post-9597","post","type-post","status-publish","format-standard","has-post-thumbnail","hentry","category-network"],"yoast_head":"<!-- This site is optimized with the Yoast SEO plugin v27.5 - https:\/\/yoast.com\/product\/yoast-seo-wordpress\/ -->\n<title>\u201cXylella: allo stato dei fatti\u201d: cosa cambia, cosa dobbiamo cambiare\u00a0\u200b - La Voce del Paese<\/title>\n<meta name=\"robots\" content=\"index, follow, max-snippet:-1, max-image-preview:large, max-video-preview:-1\" \/>\n<link rel=\"canonical\" href=\"https:\/\/lavocedelpaese.info\/index.php\/2025\/07\/04\/xylella-allo-stato-dei-fatti-cosa-cambia-cosa-dobbiamo-cambiare\/\" \/>\n<meta property=\"og:locale\" content=\"it_IT\" \/>\n<meta property=\"og:type\" content=\"article\" \/>\n<meta property=\"og:title\" content=\"\u201cXylella: allo stato dei fatti\u201d: cosa cambia, cosa dobbiamo cambiare\u00a0\u200b - La Voce del Paese\" \/>\n<meta property=\"og:description\" content=\"\u00a0 \u200b\u00a0 \u200b\u00a0 di Rossano Giustino \u2013 Foto di Angelo Donato Stano L\u2019emergenza Xylella cresce, e aumenta in maniera progressiva\" \/>\n<meta property=\"og:url\" content=\"https:\/\/lavocedelpaese.info\/index.php\/2025\/07\/04\/xylella-allo-stato-dei-fatti-cosa-cambia-cosa-dobbiamo-cambiare\/\" \/>\n<meta property=\"og:site_name\" content=\"La Voce del Paese\" \/>\n<meta property=\"article:publisher\" content=\"https:\/\/www.facebook.com\/lavocedelpaese.info\" \/>\n<meta property=\"article:published_time\" content=\"2025-07-04T06:15:02+00:00\" \/>\n<meta name=\"author\" content=\"admin\" \/>\n<meta name=\"twitter:card\" content=\"summary_large_image\" \/>\n<meta name=\"twitter:label1\" content=\"Scritto da\" \/>\n\t<meta name=\"twitter:data1\" content=\"admin\" \/>\n\t<meta name=\"twitter:label2\" content=\"Tempo di lettura stimato\" \/>\n\t<meta name=\"twitter:data2\" content=\"4 minuti\" \/>\n<script type=\"application\/ld+json\" class=\"yoast-schema-graph\">{\"@context\":\"https:\\\/\\\/schema.org\",\"@graph\":[{\"@type\":\"Article\",\"@id\":\"https:\\\/\\\/lavocedelpaese.info\\\/index.php\\\/2025\\\/07\\\/04\\\/xylella-allo-stato-dei-fatti-cosa-cambia-cosa-dobbiamo-cambiare\\\/#article\",\"isPartOf\":{\"@id\":\"https:\\\/\\\/lavocedelpaese.info\\\/index.php\\\/2025\\\/07\\\/04\\\/xylella-allo-stato-dei-fatti-cosa-cambia-cosa-dobbiamo-cambiare\\\/\"},\"author\":{\"name\":\"admin\",\"@id\":\"https:\\\/\\\/lavocedelpaese.info\\\/#\\\/schema\\\/person\\\/ec151d321306bd7591f7a061abf72d88\"},\"headline\":\"\u201cXylella: allo stato dei fatti\u201d: cosa cambia, cosa dobbiamo cambiare\u00a0\u200b\",\"datePublished\":\"2025-07-04T06:15:02+00:00\",\"mainEntityOfPage\":{\"@id\":\"https:\\\/\\\/lavocedelpaese.info\\\/index.php\\\/2025\\\/07\\\/04\\\/xylella-allo-stato-dei-fatti-cosa-cambia-cosa-dobbiamo-cambiare\\\/\"},\"wordCount\":717,\"commentCount\":0,\"publisher\":{\"@id\":\"https:\\\/\\\/lavocedelpaese.info\\\/#organization\"},\"image\":{\"@id\":\"https:\\\/\\\/lavocedelpaese.info\\\/index.php\\\/2025\\\/07\\\/04\\\/xylella-allo-stato-dei-fatti-cosa-cambia-cosa-dobbiamo-cambiare\\\/#primaryimage\"},\"thumbnailUrl\":\"https:\\\/\\\/lavocedelpaese.info\\\/wp-content\\\/uploads\\\/2025\\\/07\\\/D754580-07022025-185108-_D754580-1024x683-wwSTnM.jpg\",\"articleSection\":[\"network\"],\"inLanguage\":\"it-IT\",\"potentialAction\":[{\"@type\":\"CommentAction\",\"name\":\"Comment\",\"target\":[\"https:\\\/\\\/lavocedelpaese.info\\\/index.php\\\/2025\\\/07\\\/04\\\/xylella-allo-stato-dei-fatti-cosa-cambia-cosa-dobbiamo-cambiare\\\/#respond\"]}]},{\"@type\":\"WebPage\",\"@id\":\"https:\\\/\\\/lavocedelpaese.info\\\/index.php\\\/2025\\\/07\\\/04\\\/xylella-allo-stato-dei-fatti-cosa-cambia-cosa-dobbiamo-cambiare\\\/\",\"url\":\"https:\\\/\\\/lavocedelpaese.info\\\/index.php\\\/2025\\\/07\\\/04\\\/xylella-allo-stato-dei-fatti-cosa-cambia-cosa-dobbiamo-cambiare\\\/\",\"name\":\"\u201cXylella: allo stato dei fatti\u201d: cosa cambia, cosa dobbiamo cambiare\u00a0\u200b - La Voce del Paese\",\"isPartOf\":{\"@id\":\"https:\\\/\\\/lavocedelpaese.info\\\/#website\"},\"primaryImageOfPage\":{\"@id\":\"https:\\\/\\\/lavocedelpaese.info\\\/index.php\\\/2025\\\/07\\\/04\\\/xylella-allo-stato-dei-fatti-cosa-cambia-cosa-dobbiamo-cambiare\\\/#primaryimage\"},\"image\":{\"@id\":\"https:\\\/\\\/lavocedelpaese.info\\\/index.php\\\/2025\\\/07\\\/04\\\/xylella-allo-stato-dei-fatti-cosa-cambia-cosa-dobbiamo-cambiare\\\/#primaryimage\"},\"thumbnailUrl\":\"https:\\\/\\\/lavocedelpaese.info\\\/wp-content\\\/uploads\\\/2025\\\/07\\\/D754580-07022025-185108-_D754580-1024x683-wwSTnM.jpg\",\"datePublished\":\"2025-07-04T06:15:02+00:00\",\"breadcrumb\":{\"@id\":\"https:\\\/\\\/lavocedelpaese.info\\\/index.php\\\/2025\\\/07\\\/04\\\/xylella-allo-stato-dei-fatti-cosa-cambia-cosa-dobbiamo-cambiare\\\/#breadcrumb\"},\"inLanguage\":\"it-IT\",\"potentialAction\":[{\"@type\":\"ReadAction\",\"target\":[\"https:\\\/\\\/lavocedelpaese.info\\\/index.php\\\/2025\\\/07\\\/04\\\/xylella-allo-stato-dei-fatti-cosa-cambia-cosa-dobbiamo-cambiare\\\/\"]}]},{\"@type\":\"ImageObject\",\"inLanguage\":\"it-IT\",\"@id\":\"https:\\\/\\\/lavocedelpaese.info\\\/index.php\\\/2025\\\/07\\\/04\\\/xylella-allo-stato-dei-fatti-cosa-cambia-cosa-dobbiamo-cambiare\\\/#primaryimage\",\"url\":\"https:\\\/\\\/lavocedelpaese.info\\\/wp-content\\\/uploads\\\/2025\\\/07\\\/D754580-07022025-185108-_D754580-1024x683-wwSTnM.jpg\",\"contentUrl\":\"https:\\\/\\\/lavocedelpaese.info\\\/wp-content\\\/uploads\\\/2025\\\/07\\\/D754580-07022025-185108-_D754580-1024x683-wwSTnM.jpg\",\"width\":1000,\"height\":667},{\"@type\":\"BreadcrumbList\",\"@id\":\"https:\\\/\\\/lavocedelpaese.info\\\/index.php\\\/2025\\\/07\\\/04\\\/xylella-allo-stato-dei-fatti-cosa-cambia-cosa-dobbiamo-cambiare\\\/#breadcrumb\",\"itemListElement\":[{\"@type\":\"ListItem\",\"position\":1,\"name\":\"Home\",\"item\":\"https:\\\/\\\/lavocedelpaese.info\\\/\"},{\"@type\":\"ListItem\",\"position\":2,\"name\":\"\u201cXylella: allo stato dei fatti\u201d: cosa cambia, cosa dobbiamo cambiare\u00a0\u200b\"}]},{\"@type\":\"WebSite\",\"@id\":\"https:\\\/\\\/lavocedelpaese.info\\\/#website\",\"url\":\"https:\\\/\\\/lavocedelpaese.info\\\/\",\"name\":\"La Voce del Paese\",\"description\":\"Un network di idee\",\"publisher\":{\"@id\":\"https:\\\/\\\/lavocedelpaese.info\\\/#organization\"},\"potentialAction\":[{\"@type\":\"SearchAction\",\"target\":{\"@type\":\"EntryPoint\",\"urlTemplate\":\"https:\\\/\\\/lavocedelpaese.info\\\/?s={search_term_string}\"},\"query-input\":{\"@type\":\"PropertyValueSpecification\",\"valueRequired\":true,\"valueName\":\"search_term_string\"}}],\"inLanguage\":\"it-IT\"},{\"@type\":\"Organization\",\"@id\":\"https:\\\/\\\/lavocedelpaese.info\\\/#organization\",\"name\":\"La Voce del Paese\",\"url\":\"https:\\\/\\\/lavocedelpaese.info\\\/\",\"logo\":{\"@type\":\"ImageObject\",\"inLanguage\":\"it-IT\",\"@id\":\"https:\\\/\\\/lavocedelpaese.info\\\/#\\\/schema\\\/logo\\\/image\\\/\",\"url\":\"https:\\\/\\\/lavocedelpaese.info\\\/wp-content\\\/uploads\\\/2023\\\/01\\\/cropped-logo-150-127.png\",\"contentUrl\":\"https:\\\/\\\/lavocedelpaese.info\\\/wp-content\\\/uploads\\\/2023\\\/01\\\/cropped-logo-150-127.png\",\"width\":137,\"height\":119,\"caption\":\"La Voce del Paese\"},\"image\":{\"@id\":\"https:\\\/\\\/lavocedelpaese.info\\\/#\\\/schema\\\/logo\\\/image\\\/\"},\"sameAs\":[\"https:\\\/\\\/www.facebook.com\\\/lavocedelpaese.info\"]},{\"@type\":\"Person\",\"@id\":\"https:\\\/\\\/lavocedelpaese.info\\\/#\\\/schema\\\/person\\\/ec151d321306bd7591f7a061abf72d88\",\"name\":\"admin\",\"image\":{\"@type\":\"ImageObject\",\"inLanguage\":\"it-IT\",\"@id\":\"https:\\\/\\\/secure.gravatar.com\\\/avatar\\\/af8f2caf0663124588de48a9380e07cbc95a74ef15b8062d0d39106c32fe3023?s=96&d=mm&r=g\",\"url\":\"https:\\\/\\\/secure.gravatar.com\\\/avatar\\\/af8f2caf0663124588de48a9380e07cbc95a74ef15b8062d0d39106c32fe3023?s=96&d=mm&r=g\",\"contentUrl\":\"https:\\\/\\\/secure.gravatar.com\\\/avatar\\\/af8f2caf0663124588de48a9380e07cbc95a74ef15b8062d0d39106c32fe3023?s=96&d=mm&r=g\",\"caption\":\"admin\"},\"sameAs\":[\"https:\\\/\\\/lavocedelpaese.info\"],\"url\":\"https:\\\/\\\/lavocedelpaese.info\\\/index.php\\\/author\\\/admin\\\/\"}]}<\/script>\n<!-- \/ Yoast SEO plugin. -->","yoast_head_json":{"title":"\u201cXylella: allo stato dei fatti\u201d: cosa cambia, cosa dobbiamo cambiare\u00a0\u200b - La Voce del Paese","robots":{"index":"index","follow":"follow","max-snippet":"max-snippet:-1","max-image-preview":"max-image-preview:large","max-video-preview":"max-video-preview:-1"},"canonical":"https:\/\/lavocedelpaese.info\/index.php\/2025\/07\/04\/xylella-allo-stato-dei-fatti-cosa-cambia-cosa-dobbiamo-cambiare\/","og_locale":"it_IT","og_type":"article","og_title":"\u201cXylella: allo stato dei fatti\u201d: cosa cambia, cosa dobbiamo cambiare\u00a0\u200b - La Voce del Paese","og_description":"\u00a0 \u200b\u00a0 \u200b\u00a0 di Rossano Giustino \u2013 Foto di Angelo Donato Stano L\u2019emergenza Xylella cresce, e aumenta in maniera progressiva","og_url":"https:\/\/lavocedelpaese.info\/index.php\/2025\/07\/04\/xylella-allo-stato-dei-fatti-cosa-cambia-cosa-dobbiamo-cambiare\/","og_site_name":"La Voce del Paese","article_publisher":"https:\/\/www.facebook.com\/lavocedelpaese.info","article_published_time":"2025-07-04T06:15:02+00:00","author":"admin","twitter_card":"summary_large_image","twitter_misc":{"Scritto da":"admin","Tempo di lettura stimato":"4 minuti"},"schema":{"@context":"https:\/\/schema.org","@graph":[{"@type":"Article","@id":"https:\/\/lavocedelpaese.info\/index.php\/2025\/07\/04\/xylella-allo-stato-dei-fatti-cosa-cambia-cosa-dobbiamo-cambiare\/#article","isPartOf":{"@id":"https:\/\/lavocedelpaese.info\/index.php\/2025\/07\/04\/xylella-allo-stato-dei-fatti-cosa-cambia-cosa-dobbiamo-cambiare\/"},"author":{"name":"admin","@id":"https:\/\/lavocedelpaese.info\/#\/schema\/person\/ec151d321306bd7591f7a061abf72d88"},"headline":"\u201cXylella: allo stato dei fatti\u201d: cosa cambia, cosa dobbiamo cambiare\u00a0\u200b","datePublished":"2025-07-04T06:15:02+00:00","mainEntityOfPage":{"@id":"https:\/\/lavocedelpaese.info\/index.php\/2025\/07\/04\/xylella-allo-stato-dei-fatti-cosa-cambia-cosa-dobbiamo-cambiare\/"},"wordCount":717,"commentCount":0,"publisher":{"@id":"https:\/\/lavocedelpaese.info\/#organization"},"image":{"@id":"https:\/\/lavocedelpaese.info\/index.php\/2025\/07\/04\/xylella-allo-stato-dei-fatti-cosa-cambia-cosa-dobbiamo-cambiare\/#primaryimage"},"thumbnailUrl":"https:\/\/lavocedelpaese.info\/wp-content\/uploads\/2025\/07\/D754580-07022025-185108-_D754580-1024x683-wwSTnM.jpg","articleSection":["network"],"inLanguage":"it-IT","potentialAction":[{"@type":"CommentAction","name":"Comment","target":["https:\/\/lavocedelpaese.info\/index.php\/2025\/07\/04\/xylella-allo-stato-dei-fatti-cosa-cambia-cosa-dobbiamo-cambiare\/#respond"]}]},{"@type":"WebPage","@id":"https:\/\/lavocedelpaese.info\/index.php\/2025\/07\/04\/xylella-allo-stato-dei-fatti-cosa-cambia-cosa-dobbiamo-cambiare\/","url":"https:\/\/lavocedelpaese.info\/index.php\/2025\/07\/04\/xylella-allo-stato-dei-fatti-cosa-cambia-cosa-dobbiamo-cambiare\/","name":"\u201cXylella: allo stato dei fatti\u201d: cosa cambia, cosa dobbiamo cambiare\u00a0\u200b - La Voce del Paese","isPartOf":{"@id":"https:\/\/lavocedelpaese.info\/#website"},"primaryImageOfPage":{"@id":"https:\/\/lavocedelpaese.info\/index.php\/2025\/07\/04\/xylella-allo-stato-dei-fatti-cosa-cambia-cosa-dobbiamo-cambiare\/#primaryimage"},"image":{"@id":"https:\/\/lavocedelpaese.info\/index.php\/2025\/07\/04\/xylella-allo-stato-dei-fatti-cosa-cambia-cosa-dobbiamo-cambiare\/#primaryimage"},"thumbnailUrl":"https:\/\/lavocedelpaese.info\/wp-content\/uploads\/2025\/07\/D754580-07022025-185108-_D754580-1024x683-wwSTnM.jpg","datePublished":"2025-07-04T06:15:02+00:00","breadcrumb":{"@id":"https:\/\/lavocedelpaese.info\/index.php\/2025\/07\/04\/xylella-allo-stato-dei-fatti-cosa-cambia-cosa-dobbiamo-cambiare\/#breadcrumb"},"inLanguage":"it-IT","potentialAction":[{"@type":"ReadAction","target":["https:\/\/lavocedelpaese.info\/index.php\/2025\/07\/04\/xylella-allo-stato-dei-fatti-cosa-cambia-cosa-dobbiamo-cambiare\/"]}]},{"@type":"ImageObject","inLanguage":"it-IT","@id":"https:\/\/lavocedelpaese.info\/index.php\/2025\/07\/04\/xylella-allo-stato-dei-fatti-cosa-cambia-cosa-dobbiamo-cambiare\/#primaryimage","url":"https:\/\/lavocedelpaese.info\/wp-content\/uploads\/2025\/07\/D754580-07022025-185108-_D754580-1024x683-wwSTnM.jpg","contentUrl":"https:\/\/lavocedelpaese.info\/wp-content\/uploads\/2025\/07\/D754580-07022025-185108-_D754580-1024x683-wwSTnM.jpg","width":1000,"height":667},{"@type":"BreadcrumbList","@id":"https:\/\/lavocedelpaese.info\/index.php\/2025\/07\/04\/xylella-allo-stato-dei-fatti-cosa-cambia-cosa-dobbiamo-cambiare\/#breadcrumb","itemListElement":[{"@type":"ListItem","position":1,"name":"Home","item":"https:\/\/lavocedelpaese.info\/"},{"@type":"ListItem","position":2,"name":"\u201cXylella: allo stato dei fatti\u201d: cosa cambia, cosa dobbiamo cambiare\u00a0\u200b"}]},{"@type":"WebSite","@id":"https:\/\/lavocedelpaese.info\/#website","url":"https:\/\/lavocedelpaese.info\/","name":"La Voce del Paese","description":"Un network di idee","publisher":{"@id":"https:\/\/lavocedelpaese.info\/#organization"},"potentialAction":[{"@type":"SearchAction","target":{"@type":"EntryPoint","urlTemplate":"https:\/\/lavocedelpaese.info\/?s={search_term_string}"},"query-input":{"@type":"PropertyValueSpecification","valueRequired":true,"valueName":"search_term_string"}}],"inLanguage":"it-IT"},{"@type":"Organization","@id":"https:\/\/lavocedelpaese.info\/#organization","name":"La Voce del Paese","url":"https:\/\/lavocedelpaese.info\/","logo":{"@type":"ImageObject","inLanguage":"it-IT","@id":"https:\/\/lavocedelpaese.info\/#\/schema\/logo\/image\/","url":"https:\/\/lavocedelpaese.info\/wp-content\/uploads\/2023\/01\/cropped-logo-150-127.png","contentUrl":"https:\/\/lavocedelpaese.info\/wp-content\/uploads\/2023\/01\/cropped-logo-150-127.png","width":137,"height":119,"caption":"La Voce del Paese"},"image":{"@id":"https:\/\/lavocedelpaese.info\/#\/schema\/logo\/image\/"},"sameAs":["https:\/\/www.facebook.com\/lavocedelpaese.info"]},{"@type":"Person","@id":"https:\/\/lavocedelpaese.info\/#\/schema\/person\/ec151d321306bd7591f7a061abf72d88","name":"admin","image":{"@type":"ImageObject","inLanguage":"it-IT","@id":"https:\/\/secure.gravatar.com\/avatar\/af8f2caf0663124588de48a9380e07cbc95a74ef15b8062d0d39106c32fe3023?s=96&d=mm&r=g","url":"https:\/\/secure.gravatar.com\/avatar\/af8f2caf0663124588de48a9380e07cbc95a74ef15b8062d0d39106c32fe3023?s=96&d=mm&r=g","contentUrl":"https:\/\/secure.gravatar.com\/avatar\/af8f2caf0663124588de48a9380e07cbc95a74ef15b8062d0d39106c32fe3023?s=96&d=mm&r=g","caption":"admin"},"sameAs":["https:\/\/lavocedelpaese.info"],"url":"https:\/\/lavocedelpaese.info\/index.php\/author\/admin\/"}]}},"_links":{"self":[{"href":"https:\/\/lavocedelpaese.info\/index.php\/wp-json\/wp\/v2\/posts\/9597","targetHints":{"allow":["GET"]}}],"collection":[{"href":"https:\/\/lavocedelpaese.info\/index.php\/wp-json\/wp\/v2\/posts"}],"about":[{"href":"https:\/\/lavocedelpaese.info\/index.php\/wp-json\/wp\/v2\/types\/post"}],"author":[{"embeddable":true,"href":"https:\/\/lavocedelpaese.info\/index.php\/wp-json\/wp\/v2\/users\/6"}],"replies":[{"embeddable":true,"href":"https:\/\/lavocedelpaese.info\/index.php\/wp-json\/wp\/v2\/comments?post=9597"}],"version-history":[{"count":0,"href":"https:\/\/lavocedelpaese.info\/index.php\/wp-json\/wp\/v2\/posts\/9597\/revisions"}],"wp:featuredmedia":[{"embeddable":true,"href":"https:\/\/lavocedelpaese.info\/index.php\/wp-json\/wp\/v2\/media\/9598"}],"wp:attachment":[{"href":"https:\/\/lavocedelpaese.info\/index.php\/wp-json\/wp\/v2\/media?parent=9597"}],"wp:term":[{"taxonomy":"category","embeddable":true,"href":"https:\/\/lavocedelpaese.info\/index.php\/wp-json\/wp\/v2\/categories?post=9597"},{"taxonomy":"post_tag","embeddable":true,"href":"https:\/\/lavocedelpaese.info\/index.php\/wp-json\/wp\/v2\/tags?post=9597"}],"curies":[{"name":"wp","href":"https:\/\/api.w.org\/{rel}","templated":true}]}}