{"id":9555,"date":"2025-06-26T12:13:44","date_gmt":"2025-06-26T12:13:44","guid":{"rendered":"https:\/\/lavocedelpaese.info\/index.php\/2025\/06\/26\/36-stormo-il-capo-di-stato-maggiore-in-visita-a-gioia-del-colle-foto\/"},"modified":"2025-06-26T12:13:44","modified_gmt":"2025-06-26T12:13:44","slug":"36-stormo-il-capo-di-stato-maggiore-in-visita-a-gioia-del-colle-foto","status":"publish","type":"post","link":"https:\/\/lavocedelpaese.info\/index.php\/2025\/06\/26\/36-stormo-il-capo-di-stato-maggiore-in-visita-a-gioia-del-colle-foto\/","title":{"rendered":"36\u00b0 Stormo: il Capo di Stato Maggiore in visita a Gioia del Colle\/foto\u00a0\u200b"},"content":{"rendered":"<p>\u00a0<\/p>\n<p>\u200b\u00a0<\/p>\n<p>\u200b\u00a0<\/p>\n<p><em>Nell\u2019occasione, una cerimonia solenne e un omaggio alla memoria degli aviatori del passato<\/em><\/p>\n<p><img decoding=\"async\" class=\"size-full wp-image-6375 alignleft\" src=\"https:\/\/gioia.lavocedelpaese.info\/wp-content\/uploads\/2025\/06\/2.jpg\" alt=\"\" width=\"400\" height=\"266\"\/>\u201cIl 23 giugno 2025, il <strong>Capo di Stato Maggiore dell\u2019Aeronautica Militare, Generale di Squadra Aerea Antonio Conserva <\/strong>ha fatto visita al 36\u00b0 Stormo Caccia accompagnato dal Presidente dei Sottufficiali, Graduati e Militari di Truppa, 1\u00b0 Luogotenente Mario Bonaventura. Ad accogliere la massima autorit\u00e0, il Comandante di Stormo, Colonnello Pilota Antonino Massara. Per l\u2019occasione, alla quale ha partecipato anche il <strong>Generale di Squadra Aerea Francesco Vestito, Comandante del Comando Scuole\/3\u00aa Regione Aerea di Bari,<\/strong> \u00e8 stato inaugurato un monumento a ricordo delle gloriose gesta compiute dagli aviatori appartenenti al 36\u00b0 Stormo Aerosiluranti durante il secondo conflitto mondiale.<\/p>\n<p>Tale stele di marmo, proveniente dal 2\u00b0 Reggimento AVES \u201cOrione\u201d di Borgo Panigale (BO) e risalente al trentesimo anniversario della Battaglia di Pantelleria (12-16 giugno 1942), rappresenta oggi un tangibile simbolo di continuit\u00e0 storica, rinnovando il legame tra passato e presente e onorando il sacrificio degli Ufficiali, Sottufficiali e specialisti dei reparti aerosiluranti<strong>. <\/strong><\/p>\n<p><img decoding=\"async\" class=\"size-full wp-image-6376 alignright\" src=\"https:\/\/gioia.lavocedelpaese.info\/wp-content\/uploads\/2025\/06\/3.jpg\" alt=\"\" width=\"400\" height=\"266\"\/>La cerimonia \u00e8 proseguita con il conferimento di ricompense militari al personale che si \u00e8 distinto per dedizione, impegno e spirito di sacrificio, permettendo al 36\u00b0 Stormo Caccia di assicurare, senza soluzione di continuit\u00e0, il suo preminente compito istituzionale a difesa dello spazio aereo nazionale e NATO nonch\u00e9 a supporto alla collettivit\u00e0.<\/p>\n<p>Nel suo intervento, il <strong>Colonnello Massara<\/strong> ha evidenziato il concetto di \u201cfare squadra\u201d al servizio del Paese, affermando che <em>\u201cil 36\u00b0 Stormo Caccia \u00e8 una realt\u00e0 operativa efficiente, coesa e motivata grazie all\u2019impegno quotidiano di ogni uomo e donna che ne fa parte. E ci\u00f2 \u00e8 soprattutto merito della seriet\u00e0 professionale e dello spirito di squadra che pulsano nel tessuto umano di uno dei Reparti di punta della Forza Armata.\u201d<\/em><\/p>\n<p><img decoding=\"async\" class=\"size-full wp-image-6377 alignleft\" src=\"https:\/\/gioia.lavocedelpaese.info\/wp-content\/uploads\/2025\/06\/4.jpg\" alt=\"\" width=\"400\" height=\"266\"\/>A seguire, il <strong>Generale Conserva<\/strong> ha preso la parola rivolgendosi ai presenti: <em>\u201c\u00c8 un onore essere qui oggi, salutare lo Stormo che ho avuto il piacere di comandare e salutarlo nel momento in cui recuperiamo un pezzo fondamentale della storia del 36\u00b0 Stormo dell\u2019Aeronautica Militare. [\u2026] Ritengo che ricordare in questa cerimonia l\u2019eroismo di chi ci ha preceduto<\/em> \u2013 ha proseguito \u2013 <em>sia un segno importante che corrobora il nostro impegno negli attuali teatri operativi\u201d ove \u201cla nostra presenza ha una funzione soprattutto di deterrenza. Deterrenza che \u00e8 un concetto fondamentale per il mantenimento della pace e per la quale l\u2019Aeronautica Militare pone la sua prontezza, la capacit\u00e0 dei propri uomini e delle proprie donne come baluardo inesauribile della Forza Armata della Difesa italiana.\u201d<\/em><\/p>\n<p><img decoding=\"async\" class=\"size-full wp-image-6378 alignleft\" src=\"https:\/\/gioia.lavocedelpaese.info\/wp-content\/uploads\/2025\/06\/5-2.jpg\" alt=\"\" width=\"400\" height=\"266\"\/>Al termine dell\u2019alzabandiera, il Capo di Stato Maggiore AM ha incontrato i Comandanti delle articolazioni, i rappresentanti dei Sindacati Militari e la Rappresentanza Sindacale Unitaria di Stormo, per poi assistere a dei briefing sullo stato di approntamento del Reparto sia dal punto di vista logistico che operativo. La visita si \u00e8 conclusa con il tradizionale scambio del crest e la firma dell\u2019Albo d\u2019Onore, al quale il Generale di Squadra Aerea Antonio Conserva ha affidato il suo personale apprezzamento: <em>\u201cMi complimento con il Comandante e con tutto il personale per i brillanti risultati e per la prontezza operativa che assicurate in ogni contesto. Vi auguro le migliori fortune certo che saprete affrontare e vincere le sfide dei prossimi anni.\u201d<\/em><\/p>\n<p><img decoding=\"async\" class=\"size-full wp-image-6379 alignright\" src=\"https:\/\/gioia.lavocedelpaese.info\/wp-content\/uploads\/2025\/06\/5.jpg\" alt=\"\" width=\"400\" height=\"266\"\/>Il <strong>36\u00b0 Stormo Caccia di Gioia del Colle (BA)<\/strong> \u00e8 alle dipendenze del Comando delle Forze da Combattimento (CFC) di Milano, la cui missione assegnata \u00e8 quella di acquisire e mantenere la prontezza operativa di tutti gli organismi della difesa aerea e di attacco e di ricognizione, provvedendo all\u2019efficienza operativa dei sistemi d\u2019arma, dei mezzi e dei materiali, nonch\u00e9 all\u2019addestramento del personale ed al costante aggiornamento ed ottimizzazione delle procedure operative, nel rispetto delle linee guida delle SS.AA.. Il CFC \u00e8 alle dipendenze del Comando Squadra Aerea \u2013 1\u00aa Regione Aerea che esercita le attribuzioni in materia di addestramento, predisposizione e approntamento operativo dei propri Reparti, affinch\u00e9 gli stessi acquisiscano e mantengano i previsti livelli di prontezza operativa. Il 36\u00b0 Stormo Caccia \u00e8 uno dei 5 Stormi dell\u2019Aeronautica Militare che assicurano la Difesa Aerea nazionale e il servizio di <em>Quick Reaction Alert<\/em> della NATO\u201d.<\/p>\n<p><strong>36\u00b0 Stormo Gioia del Colle<\/strong><\/p>\n<p><strong>Ten. Fulvio MALLARDI<\/strong><\/p>\n<p><a href=\"https:\/\/gioia.lavocedelpaese.info\/index.php\/2025\/06\/26\/36-stormo-il-capo-di-stato-maggiore-in-visita-a-gioia-del-colle-foto\/visita-capo-di-sma-gsa-antonio-conserva-36-stormo-caccia-23-giugno-2025-1-fileminimizer\/\"><img decoding=\"async\" width=\"1000\" height=\"666\" src=\"https:\/\/gioia.lavocedelpaese.info\/wp-content\/uploads\/2025\/06\/Visita-Capo-di-SMA-GSA-Antonio-CONSERVA-36%C2%B0-Stormo-Caccia-23-giugno-2025-1-FILEminimizer.jpg\" class=\"attachment-full size-full\" alt=\"\"\/><\/a><br \/>\n<a href=\"https:\/\/gioia.lavocedelpaese.info\/index.php\/2025\/06\/26\/36-stormo-il-capo-di-stato-maggiore-in-visita-a-gioia-del-colle-foto\/visita-capo-di-sma-gsa-antonio-conserva-36-stormo-caccia-23-giugno-2025-2-fileminimizer\/\"><img decoding=\"async\" width=\"1000\" height=\"666\" src=\"https:\/\/gioia.lavocedelpaese.info\/wp-content\/uploads\/2025\/06\/Visita-Capo-di-SMA-GSA-Antonio-CONSERVA-36%C2%B0-Stormo-Caccia-23-giugno-2025-2-FILEminimizer.jpg\" class=\"attachment-full size-full\" alt=\"\"\/><\/a><br \/>\n<a href=\"https:\/\/gioia.lavocedelpaese.info\/index.php\/2025\/06\/26\/36-stormo-il-capo-di-stato-maggiore-in-visita-a-gioia-del-colle-foto\/visita-capo-di-sma-gsa-antonio-conserva-36-stormo-caccia-23-giugno-2025-4-fileminimizer\/\"><img decoding=\"async\" width=\"1000\" height=\"666\" src=\"https:\/\/gioia.lavocedelpaese.info\/wp-content\/uploads\/2025\/06\/Visita-Capo-di-SMA-GSA-Antonio-CONSERVA-36%C2%B0-Stormo-Caccia-23-giugno-2025-4-FILEminimizer.jpg\" class=\"attachment-full size-full\" alt=\"\"\/><\/a><br \/>\n<a href=\"https:\/\/gioia.lavocedelpaese.info\/index.php\/2025\/06\/26\/36-stormo-il-capo-di-stato-maggiore-in-visita-a-gioia-del-colle-foto\/visita-capo-di-sma-gsa-antonio-conserva-36-stormo-caccia-23-giugno-2025-5-fileminimizer\/\"><img decoding=\"async\" width=\"1000\" height=\"666\" src=\"https:\/\/gioia.lavocedelpaese.info\/wp-content\/uploads\/2025\/06\/Visita-Capo-di-SMA-GSA-Antonio-CONSERVA-36%C2%B0-Stormo-Caccia-23-giugno-2025-5-FILEminimizer.jpg\" class=\"attachment-full size-full\" alt=\"\"\/><\/a><br \/>\n<a href=\"https:\/\/gioia.lavocedelpaese.info\/index.php\/2025\/06\/26\/36-stormo-il-capo-di-stato-maggiore-in-visita-a-gioia-del-colle-foto\/visita-capo-di-sma-gsa-antonio-conserva-36-stormo-caccia-23-giugno-2025-7-fileminimizer\/\"><img decoding=\"async\" width=\"1000\" height=\"666\" src=\"https:\/\/gioia.lavocedelpaese.info\/wp-content\/uploads\/2025\/06\/Visita-Capo-di-SMA-GSA-Antonio-CONSERVA-36%C2%B0-Stormo-Caccia-23-giugno-2025-7-FILEminimizer.jpg\" class=\"attachment-full size-full\" alt=\"\"\/><\/a><br \/>\n<a href=\"https:\/\/gioia.lavocedelpaese.info\/index.php\/2025\/06\/26\/36-stormo-il-capo-di-stato-maggiore-in-visita-a-gioia-del-colle-foto\/visita-capo-di-sma-gsa-antonio-conserva-36-stormo-caccia-23-giugno-2025-8-fileminimizer\/\"><img decoding=\"async\" width=\"1000\" height=\"666\" src=\"https:\/\/gioia.lavocedelpaese.info\/wp-content\/uploads\/2025\/06\/Visita-Capo-di-SMA-GSA-Antonio-CONSERVA-36%C2%B0-Stormo-Caccia-23-giugno-2025-8-FILEminimizer.jpg\" class=\"attachment-full size-full\" alt=\"\"\/><\/a><br \/>\n<a href=\"https:\/\/gioia.lavocedelpaese.info\/index.php\/2025\/06\/26\/36-stormo-il-capo-di-stato-maggiore-in-visita-a-gioia-del-colle-foto\/visita-capo-di-sma-gsa-antonio-conserva-36-stormo-caccia-23-giugno-2025-10-fileminimizer\/\"><img decoding=\"async\" width=\"1000\" height=\"666\" src=\"https:\/\/gioia.lavocedelpaese.info\/wp-content\/uploads\/2025\/06\/Visita-Capo-di-SMA-GSA-Antonio-CONSERVA-36%C2%B0-Stormo-Caccia-23-giugno-2025-10-FILEminimizer.jpg\" class=\"attachment-full size-full\" alt=\"\"\/><\/a><br \/>\n<a href=\"https:\/\/gioia.lavocedelpaese.info\/index.php\/2025\/06\/26\/36-stormo-il-capo-di-stato-maggiore-in-visita-a-gioia-del-colle-foto\/visita-capo-di-sma-gsa-antonio-conserva-36-stormo-caccia-23-giugno-2025-11-fileminimizer\/\"><img decoding=\"async\" width=\"1000\" height=\"666\" src=\"https:\/\/gioia.lavocedelpaese.info\/wp-content\/uploads\/2025\/06\/Visita-Capo-di-SMA-GSA-Antonio-CONSERVA-36%C2%B0-Stormo-Caccia-23-giugno-2025-11-FILEminimizer.jpg\" class=\"attachment-full size-full\" alt=\"\"\/><\/a><br \/>\n<a href=\"https:\/\/gioia.lavocedelpaese.info\/index.php\/2025\/06\/26\/36-stormo-il-capo-di-stato-maggiore-in-visita-a-gioia-del-colle-foto\/visita-capo-di-sma-gsa-antonio-conserva-36-stormo-caccia-23-giugno-2025-12-fileminimizer\/\"><img decoding=\"async\" width=\"1000\" height=\"666\" src=\"https:\/\/gioia.lavocedelpaese.info\/wp-content\/uploads\/2025\/06\/Visita-Capo-di-SMA-GSA-Antonio-CONSERVA-36%C2%B0-Stormo-Caccia-23-giugno-2025-12-FILEminimizer.jpg\" class=\"attachment-full size-full\" alt=\"\"\/><\/a><br \/>\n<a href=\"https:\/\/gioia.lavocedelpaese.info\/index.php\/2025\/06\/26\/36-stormo-il-capo-di-stato-maggiore-in-visita-a-gioia-del-colle-foto\/visita-capo-di-sma-gsa-antonio-conserva-36-stormo-caccia-23-giugno-2025-13-fileminimizer\/\"><img decoding=\"async\" width=\"1000\" height=\"666\" src=\"https:\/\/gioia.lavocedelpaese.info\/wp-content\/uploads\/2025\/06\/Visita-Capo-di-SMA-GSA-Antonio-CONSERVA-36%C2%B0-Stormo-Caccia-23-giugno-2025-13-FILEminimizer.jpg\" class=\"attachment-full size-full\" alt=\"\"\/><\/a><br \/>\n<a href=\"https:\/\/gioia.lavocedelpaese.info\/index.php\/2025\/06\/26\/36-stormo-il-capo-di-stato-maggiore-in-visita-a-gioia-del-colle-foto\/visita-capo-di-sma-gsa-antonio-conserva-36-stormo-caccia-23-giugno-2025-16-fileminimizer\/\"><img decoding=\"async\" width=\"1000\" height=\"666\" src=\"https:\/\/gioia.lavocedelpaese.info\/wp-content\/uploads\/2025\/06\/Visita-Capo-di-SMA-GSA-Antonio-CONSERVA-36%C2%B0-Stormo-Caccia-23-giugno-2025-16-FILEminimizer.jpg\" class=\"attachment-full size-full\" alt=\"\"\/><\/a><br \/>\n<a href=\"https:\/\/gioia.lavocedelpaese.info\/index.php\/2025\/06\/26\/36-stormo-il-capo-di-stato-maggiore-in-visita-a-gioia-del-colle-foto\/visita-capo-di-sma-gsa-antonio-conserva-36-stormo-caccia-23-giugno-2025-17-fileminimizer\/\"><img decoding=\"async\" width=\"1000\" height=\"666\" src=\"https:\/\/gioia.lavocedelpaese.info\/wp-content\/uploads\/2025\/06\/Visita-Capo-di-SMA-GSA-Antonio-CONSERVA-36%C2%B0-Stormo-Caccia-23-giugno-2025-17-FILEminimizer.jpg\" class=\"attachment-full size-full\" alt=\"\"\/><\/a><br \/>\n<a href=\"https:\/\/gioia.lavocedelpaese.info\/index.php\/2025\/06\/26\/36-stormo-il-capo-di-stato-maggiore-in-visita-a-gioia-del-colle-foto\/visita-capo-di-sma-gsa-antonio-conserva-36-stormo-caccia-23-giugno-2025-21-fileminimizer\/\"><img decoding=\"async\" width=\"1000\" height=\"666\" src=\"https:\/\/gioia.lavocedelpaese.info\/wp-content\/uploads\/2025\/06\/Visita-Capo-di-SMA-GSA-Antonio-CONSERVA-36%C2%B0-Stormo-Caccia-23-giugno-2025-21-FILEminimizer.jpg\" class=\"attachment-full size-full\" alt=\"\"\/><\/a><br \/>\n<a href=\"https:\/\/gioia.lavocedelpaese.info\/index.php\/2025\/06\/26\/36-stormo-il-capo-di-stato-maggiore-in-visita-a-gioia-del-colle-foto\/visita-capo-di-sma-gsa-antonio-conserva-36-stormo-caccia-23-giugno-2025-22-fileminimizer\/\"><img decoding=\"async\" width=\"1000\" height=\"666\" src=\"https:\/\/gioia.lavocedelpaese.info\/wp-content\/uploads\/2025\/06\/Visita-Capo-di-SMA-GSA-Antonio-CONSERVA-36%C2%B0-Stormo-Caccia-23-giugno-2025-22-FILEminimizer.jpg\" class=\"attachment-full size-full\" alt=\"\"\/><\/a><br \/>\n<a href=\"https:\/\/gioia.lavocedelpaese.info\/index.php\/2025\/06\/26\/36-stormo-il-capo-di-stato-maggiore-in-visita-a-gioia-del-colle-foto\/visita-capo-di-sma-gsa-antonio-conserva-36-stormo-caccia-23-giugno-2025-23-fileminimizer\/\"><img decoding=\"async\" width=\"1000\" height=\"666\" src=\"https:\/\/gioia.lavocedelpaese.info\/wp-content\/uploads\/2025\/06\/Visita-Capo-di-SMA-GSA-Antonio-CONSERVA-36%C2%B0-Stormo-Caccia-23-giugno-2025-23-FILEminimizer.jpg\" class=\"attachment-full size-full\" alt=\"\"\/><\/a><br \/>\n<a href=\"https:\/\/gioia.lavocedelpaese.info\/index.php\/2025\/06\/26\/36-stormo-il-capo-di-stato-maggiore-in-visita-a-gioia-del-colle-foto\/visita-capo-di-sma-gsa-antonio-conserva-36-stormo-caccia-23-giugno-2025-24-fileminimizer\/\"><img decoding=\"async\" width=\"1000\" height=\"666\" src=\"https:\/\/gioia.lavocedelpaese.info\/wp-content\/uploads\/2025\/06\/Visita-Capo-di-SMA-GSA-Antonio-CONSERVA-36%C2%B0-Stormo-Caccia-23-giugno-2025-24-FILEminimizer.jpg\" class=\"attachment-full size-full\" alt=\"\"\/><\/a><br \/>\n<a href=\"https:\/\/gioia.lavocedelpaese.info\/index.php\/2025\/06\/26\/36-stormo-il-capo-di-stato-maggiore-in-visita-a-gioia-del-colle-foto\/visita-capo-di-sma-gsa-antonio-conserva-36-stormo-caccia-23-giugno-2025-25-fileminimizer\/\"><img decoding=\"async\" width=\"1000\" height=\"666\" src=\"https:\/\/gioia.lavocedelpaese.info\/wp-content\/uploads\/2025\/06\/Visita-Capo-di-SMA-GSA-Antonio-CONSERVA-36%C2%B0-Stormo-Caccia-23-giugno-2025-25-FILEminimizer.jpg\" class=\"attachment-full size-full\" alt=\"\"\/><\/a><br \/>\n<a href=\"https:\/\/gioia.lavocedelpaese.info\/index.php\/2025\/06\/26\/36-stormo-il-capo-di-stato-maggiore-in-visita-a-gioia-del-colle-foto\/visita-capo-di-sma-gsa-antonio-conserva-36-stormo-caccia-23-giugno-2025-26-fileminimizer\/\"><img decoding=\"async\" width=\"1000\" height=\"666\" src=\"https:\/\/gioia.lavocedelpaese.info\/wp-content\/uploads\/2025\/06\/Visita-Capo-di-SMA-GSA-Antonio-CONSERVA-36%C2%B0-Stormo-Caccia-23-giugno-2025-26-FILEminimizer.jpg\" class=\"attachment-full size-full\" alt=\"\"\/><\/a><br \/>\n<a href=\"https:\/\/gioia.lavocedelpaese.info\/index.php\/2025\/06\/26\/36-stormo-il-capo-di-stato-maggiore-in-visita-a-gioia-del-colle-foto\/visita-capo-di-sma-gsa-antonio-conserva-36-stormo-caccia-23-giugno-2025-27-fileminimizer\/\"><img decoding=\"async\" width=\"1000\" height=\"666\" src=\"https:\/\/gioia.lavocedelpaese.info\/wp-content\/uploads\/2025\/06\/Visita-Capo-di-SMA-GSA-Antonio-CONSERVA-36%C2%B0-Stormo-Caccia-23-giugno-2025-27-FILEminimizer.jpg\" class=\"attachment-full size-full\" alt=\"\"\/><\/a><br \/>\n<a href=\"https:\/\/gioia.lavocedelpaese.info\/index.php\/2025\/06\/26\/36-stormo-il-capo-di-stato-maggiore-in-visita-a-gioia-del-colle-foto\/visita-capo-di-sma-gsa-antonio-conserva-36-stormo-caccia-23-giugno-2025-28-fileminimizer\/\"><img decoding=\"async\" width=\"1000\" height=\"666\" src=\"https:\/\/gioia.lavocedelpaese.info\/wp-content\/uploads\/2025\/06\/Visita-Capo-di-SMA-GSA-Antonio-CONSERVA-36%C2%B0-Stormo-Caccia-23-giugno-2025-28-FILEminimizer.jpg\" class=\"attachment-full size-full\" alt=\"\"\/><\/a><\/p>\n<p><a class=\"a2a_button_facebook\" href=\"https:\/\/www.addtoany.com\/add_to\/facebook?linkurl=https%3A%2F%2Fgioia.lavocedelpaese.info%2Findex.php%2F2025%2F06%2F26%2F36-stormo-il-capo-di-stato-maggiore-in-visita-a-gioia-del-colle-foto%2F&amp;linkname=36%C2%B0%20Stormo%3A%20il%20Capo%20di%20Stato%20Maggiore%20in%20visita%20a%20Gioia%20del%20Colle%2Ffoto\" title=\"Facebook\" rel=\"nofollow noopener\" target=\"_blank\"><\/a><a class=\"a2a_button_twitter\" href=\"https:\/\/www.addtoany.com\/add_to\/twitter?linkurl=https%3A%2F%2Fgioia.lavocedelpaese.info%2Findex.php%2F2025%2F06%2F26%2F36-stormo-il-capo-di-stato-maggiore-in-visita-a-gioia-del-colle-foto%2F&amp;linkname=36%C2%B0%20Stormo%3A%20il%20Capo%20di%20Stato%20Maggiore%20in%20visita%20a%20Gioia%20del%20Colle%2Ffoto\" title=\"Twitter\" rel=\"nofollow noopener\" target=\"_blank\"><\/a><a class=\"a2a_button_whatsapp\" href=\"https:\/\/www.addtoany.com\/add_to\/whatsapp?linkurl=https%3A%2F%2Fgioia.lavocedelpaese.info%2Findex.php%2F2025%2F06%2F26%2F36-stormo-il-capo-di-stato-maggiore-in-visita-a-gioia-del-colle-foto%2F&amp;linkname=36%C2%B0%20Stormo%3A%20il%20Capo%20di%20Stato%20Maggiore%20in%20visita%20a%20Gioia%20del%20Colle%2Ffoto\" title=\"WhatsApp\" rel=\"nofollow noopener\" target=\"_blank\"><\/a><a class=\"a2a_button_telegram\" href=\"https:\/\/www.addtoany.com\/add_to\/telegram?linkurl=https%3A%2F%2Fgioia.lavocedelpaese.info%2Findex.php%2F2025%2F06%2F26%2F36-stormo-il-capo-di-stato-maggiore-in-visita-a-gioia-del-colle-foto%2F&amp;linkname=36%C2%B0%20Stormo%3A%20il%20Capo%20di%20Stato%20Maggiore%20in%20visita%20a%20Gioia%20del%20Colle%2Ffoto\" title=\"Telegram\" rel=\"nofollow noopener\" target=\"_blank\"><\/a><a class=\"a2a_button_email\" href=\"https:\/\/www.addtoany.com\/add_to\/email?linkurl=https%3A%2F%2Fgioia.lavocedelpaese.info%2Findex.php%2F2025%2F06%2F26%2F36-stormo-il-capo-di-stato-maggiore-in-visita-a-gioia-del-colle-foto%2F&amp;linkname=36%C2%B0%20Stormo%3A%20il%20Capo%20di%20Stato%20Maggiore%20in%20visita%20a%20Gioia%20del%20Colle%2Ffoto\" title=\"Email\" rel=\"nofollow noopener\" target=\"_blank\"><\/a><\/p>\n<p>\u00a0<\/p>\n<p>\u00a0<\/p>\n<p>\u200b\u00a0\u00a0\u00a0<\/p>","protected":false},"excerpt":{"rendered":"<p>\u00a0 \u200b\u00a0 \u200b\u00a0 Nell\u2019occasione, una cerimonia solenne e un omaggio alla memoria degli aviatori del passato \u201cIl 23 giugno 2025,<\/p>\n","protected":false},"author":6,"featured_media":9556,"comment_status":"open","ping_status":"closed","sticky":false,"template":"","format":"standard","meta":{"colormag_page_container_layout":"default_layout","colormag_page_sidebar_layout":"default_layout","footnotes":""},"categories":[33],"tags":[],"class_list":["post-9555","post","type-post","status-publish","format-standard","has-post-thumbnail","hentry","category-network"],"yoast_head":"<!-- This site is optimized with the Yoast SEO plugin v27.5 - https:\/\/yoast.com\/product\/yoast-seo-wordpress\/ -->\n<title>36\u00b0 Stormo: il Capo di Stato Maggiore in visita a Gioia del Colle\/foto\u00a0\u200b - La Voce del Paese<\/title>\n<meta name=\"robots\" content=\"index, follow, max-snippet:-1, max-image-preview:large, max-video-preview:-1\" \/>\n<link rel=\"canonical\" href=\"https:\/\/lavocedelpaese.info\/index.php\/2025\/06\/26\/36-stormo-il-capo-di-stato-maggiore-in-visita-a-gioia-del-colle-foto\/\" \/>\n<meta property=\"og:locale\" content=\"it_IT\" \/>\n<meta property=\"og:type\" content=\"article\" \/>\n<meta property=\"og:title\" content=\"36\u00b0 Stormo: il Capo di Stato Maggiore in visita a Gioia del Colle\/foto\u00a0\u200b - La Voce del Paese\" \/>\n<meta property=\"og:description\" content=\"\u00a0 \u200b\u00a0 \u200b\u00a0 Nell\u2019occasione, una cerimonia solenne e un omaggio alla memoria degli aviatori del passato \u201cIl 23 giugno 2025,\" \/>\n<meta property=\"og:url\" content=\"https:\/\/lavocedelpaese.info\/index.php\/2025\/06\/26\/36-stormo-il-capo-di-stato-maggiore-in-visita-a-gioia-del-colle-foto\/\" \/>\n<meta property=\"og:site_name\" content=\"La Voce del Paese\" \/>\n<meta property=\"article:publisher\" content=\"https:\/\/www.facebook.com\/lavocedelpaese.info\" \/>\n<meta property=\"article:published_time\" content=\"2025-06-26T12:13:44+00:00\" \/>\n<meta name=\"author\" content=\"admin\" \/>\n<meta name=\"twitter:card\" content=\"summary_large_image\" \/>\n<meta name=\"twitter:label1\" content=\"Scritto da\" \/>\n\t<meta name=\"twitter:data1\" content=\"admin\" \/>\n\t<meta name=\"twitter:label2\" content=\"Tempo di lettura stimato\" \/>\n\t<meta name=\"twitter:data2\" content=\"3 minuti\" \/>\n<script type=\"application\/ld+json\" class=\"yoast-schema-graph\">{\"@context\":\"https:\\\/\\\/schema.org\",\"@graph\":[{\"@type\":\"Article\",\"@id\":\"https:\\\/\\\/lavocedelpaese.info\\\/index.php\\\/2025\\\/06\\\/26\\\/36-stormo-il-capo-di-stato-maggiore-in-visita-a-gioia-del-colle-foto\\\/#article\",\"isPartOf\":{\"@id\":\"https:\\\/\\\/lavocedelpaese.info\\\/index.php\\\/2025\\\/06\\\/26\\\/36-stormo-il-capo-di-stato-maggiore-in-visita-a-gioia-del-colle-foto\\\/\"},\"author\":{\"name\":\"admin\",\"@id\":\"https:\\\/\\\/lavocedelpaese.info\\\/#\\\/schema\\\/person\\\/ec151d321306bd7591f7a061abf72d88\"},\"headline\":\"36\u00b0 Stormo: il Capo di Stato Maggiore in visita a Gioia del Colle\\\/foto\u00a0\u200b\",\"datePublished\":\"2025-06-26T12:13:44+00:00\",\"mainEntityOfPage\":{\"@id\":\"https:\\\/\\\/lavocedelpaese.info\\\/index.php\\\/2025\\\/06\\\/26\\\/36-stormo-il-capo-di-stato-maggiore-in-visita-a-gioia-del-colle-foto\\\/\"},\"wordCount\":675,\"commentCount\":0,\"publisher\":{\"@id\":\"https:\\\/\\\/lavocedelpaese.info\\\/#organization\"},\"image\":{\"@id\":\"https:\\\/\\\/lavocedelpaese.info\\\/index.php\\\/2025\\\/06\\\/26\\\/36-stormo-il-capo-di-stato-maggiore-in-visita-a-gioia-del-colle-foto\\\/#primaryimage\"},\"thumbnailUrl\":\"https:\\\/\\\/lavocedelpaese.info\\\/wp-content\\\/uploads\\\/2025\\\/06\\\/2-qKn9ze.jpg\",\"articleSection\":[\"network\"],\"inLanguage\":\"it-IT\",\"potentialAction\":[{\"@type\":\"CommentAction\",\"name\":\"Comment\",\"target\":[\"https:\\\/\\\/lavocedelpaese.info\\\/index.php\\\/2025\\\/06\\\/26\\\/36-stormo-il-capo-di-stato-maggiore-in-visita-a-gioia-del-colle-foto\\\/#respond\"]}]},{\"@type\":\"WebPage\",\"@id\":\"https:\\\/\\\/lavocedelpaese.info\\\/index.php\\\/2025\\\/06\\\/26\\\/36-stormo-il-capo-di-stato-maggiore-in-visita-a-gioia-del-colle-foto\\\/\",\"url\":\"https:\\\/\\\/lavocedelpaese.info\\\/index.php\\\/2025\\\/06\\\/26\\\/36-stormo-il-capo-di-stato-maggiore-in-visita-a-gioia-del-colle-foto\\\/\",\"name\":\"36\u00b0 Stormo: il Capo di Stato Maggiore in visita a Gioia del Colle\\\/foto\u00a0\u200b - La Voce del Paese\",\"isPartOf\":{\"@id\":\"https:\\\/\\\/lavocedelpaese.info\\\/#website\"},\"primaryImageOfPage\":{\"@id\":\"https:\\\/\\\/lavocedelpaese.info\\\/index.php\\\/2025\\\/06\\\/26\\\/36-stormo-il-capo-di-stato-maggiore-in-visita-a-gioia-del-colle-foto\\\/#primaryimage\"},\"image\":{\"@id\":\"https:\\\/\\\/lavocedelpaese.info\\\/index.php\\\/2025\\\/06\\\/26\\\/36-stormo-il-capo-di-stato-maggiore-in-visita-a-gioia-del-colle-foto\\\/#primaryimage\"},\"thumbnailUrl\":\"https:\\\/\\\/lavocedelpaese.info\\\/wp-content\\\/uploads\\\/2025\\\/06\\\/2-qKn9ze.jpg\",\"datePublished\":\"2025-06-26T12:13:44+00:00\",\"breadcrumb\":{\"@id\":\"https:\\\/\\\/lavocedelpaese.info\\\/index.php\\\/2025\\\/06\\\/26\\\/36-stormo-il-capo-di-stato-maggiore-in-visita-a-gioia-del-colle-foto\\\/#breadcrumb\"},\"inLanguage\":\"it-IT\",\"potentialAction\":[{\"@type\":\"ReadAction\",\"target\":[\"https:\\\/\\\/lavocedelpaese.info\\\/index.php\\\/2025\\\/06\\\/26\\\/36-stormo-il-capo-di-stato-maggiore-in-visita-a-gioia-del-colle-foto\\\/\"]}]},{\"@type\":\"ImageObject\",\"inLanguage\":\"it-IT\",\"@id\":\"https:\\\/\\\/lavocedelpaese.info\\\/index.php\\\/2025\\\/06\\\/26\\\/36-stormo-il-capo-di-stato-maggiore-in-visita-a-gioia-del-colle-foto\\\/#primaryimage\",\"url\":\"https:\\\/\\\/lavocedelpaese.info\\\/wp-content\\\/uploads\\\/2025\\\/06\\\/2-qKn9ze.jpg\",\"contentUrl\":\"https:\\\/\\\/lavocedelpaese.info\\\/wp-content\\\/uploads\\\/2025\\\/06\\\/2-qKn9ze.jpg\",\"width\":1000,\"height\":666},{\"@type\":\"BreadcrumbList\",\"@id\":\"https:\\\/\\\/lavocedelpaese.info\\\/index.php\\\/2025\\\/06\\\/26\\\/36-stormo-il-capo-di-stato-maggiore-in-visita-a-gioia-del-colle-foto\\\/#breadcrumb\",\"itemListElement\":[{\"@type\":\"ListItem\",\"position\":1,\"name\":\"Home\",\"item\":\"https:\\\/\\\/lavocedelpaese.info\\\/\"},{\"@type\":\"ListItem\",\"position\":2,\"name\":\"36\u00b0 Stormo: il Capo di Stato Maggiore in visita a Gioia del Colle\\\/foto\u00a0\u200b\"}]},{\"@type\":\"WebSite\",\"@id\":\"https:\\\/\\\/lavocedelpaese.info\\\/#website\",\"url\":\"https:\\\/\\\/lavocedelpaese.info\\\/\",\"name\":\"La Voce del Paese\",\"description\":\"Un network di idee\",\"publisher\":{\"@id\":\"https:\\\/\\\/lavocedelpaese.info\\\/#organization\"},\"potentialAction\":[{\"@type\":\"SearchAction\",\"target\":{\"@type\":\"EntryPoint\",\"urlTemplate\":\"https:\\\/\\\/lavocedelpaese.info\\\/?s={search_term_string}\"},\"query-input\":{\"@type\":\"PropertyValueSpecification\",\"valueRequired\":true,\"valueName\":\"search_term_string\"}}],\"inLanguage\":\"it-IT\"},{\"@type\":\"Organization\",\"@id\":\"https:\\\/\\\/lavocedelpaese.info\\\/#organization\",\"name\":\"La Voce del Paese\",\"url\":\"https:\\\/\\\/lavocedelpaese.info\\\/\",\"logo\":{\"@type\":\"ImageObject\",\"inLanguage\":\"it-IT\",\"@id\":\"https:\\\/\\\/lavocedelpaese.info\\\/#\\\/schema\\\/logo\\\/image\\\/\",\"url\":\"https:\\\/\\\/lavocedelpaese.info\\\/wp-content\\\/uploads\\\/2023\\\/01\\\/cropped-logo-150-127.png\",\"contentUrl\":\"https:\\\/\\\/lavocedelpaese.info\\\/wp-content\\\/uploads\\\/2023\\\/01\\\/cropped-logo-150-127.png\",\"width\":137,\"height\":119,\"caption\":\"La Voce del Paese\"},\"image\":{\"@id\":\"https:\\\/\\\/lavocedelpaese.info\\\/#\\\/schema\\\/logo\\\/image\\\/\"},\"sameAs\":[\"https:\\\/\\\/www.facebook.com\\\/lavocedelpaese.info\"]},{\"@type\":\"Person\",\"@id\":\"https:\\\/\\\/lavocedelpaese.info\\\/#\\\/schema\\\/person\\\/ec151d321306bd7591f7a061abf72d88\",\"name\":\"admin\",\"image\":{\"@type\":\"ImageObject\",\"inLanguage\":\"it-IT\",\"@id\":\"https:\\\/\\\/secure.gravatar.com\\\/avatar\\\/af8f2caf0663124588de48a9380e07cbc95a74ef15b8062d0d39106c32fe3023?s=96&d=mm&r=g\",\"url\":\"https:\\\/\\\/secure.gravatar.com\\\/avatar\\\/af8f2caf0663124588de48a9380e07cbc95a74ef15b8062d0d39106c32fe3023?s=96&d=mm&r=g\",\"contentUrl\":\"https:\\\/\\\/secure.gravatar.com\\\/avatar\\\/af8f2caf0663124588de48a9380e07cbc95a74ef15b8062d0d39106c32fe3023?s=96&d=mm&r=g\",\"caption\":\"admin\"},\"sameAs\":[\"https:\\\/\\\/lavocedelpaese.info\"],\"url\":\"https:\\\/\\\/lavocedelpaese.info\\\/index.php\\\/author\\\/admin\\\/\"}]}<\/script>\n<!-- \/ Yoast SEO plugin. -->","yoast_head_json":{"title":"36\u00b0 Stormo: il Capo di Stato Maggiore in visita a Gioia del Colle\/foto\u00a0\u200b - La Voce del Paese","robots":{"index":"index","follow":"follow","max-snippet":"max-snippet:-1","max-image-preview":"max-image-preview:large","max-video-preview":"max-video-preview:-1"},"canonical":"https:\/\/lavocedelpaese.info\/index.php\/2025\/06\/26\/36-stormo-il-capo-di-stato-maggiore-in-visita-a-gioia-del-colle-foto\/","og_locale":"it_IT","og_type":"article","og_title":"36\u00b0 Stormo: il Capo di Stato Maggiore in visita a Gioia del Colle\/foto\u00a0\u200b - La Voce del Paese","og_description":"\u00a0 \u200b\u00a0 \u200b\u00a0 Nell\u2019occasione, una cerimonia solenne e un omaggio alla memoria degli aviatori del passato \u201cIl 23 giugno 2025,","og_url":"https:\/\/lavocedelpaese.info\/index.php\/2025\/06\/26\/36-stormo-il-capo-di-stato-maggiore-in-visita-a-gioia-del-colle-foto\/","og_site_name":"La Voce del Paese","article_publisher":"https:\/\/www.facebook.com\/lavocedelpaese.info","article_published_time":"2025-06-26T12:13:44+00:00","author":"admin","twitter_card":"summary_large_image","twitter_misc":{"Scritto da":"admin","Tempo di lettura stimato":"3 minuti"},"schema":{"@context":"https:\/\/schema.org","@graph":[{"@type":"Article","@id":"https:\/\/lavocedelpaese.info\/index.php\/2025\/06\/26\/36-stormo-il-capo-di-stato-maggiore-in-visita-a-gioia-del-colle-foto\/#article","isPartOf":{"@id":"https:\/\/lavocedelpaese.info\/index.php\/2025\/06\/26\/36-stormo-il-capo-di-stato-maggiore-in-visita-a-gioia-del-colle-foto\/"},"author":{"name":"admin","@id":"https:\/\/lavocedelpaese.info\/#\/schema\/person\/ec151d321306bd7591f7a061abf72d88"},"headline":"36\u00b0 Stormo: il Capo di Stato Maggiore in visita a Gioia del Colle\/foto\u00a0\u200b","datePublished":"2025-06-26T12:13:44+00:00","mainEntityOfPage":{"@id":"https:\/\/lavocedelpaese.info\/index.php\/2025\/06\/26\/36-stormo-il-capo-di-stato-maggiore-in-visita-a-gioia-del-colle-foto\/"},"wordCount":675,"commentCount":0,"publisher":{"@id":"https:\/\/lavocedelpaese.info\/#organization"},"image":{"@id":"https:\/\/lavocedelpaese.info\/index.php\/2025\/06\/26\/36-stormo-il-capo-di-stato-maggiore-in-visita-a-gioia-del-colle-foto\/#primaryimage"},"thumbnailUrl":"https:\/\/lavocedelpaese.info\/wp-content\/uploads\/2025\/06\/2-qKn9ze.jpg","articleSection":["network"],"inLanguage":"it-IT","potentialAction":[{"@type":"CommentAction","name":"Comment","target":["https:\/\/lavocedelpaese.info\/index.php\/2025\/06\/26\/36-stormo-il-capo-di-stato-maggiore-in-visita-a-gioia-del-colle-foto\/#respond"]}]},{"@type":"WebPage","@id":"https:\/\/lavocedelpaese.info\/index.php\/2025\/06\/26\/36-stormo-il-capo-di-stato-maggiore-in-visita-a-gioia-del-colle-foto\/","url":"https:\/\/lavocedelpaese.info\/index.php\/2025\/06\/26\/36-stormo-il-capo-di-stato-maggiore-in-visita-a-gioia-del-colle-foto\/","name":"36\u00b0 Stormo: il Capo di Stato Maggiore in visita a Gioia del Colle\/foto\u00a0\u200b - La Voce del Paese","isPartOf":{"@id":"https:\/\/lavocedelpaese.info\/#website"},"primaryImageOfPage":{"@id":"https:\/\/lavocedelpaese.info\/index.php\/2025\/06\/26\/36-stormo-il-capo-di-stato-maggiore-in-visita-a-gioia-del-colle-foto\/#primaryimage"},"image":{"@id":"https:\/\/lavocedelpaese.info\/index.php\/2025\/06\/26\/36-stormo-il-capo-di-stato-maggiore-in-visita-a-gioia-del-colle-foto\/#primaryimage"},"thumbnailUrl":"https:\/\/lavocedelpaese.info\/wp-content\/uploads\/2025\/06\/2-qKn9ze.jpg","datePublished":"2025-06-26T12:13:44+00:00","breadcrumb":{"@id":"https:\/\/lavocedelpaese.info\/index.php\/2025\/06\/26\/36-stormo-il-capo-di-stato-maggiore-in-visita-a-gioia-del-colle-foto\/#breadcrumb"},"inLanguage":"it-IT","potentialAction":[{"@type":"ReadAction","target":["https:\/\/lavocedelpaese.info\/index.php\/2025\/06\/26\/36-stormo-il-capo-di-stato-maggiore-in-visita-a-gioia-del-colle-foto\/"]}]},{"@type":"ImageObject","inLanguage":"it-IT","@id":"https:\/\/lavocedelpaese.info\/index.php\/2025\/06\/26\/36-stormo-il-capo-di-stato-maggiore-in-visita-a-gioia-del-colle-foto\/#primaryimage","url":"https:\/\/lavocedelpaese.info\/wp-content\/uploads\/2025\/06\/2-qKn9ze.jpg","contentUrl":"https:\/\/lavocedelpaese.info\/wp-content\/uploads\/2025\/06\/2-qKn9ze.jpg","width":1000,"height":666},{"@type":"BreadcrumbList","@id":"https:\/\/lavocedelpaese.info\/index.php\/2025\/06\/26\/36-stormo-il-capo-di-stato-maggiore-in-visita-a-gioia-del-colle-foto\/#breadcrumb","itemListElement":[{"@type":"ListItem","position":1,"name":"Home","item":"https:\/\/lavocedelpaese.info\/"},{"@type":"ListItem","position":2,"name":"36\u00b0 Stormo: il Capo di Stato Maggiore in visita a Gioia del Colle\/foto\u00a0\u200b"}]},{"@type":"WebSite","@id":"https:\/\/lavocedelpaese.info\/#website","url":"https:\/\/lavocedelpaese.info\/","name":"La Voce del Paese","description":"Un network di idee","publisher":{"@id":"https:\/\/lavocedelpaese.info\/#organization"},"potentialAction":[{"@type":"SearchAction","target":{"@type":"EntryPoint","urlTemplate":"https:\/\/lavocedelpaese.info\/?s={search_term_string}"},"query-input":{"@type":"PropertyValueSpecification","valueRequired":true,"valueName":"search_term_string"}}],"inLanguage":"it-IT"},{"@type":"Organization","@id":"https:\/\/lavocedelpaese.info\/#organization","name":"La Voce del Paese","url":"https:\/\/lavocedelpaese.info\/","logo":{"@type":"ImageObject","inLanguage":"it-IT","@id":"https:\/\/lavocedelpaese.info\/#\/schema\/logo\/image\/","url":"https:\/\/lavocedelpaese.info\/wp-content\/uploads\/2023\/01\/cropped-logo-150-127.png","contentUrl":"https:\/\/lavocedelpaese.info\/wp-content\/uploads\/2023\/01\/cropped-logo-150-127.png","width":137,"height":119,"caption":"La Voce del Paese"},"image":{"@id":"https:\/\/lavocedelpaese.info\/#\/schema\/logo\/image\/"},"sameAs":["https:\/\/www.facebook.com\/lavocedelpaese.info"]},{"@type":"Person","@id":"https:\/\/lavocedelpaese.info\/#\/schema\/person\/ec151d321306bd7591f7a061abf72d88","name":"admin","image":{"@type":"ImageObject","inLanguage":"it-IT","@id":"https:\/\/secure.gravatar.com\/avatar\/af8f2caf0663124588de48a9380e07cbc95a74ef15b8062d0d39106c32fe3023?s=96&d=mm&r=g","url":"https:\/\/secure.gravatar.com\/avatar\/af8f2caf0663124588de48a9380e07cbc95a74ef15b8062d0d39106c32fe3023?s=96&d=mm&r=g","contentUrl":"https:\/\/secure.gravatar.com\/avatar\/af8f2caf0663124588de48a9380e07cbc95a74ef15b8062d0d39106c32fe3023?s=96&d=mm&r=g","caption":"admin"},"sameAs":["https:\/\/lavocedelpaese.info"],"url":"https:\/\/lavocedelpaese.info\/index.php\/author\/admin\/"}]}},"_links":{"self":[{"href":"https:\/\/lavocedelpaese.info\/index.php\/wp-json\/wp\/v2\/posts\/9555","targetHints":{"allow":["GET"]}}],"collection":[{"href":"https:\/\/lavocedelpaese.info\/index.php\/wp-json\/wp\/v2\/posts"}],"about":[{"href":"https:\/\/lavocedelpaese.info\/index.php\/wp-json\/wp\/v2\/types\/post"}],"author":[{"embeddable":true,"href":"https:\/\/lavocedelpaese.info\/index.php\/wp-json\/wp\/v2\/users\/6"}],"replies":[{"embeddable":true,"href":"https:\/\/lavocedelpaese.info\/index.php\/wp-json\/wp\/v2\/comments?post=9555"}],"version-history":[{"count":0,"href":"https:\/\/lavocedelpaese.info\/index.php\/wp-json\/wp\/v2\/posts\/9555\/revisions"}],"wp:featuredmedia":[{"embeddable":true,"href":"https:\/\/lavocedelpaese.info\/index.php\/wp-json\/wp\/v2\/media\/9556"}],"wp:attachment":[{"href":"https:\/\/lavocedelpaese.info\/index.php\/wp-json\/wp\/v2\/media?parent=9555"}],"wp:term":[{"taxonomy":"category","embeddable":true,"href":"https:\/\/lavocedelpaese.info\/index.php\/wp-json\/wp\/v2\/categories?post=9555"},{"taxonomy":"post_tag","embeddable":true,"href":"https:\/\/lavocedelpaese.info\/index.php\/wp-json\/wp\/v2\/tags?post=9555"}],"curies":[{"name":"wp","href":"https:\/\/api.w.org\/{rel}","templated":true}]}}