{"id":9547,"date":"2025-06-24T16:13:40","date_gmt":"2025-06-24T16:13:40","guid":{"rendered":"https:\/\/lavocedelpaese.info\/index.php\/2025\/06\/24\/nasce-anche-ad-acquaviva-delle-fonti-il-circolo-di-nazione-futura\/"},"modified":"2025-06-24T16:13:40","modified_gmt":"2025-06-24T16:13:40","slug":"nasce-anche-ad-acquaviva-delle-fonti-il-circolo-di-nazione-futura","status":"publish","type":"post","link":"https:\/\/lavocedelpaese.info\/index.php\/2025\/06\/24\/nasce-anche-ad-acquaviva-delle-fonti-il-circolo-di-nazione-futura\/","title":{"rendered":"Nasce anche ad Acquaviva delle Fonti il circolo di Nazione Futura\u00a0\u200b"},"content":{"rendered":"<p>\u00a0<\/p>\n<p>\u200b\u00a0<\/p>\n<p>\u200b\u00a0<\/p>\n<p>Il primo think tank culturale dei conservatori italiani<\/p>\n<p>L\u2019associazione\u00a0Nazione Futura\u00a0apre un circolo anche a Acquaviva delle Fonti. Nata a Roma nella primavera del 2017 e diffusasi in tutta Italia grazie all\u2019impegno del presidente nazionale,\u00a0l\u2019editore\u00a0ed intellettuale, dott. Francesco Giubilei, Nazione Futura \u00e8 un\u00a0think tank culturale\u00a0dei conservatori italiani\u00a0che si propone l\u2019obiettivo di favorire l\u2019approfondimento culturale e politico, il pubblico confronto e l\u2019aggregazione di varie anime della societ\u00e0 civile.<\/p>\n<p>Il coordinatore regionale di Nazione Futura \u00e8 l\u2019avv. Ciro Miale, il quale esprime la propria soddisfazione:<em>\u00a0\u201c<\/em><em>mi preme sottolineare \u00a0la crescita dell\u2019associazione in regione, gi\u00e0 radicata in molte citt\u00e0 pugliesi, a conferma del valore che ha acquisito Nazione Futura in questi anni e<\/em>\u00a0dell\u2019ottimo lavoro che stiamo portando avanti come associazione culturale.\u00a0<em>A Pasquale Leontino vanno i migliori auguri di buon lavoro, per tutte le attivit\u00e0 che si andranno a definire e realizzare nella citt\u00e0 di Acquaviva delle Fonti\u201d.<\/em><\/p>\n<p>ll neo coordinatore di Nazione Futura ad Acquaviva delle Fonti,\u00a0<em>Pasquale Leontino, dichiara:<\/em>\u00a0\u00a0\u201cin questo momento cruciale, sento forte la responsabilit\u00e0 di mettermi al servizio del Paese, con passione e determinazione. Il mio impegno sar\u00e0 dedicato a costruire ponti tra le persone, a risvegliare la voglia di partecipare e a ritrovare insieme il senso profondo di essere cittadini consapevoli e protagonisti del cambiamento. Vogliamo colmare la distanza tra la societ\u00e0 e le istituzioni, riportare la politica vicino alla vita reale, con un\u2019amministrazione trasparente, onesta ed efficiente, capace di ascoltare le esigenze di tutti. La cultura sar\u00e0 al centro del nostro progetto: una cultura viva, che non solo custodisce le nostre radici, ma ci spinge a crescere e a innovare. Una cultura dei valori, dei diritti e dei doveri, perch\u00e9 la vera libert\u00e0 nasce solo dal senso di responsabilit\u00e0 verso gli altri. In questo viaggio voglio che nessuno resti indietro. \u00c8 il momento di unire le forze, di guardare avanti con coraggio e speranza, per costruire insieme un futuro migliore per le nostre famiglie e le prossime generazioni. Con questo spirito mi metto al lavoro, pronto a collaborare con tutti coloro che hanno a cuore il bene del territorio. Costruiamo insieme il domani che vogliamo, passo dopo passo. Desidero ringraziare di cuore Francesco Giubilei e Ciro Miale per la fiducia e l\u2019opportunit\u00e0 che mi hanno concesso nominandomi responsabile di Nazione Futura per Acquaviva delle Fonti, ed\u00a0 accolgo questo incarico con profondo senso di gratitudine e con la consapevolezza della responsabilit\u00e0 che esso comporta\u201d.<\/p>\n<p>Conclude il coordinatore di Nazione Futura per la provincia di Bari,\u00a0rag. Onofrio Laera:\u00a0<em>\u201c<\/em>sono molto entusiasta della costituzione del circolo ad Acquaviva delle Fonti, e formulo i migliori auguri all\u2019amico Pasquale Leontino, nominato neo coordinatore. Sono sicuro che sapr\u00e0 far bene per il suo territorio, cos\u00ec come ha sempre fatto nel suo lavoro e nella vita, sempre a disposizione della sua comunit\u00e0 e delle fasce pi\u00f9 deboli della societ\u00e0<em>\u201d.<\/em><\/p>\n<p>Per aderire a Nazione Futura ed avere maggiori informazioni \u00e8 possibile scrivere a:\u00a0<a href=\"mailto:info@nazionefutura.it\" target=\"_blank\" rel=\"noreferrer noopener\">info@nazionefutura.it<\/a>\u00a0o visitare il sito\u00a0<a href=\"https:\/\/www.viveremartinafranca.it\/2024\/10\/09\/nasce-anche-a-martina-franca-il-circolo-di-nazione-futura\/356915\/www.nazionefutura.it\" target=\"_blank\" rel=\"noreferrer noopener\">www.nazionefutura.it<\/a><\/p>\n<figure class=\"wp-block-image size-full\"><img decoding=\"async\" width=\"225\" height=\"225\" src=\"https:\/\/acquaviva.lavocedelpaese.info\/wp-content\/uploads\/2025\/06\/logo-Nazione-Futura-1.png\" alt=\"\" class=\"wp-image-5535\"\/><\/figure>\n<p><a class=\"a2a_button_facebook\" href=\"https:\/\/www.addtoany.com\/add_to\/facebook?linkurl=https%3A%2F%2Facquaviva.lavocedelpaese.info%2Findex.php%2F2025%2F06%2F24%2Fnasce-anche-ad-acquaviva-delle-fonti-il-circolo-di-nazione-futura%2F&amp;linkname=Nasce%20anche%20ad%20Acquaviva%20delle%20Fonti%20il%20circolo%20di%20Nazione%20Futura\" title=\"Facebook\" rel=\"nofollow noopener\" target=\"_blank\"><\/a><a class=\"a2a_button_twitter\" href=\"https:\/\/www.addtoany.com\/add_to\/twitter?linkurl=https%3A%2F%2Facquaviva.lavocedelpaese.info%2Findex.php%2F2025%2F06%2F24%2Fnasce-anche-ad-acquaviva-delle-fonti-il-circolo-di-nazione-futura%2F&amp;linkname=Nasce%20anche%20ad%20Acquaviva%20delle%20Fonti%20il%20circolo%20di%20Nazione%20Futura\" title=\"Twitter\" rel=\"nofollow noopener\" target=\"_blank\"><\/a><a class=\"a2a_button_whatsapp\" href=\"https:\/\/www.addtoany.com\/add_to\/whatsapp?linkurl=https%3A%2F%2Facquaviva.lavocedelpaese.info%2Findex.php%2F2025%2F06%2F24%2Fnasce-anche-ad-acquaviva-delle-fonti-il-circolo-di-nazione-futura%2F&amp;linkname=Nasce%20anche%20ad%20Acquaviva%20delle%20Fonti%20il%20circolo%20di%20Nazione%20Futura\" title=\"WhatsApp\" rel=\"nofollow noopener\" target=\"_blank\"><\/a><a class=\"a2a_button_telegram\" href=\"https:\/\/www.addtoany.com\/add_to\/telegram?linkurl=https%3A%2F%2Facquaviva.lavocedelpaese.info%2Findex.php%2F2025%2F06%2F24%2Fnasce-anche-ad-acquaviva-delle-fonti-il-circolo-di-nazione-futura%2F&amp;linkname=Nasce%20anche%20ad%20Acquaviva%20delle%20Fonti%20il%20circolo%20di%20Nazione%20Futura\" title=\"Telegram\" rel=\"nofollow noopener\" target=\"_blank\"><\/a><a class=\"a2a_button_email\" href=\"https:\/\/www.addtoany.com\/add_to\/email?linkurl=https%3A%2F%2Facquaviva.lavocedelpaese.info%2Findex.php%2F2025%2F06%2F24%2Fnasce-anche-ad-acquaviva-delle-fonti-il-circolo-di-nazione-futura%2F&amp;linkname=Nasce%20anche%20ad%20Acquaviva%20delle%20Fonti%20il%20circolo%20di%20Nazione%20Futura\" title=\"Email\" rel=\"nofollow noopener\" target=\"_blank\"><\/a><\/p>\n<p>\u00a0<\/p>\n<p>\u00a0<\/p>\n<p>\u200b\u00a0\u00a0\u00a0<\/p>","protected":false},"excerpt":{"rendered":"<p>\u00a0 \u200b\u00a0 \u200b\u00a0 Il primo think tank culturale dei conservatori italiani L\u2019associazione\u00a0Nazione Futura\u00a0apre un circolo anche a Acquaviva delle Fonti.<\/p>\n","protected":false},"author":6,"featured_media":9548,"comment_status":"open","ping_status":"closed","sticky":false,"template":"","format":"standard","meta":{"colormag_page_container_layout":"default_layout","colormag_page_sidebar_layout":"default_layout","footnotes":""},"categories":[33],"tags":[],"class_list":["post-9547","post","type-post","status-publish","format-standard","has-post-thumbnail","hentry","category-network"],"yoast_head":"<!-- This site is optimized with the Yoast SEO plugin v27.5 - https:\/\/yoast.com\/product\/yoast-seo-wordpress\/ -->\n<title>Nasce anche ad Acquaviva delle Fonti il circolo di Nazione Futura\u00a0\u200b - La Voce del Paese<\/title>\n<meta name=\"robots\" content=\"index, follow, max-snippet:-1, max-image-preview:large, max-video-preview:-1\" \/>\n<link rel=\"canonical\" href=\"https:\/\/lavocedelpaese.info\/index.php\/2025\/06\/24\/nasce-anche-ad-acquaviva-delle-fonti-il-circolo-di-nazione-futura\/\" \/>\n<meta property=\"og:locale\" content=\"it_IT\" \/>\n<meta property=\"og:type\" content=\"article\" \/>\n<meta property=\"og:title\" content=\"Nasce anche ad Acquaviva delle Fonti il circolo di Nazione Futura\u00a0\u200b - La Voce del Paese\" \/>\n<meta property=\"og:description\" content=\"\u00a0 \u200b\u00a0 \u200b\u00a0 Il primo think tank culturale dei conservatori italiani L\u2019associazione\u00a0Nazione Futura\u00a0apre un circolo anche a Acquaviva delle Fonti.\" \/>\n<meta property=\"og:url\" content=\"https:\/\/lavocedelpaese.info\/index.php\/2025\/06\/24\/nasce-anche-ad-acquaviva-delle-fonti-il-circolo-di-nazione-futura\/\" \/>\n<meta property=\"og:site_name\" content=\"La Voce del Paese\" \/>\n<meta property=\"article:publisher\" content=\"https:\/\/www.facebook.com\/lavocedelpaese.info\" \/>\n<meta property=\"article:published_time\" content=\"2025-06-24T16:13:40+00:00\" \/>\n<meta name=\"author\" content=\"admin\" \/>\n<meta name=\"twitter:card\" content=\"summary_large_image\" \/>\n<meta name=\"twitter:label1\" content=\"Scritto da\" \/>\n\t<meta name=\"twitter:data1\" content=\"admin\" \/>\n\t<meta name=\"twitter:label2\" content=\"Tempo di lettura stimato\" \/>\n\t<meta name=\"twitter:data2\" content=\"3 minuti\" \/>\n<script type=\"application\/ld+json\" class=\"yoast-schema-graph\">{\"@context\":\"https:\\\/\\\/schema.org\",\"@graph\":[{\"@type\":\"Article\",\"@id\":\"https:\\\/\\\/lavocedelpaese.info\\\/index.php\\\/2025\\\/06\\\/24\\\/nasce-anche-ad-acquaviva-delle-fonti-il-circolo-di-nazione-futura\\\/#article\",\"isPartOf\":{\"@id\":\"https:\\\/\\\/lavocedelpaese.info\\\/index.php\\\/2025\\\/06\\\/24\\\/nasce-anche-ad-acquaviva-delle-fonti-il-circolo-di-nazione-futura\\\/\"},\"author\":{\"name\":\"admin\",\"@id\":\"https:\\\/\\\/lavocedelpaese.info\\\/#\\\/schema\\\/person\\\/ec151d321306bd7591f7a061abf72d88\"},\"headline\":\"Nasce anche ad Acquaviva delle Fonti il circolo di Nazione Futura\u00a0\u200b\",\"datePublished\":\"2025-06-24T16:13:40+00:00\",\"mainEntityOfPage\":{\"@id\":\"https:\\\/\\\/lavocedelpaese.info\\\/index.php\\\/2025\\\/06\\\/24\\\/nasce-anche-ad-acquaviva-delle-fonti-il-circolo-di-nazione-futura\\\/\"},\"wordCount\":515,\"commentCount\":0,\"publisher\":{\"@id\":\"https:\\\/\\\/lavocedelpaese.info\\\/#organization\"},\"image\":{\"@id\":\"https:\\\/\\\/lavocedelpaese.info\\\/index.php\\\/2025\\\/06\\\/24\\\/nasce-anche-ad-acquaviva-delle-fonti-il-circolo-di-nazione-futura\\\/#primaryimage\"},\"thumbnailUrl\":\"https:\\\/\\\/lavocedelpaese.info\\\/wp-content\\\/uploads\\\/2025\\\/06\\\/logo-Nazione-Futura-1-Nnd9Cu.png\",\"articleSection\":[\"network\"],\"inLanguage\":\"it-IT\",\"potentialAction\":[{\"@type\":\"CommentAction\",\"name\":\"Comment\",\"target\":[\"https:\\\/\\\/lavocedelpaese.info\\\/index.php\\\/2025\\\/06\\\/24\\\/nasce-anche-ad-acquaviva-delle-fonti-il-circolo-di-nazione-futura\\\/#respond\"]}]},{\"@type\":\"WebPage\",\"@id\":\"https:\\\/\\\/lavocedelpaese.info\\\/index.php\\\/2025\\\/06\\\/24\\\/nasce-anche-ad-acquaviva-delle-fonti-il-circolo-di-nazione-futura\\\/\",\"url\":\"https:\\\/\\\/lavocedelpaese.info\\\/index.php\\\/2025\\\/06\\\/24\\\/nasce-anche-ad-acquaviva-delle-fonti-il-circolo-di-nazione-futura\\\/\",\"name\":\"Nasce anche ad Acquaviva delle Fonti il circolo di Nazione Futura\u00a0\u200b - La Voce del Paese\",\"isPartOf\":{\"@id\":\"https:\\\/\\\/lavocedelpaese.info\\\/#website\"},\"primaryImageOfPage\":{\"@id\":\"https:\\\/\\\/lavocedelpaese.info\\\/index.php\\\/2025\\\/06\\\/24\\\/nasce-anche-ad-acquaviva-delle-fonti-il-circolo-di-nazione-futura\\\/#primaryimage\"},\"image\":{\"@id\":\"https:\\\/\\\/lavocedelpaese.info\\\/index.php\\\/2025\\\/06\\\/24\\\/nasce-anche-ad-acquaviva-delle-fonti-il-circolo-di-nazione-futura\\\/#primaryimage\"},\"thumbnailUrl\":\"https:\\\/\\\/lavocedelpaese.info\\\/wp-content\\\/uploads\\\/2025\\\/06\\\/logo-Nazione-Futura-1-Nnd9Cu.png\",\"datePublished\":\"2025-06-24T16:13:40+00:00\",\"breadcrumb\":{\"@id\":\"https:\\\/\\\/lavocedelpaese.info\\\/index.php\\\/2025\\\/06\\\/24\\\/nasce-anche-ad-acquaviva-delle-fonti-il-circolo-di-nazione-futura\\\/#breadcrumb\"},\"inLanguage\":\"it-IT\",\"potentialAction\":[{\"@type\":\"ReadAction\",\"target\":[\"https:\\\/\\\/lavocedelpaese.info\\\/index.php\\\/2025\\\/06\\\/24\\\/nasce-anche-ad-acquaviva-delle-fonti-il-circolo-di-nazione-futura\\\/\"]}]},{\"@type\":\"ImageObject\",\"inLanguage\":\"it-IT\",\"@id\":\"https:\\\/\\\/lavocedelpaese.info\\\/index.php\\\/2025\\\/06\\\/24\\\/nasce-anche-ad-acquaviva-delle-fonti-il-circolo-di-nazione-futura\\\/#primaryimage\",\"url\":\"https:\\\/\\\/lavocedelpaese.info\\\/wp-content\\\/uploads\\\/2025\\\/06\\\/logo-Nazione-Futura-1-Nnd9Cu.png\",\"contentUrl\":\"https:\\\/\\\/lavocedelpaese.info\\\/wp-content\\\/uploads\\\/2025\\\/06\\\/logo-Nazione-Futura-1-Nnd9Cu.png\",\"width\":225,\"height\":225},{\"@type\":\"BreadcrumbList\",\"@id\":\"https:\\\/\\\/lavocedelpaese.info\\\/index.php\\\/2025\\\/06\\\/24\\\/nasce-anche-ad-acquaviva-delle-fonti-il-circolo-di-nazione-futura\\\/#breadcrumb\",\"itemListElement\":[{\"@type\":\"ListItem\",\"position\":1,\"name\":\"Home\",\"item\":\"https:\\\/\\\/lavocedelpaese.info\\\/\"},{\"@type\":\"ListItem\",\"position\":2,\"name\":\"Nasce anche ad Acquaviva delle Fonti il circolo di Nazione Futura\u00a0\u200b\"}]},{\"@type\":\"WebSite\",\"@id\":\"https:\\\/\\\/lavocedelpaese.info\\\/#website\",\"url\":\"https:\\\/\\\/lavocedelpaese.info\\\/\",\"name\":\"La Voce del Paese\",\"description\":\"Un network di idee\",\"publisher\":{\"@id\":\"https:\\\/\\\/lavocedelpaese.info\\\/#organization\"},\"potentialAction\":[{\"@type\":\"SearchAction\",\"target\":{\"@type\":\"EntryPoint\",\"urlTemplate\":\"https:\\\/\\\/lavocedelpaese.info\\\/?s={search_term_string}\"},\"query-input\":{\"@type\":\"PropertyValueSpecification\",\"valueRequired\":true,\"valueName\":\"search_term_string\"}}],\"inLanguage\":\"it-IT\"},{\"@type\":\"Organization\",\"@id\":\"https:\\\/\\\/lavocedelpaese.info\\\/#organization\",\"name\":\"La Voce del Paese\",\"url\":\"https:\\\/\\\/lavocedelpaese.info\\\/\",\"logo\":{\"@type\":\"ImageObject\",\"inLanguage\":\"it-IT\",\"@id\":\"https:\\\/\\\/lavocedelpaese.info\\\/#\\\/schema\\\/logo\\\/image\\\/\",\"url\":\"https:\\\/\\\/lavocedelpaese.info\\\/wp-content\\\/uploads\\\/2023\\\/01\\\/cropped-logo-150-127.png\",\"contentUrl\":\"https:\\\/\\\/lavocedelpaese.info\\\/wp-content\\\/uploads\\\/2023\\\/01\\\/cropped-logo-150-127.png\",\"width\":137,\"height\":119,\"caption\":\"La Voce del Paese\"},\"image\":{\"@id\":\"https:\\\/\\\/lavocedelpaese.info\\\/#\\\/schema\\\/logo\\\/image\\\/\"},\"sameAs\":[\"https:\\\/\\\/www.facebook.com\\\/lavocedelpaese.info\"]},{\"@type\":\"Person\",\"@id\":\"https:\\\/\\\/lavocedelpaese.info\\\/#\\\/schema\\\/person\\\/ec151d321306bd7591f7a061abf72d88\",\"name\":\"admin\",\"image\":{\"@type\":\"ImageObject\",\"inLanguage\":\"it-IT\",\"@id\":\"https:\\\/\\\/secure.gravatar.com\\\/avatar\\\/af8f2caf0663124588de48a9380e07cbc95a74ef15b8062d0d39106c32fe3023?s=96&d=mm&r=g\",\"url\":\"https:\\\/\\\/secure.gravatar.com\\\/avatar\\\/af8f2caf0663124588de48a9380e07cbc95a74ef15b8062d0d39106c32fe3023?s=96&d=mm&r=g\",\"contentUrl\":\"https:\\\/\\\/secure.gravatar.com\\\/avatar\\\/af8f2caf0663124588de48a9380e07cbc95a74ef15b8062d0d39106c32fe3023?s=96&d=mm&r=g\",\"caption\":\"admin\"},\"sameAs\":[\"https:\\\/\\\/lavocedelpaese.info\"],\"url\":\"https:\\\/\\\/lavocedelpaese.info\\\/index.php\\\/author\\\/admin\\\/\"}]}<\/script>\n<!-- \/ Yoast SEO plugin. -->","yoast_head_json":{"title":"Nasce anche ad Acquaviva delle Fonti il circolo di Nazione Futura\u00a0\u200b - La Voce del Paese","robots":{"index":"index","follow":"follow","max-snippet":"max-snippet:-1","max-image-preview":"max-image-preview:large","max-video-preview":"max-video-preview:-1"},"canonical":"https:\/\/lavocedelpaese.info\/index.php\/2025\/06\/24\/nasce-anche-ad-acquaviva-delle-fonti-il-circolo-di-nazione-futura\/","og_locale":"it_IT","og_type":"article","og_title":"Nasce anche ad Acquaviva delle Fonti il circolo di Nazione Futura\u00a0\u200b - La Voce del Paese","og_description":"\u00a0 \u200b\u00a0 \u200b\u00a0 Il primo think tank culturale dei conservatori italiani L\u2019associazione\u00a0Nazione Futura\u00a0apre un circolo anche a Acquaviva delle Fonti.","og_url":"https:\/\/lavocedelpaese.info\/index.php\/2025\/06\/24\/nasce-anche-ad-acquaviva-delle-fonti-il-circolo-di-nazione-futura\/","og_site_name":"La Voce del Paese","article_publisher":"https:\/\/www.facebook.com\/lavocedelpaese.info","article_published_time":"2025-06-24T16:13:40+00:00","author":"admin","twitter_card":"summary_large_image","twitter_misc":{"Scritto da":"admin","Tempo di lettura stimato":"3 minuti"},"schema":{"@context":"https:\/\/schema.org","@graph":[{"@type":"Article","@id":"https:\/\/lavocedelpaese.info\/index.php\/2025\/06\/24\/nasce-anche-ad-acquaviva-delle-fonti-il-circolo-di-nazione-futura\/#article","isPartOf":{"@id":"https:\/\/lavocedelpaese.info\/index.php\/2025\/06\/24\/nasce-anche-ad-acquaviva-delle-fonti-il-circolo-di-nazione-futura\/"},"author":{"name":"admin","@id":"https:\/\/lavocedelpaese.info\/#\/schema\/person\/ec151d321306bd7591f7a061abf72d88"},"headline":"Nasce anche ad Acquaviva delle Fonti il circolo di Nazione Futura\u00a0\u200b","datePublished":"2025-06-24T16:13:40+00:00","mainEntityOfPage":{"@id":"https:\/\/lavocedelpaese.info\/index.php\/2025\/06\/24\/nasce-anche-ad-acquaviva-delle-fonti-il-circolo-di-nazione-futura\/"},"wordCount":515,"commentCount":0,"publisher":{"@id":"https:\/\/lavocedelpaese.info\/#organization"},"image":{"@id":"https:\/\/lavocedelpaese.info\/index.php\/2025\/06\/24\/nasce-anche-ad-acquaviva-delle-fonti-il-circolo-di-nazione-futura\/#primaryimage"},"thumbnailUrl":"https:\/\/lavocedelpaese.info\/wp-content\/uploads\/2025\/06\/logo-Nazione-Futura-1-Nnd9Cu.png","articleSection":["network"],"inLanguage":"it-IT","potentialAction":[{"@type":"CommentAction","name":"Comment","target":["https:\/\/lavocedelpaese.info\/index.php\/2025\/06\/24\/nasce-anche-ad-acquaviva-delle-fonti-il-circolo-di-nazione-futura\/#respond"]}]},{"@type":"WebPage","@id":"https:\/\/lavocedelpaese.info\/index.php\/2025\/06\/24\/nasce-anche-ad-acquaviva-delle-fonti-il-circolo-di-nazione-futura\/","url":"https:\/\/lavocedelpaese.info\/index.php\/2025\/06\/24\/nasce-anche-ad-acquaviva-delle-fonti-il-circolo-di-nazione-futura\/","name":"Nasce anche ad Acquaviva delle Fonti il circolo di Nazione Futura\u00a0\u200b - La Voce del Paese","isPartOf":{"@id":"https:\/\/lavocedelpaese.info\/#website"},"primaryImageOfPage":{"@id":"https:\/\/lavocedelpaese.info\/index.php\/2025\/06\/24\/nasce-anche-ad-acquaviva-delle-fonti-il-circolo-di-nazione-futura\/#primaryimage"},"image":{"@id":"https:\/\/lavocedelpaese.info\/index.php\/2025\/06\/24\/nasce-anche-ad-acquaviva-delle-fonti-il-circolo-di-nazione-futura\/#primaryimage"},"thumbnailUrl":"https:\/\/lavocedelpaese.info\/wp-content\/uploads\/2025\/06\/logo-Nazione-Futura-1-Nnd9Cu.png","datePublished":"2025-06-24T16:13:40+00:00","breadcrumb":{"@id":"https:\/\/lavocedelpaese.info\/index.php\/2025\/06\/24\/nasce-anche-ad-acquaviva-delle-fonti-il-circolo-di-nazione-futura\/#breadcrumb"},"inLanguage":"it-IT","potentialAction":[{"@type":"ReadAction","target":["https:\/\/lavocedelpaese.info\/index.php\/2025\/06\/24\/nasce-anche-ad-acquaviva-delle-fonti-il-circolo-di-nazione-futura\/"]}]},{"@type":"ImageObject","inLanguage":"it-IT","@id":"https:\/\/lavocedelpaese.info\/index.php\/2025\/06\/24\/nasce-anche-ad-acquaviva-delle-fonti-il-circolo-di-nazione-futura\/#primaryimage","url":"https:\/\/lavocedelpaese.info\/wp-content\/uploads\/2025\/06\/logo-Nazione-Futura-1-Nnd9Cu.png","contentUrl":"https:\/\/lavocedelpaese.info\/wp-content\/uploads\/2025\/06\/logo-Nazione-Futura-1-Nnd9Cu.png","width":225,"height":225},{"@type":"BreadcrumbList","@id":"https:\/\/lavocedelpaese.info\/index.php\/2025\/06\/24\/nasce-anche-ad-acquaviva-delle-fonti-il-circolo-di-nazione-futura\/#breadcrumb","itemListElement":[{"@type":"ListItem","position":1,"name":"Home","item":"https:\/\/lavocedelpaese.info\/"},{"@type":"ListItem","position":2,"name":"Nasce anche ad Acquaviva delle Fonti il circolo di Nazione Futura\u00a0\u200b"}]},{"@type":"WebSite","@id":"https:\/\/lavocedelpaese.info\/#website","url":"https:\/\/lavocedelpaese.info\/","name":"La Voce del Paese","description":"Un network di idee","publisher":{"@id":"https:\/\/lavocedelpaese.info\/#organization"},"potentialAction":[{"@type":"SearchAction","target":{"@type":"EntryPoint","urlTemplate":"https:\/\/lavocedelpaese.info\/?s={search_term_string}"},"query-input":{"@type":"PropertyValueSpecification","valueRequired":true,"valueName":"search_term_string"}}],"inLanguage":"it-IT"},{"@type":"Organization","@id":"https:\/\/lavocedelpaese.info\/#organization","name":"La Voce del Paese","url":"https:\/\/lavocedelpaese.info\/","logo":{"@type":"ImageObject","inLanguage":"it-IT","@id":"https:\/\/lavocedelpaese.info\/#\/schema\/logo\/image\/","url":"https:\/\/lavocedelpaese.info\/wp-content\/uploads\/2023\/01\/cropped-logo-150-127.png","contentUrl":"https:\/\/lavocedelpaese.info\/wp-content\/uploads\/2023\/01\/cropped-logo-150-127.png","width":137,"height":119,"caption":"La Voce del Paese"},"image":{"@id":"https:\/\/lavocedelpaese.info\/#\/schema\/logo\/image\/"},"sameAs":["https:\/\/www.facebook.com\/lavocedelpaese.info"]},{"@type":"Person","@id":"https:\/\/lavocedelpaese.info\/#\/schema\/person\/ec151d321306bd7591f7a061abf72d88","name":"admin","image":{"@type":"ImageObject","inLanguage":"it-IT","@id":"https:\/\/secure.gravatar.com\/avatar\/af8f2caf0663124588de48a9380e07cbc95a74ef15b8062d0d39106c32fe3023?s=96&d=mm&r=g","url":"https:\/\/secure.gravatar.com\/avatar\/af8f2caf0663124588de48a9380e07cbc95a74ef15b8062d0d39106c32fe3023?s=96&d=mm&r=g","contentUrl":"https:\/\/secure.gravatar.com\/avatar\/af8f2caf0663124588de48a9380e07cbc95a74ef15b8062d0d39106c32fe3023?s=96&d=mm&r=g","caption":"admin"},"sameAs":["https:\/\/lavocedelpaese.info"],"url":"https:\/\/lavocedelpaese.info\/index.php\/author\/admin\/"}]}},"_links":{"self":[{"href":"https:\/\/lavocedelpaese.info\/index.php\/wp-json\/wp\/v2\/posts\/9547","targetHints":{"allow":["GET"]}}],"collection":[{"href":"https:\/\/lavocedelpaese.info\/index.php\/wp-json\/wp\/v2\/posts"}],"about":[{"href":"https:\/\/lavocedelpaese.info\/index.php\/wp-json\/wp\/v2\/types\/post"}],"author":[{"embeddable":true,"href":"https:\/\/lavocedelpaese.info\/index.php\/wp-json\/wp\/v2\/users\/6"}],"replies":[{"embeddable":true,"href":"https:\/\/lavocedelpaese.info\/index.php\/wp-json\/wp\/v2\/comments?post=9547"}],"version-history":[{"count":0,"href":"https:\/\/lavocedelpaese.info\/index.php\/wp-json\/wp\/v2\/posts\/9547\/revisions"}],"wp:featuredmedia":[{"embeddable":true,"href":"https:\/\/lavocedelpaese.info\/index.php\/wp-json\/wp\/v2\/media\/9548"}],"wp:attachment":[{"href":"https:\/\/lavocedelpaese.info\/index.php\/wp-json\/wp\/v2\/media?parent=9547"}],"wp:term":[{"taxonomy":"category","embeddable":true,"href":"https:\/\/lavocedelpaese.info\/index.php\/wp-json\/wp\/v2\/categories?post=9547"},{"taxonomy":"post_tag","embeddable":true,"href":"https:\/\/lavocedelpaese.info\/index.php\/wp-json\/wp\/v2\/tags?post=9547"}],"curies":[{"name":"wp","href":"https:\/\/api.w.org\/{rel}","templated":true}]}}