{"id":9521,"date":"2025-06-14T09:14:54","date_gmt":"2025-06-14T09:14:54","guid":{"rendered":"https:\/\/lavocedelpaese.info\/index.php\/2025\/06\/14\/lunedi-16-giugno-presentazione-del-libro-saverio-il-cavaliere-buono\/"},"modified":"2025-06-14T09:14:54","modified_gmt":"2025-06-14T09:14:54","slug":"lunedi-16-giugno-presentazione-del-libro-saverio-il-cavaliere-buono","status":"publish","type":"post","link":"https:\/\/lavocedelpaese.info\/index.php\/2025\/06\/14\/lunedi-16-giugno-presentazione-del-libro-saverio-il-cavaliere-buono\/","title":{"rendered":"Luned\u00ec 16 giugno \u2013 presentazione del libro \u201cSaverio il Cavaliere buono\u201d\u00a0\u200b"},"content":{"rendered":"<p>\u00a0<\/p>\n<p>\u200b\u00a0<\/p>\n<p>\u200b\u00a0<\/p>\n<div><\/div>\n<h4 class=\"wp-block-heading\"><strong>Un libro ideato per raccontare ai bambini la storia del filantropo castellanese e proseguirne l\u2019opera pia<\/strong><\/h4>\n<p><strong>Luned\u00ec 16 giugno<\/strong>, alle<strong> ore 19.00<\/strong>, l\u2019<strong>Auditorium<\/strong> di via Indro Montanelli (Largo Pozzi) spalanca le porte alla presentazione del libro per bambini <strong>\u201cSaverio il Cavaliere buono\u201d<\/strong> (Adda Editore), scritto da <strong>Elvira Spartano<\/strong> e illustrato da<strong> Mary Fanelli<\/strong>.<\/p>\n<p>L\u2019iniziativa \u2013 patrocinata dal Comune di Turi e promossa dalla <strong>Fondazione Onlus Saverio de Bellis<\/strong> \u2013 intreccia cultura e beneficenza: l\u2019intero ricavato della vendita del volume finanzier\u00e0 le attivit\u00e0 della Fondazione in favore dei minori accolti nella storica struttura fondata dal filantropo castellanese agli inizi del \u2019900.<\/p>\n<p>La serata sar\u00e0 aperta dai saluti istituzionali del sindaco <strong>Giuseppe De Tomaso<\/strong>, della vicesindaca e delegata alla Cultura <strong>Teresa De Carolis<\/strong> e della presidente della Fondazione <strong>prof.ssa Rosa De Bellis<\/strong>.<\/p>\n<p>A seguire si entrer\u00e0 nel vivo della presentazione con gli interventi di <strong>Elvira Spartano<\/strong>, autrice del volume, e di <strong>Corrado De Bellis<\/strong>, ideatore e curatore del progetto editoriale.<\/p>\n<figure class=\"wp-block-image size-full\"><img decoding=\"async\" width=\"1099\" height=\"1507\" src=\"https:\/\/turi.lavocedelpaese.info\/wp-content\/uploads\/2025\/06\/saverio-de-bellis-locandina.jpg\" alt=\"\" class=\"wp-image-7235\"\/><\/figure>\n<div aria-hidden=\"true\" class=\"wp-block-spacer\"><\/div>\n<h4 class=\"wp-block-heading\"><strong>La Fondazione Onlus Saverio De Bellis<\/strong><\/h4>\n<p>La Fondazione Onlus Saverio De Bellis porta il nome del Cavaliere del Lavoro Saverio de Bellis, il quale nel giugno 1906 ide\u00f2, costru\u00ec e don\u00f2 alla popolazione della sua amata Castellana un grandioso complesso edilizio costituito da Orfanotrofio, Asilo d\u2019Infanzia e Ospedale.<\/p>\n<p>La Fondazione, oggi, \u00e8 costituita dalla Comunit\u00e0 educativa per minori, che accoglie in forma residenziale i minori allontanati dal nucleo familiare, in et\u00e0 compresa tra i 4 e i 18 anni; il Centro socio educativo diurno per minori, che prevede attivit\u00e0 di sostegno scolastico e laboratori creativi; la Comunit\u00e0 per Gestanti e madri con figli, che accoglie in forma residenziale nuclei di mamme con figli in stato di abbandono e disagio sociale grave; il Gruppo appartamento per adolescenti, che ospita ragazzi e ragazze di et\u00e0 compresa tra i 16 ed i 25 anni, che devono ancora completare il percorso educativo.<\/p>\n<p>A dicembre del 2023, tra bambini, ragazzi e mamme vi sono 54 ospiti e 34 dipendenti.<\/p>\n<div aria-hidden=\"true\" class=\"wp-block-spacer\"><\/div>\n<h4 class=\"wp-block-heading\"><strong>La storia di Saverio De Bellis (1833 \u2013 1918)<\/strong><\/h4>\n<p>Saverio nacque da famiglia umile. Autodidatta perch\u00e9 dopo la seconda elementare cominci\u00f2 a lavorare con il pap\u00e0.<\/p>\n<p>Il pap\u00e0 regal\u00f2 a Saverio 1.000 lire per costruirsi il futuro e Saverio avvi\u00f2 la prima industria, un frantoio oleario. Nel 1851 cre\u00f2 la tessitura a mano con l\u2019assunzione di circa 300 operai. Dopo un avventuroso viaggio in Inghilterra, nel 1869, trasform\u00f2 la fabbrica e fece la prima tessitura a vapore dell\u2019Italia meridionale.<\/p>\n<p>Nel 1878 cre\u00f2 \u201cVillanova De Bellis\u201d, oggi Triggianello, costruendo le case per gli operai dell\u2019azienda vinicola che aveva costruito e avviato.<br \/>I suoi motti erano \u201cvolere \u00e8 potere\u201d e \u201cuomini sono quelli che hanno fatto grandi cose e uomo sono io\u201d.<\/p>\n<p>I dipendenti erano diventati circa 800 e Saverio, nel 1904, fu nominato Cavaliere del Lavoro del Regno d\u2019Italia.<\/p>\n<p>Nella seconda parte della sua vita diventato ricco, don\u00f2 al popolo castellanese l\u2019ospedale che aveva fatto costruire nel 1906, oggi Irccs, l\u2019orfanotrofio, oggi fondazione, la cupola del convento dei frati francescani, la cappella del santissimo al cimitero.<\/p>\n<p>Il messaggio che ha lasciato ai discendenti e a tutte le comunit\u00e0, si pu\u00f2 riassumere in quello che scrisse: \u201cVenuto dal popolo volli dare al popolo stesso parte di quanto ho raccolto grazie al mio intenso, lungo e onesto lavoro\u201d.<\/p>\n<p>I suoi dipendenti lo adoravano e lo chiamavano \u201cpadre\u201d.<\/p>\n\n<p><a class=\"a2a_button_facebook\" href=\"https:\/\/www.addtoany.com\/add_to\/facebook?linkurl=https%3A%2F%2Fturi.lavocedelpaese.info%2Flunedi-16-giugno-presentazione-del-libro-saverio-il-cavaliere-buono%2F&amp;linkname=Luned%C3%AC%2016%20giugno%20%E2%80%93%20presentazione%20del%20libro%20%E2%80%9CSaverio%20il%20Cavaliere%20buono%E2%80%9D\" title=\"Facebook\" rel=\"nofollow noopener\" target=\"_blank\"><\/a><a class=\"a2a_button_twitter\" href=\"https:\/\/www.addtoany.com\/add_to\/twitter?linkurl=https%3A%2F%2Fturi.lavocedelpaese.info%2Flunedi-16-giugno-presentazione-del-libro-saverio-il-cavaliere-buono%2F&amp;linkname=Luned%C3%AC%2016%20giugno%20%E2%80%93%20presentazione%20del%20libro%20%E2%80%9CSaverio%20il%20Cavaliere%20buono%E2%80%9D\" title=\"Twitter\" rel=\"nofollow noopener\" target=\"_blank\"><\/a><a class=\"a2a_button_whatsapp\" href=\"https:\/\/www.addtoany.com\/add_to\/whatsapp?linkurl=https%3A%2F%2Fturi.lavocedelpaese.info%2Flunedi-16-giugno-presentazione-del-libro-saverio-il-cavaliere-buono%2F&amp;linkname=Luned%C3%AC%2016%20giugno%20%E2%80%93%20presentazione%20del%20libro%20%E2%80%9CSaverio%20il%20Cavaliere%20buono%E2%80%9D\" title=\"WhatsApp\" rel=\"nofollow noopener\" target=\"_blank\"><\/a><a class=\"a2a_button_telegram\" href=\"https:\/\/www.addtoany.com\/add_to\/telegram?linkurl=https%3A%2F%2Fturi.lavocedelpaese.info%2Flunedi-16-giugno-presentazione-del-libro-saverio-il-cavaliere-buono%2F&amp;linkname=Luned%C3%AC%2016%20giugno%20%E2%80%93%20presentazione%20del%20libro%20%E2%80%9CSaverio%20il%20Cavaliere%20buono%E2%80%9D\" title=\"Telegram\" rel=\"nofollow noopener\" target=\"_blank\"><\/a><a class=\"a2a_button_email\" href=\"https:\/\/www.addtoany.com\/add_to\/email?linkurl=https%3A%2F%2Fturi.lavocedelpaese.info%2Flunedi-16-giugno-presentazione-del-libro-saverio-il-cavaliere-buono%2F&amp;linkname=Luned%C3%AC%2016%20giugno%20%E2%80%93%20presentazione%20del%20libro%20%E2%80%9CSaverio%20il%20Cavaliere%20buono%E2%80%9D\" title=\"Email\" rel=\"nofollow noopener\" target=\"_blank\"><\/a><\/p>\n<p>L&#8217;articolo <a href=\"https:\/\/turi.lavocedelpaese.info\/lunedi-16-giugno-presentazione-del-libro-saverio-il-cavaliere-buono\/\">Luned\u00ec 16 giugno \u2013 presentazione del libro \u201cSaverio il Cavaliere buono\u201d<\/a> proviene da <a href=\"https:\/\/turi.lavocedelpaese.info\/\">Turi &#8211; La Voce del Paese<\/a>.<\/p>\n<p>\u00a0<\/p>\n<p>\u00a0<\/p>\n<p>\u200b\u00a0\u00a0\u00a0<\/p>","protected":false},"excerpt":{"rendered":"<p>\u00a0 \u200b\u00a0 \u200b\u00a0 Un libro ideato per raccontare ai bambini la storia del filantropo castellanese e proseguirne l\u2019opera pia Luned\u00ec<\/p>\n","protected":false},"author":6,"featured_media":9522,"comment_status":"open","ping_status":"closed","sticky":false,"template":"","format":"standard","meta":{"colormag_page_container_layout":"default_layout","colormag_page_sidebar_layout":"default_layout","footnotes":""},"categories":[33],"tags":[],"class_list":["post-9521","post","type-post","status-publish","format-standard","has-post-thumbnail","hentry","category-network"],"yoast_head":"<!-- This site is optimized with the Yoast SEO plugin v27.5 - https:\/\/yoast.com\/product\/yoast-seo-wordpress\/ -->\n<title>Luned\u00ec 16 giugno \u2013 presentazione del libro \u201cSaverio il Cavaliere buono\u201d\u00a0\u200b - La Voce del Paese<\/title>\n<meta name=\"robots\" content=\"index, follow, max-snippet:-1, max-image-preview:large, max-video-preview:-1\" \/>\n<link rel=\"canonical\" href=\"https:\/\/lavocedelpaese.info\/index.php\/2025\/06\/14\/lunedi-16-giugno-presentazione-del-libro-saverio-il-cavaliere-buono\/\" \/>\n<meta property=\"og:locale\" content=\"it_IT\" \/>\n<meta property=\"og:type\" content=\"article\" \/>\n<meta property=\"og:title\" content=\"Luned\u00ec 16 giugno \u2013 presentazione del libro \u201cSaverio il Cavaliere buono\u201d\u00a0\u200b - La Voce del Paese\" \/>\n<meta property=\"og:description\" content=\"\u00a0 \u200b\u00a0 \u200b\u00a0 Un libro ideato per raccontare ai bambini la storia del filantropo castellanese e proseguirne l\u2019opera pia Luned\u00ec\" \/>\n<meta property=\"og:url\" content=\"https:\/\/lavocedelpaese.info\/index.php\/2025\/06\/14\/lunedi-16-giugno-presentazione-del-libro-saverio-il-cavaliere-buono\/\" \/>\n<meta property=\"og:site_name\" content=\"La Voce del Paese\" \/>\n<meta property=\"article:publisher\" content=\"https:\/\/www.facebook.com\/lavocedelpaese.info\" \/>\n<meta property=\"article:published_time\" content=\"2025-06-14T09:14:54+00:00\" \/>\n<meta name=\"author\" content=\"admin\" \/>\n<meta name=\"twitter:card\" content=\"summary_large_image\" \/>\n<meta name=\"twitter:label1\" content=\"Scritto da\" \/>\n\t<meta name=\"twitter:data1\" content=\"admin\" \/>\n\t<meta name=\"twitter:label2\" content=\"Tempo di lettura stimato\" \/>\n\t<meta name=\"twitter:data2\" content=\"3 minuti\" \/>\n<script type=\"application\/ld+json\" class=\"yoast-schema-graph\">{\"@context\":\"https:\\\/\\\/schema.org\",\"@graph\":[{\"@type\":\"Article\",\"@id\":\"https:\\\/\\\/lavocedelpaese.info\\\/index.php\\\/2025\\\/06\\\/14\\\/lunedi-16-giugno-presentazione-del-libro-saverio-il-cavaliere-buono\\\/#article\",\"isPartOf\":{\"@id\":\"https:\\\/\\\/lavocedelpaese.info\\\/index.php\\\/2025\\\/06\\\/14\\\/lunedi-16-giugno-presentazione-del-libro-saverio-il-cavaliere-buono\\\/\"},\"author\":{\"name\":\"admin\",\"@id\":\"https:\\\/\\\/lavocedelpaese.info\\\/#\\\/schema\\\/person\\\/ec151d321306bd7591f7a061abf72d88\"},\"headline\":\"Luned\u00ec 16 giugno \u2013 presentazione del libro \u201cSaverio il Cavaliere buono\u201d\u00a0\u200b\",\"datePublished\":\"2025-06-14T09:14:54+00:00\",\"mainEntityOfPage\":{\"@id\":\"https:\\\/\\\/lavocedelpaese.info\\\/index.php\\\/2025\\\/06\\\/14\\\/lunedi-16-giugno-presentazione-del-libro-saverio-il-cavaliere-buono\\\/\"},\"wordCount\":560,\"commentCount\":0,\"publisher\":{\"@id\":\"https:\\\/\\\/lavocedelpaese.info\\\/#organization\"},\"image\":{\"@id\":\"https:\\\/\\\/lavocedelpaese.info\\\/index.php\\\/2025\\\/06\\\/14\\\/lunedi-16-giugno-presentazione-del-libro-saverio-il-cavaliere-buono\\\/#primaryimage\"},\"thumbnailUrl\":\"https:\\\/\\\/lavocedelpaese.info\\\/wp-content\\\/uploads\\\/2025\\\/06\\\/saverio-de-bellis-locandina-W2chKH.jpg\",\"articleSection\":[\"network\"],\"inLanguage\":\"it-IT\",\"potentialAction\":[{\"@type\":\"CommentAction\",\"name\":\"Comment\",\"target\":[\"https:\\\/\\\/lavocedelpaese.info\\\/index.php\\\/2025\\\/06\\\/14\\\/lunedi-16-giugno-presentazione-del-libro-saverio-il-cavaliere-buono\\\/#respond\"]}]},{\"@type\":\"WebPage\",\"@id\":\"https:\\\/\\\/lavocedelpaese.info\\\/index.php\\\/2025\\\/06\\\/14\\\/lunedi-16-giugno-presentazione-del-libro-saverio-il-cavaliere-buono\\\/\",\"url\":\"https:\\\/\\\/lavocedelpaese.info\\\/index.php\\\/2025\\\/06\\\/14\\\/lunedi-16-giugno-presentazione-del-libro-saverio-il-cavaliere-buono\\\/\",\"name\":\"Luned\u00ec 16 giugno \u2013 presentazione del libro \u201cSaverio il Cavaliere buono\u201d\u00a0\u200b - La Voce del Paese\",\"isPartOf\":{\"@id\":\"https:\\\/\\\/lavocedelpaese.info\\\/#website\"},\"primaryImageOfPage\":{\"@id\":\"https:\\\/\\\/lavocedelpaese.info\\\/index.php\\\/2025\\\/06\\\/14\\\/lunedi-16-giugno-presentazione-del-libro-saverio-il-cavaliere-buono\\\/#primaryimage\"},\"image\":{\"@id\":\"https:\\\/\\\/lavocedelpaese.info\\\/index.php\\\/2025\\\/06\\\/14\\\/lunedi-16-giugno-presentazione-del-libro-saverio-il-cavaliere-buono\\\/#primaryimage\"},\"thumbnailUrl\":\"https:\\\/\\\/lavocedelpaese.info\\\/wp-content\\\/uploads\\\/2025\\\/06\\\/saverio-de-bellis-locandina-W2chKH.jpg\",\"datePublished\":\"2025-06-14T09:14:54+00:00\",\"breadcrumb\":{\"@id\":\"https:\\\/\\\/lavocedelpaese.info\\\/index.php\\\/2025\\\/06\\\/14\\\/lunedi-16-giugno-presentazione-del-libro-saverio-il-cavaliere-buono\\\/#breadcrumb\"},\"inLanguage\":\"it-IT\",\"potentialAction\":[{\"@type\":\"ReadAction\",\"target\":[\"https:\\\/\\\/lavocedelpaese.info\\\/index.php\\\/2025\\\/06\\\/14\\\/lunedi-16-giugno-presentazione-del-libro-saverio-il-cavaliere-buono\\\/\"]}]},{\"@type\":\"ImageObject\",\"inLanguage\":\"it-IT\",\"@id\":\"https:\\\/\\\/lavocedelpaese.info\\\/index.php\\\/2025\\\/06\\\/14\\\/lunedi-16-giugno-presentazione-del-libro-saverio-il-cavaliere-buono\\\/#primaryimage\",\"url\":\"https:\\\/\\\/lavocedelpaese.info\\\/wp-content\\\/uploads\\\/2025\\\/06\\\/saverio-de-bellis-locandina-W2chKH.jpg\",\"contentUrl\":\"https:\\\/\\\/lavocedelpaese.info\\\/wp-content\\\/uploads\\\/2025\\\/06\\\/saverio-de-bellis-locandina-W2chKH.jpg\",\"width\":583,\"height\":800},{\"@type\":\"BreadcrumbList\",\"@id\":\"https:\\\/\\\/lavocedelpaese.info\\\/index.php\\\/2025\\\/06\\\/14\\\/lunedi-16-giugno-presentazione-del-libro-saverio-il-cavaliere-buono\\\/#breadcrumb\",\"itemListElement\":[{\"@type\":\"ListItem\",\"position\":1,\"name\":\"Home\",\"item\":\"https:\\\/\\\/lavocedelpaese.info\\\/\"},{\"@type\":\"ListItem\",\"position\":2,\"name\":\"Luned\u00ec 16 giugno \u2013 presentazione del libro \u201cSaverio il Cavaliere buono\u201d\u00a0\u200b\"}]},{\"@type\":\"WebSite\",\"@id\":\"https:\\\/\\\/lavocedelpaese.info\\\/#website\",\"url\":\"https:\\\/\\\/lavocedelpaese.info\\\/\",\"name\":\"La Voce del Paese\",\"description\":\"Un network di idee\",\"publisher\":{\"@id\":\"https:\\\/\\\/lavocedelpaese.info\\\/#organization\"},\"potentialAction\":[{\"@type\":\"SearchAction\",\"target\":{\"@type\":\"EntryPoint\",\"urlTemplate\":\"https:\\\/\\\/lavocedelpaese.info\\\/?s={search_term_string}\"},\"query-input\":{\"@type\":\"PropertyValueSpecification\",\"valueRequired\":true,\"valueName\":\"search_term_string\"}}],\"inLanguage\":\"it-IT\"},{\"@type\":\"Organization\",\"@id\":\"https:\\\/\\\/lavocedelpaese.info\\\/#organization\",\"name\":\"La Voce del Paese\",\"url\":\"https:\\\/\\\/lavocedelpaese.info\\\/\",\"logo\":{\"@type\":\"ImageObject\",\"inLanguage\":\"it-IT\",\"@id\":\"https:\\\/\\\/lavocedelpaese.info\\\/#\\\/schema\\\/logo\\\/image\\\/\",\"url\":\"https:\\\/\\\/lavocedelpaese.info\\\/wp-content\\\/uploads\\\/2023\\\/01\\\/cropped-logo-150-127.png\",\"contentUrl\":\"https:\\\/\\\/lavocedelpaese.info\\\/wp-content\\\/uploads\\\/2023\\\/01\\\/cropped-logo-150-127.png\",\"width\":137,\"height\":119,\"caption\":\"La Voce del Paese\"},\"image\":{\"@id\":\"https:\\\/\\\/lavocedelpaese.info\\\/#\\\/schema\\\/logo\\\/image\\\/\"},\"sameAs\":[\"https:\\\/\\\/www.facebook.com\\\/lavocedelpaese.info\"]},{\"@type\":\"Person\",\"@id\":\"https:\\\/\\\/lavocedelpaese.info\\\/#\\\/schema\\\/person\\\/ec151d321306bd7591f7a061abf72d88\",\"name\":\"admin\",\"image\":{\"@type\":\"ImageObject\",\"inLanguage\":\"it-IT\",\"@id\":\"https:\\\/\\\/secure.gravatar.com\\\/avatar\\\/af8f2caf0663124588de48a9380e07cbc95a74ef15b8062d0d39106c32fe3023?s=96&d=mm&r=g\",\"url\":\"https:\\\/\\\/secure.gravatar.com\\\/avatar\\\/af8f2caf0663124588de48a9380e07cbc95a74ef15b8062d0d39106c32fe3023?s=96&d=mm&r=g\",\"contentUrl\":\"https:\\\/\\\/secure.gravatar.com\\\/avatar\\\/af8f2caf0663124588de48a9380e07cbc95a74ef15b8062d0d39106c32fe3023?s=96&d=mm&r=g\",\"caption\":\"admin\"},\"sameAs\":[\"https:\\\/\\\/lavocedelpaese.info\"],\"url\":\"https:\\\/\\\/lavocedelpaese.info\\\/index.php\\\/author\\\/admin\\\/\"}]}<\/script>\n<!-- \/ Yoast SEO plugin. -->","yoast_head_json":{"title":"Luned\u00ec 16 giugno \u2013 presentazione del libro \u201cSaverio il Cavaliere buono\u201d\u00a0\u200b - La Voce del Paese","robots":{"index":"index","follow":"follow","max-snippet":"max-snippet:-1","max-image-preview":"max-image-preview:large","max-video-preview":"max-video-preview:-1"},"canonical":"https:\/\/lavocedelpaese.info\/index.php\/2025\/06\/14\/lunedi-16-giugno-presentazione-del-libro-saverio-il-cavaliere-buono\/","og_locale":"it_IT","og_type":"article","og_title":"Luned\u00ec 16 giugno \u2013 presentazione del libro \u201cSaverio il Cavaliere buono\u201d\u00a0\u200b - La Voce del Paese","og_description":"\u00a0 \u200b\u00a0 \u200b\u00a0 Un libro ideato per raccontare ai bambini la storia del filantropo castellanese e proseguirne l\u2019opera pia Luned\u00ec","og_url":"https:\/\/lavocedelpaese.info\/index.php\/2025\/06\/14\/lunedi-16-giugno-presentazione-del-libro-saverio-il-cavaliere-buono\/","og_site_name":"La Voce del Paese","article_publisher":"https:\/\/www.facebook.com\/lavocedelpaese.info","article_published_time":"2025-06-14T09:14:54+00:00","author":"admin","twitter_card":"summary_large_image","twitter_misc":{"Scritto da":"admin","Tempo di lettura stimato":"3 minuti"},"schema":{"@context":"https:\/\/schema.org","@graph":[{"@type":"Article","@id":"https:\/\/lavocedelpaese.info\/index.php\/2025\/06\/14\/lunedi-16-giugno-presentazione-del-libro-saverio-il-cavaliere-buono\/#article","isPartOf":{"@id":"https:\/\/lavocedelpaese.info\/index.php\/2025\/06\/14\/lunedi-16-giugno-presentazione-del-libro-saverio-il-cavaliere-buono\/"},"author":{"name":"admin","@id":"https:\/\/lavocedelpaese.info\/#\/schema\/person\/ec151d321306bd7591f7a061abf72d88"},"headline":"Luned\u00ec 16 giugno \u2013 presentazione del libro \u201cSaverio il Cavaliere buono\u201d\u00a0\u200b","datePublished":"2025-06-14T09:14:54+00:00","mainEntityOfPage":{"@id":"https:\/\/lavocedelpaese.info\/index.php\/2025\/06\/14\/lunedi-16-giugno-presentazione-del-libro-saverio-il-cavaliere-buono\/"},"wordCount":560,"commentCount":0,"publisher":{"@id":"https:\/\/lavocedelpaese.info\/#organization"},"image":{"@id":"https:\/\/lavocedelpaese.info\/index.php\/2025\/06\/14\/lunedi-16-giugno-presentazione-del-libro-saverio-il-cavaliere-buono\/#primaryimage"},"thumbnailUrl":"https:\/\/lavocedelpaese.info\/wp-content\/uploads\/2025\/06\/saverio-de-bellis-locandina-W2chKH.jpg","articleSection":["network"],"inLanguage":"it-IT","potentialAction":[{"@type":"CommentAction","name":"Comment","target":["https:\/\/lavocedelpaese.info\/index.php\/2025\/06\/14\/lunedi-16-giugno-presentazione-del-libro-saverio-il-cavaliere-buono\/#respond"]}]},{"@type":"WebPage","@id":"https:\/\/lavocedelpaese.info\/index.php\/2025\/06\/14\/lunedi-16-giugno-presentazione-del-libro-saverio-il-cavaliere-buono\/","url":"https:\/\/lavocedelpaese.info\/index.php\/2025\/06\/14\/lunedi-16-giugno-presentazione-del-libro-saverio-il-cavaliere-buono\/","name":"Luned\u00ec 16 giugno \u2013 presentazione del libro \u201cSaverio il Cavaliere buono\u201d\u00a0\u200b - La Voce del Paese","isPartOf":{"@id":"https:\/\/lavocedelpaese.info\/#website"},"primaryImageOfPage":{"@id":"https:\/\/lavocedelpaese.info\/index.php\/2025\/06\/14\/lunedi-16-giugno-presentazione-del-libro-saverio-il-cavaliere-buono\/#primaryimage"},"image":{"@id":"https:\/\/lavocedelpaese.info\/index.php\/2025\/06\/14\/lunedi-16-giugno-presentazione-del-libro-saverio-il-cavaliere-buono\/#primaryimage"},"thumbnailUrl":"https:\/\/lavocedelpaese.info\/wp-content\/uploads\/2025\/06\/saverio-de-bellis-locandina-W2chKH.jpg","datePublished":"2025-06-14T09:14:54+00:00","breadcrumb":{"@id":"https:\/\/lavocedelpaese.info\/index.php\/2025\/06\/14\/lunedi-16-giugno-presentazione-del-libro-saverio-il-cavaliere-buono\/#breadcrumb"},"inLanguage":"it-IT","potentialAction":[{"@type":"ReadAction","target":["https:\/\/lavocedelpaese.info\/index.php\/2025\/06\/14\/lunedi-16-giugno-presentazione-del-libro-saverio-il-cavaliere-buono\/"]}]},{"@type":"ImageObject","inLanguage":"it-IT","@id":"https:\/\/lavocedelpaese.info\/index.php\/2025\/06\/14\/lunedi-16-giugno-presentazione-del-libro-saverio-il-cavaliere-buono\/#primaryimage","url":"https:\/\/lavocedelpaese.info\/wp-content\/uploads\/2025\/06\/saverio-de-bellis-locandina-W2chKH.jpg","contentUrl":"https:\/\/lavocedelpaese.info\/wp-content\/uploads\/2025\/06\/saverio-de-bellis-locandina-W2chKH.jpg","width":583,"height":800},{"@type":"BreadcrumbList","@id":"https:\/\/lavocedelpaese.info\/index.php\/2025\/06\/14\/lunedi-16-giugno-presentazione-del-libro-saverio-il-cavaliere-buono\/#breadcrumb","itemListElement":[{"@type":"ListItem","position":1,"name":"Home","item":"https:\/\/lavocedelpaese.info\/"},{"@type":"ListItem","position":2,"name":"Luned\u00ec 16 giugno \u2013 presentazione del libro \u201cSaverio il Cavaliere buono\u201d\u00a0\u200b"}]},{"@type":"WebSite","@id":"https:\/\/lavocedelpaese.info\/#website","url":"https:\/\/lavocedelpaese.info\/","name":"La Voce del Paese","description":"Un network di idee","publisher":{"@id":"https:\/\/lavocedelpaese.info\/#organization"},"potentialAction":[{"@type":"SearchAction","target":{"@type":"EntryPoint","urlTemplate":"https:\/\/lavocedelpaese.info\/?s={search_term_string}"},"query-input":{"@type":"PropertyValueSpecification","valueRequired":true,"valueName":"search_term_string"}}],"inLanguage":"it-IT"},{"@type":"Organization","@id":"https:\/\/lavocedelpaese.info\/#organization","name":"La Voce del Paese","url":"https:\/\/lavocedelpaese.info\/","logo":{"@type":"ImageObject","inLanguage":"it-IT","@id":"https:\/\/lavocedelpaese.info\/#\/schema\/logo\/image\/","url":"https:\/\/lavocedelpaese.info\/wp-content\/uploads\/2023\/01\/cropped-logo-150-127.png","contentUrl":"https:\/\/lavocedelpaese.info\/wp-content\/uploads\/2023\/01\/cropped-logo-150-127.png","width":137,"height":119,"caption":"La Voce del Paese"},"image":{"@id":"https:\/\/lavocedelpaese.info\/#\/schema\/logo\/image\/"},"sameAs":["https:\/\/www.facebook.com\/lavocedelpaese.info"]},{"@type":"Person","@id":"https:\/\/lavocedelpaese.info\/#\/schema\/person\/ec151d321306bd7591f7a061abf72d88","name":"admin","image":{"@type":"ImageObject","inLanguage":"it-IT","@id":"https:\/\/secure.gravatar.com\/avatar\/af8f2caf0663124588de48a9380e07cbc95a74ef15b8062d0d39106c32fe3023?s=96&d=mm&r=g","url":"https:\/\/secure.gravatar.com\/avatar\/af8f2caf0663124588de48a9380e07cbc95a74ef15b8062d0d39106c32fe3023?s=96&d=mm&r=g","contentUrl":"https:\/\/secure.gravatar.com\/avatar\/af8f2caf0663124588de48a9380e07cbc95a74ef15b8062d0d39106c32fe3023?s=96&d=mm&r=g","caption":"admin"},"sameAs":["https:\/\/lavocedelpaese.info"],"url":"https:\/\/lavocedelpaese.info\/index.php\/author\/admin\/"}]}},"_links":{"self":[{"href":"https:\/\/lavocedelpaese.info\/index.php\/wp-json\/wp\/v2\/posts\/9521","targetHints":{"allow":["GET"]}}],"collection":[{"href":"https:\/\/lavocedelpaese.info\/index.php\/wp-json\/wp\/v2\/posts"}],"about":[{"href":"https:\/\/lavocedelpaese.info\/index.php\/wp-json\/wp\/v2\/types\/post"}],"author":[{"embeddable":true,"href":"https:\/\/lavocedelpaese.info\/index.php\/wp-json\/wp\/v2\/users\/6"}],"replies":[{"embeddable":true,"href":"https:\/\/lavocedelpaese.info\/index.php\/wp-json\/wp\/v2\/comments?post=9521"}],"version-history":[{"count":0,"href":"https:\/\/lavocedelpaese.info\/index.php\/wp-json\/wp\/v2\/posts\/9521\/revisions"}],"wp:featuredmedia":[{"embeddable":true,"href":"https:\/\/lavocedelpaese.info\/index.php\/wp-json\/wp\/v2\/media\/9522"}],"wp:attachment":[{"href":"https:\/\/lavocedelpaese.info\/index.php\/wp-json\/wp\/v2\/media?parent=9521"}],"wp:term":[{"taxonomy":"category","embeddable":true,"href":"https:\/\/lavocedelpaese.info\/index.php\/wp-json\/wp\/v2\/categories?post=9521"},{"taxonomy":"post_tag","embeddable":true,"href":"https:\/\/lavocedelpaese.info\/index.php\/wp-json\/wp\/v2\/tags?post=9521"}],"curies":[{"name":"wp","href":"https:\/\/api.w.org\/{rel}","templated":true}]}}