{"id":9518,"date":"2025-06-14T05:16:00","date_gmt":"2025-06-14T05:16:00","guid":{"rendered":"https:\/\/lavocedelpaese.info\/index.php\/2025\/06\/14\/di-madre-in-figlia-di-concita-de-gregorio\/"},"modified":"2025-06-14T05:16:00","modified_gmt":"2025-06-14T05:16:00","slug":"di-madre-in-figlia-di-concita-de-gregorio","status":"publish","type":"post","link":"https:\/\/lavocedelpaese.info\/index.php\/2025\/06\/14\/di-madre-in-figlia-di-concita-de-gregorio\/","title":{"rendered":"\u201cDi madre in figlia\u201d di Concita De Gregorio\u00a0\u200b"},"content":{"rendered":"<p>\u00a0<\/p>\n<p>\u200b\u00a0<\/p>\n<p>\u200b\u00a0<\/p>\n<p>La Pro Loco Curtomartino assieme a Mondadori Bookstore di Acquaviva delle Fonti, con il patrocinio del Comune di Acquaviva delle Fonti, \u00e8 lieta dare il benvenuto a Concita De Gregorio, editorialista di Repubblica, conduttrice di programmi radiofonici e televisivi su RAI 3 e La7, scrittrice con il suo ultimo lavoro Di Madre in Figlia.<br \/>Una sinergia con la Mondadori Bookstore, che ha visto nell\u2019ultimo anno la presenza di altri numerosi autori, come Roberto Emanuelli, Filippo Ceccarelli, Francesco Carofiglio, Lorenza Gentile, Erri De Luca e Federica Manzon.<br \/>La presentazione dell\u2019ultimo lavoro di Concita De Greogorio \u201cDi Madre in figlia\u201d edito da Feltrinelli, si svolger\u00e0 il 20 giugno 2025 alle ore 19:00 all\u2019esterno della nuova sede della Biblioteca Comunale \u201cMaselli Campagna\u201d in Via Palmiro Togliatti 2 (ex macello).<\/p>\n<p>Dialogher\u00e0 con l\u2019autrice Anna Rita Martellotta<\/p>\n<p>\u00a0La partecipazione \u00e8 gratuita\u00a0<\/p>\n<p>Laureata all\u2019Universit\u00e0 di Pisa in Scienze Politiche, ha iniziato la professione nelle radio e tv locali toscane passando poi a \u00abil Tirreno\u00bb dove, per otto anni, ha lavorato nelle redazioni di Piombino, Livorno, Lucca e Pistoia. Nel 1990 \u00e8 passata al quotidiano la Repubblica, dove si \u00e8 occupata di cronaca e di politica interna. Dal 2008 al 2011 \u00e8 stata direttore de \u00abl\u2019Unit\u00e0\u00bb.<br \/>Tra le sue pubblicazioni si ricordano Non lavate questo sangue (Laterza, 2001); Una madre lo sa. Tutte le ombre dell\u2019amore perfetto (Mondadori, 2006); Malamore. Esercizi di resistenza al dolore (Mondadori, 2008); Cos\u00ec \u00e8 la vita (Einaudi, 2011); Un giorno sull\u2019isola (Einaudi, 2014); Mi sa che fuori \u00e8 primavera (Feltrinelli, 2015); Cosa pensano le ragazze (Einaudi, 2016) e Nella notte (Feltrinelli, 2019).<\/p>\n<p>\ud835\uddd7\ud835\udddc \ud835\udde0\ud835\uddd4\ud835\uddd7\ud835\udde5\ud835\uddd8 \ud835\udddc\ud835\udde1 \ud835\uddd9\ud835\udddc\ud835\uddda\ud835\udddf\ud835\udddc\ud835\uddd4<br \/>Concita De Gregorio intreccia tre generazioni, tre epoche della storia e tre stagioni della vita nelle voci di Maril\u00f9, Angela e Ad\u00e8: subito cos\u00ec vere, cos\u00ec vulnerabili e vive da risuonare immediatamente intime.<\/p>\n<p>Un farmaco \u00e8 veleno o salvezza. Ogni cura lo \u00e8. Anche l\u2019amore: pu\u00f2 soffocare, condannare o liberare. La giusta misura. Il calibro. Le dosi. Quanto di quanto somministrare. Quando. \u00c8 tutto qui.<\/p>\n<p>\u00abNel nuovo romanzo il racconto d\u2019una genealogia tutta femminile: tra una nonna, Maril\u00f9, \u201cbella come un giaguaro\u201d e una nipote, Adelaide, che imparer\u00e0 da lei a non temere la vita.\u00bb \u2013 laRepubblica<\/p>\n<p>\u00abDi madre in figlia \u00e8 un romanzo breve, a tratti rapidissimo nel susseguirsi delle voci delle tre donne che compongono i capitoli come elementi solo apparentemente distinti di un unico discorso. Un romanzo capace di raccontare con la tenerezza e con la fatica della tenerezza quel segreto che \u00e8 proprio delle streghe. Che ha la forma della torta della nonna. Un gusto riconoscibilissimo che contiene magicamente il sapore e la voce di tutte e tre: la voce e il segreto della luna.\u00bb \u2013 Annalena Benini, Il Foglio<\/p>\n<p>Ci\u00f2 che ti isola ti salva, \u00e8 la vita che ti mette in pericolo. Maril\u00f9 abita in cima a un\u2019isola: sotto c\u2019\u00e8 il villaggio, in mezzo il bosco e infine la radura con la sua casa, dove nemmeno i frequenti incendi estivi possono raggiungerla. \u00c8 una donna che affascina ma un po\u2019 spaventa, perch\u00e9 porta con s\u00e9 il fatto di essere stata molto libera negli anni pi\u00f9 liberi del secolo scorso, gli psichedelici Settanta. Fin troppo, pensa sua figlia Angela, che sente di averne ricevuto soltanto trascuratezza. Ora Angela si trova costretta a malincuore ad affidarle per tre mesi la figlia Adelaide \u2013 che si fa chiamare Ad\u00e8 \u2013, adolescente tanto attiva in Rete quanto insicura nel mondo e nel proprio corpo. In questa lunga estate nonna e nipote si ritrovano insieme dopo dieci anni, si conoscono e si riconoscono, mentre la madre irrompe con telefonate ansiose sul fisso di casa perch\u00e9, come primo gesto, Maril\u00f9 ha requisito il cellulare alla ragazza. Per Ad\u00e8 la vacanza non potrebbe cominciare peggio, invece a poco a poco diventa un\u2019avventura. C\u2019\u00e8 un segreto di cui la nonna non vuole parlare, qualcosa che riguarda la sua storia familiare, la linea femminile che la precede \u2013 sua madre, farmacista in un paesino del Sud, e la madre di sua madre, una guaritrice che \u00e8 finita a vivere in un convento. Un\u2019antica colpa in questa storia senza colpevoli. Sul delicato confine fra amare, proteggere e lasciare andare, fra prendersi cura e avvelenare, le tre, di madre in figlia, provano a capirsi. Ciascuna ha agito con le migliori intenzioni, anche se a volte il rancore, il dolore, l\u2019amore accecano.<\/p>\n<figure class=\"wp-block-image size-full\"><img decoding=\"async\" src=\"https:\/\/acquaviva.lavocedelpaese.info\/wp-content\/uploads\/2025\/06\/506304727_1277911427671097_111318508337404146_n.jpg\" alt=\"\" class=\"wp-image-5511\"\/><\/figure>\n<figure class=\"wp-block-image size-full\"><img decoding=\"async\" width=\"566\" height=\"800\" src=\"https:\/\/acquaviva.lavocedelpaese.info\/wp-content\/uploads\/2025\/06\/505490845_1277933524335554_4235481373353059962_n.jpg\" alt=\"\" class=\"wp-image-5512\"\/><\/figure>\n<p><a class=\"a2a_button_facebook\" href=\"https:\/\/www.addtoany.com\/add_to\/facebook?linkurl=https%3A%2F%2Facquaviva.lavocedelpaese.info%2Findex.php%2F2025%2F06%2F14%2Fdi-madre-in-figlia-di-concita-de-gregorio%2F&amp;linkname=%E2%80%9CDi%20madre%20in%20figlia%E2%80%9D%20di%20Concita%20De%20Gregorio\" title=\"Facebook\" rel=\"nofollow noopener\" target=\"_blank\"><\/a><a class=\"a2a_button_twitter\" href=\"https:\/\/www.addtoany.com\/add_to\/twitter?linkurl=https%3A%2F%2Facquaviva.lavocedelpaese.info%2Findex.php%2F2025%2F06%2F14%2Fdi-madre-in-figlia-di-concita-de-gregorio%2F&amp;linkname=%E2%80%9CDi%20madre%20in%20figlia%E2%80%9D%20di%20Concita%20De%20Gregorio\" title=\"Twitter\" rel=\"nofollow noopener\" target=\"_blank\"><\/a><a class=\"a2a_button_whatsapp\" href=\"https:\/\/www.addtoany.com\/add_to\/whatsapp?linkurl=https%3A%2F%2Facquaviva.lavocedelpaese.info%2Findex.php%2F2025%2F06%2F14%2Fdi-madre-in-figlia-di-concita-de-gregorio%2F&amp;linkname=%E2%80%9CDi%20madre%20in%20figlia%E2%80%9D%20di%20Concita%20De%20Gregorio\" title=\"WhatsApp\" rel=\"nofollow noopener\" target=\"_blank\"><\/a><a class=\"a2a_button_telegram\" href=\"https:\/\/www.addtoany.com\/add_to\/telegram?linkurl=https%3A%2F%2Facquaviva.lavocedelpaese.info%2Findex.php%2F2025%2F06%2F14%2Fdi-madre-in-figlia-di-concita-de-gregorio%2F&amp;linkname=%E2%80%9CDi%20madre%20in%20figlia%E2%80%9D%20di%20Concita%20De%20Gregorio\" title=\"Telegram\" rel=\"nofollow noopener\" target=\"_blank\"><\/a><a class=\"a2a_button_email\" href=\"https:\/\/www.addtoany.com\/add_to\/email?linkurl=https%3A%2F%2Facquaviva.lavocedelpaese.info%2Findex.php%2F2025%2F06%2F14%2Fdi-madre-in-figlia-di-concita-de-gregorio%2F&amp;linkname=%E2%80%9CDi%20madre%20in%20figlia%E2%80%9D%20di%20Concita%20De%20Gregorio\" title=\"Email\" rel=\"nofollow noopener\" target=\"_blank\"><\/a><\/p>\n<p>\u00a0<\/p>\n<p>\u00a0<\/p>\n<p>\u200b\u00a0\u00a0\u00a0<\/p>","protected":false},"excerpt":{"rendered":"<p>\u00a0 \u200b\u00a0 \u200b\u00a0 La Pro Loco Curtomartino assieme a Mondadori Bookstore di Acquaviva delle Fonti, con il patrocinio del Comune<\/p>\n","protected":false},"author":6,"featured_media":9519,"comment_status":"open","ping_status":"closed","sticky":false,"template":"","format":"standard","meta":{"colormag_page_container_layout":"default_layout","colormag_page_sidebar_layout":"default_layout","footnotes":""},"categories":[33],"tags":[],"class_list":["post-9518","post","type-post","status-publish","format-standard","has-post-thumbnail","hentry","category-network"],"yoast_head":"<!-- This site is optimized with the Yoast SEO plugin v27.5 - https:\/\/yoast.com\/product\/yoast-seo-wordpress\/ -->\n<title>\u201cDi madre in figlia\u201d di Concita De Gregorio\u00a0\u200b - La Voce del Paese<\/title>\n<meta name=\"robots\" content=\"index, follow, max-snippet:-1, max-image-preview:large, max-video-preview:-1\" \/>\n<link rel=\"canonical\" href=\"https:\/\/lavocedelpaese.info\/index.php\/2025\/06\/14\/di-madre-in-figlia-di-concita-de-gregorio\/\" \/>\n<meta property=\"og:locale\" content=\"it_IT\" \/>\n<meta property=\"og:type\" content=\"article\" \/>\n<meta property=\"og:title\" content=\"\u201cDi madre in figlia\u201d di Concita De Gregorio\u00a0\u200b - La Voce del Paese\" \/>\n<meta property=\"og:description\" content=\"\u00a0 \u200b\u00a0 \u200b\u00a0 La Pro Loco Curtomartino assieme a Mondadori Bookstore di Acquaviva delle Fonti, con il patrocinio del Comune\" \/>\n<meta property=\"og:url\" content=\"https:\/\/lavocedelpaese.info\/index.php\/2025\/06\/14\/di-madre-in-figlia-di-concita-de-gregorio\/\" \/>\n<meta property=\"og:site_name\" content=\"La Voce del Paese\" \/>\n<meta property=\"article:publisher\" content=\"https:\/\/www.facebook.com\/lavocedelpaese.info\" \/>\n<meta property=\"article:published_time\" content=\"2025-06-14T05:16:00+00:00\" \/>\n<meta name=\"author\" content=\"admin\" \/>\n<meta name=\"twitter:card\" content=\"summary_large_image\" \/>\n<meta name=\"twitter:label1\" content=\"Scritto da\" \/>\n\t<meta name=\"twitter:data1\" content=\"admin\" \/>\n\t<meta name=\"twitter:label2\" content=\"Tempo di lettura stimato\" \/>\n\t<meta name=\"twitter:data2\" content=\"3 minuti\" \/>\n<script type=\"application\/ld+json\" class=\"yoast-schema-graph\">{\"@context\":\"https:\\\/\\\/schema.org\",\"@graph\":[{\"@type\":\"Article\",\"@id\":\"https:\\\/\\\/lavocedelpaese.info\\\/index.php\\\/2025\\\/06\\\/14\\\/di-madre-in-figlia-di-concita-de-gregorio\\\/#article\",\"isPartOf\":{\"@id\":\"https:\\\/\\\/lavocedelpaese.info\\\/index.php\\\/2025\\\/06\\\/14\\\/di-madre-in-figlia-di-concita-de-gregorio\\\/\"},\"author\":{\"name\":\"admin\",\"@id\":\"https:\\\/\\\/lavocedelpaese.info\\\/#\\\/schema\\\/person\\\/ec151d321306bd7591f7a061abf72d88\"},\"headline\":\"\u201cDi madre in figlia\u201d di Concita De Gregorio\u00a0\u200b\",\"datePublished\":\"2025-06-14T05:16:00+00:00\",\"mainEntityOfPage\":{\"@id\":\"https:\\\/\\\/lavocedelpaese.info\\\/index.php\\\/2025\\\/06\\\/14\\\/di-madre-in-figlia-di-concita-de-gregorio\\\/\"},\"wordCount\":702,\"commentCount\":0,\"publisher\":{\"@id\":\"https:\\\/\\\/lavocedelpaese.info\\\/#organization\"},\"image\":{\"@id\":\"https:\\\/\\\/lavocedelpaese.info\\\/index.php\\\/2025\\\/06\\\/14\\\/di-madre-in-figlia-di-concita-de-gregorio\\\/#primaryimage\"},\"thumbnailUrl\":\"https:\\\/\\\/lavocedelpaese.info\\\/wp-content\\\/uploads\\\/2025\\\/06\\\/506304727_1277911427671097_111318508337404146_n-utFZ1x.jpg\",\"articleSection\":[\"network\"],\"inLanguage\":\"it-IT\",\"potentialAction\":[{\"@type\":\"CommentAction\",\"name\":\"Comment\",\"target\":[\"https:\\\/\\\/lavocedelpaese.info\\\/index.php\\\/2025\\\/06\\\/14\\\/di-madre-in-figlia-di-concita-de-gregorio\\\/#respond\"]}]},{\"@type\":\"WebPage\",\"@id\":\"https:\\\/\\\/lavocedelpaese.info\\\/index.php\\\/2025\\\/06\\\/14\\\/di-madre-in-figlia-di-concita-de-gregorio\\\/\",\"url\":\"https:\\\/\\\/lavocedelpaese.info\\\/index.php\\\/2025\\\/06\\\/14\\\/di-madre-in-figlia-di-concita-de-gregorio\\\/\",\"name\":\"\u201cDi madre in figlia\u201d di Concita De Gregorio\u00a0\u200b - La Voce del Paese\",\"isPartOf\":{\"@id\":\"https:\\\/\\\/lavocedelpaese.info\\\/#website\"},\"primaryImageOfPage\":{\"@id\":\"https:\\\/\\\/lavocedelpaese.info\\\/index.php\\\/2025\\\/06\\\/14\\\/di-madre-in-figlia-di-concita-de-gregorio\\\/#primaryimage\"},\"image\":{\"@id\":\"https:\\\/\\\/lavocedelpaese.info\\\/index.php\\\/2025\\\/06\\\/14\\\/di-madre-in-figlia-di-concita-de-gregorio\\\/#primaryimage\"},\"thumbnailUrl\":\"https:\\\/\\\/lavocedelpaese.info\\\/wp-content\\\/uploads\\\/2025\\\/06\\\/506304727_1277911427671097_111318508337404146_n-utFZ1x.jpg\",\"datePublished\":\"2025-06-14T05:16:00+00:00\",\"breadcrumb\":{\"@id\":\"https:\\\/\\\/lavocedelpaese.info\\\/index.php\\\/2025\\\/06\\\/14\\\/di-madre-in-figlia-di-concita-de-gregorio\\\/#breadcrumb\"},\"inLanguage\":\"it-IT\",\"potentialAction\":[{\"@type\":\"ReadAction\",\"target\":[\"https:\\\/\\\/lavocedelpaese.info\\\/index.php\\\/2025\\\/06\\\/14\\\/di-madre-in-figlia-di-concita-de-gregorio\\\/\"]}]},{\"@type\":\"ImageObject\",\"inLanguage\":\"it-IT\",\"@id\":\"https:\\\/\\\/lavocedelpaese.info\\\/index.php\\\/2025\\\/06\\\/14\\\/di-madre-in-figlia-di-concita-de-gregorio\\\/#primaryimage\",\"url\":\"https:\\\/\\\/lavocedelpaese.info\\\/wp-content\\\/uploads\\\/2025\\\/06\\\/506304727_1277911427671097_111318508337404146_n-utFZ1x.jpg\",\"contentUrl\":\"https:\\\/\\\/lavocedelpaese.info\\\/wp-content\\\/uploads\\\/2025\\\/06\\\/506304727_1277911427671097_111318508337404146_n-utFZ1x.jpg\",\"width\":1000,\"height\":524},{\"@type\":\"BreadcrumbList\",\"@id\":\"https:\\\/\\\/lavocedelpaese.info\\\/index.php\\\/2025\\\/06\\\/14\\\/di-madre-in-figlia-di-concita-de-gregorio\\\/#breadcrumb\",\"itemListElement\":[{\"@type\":\"ListItem\",\"position\":1,\"name\":\"Home\",\"item\":\"https:\\\/\\\/lavocedelpaese.info\\\/\"},{\"@type\":\"ListItem\",\"position\":2,\"name\":\"\u201cDi madre in figlia\u201d di Concita De Gregorio\u00a0\u200b\"}]},{\"@type\":\"WebSite\",\"@id\":\"https:\\\/\\\/lavocedelpaese.info\\\/#website\",\"url\":\"https:\\\/\\\/lavocedelpaese.info\\\/\",\"name\":\"La Voce del Paese\",\"description\":\"Un network di idee\",\"publisher\":{\"@id\":\"https:\\\/\\\/lavocedelpaese.info\\\/#organization\"},\"potentialAction\":[{\"@type\":\"SearchAction\",\"target\":{\"@type\":\"EntryPoint\",\"urlTemplate\":\"https:\\\/\\\/lavocedelpaese.info\\\/?s={search_term_string}\"},\"query-input\":{\"@type\":\"PropertyValueSpecification\",\"valueRequired\":true,\"valueName\":\"search_term_string\"}}],\"inLanguage\":\"it-IT\"},{\"@type\":\"Organization\",\"@id\":\"https:\\\/\\\/lavocedelpaese.info\\\/#organization\",\"name\":\"La Voce del Paese\",\"url\":\"https:\\\/\\\/lavocedelpaese.info\\\/\",\"logo\":{\"@type\":\"ImageObject\",\"inLanguage\":\"it-IT\",\"@id\":\"https:\\\/\\\/lavocedelpaese.info\\\/#\\\/schema\\\/logo\\\/image\\\/\",\"url\":\"https:\\\/\\\/lavocedelpaese.info\\\/wp-content\\\/uploads\\\/2023\\\/01\\\/cropped-logo-150-127.png\",\"contentUrl\":\"https:\\\/\\\/lavocedelpaese.info\\\/wp-content\\\/uploads\\\/2023\\\/01\\\/cropped-logo-150-127.png\",\"width\":137,\"height\":119,\"caption\":\"La Voce del Paese\"},\"image\":{\"@id\":\"https:\\\/\\\/lavocedelpaese.info\\\/#\\\/schema\\\/logo\\\/image\\\/\"},\"sameAs\":[\"https:\\\/\\\/www.facebook.com\\\/lavocedelpaese.info\"]},{\"@type\":\"Person\",\"@id\":\"https:\\\/\\\/lavocedelpaese.info\\\/#\\\/schema\\\/person\\\/ec151d321306bd7591f7a061abf72d88\",\"name\":\"admin\",\"image\":{\"@type\":\"ImageObject\",\"inLanguage\":\"it-IT\",\"@id\":\"https:\\\/\\\/secure.gravatar.com\\\/avatar\\\/af8f2caf0663124588de48a9380e07cbc95a74ef15b8062d0d39106c32fe3023?s=96&d=mm&r=g\",\"url\":\"https:\\\/\\\/secure.gravatar.com\\\/avatar\\\/af8f2caf0663124588de48a9380e07cbc95a74ef15b8062d0d39106c32fe3023?s=96&d=mm&r=g\",\"contentUrl\":\"https:\\\/\\\/secure.gravatar.com\\\/avatar\\\/af8f2caf0663124588de48a9380e07cbc95a74ef15b8062d0d39106c32fe3023?s=96&d=mm&r=g\",\"caption\":\"admin\"},\"sameAs\":[\"https:\\\/\\\/lavocedelpaese.info\"],\"url\":\"https:\\\/\\\/lavocedelpaese.info\\\/index.php\\\/author\\\/admin\\\/\"}]}<\/script>\n<!-- \/ Yoast SEO plugin. -->","yoast_head_json":{"title":"\u201cDi madre in figlia\u201d di Concita De Gregorio\u00a0\u200b - La Voce del Paese","robots":{"index":"index","follow":"follow","max-snippet":"max-snippet:-1","max-image-preview":"max-image-preview:large","max-video-preview":"max-video-preview:-1"},"canonical":"https:\/\/lavocedelpaese.info\/index.php\/2025\/06\/14\/di-madre-in-figlia-di-concita-de-gregorio\/","og_locale":"it_IT","og_type":"article","og_title":"\u201cDi madre in figlia\u201d di Concita De Gregorio\u00a0\u200b - La Voce del Paese","og_description":"\u00a0 \u200b\u00a0 \u200b\u00a0 La Pro Loco Curtomartino assieme a Mondadori Bookstore di Acquaviva delle Fonti, con il patrocinio del Comune","og_url":"https:\/\/lavocedelpaese.info\/index.php\/2025\/06\/14\/di-madre-in-figlia-di-concita-de-gregorio\/","og_site_name":"La Voce del Paese","article_publisher":"https:\/\/www.facebook.com\/lavocedelpaese.info","article_published_time":"2025-06-14T05:16:00+00:00","author":"admin","twitter_card":"summary_large_image","twitter_misc":{"Scritto da":"admin","Tempo di lettura stimato":"3 minuti"},"schema":{"@context":"https:\/\/schema.org","@graph":[{"@type":"Article","@id":"https:\/\/lavocedelpaese.info\/index.php\/2025\/06\/14\/di-madre-in-figlia-di-concita-de-gregorio\/#article","isPartOf":{"@id":"https:\/\/lavocedelpaese.info\/index.php\/2025\/06\/14\/di-madre-in-figlia-di-concita-de-gregorio\/"},"author":{"name":"admin","@id":"https:\/\/lavocedelpaese.info\/#\/schema\/person\/ec151d321306bd7591f7a061abf72d88"},"headline":"\u201cDi madre in figlia\u201d di Concita De Gregorio\u00a0\u200b","datePublished":"2025-06-14T05:16:00+00:00","mainEntityOfPage":{"@id":"https:\/\/lavocedelpaese.info\/index.php\/2025\/06\/14\/di-madre-in-figlia-di-concita-de-gregorio\/"},"wordCount":702,"commentCount":0,"publisher":{"@id":"https:\/\/lavocedelpaese.info\/#organization"},"image":{"@id":"https:\/\/lavocedelpaese.info\/index.php\/2025\/06\/14\/di-madre-in-figlia-di-concita-de-gregorio\/#primaryimage"},"thumbnailUrl":"https:\/\/lavocedelpaese.info\/wp-content\/uploads\/2025\/06\/506304727_1277911427671097_111318508337404146_n-utFZ1x.jpg","articleSection":["network"],"inLanguage":"it-IT","potentialAction":[{"@type":"CommentAction","name":"Comment","target":["https:\/\/lavocedelpaese.info\/index.php\/2025\/06\/14\/di-madre-in-figlia-di-concita-de-gregorio\/#respond"]}]},{"@type":"WebPage","@id":"https:\/\/lavocedelpaese.info\/index.php\/2025\/06\/14\/di-madre-in-figlia-di-concita-de-gregorio\/","url":"https:\/\/lavocedelpaese.info\/index.php\/2025\/06\/14\/di-madre-in-figlia-di-concita-de-gregorio\/","name":"\u201cDi madre in figlia\u201d di Concita De Gregorio\u00a0\u200b - La Voce del Paese","isPartOf":{"@id":"https:\/\/lavocedelpaese.info\/#website"},"primaryImageOfPage":{"@id":"https:\/\/lavocedelpaese.info\/index.php\/2025\/06\/14\/di-madre-in-figlia-di-concita-de-gregorio\/#primaryimage"},"image":{"@id":"https:\/\/lavocedelpaese.info\/index.php\/2025\/06\/14\/di-madre-in-figlia-di-concita-de-gregorio\/#primaryimage"},"thumbnailUrl":"https:\/\/lavocedelpaese.info\/wp-content\/uploads\/2025\/06\/506304727_1277911427671097_111318508337404146_n-utFZ1x.jpg","datePublished":"2025-06-14T05:16:00+00:00","breadcrumb":{"@id":"https:\/\/lavocedelpaese.info\/index.php\/2025\/06\/14\/di-madre-in-figlia-di-concita-de-gregorio\/#breadcrumb"},"inLanguage":"it-IT","potentialAction":[{"@type":"ReadAction","target":["https:\/\/lavocedelpaese.info\/index.php\/2025\/06\/14\/di-madre-in-figlia-di-concita-de-gregorio\/"]}]},{"@type":"ImageObject","inLanguage":"it-IT","@id":"https:\/\/lavocedelpaese.info\/index.php\/2025\/06\/14\/di-madre-in-figlia-di-concita-de-gregorio\/#primaryimage","url":"https:\/\/lavocedelpaese.info\/wp-content\/uploads\/2025\/06\/506304727_1277911427671097_111318508337404146_n-utFZ1x.jpg","contentUrl":"https:\/\/lavocedelpaese.info\/wp-content\/uploads\/2025\/06\/506304727_1277911427671097_111318508337404146_n-utFZ1x.jpg","width":1000,"height":524},{"@type":"BreadcrumbList","@id":"https:\/\/lavocedelpaese.info\/index.php\/2025\/06\/14\/di-madre-in-figlia-di-concita-de-gregorio\/#breadcrumb","itemListElement":[{"@type":"ListItem","position":1,"name":"Home","item":"https:\/\/lavocedelpaese.info\/"},{"@type":"ListItem","position":2,"name":"\u201cDi madre in figlia\u201d di Concita De Gregorio\u00a0\u200b"}]},{"@type":"WebSite","@id":"https:\/\/lavocedelpaese.info\/#website","url":"https:\/\/lavocedelpaese.info\/","name":"La Voce del Paese","description":"Un network di idee","publisher":{"@id":"https:\/\/lavocedelpaese.info\/#organization"},"potentialAction":[{"@type":"SearchAction","target":{"@type":"EntryPoint","urlTemplate":"https:\/\/lavocedelpaese.info\/?s={search_term_string}"},"query-input":{"@type":"PropertyValueSpecification","valueRequired":true,"valueName":"search_term_string"}}],"inLanguage":"it-IT"},{"@type":"Organization","@id":"https:\/\/lavocedelpaese.info\/#organization","name":"La Voce del Paese","url":"https:\/\/lavocedelpaese.info\/","logo":{"@type":"ImageObject","inLanguage":"it-IT","@id":"https:\/\/lavocedelpaese.info\/#\/schema\/logo\/image\/","url":"https:\/\/lavocedelpaese.info\/wp-content\/uploads\/2023\/01\/cropped-logo-150-127.png","contentUrl":"https:\/\/lavocedelpaese.info\/wp-content\/uploads\/2023\/01\/cropped-logo-150-127.png","width":137,"height":119,"caption":"La Voce del Paese"},"image":{"@id":"https:\/\/lavocedelpaese.info\/#\/schema\/logo\/image\/"},"sameAs":["https:\/\/www.facebook.com\/lavocedelpaese.info"]},{"@type":"Person","@id":"https:\/\/lavocedelpaese.info\/#\/schema\/person\/ec151d321306bd7591f7a061abf72d88","name":"admin","image":{"@type":"ImageObject","inLanguage":"it-IT","@id":"https:\/\/secure.gravatar.com\/avatar\/af8f2caf0663124588de48a9380e07cbc95a74ef15b8062d0d39106c32fe3023?s=96&d=mm&r=g","url":"https:\/\/secure.gravatar.com\/avatar\/af8f2caf0663124588de48a9380e07cbc95a74ef15b8062d0d39106c32fe3023?s=96&d=mm&r=g","contentUrl":"https:\/\/secure.gravatar.com\/avatar\/af8f2caf0663124588de48a9380e07cbc95a74ef15b8062d0d39106c32fe3023?s=96&d=mm&r=g","caption":"admin"},"sameAs":["https:\/\/lavocedelpaese.info"],"url":"https:\/\/lavocedelpaese.info\/index.php\/author\/admin\/"}]}},"_links":{"self":[{"href":"https:\/\/lavocedelpaese.info\/index.php\/wp-json\/wp\/v2\/posts\/9518","targetHints":{"allow":["GET"]}}],"collection":[{"href":"https:\/\/lavocedelpaese.info\/index.php\/wp-json\/wp\/v2\/posts"}],"about":[{"href":"https:\/\/lavocedelpaese.info\/index.php\/wp-json\/wp\/v2\/types\/post"}],"author":[{"embeddable":true,"href":"https:\/\/lavocedelpaese.info\/index.php\/wp-json\/wp\/v2\/users\/6"}],"replies":[{"embeddable":true,"href":"https:\/\/lavocedelpaese.info\/index.php\/wp-json\/wp\/v2\/comments?post=9518"}],"version-history":[{"count":0,"href":"https:\/\/lavocedelpaese.info\/index.php\/wp-json\/wp\/v2\/posts\/9518\/revisions"}],"wp:featuredmedia":[{"embeddable":true,"href":"https:\/\/lavocedelpaese.info\/index.php\/wp-json\/wp\/v2\/media\/9519"}],"wp:attachment":[{"href":"https:\/\/lavocedelpaese.info\/index.php\/wp-json\/wp\/v2\/media?parent=9518"}],"wp:term":[{"taxonomy":"category","embeddable":true,"href":"https:\/\/lavocedelpaese.info\/index.php\/wp-json\/wp\/v2\/categories?post=9518"},{"taxonomy":"post_tag","embeddable":true,"href":"https:\/\/lavocedelpaese.info\/index.php\/wp-json\/wp\/v2\/tags?post=9518"}],"curies":[{"name":"wp","href":"https:\/\/api.w.org\/{rel}","templated":true}]}}