{"id":9504,"date":"2025-06-13T06:13:41","date_gmt":"2025-06-13T06:13:41","guid":{"rendered":"https:\/\/lavocedelpaese.info\/index.php\/2025\/06\/13\/ad-andria-il-raduno-regionale-dei-bersaglieri\/"},"modified":"2025-06-13T06:13:41","modified_gmt":"2025-06-13T06:13:41","slug":"ad-andria-il-raduno-regionale-dei-bersaglieri","status":"publish","type":"post","link":"https:\/\/lavocedelpaese.info\/index.php\/2025\/06\/13\/ad-andria-il-raduno-regionale-dei-bersaglieri\/","title":{"rendered":"Ad Andria il Raduno Regionale dei Bersaglieri\u00a0\u200b"},"content":{"rendered":"<p>\u00a0<\/p>\n<p>\u200b\u00a0<\/p>\n<p>\u200b\u00a0<\/p>\n<div><\/div>\n<h4 class=\"wp-block-heading\"><strong>Prevista la partecipazione di una delegazione della Sezione di Turi<\/strong><\/h4>\n<p>La citt\u00e0 di Andria ospiter\u00e0 domenica 15 Giugno 2025 il Raduno Regionale dei Bersaglieri, che sar\u00e0 dedicato ai Caduti della prima guerra mondiale in occasione del 110\u00b0 anniversario dell\u2019entrata in guerra dell\u2019Italia. Ad organizzarlo \u00e8 la sezione di Andria dell\u2019Associazione Nazionale Bersaglieri.\u00a0<\/p>\n<p>Il suo presidente Cavalier Bersagliere <strong>Nunzio Cafagna<\/strong> ricorda che \u00abil 24 Maggio 1915 l\u2019esercito marciava verso i confini contro l\u2019Impero Austro-Ungarico ignaro del grande costo che avrebbe pagato in termini di vite umane e di feriti invalidi e mutilati. Con questo raduno vogliamo ricordare anche i tantissimi figli della Puglia che morirono con onore sui campi di battaglia nei reggimenti dei bersaglieri\u00bb.<\/p>\n<p>Al raduno giungeranno delegazioni da diverse sezioni della Puglia, tra le altre anche San Ferdinando, Canosa di Puglia, Barletta, Giovinazzo, Bari, Altamura, <strong>Turi<\/strong>, Valenzano, Toritto, Taranto, Crispiano, Cavallino, Lecce, Bovino, e Foggia.<\/p>\n<p>Insieme al Sindaco di Andria <strong>Giovanna Bruno<\/strong>, saranno presenti Autorit\u00e0 Civili e Militari, il Presidente dell\u2019Associazione Nazionale Bersaglieri, il <strong>Gen. Giuseppenicola Tota<\/strong>, il presidente regionale dell\u2019Associazione Nazionale Bersaglieri, il <strong>Gen. Antonio Raffaele<\/strong>. Sar\u00e0 presente anche la Fanfara del 7\u00b0 Reggimento Bersaglieri di Altamura con il <strong>Lgt. Giovanni Carrozzo<\/strong> e la Fanfara dell\u2019A.N.B. della sezione di Terlizzi.<\/p>\n<p>\u00abQuesto raduno vuole celebrare anche il 189esimo anniversario della fondazione del Corpo dei Bersaglieri, che nacque il 18 giugno 1836 \u2013 spiega il presidente prov. Bat dell\u2019ANB, <strong>Antonio Lomuscio<\/strong>. \u00c8 un\u2019occasione questa per rilanciare i valori di patria, libert\u00e0 e del diritto dei popoli ad autodeterminarsi a cui noi Bersaglieri di Pace siamo votati, ma anche per ricordare il senso di lealt\u00e0, dovere e spirito di sacrificio che sono alla base del nostro servizio\u00bb.<\/p>\n<p>Sar\u00e0 allestito anche un info-point per illustrare l\u2019attivit\u00e0 dell\u2019Esercito e del Corpo dei bersaglieri.<\/p>\n<p><a class=\"a2a_button_facebook\" href=\"https:\/\/www.addtoany.com\/add_to\/facebook?linkurl=https%3A%2F%2Fturi.lavocedelpaese.info%2Fad-andria-il-raduno-regionale-dei-bersaglieri%2F&amp;linkname=Ad%20Andria%20il%20Raduno%20Regionale%20dei%20Bersaglieri\" title=\"Facebook\" rel=\"nofollow noopener\" target=\"_blank\"><\/a><a class=\"a2a_button_twitter\" href=\"https:\/\/www.addtoany.com\/add_to\/twitter?linkurl=https%3A%2F%2Fturi.lavocedelpaese.info%2Fad-andria-il-raduno-regionale-dei-bersaglieri%2F&amp;linkname=Ad%20Andria%20il%20Raduno%20Regionale%20dei%20Bersaglieri\" title=\"Twitter\" rel=\"nofollow noopener\" target=\"_blank\"><\/a><a class=\"a2a_button_whatsapp\" href=\"https:\/\/www.addtoany.com\/add_to\/whatsapp?linkurl=https%3A%2F%2Fturi.lavocedelpaese.info%2Fad-andria-il-raduno-regionale-dei-bersaglieri%2F&amp;linkname=Ad%20Andria%20il%20Raduno%20Regionale%20dei%20Bersaglieri\" title=\"WhatsApp\" rel=\"nofollow noopener\" target=\"_blank\"><\/a><a class=\"a2a_button_telegram\" href=\"https:\/\/www.addtoany.com\/add_to\/telegram?linkurl=https%3A%2F%2Fturi.lavocedelpaese.info%2Fad-andria-il-raduno-regionale-dei-bersaglieri%2F&amp;linkname=Ad%20Andria%20il%20Raduno%20Regionale%20dei%20Bersaglieri\" title=\"Telegram\" rel=\"nofollow noopener\" target=\"_blank\"><\/a><a class=\"a2a_button_email\" href=\"https:\/\/www.addtoany.com\/add_to\/email?linkurl=https%3A%2F%2Fturi.lavocedelpaese.info%2Fad-andria-il-raduno-regionale-dei-bersaglieri%2F&amp;linkname=Ad%20Andria%20il%20Raduno%20Regionale%20dei%20Bersaglieri\" title=\"Email\" rel=\"nofollow noopener\" target=\"_blank\"><\/a><\/p>\n<p>L&#8217;articolo <a href=\"https:\/\/turi.lavocedelpaese.info\/ad-andria-il-raduno-regionale-dei-bersaglieri\/\">Ad Andria il Raduno Regionale dei Bersaglieri<\/a> proviene da <a href=\"https:\/\/turi.lavocedelpaese.info\/\">Turi &#8211; La Voce del Paese<\/a>.<\/p>\n<p>\u00a0<\/p>\n<p>\u00a0<\/p>\n<p>\u200b\u00a0\u00a0\u00a0<\/p>","protected":false},"excerpt":{"rendered":"<p>\u00a0 \u200b\u00a0 \u200b\u00a0 Prevista la partecipazione di una delegazione della Sezione di Turi La citt\u00e0 di Andria ospiter\u00e0 domenica 15<\/p>\n","protected":false},"author":6,"featured_media":730,"comment_status":"open","ping_status":"closed","sticky":false,"template":"","format":"standard","meta":{"colormag_page_container_layout":"default_layout","colormag_page_sidebar_layout":"default_layout","footnotes":""},"categories":[33],"tags":[],"class_list":["post-9504","post","type-post","status-publish","format-standard","has-post-thumbnail","hentry","category-network"],"yoast_head":"<!-- This site is optimized with the Yoast SEO plugin v27.5 - https:\/\/yoast.com\/product\/yoast-seo-wordpress\/ -->\n<title>Ad Andria il Raduno Regionale dei Bersaglieri\u00a0\u200b - La Voce del Paese<\/title>\n<meta name=\"robots\" content=\"index, follow, max-snippet:-1, max-image-preview:large, max-video-preview:-1\" \/>\n<link rel=\"canonical\" href=\"https:\/\/lavocedelpaese.info\/index.php\/2025\/06\/13\/ad-andria-il-raduno-regionale-dei-bersaglieri\/\" \/>\n<meta property=\"og:locale\" content=\"it_IT\" \/>\n<meta property=\"og:type\" content=\"article\" \/>\n<meta property=\"og:title\" content=\"Ad Andria il Raduno Regionale dei Bersaglieri\u00a0\u200b - La Voce del Paese\" \/>\n<meta property=\"og:description\" content=\"\u00a0 \u200b\u00a0 \u200b\u00a0 Prevista la partecipazione di una delegazione della Sezione di Turi La citt\u00e0 di Andria ospiter\u00e0 domenica 15\" \/>\n<meta property=\"og:url\" content=\"https:\/\/lavocedelpaese.info\/index.php\/2025\/06\/13\/ad-andria-il-raduno-regionale-dei-bersaglieri\/\" \/>\n<meta property=\"og:site_name\" content=\"La Voce del Paese\" \/>\n<meta property=\"article:publisher\" content=\"https:\/\/www.facebook.com\/lavocedelpaese.info\" \/>\n<meta property=\"article:published_time\" content=\"2025-06-13T06:13:41+00:00\" \/>\n<meta name=\"author\" content=\"admin\" \/>\n<meta name=\"twitter:card\" content=\"summary_large_image\" \/>\n<meta name=\"twitter:label1\" content=\"Scritto da\" \/>\n\t<meta name=\"twitter:data1\" content=\"admin\" \/>\n\t<meta name=\"twitter:label2\" content=\"Tempo di lettura stimato\" \/>\n\t<meta name=\"twitter:data2\" content=\"2 minuti\" \/>\n<script type=\"application\/ld+json\" class=\"yoast-schema-graph\">{\"@context\":\"https:\\\/\\\/schema.org\",\"@graph\":[{\"@type\":\"Article\",\"@id\":\"https:\\\/\\\/lavocedelpaese.info\\\/index.php\\\/2025\\\/06\\\/13\\\/ad-andria-il-raduno-regionale-dei-bersaglieri\\\/#article\",\"isPartOf\":{\"@id\":\"https:\\\/\\\/lavocedelpaese.info\\\/index.php\\\/2025\\\/06\\\/13\\\/ad-andria-il-raduno-regionale-dei-bersaglieri\\\/\"},\"author\":{\"name\":\"admin\",\"@id\":\"https:\\\/\\\/lavocedelpaese.info\\\/#\\\/schema\\\/person\\\/ec151d321306bd7591f7a061abf72d88\"},\"headline\":\"Ad Andria il Raduno Regionale dei Bersaglieri\u00a0\u200b\",\"datePublished\":\"2025-06-13T06:13:41+00:00\",\"mainEntityOfPage\":{\"@id\":\"https:\\\/\\\/lavocedelpaese.info\\\/index.php\\\/2025\\\/06\\\/13\\\/ad-andria-il-raduno-regionale-dei-bersaglieri\\\/\"},\"wordCount\":317,\"commentCount\":0,\"publisher\":{\"@id\":\"https:\\\/\\\/lavocedelpaese.info\\\/#organization\"},\"image\":{\"@id\":\"https:\\\/\\\/lavocedelpaese.info\\\/index.php\\\/2025\\\/06\\\/13\\\/ad-andria-il-raduno-regionale-dei-bersaglieri\\\/#primaryimage\"},\"thumbnailUrl\":\"https:\\\/\\\/lavocedelpaese.info\\\/wp-content\\\/uploads\\\/2023\\\/01\\\/logo-150-127.png\",\"articleSection\":[\"network\"],\"inLanguage\":\"it-IT\",\"potentialAction\":[{\"@type\":\"CommentAction\",\"name\":\"Comment\",\"target\":[\"https:\\\/\\\/lavocedelpaese.info\\\/index.php\\\/2025\\\/06\\\/13\\\/ad-andria-il-raduno-regionale-dei-bersaglieri\\\/#respond\"]}]},{\"@type\":\"WebPage\",\"@id\":\"https:\\\/\\\/lavocedelpaese.info\\\/index.php\\\/2025\\\/06\\\/13\\\/ad-andria-il-raduno-regionale-dei-bersaglieri\\\/\",\"url\":\"https:\\\/\\\/lavocedelpaese.info\\\/index.php\\\/2025\\\/06\\\/13\\\/ad-andria-il-raduno-regionale-dei-bersaglieri\\\/\",\"name\":\"Ad Andria il Raduno Regionale dei Bersaglieri\u00a0\u200b - La Voce del Paese\",\"isPartOf\":{\"@id\":\"https:\\\/\\\/lavocedelpaese.info\\\/#website\"},\"primaryImageOfPage\":{\"@id\":\"https:\\\/\\\/lavocedelpaese.info\\\/index.php\\\/2025\\\/06\\\/13\\\/ad-andria-il-raduno-regionale-dei-bersaglieri\\\/#primaryimage\"},\"image\":{\"@id\":\"https:\\\/\\\/lavocedelpaese.info\\\/index.php\\\/2025\\\/06\\\/13\\\/ad-andria-il-raduno-regionale-dei-bersaglieri\\\/#primaryimage\"},\"thumbnailUrl\":\"https:\\\/\\\/lavocedelpaese.info\\\/wp-content\\\/uploads\\\/2023\\\/01\\\/logo-150-127.png\",\"datePublished\":\"2025-06-13T06:13:41+00:00\",\"breadcrumb\":{\"@id\":\"https:\\\/\\\/lavocedelpaese.info\\\/index.php\\\/2025\\\/06\\\/13\\\/ad-andria-il-raduno-regionale-dei-bersaglieri\\\/#breadcrumb\"},\"inLanguage\":\"it-IT\",\"potentialAction\":[{\"@type\":\"ReadAction\",\"target\":[\"https:\\\/\\\/lavocedelpaese.info\\\/index.php\\\/2025\\\/06\\\/13\\\/ad-andria-il-raduno-regionale-dei-bersaglieri\\\/\"]}]},{\"@type\":\"ImageObject\",\"inLanguage\":\"it-IT\",\"@id\":\"https:\\\/\\\/lavocedelpaese.info\\\/index.php\\\/2025\\\/06\\\/13\\\/ad-andria-il-raduno-regionale-dei-bersaglieri\\\/#primaryimage\",\"url\":\"https:\\\/\\\/lavocedelpaese.info\\\/wp-content\\\/uploads\\\/2023\\\/01\\\/logo-150-127.png\",\"contentUrl\":\"https:\\\/\\\/lavocedelpaese.info\\\/wp-content\\\/uploads\\\/2023\\\/01\\\/logo-150-127.png\",\"width\":150,\"height\":127},{\"@type\":\"BreadcrumbList\",\"@id\":\"https:\\\/\\\/lavocedelpaese.info\\\/index.php\\\/2025\\\/06\\\/13\\\/ad-andria-il-raduno-regionale-dei-bersaglieri\\\/#breadcrumb\",\"itemListElement\":[{\"@type\":\"ListItem\",\"position\":1,\"name\":\"Home\",\"item\":\"https:\\\/\\\/lavocedelpaese.info\\\/\"},{\"@type\":\"ListItem\",\"position\":2,\"name\":\"Ad Andria il Raduno Regionale dei Bersaglieri\u00a0\u200b\"}]},{\"@type\":\"WebSite\",\"@id\":\"https:\\\/\\\/lavocedelpaese.info\\\/#website\",\"url\":\"https:\\\/\\\/lavocedelpaese.info\\\/\",\"name\":\"La Voce del Paese\",\"description\":\"Un network di idee\",\"publisher\":{\"@id\":\"https:\\\/\\\/lavocedelpaese.info\\\/#organization\"},\"potentialAction\":[{\"@type\":\"SearchAction\",\"target\":{\"@type\":\"EntryPoint\",\"urlTemplate\":\"https:\\\/\\\/lavocedelpaese.info\\\/?s={search_term_string}\"},\"query-input\":{\"@type\":\"PropertyValueSpecification\",\"valueRequired\":true,\"valueName\":\"search_term_string\"}}],\"inLanguage\":\"it-IT\"},{\"@type\":\"Organization\",\"@id\":\"https:\\\/\\\/lavocedelpaese.info\\\/#organization\",\"name\":\"La Voce del Paese\",\"url\":\"https:\\\/\\\/lavocedelpaese.info\\\/\",\"logo\":{\"@type\":\"ImageObject\",\"inLanguage\":\"it-IT\",\"@id\":\"https:\\\/\\\/lavocedelpaese.info\\\/#\\\/schema\\\/logo\\\/image\\\/\",\"url\":\"https:\\\/\\\/lavocedelpaese.info\\\/wp-content\\\/uploads\\\/2023\\\/01\\\/cropped-logo-150-127.png\",\"contentUrl\":\"https:\\\/\\\/lavocedelpaese.info\\\/wp-content\\\/uploads\\\/2023\\\/01\\\/cropped-logo-150-127.png\",\"width\":137,\"height\":119,\"caption\":\"La Voce del Paese\"},\"image\":{\"@id\":\"https:\\\/\\\/lavocedelpaese.info\\\/#\\\/schema\\\/logo\\\/image\\\/\"},\"sameAs\":[\"https:\\\/\\\/www.facebook.com\\\/lavocedelpaese.info\"]},{\"@type\":\"Person\",\"@id\":\"https:\\\/\\\/lavocedelpaese.info\\\/#\\\/schema\\\/person\\\/ec151d321306bd7591f7a061abf72d88\",\"name\":\"admin\",\"image\":{\"@type\":\"ImageObject\",\"inLanguage\":\"it-IT\",\"@id\":\"https:\\\/\\\/secure.gravatar.com\\\/avatar\\\/af8f2caf0663124588de48a9380e07cbc95a74ef15b8062d0d39106c32fe3023?s=96&d=mm&r=g\",\"url\":\"https:\\\/\\\/secure.gravatar.com\\\/avatar\\\/af8f2caf0663124588de48a9380e07cbc95a74ef15b8062d0d39106c32fe3023?s=96&d=mm&r=g\",\"contentUrl\":\"https:\\\/\\\/secure.gravatar.com\\\/avatar\\\/af8f2caf0663124588de48a9380e07cbc95a74ef15b8062d0d39106c32fe3023?s=96&d=mm&r=g\",\"caption\":\"admin\"},\"sameAs\":[\"https:\\\/\\\/lavocedelpaese.info\"],\"url\":\"https:\\\/\\\/lavocedelpaese.info\\\/index.php\\\/author\\\/admin\\\/\"}]}<\/script>\n<!-- \/ Yoast SEO plugin. -->","yoast_head_json":{"title":"Ad Andria il Raduno Regionale dei Bersaglieri\u00a0\u200b - La Voce del Paese","robots":{"index":"index","follow":"follow","max-snippet":"max-snippet:-1","max-image-preview":"max-image-preview:large","max-video-preview":"max-video-preview:-1"},"canonical":"https:\/\/lavocedelpaese.info\/index.php\/2025\/06\/13\/ad-andria-il-raduno-regionale-dei-bersaglieri\/","og_locale":"it_IT","og_type":"article","og_title":"Ad Andria il Raduno Regionale dei Bersaglieri\u00a0\u200b - La Voce del Paese","og_description":"\u00a0 \u200b\u00a0 \u200b\u00a0 Prevista la partecipazione di una delegazione della Sezione di Turi La citt\u00e0 di Andria ospiter\u00e0 domenica 15","og_url":"https:\/\/lavocedelpaese.info\/index.php\/2025\/06\/13\/ad-andria-il-raduno-regionale-dei-bersaglieri\/","og_site_name":"La Voce del Paese","article_publisher":"https:\/\/www.facebook.com\/lavocedelpaese.info","article_published_time":"2025-06-13T06:13:41+00:00","author":"admin","twitter_card":"summary_large_image","twitter_misc":{"Scritto da":"admin","Tempo di lettura stimato":"2 minuti"},"schema":{"@context":"https:\/\/schema.org","@graph":[{"@type":"Article","@id":"https:\/\/lavocedelpaese.info\/index.php\/2025\/06\/13\/ad-andria-il-raduno-regionale-dei-bersaglieri\/#article","isPartOf":{"@id":"https:\/\/lavocedelpaese.info\/index.php\/2025\/06\/13\/ad-andria-il-raduno-regionale-dei-bersaglieri\/"},"author":{"name":"admin","@id":"https:\/\/lavocedelpaese.info\/#\/schema\/person\/ec151d321306bd7591f7a061abf72d88"},"headline":"Ad Andria il Raduno Regionale dei Bersaglieri\u00a0\u200b","datePublished":"2025-06-13T06:13:41+00:00","mainEntityOfPage":{"@id":"https:\/\/lavocedelpaese.info\/index.php\/2025\/06\/13\/ad-andria-il-raduno-regionale-dei-bersaglieri\/"},"wordCount":317,"commentCount":0,"publisher":{"@id":"https:\/\/lavocedelpaese.info\/#organization"},"image":{"@id":"https:\/\/lavocedelpaese.info\/index.php\/2025\/06\/13\/ad-andria-il-raduno-regionale-dei-bersaglieri\/#primaryimage"},"thumbnailUrl":"https:\/\/lavocedelpaese.info\/wp-content\/uploads\/2023\/01\/logo-150-127.png","articleSection":["network"],"inLanguage":"it-IT","potentialAction":[{"@type":"CommentAction","name":"Comment","target":["https:\/\/lavocedelpaese.info\/index.php\/2025\/06\/13\/ad-andria-il-raduno-regionale-dei-bersaglieri\/#respond"]}]},{"@type":"WebPage","@id":"https:\/\/lavocedelpaese.info\/index.php\/2025\/06\/13\/ad-andria-il-raduno-regionale-dei-bersaglieri\/","url":"https:\/\/lavocedelpaese.info\/index.php\/2025\/06\/13\/ad-andria-il-raduno-regionale-dei-bersaglieri\/","name":"Ad Andria il Raduno Regionale dei Bersaglieri\u00a0\u200b - La Voce del Paese","isPartOf":{"@id":"https:\/\/lavocedelpaese.info\/#website"},"primaryImageOfPage":{"@id":"https:\/\/lavocedelpaese.info\/index.php\/2025\/06\/13\/ad-andria-il-raduno-regionale-dei-bersaglieri\/#primaryimage"},"image":{"@id":"https:\/\/lavocedelpaese.info\/index.php\/2025\/06\/13\/ad-andria-il-raduno-regionale-dei-bersaglieri\/#primaryimage"},"thumbnailUrl":"https:\/\/lavocedelpaese.info\/wp-content\/uploads\/2023\/01\/logo-150-127.png","datePublished":"2025-06-13T06:13:41+00:00","breadcrumb":{"@id":"https:\/\/lavocedelpaese.info\/index.php\/2025\/06\/13\/ad-andria-il-raduno-regionale-dei-bersaglieri\/#breadcrumb"},"inLanguage":"it-IT","potentialAction":[{"@type":"ReadAction","target":["https:\/\/lavocedelpaese.info\/index.php\/2025\/06\/13\/ad-andria-il-raduno-regionale-dei-bersaglieri\/"]}]},{"@type":"ImageObject","inLanguage":"it-IT","@id":"https:\/\/lavocedelpaese.info\/index.php\/2025\/06\/13\/ad-andria-il-raduno-regionale-dei-bersaglieri\/#primaryimage","url":"https:\/\/lavocedelpaese.info\/wp-content\/uploads\/2023\/01\/logo-150-127.png","contentUrl":"https:\/\/lavocedelpaese.info\/wp-content\/uploads\/2023\/01\/logo-150-127.png","width":150,"height":127},{"@type":"BreadcrumbList","@id":"https:\/\/lavocedelpaese.info\/index.php\/2025\/06\/13\/ad-andria-il-raduno-regionale-dei-bersaglieri\/#breadcrumb","itemListElement":[{"@type":"ListItem","position":1,"name":"Home","item":"https:\/\/lavocedelpaese.info\/"},{"@type":"ListItem","position":2,"name":"Ad Andria il Raduno Regionale dei Bersaglieri\u00a0\u200b"}]},{"@type":"WebSite","@id":"https:\/\/lavocedelpaese.info\/#website","url":"https:\/\/lavocedelpaese.info\/","name":"La Voce del Paese","description":"Un network di idee","publisher":{"@id":"https:\/\/lavocedelpaese.info\/#organization"},"potentialAction":[{"@type":"SearchAction","target":{"@type":"EntryPoint","urlTemplate":"https:\/\/lavocedelpaese.info\/?s={search_term_string}"},"query-input":{"@type":"PropertyValueSpecification","valueRequired":true,"valueName":"search_term_string"}}],"inLanguage":"it-IT"},{"@type":"Organization","@id":"https:\/\/lavocedelpaese.info\/#organization","name":"La Voce del Paese","url":"https:\/\/lavocedelpaese.info\/","logo":{"@type":"ImageObject","inLanguage":"it-IT","@id":"https:\/\/lavocedelpaese.info\/#\/schema\/logo\/image\/","url":"https:\/\/lavocedelpaese.info\/wp-content\/uploads\/2023\/01\/cropped-logo-150-127.png","contentUrl":"https:\/\/lavocedelpaese.info\/wp-content\/uploads\/2023\/01\/cropped-logo-150-127.png","width":137,"height":119,"caption":"La Voce del Paese"},"image":{"@id":"https:\/\/lavocedelpaese.info\/#\/schema\/logo\/image\/"},"sameAs":["https:\/\/www.facebook.com\/lavocedelpaese.info"]},{"@type":"Person","@id":"https:\/\/lavocedelpaese.info\/#\/schema\/person\/ec151d321306bd7591f7a061abf72d88","name":"admin","image":{"@type":"ImageObject","inLanguage":"it-IT","@id":"https:\/\/secure.gravatar.com\/avatar\/af8f2caf0663124588de48a9380e07cbc95a74ef15b8062d0d39106c32fe3023?s=96&d=mm&r=g","url":"https:\/\/secure.gravatar.com\/avatar\/af8f2caf0663124588de48a9380e07cbc95a74ef15b8062d0d39106c32fe3023?s=96&d=mm&r=g","contentUrl":"https:\/\/secure.gravatar.com\/avatar\/af8f2caf0663124588de48a9380e07cbc95a74ef15b8062d0d39106c32fe3023?s=96&d=mm&r=g","caption":"admin"},"sameAs":["https:\/\/lavocedelpaese.info"],"url":"https:\/\/lavocedelpaese.info\/index.php\/author\/admin\/"}]}},"_links":{"self":[{"href":"https:\/\/lavocedelpaese.info\/index.php\/wp-json\/wp\/v2\/posts\/9504","targetHints":{"allow":["GET"]}}],"collection":[{"href":"https:\/\/lavocedelpaese.info\/index.php\/wp-json\/wp\/v2\/posts"}],"about":[{"href":"https:\/\/lavocedelpaese.info\/index.php\/wp-json\/wp\/v2\/types\/post"}],"author":[{"embeddable":true,"href":"https:\/\/lavocedelpaese.info\/index.php\/wp-json\/wp\/v2\/users\/6"}],"replies":[{"embeddable":true,"href":"https:\/\/lavocedelpaese.info\/index.php\/wp-json\/wp\/v2\/comments?post=9504"}],"version-history":[{"count":0,"href":"https:\/\/lavocedelpaese.info\/index.php\/wp-json\/wp\/v2\/posts\/9504\/revisions"}],"wp:featuredmedia":[{"embeddable":true,"href":"https:\/\/lavocedelpaese.info\/index.php\/wp-json\/wp\/v2\/media\/730"}],"wp:attachment":[{"href":"https:\/\/lavocedelpaese.info\/index.php\/wp-json\/wp\/v2\/media?parent=9504"}],"wp:term":[{"taxonomy":"category","embeddable":true,"href":"https:\/\/lavocedelpaese.info\/index.php\/wp-json\/wp\/v2\/categories?post=9504"},{"taxonomy":"post_tag","embeddable":true,"href":"https:\/\/lavocedelpaese.info\/index.php\/wp-json\/wp\/v2\/tags?post=9504"}],"curies":[{"name":"wp","href":"https:\/\/api.w.org\/{rel}","templated":true}]}}