{"id":9484,"date":"2025-06-08T07:57:11","date_gmt":"2025-06-08T07:57:11","guid":{"rendered":"https:\/\/lavocedelpaese.info\/index.php\/2025\/06\/08\/referendum-urne-aperte-si-vota-domenica-e-lunedi\/"},"modified":"2025-06-08T07:57:11","modified_gmt":"2025-06-08T07:57:11","slug":"referendum-urne-aperte-si-vota-domenica-e-lunedi","status":"publish","type":"post","link":"https:\/\/lavocedelpaese.info\/index.php\/2025\/06\/08\/referendum-urne-aperte-si-vota-domenica-e-lunedi\/","title":{"rendered":"Referendum: urne aperte. Si vota domenica e luned\u00ec\u00a0\u200b"},"content":{"rendered":"<p>\u00a0<\/p>\n<p>\u200b\u00a0<\/p>\n<p>\u200b\u00a0<\/p>\n<p>Domenica 8 e luned\u00ec 9 giugno 2025 si vota <a href=\"https:\/\/cassano.lavocedelpaese.info\/referendum-si-vota-l8-e-9-giugno-i-quesiti\/\">per i cinque referendum abrogativi.<\/a><\/p>\n<p>I seggi sono aperti domenica 8 giugno dalle ore 07.00 alle ore 23.00, e luned\u00ec 9 giugno dalle ore 07.00 alle ore 15.00.<\/p>\n<p>Per votare, \u00e8 necessario presentarsi al seggio con un documento di identit\u00e0 valido e la Tessera Elettorale. In caso di necessit\u00e0, come il rilascio di nuove tessere elettorali, duplicati per smarrimento o deterioramento, o tagliandi adesivi per cambio di abitazione, l\u2019Ufficio Elettorale sar\u00e0 aperto durante le operazioni di voto.<\/p>\n<p>Per informazioni sulle Consultazioni Elettorali, contattare l\u2019Ufficio Elettorale ai seguenti recapiti:<\/p>\n<p>Telefono: 080 3211 508 \/ 502<\/p>\n<p><strong>Rilascio tessere elettorali:<\/strong><\/p>\n<p>\u2013 per coloro che hanno compiuto 18 anni<\/p>\n<p>-per coloro che hanno trasferito la propria residenza nel Comune di Cassano delle Murge alla data del 24 aprile u.s.<\/p>\n<p>\u2013 per coloro che hanno cambiato residenza nell\u2019ambito di questo Comune<\/p>\n<p>\u2013 per coloro che hanno smarrito la tessera elettorale<\/p>\n<p>\u00c8 possibile ritirare la tessera dall\u2019Ufficio Elettorale comunale nei seguenti orari:<\/p>\n<p>\u2013 Domenica 8 giugno dalle ore 07:00 alle ore 23:00;<\/p>\n<p>\u2013 Luned\u00ec 9 giugno dalle ore 07:00 alle ore 15:00.<\/p>\n<p>I seggi elettorali di Cassano delle Murge sono:<\/p>\n<p>\u2013 Sezioni 1 \u2013 2 \u2013 4: Scuola dell\u2019Infanzia \u201cRegina Elena\u201d, piazza Rossani;<\/p>\n<p>\u2013 Sezioni 3 \u2013 5 \u2013 6: Scuola dell\u2019Infanzia \u201cDon Battista Armienti\u201d, viale della Resistenza \u2013 zona Sacro Cuore;<\/p>\n<p>\u2013 Sezioni 7 \u2013 8 \u2013 9: Scuola Media \u201cVincenzo Ruffo\u201d, via Mameli;<\/p>\n<p>\u2013 Sezioni 10 \u2013 11 \u2013 12 \u2013 13: Scuola Elementare \u201cArmando Perotti\u201d, via Convento.<\/p>\n<p>All\u2019elettore viene consegnata una scheda per ciascuno dei 5 quesiti.<\/p>\n<p>Il voto si esprime tracciando un segno:<\/p>\n<p>\u2013 sul S\u00cc se si desidera che la norma sottoposta a referendum sia abrogata;<\/p>\n<p>\u2013 sul NO se si desidera che la norma sottoposta a referendum resti in vigore.<\/p>\n<p>Dopo la chiusura delle urne inizieranno le operazioni di scrutinio.<\/p>\n<p>La consultazione \u00e8 valida se si reca a votare il 50%+1 degli aventi diritto al voto (quorum).<\/p>\n<p>In caso contrario, le norme per le quali il quorum non viene raggiunto resteranno in vigore.<\/p>\n<p><a class=\"a2a_button_facebook\" href=\"https:\/\/www.addtoany.com\/add_to\/facebook?linkurl=https%3A%2F%2Fcassano.lavocedelpaese.info%2Freferendum-urne-aperte-si-vota-domenica-e-lunedi%2F&amp;linkname=Referendum%3A%20urne%20aperte.%20Si%20vota%20domenica%20e%20luned%C3%AC\" title=\"Facebook\" rel=\"nofollow noopener\" target=\"_blank\"><\/a><a class=\"a2a_button_twitter\" href=\"https:\/\/www.addtoany.com\/add_to\/twitter?linkurl=https%3A%2F%2Fcassano.lavocedelpaese.info%2Freferendum-urne-aperte-si-vota-domenica-e-lunedi%2F&amp;linkname=Referendum%3A%20urne%20aperte.%20Si%20vota%20domenica%20e%20luned%C3%AC\" title=\"Twitter\" rel=\"nofollow noopener\" target=\"_blank\"><\/a><a class=\"a2a_button_whatsapp\" href=\"https:\/\/www.addtoany.com\/add_to\/whatsapp?linkurl=https%3A%2F%2Fcassano.lavocedelpaese.info%2Freferendum-urne-aperte-si-vota-domenica-e-lunedi%2F&amp;linkname=Referendum%3A%20urne%20aperte.%20Si%20vota%20domenica%20e%20luned%C3%AC\" title=\"WhatsApp\" rel=\"nofollow noopener\" target=\"_blank\"><\/a><a class=\"a2a_button_telegram\" href=\"https:\/\/www.addtoany.com\/add_to\/telegram?linkurl=https%3A%2F%2Fcassano.lavocedelpaese.info%2Freferendum-urne-aperte-si-vota-domenica-e-lunedi%2F&amp;linkname=Referendum%3A%20urne%20aperte.%20Si%20vota%20domenica%20e%20luned%C3%AC\" title=\"Telegram\" rel=\"nofollow noopener\" target=\"_blank\"><\/a><a class=\"a2a_button_email\" href=\"https:\/\/www.addtoany.com\/add_to\/email?linkurl=https%3A%2F%2Fcassano.lavocedelpaese.info%2Freferendum-urne-aperte-si-vota-domenica-e-lunedi%2F&amp;linkname=Referendum%3A%20urne%20aperte.%20Si%20vota%20domenica%20e%20luned%C3%AC\" title=\"Email\" rel=\"nofollow noopener\" target=\"_blank\"><\/a><\/p>\n<p>\u00a0<\/p>\n<p>\u00a0<\/p>\n<p>\u200b\u00a0\u00a0\u00a0<\/p>","protected":false},"excerpt":{"rendered":"<p>\u00a0 \u200b\u00a0 \u200b\u00a0 Domenica 8 e luned\u00ec 9 giugno 2025 si vota per i cinque referendum abrogativi. I seggi sono<\/p>\n","protected":false},"author":6,"featured_media":730,"comment_status":"open","ping_status":"closed","sticky":false,"template":"","format":"standard","meta":{"colormag_page_container_layout":"default_layout","colormag_page_sidebar_layout":"default_layout","footnotes":""},"categories":[33],"tags":[],"class_list":["post-9484","post","type-post","status-publish","format-standard","has-post-thumbnail","hentry","category-network"],"yoast_head":"<!-- This site is optimized with the Yoast SEO plugin v27.5 - https:\/\/yoast.com\/product\/yoast-seo-wordpress\/ -->\n<title>Referendum: urne aperte. Si vota domenica e luned\u00ec\u00a0\u200b - La Voce del Paese<\/title>\n<meta name=\"robots\" content=\"index, follow, max-snippet:-1, max-image-preview:large, max-video-preview:-1\" \/>\n<link rel=\"canonical\" href=\"https:\/\/lavocedelpaese.info\/index.php\/2025\/06\/08\/referendum-urne-aperte-si-vota-domenica-e-lunedi\/\" \/>\n<meta property=\"og:locale\" content=\"it_IT\" \/>\n<meta property=\"og:type\" content=\"article\" \/>\n<meta property=\"og:title\" content=\"Referendum: urne aperte. Si vota domenica e luned\u00ec\u00a0\u200b - La Voce del Paese\" \/>\n<meta property=\"og:description\" content=\"\u00a0 \u200b\u00a0 \u200b\u00a0 Domenica 8 e luned\u00ec 9 giugno 2025 si vota per i cinque referendum abrogativi. I seggi sono\" \/>\n<meta property=\"og:url\" content=\"https:\/\/lavocedelpaese.info\/index.php\/2025\/06\/08\/referendum-urne-aperte-si-vota-domenica-e-lunedi\/\" \/>\n<meta property=\"og:site_name\" content=\"La Voce del Paese\" \/>\n<meta property=\"article:publisher\" content=\"https:\/\/www.facebook.com\/lavocedelpaese.info\" \/>\n<meta property=\"article:published_time\" content=\"2025-06-08T07:57:11+00:00\" \/>\n<meta name=\"author\" content=\"admin\" \/>\n<meta name=\"twitter:card\" content=\"summary_large_image\" \/>\n<meta name=\"twitter:label1\" content=\"Scritto da\" \/>\n\t<meta name=\"twitter:data1\" content=\"admin\" \/>\n\t<meta name=\"twitter:label2\" content=\"Tempo di lettura stimato\" \/>\n\t<meta name=\"twitter:data2\" content=\"1 minuto\" \/>\n<script type=\"application\/ld+json\" class=\"yoast-schema-graph\">{\"@context\":\"https:\\\/\\\/schema.org\",\"@graph\":[{\"@type\":\"Article\",\"@id\":\"https:\\\/\\\/lavocedelpaese.info\\\/index.php\\\/2025\\\/06\\\/08\\\/referendum-urne-aperte-si-vota-domenica-e-lunedi\\\/#article\",\"isPartOf\":{\"@id\":\"https:\\\/\\\/lavocedelpaese.info\\\/index.php\\\/2025\\\/06\\\/08\\\/referendum-urne-aperte-si-vota-domenica-e-lunedi\\\/\"},\"author\":{\"name\":\"admin\",\"@id\":\"https:\\\/\\\/lavocedelpaese.info\\\/#\\\/schema\\\/person\\\/ec151d321306bd7591f7a061abf72d88\"},\"headline\":\"Referendum: urne aperte. Si vota domenica e luned\u00ec\u00a0\u200b\",\"datePublished\":\"2025-06-08T07:57:11+00:00\",\"mainEntityOfPage\":{\"@id\":\"https:\\\/\\\/lavocedelpaese.info\\\/index.php\\\/2025\\\/06\\\/08\\\/referendum-urne-aperte-si-vota-domenica-e-lunedi\\\/\"},\"wordCount\":297,\"commentCount\":0,\"publisher\":{\"@id\":\"https:\\\/\\\/lavocedelpaese.info\\\/#organization\"},\"image\":{\"@id\":\"https:\\\/\\\/lavocedelpaese.info\\\/index.php\\\/2025\\\/06\\\/08\\\/referendum-urne-aperte-si-vota-domenica-e-lunedi\\\/#primaryimage\"},\"thumbnailUrl\":\"https:\\\/\\\/lavocedelpaese.info\\\/wp-content\\\/uploads\\\/2023\\\/01\\\/logo-150-127.png\",\"articleSection\":[\"network\"],\"inLanguage\":\"it-IT\",\"potentialAction\":[{\"@type\":\"CommentAction\",\"name\":\"Comment\",\"target\":[\"https:\\\/\\\/lavocedelpaese.info\\\/index.php\\\/2025\\\/06\\\/08\\\/referendum-urne-aperte-si-vota-domenica-e-lunedi\\\/#respond\"]}]},{\"@type\":\"WebPage\",\"@id\":\"https:\\\/\\\/lavocedelpaese.info\\\/index.php\\\/2025\\\/06\\\/08\\\/referendum-urne-aperte-si-vota-domenica-e-lunedi\\\/\",\"url\":\"https:\\\/\\\/lavocedelpaese.info\\\/index.php\\\/2025\\\/06\\\/08\\\/referendum-urne-aperte-si-vota-domenica-e-lunedi\\\/\",\"name\":\"Referendum: urne aperte. Si vota domenica e luned\u00ec\u00a0\u200b - La Voce del Paese\",\"isPartOf\":{\"@id\":\"https:\\\/\\\/lavocedelpaese.info\\\/#website\"},\"primaryImageOfPage\":{\"@id\":\"https:\\\/\\\/lavocedelpaese.info\\\/index.php\\\/2025\\\/06\\\/08\\\/referendum-urne-aperte-si-vota-domenica-e-lunedi\\\/#primaryimage\"},\"image\":{\"@id\":\"https:\\\/\\\/lavocedelpaese.info\\\/index.php\\\/2025\\\/06\\\/08\\\/referendum-urne-aperte-si-vota-domenica-e-lunedi\\\/#primaryimage\"},\"thumbnailUrl\":\"https:\\\/\\\/lavocedelpaese.info\\\/wp-content\\\/uploads\\\/2023\\\/01\\\/logo-150-127.png\",\"datePublished\":\"2025-06-08T07:57:11+00:00\",\"breadcrumb\":{\"@id\":\"https:\\\/\\\/lavocedelpaese.info\\\/index.php\\\/2025\\\/06\\\/08\\\/referendum-urne-aperte-si-vota-domenica-e-lunedi\\\/#breadcrumb\"},\"inLanguage\":\"it-IT\",\"potentialAction\":[{\"@type\":\"ReadAction\",\"target\":[\"https:\\\/\\\/lavocedelpaese.info\\\/index.php\\\/2025\\\/06\\\/08\\\/referendum-urne-aperte-si-vota-domenica-e-lunedi\\\/\"]}]},{\"@type\":\"ImageObject\",\"inLanguage\":\"it-IT\",\"@id\":\"https:\\\/\\\/lavocedelpaese.info\\\/index.php\\\/2025\\\/06\\\/08\\\/referendum-urne-aperte-si-vota-domenica-e-lunedi\\\/#primaryimage\",\"url\":\"https:\\\/\\\/lavocedelpaese.info\\\/wp-content\\\/uploads\\\/2023\\\/01\\\/logo-150-127.png\",\"contentUrl\":\"https:\\\/\\\/lavocedelpaese.info\\\/wp-content\\\/uploads\\\/2023\\\/01\\\/logo-150-127.png\",\"width\":150,\"height\":127},{\"@type\":\"BreadcrumbList\",\"@id\":\"https:\\\/\\\/lavocedelpaese.info\\\/index.php\\\/2025\\\/06\\\/08\\\/referendum-urne-aperte-si-vota-domenica-e-lunedi\\\/#breadcrumb\",\"itemListElement\":[{\"@type\":\"ListItem\",\"position\":1,\"name\":\"Home\",\"item\":\"https:\\\/\\\/lavocedelpaese.info\\\/\"},{\"@type\":\"ListItem\",\"position\":2,\"name\":\"Referendum: urne aperte. Si vota domenica e luned\u00ec\u00a0\u200b\"}]},{\"@type\":\"WebSite\",\"@id\":\"https:\\\/\\\/lavocedelpaese.info\\\/#website\",\"url\":\"https:\\\/\\\/lavocedelpaese.info\\\/\",\"name\":\"La Voce del Paese\",\"description\":\"Un network di idee\",\"publisher\":{\"@id\":\"https:\\\/\\\/lavocedelpaese.info\\\/#organization\"},\"potentialAction\":[{\"@type\":\"SearchAction\",\"target\":{\"@type\":\"EntryPoint\",\"urlTemplate\":\"https:\\\/\\\/lavocedelpaese.info\\\/?s={search_term_string}\"},\"query-input\":{\"@type\":\"PropertyValueSpecification\",\"valueRequired\":true,\"valueName\":\"search_term_string\"}}],\"inLanguage\":\"it-IT\"},{\"@type\":\"Organization\",\"@id\":\"https:\\\/\\\/lavocedelpaese.info\\\/#organization\",\"name\":\"La Voce del Paese\",\"url\":\"https:\\\/\\\/lavocedelpaese.info\\\/\",\"logo\":{\"@type\":\"ImageObject\",\"inLanguage\":\"it-IT\",\"@id\":\"https:\\\/\\\/lavocedelpaese.info\\\/#\\\/schema\\\/logo\\\/image\\\/\",\"url\":\"https:\\\/\\\/lavocedelpaese.info\\\/wp-content\\\/uploads\\\/2023\\\/01\\\/cropped-logo-150-127.png\",\"contentUrl\":\"https:\\\/\\\/lavocedelpaese.info\\\/wp-content\\\/uploads\\\/2023\\\/01\\\/cropped-logo-150-127.png\",\"width\":137,\"height\":119,\"caption\":\"La Voce del Paese\"},\"image\":{\"@id\":\"https:\\\/\\\/lavocedelpaese.info\\\/#\\\/schema\\\/logo\\\/image\\\/\"},\"sameAs\":[\"https:\\\/\\\/www.facebook.com\\\/lavocedelpaese.info\"]},{\"@type\":\"Person\",\"@id\":\"https:\\\/\\\/lavocedelpaese.info\\\/#\\\/schema\\\/person\\\/ec151d321306bd7591f7a061abf72d88\",\"name\":\"admin\",\"image\":{\"@type\":\"ImageObject\",\"inLanguage\":\"it-IT\",\"@id\":\"https:\\\/\\\/secure.gravatar.com\\\/avatar\\\/af8f2caf0663124588de48a9380e07cbc95a74ef15b8062d0d39106c32fe3023?s=96&d=mm&r=g\",\"url\":\"https:\\\/\\\/secure.gravatar.com\\\/avatar\\\/af8f2caf0663124588de48a9380e07cbc95a74ef15b8062d0d39106c32fe3023?s=96&d=mm&r=g\",\"contentUrl\":\"https:\\\/\\\/secure.gravatar.com\\\/avatar\\\/af8f2caf0663124588de48a9380e07cbc95a74ef15b8062d0d39106c32fe3023?s=96&d=mm&r=g\",\"caption\":\"admin\"},\"sameAs\":[\"https:\\\/\\\/lavocedelpaese.info\"],\"url\":\"https:\\\/\\\/lavocedelpaese.info\\\/index.php\\\/author\\\/admin\\\/\"}]}<\/script>\n<!-- \/ Yoast SEO plugin. -->","yoast_head_json":{"title":"Referendum: urne aperte. Si vota domenica e luned\u00ec\u00a0\u200b - La Voce del Paese","robots":{"index":"index","follow":"follow","max-snippet":"max-snippet:-1","max-image-preview":"max-image-preview:large","max-video-preview":"max-video-preview:-1"},"canonical":"https:\/\/lavocedelpaese.info\/index.php\/2025\/06\/08\/referendum-urne-aperte-si-vota-domenica-e-lunedi\/","og_locale":"it_IT","og_type":"article","og_title":"Referendum: urne aperte. Si vota domenica e luned\u00ec\u00a0\u200b - La Voce del Paese","og_description":"\u00a0 \u200b\u00a0 \u200b\u00a0 Domenica 8 e luned\u00ec 9 giugno 2025 si vota per i cinque referendum abrogativi. I seggi sono","og_url":"https:\/\/lavocedelpaese.info\/index.php\/2025\/06\/08\/referendum-urne-aperte-si-vota-domenica-e-lunedi\/","og_site_name":"La Voce del Paese","article_publisher":"https:\/\/www.facebook.com\/lavocedelpaese.info","article_published_time":"2025-06-08T07:57:11+00:00","author":"admin","twitter_card":"summary_large_image","twitter_misc":{"Scritto da":"admin","Tempo di lettura stimato":"1 minuto"},"schema":{"@context":"https:\/\/schema.org","@graph":[{"@type":"Article","@id":"https:\/\/lavocedelpaese.info\/index.php\/2025\/06\/08\/referendum-urne-aperte-si-vota-domenica-e-lunedi\/#article","isPartOf":{"@id":"https:\/\/lavocedelpaese.info\/index.php\/2025\/06\/08\/referendum-urne-aperte-si-vota-domenica-e-lunedi\/"},"author":{"name":"admin","@id":"https:\/\/lavocedelpaese.info\/#\/schema\/person\/ec151d321306bd7591f7a061abf72d88"},"headline":"Referendum: urne aperte. Si vota domenica e luned\u00ec\u00a0\u200b","datePublished":"2025-06-08T07:57:11+00:00","mainEntityOfPage":{"@id":"https:\/\/lavocedelpaese.info\/index.php\/2025\/06\/08\/referendum-urne-aperte-si-vota-domenica-e-lunedi\/"},"wordCount":297,"commentCount":0,"publisher":{"@id":"https:\/\/lavocedelpaese.info\/#organization"},"image":{"@id":"https:\/\/lavocedelpaese.info\/index.php\/2025\/06\/08\/referendum-urne-aperte-si-vota-domenica-e-lunedi\/#primaryimage"},"thumbnailUrl":"https:\/\/lavocedelpaese.info\/wp-content\/uploads\/2023\/01\/logo-150-127.png","articleSection":["network"],"inLanguage":"it-IT","potentialAction":[{"@type":"CommentAction","name":"Comment","target":["https:\/\/lavocedelpaese.info\/index.php\/2025\/06\/08\/referendum-urne-aperte-si-vota-domenica-e-lunedi\/#respond"]}]},{"@type":"WebPage","@id":"https:\/\/lavocedelpaese.info\/index.php\/2025\/06\/08\/referendum-urne-aperte-si-vota-domenica-e-lunedi\/","url":"https:\/\/lavocedelpaese.info\/index.php\/2025\/06\/08\/referendum-urne-aperte-si-vota-domenica-e-lunedi\/","name":"Referendum: urne aperte. Si vota domenica e luned\u00ec\u00a0\u200b - La Voce del Paese","isPartOf":{"@id":"https:\/\/lavocedelpaese.info\/#website"},"primaryImageOfPage":{"@id":"https:\/\/lavocedelpaese.info\/index.php\/2025\/06\/08\/referendum-urne-aperte-si-vota-domenica-e-lunedi\/#primaryimage"},"image":{"@id":"https:\/\/lavocedelpaese.info\/index.php\/2025\/06\/08\/referendum-urne-aperte-si-vota-domenica-e-lunedi\/#primaryimage"},"thumbnailUrl":"https:\/\/lavocedelpaese.info\/wp-content\/uploads\/2023\/01\/logo-150-127.png","datePublished":"2025-06-08T07:57:11+00:00","breadcrumb":{"@id":"https:\/\/lavocedelpaese.info\/index.php\/2025\/06\/08\/referendum-urne-aperte-si-vota-domenica-e-lunedi\/#breadcrumb"},"inLanguage":"it-IT","potentialAction":[{"@type":"ReadAction","target":["https:\/\/lavocedelpaese.info\/index.php\/2025\/06\/08\/referendum-urne-aperte-si-vota-domenica-e-lunedi\/"]}]},{"@type":"ImageObject","inLanguage":"it-IT","@id":"https:\/\/lavocedelpaese.info\/index.php\/2025\/06\/08\/referendum-urne-aperte-si-vota-domenica-e-lunedi\/#primaryimage","url":"https:\/\/lavocedelpaese.info\/wp-content\/uploads\/2023\/01\/logo-150-127.png","contentUrl":"https:\/\/lavocedelpaese.info\/wp-content\/uploads\/2023\/01\/logo-150-127.png","width":150,"height":127},{"@type":"BreadcrumbList","@id":"https:\/\/lavocedelpaese.info\/index.php\/2025\/06\/08\/referendum-urne-aperte-si-vota-domenica-e-lunedi\/#breadcrumb","itemListElement":[{"@type":"ListItem","position":1,"name":"Home","item":"https:\/\/lavocedelpaese.info\/"},{"@type":"ListItem","position":2,"name":"Referendum: urne aperte. Si vota domenica e luned\u00ec\u00a0\u200b"}]},{"@type":"WebSite","@id":"https:\/\/lavocedelpaese.info\/#website","url":"https:\/\/lavocedelpaese.info\/","name":"La Voce del Paese","description":"Un network di idee","publisher":{"@id":"https:\/\/lavocedelpaese.info\/#organization"},"potentialAction":[{"@type":"SearchAction","target":{"@type":"EntryPoint","urlTemplate":"https:\/\/lavocedelpaese.info\/?s={search_term_string}"},"query-input":{"@type":"PropertyValueSpecification","valueRequired":true,"valueName":"search_term_string"}}],"inLanguage":"it-IT"},{"@type":"Organization","@id":"https:\/\/lavocedelpaese.info\/#organization","name":"La Voce del Paese","url":"https:\/\/lavocedelpaese.info\/","logo":{"@type":"ImageObject","inLanguage":"it-IT","@id":"https:\/\/lavocedelpaese.info\/#\/schema\/logo\/image\/","url":"https:\/\/lavocedelpaese.info\/wp-content\/uploads\/2023\/01\/cropped-logo-150-127.png","contentUrl":"https:\/\/lavocedelpaese.info\/wp-content\/uploads\/2023\/01\/cropped-logo-150-127.png","width":137,"height":119,"caption":"La Voce del Paese"},"image":{"@id":"https:\/\/lavocedelpaese.info\/#\/schema\/logo\/image\/"},"sameAs":["https:\/\/www.facebook.com\/lavocedelpaese.info"]},{"@type":"Person","@id":"https:\/\/lavocedelpaese.info\/#\/schema\/person\/ec151d321306bd7591f7a061abf72d88","name":"admin","image":{"@type":"ImageObject","inLanguage":"it-IT","@id":"https:\/\/secure.gravatar.com\/avatar\/af8f2caf0663124588de48a9380e07cbc95a74ef15b8062d0d39106c32fe3023?s=96&d=mm&r=g","url":"https:\/\/secure.gravatar.com\/avatar\/af8f2caf0663124588de48a9380e07cbc95a74ef15b8062d0d39106c32fe3023?s=96&d=mm&r=g","contentUrl":"https:\/\/secure.gravatar.com\/avatar\/af8f2caf0663124588de48a9380e07cbc95a74ef15b8062d0d39106c32fe3023?s=96&d=mm&r=g","caption":"admin"},"sameAs":["https:\/\/lavocedelpaese.info"],"url":"https:\/\/lavocedelpaese.info\/index.php\/author\/admin\/"}]}},"_links":{"self":[{"href":"https:\/\/lavocedelpaese.info\/index.php\/wp-json\/wp\/v2\/posts\/9484","targetHints":{"allow":["GET"]}}],"collection":[{"href":"https:\/\/lavocedelpaese.info\/index.php\/wp-json\/wp\/v2\/posts"}],"about":[{"href":"https:\/\/lavocedelpaese.info\/index.php\/wp-json\/wp\/v2\/types\/post"}],"author":[{"embeddable":true,"href":"https:\/\/lavocedelpaese.info\/index.php\/wp-json\/wp\/v2\/users\/6"}],"replies":[{"embeddable":true,"href":"https:\/\/lavocedelpaese.info\/index.php\/wp-json\/wp\/v2\/comments?post=9484"}],"version-history":[{"count":0,"href":"https:\/\/lavocedelpaese.info\/index.php\/wp-json\/wp\/v2\/posts\/9484\/revisions"}],"wp:featuredmedia":[{"embeddable":true,"href":"https:\/\/lavocedelpaese.info\/index.php\/wp-json\/wp\/v2\/media\/730"}],"wp:attachment":[{"href":"https:\/\/lavocedelpaese.info\/index.php\/wp-json\/wp\/v2\/media?parent=9484"}],"wp:term":[{"taxonomy":"category","embeddable":true,"href":"https:\/\/lavocedelpaese.info\/index.php\/wp-json\/wp\/v2\/categories?post=9484"},{"taxonomy":"post_tag","embeddable":true,"href":"https:\/\/lavocedelpaese.info\/index.php\/wp-json\/wp\/v2\/tags?post=9484"}],"curies":[{"name":"wp","href":"https:\/\/api.w.org\/{rel}","templated":true}]}}