{"id":9479,"date":"2025-06-05T14:17:03","date_gmt":"2025-06-05T14:17:03","guid":{"rendered":"https:\/\/lavocedelpaese.info\/index.php\/2025\/06\/05\/la-s-d-thuriae-unisce-sport-e-inclusione\/"},"modified":"2025-06-05T14:17:03","modified_gmt":"2025-06-05T14:17:03","slug":"la-s-d-thuriae-unisce-sport-e-inclusione","status":"publish","type":"post","link":"https:\/\/lavocedelpaese.info\/index.php\/2025\/06\/05\/la-s-d-thuriae-unisce-sport-e-inclusione\/","title":{"rendered":"L\u2019A.S.D.\u00a0Thuriae unisce sport e inclusione\u00a0\u200b"},"content":{"rendered":"<p>\u00a0<\/p>\n<p>\u200b\u00a0<\/p>\n<p>\u200b\u00a0<\/p>\n<div><\/div>\n<h4 class=\"wp-block-heading\"><strong>Successo per la prima edizione del Torneo della Ciliegia Ferrovia di Turi, che ha visto la partecipazione dell\u2019UIC Bari 1988<\/strong><\/h4>\n<p>Un weekend di sport, sorrisi e valori condivisi ha animato il Palazzetto dello Sport di Turi, dove si \u00e8 tenuta la prima edizione del \u201cTorneo della Ciliegia Ferrovia\u201d, inserito nel programma della rassegna \u201cTempo delle Ciliegie\u201d. L\u2019evento, organizzato dall\u2019ASD Thuriae \u2013 che ha anche partecipato attivamente con le sue squadre \u2013 \u00e8 stato dedicato alle categorie giovanili \u201cPrimi Calci\u201d e \u201cPulcini\u201d, riuscendo a coniugare competizione sportiva, inclusione sociale e valorizzazione delle tradizioni locali.<\/p>\n<p>Le squadre protagoniste \u2013 <strong>Azzurri Conversano<\/strong>, <strong>Sammichele 1992<\/strong>, <strong>ASD Sport Sammichele<\/strong> e la stessa <strong>ASD Thuriae<\/strong> \u2013 hanno dato vita a match emozionanti, mostrando talento, spirito di squadra e grande entusiasmo. Il torneo ha rappresentato un momento di crescita e confronto per i piccoli atleti, con una forte partecipazione del pubblico che ha riempito gli spalti e sostenuto ogni azione con calore.<\/p>\n<p>A rendere ancora pi\u00f9 significativo l\u2019evento \u00e8 stata la partecipazione dell\u2019<strong>ASD UIC Bari 1988<\/strong>. Gli atleti non vedenti, accompagnati dal presidente Giuseppe Catarinella e dal tecnico Michele Pugliese, hanno prima disputato una toccante partita dimostrativa, per poi coinvolgere spettatori e giovani calciatori in momenti di interazione e condivisione, testimoniando quanto lo sport possa essere veicolo di inclusione e abbattimento delle barriere.<\/p>\n<figure class=\"wp-block-image size-full\"><img decoding=\"async\" width=\"1600\" height=\"1200\" src=\"https:\/\/turi.lavocedelpaese.info\/wp-content\/uploads\/2025\/06\/1000069448.jpg\" alt=\"\" class=\"wp-image-7175\"\/><\/figure>\n<p>Durante la manifestazione sono intervenute diverse figure istituzionali che hanno sottolineato il valore dell\u2019iniziativa. Tra loro <strong>Livio Lerede<\/strong>, presidente della Sagra della Ciliegia Ferrovia; il sindaco di Turi <strong>Giuseppe De Tomaso<\/strong>; l\u2019assessore allo Sport <strong>Angelo Palmisano<\/strong>; il consigliere regionale <strong>Tommaso Scatigna<\/strong> e<strong> Antonio Giampietro<\/strong>, garante regionale dei diritti delle persone con disabilit\u00e0. Tutti hanno ribadito l\u2019importanza di promuovere uno sport accessibile, che valorizzi le diversit\u00e0 e rafforzi il senso di comunit\u00e0.<\/p>\n<figure class=\"wp-block-image size-full\"><img decoding=\"async\" width=\"1600\" height=\"1200\" src=\"https:\/\/turi.lavocedelpaese.info\/wp-content\/uploads\/2025\/06\/1000069448.jpg\" alt=\"\" class=\"wp-image-7175\"\/><\/figure>\n<p>A fare da cornice alla manifestazione, il gusto e i sapori delle eccellenze locali. Le celebri ciliegie Ferrovia di Turi, simbolo identitario del territorio, sono state donate ai presenti grazie alla generosit\u00e0 dell\u2019associazione <strong>\u201cIn Piazza\u201d<\/strong>, che ha coinvolto l\u2019ASD Thuriae nell\u2019organizzazione di questo evento. Non sono mancate le tradizionali Faldacchee di Turi, offerte da <strong>Dolciaria Aurelia<\/strong>, <strong>Cristalli di Zucchero<\/strong>, <strong>Luciana i Dolci <\/strong>e <strong>Lucia Massaro<\/strong>, in un perfetto connubio tra cultura gastronomica e festa dello sport. Un ringraziamento speciale \u00e8 stato rivolto a <strong>Stefano De Carolis<\/strong>, da due anni impegnato nella promozione del legame tra tradizione e iniziative sociali.<\/p>\n<p>Fondamentale anche il supporto di <strong>Rescue Life APS<\/strong> per l\u2019assistenza sanitaria e dell\u2019azienda <strong>Millemolliche<\/strong> per il ricco buffet che ha deliziato i partecipanti.<\/p>\n<p>Il \u201cTorneo della Ciliegia Ferrovia\u201d si chiude cos\u00ec con un bilancio pi\u00f9 che positivo, gettando le basi per una tradizione destinata a crescere, dove sport, inclusione e identit\u00e0 locale si incontrano per costruire un futuro pi\u00f9 unito e partecipato.<\/p>\n<figure class=\"wp-block-image size-full\"><img decoding=\"async\" width=\"1600\" height=\"1068\" src=\"https:\/\/turi.lavocedelpaese.info\/wp-content\/uploads\/2025\/06\/1000069449.jpg\" alt=\"\" class=\"wp-image-7176\"\/><\/figure>\n<p><a class=\"a2a_button_facebook\" href=\"https:\/\/www.addtoany.com\/add_to\/facebook?linkurl=https%3A%2F%2Fturi.lavocedelpaese.info%2Fla-s-d-thuriae-unisce-sport-e-inclusione%2F&amp;linkname=L%E2%80%99A.S.D.%C2%A0Thuriae%20unisce%20sport%20e%20inclusione\" title=\"Facebook\" rel=\"nofollow noopener\" target=\"_blank\"><\/a><a class=\"a2a_button_twitter\" href=\"https:\/\/www.addtoany.com\/add_to\/twitter?linkurl=https%3A%2F%2Fturi.lavocedelpaese.info%2Fla-s-d-thuriae-unisce-sport-e-inclusione%2F&amp;linkname=L%E2%80%99A.S.D.%C2%A0Thuriae%20unisce%20sport%20e%20inclusione\" title=\"Twitter\" rel=\"nofollow noopener\" target=\"_blank\"><\/a><a class=\"a2a_button_whatsapp\" href=\"https:\/\/www.addtoany.com\/add_to\/whatsapp?linkurl=https%3A%2F%2Fturi.lavocedelpaese.info%2Fla-s-d-thuriae-unisce-sport-e-inclusione%2F&amp;linkname=L%E2%80%99A.S.D.%C2%A0Thuriae%20unisce%20sport%20e%20inclusione\" title=\"WhatsApp\" rel=\"nofollow noopener\" target=\"_blank\"><\/a><a class=\"a2a_button_telegram\" href=\"https:\/\/www.addtoany.com\/add_to\/telegram?linkurl=https%3A%2F%2Fturi.lavocedelpaese.info%2Fla-s-d-thuriae-unisce-sport-e-inclusione%2F&amp;linkname=L%E2%80%99A.S.D.%C2%A0Thuriae%20unisce%20sport%20e%20inclusione\" title=\"Telegram\" rel=\"nofollow noopener\" target=\"_blank\"><\/a><a class=\"a2a_button_email\" href=\"https:\/\/www.addtoany.com\/add_to\/email?linkurl=https%3A%2F%2Fturi.lavocedelpaese.info%2Fla-s-d-thuriae-unisce-sport-e-inclusione%2F&amp;linkname=L%E2%80%99A.S.D.%C2%A0Thuriae%20unisce%20sport%20e%20inclusione\" title=\"Email\" rel=\"nofollow noopener\" target=\"_blank\"><\/a><\/p>\n<p>L&#8217;articolo <a href=\"https:\/\/turi.lavocedelpaese.info\/la-s-d-thuriae-unisce-sport-e-inclusione\/\">L\u2019A.S.D.\u00a0Thuriae unisce sport e inclusione<\/a> proviene da <a href=\"https:\/\/turi.lavocedelpaese.info\/\">Turi &#8211; La Voce del Paese<\/a>.<\/p>\n<p>\u00a0<\/p>\n<p>\u00a0<\/p>\n<p>\u200b\u00a0\u00a0\u00a0<\/p>","protected":false},"excerpt":{"rendered":"<p>\u00a0 \u200b\u00a0 \u200b\u00a0 Successo per la prima edizione del Torneo della Ciliegia Ferrovia di Turi, che ha visto la partecipazione<\/p>\n","protected":false},"author":6,"featured_media":9480,"comment_status":"open","ping_status":"closed","sticky":false,"template":"","format":"standard","meta":{"colormag_page_container_layout":"default_layout","colormag_page_sidebar_layout":"default_layout","footnotes":""},"categories":[33],"tags":[],"class_list":["post-9479","post","type-post","status-publish","format-standard","has-post-thumbnail","hentry","category-network"],"yoast_head":"<!-- This site is optimized with the Yoast SEO plugin v27.5 - https:\/\/yoast.com\/product\/yoast-seo-wordpress\/ -->\n<title>L\u2019A.S.D.\u00a0Thuriae unisce sport e inclusione\u00a0\u200b - La Voce del Paese<\/title>\n<meta name=\"robots\" content=\"index, follow, max-snippet:-1, max-image-preview:large, max-video-preview:-1\" \/>\n<link rel=\"canonical\" href=\"https:\/\/lavocedelpaese.info\/index.php\/2025\/06\/05\/la-s-d-thuriae-unisce-sport-e-inclusione\/\" \/>\n<meta property=\"og:locale\" content=\"it_IT\" \/>\n<meta property=\"og:type\" content=\"article\" \/>\n<meta property=\"og:title\" content=\"L\u2019A.S.D.\u00a0Thuriae unisce sport e inclusione\u00a0\u200b - La Voce del Paese\" \/>\n<meta property=\"og:description\" content=\"\u00a0 \u200b\u00a0 \u200b\u00a0 Successo per la prima edizione del Torneo della Ciliegia Ferrovia di Turi, che ha visto la partecipazione\" \/>\n<meta property=\"og:url\" content=\"https:\/\/lavocedelpaese.info\/index.php\/2025\/06\/05\/la-s-d-thuriae-unisce-sport-e-inclusione\/\" \/>\n<meta property=\"og:site_name\" content=\"La Voce del Paese\" \/>\n<meta property=\"article:publisher\" content=\"https:\/\/www.facebook.com\/lavocedelpaese.info\" \/>\n<meta property=\"article:published_time\" content=\"2025-06-05T14:17:03+00:00\" \/>\n<meta name=\"author\" content=\"admin\" \/>\n<meta name=\"twitter:card\" content=\"summary_large_image\" \/>\n<meta name=\"twitter:label1\" content=\"Scritto da\" \/>\n\t<meta name=\"twitter:data1\" content=\"admin\" \/>\n\t<meta name=\"twitter:label2\" content=\"Tempo di lettura stimato\" \/>\n\t<meta name=\"twitter:data2\" content=\"2 minuti\" \/>\n<script type=\"application\/ld+json\" class=\"yoast-schema-graph\">{\"@context\":\"https:\\\/\\\/schema.org\",\"@graph\":[{\"@type\":\"Article\",\"@id\":\"https:\\\/\\\/lavocedelpaese.info\\\/index.php\\\/2025\\\/06\\\/05\\\/la-s-d-thuriae-unisce-sport-e-inclusione\\\/#article\",\"isPartOf\":{\"@id\":\"https:\\\/\\\/lavocedelpaese.info\\\/index.php\\\/2025\\\/06\\\/05\\\/la-s-d-thuriae-unisce-sport-e-inclusione\\\/\"},\"author\":{\"name\":\"admin\",\"@id\":\"https:\\\/\\\/lavocedelpaese.info\\\/#\\\/schema\\\/person\\\/ec151d321306bd7591f7a061abf72d88\"},\"headline\":\"L\u2019A.S.D.\u00a0Thuriae unisce sport e inclusione\u00a0\u200b\",\"datePublished\":\"2025-06-05T14:17:03+00:00\",\"mainEntityOfPage\":{\"@id\":\"https:\\\/\\\/lavocedelpaese.info\\\/index.php\\\/2025\\\/06\\\/05\\\/la-s-d-thuriae-unisce-sport-e-inclusione\\\/\"},\"wordCount\":478,\"commentCount\":0,\"publisher\":{\"@id\":\"https:\\\/\\\/lavocedelpaese.info\\\/#organization\"},\"image\":{\"@id\":\"https:\\\/\\\/lavocedelpaese.info\\\/index.php\\\/2025\\\/06\\\/05\\\/la-s-d-thuriae-unisce-sport-e-inclusione\\\/#primaryimage\"},\"thumbnailUrl\":\"https:\\\/\\\/lavocedelpaese.info\\\/wp-content\\\/uploads\\\/2025\\\/06\\\/1000069448-CvtL5C.jpg\",\"articleSection\":[\"network\"],\"inLanguage\":\"it-IT\",\"potentialAction\":[{\"@type\":\"CommentAction\",\"name\":\"Comment\",\"target\":[\"https:\\\/\\\/lavocedelpaese.info\\\/index.php\\\/2025\\\/06\\\/05\\\/la-s-d-thuriae-unisce-sport-e-inclusione\\\/#respond\"]}]},{\"@type\":\"WebPage\",\"@id\":\"https:\\\/\\\/lavocedelpaese.info\\\/index.php\\\/2025\\\/06\\\/05\\\/la-s-d-thuriae-unisce-sport-e-inclusione\\\/\",\"url\":\"https:\\\/\\\/lavocedelpaese.info\\\/index.php\\\/2025\\\/06\\\/05\\\/la-s-d-thuriae-unisce-sport-e-inclusione\\\/\",\"name\":\"L\u2019A.S.D.\u00a0Thuriae unisce sport e inclusione\u00a0\u200b - La Voce del Paese\",\"isPartOf\":{\"@id\":\"https:\\\/\\\/lavocedelpaese.info\\\/#website\"},\"primaryImageOfPage\":{\"@id\":\"https:\\\/\\\/lavocedelpaese.info\\\/index.php\\\/2025\\\/06\\\/05\\\/la-s-d-thuriae-unisce-sport-e-inclusione\\\/#primaryimage\"},\"image\":{\"@id\":\"https:\\\/\\\/lavocedelpaese.info\\\/index.php\\\/2025\\\/06\\\/05\\\/la-s-d-thuriae-unisce-sport-e-inclusione\\\/#primaryimage\"},\"thumbnailUrl\":\"https:\\\/\\\/lavocedelpaese.info\\\/wp-content\\\/uploads\\\/2025\\\/06\\\/1000069448-CvtL5C.jpg\",\"datePublished\":\"2025-06-05T14:17:03+00:00\",\"breadcrumb\":{\"@id\":\"https:\\\/\\\/lavocedelpaese.info\\\/index.php\\\/2025\\\/06\\\/05\\\/la-s-d-thuriae-unisce-sport-e-inclusione\\\/#breadcrumb\"},\"inLanguage\":\"it-IT\",\"potentialAction\":[{\"@type\":\"ReadAction\",\"target\":[\"https:\\\/\\\/lavocedelpaese.info\\\/index.php\\\/2025\\\/06\\\/05\\\/la-s-d-thuriae-unisce-sport-e-inclusione\\\/\"]}]},{\"@type\":\"ImageObject\",\"inLanguage\":\"it-IT\",\"@id\":\"https:\\\/\\\/lavocedelpaese.info\\\/index.php\\\/2025\\\/06\\\/05\\\/la-s-d-thuriae-unisce-sport-e-inclusione\\\/#primaryimage\",\"url\":\"https:\\\/\\\/lavocedelpaese.info\\\/wp-content\\\/uploads\\\/2025\\\/06\\\/1000069448-CvtL5C.jpg\",\"contentUrl\":\"https:\\\/\\\/lavocedelpaese.info\\\/wp-content\\\/uploads\\\/2025\\\/06\\\/1000069448-CvtL5C.jpg\",\"width\":1000,\"height\":750},{\"@type\":\"BreadcrumbList\",\"@id\":\"https:\\\/\\\/lavocedelpaese.info\\\/index.php\\\/2025\\\/06\\\/05\\\/la-s-d-thuriae-unisce-sport-e-inclusione\\\/#breadcrumb\",\"itemListElement\":[{\"@type\":\"ListItem\",\"position\":1,\"name\":\"Home\",\"item\":\"https:\\\/\\\/lavocedelpaese.info\\\/\"},{\"@type\":\"ListItem\",\"position\":2,\"name\":\"L\u2019A.S.D.\u00a0Thuriae unisce sport e inclusione\u00a0\u200b\"}]},{\"@type\":\"WebSite\",\"@id\":\"https:\\\/\\\/lavocedelpaese.info\\\/#website\",\"url\":\"https:\\\/\\\/lavocedelpaese.info\\\/\",\"name\":\"La Voce del Paese\",\"description\":\"Un network di idee\",\"publisher\":{\"@id\":\"https:\\\/\\\/lavocedelpaese.info\\\/#organization\"},\"potentialAction\":[{\"@type\":\"SearchAction\",\"target\":{\"@type\":\"EntryPoint\",\"urlTemplate\":\"https:\\\/\\\/lavocedelpaese.info\\\/?s={search_term_string}\"},\"query-input\":{\"@type\":\"PropertyValueSpecification\",\"valueRequired\":true,\"valueName\":\"search_term_string\"}}],\"inLanguage\":\"it-IT\"},{\"@type\":\"Organization\",\"@id\":\"https:\\\/\\\/lavocedelpaese.info\\\/#organization\",\"name\":\"La Voce del Paese\",\"url\":\"https:\\\/\\\/lavocedelpaese.info\\\/\",\"logo\":{\"@type\":\"ImageObject\",\"inLanguage\":\"it-IT\",\"@id\":\"https:\\\/\\\/lavocedelpaese.info\\\/#\\\/schema\\\/logo\\\/image\\\/\",\"url\":\"https:\\\/\\\/lavocedelpaese.info\\\/wp-content\\\/uploads\\\/2023\\\/01\\\/cropped-logo-150-127.png\",\"contentUrl\":\"https:\\\/\\\/lavocedelpaese.info\\\/wp-content\\\/uploads\\\/2023\\\/01\\\/cropped-logo-150-127.png\",\"width\":137,\"height\":119,\"caption\":\"La Voce del Paese\"},\"image\":{\"@id\":\"https:\\\/\\\/lavocedelpaese.info\\\/#\\\/schema\\\/logo\\\/image\\\/\"},\"sameAs\":[\"https:\\\/\\\/www.facebook.com\\\/lavocedelpaese.info\"]},{\"@type\":\"Person\",\"@id\":\"https:\\\/\\\/lavocedelpaese.info\\\/#\\\/schema\\\/person\\\/ec151d321306bd7591f7a061abf72d88\",\"name\":\"admin\",\"image\":{\"@type\":\"ImageObject\",\"inLanguage\":\"it-IT\",\"@id\":\"https:\\\/\\\/secure.gravatar.com\\\/avatar\\\/af8f2caf0663124588de48a9380e07cbc95a74ef15b8062d0d39106c32fe3023?s=96&d=mm&r=g\",\"url\":\"https:\\\/\\\/secure.gravatar.com\\\/avatar\\\/af8f2caf0663124588de48a9380e07cbc95a74ef15b8062d0d39106c32fe3023?s=96&d=mm&r=g\",\"contentUrl\":\"https:\\\/\\\/secure.gravatar.com\\\/avatar\\\/af8f2caf0663124588de48a9380e07cbc95a74ef15b8062d0d39106c32fe3023?s=96&d=mm&r=g\",\"caption\":\"admin\"},\"sameAs\":[\"https:\\\/\\\/lavocedelpaese.info\"],\"url\":\"https:\\\/\\\/lavocedelpaese.info\\\/index.php\\\/author\\\/admin\\\/\"}]}<\/script>\n<!-- \/ Yoast SEO plugin. -->","yoast_head_json":{"title":"L\u2019A.S.D.\u00a0Thuriae unisce sport e inclusione\u00a0\u200b - La Voce del Paese","robots":{"index":"index","follow":"follow","max-snippet":"max-snippet:-1","max-image-preview":"max-image-preview:large","max-video-preview":"max-video-preview:-1"},"canonical":"https:\/\/lavocedelpaese.info\/index.php\/2025\/06\/05\/la-s-d-thuriae-unisce-sport-e-inclusione\/","og_locale":"it_IT","og_type":"article","og_title":"L\u2019A.S.D.\u00a0Thuriae unisce sport e inclusione\u00a0\u200b - La Voce del Paese","og_description":"\u00a0 \u200b\u00a0 \u200b\u00a0 Successo per la prima edizione del Torneo della Ciliegia Ferrovia di Turi, che ha visto la partecipazione","og_url":"https:\/\/lavocedelpaese.info\/index.php\/2025\/06\/05\/la-s-d-thuriae-unisce-sport-e-inclusione\/","og_site_name":"La Voce del Paese","article_publisher":"https:\/\/www.facebook.com\/lavocedelpaese.info","article_published_time":"2025-06-05T14:17:03+00:00","author":"admin","twitter_card":"summary_large_image","twitter_misc":{"Scritto da":"admin","Tempo di lettura stimato":"2 minuti"},"schema":{"@context":"https:\/\/schema.org","@graph":[{"@type":"Article","@id":"https:\/\/lavocedelpaese.info\/index.php\/2025\/06\/05\/la-s-d-thuriae-unisce-sport-e-inclusione\/#article","isPartOf":{"@id":"https:\/\/lavocedelpaese.info\/index.php\/2025\/06\/05\/la-s-d-thuriae-unisce-sport-e-inclusione\/"},"author":{"name":"admin","@id":"https:\/\/lavocedelpaese.info\/#\/schema\/person\/ec151d321306bd7591f7a061abf72d88"},"headline":"L\u2019A.S.D.\u00a0Thuriae unisce sport e inclusione\u00a0\u200b","datePublished":"2025-06-05T14:17:03+00:00","mainEntityOfPage":{"@id":"https:\/\/lavocedelpaese.info\/index.php\/2025\/06\/05\/la-s-d-thuriae-unisce-sport-e-inclusione\/"},"wordCount":478,"commentCount":0,"publisher":{"@id":"https:\/\/lavocedelpaese.info\/#organization"},"image":{"@id":"https:\/\/lavocedelpaese.info\/index.php\/2025\/06\/05\/la-s-d-thuriae-unisce-sport-e-inclusione\/#primaryimage"},"thumbnailUrl":"https:\/\/lavocedelpaese.info\/wp-content\/uploads\/2025\/06\/1000069448-CvtL5C.jpg","articleSection":["network"],"inLanguage":"it-IT","potentialAction":[{"@type":"CommentAction","name":"Comment","target":["https:\/\/lavocedelpaese.info\/index.php\/2025\/06\/05\/la-s-d-thuriae-unisce-sport-e-inclusione\/#respond"]}]},{"@type":"WebPage","@id":"https:\/\/lavocedelpaese.info\/index.php\/2025\/06\/05\/la-s-d-thuriae-unisce-sport-e-inclusione\/","url":"https:\/\/lavocedelpaese.info\/index.php\/2025\/06\/05\/la-s-d-thuriae-unisce-sport-e-inclusione\/","name":"L\u2019A.S.D.\u00a0Thuriae unisce sport e inclusione\u00a0\u200b - La Voce del Paese","isPartOf":{"@id":"https:\/\/lavocedelpaese.info\/#website"},"primaryImageOfPage":{"@id":"https:\/\/lavocedelpaese.info\/index.php\/2025\/06\/05\/la-s-d-thuriae-unisce-sport-e-inclusione\/#primaryimage"},"image":{"@id":"https:\/\/lavocedelpaese.info\/index.php\/2025\/06\/05\/la-s-d-thuriae-unisce-sport-e-inclusione\/#primaryimage"},"thumbnailUrl":"https:\/\/lavocedelpaese.info\/wp-content\/uploads\/2025\/06\/1000069448-CvtL5C.jpg","datePublished":"2025-06-05T14:17:03+00:00","breadcrumb":{"@id":"https:\/\/lavocedelpaese.info\/index.php\/2025\/06\/05\/la-s-d-thuriae-unisce-sport-e-inclusione\/#breadcrumb"},"inLanguage":"it-IT","potentialAction":[{"@type":"ReadAction","target":["https:\/\/lavocedelpaese.info\/index.php\/2025\/06\/05\/la-s-d-thuriae-unisce-sport-e-inclusione\/"]}]},{"@type":"ImageObject","inLanguage":"it-IT","@id":"https:\/\/lavocedelpaese.info\/index.php\/2025\/06\/05\/la-s-d-thuriae-unisce-sport-e-inclusione\/#primaryimage","url":"https:\/\/lavocedelpaese.info\/wp-content\/uploads\/2025\/06\/1000069448-CvtL5C.jpg","contentUrl":"https:\/\/lavocedelpaese.info\/wp-content\/uploads\/2025\/06\/1000069448-CvtL5C.jpg","width":1000,"height":750},{"@type":"BreadcrumbList","@id":"https:\/\/lavocedelpaese.info\/index.php\/2025\/06\/05\/la-s-d-thuriae-unisce-sport-e-inclusione\/#breadcrumb","itemListElement":[{"@type":"ListItem","position":1,"name":"Home","item":"https:\/\/lavocedelpaese.info\/"},{"@type":"ListItem","position":2,"name":"L\u2019A.S.D.\u00a0Thuriae unisce sport e inclusione\u00a0\u200b"}]},{"@type":"WebSite","@id":"https:\/\/lavocedelpaese.info\/#website","url":"https:\/\/lavocedelpaese.info\/","name":"La Voce del Paese","description":"Un network di idee","publisher":{"@id":"https:\/\/lavocedelpaese.info\/#organization"},"potentialAction":[{"@type":"SearchAction","target":{"@type":"EntryPoint","urlTemplate":"https:\/\/lavocedelpaese.info\/?s={search_term_string}"},"query-input":{"@type":"PropertyValueSpecification","valueRequired":true,"valueName":"search_term_string"}}],"inLanguage":"it-IT"},{"@type":"Organization","@id":"https:\/\/lavocedelpaese.info\/#organization","name":"La Voce del Paese","url":"https:\/\/lavocedelpaese.info\/","logo":{"@type":"ImageObject","inLanguage":"it-IT","@id":"https:\/\/lavocedelpaese.info\/#\/schema\/logo\/image\/","url":"https:\/\/lavocedelpaese.info\/wp-content\/uploads\/2023\/01\/cropped-logo-150-127.png","contentUrl":"https:\/\/lavocedelpaese.info\/wp-content\/uploads\/2023\/01\/cropped-logo-150-127.png","width":137,"height":119,"caption":"La Voce del Paese"},"image":{"@id":"https:\/\/lavocedelpaese.info\/#\/schema\/logo\/image\/"},"sameAs":["https:\/\/www.facebook.com\/lavocedelpaese.info"]},{"@type":"Person","@id":"https:\/\/lavocedelpaese.info\/#\/schema\/person\/ec151d321306bd7591f7a061abf72d88","name":"admin","image":{"@type":"ImageObject","inLanguage":"it-IT","@id":"https:\/\/secure.gravatar.com\/avatar\/af8f2caf0663124588de48a9380e07cbc95a74ef15b8062d0d39106c32fe3023?s=96&d=mm&r=g","url":"https:\/\/secure.gravatar.com\/avatar\/af8f2caf0663124588de48a9380e07cbc95a74ef15b8062d0d39106c32fe3023?s=96&d=mm&r=g","contentUrl":"https:\/\/secure.gravatar.com\/avatar\/af8f2caf0663124588de48a9380e07cbc95a74ef15b8062d0d39106c32fe3023?s=96&d=mm&r=g","caption":"admin"},"sameAs":["https:\/\/lavocedelpaese.info"],"url":"https:\/\/lavocedelpaese.info\/index.php\/author\/admin\/"}]}},"_links":{"self":[{"href":"https:\/\/lavocedelpaese.info\/index.php\/wp-json\/wp\/v2\/posts\/9479","targetHints":{"allow":["GET"]}}],"collection":[{"href":"https:\/\/lavocedelpaese.info\/index.php\/wp-json\/wp\/v2\/posts"}],"about":[{"href":"https:\/\/lavocedelpaese.info\/index.php\/wp-json\/wp\/v2\/types\/post"}],"author":[{"embeddable":true,"href":"https:\/\/lavocedelpaese.info\/index.php\/wp-json\/wp\/v2\/users\/6"}],"replies":[{"embeddable":true,"href":"https:\/\/lavocedelpaese.info\/index.php\/wp-json\/wp\/v2\/comments?post=9479"}],"version-history":[{"count":0,"href":"https:\/\/lavocedelpaese.info\/index.php\/wp-json\/wp\/v2\/posts\/9479\/revisions"}],"wp:featuredmedia":[{"embeddable":true,"href":"https:\/\/lavocedelpaese.info\/index.php\/wp-json\/wp\/v2\/media\/9480"}],"wp:attachment":[{"href":"https:\/\/lavocedelpaese.info\/index.php\/wp-json\/wp\/v2\/media?parent=9479"}],"wp:term":[{"taxonomy":"category","embeddable":true,"href":"https:\/\/lavocedelpaese.info\/index.php\/wp-json\/wp\/v2\/categories?post=9479"},{"taxonomy":"post_tag","embeddable":true,"href":"https:\/\/lavocedelpaese.info\/index.php\/wp-json\/wp\/v2\/tags?post=9479"}],"curies":[{"name":"wp","href":"https:\/\/api.w.org\/{rel}","templated":true}]}}