{"id":9478,"date":"2025-06-05T06:13:40","date_gmt":"2025-06-05T06:13:40","guid":{"rendered":"https:\/\/lavocedelpaese.info\/index.php\/2025\/06\/05\/la-polizia-penitenziaria-si-racconta-agli-studenti-dlliiss-pertini-anelli-pinto\/"},"modified":"2025-06-05T06:13:40","modified_gmt":"2025-06-05T06:13:40","slug":"la-polizia-penitenziaria-si-racconta-agli-studenti-dlliiss-pertini-anelli-pinto","status":"publish","type":"post","link":"https:\/\/lavocedelpaese.info\/index.php\/2025\/06\/05\/la-polizia-penitenziaria-si-racconta-agli-studenti-dlliiss-pertini-anelli-pinto\/","title":{"rendered":"La Polizia Penitenziaria si racconta agli studenti dll\u2019IISS \u201cPertini Anelli Pinto\u201d\u00a0\u200b"},"content":{"rendered":"<p>\u00a0<\/p>\n<p>\u200b\u00a0<\/p>\n<p>\u200b\u00a0<\/p>\n<div><\/div>\n<p>Nell\u2019ambito delle iniziative di orientamento post-diploma, l\u2019IISS \u201cPertini Anelli Pinto\u201d ha offerto ai suoi studenti un\u2019opportunit\u00e0 unica per conoscere da vicino il Corpo di Polizia Penitenziaria. L\u2019incontro ha visto la partecipazione di diversi rappresentanti: il Dott. <strong>Luigi Tarulli<\/strong>, Dirigente della Polizia Penitenziaria e Comandante del reparto, l\u2019Ispettore Capo <strong>Gaetano De Michele<\/strong>, responsabile della sorveglianza generale, l\u2019Assistente Capo <strong>Matteo Costantiello<\/strong>, addetto all\u2019ufficio di comando, e l\u2019Assistente <strong>Cinzia Chiella<\/strong>, addetta al controllo dei familiari dei detenuti.<\/p>\n<p>L\u2019evento ha offerto una panoramica completa sulle molteplici sfaccettature del ruolo della Polizia Penitenziaria, andando ben oltre la percezione comune di mera sorveglianza. La legalit\u00e0 \u00e8 stata il filo conduttore dell\u2019intervento, evidenziando come il loro lavoro sia un pilastro fondamentale per il mantenimento dell\u2019ordine e della sicurezza all\u2019interno delle istituzioni carcerarie, ma anche per la rieducazione e il reinserimento dei detenuti. Non solo! La Polizia Penitenziaria ha un ruolo multifunzionale che spazia dalle indagini alla gestione del quotidiano.<\/p>\n<p>Gli ospiti hanno esplicitato le loro diverse mansioni, illustrando come il lavoro della Polizia Penitenziaria sia un complesso intreccio di competenze e responsabilit\u00e0. Oltre alla sorveglianza degli istituti penitenziari, gli agenti sono coinvolti in attivit\u00e0 investigative delicate e complesse, spesso in collaborazione con altre forze dell\u2019ordine. Sono state illustrate le modalit\u00e0 attraverso le quali si svolgono le indagini interne, finalizzate a prevenire e contrastare reati compiuti fra le mura carcerarie, come il traffico di sostanze illecite o l\u2019uso di telefoni cellulari non autorizzati.<\/p>\n<p>Un aspetto importante affrontato \u00e8 stato quello delle condizioni delle carceri italiane, una realt\u00e0 complessa che la Polizia Penitenziaria vive quotidianamente. Si \u00e8 parlato delle tipologie di detenuti pi\u00f9 diffuse, offrendo agli studenti una prospettiva pi\u00f9 realistica e meno stereotipata sul mondo carcerario. La gestione delle diverse personalit\u00e0 e delle esigenze specifiche dei detenuti richiede non solo rigore, ma anche una spiccata sensibilit\u00e0 e capacit\u00e0 di mediazione.<\/p>\n<p>Anche questa professione affronta le sfide determinate dall\u2019innovazione. Una risposta che si sta offrendo \u00e8 l\u2019uso dei droni per garantire la sicurezza. Uno dei temi pi\u00f9 attuali e interessanti affrontati \u00e8 stata la crescente necessit\u00e0 di implementare la sorveglianza con nuove tecnologie. Negli ultimi anni, si \u00e8 ravvisata l\u2019esigenza di utilizzare i droni per monitorare le aree perimetrali delle carceri e prevenire l\u2019introduzione di oggetti proibiti. Questa innovazione tecnologica \u00e8 diventata cruciale per contrastare l\u2019introduzione di cellulari e sostanze stupefacenti, che rappresentano una minaccia costante alla sicurezza interna e al percorso rieducativo dei detenuti. L\u2019utilizzo dei droni non solo rafforza la sorveglianza, ma contribuisce anche a garantire un ambiente pi\u00f9 sicuro per il personale e per i detenuti stessi.<\/p>\n<p>L\u2019incontro ha fornito agli studenti una visione approfondita di una carriera impegnativa ma di grande valore sociale, mettendo in luce l\u2019importanza della legalit\u00e0, del servizio alla comunit\u00e0 e della costante evoluzione delle competenze richieste in un settore cos\u00ec dinamico. La Polizia Penitenziaria si configura come una realt\u00e0 professionale che richiede dedizione, spirito di sacrificio e una forte motivazione a contribuire alla sicurezza e alla giustizia.<\/p>\n<p><a class=\"a2a_button_facebook\" href=\"https:\/\/www.addtoany.com\/add_to\/facebook?linkurl=https%3A%2F%2Fturi.lavocedelpaese.info%2Fla-polizia-penitenziaria-si-racconta-agli-studenti-dlliiss-pertini-anelli-pinto%2F&amp;linkname=La%20Polizia%20Penitenziaria%20si%20racconta%20agli%20studenti%20dll%E2%80%99IISS%20%E2%80%9CPertini%20Anelli%20Pinto%E2%80%9D\" title=\"Facebook\" rel=\"nofollow noopener\" target=\"_blank\"><\/a><a class=\"a2a_button_twitter\" href=\"https:\/\/www.addtoany.com\/add_to\/twitter?linkurl=https%3A%2F%2Fturi.lavocedelpaese.info%2Fla-polizia-penitenziaria-si-racconta-agli-studenti-dlliiss-pertini-anelli-pinto%2F&amp;linkname=La%20Polizia%20Penitenziaria%20si%20racconta%20agli%20studenti%20dll%E2%80%99IISS%20%E2%80%9CPertini%20Anelli%20Pinto%E2%80%9D\" title=\"Twitter\" rel=\"nofollow noopener\" target=\"_blank\"><\/a><a class=\"a2a_button_whatsapp\" href=\"https:\/\/www.addtoany.com\/add_to\/whatsapp?linkurl=https%3A%2F%2Fturi.lavocedelpaese.info%2Fla-polizia-penitenziaria-si-racconta-agli-studenti-dlliiss-pertini-anelli-pinto%2F&amp;linkname=La%20Polizia%20Penitenziaria%20si%20racconta%20agli%20studenti%20dll%E2%80%99IISS%20%E2%80%9CPertini%20Anelli%20Pinto%E2%80%9D\" title=\"WhatsApp\" rel=\"nofollow noopener\" target=\"_blank\"><\/a><a class=\"a2a_button_telegram\" href=\"https:\/\/www.addtoany.com\/add_to\/telegram?linkurl=https%3A%2F%2Fturi.lavocedelpaese.info%2Fla-polizia-penitenziaria-si-racconta-agli-studenti-dlliiss-pertini-anelli-pinto%2F&amp;linkname=La%20Polizia%20Penitenziaria%20si%20racconta%20agli%20studenti%20dll%E2%80%99IISS%20%E2%80%9CPertini%20Anelli%20Pinto%E2%80%9D\" title=\"Telegram\" rel=\"nofollow noopener\" target=\"_blank\"><\/a><a class=\"a2a_button_email\" href=\"https:\/\/www.addtoany.com\/add_to\/email?linkurl=https%3A%2F%2Fturi.lavocedelpaese.info%2Fla-polizia-penitenziaria-si-racconta-agli-studenti-dlliiss-pertini-anelli-pinto%2F&amp;linkname=La%20Polizia%20Penitenziaria%20si%20racconta%20agli%20studenti%20dll%E2%80%99IISS%20%E2%80%9CPertini%20Anelli%20Pinto%E2%80%9D\" title=\"Email\" rel=\"nofollow noopener\" target=\"_blank\"><\/a><\/p>\n<p>L&#8217;articolo <a href=\"https:\/\/turi.lavocedelpaese.info\/la-polizia-penitenziaria-si-racconta-agli-studenti-dlliiss-pertini-anelli-pinto\/\">La Polizia Penitenziaria si racconta agli studenti dll\u2019IISS \u201cPertini Anelli Pinto\u201d<\/a> proviene da <a href=\"https:\/\/turi.lavocedelpaese.info\/\">Turi &#8211; La Voce del Paese<\/a>.<\/p>\n<p>\u00a0<\/p>\n<p>\u00a0<\/p>\n<p>\u200b\u00a0\u00a0\u00a0<\/p>","protected":false},"excerpt":{"rendered":"<p>\u00a0 \u200b\u00a0 \u200b\u00a0 Nell\u2019ambito delle iniziative di orientamento post-diploma, l\u2019IISS \u201cPertini Anelli Pinto\u201d ha offerto ai suoi studenti un\u2019opportunit\u00e0 unica<\/p>\n","protected":false},"author":6,"featured_media":730,"comment_status":"open","ping_status":"closed","sticky":false,"template":"","format":"standard","meta":{"colormag_page_container_layout":"default_layout","colormag_page_sidebar_layout":"default_layout","footnotes":""},"categories":[33],"tags":[],"class_list":["post-9478","post","type-post","status-publish","format-standard","has-post-thumbnail","hentry","category-network"],"yoast_head":"<!-- This site is optimized with the Yoast SEO plugin v27.5 - https:\/\/yoast.com\/product\/yoast-seo-wordpress\/ -->\n<title>La Polizia Penitenziaria si racconta agli studenti dll\u2019IISS \u201cPertini Anelli Pinto\u201d\u00a0\u200b - La Voce del Paese<\/title>\n<meta name=\"robots\" content=\"index, follow, max-snippet:-1, max-image-preview:large, max-video-preview:-1\" \/>\n<link rel=\"canonical\" href=\"https:\/\/lavocedelpaese.info\/index.php\/2025\/06\/05\/la-polizia-penitenziaria-si-racconta-agli-studenti-dlliiss-pertini-anelli-pinto\/\" \/>\n<meta property=\"og:locale\" content=\"it_IT\" \/>\n<meta property=\"og:type\" content=\"article\" \/>\n<meta property=\"og:title\" content=\"La Polizia Penitenziaria si racconta agli studenti dll\u2019IISS \u201cPertini Anelli Pinto\u201d\u00a0\u200b - La Voce del Paese\" \/>\n<meta property=\"og:description\" content=\"\u00a0 \u200b\u00a0 \u200b\u00a0 Nell\u2019ambito delle iniziative di orientamento post-diploma, l\u2019IISS \u201cPertini Anelli Pinto\u201d ha offerto ai suoi studenti un\u2019opportunit\u00e0 unica\" \/>\n<meta property=\"og:url\" content=\"https:\/\/lavocedelpaese.info\/index.php\/2025\/06\/05\/la-polizia-penitenziaria-si-racconta-agli-studenti-dlliiss-pertini-anelli-pinto\/\" \/>\n<meta property=\"og:site_name\" content=\"La Voce del Paese\" \/>\n<meta property=\"article:publisher\" content=\"https:\/\/www.facebook.com\/lavocedelpaese.info\" \/>\n<meta property=\"article:published_time\" content=\"2025-06-05T06:13:40+00:00\" \/>\n<meta name=\"author\" content=\"admin\" \/>\n<meta name=\"twitter:card\" content=\"summary_large_image\" \/>\n<meta name=\"twitter:label1\" content=\"Scritto da\" \/>\n\t<meta name=\"twitter:data1\" content=\"admin\" \/>\n\t<meta name=\"twitter:label2\" content=\"Tempo di lettura stimato\" \/>\n\t<meta name=\"twitter:data2\" content=\"3 minuti\" \/>\n<script type=\"application\/ld+json\" class=\"yoast-schema-graph\">{\"@context\":\"https:\\\/\\\/schema.org\",\"@graph\":[{\"@type\":\"Article\",\"@id\":\"https:\\\/\\\/lavocedelpaese.info\\\/index.php\\\/2025\\\/06\\\/05\\\/la-polizia-penitenziaria-si-racconta-agli-studenti-dlliiss-pertini-anelli-pinto\\\/#article\",\"isPartOf\":{\"@id\":\"https:\\\/\\\/lavocedelpaese.info\\\/index.php\\\/2025\\\/06\\\/05\\\/la-polizia-penitenziaria-si-racconta-agli-studenti-dlliiss-pertini-anelli-pinto\\\/\"},\"author\":{\"name\":\"admin\",\"@id\":\"https:\\\/\\\/lavocedelpaese.info\\\/#\\\/schema\\\/person\\\/ec151d321306bd7591f7a061abf72d88\"},\"headline\":\"La Polizia Penitenziaria si racconta agli studenti dll\u2019IISS \u201cPertini Anelli Pinto\u201d\u00a0\u200b\",\"datePublished\":\"2025-06-05T06:13:40+00:00\",\"mainEntityOfPage\":{\"@id\":\"https:\\\/\\\/lavocedelpaese.info\\\/index.php\\\/2025\\\/06\\\/05\\\/la-polizia-penitenziaria-si-racconta-agli-studenti-dlliiss-pertini-anelli-pinto\\\/\"},\"wordCount\":535,\"commentCount\":0,\"publisher\":{\"@id\":\"https:\\\/\\\/lavocedelpaese.info\\\/#organization\"},\"image\":{\"@id\":\"https:\\\/\\\/lavocedelpaese.info\\\/index.php\\\/2025\\\/06\\\/05\\\/la-polizia-penitenziaria-si-racconta-agli-studenti-dlliiss-pertini-anelli-pinto\\\/#primaryimage\"},\"thumbnailUrl\":\"https:\\\/\\\/lavocedelpaese.info\\\/wp-content\\\/uploads\\\/2023\\\/01\\\/logo-150-127.png\",\"articleSection\":[\"network\"],\"inLanguage\":\"it-IT\",\"potentialAction\":[{\"@type\":\"CommentAction\",\"name\":\"Comment\",\"target\":[\"https:\\\/\\\/lavocedelpaese.info\\\/index.php\\\/2025\\\/06\\\/05\\\/la-polizia-penitenziaria-si-racconta-agli-studenti-dlliiss-pertini-anelli-pinto\\\/#respond\"]}]},{\"@type\":\"WebPage\",\"@id\":\"https:\\\/\\\/lavocedelpaese.info\\\/index.php\\\/2025\\\/06\\\/05\\\/la-polizia-penitenziaria-si-racconta-agli-studenti-dlliiss-pertini-anelli-pinto\\\/\",\"url\":\"https:\\\/\\\/lavocedelpaese.info\\\/index.php\\\/2025\\\/06\\\/05\\\/la-polizia-penitenziaria-si-racconta-agli-studenti-dlliiss-pertini-anelli-pinto\\\/\",\"name\":\"La Polizia Penitenziaria si racconta agli studenti dll\u2019IISS \u201cPertini Anelli Pinto\u201d\u00a0\u200b - La Voce del Paese\",\"isPartOf\":{\"@id\":\"https:\\\/\\\/lavocedelpaese.info\\\/#website\"},\"primaryImageOfPage\":{\"@id\":\"https:\\\/\\\/lavocedelpaese.info\\\/index.php\\\/2025\\\/06\\\/05\\\/la-polizia-penitenziaria-si-racconta-agli-studenti-dlliiss-pertini-anelli-pinto\\\/#primaryimage\"},\"image\":{\"@id\":\"https:\\\/\\\/lavocedelpaese.info\\\/index.php\\\/2025\\\/06\\\/05\\\/la-polizia-penitenziaria-si-racconta-agli-studenti-dlliiss-pertini-anelli-pinto\\\/#primaryimage\"},\"thumbnailUrl\":\"https:\\\/\\\/lavocedelpaese.info\\\/wp-content\\\/uploads\\\/2023\\\/01\\\/logo-150-127.png\",\"datePublished\":\"2025-06-05T06:13:40+00:00\",\"breadcrumb\":{\"@id\":\"https:\\\/\\\/lavocedelpaese.info\\\/index.php\\\/2025\\\/06\\\/05\\\/la-polizia-penitenziaria-si-racconta-agli-studenti-dlliiss-pertini-anelli-pinto\\\/#breadcrumb\"},\"inLanguage\":\"it-IT\",\"potentialAction\":[{\"@type\":\"ReadAction\",\"target\":[\"https:\\\/\\\/lavocedelpaese.info\\\/index.php\\\/2025\\\/06\\\/05\\\/la-polizia-penitenziaria-si-racconta-agli-studenti-dlliiss-pertini-anelli-pinto\\\/\"]}]},{\"@type\":\"ImageObject\",\"inLanguage\":\"it-IT\",\"@id\":\"https:\\\/\\\/lavocedelpaese.info\\\/index.php\\\/2025\\\/06\\\/05\\\/la-polizia-penitenziaria-si-racconta-agli-studenti-dlliiss-pertini-anelli-pinto\\\/#primaryimage\",\"url\":\"https:\\\/\\\/lavocedelpaese.info\\\/wp-content\\\/uploads\\\/2023\\\/01\\\/logo-150-127.png\",\"contentUrl\":\"https:\\\/\\\/lavocedelpaese.info\\\/wp-content\\\/uploads\\\/2023\\\/01\\\/logo-150-127.png\",\"width\":150,\"height\":127},{\"@type\":\"BreadcrumbList\",\"@id\":\"https:\\\/\\\/lavocedelpaese.info\\\/index.php\\\/2025\\\/06\\\/05\\\/la-polizia-penitenziaria-si-racconta-agli-studenti-dlliiss-pertini-anelli-pinto\\\/#breadcrumb\",\"itemListElement\":[{\"@type\":\"ListItem\",\"position\":1,\"name\":\"Home\",\"item\":\"https:\\\/\\\/lavocedelpaese.info\\\/\"},{\"@type\":\"ListItem\",\"position\":2,\"name\":\"La Polizia Penitenziaria si racconta agli studenti dll\u2019IISS \u201cPertini Anelli Pinto\u201d\u00a0\u200b\"}]},{\"@type\":\"WebSite\",\"@id\":\"https:\\\/\\\/lavocedelpaese.info\\\/#website\",\"url\":\"https:\\\/\\\/lavocedelpaese.info\\\/\",\"name\":\"La Voce del Paese\",\"description\":\"Un network di idee\",\"publisher\":{\"@id\":\"https:\\\/\\\/lavocedelpaese.info\\\/#organization\"},\"potentialAction\":[{\"@type\":\"SearchAction\",\"target\":{\"@type\":\"EntryPoint\",\"urlTemplate\":\"https:\\\/\\\/lavocedelpaese.info\\\/?s={search_term_string}\"},\"query-input\":{\"@type\":\"PropertyValueSpecification\",\"valueRequired\":true,\"valueName\":\"search_term_string\"}}],\"inLanguage\":\"it-IT\"},{\"@type\":\"Organization\",\"@id\":\"https:\\\/\\\/lavocedelpaese.info\\\/#organization\",\"name\":\"La Voce del Paese\",\"url\":\"https:\\\/\\\/lavocedelpaese.info\\\/\",\"logo\":{\"@type\":\"ImageObject\",\"inLanguage\":\"it-IT\",\"@id\":\"https:\\\/\\\/lavocedelpaese.info\\\/#\\\/schema\\\/logo\\\/image\\\/\",\"url\":\"https:\\\/\\\/lavocedelpaese.info\\\/wp-content\\\/uploads\\\/2023\\\/01\\\/cropped-logo-150-127.png\",\"contentUrl\":\"https:\\\/\\\/lavocedelpaese.info\\\/wp-content\\\/uploads\\\/2023\\\/01\\\/cropped-logo-150-127.png\",\"width\":137,\"height\":119,\"caption\":\"La Voce del Paese\"},\"image\":{\"@id\":\"https:\\\/\\\/lavocedelpaese.info\\\/#\\\/schema\\\/logo\\\/image\\\/\"},\"sameAs\":[\"https:\\\/\\\/www.facebook.com\\\/lavocedelpaese.info\"]},{\"@type\":\"Person\",\"@id\":\"https:\\\/\\\/lavocedelpaese.info\\\/#\\\/schema\\\/person\\\/ec151d321306bd7591f7a061abf72d88\",\"name\":\"admin\",\"image\":{\"@type\":\"ImageObject\",\"inLanguage\":\"it-IT\",\"@id\":\"https:\\\/\\\/secure.gravatar.com\\\/avatar\\\/af8f2caf0663124588de48a9380e07cbc95a74ef15b8062d0d39106c32fe3023?s=96&d=mm&r=g\",\"url\":\"https:\\\/\\\/secure.gravatar.com\\\/avatar\\\/af8f2caf0663124588de48a9380e07cbc95a74ef15b8062d0d39106c32fe3023?s=96&d=mm&r=g\",\"contentUrl\":\"https:\\\/\\\/secure.gravatar.com\\\/avatar\\\/af8f2caf0663124588de48a9380e07cbc95a74ef15b8062d0d39106c32fe3023?s=96&d=mm&r=g\",\"caption\":\"admin\"},\"sameAs\":[\"https:\\\/\\\/lavocedelpaese.info\"],\"url\":\"https:\\\/\\\/lavocedelpaese.info\\\/index.php\\\/author\\\/admin\\\/\"}]}<\/script>\n<!-- \/ Yoast SEO plugin. -->","yoast_head_json":{"title":"La Polizia Penitenziaria si racconta agli studenti dll\u2019IISS \u201cPertini Anelli Pinto\u201d\u00a0\u200b - La Voce del Paese","robots":{"index":"index","follow":"follow","max-snippet":"max-snippet:-1","max-image-preview":"max-image-preview:large","max-video-preview":"max-video-preview:-1"},"canonical":"https:\/\/lavocedelpaese.info\/index.php\/2025\/06\/05\/la-polizia-penitenziaria-si-racconta-agli-studenti-dlliiss-pertini-anelli-pinto\/","og_locale":"it_IT","og_type":"article","og_title":"La Polizia Penitenziaria si racconta agli studenti dll\u2019IISS \u201cPertini Anelli Pinto\u201d\u00a0\u200b - La Voce del Paese","og_description":"\u00a0 \u200b\u00a0 \u200b\u00a0 Nell\u2019ambito delle iniziative di orientamento post-diploma, l\u2019IISS \u201cPertini Anelli Pinto\u201d ha offerto ai suoi studenti un\u2019opportunit\u00e0 unica","og_url":"https:\/\/lavocedelpaese.info\/index.php\/2025\/06\/05\/la-polizia-penitenziaria-si-racconta-agli-studenti-dlliiss-pertini-anelli-pinto\/","og_site_name":"La Voce del Paese","article_publisher":"https:\/\/www.facebook.com\/lavocedelpaese.info","article_published_time":"2025-06-05T06:13:40+00:00","author":"admin","twitter_card":"summary_large_image","twitter_misc":{"Scritto da":"admin","Tempo di lettura stimato":"3 minuti"},"schema":{"@context":"https:\/\/schema.org","@graph":[{"@type":"Article","@id":"https:\/\/lavocedelpaese.info\/index.php\/2025\/06\/05\/la-polizia-penitenziaria-si-racconta-agli-studenti-dlliiss-pertini-anelli-pinto\/#article","isPartOf":{"@id":"https:\/\/lavocedelpaese.info\/index.php\/2025\/06\/05\/la-polizia-penitenziaria-si-racconta-agli-studenti-dlliiss-pertini-anelli-pinto\/"},"author":{"name":"admin","@id":"https:\/\/lavocedelpaese.info\/#\/schema\/person\/ec151d321306bd7591f7a061abf72d88"},"headline":"La Polizia Penitenziaria si racconta agli studenti dll\u2019IISS \u201cPertini Anelli Pinto\u201d\u00a0\u200b","datePublished":"2025-06-05T06:13:40+00:00","mainEntityOfPage":{"@id":"https:\/\/lavocedelpaese.info\/index.php\/2025\/06\/05\/la-polizia-penitenziaria-si-racconta-agli-studenti-dlliiss-pertini-anelli-pinto\/"},"wordCount":535,"commentCount":0,"publisher":{"@id":"https:\/\/lavocedelpaese.info\/#organization"},"image":{"@id":"https:\/\/lavocedelpaese.info\/index.php\/2025\/06\/05\/la-polizia-penitenziaria-si-racconta-agli-studenti-dlliiss-pertini-anelli-pinto\/#primaryimage"},"thumbnailUrl":"https:\/\/lavocedelpaese.info\/wp-content\/uploads\/2023\/01\/logo-150-127.png","articleSection":["network"],"inLanguage":"it-IT","potentialAction":[{"@type":"CommentAction","name":"Comment","target":["https:\/\/lavocedelpaese.info\/index.php\/2025\/06\/05\/la-polizia-penitenziaria-si-racconta-agli-studenti-dlliiss-pertini-anelli-pinto\/#respond"]}]},{"@type":"WebPage","@id":"https:\/\/lavocedelpaese.info\/index.php\/2025\/06\/05\/la-polizia-penitenziaria-si-racconta-agli-studenti-dlliiss-pertini-anelli-pinto\/","url":"https:\/\/lavocedelpaese.info\/index.php\/2025\/06\/05\/la-polizia-penitenziaria-si-racconta-agli-studenti-dlliiss-pertini-anelli-pinto\/","name":"La Polizia Penitenziaria si racconta agli studenti dll\u2019IISS \u201cPertini Anelli Pinto\u201d\u00a0\u200b - La Voce del Paese","isPartOf":{"@id":"https:\/\/lavocedelpaese.info\/#website"},"primaryImageOfPage":{"@id":"https:\/\/lavocedelpaese.info\/index.php\/2025\/06\/05\/la-polizia-penitenziaria-si-racconta-agli-studenti-dlliiss-pertini-anelli-pinto\/#primaryimage"},"image":{"@id":"https:\/\/lavocedelpaese.info\/index.php\/2025\/06\/05\/la-polizia-penitenziaria-si-racconta-agli-studenti-dlliiss-pertini-anelli-pinto\/#primaryimage"},"thumbnailUrl":"https:\/\/lavocedelpaese.info\/wp-content\/uploads\/2023\/01\/logo-150-127.png","datePublished":"2025-06-05T06:13:40+00:00","breadcrumb":{"@id":"https:\/\/lavocedelpaese.info\/index.php\/2025\/06\/05\/la-polizia-penitenziaria-si-racconta-agli-studenti-dlliiss-pertini-anelli-pinto\/#breadcrumb"},"inLanguage":"it-IT","potentialAction":[{"@type":"ReadAction","target":["https:\/\/lavocedelpaese.info\/index.php\/2025\/06\/05\/la-polizia-penitenziaria-si-racconta-agli-studenti-dlliiss-pertini-anelli-pinto\/"]}]},{"@type":"ImageObject","inLanguage":"it-IT","@id":"https:\/\/lavocedelpaese.info\/index.php\/2025\/06\/05\/la-polizia-penitenziaria-si-racconta-agli-studenti-dlliiss-pertini-anelli-pinto\/#primaryimage","url":"https:\/\/lavocedelpaese.info\/wp-content\/uploads\/2023\/01\/logo-150-127.png","contentUrl":"https:\/\/lavocedelpaese.info\/wp-content\/uploads\/2023\/01\/logo-150-127.png","width":150,"height":127},{"@type":"BreadcrumbList","@id":"https:\/\/lavocedelpaese.info\/index.php\/2025\/06\/05\/la-polizia-penitenziaria-si-racconta-agli-studenti-dlliiss-pertini-anelli-pinto\/#breadcrumb","itemListElement":[{"@type":"ListItem","position":1,"name":"Home","item":"https:\/\/lavocedelpaese.info\/"},{"@type":"ListItem","position":2,"name":"La Polizia Penitenziaria si racconta agli studenti dll\u2019IISS \u201cPertini Anelli Pinto\u201d\u00a0\u200b"}]},{"@type":"WebSite","@id":"https:\/\/lavocedelpaese.info\/#website","url":"https:\/\/lavocedelpaese.info\/","name":"La Voce del Paese","description":"Un network di idee","publisher":{"@id":"https:\/\/lavocedelpaese.info\/#organization"},"potentialAction":[{"@type":"SearchAction","target":{"@type":"EntryPoint","urlTemplate":"https:\/\/lavocedelpaese.info\/?s={search_term_string}"},"query-input":{"@type":"PropertyValueSpecification","valueRequired":true,"valueName":"search_term_string"}}],"inLanguage":"it-IT"},{"@type":"Organization","@id":"https:\/\/lavocedelpaese.info\/#organization","name":"La Voce del Paese","url":"https:\/\/lavocedelpaese.info\/","logo":{"@type":"ImageObject","inLanguage":"it-IT","@id":"https:\/\/lavocedelpaese.info\/#\/schema\/logo\/image\/","url":"https:\/\/lavocedelpaese.info\/wp-content\/uploads\/2023\/01\/cropped-logo-150-127.png","contentUrl":"https:\/\/lavocedelpaese.info\/wp-content\/uploads\/2023\/01\/cropped-logo-150-127.png","width":137,"height":119,"caption":"La Voce del Paese"},"image":{"@id":"https:\/\/lavocedelpaese.info\/#\/schema\/logo\/image\/"},"sameAs":["https:\/\/www.facebook.com\/lavocedelpaese.info"]},{"@type":"Person","@id":"https:\/\/lavocedelpaese.info\/#\/schema\/person\/ec151d321306bd7591f7a061abf72d88","name":"admin","image":{"@type":"ImageObject","inLanguage":"it-IT","@id":"https:\/\/secure.gravatar.com\/avatar\/af8f2caf0663124588de48a9380e07cbc95a74ef15b8062d0d39106c32fe3023?s=96&d=mm&r=g","url":"https:\/\/secure.gravatar.com\/avatar\/af8f2caf0663124588de48a9380e07cbc95a74ef15b8062d0d39106c32fe3023?s=96&d=mm&r=g","contentUrl":"https:\/\/secure.gravatar.com\/avatar\/af8f2caf0663124588de48a9380e07cbc95a74ef15b8062d0d39106c32fe3023?s=96&d=mm&r=g","caption":"admin"},"sameAs":["https:\/\/lavocedelpaese.info"],"url":"https:\/\/lavocedelpaese.info\/index.php\/author\/admin\/"}]}},"_links":{"self":[{"href":"https:\/\/lavocedelpaese.info\/index.php\/wp-json\/wp\/v2\/posts\/9478","targetHints":{"allow":["GET"]}}],"collection":[{"href":"https:\/\/lavocedelpaese.info\/index.php\/wp-json\/wp\/v2\/posts"}],"about":[{"href":"https:\/\/lavocedelpaese.info\/index.php\/wp-json\/wp\/v2\/types\/post"}],"author":[{"embeddable":true,"href":"https:\/\/lavocedelpaese.info\/index.php\/wp-json\/wp\/v2\/users\/6"}],"replies":[{"embeddable":true,"href":"https:\/\/lavocedelpaese.info\/index.php\/wp-json\/wp\/v2\/comments?post=9478"}],"version-history":[{"count":0,"href":"https:\/\/lavocedelpaese.info\/index.php\/wp-json\/wp\/v2\/posts\/9478\/revisions"}],"wp:featuredmedia":[{"embeddable":true,"href":"https:\/\/lavocedelpaese.info\/index.php\/wp-json\/wp\/v2\/media\/730"}],"wp:attachment":[{"href":"https:\/\/lavocedelpaese.info\/index.php\/wp-json\/wp\/v2\/media?parent=9478"}],"wp:term":[{"taxonomy":"category","embeddable":true,"href":"https:\/\/lavocedelpaese.info\/index.php\/wp-json\/wp\/v2\/categories?post=9478"},{"taxonomy":"post_tag","embeddable":true,"href":"https:\/\/lavocedelpaese.info\/index.php\/wp-json\/wp\/v2\/tags?post=9478"}],"curies":[{"name":"wp","href":"https:\/\/api.w.org\/{rel}","templated":true}]}}