{"id":9475,"date":"2025-06-04T19:13:39","date_gmt":"2025-06-04T19:13:39","guid":{"rendered":"https:\/\/lavocedelpaese.info\/index.php\/2025\/06\/04\/concentrati-sullessenza-della-tua-natura-e-conosci-te-stesso\/"},"modified":"2025-06-04T19:13:39","modified_gmt":"2025-06-04T19:13:39","slug":"concentrati-sullessenza-della-tua-natura-e-conosci-te-stesso","status":"publish","type":"post","link":"https:\/\/lavocedelpaese.info\/index.php\/2025\/06\/04\/concentrati-sullessenza-della-tua-natura-e-conosci-te-stesso\/","title":{"rendered":"Concentrati sull\u2019essenza della tua natura e conosci te stesso\u00a0\u200b"},"content":{"rendered":"<p>\u00a0<\/p>\n<p>\u200b\u00a0<\/p>\n<p>\u200b\u00a0<\/p>\n<p><img decoding=\"async\" class=\"size-full wp-image-6351 alignleft\" src=\"https:\/\/gioia.lavocedelpaese.info\/wp-content\/uploads\/2025\/06\/foto2.jpg\" alt=\"\" width=\"400\" height=\"202\"\/>Il 14 maggio e il 17 maggio 2025, gli studenti della classe III E dell\u201dIISS \u00a0Licei Canudo \u2013 Marone-Iti Galilei\u00a0 di Gioia del Colle (BA), in collaborazione con l\u2019Arte del movimento meditativo esseno ed il Collegio Filosofico per la Salvaguardia del Patrimonio mondiale della Saggezza C.N.U., hanno sperimentato la Filosofia in movimento attraverso la pratica di alcune posture di Qi gong esseno.<\/p>\n<p>In occasione di questi due appuntamenti, promossi e supervisionati dalla Docente di Filosofia Stella Loredana Lippolis, faro imprescindibile della valorizzazione dell\u2019 innovazione, che ringraziamo sinceramente per aver aderito e sostenuto il progetto pilota, non sono mancati momenti di condivisione sulla tematica della CONCENTRAZIONE, affrontata dall\u2019insegnante di Qi gong esseno Adriana Cataldi, e sull\u2019approfondimento di una Saggezza, la cui essenza ispira e motiva gli esseri umani ancora oggi: \u201cCONOSCI TE STESSO\u201d , curato da Alain Contaret \u2013 Filosofo, scrittore e Ambasciatore di Pace, nonch\u00e9 responsabile del Collegio Filosofico (Pagina Facebook: Alain Contaret-Philosopher \/ Peace Ambassador).<\/p>\n<p>Gli alunni della III E , futuri protagonisti della societ\u00e0, si sono mostrati una platea attenta, significativa, entusiasta e ricettiva.<\/p>\n<p><img decoding=\"async\" class=\"size-full wp-image-6352 alignright\" src=\"https:\/\/gioia.lavocedelpaese.info\/wp-content\/uploads\/2025\/06\/foto3.jpg\" alt=\"\" width=\"400\" height=\"350\"\/>Il risultato vincente \u00e8 stato vivere due ore piene, piene di emozioni, di contenuti, di sguardi, di domande costruttive, che hanno rivelato lo spessore culturale della classe.<\/p>\n<p>Il protagonista di questi due appuntamenti \u00e8 stato il corpo, in quanto strumento capace di fare apparire nel piano visibile tutto ci\u00f2 che \u00e8 invisibile.<\/p>\n<p>Recuperare il focus, le redini della nostra vita, concretizzare ci\u00f2 che \u00e8 interiore, invisibile, materializzarlo, facendolo divenire realt\u00e0, attraverso la calma e la concentrazione, \u00e8 proprio il compito dell\u2019arte del movimento meditativo esseno.<\/p>\n<p>Non a caso, alcune massime del filosofo Contaret: \u201cNoi esseri umani siamo un mistero. Abbiamo l\u2019opportunit\u00e0 di prendere quest\u2019esistenza e farne qualcosa. Conoscersi \u00e8 un\u2019avventura che richiede onest\u00e0, sincerit\u00e0 verso noi stessi. Per imparare a conoscerci, dobbiamo avere delle basi solide, radicate nel corpo.<\/p>\n<p>Abbiamo il compito di collaborare con il nostro corpo. La filosofia \u00e8 l\u2019arte di porsi delle domande che, seppur, a primo acchito, sembrano infantili, sono le pi\u00f9 importanti.<\/p>\n<p>E\u2019 oltremodo proficuo vivere la Vita unicamente se ci interessiamo alla vita stessa, a ci\u00f2 che \u00e8 reale, in quanto la nostra stessa presenza fisica appartiene alla realt\u00e0 della vita\u201d.<\/p>\n<p>L\u2019eudaimonia e la libert\u00e0 viaggiano insieme, parlano al cuore e alla mente per salvare l\u2019umanit\u00e0, per consentire il fiorire dei talenti, delle inclinazioni, dei cambiamenti.<\/p>\n<p><img decoding=\"async\" class=\"size-full wp-image-6354 alignleft\" src=\"https:\/\/gioia.lavocedelpaese.info\/wp-content\/uploads\/2025\/06\/WhatsApp-Image-2025-05-29-at-16.21.33.jpeg\" alt=\"\" width=\"400\" height=\"300\"\/>L\u2019attenzione nell\u2019esecuzione dei movimenti e la concentrazione rivolta verso l\u2019interiorit\u00e0 del nostro essere, espressione di un panta-rei dei pensieri, dei sentimenti e della volont\u00e0\/tensioni, grazie ad un approccio filosofico e mentale ha consentito agli studenti di vivere attimi di silenzio e armonia non solo con se stessi, ma anche con l\u2019ambiente circostante.<\/p>\n<p>Ripetere mentalmente alcune frasi\u00a0 durante ogni movimento eseguito, ha restituito maggiore energia e attenzione. L\u2019esperienza \u00e8 divenuta fonte di profonda riflessione, nonch\u00e9 un ottimo strumento per scandagliare in se stessi. La frase filosofica che pi\u00f9 ha colpito ragazzi, \u00e8 stata quella associata al movimento n.4 della sequenza di Qi gong esseno, proposta mercoled\u00ec 14 Maggio, parte integrante de \u201cLa grande pratica dei 22 movimenti di energia-Scuola dell\u2019Acqua\u201d: \u201cNon coltivo alcun legame negativo con l\u2019altro e con l\u2019ambiente nei miei pensieri, nelle mie parole, nei miei sentimenti o nei miei atti.\u201d<\/p>\n<p>La nostra interiorit\u00e0, come sosteneva il grande Filosofo Platone, \u201c\u00e8 cos\u00ec tripartita\u201d in pensieri, sentimenti e volont\u00e0, \u201ccos\u00ec come uno Stato risulta diviso in tre classi\u201d.(Platone, \u201cLa Repubblica\u201d). Ad ognuna di queste parti \u00e8 necessaria una fonte di nutrimento ben specifica, i cui appetiti essenziali vengono naturalmente gestiti dal corpo fisico, sebbene la vigilanza con cui selezioniamo il loro nutrimento dipende strettamente da noi e dalle nostre scelte.<\/p>\n<p>La concentrazione assume in tal senso una nuova connotazione, concreta e, al contempo, metafisica. Essa \u00e8 un Arch\u00e9, uno stato d\u2019essere che si manifesta in tutte le forme presenti in natura.<\/p>\n<p>Il veicolo della concentrazione \u00e8 proprio il corpo fisico, poich\u00e9 \u00e8 stato ideato per condensare lo spirito nei limiti della forma. La concentrazione diviene cos\u00ec lo strumento essenziale per veicolare la nostra vita dalla periferia verso il centro del nostro S\u00e9.<\/p>\n<p>\u201cIl corpo \u00e8 collegato alla Natura e all\u2019universo\u201d (Alain Contaret), di conseguenza, porre un\u2019attenzione amorevole verso la sua origine consente di riflesso ad avvicinarsi ai misteri alla base della vita stessa.<\/p>\n<p>Il nucleo del laboratorio \u00e8 stato quello\u00a0<img decoding=\"async\" class=\"size-full wp-image-6353 alignright\" src=\"https:\/\/gioia.lavocedelpaese.info\/wp-content\/uploads\/2025\/06\/foto4.jpg\" alt=\"\" width=\"400\" height=\"217\"\/>di dimostrare come l\u2019invisibile sia pi\u00f9 importante del visibile.<\/p>\n<p>\u201cLa vita, in tal senso, \u00e8 doppia. Se vogliamo avere la maestria di un gesto, dobbiamo avere la maestria della nostra vita interiore. Il corpo naturalmente gestisce molte cose dentro di noi senza che ne siamo a conoscenza\u201d (Alain Contaret).<\/p>\n<p>Avere la cognizione della nostra vita interiore nel quotidiano, mediante l\u2019uso del corpo fisico e ristabilire un\u2019armonia in noi e attorno a noi, \u00e8 uno degli scopi dell\u2019Arte del movimento meditativo esseno.<\/p>\n<p>Solo chi \u00e8 disposto a mettersi in discussione e a confrontarsi con la realt\u00e0\u00a0 senza paura pu\u00f2 sperare di raggiungere la realizzazione personale, la consapevolezza di un futuro e di una libert\u00e0 individuale.<\/p>\n<p>Non si nasce se stessi, si diventa.<\/p>\n<p><strong>Adriana Cataldi<\/strong><\/p>\n<p><a class=\"a2a_button_facebook\" href=\"https:\/\/www.addtoany.com\/add_to\/facebook?linkurl=https%3A%2F%2Fgioia.lavocedelpaese.info%2Findex.php%2F2025%2F06%2F04%2Fconcentrati-sullessenza-della-tua-natura-e-conosci-te-stesso%2F&amp;linkname=Concentrati%20sull%E2%80%99essenza%20della%20tua%20natura%20e%20conosci%20te%20stesso\" title=\"Facebook\" rel=\"nofollow noopener\" target=\"_blank\"><\/a><a class=\"a2a_button_twitter\" href=\"https:\/\/www.addtoany.com\/add_to\/twitter?linkurl=https%3A%2F%2Fgioia.lavocedelpaese.info%2Findex.php%2F2025%2F06%2F04%2Fconcentrati-sullessenza-della-tua-natura-e-conosci-te-stesso%2F&amp;linkname=Concentrati%20sull%E2%80%99essenza%20della%20tua%20natura%20e%20conosci%20te%20stesso\" title=\"Twitter\" rel=\"nofollow noopener\" target=\"_blank\"><\/a><a class=\"a2a_button_whatsapp\" href=\"https:\/\/www.addtoany.com\/add_to\/whatsapp?linkurl=https%3A%2F%2Fgioia.lavocedelpaese.info%2Findex.php%2F2025%2F06%2F04%2Fconcentrati-sullessenza-della-tua-natura-e-conosci-te-stesso%2F&amp;linkname=Concentrati%20sull%E2%80%99essenza%20della%20tua%20natura%20e%20conosci%20te%20stesso\" title=\"WhatsApp\" rel=\"nofollow noopener\" target=\"_blank\"><\/a><a class=\"a2a_button_telegram\" href=\"https:\/\/www.addtoany.com\/add_to\/telegram?linkurl=https%3A%2F%2Fgioia.lavocedelpaese.info%2Findex.php%2F2025%2F06%2F04%2Fconcentrati-sullessenza-della-tua-natura-e-conosci-te-stesso%2F&amp;linkname=Concentrati%20sull%E2%80%99essenza%20della%20tua%20natura%20e%20conosci%20te%20stesso\" title=\"Telegram\" rel=\"nofollow noopener\" target=\"_blank\"><\/a><a class=\"a2a_button_email\" href=\"https:\/\/www.addtoany.com\/add_to\/email?linkurl=https%3A%2F%2Fgioia.lavocedelpaese.info%2Findex.php%2F2025%2F06%2F04%2Fconcentrati-sullessenza-della-tua-natura-e-conosci-te-stesso%2F&amp;linkname=Concentrati%20sull%E2%80%99essenza%20della%20tua%20natura%20e%20conosci%20te%20stesso\" title=\"Email\" rel=\"nofollow noopener\" target=\"_blank\"><\/a><\/p>\n<p>\u00a0<\/p>\n<p>\u00a0<\/p>\n<p>\u200b\u00a0\u00a0\u00a0<\/p>","protected":false},"excerpt":{"rendered":"<p>\u00a0 \u200b\u00a0 \u200b\u00a0 Il 14 maggio e il 17 maggio 2025, gli studenti della classe III E dell\u201dIISS \u00a0Licei Canudo<\/p>\n","protected":false},"author":6,"featured_media":9476,"comment_status":"open","ping_status":"closed","sticky":false,"template":"","format":"standard","meta":{"colormag_page_container_layout":"default_layout","colormag_page_sidebar_layout":"default_layout","footnotes":""},"categories":[33],"tags":[],"class_list":["post-9475","post","type-post","status-publish","format-standard","has-post-thumbnail","hentry","category-network"],"yoast_head":"<!-- This site is optimized with the Yoast SEO plugin v27.5 - https:\/\/yoast.com\/product\/yoast-seo-wordpress\/ -->\n<title>Concentrati sull\u2019essenza della tua natura e conosci te stesso\u00a0\u200b - La Voce del Paese<\/title>\n<meta name=\"robots\" content=\"index, follow, max-snippet:-1, max-image-preview:large, max-video-preview:-1\" \/>\n<link rel=\"canonical\" href=\"https:\/\/lavocedelpaese.info\/index.php\/2025\/06\/04\/concentrati-sullessenza-della-tua-natura-e-conosci-te-stesso\/\" \/>\n<meta property=\"og:locale\" content=\"it_IT\" \/>\n<meta property=\"og:type\" content=\"article\" \/>\n<meta property=\"og:title\" content=\"Concentrati sull\u2019essenza della tua natura e conosci te stesso\u00a0\u200b - La Voce del Paese\" \/>\n<meta property=\"og:description\" content=\"\u00a0 \u200b\u00a0 \u200b\u00a0 Il 14 maggio e il 17 maggio 2025, gli studenti della classe III E dell\u201dIISS \u00a0Licei Canudo\" \/>\n<meta property=\"og:url\" content=\"https:\/\/lavocedelpaese.info\/index.php\/2025\/06\/04\/concentrati-sullessenza-della-tua-natura-e-conosci-te-stesso\/\" \/>\n<meta property=\"og:site_name\" content=\"La Voce del Paese\" \/>\n<meta property=\"article:publisher\" content=\"https:\/\/www.facebook.com\/lavocedelpaese.info\" \/>\n<meta property=\"article:published_time\" content=\"2025-06-04T19:13:39+00:00\" \/>\n<meta name=\"author\" content=\"admin\" \/>\n<meta name=\"twitter:card\" content=\"summary_large_image\" \/>\n<meta name=\"twitter:label1\" content=\"Scritto da\" \/>\n\t<meta name=\"twitter:data1\" content=\"admin\" \/>\n\t<meta name=\"twitter:label2\" content=\"Tempo di lettura stimato\" \/>\n\t<meta name=\"twitter:data2\" content=\"4 minuti\" \/>\n<script type=\"application\/ld+json\" class=\"yoast-schema-graph\">{\"@context\":\"https:\\\/\\\/schema.org\",\"@graph\":[{\"@type\":\"Article\",\"@id\":\"https:\\\/\\\/lavocedelpaese.info\\\/index.php\\\/2025\\\/06\\\/04\\\/concentrati-sullessenza-della-tua-natura-e-conosci-te-stesso\\\/#article\",\"isPartOf\":{\"@id\":\"https:\\\/\\\/lavocedelpaese.info\\\/index.php\\\/2025\\\/06\\\/04\\\/concentrati-sullessenza-della-tua-natura-e-conosci-te-stesso\\\/\"},\"author\":{\"name\":\"admin\",\"@id\":\"https:\\\/\\\/lavocedelpaese.info\\\/#\\\/schema\\\/person\\\/ec151d321306bd7591f7a061abf72d88\"},\"headline\":\"Concentrati sull\u2019essenza della tua natura e conosci te stesso\u00a0\u200b\",\"datePublished\":\"2025-06-04T19:13:39+00:00\",\"mainEntityOfPage\":{\"@id\":\"https:\\\/\\\/lavocedelpaese.info\\\/index.php\\\/2025\\\/06\\\/04\\\/concentrati-sullessenza-della-tua-natura-e-conosci-te-stesso\\\/\"},\"wordCount\":841,\"commentCount\":0,\"publisher\":{\"@id\":\"https:\\\/\\\/lavocedelpaese.info\\\/#organization\"},\"image\":{\"@id\":\"https:\\\/\\\/lavocedelpaese.info\\\/index.php\\\/2025\\\/06\\\/04\\\/concentrati-sullessenza-della-tua-natura-e-conosci-te-stesso\\\/#primaryimage\"},\"thumbnailUrl\":\"https:\\\/\\\/lavocedelpaese.info\\\/wp-content\\\/uploads\\\/2025\\\/06\\\/foto2-yCJ9Ae.jpg\",\"articleSection\":[\"network\"],\"inLanguage\":\"it-IT\",\"potentialAction\":[{\"@type\":\"CommentAction\",\"name\":\"Comment\",\"target\":[\"https:\\\/\\\/lavocedelpaese.info\\\/index.php\\\/2025\\\/06\\\/04\\\/concentrati-sullessenza-della-tua-natura-e-conosci-te-stesso\\\/#respond\"]}]},{\"@type\":\"WebPage\",\"@id\":\"https:\\\/\\\/lavocedelpaese.info\\\/index.php\\\/2025\\\/06\\\/04\\\/concentrati-sullessenza-della-tua-natura-e-conosci-te-stesso\\\/\",\"url\":\"https:\\\/\\\/lavocedelpaese.info\\\/index.php\\\/2025\\\/06\\\/04\\\/concentrati-sullessenza-della-tua-natura-e-conosci-te-stesso\\\/\",\"name\":\"Concentrati sull\u2019essenza della tua natura e conosci te stesso\u00a0\u200b - La Voce del Paese\",\"isPartOf\":{\"@id\":\"https:\\\/\\\/lavocedelpaese.info\\\/#website\"},\"primaryImageOfPage\":{\"@id\":\"https:\\\/\\\/lavocedelpaese.info\\\/index.php\\\/2025\\\/06\\\/04\\\/concentrati-sullessenza-della-tua-natura-e-conosci-te-stesso\\\/#primaryimage\"},\"image\":{\"@id\":\"https:\\\/\\\/lavocedelpaese.info\\\/index.php\\\/2025\\\/06\\\/04\\\/concentrati-sullessenza-della-tua-natura-e-conosci-te-stesso\\\/#primaryimage\"},\"thumbnailUrl\":\"https:\\\/\\\/lavocedelpaese.info\\\/wp-content\\\/uploads\\\/2025\\\/06\\\/foto2-yCJ9Ae.jpg\",\"datePublished\":\"2025-06-04T19:13:39+00:00\",\"breadcrumb\":{\"@id\":\"https:\\\/\\\/lavocedelpaese.info\\\/index.php\\\/2025\\\/06\\\/04\\\/concentrati-sullessenza-della-tua-natura-e-conosci-te-stesso\\\/#breadcrumb\"},\"inLanguage\":\"it-IT\",\"potentialAction\":[{\"@type\":\"ReadAction\",\"target\":[\"https:\\\/\\\/lavocedelpaese.info\\\/index.php\\\/2025\\\/06\\\/04\\\/concentrati-sullessenza-della-tua-natura-e-conosci-te-stesso\\\/\"]}]},{\"@type\":\"ImageObject\",\"inLanguage\":\"it-IT\",\"@id\":\"https:\\\/\\\/lavocedelpaese.info\\\/index.php\\\/2025\\\/06\\\/04\\\/concentrati-sullessenza-della-tua-natura-e-conosci-te-stesso\\\/#primaryimage\",\"url\":\"https:\\\/\\\/lavocedelpaese.info\\\/wp-content\\\/uploads\\\/2025\\\/06\\\/foto2-yCJ9Ae.jpg\",\"contentUrl\":\"https:\\\/\\\/lavocedelpaese.info\\\/wp-content\\\/uploads\\\/2025\\\/06\\\/foto2-yCJ9Ae.jpg\",\"width\":1000,\"height\":505},{\"@type\":\"BreadcrumbList\",\"@id\":\"https:\\\/\\\/lavocedelpaese.info\\\/index.php\\\/2025\\\/06\\\/04\\\/concentrati-sullessenza-della-tua-natura-e-conosci-te-stesso\\\/#breadcrumb\",\"itemListElement\":[{\"@type\":\"ListItem\",\"position\":1,\"name\":\"Home\",\"item\":\"https:\\\/\\\/lavocedelpaese.info\\\/\"},{\"@type\":\"ListItem\",\"position\":2,\"name\":\"Concentrati sull\u2019essenza della tua natura e conosci te stesso\u00a0\u200b\"}]},{\"@type\":\"WebSite\",\"@id\":\"https:\\\/\\\/lavocedelpaese.info\\\/#website\",\"url\":\"https:\\\/\\\/lavocedelpaese.info\\\/\",\"name\":\"La Voce del Paese\",\"description\":\"Un network di idee\",\"publisher\":{\"@id\":\"https:\\\/\\\/lavocedelpaese.info\\\/#organization\"},\"potentialAction\":[{\"@type\":\"SearchAction\",\"target\":{\"@type\":\"EntryPoint\",\"urlTemplate\":\"https:\\\/\\\/lavocedelpaese.info\\\/?s={search_term_string}\"},\"query-input\":{\"@type\":\"PropertyValueSpecification\",\"valueRequired\":true,\"valueName\":\"search_term_string\"}}],\"inLanguage\":\"it-IT\"},{\"@type\":\"Organization\",\"@id\":\"https:\\\/\\\/lavocedelpaese.info\\\/#organization\",\"name\":\"La Voce del Paese\",\"url\":\"https:\\\/\\\/lavocedelpaese.info\\\/\",\"logo\":{\"@type\":\"ImageObject\",\"inLanguage\":\"it-IT\",\"@id\":\"https:\\\/\\\/lavocedelpaese.info\\\/#\\\/schema\\\/logo\\\/image\\\/\",\"url\":\"https:\\\/\\\/lavocedelpaese.info\\\/wp-content\\\/uploads\\\/2023\\\/01\\\/cropped-logo-150-127.png\",\"contentUrl\":\"https:\\\/\\\/lavocedelpaese.info\\\/wp-content\\\/uploads\\\/2023\\\/01\\\/cropped-logo-150-127.png\",\"width\":137,\"height\":119,\"caption\":\"La Voce del Paese\"},\"image\":{\"@id\":\"https:\\\/\\\/lavocedelpaese.info\\\/#\\\/schema\\\/logo\\\/image\\\/\"},\"sameAs\":[\"https:\\\/\\\/www.facebook.com\\\/lavocedelpaese.info\"]},{\"@type\":\"Person\",\"@id\":\"https:\\\/\\\/lavocedelpaese.info\\\/#\\\/schema\\\/person\\\/ec151d321306bd7591f7a061abf72d88\",\"name\":\"admin\",\"image\":{\"@type\":\"ImageObject\",\"inLanguage\":\"it-IT\",\"@id\":\"https:\\\/\\\/secure.gravatar.com\\\/avatar\\\/af8f2caf0663124588de48a9380e07cbc95a74ef15b8062d0d39106c32fe3023?s=96&d=mm&r=g\",\"url\":\"https:\\\/\\\/secure.gravatar.com\\\/avatar\\\/af8f2caf0663124588de48a9380e07cbc95a74ef15b8062d0d39106c32fe3023?s=96&d=mm&r=g\",\"contentUrl\":\"https:\\\/\\\/secure.gravatar.com\\\/avatar\\\/af8f2caf0663124588de48a9380e07cbc95a74ef15b8062d0d39106c32fe3023?s=96&d=mm&r=g\",\"caption\":\"admin\"},\"sameAs\":[\"https:\\\/\\\/lavocedelpaese.info\"],\"url\":\"https:\\\/\\\/lavocedelpaese.info\\\/index.php\\\/author\\\/admin\\\/\"}]}<\/script>\n<!-- \/ Yoast SEO plugin. -->","yoast_head_json":{"title":"Concentrati sull\u2019essenza della tua natura e conosci te stesso\u00a0\u200b - La Voce del Paese","robots":{"index":"index","follow":"follow","max-snippet":"max-snippet:-1","max-image-preview":"max-image-preview:large","max-video-preview":"max-video-preview:-1"},"canonical":"https:\/\/lavocedelpaese.info\/index.php\/2025\/06\/04\/concentrati-sullessenza-della-tua-natura-e-conosci-te-stesso\/","og_locale":"it_IT","og_type":"article","og_title":"Concentrati sull\u2019essenza della tua natura e conosci te stesso\u00a0\u200b - La Voce del Paese","og_description":"\u00a0 \u200b\u00a0 \u200b\u00a0 Il 14 maggio e il 17 maggio 2025, gli studenti della classe III E dell\u201dIISS \u00a0Licei Canudo","og_url":"https:\/\/lavocedelpaese.info\/index.php\/2025\/06\/04\/concentrati-sullessenza-della-tua-natura-e-conosci-te-stesso\/","og_site_name":"La Voce del Paese","article_publisher":"https:\/\/www.facebook.com\/lavocedelpaese.info","article_published_time":"2025-06-04T19:13:39+00:00","author":"admin","twitter_card":"summary_large_image","twitter_misc":{"Scritto da":"admin","Tempo di lettura stimato":"4 minuti"},"schema":{"@context":"https:\/\/schema.org","@graph":[{"@type":"Article","@id":"https:\/\/lavocedelpaese.info\/index.php\/2025\/06\/04\/concentrati-sullessenza-della-tua-natura-e-conosci-te-stesso\/#article","isPartOf":{"@id":"https:\/\/lavocedelpaese.info\/index.php\/2025\/06\/04\/concentrati-sullessenza-della-tua-natura-e-conosci-te-stesso\/"},"author":{"name":"admin","@id":"https:\/\/lavocedelpaese.info\/#\/schema\/person\/ec151d321306bd7591f7a061abf72d88"},"headline":"Concentrati sull\u2019essenza della tua natura e conosci te stesso\u00a0\u200b","datePublished":"2025-06-04T19:13:39+00:00","mainEntityOfPage":{"@id":"https:\/\/lavocedelpaese.info\/index.php\/2025\/06\/04\/concentrati-sullessenza-della-tua-natura-e-conosci-te-stesso\/"},"wordCount":841,"commentCount":0,"publisher":{"@id":"https:\/\/lavocedelpaese.info\/#organization"},"image":{"@id":"https:\/\/lavocedelpaese.info\/index.php\/2025\/06\/04\/concentrati-sullessenza-della-tua-natura-e-conosci-te-stesso\/#primaryimage"},"thumbnailUrl":"https:\/\/lavocedelpaese.info\/wp-content\/uploads\/2025\/06\/foto2-yCJ9Ae.jpg","articleSection":["network"],"inLanguage":"it-IT","potentialAction":[{"@type":"CommentAction","name":"Comment","target":["https:\/\/lavocedelpaese.info\/index.php\/2025\/06\/04\/concentrati-sullessenza-della-tua-natura-e-conosci-te-stesso\/#respond"]}]},{"@type":"WebPage","@id":"https:\/\/lavocedelpaese.info\/index.php\/2025\/06\/04\/concentrati-sullessenza-della-tua-natura-e-conosci-te-stesso\/","url":"https:\/\/lavocedelpaese.info\/index.php\/2025\/06\/04\/concentrati-sullessenza-della-tua-natura-e-conosci-te-stesso\/","name":"Concentrati sull\u2019essenza della tua natura e conosci te stesso\u00a0\u200b - La Voce del Paese","isPartOf":{"@id":"https:\/\/lavocedelpaese.info\/#website"},"primaryImageOfPage":{"@id":"https:\/\/lavocedelpaese.info\/index.php\/2025\/06\/04\/concentrati-sullessenza-della-tua-natura-e-conosci-te-stesso\/#primaryimage"},"image":{"@id":"https:\/\/lavocedelpaese.info\/index.php\/2025\/06\/04\/concentrati-sullessenza-della-tua-natura-e-conosci-te-stesso\/#primaryimage"},"thumbnailUrl":"https:\/\/lavocedelpaese.info\/wp-content\/uploads\/2025\/06\/foto2-yCJ9Ae.jpg","datePublished":"2025-06-04T19:13:39+00:00","breadcrumb":{"@id":"https:\/\/lavocedelpaese.info\/index.php\/2025\/06\/04\/concentrati-sullessenza-della-tua-natura-e-conosci-te-stesso\/#breadcrumb"},"inLanguage":"it-IT","potentialAction":[{"@type":"ReadAction","target":["https:\/\/lavocedelpaese.info\/index.php\/2025\/06\/04\/concentrati-sullessenza-della-tua-natura-e-conosci-te-stesso\/"]}]},{"@type":"ImageObject","inLanguage":"it-IT","@id":"https:\/\/lavocedelpaese.info\/index.php\/2025\/06\/04\/concentrati-sullessenza-della-tua-natura-e-conosci-te-stesso\/#primaryimage","url":"https:\/\/lavocedelpaese.info\/wp-content\/uploads\/2025\/06\/foto2-yCJ9Ae.jpg","contentUrl":"https:\/\/lavocedelpaese.info\/wp-content\/uploads\/2025\/06\/foto2-yCJ9Ae.jpg","width":1000,"height":505},{"@type":"BreadcrumbList","@id":"https:\/\/lavocedelpaese.info\/index.php\/2025\/06\/04\/concentrati-sullessenza-della-tua-natura-e-conosci-te-stesso\/#breadcrumb","itemListElement":[{"@type":"ListItem","position":1,"name":"Home","item":"https:\/\/lavocedelpaese.info\/"},{"@type":"ListItem","position":2,"name":"Concentrati sull\u2019essenza della tua natura e conosci te stesso\u00a0\u200b"}]},{"@type":"WebSite","@id":"https:\/\/lavocedelpaese.info\/#website","url":"https:\/\/lavocedelpaese.info\/","name":"La Voce del Paese","description":"Un network di idee","publisher":{"@id":"https:\/\/lavocedelpaese.info\/#organization"},"potentialAction":[{"@type":"SearchAction","target":{"@type":"EntryPoint","urlTemplate":"https:\/\/lavocedelpaese.info\/?s={search_term_string}"},"query-input":{"@type":"PropertyValueSpecification","valueRequired":true,"valueName":"search_term_string"}}],"inLanguage":"it-IT"},{"@type":"Organization","@id":"https:\/\/lavocedelpaese.info\/#organization","name":"La Voce del Paese","url":"https:\/\/lavocedelpaese.info\/","logo":{"@type":"ImageObject","inLanguage":"it-IT","@id":"https:\/\/lavocedelpaese.info\/#\/schema\/logo\/image\/","url":"https:\/\/lavocedelpaese.info\/wp-content\/uploads\/2023\/01\/cropped-logo-150-127.png","contentUrl":"https:\/\/lavocedelpaese.info\/wp-content\/uploads\/2023\/01\/cropped-logo-150-127.png","width":137,"height":119,"caption":"La Voce del Paese"},"image":{"@id":"https:\/\/lavocedelpaese.info\/#\/schema\/logo\/image\/"},"sameAs":["https:\/\/www.facebook.com\/lavocedelpaese.info"]},{"@type":"Person","@id":"https:\/\/lavocedelpaese.info\/#\/schema\/person\/ec151d321306bd7591f7a061abf72d88","name":"admin","image":{"@type":"ImageObject","inLanguage":"it-IT","@id":"https:\/\/secure.gravatar.com\/avatar\/af8f2caf0663124588de48a9380e07cbc95a74ef15b8062d0d39106c32fe3023?s=96&d=mm&r=g","url":"https:\/\/secure.gravatar.com\/avatar\/af8f2caf0663124588de48a9380e07cbc95a74ef15b8062d0d39106c32fe3023?s=96&d=mm&r=g","contentUrl":"https:\/\/secure.gravatar.com\/avatar\/af8f2caf0663124588de48a9380e07cbc95a74ef15b8062d0d39106c32fe3023?s=96&d=mm&r=g","caption":"admin"},"sameAs":["https:\/\/lavocedelpaese.info"],"url":"https:\/\/lavocedelpaese.info\/index.php\/author\/admin\/"}]}},"_links":{"self":[{"href":"https:\/\/lavocedelpaese.info\/index.php\/wp-json\/wp\/v2\/posts\/9475","targetHints":{"allow":["GET"]}}],"collection":[{"href":"https:\/\/lavocedelpaese.info\/index.php\/wp-json\/wp\/v2\/posts"}],"about":[{"href":"https:\/\/lavocedelpaese.info\/index.php\/wp-json\/wp\/v2\/types\/post"}],"author":[{"embeddable":true,"href":"https:\/\/lavocedelpaese.info\/index.php\/wp-json\/wp\/v2\/users\/6"}],"replies":[{"embeddable":true,"href":"https:\/\/lavocedelpaese.info\/index.php\/wp-json\/wp\/v2\/comments?post=9475"}],"version-history":[{"count":0,"href":"https:\/\/lavocedelpaese.info\/index.php\/wp-json\/wp\/v2\/posts\/9475\/revisions"}],"wp:featuredmedia":[{"embeddable":true,"href":"https:\/\/lavocedelpaese.info\/index.php\/wp-json\/wp\/v2\/media\/9476"}],"wp:attachment":[{"href":"https:\/\/lavocedelpaese.info\/index.php\/wp-json\/wp\/v2\/media?parent=9475"}],"wp:term":[{"taxonomy":"category","embeddable":true,"href":"https:\/\/lavocedelpaese.info\/index.php\/wp-json\/wp\/v2\/categories?post=9475"},{"taxonomy":"post_tag","embeddable":true,"href":"https:\/\/lavocedelpaese.info\/index.php\/wp-json\/wp\/v2\/tags?post=9475"}],"curies":[{"name":"wp","href":"https:\/\/api.w.org\/{rel}","templated":true}]}}