{"id":9460,"date":"2025-06-02T06:18:35","date_gmt":"2025-06-02T06:18:35","guid":{"rendered":"https:\/\/lavocedelpaese.info\/index.php\/2025\/06\/02\/premiazione-nel-carcere-di-turi-un-tributo-alla-memoria-di-antonio-gramsci-e-alla-forza-delle-giovani-voci\/"},"modified":"2025-06-02T06:18:35","modified_gmt":"2025-06-02T06:18:35","slug":"premiazione-nel-carcere-di-turi-un-tributo-alla-memoria-di-antonio-gramsci-e-alla-forza-delle-giovani-voci","status":"publish","type":"post","link":"https:\/\/lavocedelpaese.info\/index.php\/2025\/06\/02\/premiazione-nel-carcere-di-turi-un-tributo-alla-memoria-di-antonio-gramsci-e-alla-forza-delle-giovani-voci\/","title":{"rendered":"Premiazione nel Carcere di Turi: un tributo alla memoria di Antonio Gramsci e alla forza delle giovani voci\u00a0\u200b"},"content":{"rendered":"<p>\u00a0<\/p>\n<p>\u200b\u00a0<\/p>\n<p>\u200b\u00a0<\/p>\n<div><\/div>\n<p>Un evento di straordinario significato e profonda riflessione ha avuto luogo nella Casa di reclusione di Turi il 15 maggio, un momento che ha toccato il cuore e l\u2019anima di tutti i presenti. Si \u00e8 svolta con grande emozione la cerimonia di premiazione della Seconda Edizione del Concorso Nazionale <em>\u201cCaro Antonio, ti scrivo\u201d<\/em>, un appuntamento che ha saputo incarnare l\u2019essenza stessa della memoria e della cultura.<\/p>\n<p>Questa manifestazione, ideata con il duplice scopo di onorare e celebrare la straordinaria figura di <strong>Antonio Gramsci<\/strong>, ha coinvolto studenti, detenuti e personalit\u00e0 di spicco del mondo culturale, tutti uniti in un\u2019unica visione: esplorare e confrontarsi su un tema universale \u2013 <em>\u201cPrigionia e Libert\u00e0\u201d<\/em> \u2013 attraverso il potente mezzo della scrittura.<\/p>\n<p>La scelta di svolgere l\u2019evento all\u2019interno di un carcere non \u00e8 stata affatto casuale: tra quelle mura, Gramsci trascorse alcuni degli anni pi\u00f9 determinanti della sua vita e del suo pensiero. Fu proprio l\u00ec, tra le sfide della detenzione, che egli affront\u00f2 con fermezza, intelligenza e coraggio le prove pi\u00f9 dure, lasciando un\u2019eredit\u00e0 indelebile. La cerimonia ha cos\u00ec assunto un valore simbolico e profondo, trasformandosi in un vero e proprio crocevia tra memoria, cultura e speranza, un momento di rinascita e di rinnovato impegno verso i valori di libert\u00e0 e giustizia.<\/p>\n<p>La cerimonia si \u00e8 tenuta presso la Sala Pertini grazie all\u2019iniziativa della dottoressa <strong>Nicoletta Siliberti<\/strong>, direttrice della Casa di reclusione, da sempre impegnata a favorire il dialogo tra il carcere e il territorio. All\u2019evento hanno preso parte il sindaco, dott. <strong>Giuseppe De Tomaso<\/strong>, e la dirigente scolastica dell\u2019I.I.S.S. Pertini Anelli Pinto, dottoressa <strong>Carmela Pellegrini<\/strong>, accompagnata da una delegazione di docenti e studenti. Presenti anche gli studenti dell\u2019I.C. Resta De Donato Giannini, accompagnati dalle rispettive docenti.<\/p>\n<p>Il concorso, rivolto a studenti provenienti da diverse scuole e sezioni carcerarie italiane, ha raccolto oltre 150 racconti. Tra questi, la giuria ha selezionato i finalisti che si sono distinti per la profondit\u00e0 emotiva e la capacit\u00e0 di riflessione. Le opere sono state esaminate in forma anonima da una commissione presieduta dal noto giudice e scrittore Gherardo Colombo, che ha sottolineato l\u2019importanza del contenuto e del messaggio trasmesso.<\/p>\n<p>Tra i protagonisti della giornata, spiccano i vincitori turesi per la categoria scuola secondaria di II grado, afferenti all\u2019I.I.S.S. Pertini Anelli Pinto:<\/p>\n<ul class=\"wp-block-list\">\n<li>Giusy Matullo (3C), con <em>\u201cL\u2019inganno della nebbia\u201d<\/em><\/li>\n<li>Carmen Spinelli (3C), con <em>\u201cIl sogno di Matteo\u201d<\/em><\/li>\n<li>Giada De Tomaso e Annalisa Gazzilli (3C), con <em>\u201cLa rosa di vetro\u201d<\/em><\/li>\n<li>Gennaro Poliseno (2A), con <em>\u201cLa libert\u00e0 di Luca\u201d<\/em><\/li>\n<li>Mino (5A sez. Carceraria), con <em>\u201cAnche se ho un sogno\u2026 Casa!\u201d<\/em><\/li>\n<\/ul>\n<p>I loro racconti, intrisi di emozioni e riflessioni personali, hanno commosso la giuria e il pubblico presente, dimostrando come la scrittura possa essere uno strumento di liberazione e confronto anche in contesti difficili.<\/p>\n<p>Una menzione speciale va all\u2019associazione Didiario \u2013 Suggeritori di Libri e, in particolare, ad <strong>Alina Laruccia<\/strong>, ideatrice e promotrice del concorso, nonch\u00e9 figura centrale nell\u2019ideazione di percorsi culturali che, attraverso la lettura e la scrittura, incidono profondamente sul territorio. Il suo impegno instancabile nel diffondere la cultura come strumento di crescita individuale e collettiva rappresenta un esempio concreto di come la bellezza possa generare pensiero, confronto e consapevolezza.<\/p>\n<p>La presenza di personalit\u00e0 di spicco in qualit\u00e0 di giurati, quali <strong>Rosy Paparella<\/strong> e <strong>Luca Paulesu<\/strong>, nipote di Antonio Gramsci, ha conferito ulteriore valore all\u2019evento, sottolineando l\u2019importanza di mantenere viva la memoria del pensatore e di promuovere giovani talenti capaci di interpretare le sfide del nostro tempo.<\/p>\n<p>Nonostante i racconti siano stati selezionati tra oltre 150 elaborati provenienti da tutta Italia, sorprendentemente sono stati scelti i partecipanti di Turi, una scelta che testimonia la qualit\u00e0 e la profondit\u00e0 del lavoro svolto dai giovani studenti locali.<\/p>\n<p>L\u2019evento si \u00e8 concluso con un forte messaggio di speranza e impegno: anche nei momenti di prigionia, la libert\u00e0 di pensiero, di scrittura e di espressione pu\u00f2 trovare spazio, alimentando sogni e desideri di un futuro migliore. Una giornata che ha dimostrato come la cultura sia un ponte tra passato e presente, tra memoria e speranza.<\/p>\n<p class=\"has-text-align-right\"><strong><em>Prof.ssa Valentini Anna Rita<\/em><br \/><em>Referente sezione carceraria<\/em><br \/><em>II.SS. Pertini Anelli Pinto<\/em><\/strong><\/p>\n\n<p><a class=\"a2a_button_facebook\" href=\"https:\/\/www.addtoany.com\/add_to\/facebook?linkurl=https%3A%2F%2Fturi.lavocedelpaese.info%2Fpremiazione-nel-carcere-di-turi-un-tributo-alla-memoria-di-antonio-gramsci-e-alla-forza-delle-giovani-voci%2F&amp;linkname=Premiazione%20nel%20Carcere%20di%20Turi%3A%20un%20tributo%20alla%20memoria%20di%20Antonio%20Gramsci%20e%20alla%20forza%20delle%20giovani%20voci\" title=\"Facebook\" rel=\"nofollow noopener\" target=\"_blank\"><\/a><a class=\"a2a_button_twitter\" href=\"https:\/\/www.addtoany.com\/add_to\/twitter?linkurl=https%3A%2F%2Fturi.lavocedelpaese.info%2Fpremiazione-nel-carcere-di-turi-un-tributo-alla-memoria-di-antonio-gramsci-e-alla-forza-delle-giovani-voci%2F&amp;linkname=Premiazione%20nel%20Carcere%20di%20Turi%3A%20un%20tributo%20alla%20memoria%20di%20Antonio%20Gramsci%20e%20alla%20forza%20delle%20giovani%20voci\" title=\"Twitter\" rel=\"nofollow noopener\" target=\"_blank\"><\/a><a class=\"a2a_button_whatsapp\" href=\"https:\/\/www.addtoany.com\/add_to\/whatsapp?linkurl=https%3A%2F%2Fturi.lavocedelpaese.info%2Fpremiazione-nel-carcere-di-turi-un-tributo-alla-memoria-di-antonio-gramsci-e-alla-forza-delle-giovani-voci%2F&amp;linkname=Premiazione%20nel%20Carcere%20di%20Turi%3A%20un%20tributo%20alla%20memoria%20di%20Antonio%20Gramsci%20e%20alla%20forza%20delle%20giovani%20voci\" title=\"WhatsApp\" rel=\"nofollow noopener\" target=\"_blank\"><\/a><a class=\"a2a_button_telegram\" href=\"https:\/\/www.addtoany.com\/add_to\/telegram?linkurl=https%3A%2F%2Fturi.lavocedelpaese.info%2Fpremiazione-nel-carcere-di-turi-un-tributo-alla-memoria-di-antonio-gramsci-e-alla-forza-delle-giovani-voci%2F&amp;linkname=Premiazione%20nel%20Carcere%20di%20Turi%3A%20un%20tributo%20alla%20memoria%20di%20Antonio%20Gramsci%20e%20alla%20forza%20delle%20giovani%20voci\" title=\"Telegram\" rel=\"nofollow noopener\" target=\"_blank\"><\/a><a class=\"a2a_button_email\" href=\"https:\/\/www.addtoany.com\/add_to\/email?linkurl=https%3A%2F%2Fturi.lavocedelpaese.info%2Fpremiazione-nel-carcere-di-turi-un-tributo-alla-memoria-di-antonio-gramsci-e-alla-forza-delle-giovani-voci%2F&amp;linkname=Premiazione%20nel%20Carcere%20di%20Turi%3A%20un%20tributo%20alla%20memoria%20di%20Antonio%20Gramsci%20e%20alla%20forza%20delle%20giovani%20voci\" title=\"Email\" rel=\"nofollow noopener\" target=\"_blank\"><\/a><\/p>\n<p>L&#8217;articolo <a href=\"https:\/\/turi.lavocedelpaese.info\/premiazione-nel-carcere-di-turi-un-tributo-alla-memoria-di-antonio-gramsci-e-alla-forza-delle-giovani-voci\/\">Premiazione nel Carcere di Turi: un tributo alla memoria di Antonio Gramsci e alla forza delle giovani voci<\/a> proviene da <a href=\"https:\/\/turi.lavocedelpaese.info\/\">Turi &#8211; La Voce del Paese<\/a>.<\/p>\n<p>\u00a0<\/p>\n<p>\u00a0<\/p>\n<p>\u200b\u00a0\u00a0\u00a0<\/p>","protected":false},"excerpt":{"rendered":"<p>\u00a0 \u200b\u00a0 \u200b\u00a0 Un evento di straordinario significato e profonda riflessione ha avuto luogo nella Casa di reclusione di Turi<\/p>\n","protected":false},"author":6,"featured_media":730,"comment_status":"open","ping_status":"closed","sticky":false,"template":"","format":"standard","meta":{"colormag_page_container_layout":"default_layout","colormag_page_sidebar_layout":"default_layout","footnotes":""},"categories":[33],"tags":[],"class_list":["post-9460","post","type-post","status-publish","format-standard","has-post-thumbnail","hentry","category-network"],"yoast_head":"<!-- This site is optimized with the Yoast SEO plugin v27.5 - https:\/\/yoast.com\/product\/yoast-seo-wordpress\/ -->\n<title>Premiazione nel Carcere di Turi: un tributo alla memoria di Antonio Gramsci e alla forza delle giovani voci\u00a0\u200b - La Voce del Paese<\/title>\n<meta name=\"robots\" content=\"index, follow, max-snippet:-1, max-image-preview:large, max-video-preview:-1\" \/>\n<link rel=\"canonical\" href=\"https:\/\/lavocedelpaese.info\/index.php\/2025\/06\/02\/premiazione-nel-carcere-di-turi-un-tributo-alla-memoria-di-antonio-gramsci-e-alla-forza-delle-giovani-voci\/\" \/>\n<meta property=\"og:locale\" content=\"it_IT\" \/>\n<meta property=\"og:type\" content=\"article\" \/>\n<meta property=\"og:title\" content=\"Premiazione nel Carcere di Turi: un tributo alla memoria di Antonio Gramsci e alla forza delle giovani voci\u00a0\u200b - La Voce del Paese\" \/>\n<meta property=\"og:description\" content=\"\u00a0 \u200b\u00a0 \u200b\u00a0 Un evento di straordinario significato e profonda riflessione ha avuto luogo nella Casa di reclusione di Turi\" \/>\n<meta property=\"og:url\" content=\"https:\/\/lavocedelpaese.info\/index.php\/2025\/06\/02\/premiazione-nel-carcere-di-turi-un-tributo-alla-memoria-di-antonio-gramsci-e-alla-forza-delle-giovani-voci\/\" \/>\n<meta property=\"og:site_name\" content=\"La Voce del Paese\" \/>\n<meta property=\"article:publisher\" content=\"https:\/\/www.facebook.com\/lavocedelpaese.info\" \/>\n<meta property=\"article:published_time\" content=\"2025-06-02T06:18:35+00:00\" \/>\n<meta name=\"author\" content=\"admin\" \/>\n<meta name=\"twitter:card\" content=\"summary_large_image\" \/>\n<meta name=\"twitter:label1\" content=\"Scritto da\" \/>\n\t<meta name=\"twitter:data1\" content=\"admin\" \/>\n\t<meta name=\"twitter:label2\" content=\"Tempo di lettura stimato\" \/>\n\t<meta name=\"twitter:data2\" content=\"4 minuti\" \/>\n<script type=\"application\/ld+json\" class=\"yoast-schema-graph\">{\"@context\":\"https:\\\/\\\/schema.org\",\"@graph\":[{\"@type\":\"Article\",\"@id\":\"https:\\\/\\\/lavocedelpaese.info\\\/index.php\\\/2025\\\/06\\\/02\\\/premiazione-nel-carcere-di-turi-un-tributo-alla-memoria-di-antonio-gramsci-e-alla-forza-delle-giovani-voci\\\/#article\",\"isPartOf\":{\"@id\":\"https:\\\/\\\/lavocedelpaese.info\\\/index.php\\\/2025\\\/06\\\/02\\\/premiazione-nel-carcere-di-turi-un-tributo-alla-memoria-di-antonio-gramsci-e-alla-forza-delle-giovani-voci\\\/\"},\"author\":{\"name\":\"admin\",\"@id\":\"https:\\\/\\\/lavocedelpaese.info\\\/#\\\/schema\\\/person\\\/ec151d321306bd7591f7a061abf72d88\"},\"headline\":\"Premiazione nel Carcere di Turi: un tributo alla memoria di Antonio Gramsci e alla forza delle giovani voci\u00a0\u200b\",\"datePublished\":\"2025-06-02T06:18:35+00:00\",\"mainEntityOfPage\":{\"@id\":\"https:\\\/\\\/lavocedelpaese.info\\\/index.php\\\/2025\\\/06\\\/02\\\/premiazione-nel-carcere-di-turi-un-tributo-alla-memoria-di-antonio-gramsci-e-alla-forza-delle-giovani-voci\\\/\"},\"wordCount\":735,\"commentCount\":0,\"publisher\":{\"@id\":\"https:\\\/\\\/lavocedelpaese.info\\\/#organization\"},\"image\":{\"@id\":\"https:\\\/\\\/lavocedelpaese.info\\\/index.php\\\/2025\\\/06\\\/02\\\/premiazione-nel-carcere-di-turi-un-tributo-alla-memoria-di-antonio-gramsci-e-alla-forza-delle-giovani-voci\\\/#primaryimage\"},\"thumbnailUrl\":\"https:\\\/\\\/lavocedelpaese.info\\\/wp-content\\\/uploads\\\/2023\\\/01\\\/logo-150-127.png\",\"articleSection\":[\"network\"],\"inLanguage\":\"it-IT\",\"potentialAction\":[{\"@type\":\"CommentAction\",\"name\":\"Comment\",\"target\":[\"https:\\\/\\\/lavocedelpaese.info\\\/index.php\\\/2025\\\/06\\\/02\\\/premiazione-nel-carcere-di-turi-un-tributo-alla-memoria-di-antonio-gramsci-e-alla-forza-delle-giovani-voci\\\/#respond\"]}]},{\"@type\":\"WebPage\",\"@id\":\"https:\\\/\\\/lavocedelpaese.info\\\/index.php\\\/2025\\\/06\\\/02\\\/premiazione-nel-carcere-di-turi-un-tributo-alla-memoria-di-antonio-gramsci-e-alla-forza-delle-giovani-voci\\\/\",\"url\":\"https:\\\/\\\/lavocedelpaese.info\\\/index.php\\\/2025\\\/06\\\/02\\\/premiazione-nel-carcere-di-turi-un-tributo-alla-memoria-di-antonio-gramsci-e-alla-forza-delle-giovani-voci\\\/\",\"name\":\"Premiazione nel Carcere di Turi: un tributo alla memoria di Antonio Gramsci e alla forza delle giovani voci\u00a0\u200b - La Voce del Paese\",\"isPartOf\":{\"@id\":\"https:\\\/\\\/lavocedelpaese.info\\\/#website\"},\"primaryImageOfPage\":{\"@id\":\"https:\\\/\\\/lavocedelpaese.info\\\/index.php\\\/2025\\\/06\\\/02\\\/premiazione-nel-carcere-di-turi-un-tributo-alla-memoria-di-antonio-gramsci-e-alla-forza-delle-giovani-voci\\\/#primaryimage\"},\"image\":{\"@id\":\"https:\\\/\\\/lavocedelpaese.info\\\/index.php\\\/2025\\\/06\\\/02\\\/premiazione-nel-carcere-di-turi-un-tributo-alla-memoria-di-antonio-gramsci-e-alla-forza-delle-giovani-voci\\\/#primaryimage\"},\"thumbnailUrl\":\"https:\\\/\\\/lavocedelpaese.info\\\/wp-content\\\/uploads\\\/2023\\\/01\\\/logo-150-127.png\",\"datePublished\":\"2025-06-02T06:18:35+00:00\",\"breadcrumb\":{\"@id\":\"https:\\\/\\\/lavocedelpaese.info\\\/index.php\\\/2025\\\/06\\\/02\\\/premiazione-nel-carcere-di-turi-un-tributo-alla-memoria-di-antonio-gramsci-e-alla-forza-delle-giovani-voci\\\/#breadcrumb\"},\"inLanguage\":\"it-IT\",\"potentialAction\":[{\"@type\":\"ReadAction\",\"target\":[\"https:\\\/\\\/lavocedelpaese.info\\\/index.php\\\/2025\\\/06\\\/02\\\/premiazione-nel-carcere-di-turi-un-tributo-alla-memoria-di-antonio-gramsci-e-alla-forza-delle-giovani-voci\\\/\"]}]},{\"@type\":\"ImageObject\",\"inLanguage\":\"it-IT\",\"@id\":\"https:\\\/\\\/lavocedelpaese.info\\\/index.php\\\/2025\\\/06\\\/02\\\/premiazione-nel-carcere-di-turi-un-tributo-alla-memoria-di-antonio-gramsci-e-alla-forza-delle-giovani-voci\\\/#primaryimage\",\"url\":\"https:\\\/\\\/lavocedelpaese.info\\\/wp-content\\\/uploads\\\/2023\\\/01\\\/logo-150-127.png\",\"contentUrl\":\"https:\\\/\\\/lavocedelpaese.info\\\/wp-content\\\/uploads\\\/2023\\\/01\\\/logo-150-127.png\",\"width\":150,\"height\":127},{\"@type\":\"BreadcrumbList\",\"@id\":\"https:\\\/\\\/lavocedelpaese.info\\\/index.php\\\/2025\\\/06\\\/02\\\/premiazione-nel-carcere-di-turi-un-tributo-alla-memoria-di-antonio-gramsci-e-alla-forza-delle-giovani-voci\\\/#breadcrumb\",\"itemListElement\":[{\"@type\":\"ListItem\",\"position\":1,\"name\":\"Home\",\"item\":\"https:\\\/\\\/lavocedelpaese.info\\\/\"},{\"@type\":\"ListItem\",\"position\":2,\"name\":\"Premiazione nel Carcere di Turi: un tributo alla memoria di Antonio Gramsci e alla forza delle giovani voci\u00a0\u200b\"}]},{\"@type\":\"WebSite\",\"@id\":\"https:\\\/\\\/lavocedelpaese.info\\\/#website\",\"url\":\"https:\\\/\\\/lavocedelpaese.info\\\/\",\"name\":\"La Voce del Paese\",\"description\":\"Un network di idee\",\"publisher\":{\"@id\":\"https:\\\/\\\/lavocedelpaese.info\\\/#organization\"},\"potentialAction\":[{\"@type\":\"SearchAction\",\"target\":{\"@type\":\"EntryPoint\",\"urlTemplate\":\"https:\\\/\\\/lavocedelpaese.info\\\/?s={search_term_string}\"},\"query-input\":{\"@type\":\"PropertyValueSpecification\",\"valueRequired\":true,\"valueName\":\"search_term_string\"}}],\"inLanguage\":\"it-IT\"},{\"@type\":\"Organization\",\"@id\":\"https:\\\/\\\/lavocedelpaese.info\\\/#organization\",\"name\":\"La Voce del Paese\",\"url\":\"https:\\\/\\\/lavocedelpaese.info\\\/\",\"logo\":{\"@type\":\"ImageObject\",\"inLanguage\":\"it-IT\",\"@id\":\"https:\\\/\\\/lavocedelpaese.info\\\/#\\\/schema\\\/logo\\\/image\\\/\",\"url\":\"https:\\\/\\\/lavocedelpaese.info\\\/wp-content\\\/uploads\\\/2023\\\/01\\\/cropped-logo-150-127.png\",\"contentUrl\":\"https:\\\/\\\/lavocedelpaese.info\\\/wp-content\\\/uploads\\\/2023\\\/01\\\/cropped-logo-150-127.png\",\"width\":137,\"height\":119,\"caption\":\"La Voce del Paese\"},\"image\":{\"@id\":\"https:\\\/\\\/lavocedelpaese.info\\\/#\\\/schema\\\/logo\\\/image\\\/\"},\"sameAs\":[\"https:\\\/\\\/www.facebook.com\\\/lavocedelpaese.info\"]},{\"@type\":\"Person\",\"@id\":\"https:\\\/\\\/lavocedelpaese.info\\\/#\\\/schema\\\/person\\\/ec151d321306bd7591f7a061abf72d88\",\"name\":\"admin\",\"image\":{\"@type\":\"ImageObject\",\"inLanguage\":\"it-IT\",\"@id\":\"https:\\\/\\\/secure.gravatar.com\\\/avatar\\\/af8f2caf0663124588de48a9380e07cbc95a74ef15b8062d0d39106c32fe3023?s=96&d=mm&r=g\",\"url\":\"https:\\\/\\\/secure.gravatar.com\\\/avatar\\\/af8f2caf0663124588de48a9380e07cbc95a74ef15b8062d0d39106c32fe3023?s=96&d=mm&r=g\",\"contentUrl\":\"https:\\\/\\\/secure.gravatar.com\\\/avatar\\\/af8f2caf0663124588de48a9380e07cbc95a74ef15b8062d0d39106c32fe3023?s=96&d=mm&r=g\",\"caption\":\"admin\"},\"sameAs\":[\"https:\\\/\\\/lavocedelpaese.info\"],\"url\":\"https:\\\/\\\/lavocedelpaese.info\\\/index.php\\\/author\\\/admin\\\/\"}]}<\/script>\n<!-- \/ Yoast SEO plugin. -->","yoast_head_json":{"title":"Premiazione nel Carcere di Turi: un tributo alla memoria di Antonio Gramsci e alla forza delle giovani voci\u00a0\u200b - La Voce del Paese","robots":{"index":"index","follow":"follow","max-snippet":"max-snippet:-1","max-image-preview":"max-image-preview:large","max-video-preview":"max-video-preview:-1"},"canonical":"https:\/\/lavocedelpaese.info\/index.php\/2025\/06\/02\/premiazione-nel-carcere-di-turi-un-tributo-alla-memoria-di-antonio-gramsci-e-alla-forza-delle-giovani-voci\/","og_locale":"it_IT","og_type":"article","og_title":"Premiazione nel Carcere di Turi: un tributo alla memoria di Antonio Gramsci e alla forza delle giovani voci\u00a0\u200b - La Voce del Paese","og_description":"\u00a0 \u200b\u00a0 \u200b\u00a0 Un evento di straordinario significato e profonda riflessione ha avuto luogo nella Casa di reclusione di Turi","og_url":"https:\/\/lavocedelpaese.info\/index.php\/2025\/06\/02\/premiazione-nel-carcere-di-turi-un-tributo-alla-memoria-di-antonio-gramsci-e-alla-forza-delle-giovani-voci\/","og_site_name":"La Voce del Paese","article_publisher":"https:\/\/www.facebook.com\/lavocedelpaese.info","article_published_time":"2025-06-02T06:18:35+00:00","author":"admin","twitter_card":"summary_large_image","twitter_misc":{"Scritto da":"admin","Tempo di lettura stimato":"4 minuti"},"schema":{"@context":"https:\/\/schema.org","@graph":[{"@type":"Article","@id":"https:\/\/lavocedelpaese.info\/index.php\/2025\/06\/02\/premiazione-nel-carcere-di-turi-un-tributo-alla-memoria-di-antonio-gramsci-e-alla-forza-delle-giovani-voci\/#article","isPartOf":{"@id":"https:\/\/lavocedelpaese.info\/index.php\/2025\/06\/02\/premiazione-nel-carcere-di-turi-un-tributo-alla-memoria-di-antonio-gramsci-e-alla-forza-delle-giovani-voci\/"},"author":{"name":"admin","@id":"https:\/\/lavocedelpaese.info\/#\/schema\/person\/ec151d321306bd7591f7a061abf72d88"},"headline":"Premiazione nel Carcere di Turi: un tributo alla memoria di Antonio Gramsci e alla forza delle giovani voci\u00a0\u200b","datePublished":"2025-06-02T06:18:35+00:00","mainEntityOfPage":{"@id":"https:\/\/lavocedelpaese.info\/index.php\/2025\/06\/02\/premiazione-nel-carcere-di-turi-un-tributo-alla-memoria-di-antonio-gramsci-e-alla-forza-delle-giovani-voci\/"},"wordCount":735,"commentCount":0,"publisher":{"@id":"https:\/\/lavocedelpaese.info\/#organization"},"image":{"@id":"https:\/\/lavocedelpaese.info\/index.php\/2025\/06\/02\/premiazione-nel-carcere-di-turi-un-tributo-alla-memoria-di-antonio-gramsci-e-alla-forza-delle-giovani-voci\/#primaryimage"},"thumbnailUrl":"https:\/\/lavocedelpaese.info\/wp-content\/uploads\/2023\/01\/logo-150-127.png","articleSection":["network"],"inLanguage":"it-IT","potentialAction":[{"@type":"CommentAction","name":"Comment","target":["https:\/\/lavocedelpaese.info\/index.php\/2025\/06\/02\/premiazione-nel-carcere-di-turi-un-tributo-alla-memoria-di-antonio-gramsci-e-alla-forza-delle-giovani-voci\/#respond"]}]},{"@type":"WebPage","@id":"https:\/\/lavocedelpaese.info\/index.php\/2025\/06\/02\/premiazione-nel-carcere-di-turi-un-tributo-alla-memoria-di-antonio-gramsci-e-alla-forza-delle-giovani-voci\/","url":"https:\/\/lavocedelpaese.info\/index.php\/2025\/06\/02\/premiazione-nel-carcere-di-turi-un-tributo-alla-memoria-di-antonio-gramsci-e-alla-forza-delle-giovani-voci\/","name":"Premiazione nel Carcere di Turi: un tributo alla memoria di Antonio Gramsci e alla forza delle giovani voci\u00a0\u200b - La Voce del Paese","isPartOf":{"@id":"https:\/\/lavocedelpaese.info\/#website"},"primaryImageOfPage":{"@id":"https:\/\/lavocedelpaese.info\/index.php\/2025\/06\/02\/premiazione-nel-carcere-di-turi-un-tributo-alla-memoria-di-antonio-gramsci-e-alla-forza-delle-giovani-voci\/#primaryimage"},"image":{"@id":"https:\/\/lavocedelpaese.info\/index.php\/2025\/06\/02\/premiazione-nel-carcere-di-turi-un-tributo-alla-memoria-di-antonio-gramsci-e-alla-forza-delle-giovani-voci\/#primaryimage"},"thumbnailUrl":"https:\/\/lavocedelpaese.info\/wp-content\/uploads\/2023\/01\/logo-150-127.png","datePublished":"2025-06-02T06:18:35+00:00","breadcrumb":{"@id":"https:\/\/lavocedelpaese.info\/index.php\/2025\/06\/02\/premiazione-nel-carcere-di-turi-un-tributo-alla-memoria-di-antonio-gramsci-e-alla-forza-delle-giovani-voci\/#breadcrumb"},"inLanguage":"it-IT","potentialAction":[{"@type":"ReadAction","target":["https:\/\/lavocedelpaese.info\/index.php\/2025\/06\/02\/premiazione-nel-carcere-di-turi-un-tributo-alla-memoria-di-antonio-gramsci-e-alla-forza-delle-giovani-voci\/"]}]},{"@type":"ImageObject","inLanguage":"it-IT","@id":"https:\/\/lavocedelpaese.info\/index.php\/2025\/06\/02\/premiazione-nel-carcere-di-turi-un-tributo-alla-memoria-di-antonio-gramsci-e-alla-forza-delle-giovani-voci\/#primaryimage","url":"https:\/\/lavocedelpaese.info\/wp-content\/uploads\/2023\/01\/logo-150-127.png","contentUrl":"https:\/\/lavocedelpaese.info\/wp-content\/uploads\/2023\/01\/logo-150-127.png","width":150,"height":127},{"@type":"BreadcrumbList","@id":"https:\/\/lavocedelpaese.info\/index.php\/2025\/06\/02\/premiazione-nel-carcere-di-turi-un-tributo-alla-memoria-di-antonio-gramsci-e-alla-forza-delle-giovani-voci\/#breadcrumb","itemListElement":[{"@type":"ListItem","position":1,"name":"Home","item":"https:\/\/lavocedelpaese.info\/"},{"@type":"ListItem","position":2,"name":"Premiazione nel Carcere di Turi: un tributo alla memoria di Antonio Gramsci e alla forza delle giovani voci\u00a0\u200b"}]},{"@type":"WebSite","@id":"https:\/\/lavocedelpaese.info\/#website","url":"https:\/\/lavocedelpaese.info\/","name":"La Voce del Paese","description":"Un network di idee","publisher":{"@id":"https:\/\/lavocedelpaese.info\/#organization"},"potentialAction":[{"@type":"SearchAction","target":{"@type":"EntryPoint","urlTemplate":"https:\/\/lavocedelpaese.info\/?s={search_term_string}"},"query-input":{"@type":"PropertyValueSpecification","valueRequired":true,"valueName":"search_term_string"}}],"inLanguage":"it-IT"},{"@type":"Organization","@id":"https:\/\/lavocedelpaese.info\/#organization","name":"La Voce del Paese","url":"https:\/\/lavocedelpaese.info\/","logo":{"@type":"ImageObject","inLanguage":"it-IT","@id":"https:\/\/lavocedelpaese.info\/#\/schema\/logo\/image\/","url":"https:\/\/lavocedelpaese.info\/wp-content\/uploads\/2023\/01\/cropped-logo-150-127.png","contentUrl":"https:\/\/lavocedelpaese.info\/wp-content\/uploads\/2023\/01\/cropped-logo-150-127.png","width":137,"height":119,"caption":"La Voce del Paese"},"image":{"@id":"https:\/\/lavocedelpaese.info\/#\/schema\/logo\/image\/"},"sameAs":["https:\/\/www.facebook.com\/lavocedelpaese.info"]},{"@type":"Person","@id":"https:\/\/lavocedelpaese.info\/#\/schema\/person\/ec151d321306bd7591f7a061abf72d88","name":"admin","image":{"@type":"ImageObject","inLanguage":"it-IT","@id":"https:\/\/secure.gravatar.com\/avatar\/af8f2caf0663124588de48a9380e07cbc95a74ef15b8062d0d39106c32fe3023?s=96&d=mm&r=g","url":"https:\/\/secure.gravatar.com\/avatar\/af8f2caf0663124588de48a9380e07cbc95a74ef15b8062d0d39106c32fe3023?s=96&d=mm&r=g","contentUrl":"https:\/\/secure.gravatar.com\/avatar\/af8f2caf0663124588de48a9380e07cbc95a74ef15b8062d0d39106c32fe3023?s=96&d=mm&r=g","caption":"admin"},"sameAs":["https:\/\/lavocedelpaese.info"],"url":"https:\/\/lavocedelpaese.info\/index.php\/author\/admin\/"}]}},"_links":{"self":[{"href":"https:\/\/lavocedelpaese.info\/index.php\/wp-json\/wp\/v2\/posts\/9460","targetHints":{"allow":["GET"]}}],"collection":[{"href":"https:\/\/lavocedelpaese.info\/index.php\/wp-json\/wp\/v2\/posts"}],"about":[{"href":"https:\/\/lavocedelpaese.info\/index.php\/wp-json\/wp\/v2\/types\/post"}],"author":[{"embeddable":true,"href":"https:\/\/lavocedelpaese.info\/index.php\/wp-json\/wp\/v2\/users\/6"}],"replies":[{"embeddable":true,"href":"https:\/\/lavocedelpaese.info\/index.php\/wp-json\/wp\/v2\/comments?post=9460"}],"version-history":[{"count":0,"href":"https:\/\/lavocedelpaese.info\/index.php\/wp-json\/wp\/v2\/posts\/9460\/revisions"}],"wp:featuredmedia":[{"embeddable":true,"href":"https:\/\/lavocedelpaese.info\/index.php\/wp-json\/wp\/v2\/media\/730"}],"wp:attachment":[{"href":"https:\/\/lavocedelpaese.info\/index.php\/wp-json\/wp\/v2\/media?parent=9460"}],"wp:term":[{"taxonomy":"category","embeddable":true,"href":"https:\/\/lavocedelpaese.info\/index.php\/wp-json\/wp\/v2\/categories?post=9460"},{"taxonomy":"post_tag","embeddable":true,"href":"https:\/\/lavocedelpaese.info\/index.php\/wp-json\/wp\/v2\/tags?post=9460"}],"curies":[{"name":"wp","href":"https:\/\/api.w.org\/{rel}","templated":true}]}}