{"id":9459,"date":"2025-06-02T05:13:48","date_gmt":"2025-06-02T05:13:48","guid":{"rendered":"https:\/\/lavocedelpaese.info\/index.php\/2025\/06\/02\/campagna-cerasicola-nuovo-intervento-dei-carabinieri-di-turi\/"},"modified":"2025-06-02T05:13:48","modified_gmt":"2025-06-02T05:13:48","slug":"campagna-cerasicola-nuovo-intervento-dei-carabinieri-di-turi","status":"publish","type":"post","link":"https:\/\/lavocedelpaese.info\/index.php\/2025\/06\/02\/campagna-cerasicola-nuovo-intervento-dei-carabinieri-di-turi\/","title":{"rendered":"Campagna cerasicola, nuovo intervento dei Carabinieri di Turi\u00a0\u200b"},"content":{"rendered":"<p>\u00a0<\/p>\n<p>\u200b\u00a0<\/p>\n<p>\u200b\u00a0<\/p>\n<div><\/div>\n<h4 class=\"wp-block-heading\"><strong>Sanzioni amministrative e sospensione dell\u2019attivit\u00e0 per un\u2019azienda agricola turese<\/strong><\/h4>\n<p>Nel quadro delle iniziative contro lo sfruttamento del lavoro, in concomitanza con la campagna cerasicola, i Carabinieri della Stazione di Turi, affiancati dal Nucleo Ispettorato del Lavoro di Bari, hanno recentemente condotto un nuovo intervento ispettivo.<\/p>\n<p>Lo scorso 30 maggio, l\u2019attivit\u00e0 \u00e8 stata focalizzata su un\u2019ulteriore impresa agricola, con sede legale ed operativa sempre a Turi, dove sono stati individuati 24 lavoratori, di cui 23 di nazionalit\u00e0 extracomunitaria, la cui regolarit\u00e0 \u00e8 attualmente in fase di verifica.<\/p>\n<p>Il socio amministratore dell\u2019azienda \u00e8 stato deferito in stato di libert\u00e0; inoltre, sono state contestate ammende del valore di poco pi\u00f9 di 9.000 euro e sanzioni amministrative per un importo pari a 2.500 euro. In parallelo, \u00e8 stato applicato il provvedimento di sospensione dell\u2019attivit\u00e0 alla luce \u201cdi gravi violazioni in materia di tutela della salute e sicurezza\u201d.<\/p>\n<p>\u00abQuesta operazione rappresenta un\u2019ulteriore conferma del costante impegno dell\u2019Arma nel contrastare ogni forma di illegalit\u00e0 nel delicato settore, a tutela dell\u2019intera comunit\u00e0\u00bb \u2013 ha dichiarato il Comandante Provinciale dei Carabinieri di Bari, Generale di Brigata<strong> Gianluca Trombetti<\/strong>.<\/p>\n<p><strong>Si ricorda che il procedimento \u00e8 attualmente nella fase delle indagini preliminari <\/strong>e che seguir\u00e0 il necessario confronto con la difesa degli indagati. Eventuali responsabilit\u00e0, rispetto ai reati ipotizzati, dovranno essere accertate in sede di processo nel pieno rispetto del contraddittorio tra le parti.<\/p>\n<p><a class=\"a2a_button_facebook\" href=\"https:\/\/www.addtoany.com\/add_to\/facebook?linkurl=https%3A%2F%2Fturi.lavocedelpaese.info%2Fcampagna-cerasicola-nuovo-intervento-dei-carabinieri-di-turi%2F&amp;linkname=Campagna%20cerasicola%2C%20nuovo%20intervento%20dei%20Carabinieri%20di%20Turi\" title=\"Facebook\" rel=\"nofollow noopener\" target=\"_blank\"><\/a><a class=\"a2a_button_twitter\" href=\"https:\/\/www.addtoany.com\/add_to\/twitter?linkurl=https%3A%2F%2Fturi.lavocedelpaese.info%2Fcampagna-cerasicola-nuovo-intervento-dei-carabinieri-di-turi%2F&amp;linkname=Campagna%20cerasicola%2C%20nuovo%20intervento%20dei%20Carabinieri%20di%20Turi\" title=\"Twitter\" rel=\"nofollow noopener\" target=\"_blank\"><\/a><a class=\"a2a_button_whatsapp\" href=\"https:\/\/www.addtoany.com\/add_to\/whatsapp?linkurl=https%3A%2F%2Fturi.lavocedelpaese.info%2Fcampagna-cerasicola-nuovo-intervento-dei-carabinieri-di-turi%2F&amp;linkname=Campagna%20cerasicola%2C%20nuovo%20intervento%20dei%20Carabinieri%20di%20Turi\" title=\"WhatsApp\" rel=\"nofollow noopener\" target=\"_blank\"><\/a><a class=\"a2a_button_telegram\" href=\"https:\/\/www.addtoany.com\/add_to\/telegram?linkurl=https%3A%2F%2Fturi.lavocedelpaese.info%2Fcampagna-cerasicola-nuovo-intervento-dei-carabinieri-di-turi%2F&amp;linkname=Campagna%20cerasicola%2C%20nuovo%20intervento%20dei%20Carabinieri%20di%20Turi\" title=\"Telegram\" rel=\"nofollow noopener\" target=\"_blank\"><\/a><a class=\"a2a_button_email\" href=\"https:\/\/www.addtoany.com\/add_to\/email?linkurl=https%3A%2F%2Fturi.lavocedelpaese.info%2Fcampagna-cerasicola-nuovo-intervento-dei-carabinieri-di-turi%2F&amp;linkname=Campagna%20cerasicola%2C%20nuovo%20intervento%20dei%20Carabinieri%20di%20Turi\" title=\"Email\" rel=\"nofollow noopener\" target=\"_blank\"><\/a><\/p>\n<p>L&#8217;articolo <a href=\"https:\/\/turi.lavocedelpaese.info\/campagna-cerasicola-nuovo-intervento-dei-carabinieri-di-turi\/\">Campagna cerasicola, nuovo intervento dei Carabinieri di Turi<\/a> proviene da <a href=\"https:\/\/turi.lavocedelpaese.info\/\">Turi &#8211; La Voce del Paese<\/a>.<\/p>\n<p>\u00a0<\/p>\n<p>\u00a0<\/p>\n<p>\u200b\u00a0\u00a0\u00a0<\/p>","protected":false},"excerpt":{"rendered":"<p>\u00a0 \u200b\u00a0 \u200b\u00a0 Sanzioni amministrative e sospensione dell\u2019attivit\u00e0 per un\u2019azienda agricola turese Nel quadro delle iniziative contro lo sfruttamento del<\/p>\n","protected":false},"author":6,"featured_media":730,"comment_status":"open","ping_status":"closed","sticky":false,"template":"","format":"standard","meta":{"colormag_page_container_layout":"default_layout","colormag_page_sidebar_layout":"default_layout","footnotes":""},"categories":[33],"tags":[],"class_list":["post-9459","post","type-post","status-publish","format-standard","has-post-thumbnail","hentry","category-network"],"yoast_head":"<!-- This site is optimized with the Yoast SEO plugin v27.5 - https:\/\/yoast.com\/product\/yoast-seo-wordpress\/ -->\n<title>Campagna cerasicola, nuovo intervento dei Carabinieri di Turi\u00a0\u200b - La Voce del Paese<\/title>\n<meta name=\"robots\" content=\"index, follow, max-snippet:-1, max-image-preview:large, max-video-preview:-1\" \/>\n<link rel=\"canonical\" href=\"https:\/\/lavocedelpaese.info\/index.php\/2025\/06\/02\/campagna-cerasicola-nuovo-intervento-dei-carabinieri-di-turi\/\" \/>\n<meta property=\"og:locale\" content=\"it_IT\" \/>\n<meta property=\"og:type\" content=\"article\" \/>\n<meta property=\"og:title\" content=\"Campagna cerasicola, nuovo intervento dei Carabinieri di Turi\u00a0\u200b - La Voce del Paese\" \/>\n<meta property=\"og:description\" content=\"\u00a0 \u200b\u00a0 \u200b\u00a0 Sanzioni amministrative e sospensione dell\u2019attivit\u00e0 per un\u2019azienda agricola turese Nel quadro delle iniziative contro lo sfruttamento del\" \/>\n<meta property=\"og:url\" content=\"https:\/\/lavocedelpaese.info\/index.php\/2025\/06\/02\/campagna-cerasicola-nuovo-intervento-dei-carabinieri-di-turi\/\" \/>\n<meta property=\"og:site_name\" content=\"La Voce del Paese\" \/>\n<meta property=\"article:publisher\" content=\"https:\/\/www.facebook.com\/lavocedelpaese.info\" \/>\n<meta property=\"article:published_time\" content=\"2025-06-02T05:13:48+00:00\" \/>\n<meta name=\"author\" content=\"admin\" \/>\n<meta name=\"twitter:card\" content=\"summary_large_image\" \/>\n<meta name=\"twitter:label1\" content=\"Scritto da\" \/>\n\t<meta name=\"twitter:data1\" content=\"admin\" \/>\n\t<meta name=\"twitter:label2\" content=\"Tempo di lettura stimato\" \/>\n\t<meta name=\"twitter:data2\" content=\"1 minuto\" \/>\n<script type=\"application\/ld+json\" class=\"yoast-schema-graph\">{\"@context\":\"https:\\\/\\\/schema.org\",\"@graph\":[{\"@type\":\"Article\",\"@id\":\"https:\\\/\\\/lavocedelpaese.info\\\/index.php\\\/2025\\\/06\\\/02\\\/campagna-cerasicola-nuovo-intervento-dei-carabinieri-di-turi\\\/#article\",\"isPartOf\":{\"@id\":\"https:\\\/\\\/lavocedelpaese.info\\\/index.php\\\/2025\\\/06\\\/02\\\/campagna-cerasicola-nuovo-intervento-dei-carabinieri-di-turi\\\/\"},\"author\":{\"name\":\"admin\",\"@id\":\"https:\\\/\\\/lavocedelpaese.info\\\/#\\\/schema\\\/person\\\/ec151d321306bd7591f7a061abf72d88\"},\"headline\":\"Campagna cerasicola, nuovo intervento dei Carabinieri di Turi\u00a0\u200b\",\"datePublished\":\"2025-06-02T05:13:48+00:00\",\"mainEntityOfPage\":{\"@id\":\"https:\\\/\\\/lavocedelpaese.info\\\/index.php\\\/2025\\\/06\\\/02\\\/campagna-cerasicola-nuovo-intervento-dei-carabinieri-di-turi\\\/\"},\"wordCount\":248,\"commentCount\":0,\"publisher\":{\"@id\":\"https:\\\/\\\/lavocedelpaese.info\\\/#organization\"},\"image\":{\"@id\":\"https:\\\/\\\/lavocedelpaese.info\\\/index.php\\\/2025\\\/06\\\/02\\\/campagna-cerasicola-nuovo-intervento-dei-carabinieri-di-turi\\\/#primaryimage\"},\"thumbnailUrl\":\"https:\\\/\\\/lavocedelpaese.info\\\/wp-content\\\/uploads\\\/2023\\\/01\\\/logo-150-127.png\",\"articleSection\":[\"network\"],\"inLanguage\":\"it-IT\",\"potentialAction\":[{\"@type\":\"CommentAction\",\"name\":\"Comment\",\"target\":[\"https:\\\/\\\/lavocedelpaese.info\\\/index.php\\\/2025\\\/06\\\/02\\\/campagna-cerasicola-nuovo-intervento-dei-carabinieri-di-turi\\\/#respond\"]}]},{\"@type\":\"WebPage\",\"@id\":\"https:\\\/\\\/lavocedelpaese.info\\\/index.php\\\/2025\\\/06\\\/02\\\/campagna-cerasicola-nuovo-intervento-dei-carabinieri-di-turi\\\/\",\"url\":\"https:\\\/\\\/lavocedelpaese.info\\\/index.php\\\/2025\\\/06\\\/02\\\/campagna-cerasicola-nuovo-intervento-dei-carabinieri-di-turi\\\/\",\"name\":\"Campagna cerasicola, nuovo intervento dei Carabinieri di Turi\u00a0\u200b - La Voce del Paese\",\"isPartOf\":{\"@id\":\"https:\\\/\\\/lavocedelpaese.info\\\/#website\"},\"primaryImageOfPage\":{\"@id\":\"https:\\\/\\\/lavocedelpaese.info\\\/index.php\\\/2025\\\/06\\\/02\\\/campagna-cerasicola-nuovo-intervento-dei-carabinieri-di-turi\\\/#primaryimage\"},\"image\":{\"@id\":\"https:\\\/\\\/lavocedelpaese.info\\\/index.php\\\/2025\\\/06\\\/02\\\/campagna-cerasicola-nuovo-intervento-dei-carabinieri-di-turi\\\/#primaryimage\"},\"thumbnailUrl\":\"https:\\\/\\\/lavocedelpaese.info\\\/wp-content\\\/uploads\\\/2023\\\/01\\\/logo-150-127.png\",\"datePublished\":\"2025-06-02T05:13:48+00:00\",\"breadcrumb\":{\"@id\":\"https:\\\/\\\/lavocedelpaese.info\\\/index.php\\\/2025\\\/06\\\/02\\\/campagna-cerasicola-nuovo-intervento-dei-carabinieri-di-turi\\\/#breadcrumb\"},\"inLanguage\":\"it-IT\",\"potentialAction\":[{\"@type\":\"ReadAction\",\"target\":[\"https:\\\/\\\/lavocedelpaese.info\\\/index.php\\\/2025\\\/06\\\/02\\\/campagna-cerasicola-nuovo-intervento-dei-carabinieri-di-turi\\\/\"]}]},{\"@type\":\"ImageObject\",\"inLanguage\":\"it-IT\",\"@id\":\"https:\\\/\\\/lavocedelpaese.info\\\/index.php\\\/2025\\\/06\\\/02\\\/campagna-cerasicola-nuovo-intervento-dei-carabinieri-di-turi\\\/#primaryimage\",\"url\":\"https:\\\/\\\/lavocedelpaese.info\\\/wp-content\\\/uploads\\\/2023\\\/01\\\/logo-150-127.png\",\"contentUrl\":\"https:\\\/\\\/lavocedelpaese.info\\\/wp-content\\\/uploads\\\/2023\\\/01\\\/logo-150-127.png\",\"width\":150,\"height\":127},{\"@type\":\"BreadcrumbList\",\"@id\":\"https:\\\/\\\/lavocedelpaese.info\\\/index.php\\\/2025\\\/06\\\/02\\\/campagna-cerasicola-nuovo-intervento-dei-carabinieri-di-turi\\\/#breadcrumb\",\"itemListElement\":[{\"@type\":\"ListItem\",\"position\":1,\"name\":\"Home\",\"item\":\"https:\\\/\\\/lavocedelpaese.info\\\/\"},{\"@type\":\"ListItem\",\"position\":2,\"name\":\"Campagna cerasicola, nuovo intervento dei Carabinieri di Turi\u00a0\u200b\"}]},{\"@type\":\"WebSite\",\"@id\":\"https:\\\/\\\/lavocedelpaese.info\\\/#website\",\"url\":\"https:\\\/\\\/lavocedelpaese.info\\\/\",\"name\":\"La Voce del Paese\",\"description\":\"Un network di idee\",\"publisher\":{\"@id\":\"https:\\\/\\\/lavocedelpaese.info\\\/#organization\"},\"potentialAction\":[{\"@type\":\"SearchAction\",\"target\":{\"@type\":\"EntryPoint\",\"urlTemplate\":\"https:\\\/\\\/lavocedelpaese.info\\\/?s={search_term_string}\"},\"query-input\":{\"@type\":\"PropertyValueSpecification\",\"valueRequired\":true,\"valueName\":\"search_term_string\"}}],\"inLanguage\":\"it-IT\"},{\"@type\":\"Organization\",\"@id\":\"https:\\\/\\\/lavocedelpaese.info\\\/#organization\",\"name\":\"La Voce del Paese\",\"url\":\"https:\\\/\\\/lavocedelpaese.info\\\/\",\"logo\":{\"@type\":\"ImageObject\",\"inLanguage\":\"it-IT\",\"@id\":\"https:\\\/\\\/lavocedelpaese.info\\\/#\\\/schema\\\/logo\\\/image\\\/\",\"url\":\"https:\\\/\\\/lavocedelpaese.info\\\/wp-content\\\/uploads\\\/2023\\\/01\\\/cropped-logo-150-127.png\",\"contentUrl\":\"https:\\\/\\\/lavocedelpaese.info\\\/wp-content\\\/uploads\\\/2023\\\/01\\\/cropped-logo-150-127.png\",\"width\":137,\"height\":119,\"caption\":\"La Voce del Paese\"},\"image\":{\"@id\":\"https:\\\/\\\/lavocedelpaese.info\\\/#\\\/schema\\\/logo\\\/image\\\/\"},\"sameAs\":[\"https:\\\/\\\/www.facebook.com\\\/lavocedelpaese.info\"]},{\"@type\":\"Person\",\"@id\":\"https:\\\/\\\/lavocedelpaese.info\\\/#\\\/schema\\\/person\\\/ec151d321306bd7591f7a061abf72d88\",\"name\":\"admin\",\"image\":{\"@type\":\"ImageObject\",\"inLanguage\":\"it-IT\",\"@id\":\"https:\\\/\\\/secure.gravatar.com\\\/avatar\\\/af8f2caf0663124588de48a9380e07cbc95a74ef15b8062d0d39106c32fe3023?s=96&d=mm&r=g\",\"url\":\"https:\\\/\\\/secure.gravatar.com\\\/avatar\\\/af8f2caf0663124588de48a9380e07cbc95a74ef15b8062d0d39106c32fe3023?s=96&d=mm&r=g\",\"contentUrl\":\"https:\\\/\\\/secure.gravatar.com\\\/avatar\\\/af8f2caf0663124588de48a9380e07cbc95a74ef15b8062d0d39106c32fe3023?s=96&d=mm&r=g\",\"caption\":\"admin\"},\"sameAs\":[\"https:\\\/\\\/lavocedelpaese.info\"],\"url\":\"https:\\\/\\\/lavocedelpaese.info\\\/index.php\\\/author\\\/admin\\\/\"}]}<\/script>\n<!-- \/ Yoast SEO plugin. -->","yoast_head_json":{"title":"Campagna cerasicola, nuovo intervento dei Carabinieri di Turi\u00a0\u200b - La Voce del Paese","robots":{"index":"index","follow":"follow","max-snippet":"max-snippet:-1","max-image-preview":"max-image-preview:large","max-video-preview":"max-video-preview:-1"},"canonical":"https:\/\/lavocedelpaese.info\/index.php\/2025\/06\/02\/campagna-cerasicola-nuovo-intervento-dei-carabinieri-di-turi\/","og_locale":"it_IT","og_type":"article","og_title":"Campagna cerasicola, nuovo intervento dei Carabinieri di Turi\u00a0\u200b - La Voce del Paese","og_description":"\u00a0 \u200b\u00a0 \u200b\u00a0 Sanzioni amministrative e sospensione dell\u2019attivit\u00e0 per un\u2019azienda agricola turese Nel quadro delle iniziative contro lo sfruttamento del","og_url":"https:\/\/lavocedelpaese.info\/index.php\/2025\/06\/02\/campagna-cerasicola-nuovo-intervento-dei-carabinieri-di-turi\/","og_site_name":"La Voce del Paese","article_publisher":"https:\/\/www.facebook.com\/lavocedelpaese.info","article_published_time":"2025-06-02T05:13:48+00:00","author":"admin","twitter_card":"summary_large_image","twitter_misc":{"Scritto da":"admin","Tempo di lettura stimato":"1 minuto"},"schema":{"@context":"https:\/\/schema.org","@graph":[{"@type":"Article","@id":"https:\/\/lavocedelpaese.info\/index.php\/2025\/06\/02\/campagna-cerasicola-nuovo-intervento-dei-carabinieri-di-turi\/#article","isPartOf":{"@id":"https:\/\/lavocedelpaese.info\/index.php\/2025\/06\/02\/campagna-cerasicola-nuovo-intervento-dei-carabinieri-di-turi\/"},"author":{"name":"admin","@id":"https:\/\/lavocedelpaese.info\/#\/schema\/person\/ec151d321306bd7591f7a061abf72d88"},"headline":"Campagna cerasicola, nuovo intervento dei Carabinieri di Turi\u00a0\u200b","datePublished":"2025-06-02T05:13:48+00:00","mainEntityOfPage":{"@id":"https:\/\/lavocedelpaese.info\/index.php\/2025\/06\/02\/campagna-cerasicola-nuovo-intervento-dei-carabinieri-di-turi\/"},"wordCount":248,"commentCount":0,"publisher":{"@id":"https:\/\/lavocedelpaese.info\/#organization"},"image":{"@id":"https:\/\/lavocedelpaese.info\/index.php\/2025\/06\/02\/campagna-cerasicola-nuovo-intervento-dei-carabinieri-di-turi\/#primaryimage"},"thumbnailUrl":"https:\/\/lavocedelpaese.info\/wp-content\/uploads\/2023\/01\/logo-150-127.png","articleSection":["network"],"inLanguage":"it-IT","potentialAction":[{"@type":"CommentAction","name":"Comment","target":["https:\/\/lavocedelpaese.info\/index.php\/2025\/06\/02\/campagna-cerasicola-nuovo-intervento-dei-carabinieri-di-turi\/#respond"]}]},{"@type":"WebPage","@id":"https:\/\/lavocedelpaese.info\/index.php\/2025\/06\/02\/campagna-cerasicola-nuovo-intervento-dei-carabinieri-di-turi\/","url":"https:\/\/lavocedelpaese.info\/index.php\/2025\/06\/02\/campagna-cerasicola-nuovo-intervento-dei-carabinieri-di-turi\/","name":"Campagna cerasicola, nuovo intervento dei Carabinieri di Turi\u00a0\u200b - La Voce del Paese","isPartOf":{"@id":"https:\/\/lavocedelpaese.info\/#website"},"primaryImageOfPage":{"@id":"https:\/\/lavocedelpaese.info\/index.php\/2025\/06\/02\/campagna-cerasicola-nuovo-intervento-dei-carabinieri-di-turi\/#primaryimage"},"image":{"@id":"https:\/\/lavocedelpaese.info\/index.php\/2025\/06\/02\/campagna-cerasicola-nuovo-intervento-dei-carabinieri-di-turi\/#primaryimage"},"thumbnailUrl":"https:\/\/lavocedelpaese.info\/wp-content\/uploads\/2023\/01\/logo-150-127.png","datePublished":"2025-06-02T05:13:48+00:00","breadcrumb":{"@id":"https:\/\/lavocedelpaese.info\/index.php\/2025\/06\/02\/campagna-cerasicola-nuovo-intervento-dei-carabinieri-di-turi\/#breadcrumb"},"inLanguage":"it-IT","potentialAction":[{"@type":"ReadAction","target":["https:\/\/lavocedelpaese.info\/index.php\/2025\/06\/02\/campagna-cerasicola-nuovo-intervento-dei-carabinieri-di-turi\/"]}]},{"@type":"ImageObject","inLanguage":"it-IT","@id":"https:\/\/lavocedelpaese.info\/index.php\/2025\/06\/02\/campagna-cerasicola-nuovo-intervento-dei-carabinieri-di-turi\/#primaryimage","url":"https:\/\/lavocedelpaese.info\/wp-content\/uploads\/2023\/01\/logo-150-127.png","contentUrl":"https:\/\/lavocedelpaese.info\/wp-content\/uploads\/2023\/01\/logo-150-127.png","width":150,"height":127},{"@type":"BreadcrumbList","@id":"https:\/\/lavocedelpaese.info\/index.php\/2025\/06\/02\/campagna-cerasicola-nuovo-intervento-dei-carabinieri-di-turi\/#breadcrumb","itemListElement":[{"@type":"ListItem","position":1,"name":"Home","item":"https:\/\/lavocedelpaese.info\/"},{"@type":"ListItem","position":2,"name":"Campagna cerasicola, nuovo intervento dei Carabinieri di Turi\u00a0\u200b"}]},{"@type":"WebSite","@id":"https:\/\/lavocedelpaese.info\/#website","url":"https:\/\/lavocedelpaese.info\/","name":"La Voce del Paese","description":"Un network di idee","publisher":{"@id":"https:\/\/lavocedelpaese.info\/#organization"},"potentialAction":[{"@type":"SearchAction","target":{"@type":"EntryPoint","urlTemplate":"https:\/\/lavocedelpaese.info\/?s={search_term_string}"},"query-input":{"@type":"PropertyValueSpecification","valueRequired":true,"valueName":"search_term_string"}}],"inLanguage":"it-IT"},{"@type":"Organization","@id":"https:\/\/lavocedelpaese.info\/#organization","name":"La Voce del Paese","url":"https:\/\/lavocedelpaese.info\/","logo":{"@type":"ImageObject","inLanguage":"it-IT","@id":"https:\/\/lavocedelpaese.info\/#\/schema\/logo\/image\/","url":"https:\/\/lavocedelpaese.info\/wp-content\/uploads\/2023\/01\/cropped-logo-150-127.png","contentUrl":"https:\/\/lavocedelpaese.info\/wp-content\/uploads\/2023\/01\/cropped-logo-150-127.png","width":137,"height":119,"caption":"La Voce del Paese"},"image":{"@id":"https:\/\/lavocedelpaese.info\/#\/schema\/logo\/image\/"},"sameAs":["https:\/\/www.facebook.com\/lavocedelpaese.info"]},{"@type":"Person","@id":"https:\/\/lavocedelpaese.info\/#\/schema\/person\/ec151d321306bd7591f7a061abf72d88","name":"admin","image":{"@type":"ImageObject","inLanguage":"it-IT","@id":"https:\/\/secure.gravatar.com\/avatar\/af8f2caf0663124588de48a9380e07cbc95a74ef15b8062d0d39106c32fe3023?s=96&d=mm&r=g","url":"https:\/\/secure.gravatar.com\/avatar\/af8f2caf0663124588de48a9380e07cbc95a74ef15b8062d0d39106c32fe3023?s=96&d=mm&r=g","contentUrl":"https:\/\/secure.gravatar.com\/avatar\/af8f2caf0663124588de48a9380e07cbc95a74ef15b8062d0d39106c32fe3023?s=96&d=mm&r=g","caption":"admin"},"sameAs":["https:\/\/lavocedelpaese.info"],"url":"https:\/\/lavocedelpaese.info\/index.php\/author\/admin\/"}]}},"_links":{"self":[{"href":"https:\/\/lavocedelpaese.info\/index.php\/wp-json\/wp\/v2\/posts\/9459","targetHints":{"allow":["GET"]}}],"collection":[{"href":"https:\/\/lavocedelpaese.info\/index.php\/wp-json\/wp\/v2\/posts"}],"about":[{"href":"https:\/\/lavocedelpaese.info\/index.php\/wp-json\/wp\/v2\/types\/post"}],"author":[{"embeddable":true,"href":"https:\/\/lavocedelpaese.info\/index.php\/wp-json\/wp\/v2\/users\/6"}],"replies":[{"embeddable":true,"href":"https:\/\/lavocedelpaese.info\/index.php\/wp-json\/wp\/v2\/comments?post=9459"}],"version-history":[{"count":0,"href":"https:\/\/lavocedelpaese.info\/index.php\/wp-json\/wp\/v2\/posts\/9459\/revisions"}],"wp:featuredmedia":[{"embeddable":true,"href":"https:\/\/lavocedelpaese.info\/index.php\/wp-json\/wp\/v2\/media\/730"}],"wp:attachment":[{"href":"https:\/\/lavocedelpaese.info\/index.php\/wp-json\/wp\/v2\/media?parent=9459"}],"wp:term":[{"taxonomy":"category","embeddable":true,"href":"https:\/\/lavocedelpaese.info\/index.php\/wp-json\/wp\/v2\/categories?post=9459"},{"taxonomy":"post_tag","embeddable":true,"href":"https:\/\/lavocedelpaese.info\/index.php\/wp-json\/wp\/v2\/tags?post=9459"}],"curies":[{"name":"wp","href":"https:\/\/api.w.org\/{rel}","templated":true}]}}