{"id":9450,"date":"2025-05-30T06:13:34","date_gmt":"2025-05-30T06:13:34","guid":{"rendered":"https:\/\/lavocedelpaese.info\/index.php\/2025\/05\/30\/restauri-in-corso-nella-chiesa-madre-di-turi\/"},"modified":"2025-05-30T06:13:34","modified_gmt":"2025-05-30T06:13:34","slug":"restauri-in-corso-nella-chiesa-madre-di-turi","status":"publish","type":"post","link":"https:\/\/lavocedelpaese.info\/index.php\/2025\/05\/30\/restauri-in-corso-nella-chiesa-madre-di-turi\/","title":{"rendered":"Restauri in corso nella Chiesa Madre di Turi\u00a0\u200b"},"content":{"rendered":"<p>\u00a0<\/p>\n<p>\u200b\u00a0<\/p>\n<p>\u200b\u00a0<\/p>\n<div><\/div>\n<h4 class=\"wp-block-heading\"><strong>Restauro conservativo della tela della \u201cMadonna del Latte\u201d e dell\u2019altare della \u201cMadonna di Terrarossa\u201d.\u00a0 In programma altri importanti interventi<\/strong><\/h4>\n<p>Nel cuore di Turi, la Chiesa Madre da secoli si fa scrigno di opere d\u2019arte di pregevole fattura, autentiche testimonianze della devozione e della storia del territorio. Due di queste \u2013 la tela dei Santi Fabiano e Sebastiano (nota come \u201cMadonna del Latte\u201d) e l\u2019altare della \u201cMadonna di Terrarossa\u201d \u2013 sono oggi protagoniste di importanti interventi di restauro, volti a restituire loro l\u2019antico splendore originario e, soprattutto, a garantirne la conservazione per le generazioni future<\/p>\n<p>Per approfondire l\u2019iniziativa, abbiamo ascoltato <strong>don Luciano Rotolo<\/strong>, arciprete della Chiesa Madre, la restauratrice <strong>Rosanna Guglielmo <\/strong>e<strong> Stefano de Carolis<\/strong>.<\/p>\n<div aria-hidden=\"true\" class=\"wp-block-spacer\"><\/div>\n<h2 class=\"wp-block-heading\"><strong>Il restauro della \u201cMadonna del Latte\u201d\u2026<\/strong><\/h2>\n<p>\u00abLo scorso gennaio \u2013 racconta <strong>l\u2019arciprete don Luciano Rotolo<\/strong> \u2013 sono stato contattato da Stefano De Carolis, il quale mi ha riferito di essere stato a sua volta contattato dalla dott.ssa Angela Alberotanza, presidente del Rotary Club Putignano Trulli e Grotte per l\u2019anno rotariano 2018-2019. La dottoressa Alberotanza lo aveva informato che il club disponeva di una somma da destinare a un\u2019opera benefica e gli aveva chiesto un suggerimento su quale causa sostenere.<br \/>In quell\u2019occasione, De Carolis, che ringrazio per la sensibilit\u00e0, ha proposto il restauro della tela \u201cMadonna del Latte con i Santi Fabiano e Sebastiano\u201d, custodita nella sacrestia della Chiesa Madre. Inutile dire che ho accolto con grande entusiasmo questa opportunit\u00e0\u00bb.<\/p>\n<p><strong>Stefano de Carolis<\/strong>, in proposito, aggiunge un ricordo personale: \u00abQuesta tela mi \u00e8 particolarmente cara anche perch\u00e9 spesso me ne parlava don Vito Ingellis. Per quanto riguarda la sua antica collocazione, con molta probabilit\u00e0, la pala d\u2019altare si trovava all\u2019interno dell\u2019attuale Cappella di Sant\u2019Oronzo, che gi\u00e0 alla fine dell\u2019Ottocento era indicata come Cappella di San Giuseppe, poich\u00e9 custodiva un\u2019antica tela del santo, purtroppo trafugata nel 1987 con altre tre dipinti. Le fotografie delle opere in questione sono state informatizzate nella banca dati \u201copere d\u2019arte rubate\u201d del Comando Generale dell\u2019Arma dei Carabinieri\u00bb.<\/p>\n<figure class=\"wp-block-image size-full\"><img decoding=\"async\" width=\"1200\" height=\"1600\" src=\"https:\/\/turi.lavocedelpaese.info\/wp-content\/uploads\/2025\/05\/WhatsApp-Image-2025-05-29-at-15.10.53-2.jpeg\" alt=\"\" class=\"wp-image-7122\"\/><figcaption class=\"wp-element-caption\"><strong><em>La pala d\u2019altare de \u201cLa Madonna del Latte\u201d<\/em><\/strong><\/figcaption><\/figure>\n<div aria-hidden=\"true\" class=\"wp-block-spacer\"><\/div>\n<h2 class=\"wp-block-heading\"><strong>\u2026 e quello dell\u2019altare della \u201cMadonna di Terrarossa\u201d<\/strong><\/h2>\n<p>\u00abL\u2019altare della Madonna di Terrarossa \u2013 spiega <strong>don Luciano Rotolo<\/strong> \u2013 era in serio pericolo a motivo dell\u2019azione dei tarli e a motivo dell\u2019usura del tempo. Inoltre, bisognava preservare e recuperare sia la statua lapidea della Madonna (attribuita al celebre Stefano da Putignano) che i quadretti raffiguranti i 15 misteri del Rosario. I lavori sono stati resi possibili grazie all\u2019interessamento e alla sponsorizzazione della Willy Green Technology e all\u2019associazione \u201cCultura&amp;Armonia\u201d\u00bb.<\/p>\n<p>Alla domanda su altri restauri urgenti, don Luciano annota che \u00abla Matrice ha bisogno di molti interventi. A breve partiranno i lavori per il restauro dell\u2019organo a canne (risalente al 1737 e realizzato dal famoso organaro Pietro De Simone) e i lavori per dotare la chiesa di un impianto antifurto: queste opere sono stare rese possibili grazie ai fondi dell\u2019otto per mille alla Chiesa Cattolica.<br \/>Poi avvieremo, sempre sponsorizzati dalla Willy Green Technology e da \u201cCultura&amp;Armonia\u201d, i lavori di restauro degli altari della SS.ma Trinit\u00e0 (anche questo con opera attribuita a Stefano da Putignano) e dell\u2019Immacolata. Ma sono tanti gli interventi di restauro che la Matrice avrebbe bisogno di realizzare\u2026\u00bb.<\/p>\n<figure class=\"wp-block-image size-full\"><img decoding=\"async\" width=\"1080\" height=\"1369\" src=\"https:\/\/turi.lavocedelpaese.info\/wp-content\/uploads\/2025\/05\/Madonna-di-Terrarossa.jpeg\" alt=\"\" class=\"wp-image-7116\"\/><figcaption class=\"wp-element-caption\"><strong><em>L\u2019altare della Madonna di Terrarossa<\/em><\/strong><\/figcaption><\/figure>\n<div aria-hidden=\"true\" class=\"wp-block-spacer\"><\/div>\n<h2 class=\"wp-block-heading\"><strong>Dietro le quinte: il delicato lavoro della restauratrice<\/strong><\/h2>\n<p>A guidare i lavori di entrambe le opere qui citate \u00e8 <strong>Rosanna Guglielmo<\/strong>, restauratrice con lunga esperienza professionale e profonda sensibilit\u00e0 per il patrimonio storico-artistico. La sua impresa si sta occupando con rigore scientifico e passione di questi delicati interventi, in sinergia con la Soprintendenza e grazie al sostegno fondamentale di enti privati come il \u201cRotary Club Putignano Trulli e Grotte\u201d e l\u2019associazione \u201cCultura&amp;Armonia\u201d.<\/p>\n<p>Abbiamo intervistato la restauratrice, titolare dell\u2019impresa \u201cRosanna Virginia Guglielmo restauro opere d\u2019arte\u201d, per conoscere pi\u00f9 da vicino le sfide, le tecniche e le emozioni che accompagnano questo prezioso lavoro di cura dell\u2019arte.<\/p>\n<p><strong>Quali sono le principali criticit\u00e0 che ha riscontrato nella tela della \u201cMadonna del Latte\u201d al momento della sua presa in carico?<\/strong><\/p>\n<p>\u00abLa tela dei Santi Fabiano e Sebastiano (noto come \u201cMadonna del Latte\u201d), il cui restauro \u00e8 finanziato dal Rotary Club su indicazione di Stefano de Carolis, versa in pessimo stato di conservazione in quanto il dipinto \u00e8 sostenuto da tavolato grezzo ed \u00e8 privo di telaio. Questa situazione ha provocato deformazioni della tela di supporto, che non \u00e8 correttamente sostenuta. Inoltre, nel tempo, il dipinto ha subito alterazioni della superficie pittorica dovute a sporco di natura grassa e fumi di candele, presenta poi una vernice estremamente lucida, apposta in un precedente restauro, che si \u00e8 ossidata, rendendo poco leggibile l\u2019opera stessa\u00bb.<\/p>\n<figure class=\"wp-block-gallery has-nested-images columns-2 is-cropped wp-block-gallery-1 is-layout-flex wp-block-gallery-is-layout-flex\">\n<figure class=\"wp-block-image size-large\"><img decoding=\"async\" width=\"1089\" height=\"1600\" data-id=\"7114\" src=\"https:\/\/turi.lavocedelpaese.info\/wp-content\/uploads\/2025\/05\/Madonna-del-Latte.jpeg\" alt=\"\" class=\"wp-image-7114\"\/><\/figure>\n<figure class=\"wp-block-image size-large\"><img decoding=\"async\" loading=\"lazy\" width=\"1200\" height=\"1600\" data-id=\"7115\" src=\"https:\/\/turi.lavocedelpaese.info\/wp-content\/uploads\/2025\/05\/Madonna-del-latte-tavolato.jpeg\" alt=\"\" class=\"wp-image-7115\"\/><\/figure>\n<\/figure>\n<div aria-hidden=\"true\" class=\"wp-block-spacer\"><\/div>\n<p><strong>Quali tecniche e materiali utilizzer\u00e0 nel restauro della tela, e quali accorgimenti adotta per rispettarne l\u2019autenticit\u00e0 storica?<\/strong><\/p>\n<p>\u00abIl progetto di restauro \u00e8 stato redatto da me e inviato alla Soprintendenza Archeologia Belle Arti e Paesaggio di Bari che ha autorizzato l\u2019intervento. Tutti gli interventi da effettuare sono pensati e saranno attuati al fine di conservare l\u2019opera nella sua autenticit\u00e0. I materiali utilizzati rispettano il criterio di reversibilit\u00e0 (in modo da poter essere rimossi senza danneggiare l\u2019originale) e di compatibilit\u00e0 con la materia originale\u00bb.<\/p>\n<div aria-hidden=\"true\" class=\"wp-block-spacer\"><\/div>\n<p><strong>Come procede il lavoro sull\u2019altare della Madonna di Terrarossa?<\/strong><\/p>\n<p>\u00abIl restauro della Madonna di Terrarossa (come \u00e8 conosciuta a Turi) implica una serie di ricerche storiche e una preziosa sinergia tra restauratori e storici dell\u2019arte, particolarmente interessati a questo gruppo scultoreo firmato da Stefano da Putignano. Al momento siamo impegnati nel recupero e nella conservazione della bellissima scultura: stiamo completando le fasi di pulitura, concordate con i funzionari della Soprintendenza dopo i saggi di pulitura e le indagini diagnostiche dei pigmenti utilizzati dallo scultore. Il restauro \u00e8 stato interamente finanziato dall\u2019Associazione \u201cCultura&amp;Armonia\u201d, molto impegnata nella promozione della cultura e nella salvaguardia del patrimonio artistico e culturale del territorio\u00bb.<\/p>\n<figure class=\"wp-block-gallery has-nested-images columns-2 is-cropped wp-block-gallery-2 is-layout-flex wp-block-gallery-is-layout-flex\">\n<figure class=\"wp-block-image size-large\"><img decoding=\"async\" loading=\"lazy\" width=\"1080\" height=\"1431\" data-id=\"7119\" src=\"https:\/\/turi.lavocedelpaese.info\/wp-content\/uploads\/2025\/05\/Madonna-di-Terrarossa-detttagli-4.jpeg\" alt=\"\" class=\"wp-image-7119\"\/><\/figure>\n<figure class=\"wp-block-image size-large\"><img decoding=\"async\" loading=\"lazy\" width=\"1080\" height=\"1214\" data-id=\"7120\" src=\"https:\/\/turi.lavocedelpaese.info\/wp-content\/uploads\/2025\/05\/Madonna-di-Terrarossa-detttagli-3.jpeg\" alt=\"\" class=\"wp-image-7120\"\/><\/figure>\n<figure class=\"wp-block-image size-large\"><img decoding=\"async\" loading=\"lazy\" width=\"1080\" height=\"1427\" data-id=\"7117\" src=\"https:\/\/turi.lavocedelpaese.info\/wp-content\/uploads\/2025\/05\/Madonna-di-Terrarossa-detttagli-1.jpeg\" alt=\"\" class=\"wp-image-7117\"\/><\/figure>\n<figure class=\"wp-block-image size-large\"><img decoding=\"async\" loading=\"lazy\" width=\"1080\" height=\"1394\" data-id=\"7118\" src=\"https:\/\/turi.lavocedelpaese.info\/wp-content\/uploads\/2025\/05\/Madonna-di-Terrarossa-detttagli-2.jpeg\" alt=\"\" class=\"wp-image-7118\"\/><\/figure>\n<\/figure>\n<div aria-hidden=\"true\" class=\"wp-block-spacer\"><\/div>\n<p><strong>Come vive il suo ruolo di restauratrice in un territorio cos\u00ec ricco di storia e arte come il nostro?<\/strong><\/p>\n<p>\u00abIl territorio di Turi, e, in generale, quello della diocesi di Conversano-Monopoli, \u00e8 estremamente ricco e di grande valore culturale e artistico. Il restauro, con gli studi approfonditi necessari per eseguire il pi\u00f9 correttamente possibile gli interventi di salvaguardia e conservazione, \u00e8 sempre stata la mia passione. La porto avanti con tenacia, dedizione e aggiornamenti costanti, essendo una scienza in continua evoluzione. L\u2019impresa di restauro Guglielmo Rosanna Virginia dispone di tecnici e restauratori formati e specializzati, essendo i lavori eseguiti in team\u00bb.<\/p>\n<p><strong>Quanto \u00e8 importante, secondo lei, il coinvolgimento di enti privati, come il Rotary Club o l\u2019Aps \u201cCultura&amp;Armonia\u201d, nei progetti di tutela del patrimonio?<\/strong><\/p>\n<p>\u00ab\u00c8 fondamentale e rappresenta un esempio di sensibilit\u00e0 e interesse verso la promozione e la divulgazione della cultura e del patrimonio artistico. Purtroppo, i fondi statali non sono sufficienti, quindi il supporto degli \u201centi privati \u00e8 essenziale per portare avanti questi importanti interventi\u00bb.<\/p>\n\n<p><a class=\"a2a_button_facebook\" href=\"https:\/\/www.addtoany.com\/add_to\/facebook?linkurl=https%3A%2F%2Fturi.lavocedelpaese.info%2Frestauri-in-corso-nella-chiesa-madre-di-turi%2F&amp;linkname=Restauri%20in%20corso%20nella%20Chiesa%20Madre%20di%20Turi\" title=\"Facebook\" rel=\"nofollow noopener\" target=\"_blank\"><\/a><a class=\"a2a_button_twitter\" href=\"https:\/\/www.addtoany.com\/add_to\/twitter?linkurl=https%3A%2F%2Fturi.lavocedelpaese.info%2Frestauri-in-corso-nella-chiesa-madre-di-turi%2F&amp;linkname=Restauri%20in%20corso%20nella%20Chiesa%20Madre%20di%20Turi\" title=\"Twitter\" rel=\"nofollow noopener\" target=\"_blank\"><\/a><a class=\"a2a_button_whatsapp\" href=\"https:\/\/www.addtoany.com\/add_to\/whatsapp?linkurl=https%3A%2F%2Fturi.lavocedelpaese.info%2Frestauri-in-corso-nella-chiesa-madre-di-turi%2F&amp;linkname=Restauri%20in%20corso%20nella%20Chiesa%20Madre%20di%20Turi\" title=\"WhatsApp\" rel=\"nofollow noopener\" target=\"_blank\"><\/a><a class=\"a2a_button_telegram\" href=\"https:\/\/www.addtoany.com\/add_to\/telegram?linkurl=https%3A%2F%2Fturi.lavocedelpaese.info%2Frestauri-in-corso-nella-chiesa-madre-di-turi%2F&amp;linkname=Restauri%20in%20corso%20nella%20Chiesa%20Madre%20di%20Turi\" title=\"Telegram\" rel=\"nofollow noopener\" target=\"_blank\"><\/a><a class=\"a2a_button_email\" href=\"https:\/\/www.addtoany.com\/add_to\/email?linkurl=https%3A%2F%2Fturi.lavocedelpaese.info%2Frestauri-in-corso-nella-chiesa-madre-di-turi%2F&amp;linkname=Restauri%20in%20corso%20nella%20Chiesa%20Madre%20di%20Turi\" title=\"Email\" rel=\"nofollow noopener\" target=\"_blank\"><\/a><\/p>\n<p>L&#8217;articolo <a href=\"https:\/\/turi.lavocedelpaese.info\/restauri-in-corso-nella-chiesa-madre-di-turi\/\">Restauri in corso nella Chiesa Madre di Turi<\/a> proviene da <a href=\"https:\/\/turi.lavocedelpaese.info\/\">Turi &#8211; La Voce del Paese<\/a>.<\/p>\n<p>\u00a0<\/p>\n<p>\u00a0<\/p>\n<p>\u200b\u00a0\u00a0\u00a0<\/p>","protected":false},"excerpt":{"rendered":"<p>\u00a0 \u200b\u00a0 \u200b\u00a0 Restauro conservativo della tela della \u201cMadonna del Latte\u201d e dell\u2019altare della \u201cMadonna di Terrarossa\u201d.\u00a0 In programma altri<\/p>\n","protected":false},"author":6,"featured_media":9451,"comment_status":"open","ping_status":"closed","sticky":false,"template":"","format":"standard","meta":{"colormag_page_container_layout":"default_layout","colormag_page_sidebar_layout":"default_layout","footnotes":""},"categories":[33],"tags":[],"class_list":["post-9450","post","type-post","status-publish","format-standard","has-post-thumbnail","hentry","category-network"],"yoast_head":"<!-- This site is optimized with the Yoast SEO plugin v27.5 - https:\/\/yoast.com\/product\/yoast-seo-wordpress\/ -->\n<title>Restauri in corso nella Chiesa Madre di Turi\u00a0\u200b - La Voce del Paese<\/title>\n<meta name=\"robots\" content=\"index, follow, max-snippet:-1, max-image-preview:large, max-video-preview:-1\" \/>\n<link rel=\"canonical\" href=\"https:\/\/lavocedelpaese.info\/index.php\/2025\/05\/30\/restauri-in-corso-nella-chiesa-madre-di-turi\/\" \/>\n<meta property=\"og:locale\" content=\"it_IT\" \/>\n<meta property=\"og:type\" content=\"article\" \/>\n<meta property=\"og:title\" content=\"Restauri in corso nella Chiesa Madre di Turi\u00a0\u200b - La Voce del Paese\" \/>\n<meta property=\"og:description\" content=\"\u00a0 \u200b\u00a0 \u200b\u00a0 Restauro conservativo della tela della \u201cMadonna del Latte\u201d e dell\u2019altare della \u201cMadonna di Terrarossa\u201d.\u00a0 In programma altri\" \/>\n<meta property=\"og:url\" content=\"https:\/\/lavocedelpaese.info\/index.php\/2025\/05\/30\/restauri-in-corso-nella-chiesa-madre-di-turi\/\" \/>\n<meta property=\"og:site_name\" content=\"La Voce del Paese\" \/>\n<meta property=\"article:publisher\" content=\"https:\/\/www.facebook.com\/lavocedelpaese.info\" \/>\n<meta property=\"article:published_time\" content=\"2025-05-30T06:13:34+00:00\" \/>\n<meta name=\"author\" content=\"admin\" \/>\n<meta name=\"twitter:card\" content=\"summary_large_image\" \/>\n<meta name=\"twitter:label1\" content=\"Scritto da\" \/>\n\t<meta name=\"twitter:data1\" content=\"admin\" \/>\n\t<meta name=\"twitter:label2\" content=\"Tempo di lettura stimato\" \/>\n\t<meta name=\"twitter:data2\" content=\"6 minuti\" \/>\n<script type=\"application\/ld+json\" class=\"yoast-schema-graph\">{\"@context\":\"https:\\\/\\\/schema.org\",\"@graph\":[{\"@type\":\"Article\",\"@id\":\"https:\\\/\\\/lavocedelpaese.info\\\/index.php\\\/2025\\\/05\\\/30\\\/restauri-in-corso-nella-chiesa-madre-di-turi\\\/#article\",\"isPartOf\":{\"@id\":\"https:\\\/\\\/lavocedelpaese.info\\\/index.php\\\/2025\\\/05\\\/30\\\/restauri-in-corso-nella-chiesa-madre-di-turi\\\/\"},\"author\":{\"name\":\"admin\",\"@id\":\"https:\\\/\\\/lavocedelpaese.info\\\/#\\\/schema\\\/person\\\/ec151d321306bd7591f7a061abf72d88\"},\"headline\":\"Restauri in corso nella Chiesa Madre di Turi\u00a0\u200b\",\"datePublished\":\"2025-05-30T06:13:34+00:00\",\"mainEntityOfPage\":{\"@id\":\"https:\\\/\\\/lavocedelpaese.info\\\/index.php\\\/2025\\\/05\\\/30\\\/restauri-in-corso-nella-chiesa-madre-di-turi\\\/\"},\"wordCount\":1164,\"commentCount\":0,\"publisher\":{\"@id\":\"https:\\\/\\\/lavocedelpaese.info\\\/#organization\"},\"image\":{\"@id\":\"https:\\\/\\\/lavocedelpaese.info\\\/index.php\\\/2025\\\/05\\\/30\\\/restauri-in-corso-nella-chiesa-madre-di-turi\\\/#primaryimage\"},\"thumbnailUrl\":\"https:\\\/\\\/lavocedelpaese.info\\\/wp-content\\\/uploads\\\/2025\\\/05\\\/WhatsApp-Image-2025-05-29-at-15.10.53-2-Dg9i6E.jpg\",\"articleSection\":[\"network\"],\"inLanguage\":\"it-IT\",\"potentialAction\":[{\"@type\":\"CommentAction\",\"name\":\"Comment\",\"target\":[\"https:\\\/\\\/lavocedelpaese.info\\\/index.php\\\/2025\\\/05\\\/30\\\/restauri-in-corso-nella-chiesa-madre-di-turi\\\/#respond\"]}]},{\"@type\":\"WebPage\",\"@id\":\"https:\\\/\\\/lavocedelpaese.info\\\/index.php\\\/2025\\\/05\\\/30\\\/restauri-in-corso-nella-chiesa-madre-di-turi\\\/\",\"url\":\"https:\\\/\\\/lavocedelpaese.info\\\/index.php\\\/2025\\\/05\\\/30\\\/restauri-in-corso-nella-chiesa-madre-di-turi\\\/\",\"name\":\"Restauri in corso nella Chiesa Madre di Turi\u00a0\u200b - La Voce del Paese\",\"isPartOf\":{\"@id\":\"https:\\\/\\\/lavocedelpaese.info\\\/#website\"},\"primaryImageOfPage\":{\"@id\":\"https:\\\/\\\/lavocedelpaese.info\\\/index.php\\\/2025\\\/05\\\/30\\\/restauri-in-corso-nella-chiesa-madre-di-turi\\\/#primaryimage\"},\"image\":{\"@id\":\"https:\\\/\\\/lavocedelpaese.info\\\/index.php\\\/2025\\\/05\\\/30\\\/restauri-in-corso-nella-chiesa-madre-di-turi\\\/#primaryimage\"},\"thumbnailUrl\":\"https:\\\/\\\/lavocedelpaese.info\\\/wp-content\\\/uploads\\\/2025\\\/05\\\/WhatsApp-Image-2025-05-29-at-15.10.53-2-Dg9i6E.jpg\",\"datePublished\":\"2025-05-30T06:13:34+00:00\",\"breadcrumb\":{\"@id\":\"https:\\\/\\\/lavocedelpaese.info\\\/index.php\\\/2025\\\/05\\\/30\\\/restauri-in-corso-nella-chiesa-madre-di-turi\\\/#breadcrumb\"},\"inLanguage\":\"it-IT\",\"potentialAction\":[{\"@type\":\"ReadAction\",\"target\":[\"https:\\\/\\\/lavocedelpaese.info\\\/index.php\\\/2025\\\/05\\\/30\\\/restauri-in-corso-nella-chiesa-madre-di-turi\\\/\"]}]},{\"@type\":\"ImageObject\",\"inLanguage\":\"it-IT\",\"@id\":\"https:\\\/\\\/lavocedelpaese.info\\\/index.php\\\/2025\\\/05\\\/30\\\/restauri-in-corso-nella-chiesa-madre-di-turi\\\/#primaryimage\",\"url\":\"https:\\\/\\\/lavocedelpaese.info\\\/wp-content\\\/uploads\\\/2025\\\/05\\\/WhatsApp-Image-2025-05-29-at-15.10.53-2-Dg9i6E.jpg\",\"contentUrl\":\"https:\\\/\\\/lavocedelpaese.info\\\/wp-content\\\/uploads\\\/2025\\\/05\\\/WhatsApp-Image-2025-05-29-at-15.10.53-2-Dg9i6E.jpg\",\"width\":600,\"height\":800},{\"@type\":\"BreadcrumbList\",\"@id\":\"https:\\\/\\\/lavocedelpaese.info\\\/index.php\\\/2025\\\/05\\\/30\\\/restauri-in-corso-nella-chiesa-madre-di-turi\\\/#breadcrumb\",\"itemListElement\":[{\"@type\":\"ListItem\",\"position\":1,\"name\":\"Home\",\"item\":\"https:\\\/\\\/lavocedelpaese.info\\\/\"},{\"@type\":\"ListItem\",\"position\":2,\"name\":\"Restauri in corso nella Chiesa Madre di Turi\u00a0\u200b\"}]},{\"@type\":\"WebSite\",\"@id\":\"https:\\\/\\\/lavocedelpaese.info\\\/#website\",\"url\":\"https:\\\/\\\/lavocedelpaese.info\\\/\",\"name\":\"La Voce del Paese\",\"description\":\"Un network di idee\",\"publisher\":{\"@id\":\"https:\\\/\\\/lavocedelpaese.info\\\/#organization\"},\"potentialAction\":[{\"@type\":\"SearchAction\",\"target\":{\"@type\":\"EntryPoint\",\"urlTemplate\":\"https:\\\/\\\/lavocedelpaese.info\\\/?s={search_term_string}\"},\"query-input\":{\"@type\":\"PropertyValueSpecification\",\"valueRequired\":true,\"valueName\":\"search_term_string\"}}],\"inLanguage\":\"it-IT\"},{\"@type\":\"Organization\",\"@id\":\"https:\\\/\\\/lavocedelpaese.info\\\/#organization\",\"name\":\"La Voce del Paese\",\"url\":\"https:\\\/\\\/lavocedelpaese.info\\\/\",\"logo\":{\"@type\":\"ImageObject\",\"inLanguage\":\"it-IT\",\"@id\":\"https:\\\/\\\/lavocedelpaese.info\\\/#\\\/schema\\\/logo\\\/image\\\/\",\"url\":\"https:\\\/\\\/lavocedelpaese.info\\\/wp-content\\\/uploads\\\/2023\\\/01\\\/cropped-logo-150-127.png\",\"contentUrl\":\"https:\\\/\\\/lavocedelpaese.info\\\/wp-content\\\/uploads\\\/2023\\\/01\\\/cropped-logo-150-127.png\",\"width\":137,\"height\":119,\"caption\":\"La Voce del Paese\"},\"image\":{\"@id\":\"https:\\\/\\\/lavocedelpaese.info\\\/#\\\/schema\\\/logo\\\/image\\\/\"},\"sameAs\":[\"https:\\\/\\\/www.facebook.com\\\/lavocedelpaese.info\"]},{\"@type\":\"Person\",\"@id\":\"https:\\\/\\\/lavocedelpaese.info\\\/#\\\/schema\\\/person\\\/ec151d321306bd7591f7a061abf72d88\",\"name\":\"admin\",\"image\":{\"@type\":\"ImageObject\",\"inLanguage\":\"it-IT\",\"@id\":\"https:\\\/\\\/secure.gravatar.com\\\/avatar\\\/af8f2caf0663124588de48a9380e07cbc95a74ef15b8062d0d39106c32fe3023?s=96&d=mm&r=g\",\"url\":\"https:\\\/\\\/secure.gravatar.com\\\/avatar\\\/af8f2caf0663124588de48a9380e07cbc95a74ef15b8062d0d39106c32fe3023?s=96&d=mm&r=g\",\"contentUrl\":\"https:\\\/\\\/secure.gravatar.com\\\/avatar\\\/af8f2caf0663124588de48a9380e07cbc95a74ef15b8062d0d39106c32fe3023?s=96&d=mm&r=g\",\"caption\":\"admin\"},\"sameAs\":[\"https:\\\/\\\/lavocedelpaese.info\"],\"url\":\"https:\\\/\\\/lavocedelpaese.info\\\/index.php\\\/author\\\/admin\\\/\"}]}<\/script>\n<!-- \/ Yoast SEO plugin. -->","yoast_head_json":{"title":"Restauri in corso nella Chiesa Madre di Turi\u00a0\u200b - La Voce del Paese","robots":{"index":"index","follow":"follow","max-snippet":"max-snippet:-1","max-image-preview":"max-image-preview:large","max-video-preview":"max-video-preview:-1"},"canonical":"https:\/\/lavocedelpaese.info\/index.php\/2025\/05\/30\/restauri-in-corso-nella-chiesa-madre-di-turi\/","og_locale":"it_IT","og_type":"article","og_title":"Restauri in corso nella Chiesa Madre di Turi\u00a0\u200b - La Voce del Paese","og_description":"\u00a0 \u200b\u00a0 \u200b\u00a0 Restauro conservativo della tela della \u201cMadonna del Latte\u201d e dell\u2019altare della \u201cMadonna di Terrarossa\u201d.\u00a0 In programma altri","og_url":"https:\/\/lavocedelpaese.info\/index.php\/2025\/05\/30\/restauri-in-corso-nella-chiesa-madre-di-turi\/","og_site_name":"La Voce del Paese","article_publisher":"https:\/\/www.facebook.com\/lavocedelpaese.info","article_published_time":"2025-05-30T06:13:34+00:00","author":"admin","twitter_card":"summary_large_image","twitter_misc":{"Scritto da":"admin","Tempo di lettura stimato":"6 minuti"},"schema":{"@context":"https:\/\/schema.org","@graph":[{"@type":"Article","@id":"https:\/\/lavocedelpaese.info\/index.php\/2025\/05\/30\/restauri-in-corso-nella-chiesa-madre-di-turi\/#article","isPartOf":{"@id":"https:\/\/lavocedelpaese.info\/index.php\/2025\/05\/30\/restauri-in-corso-nella-chiesa-madre-di-turi\/"},"author":{"name":"admin","@id":"https:\/\/lavocedelpaese.info\/#\/schema\/person\/ec151d321306bd7591f7a061abf72d88"},"headline":"Restauri in corso nella Chiesa Madre di Turi\u00a0\u200b","datePublished":"2025-05-30T06:13:34+00:00","mainEntityOfPage":{"@id":"https:\/\/lavocedelpaese.info\/index.php\/2025\/05\/30\/restauri-in-corso-nella-chiesa-madre-di-turi\/"},"wordCount":1164,"commentCount":0,"publisher":{"@id":"https:\/\/lavocedelpaese.info\/#organization"},"image":{"@id":"https:\/\/lavocedelpaese.info\/index.php\/2025\/05\/30\/restauri-in-corso-nella-chiesa-madre-di-turi\/#primaryimage"},"thumbnailUrl":"https:\/\/lavocedelpaese.info\/wp-content\/uploads\/2025\/05\/WhatsApp-Image-2025-05-29-at-15.10.53-2-Dg9i6E.jpg","articleSection":["network"],"inLanguage":"it-IT","potentialAction":[{"@type":"CommentAction","name":"Comment","target":["https:\/\/lavocedelpaese.info\/index.php\/2025\/05\/30\/restauri-in-corso-nella-chiesa-madre-di-turi\/#respond"]}]},{"@type":"WebPage","@id":"https:\/\/lavocedelpaese.info\/index.php\/2025\/05\/30\/restauri-in-corso-nella-chiesa-madre-di-turi\/","url":"https:\/\/lavocedelpaese.info\/index.php\/2025\/05\/30\/restauri-in-corso-nella-chiesa-madre-di-turi\/","name":"Restauri in corso nella Chiesa Madre di Turi\u00a0\u200b - La Voce del Paese","isPartOf":{"@id":"https:\/\/lavocedelpaese.info\/#website"},"primaryImageOfPage":{"@id":"https:\/\/lavocedelpaese.info\/index.php\/2025\/05\/30\/restauri-in-corso-nella-chiesa-madre-di-turi\/#primaryimage"},"image":{"@id":"https:\/\/lavocedelpaese.info\/index.php\/2025\/05\/30\/restauri-in-corso-nella-chiesa-madre-di-turi\/#primaryimage"},"thumbnailUrl":"https:\/\/lavocedelpaese.info\/wp-content\/uploads\/2025\/05\/WhatsApp-Image-2025-05-29-at-15.10.53-2-Dg9i6E.jpg","datePublished":"2025-05-30T06:13:34+00:00","breadcrumb":{"@id":"https:\/\/lavocedelpaese.info\/index.php\/2025\/05\/30\/restauri-in-corso-nella-chiesa-madre-di-turi\/#breadcrumb"},"inLanguage":"it-IT","potentialAction":[{"@type":"ReadAction","target":["https:\/\/lavocedelpaese.info\/index.php\/2025\/05\/30\/restauri-in-corso-nella-chiesa-madre-di-turi\/"]}]},{"@type":"ImageObject","inLanguage":"it-IT","@id":"https:\/\/lavocedelpaese.info\/index.php\/2025\/05\/30\/restauri-in-corso-nella-chiesa-madre-di-turi\/#primaryimage","url":"https:\/\/lavocedelpaese.info\/wp-content\/uploads\/2025\/05\/WhatsApp-Image-2025-05-29-at-15.10.53-2-Dg9i6E.jpg","contentUrl":"https:\/\/lavocedelpaese.info\/wp-content\/uploads\/2025\/05\/WhatsApp-Image-2025-05-29-at-15.10.53-2-Dg9i6E.jpg","width":600,"height":800},{"@type":"BreadcrumbList","@id":"https:\/\/lavocedelpaese.info\/index.php\/2025\/05\/30\/restauri-in-corso-nella-chiesa-madre-di-turi\/#breadcrumb","itemListElement":[{"@type":"ListItem","position":1,"name":"Home","item":"https:\/\/lavocedelpaese.info\/"},{"@type":"ListItem","position":2,"name":"Restauri in corso nella Chiesa Madre di Turi\u00a0\u200b"}]},{"@type":"WebSite","@id":"https:\/\/lavocedelpaese.info\/#website","url":"https:\/\/lavocedelpaese.info\/","name":"La Voce del Paese","description":"Un network di idee","publisher":{"@id":"https:\/\/lavocedelpaese.info\/#organization"},"potentialAction":[{"@type":"SearchAction","target":{"@type":"EntryPoint","urlTemplate":"https:\/\/lavocedelpaese.info\/?s={search_term_string}"},"query-input":{"@type":"PropertyValueSpecification","valueRequired":true,"valueName":"search_term_string"}}],"inLanguage":"it-IT"},{"@type":"Organization","@id":"https:\/\/lavocedelpaese.info\/#organization","name":"La Voce del Paese","url":"https:\/\/lavocedelpaese.info\/","logo":{"@type":"ImageObject","inLanguage":"it-IT","@id":"https:\/\/lavocedelpaese.info\/#\/schema\/logo\/image\/","url":"https:\/\/lavocedelpaese.info\/wp-content\/uploads\/2023\/01\/cropped-logo-150-127.png","contentUrl":"https:\/\/lavocedelpaese.info\/wp-content\/uploads\/2023\/01\/cropped-logo-150-127.png","width":137,"height":119,"caption":"La Voce del Paese"},"image":{"@id":"https:\/\/lavocedelpaese.info\/#\/schema\/logo\/image\/"},"sameAs":["https:\/\/www.facebook.com\/lavocedelpaese.info"]},{"@type":"Person","@id":"https:\/\/lavocedelpaese.info\/#\/schema\/person\/ec151d321306bd7591f7a061abf72d88","name":"admin","image":{"@type":"ImageObject","inLanguage":"it-IT","@id":"https:\/\/secure.gravatar.com\/avatar\/af8f2caf0663124588de48a9380e07cbc95a74ef15b8062d0d39106c32fe3023?s=96&d=mm&r=g","url":"https:\/\/secure.gravatar.com\/avatar\/af8f2caf0663124588de48a9380e07cbc95a74ef15b8062d0d39106c32fe3023?s=96&d=mm&r=g","contentUrl":"https:\/\/secure.gravatar.com\/avatar\/af8f2caf0663124588de48a9380e07cbc95a74ef15b8062d0d39106c32fe3023?s=96&d=mm&r=g","caption":"admin"},"sameAs":["https:\/\/lavocedelpaese.info"],"url":"https:\/\/lavocedelpaese.info\/index.php\/author\/admin\/"}]}},"_links":{"self":[{"href":"https:\/\/lavocedelpaese.info\/index.php\/wp-json\/wp\/v2\/posts\/9450","targetHints":{"allow":["GET"]}}],"collection":[{"href":"https:\/\/lavocedelpaese.info\/index.php\/wp-json\/wp\/v2\/posts"}],"about":[{"href":"https:\/\/lavocedelpaese.info\/index.php\/wp-json\/wp\/v2\/types\/post"}],"author":[{"embeddable":true,"href":"https:\/\/lavocedelpaese.info\/index.php\/wp-json\/wp\/v2\/users\/6"}],"replies":[{"embeddable":true,"href":"https:\/\/lavocedelpaese.info\/index.php\/wp-json\/wp\/v2\/comments?post=9450"}],"version-history":[{"count":0,"href":"https:\/\/lavocedelpaese.info\/index.php\/wp-json\/wp\/v2\/posts\/9450\/revisions"}],"wp:featuredmedia":[{"embeddable":true,"href":"https:\/\/lavocedelpaese.info\/index.php\/wp-json\/wp\/v2\/media\/9451"}],"wp:attachment":[{"href":"https:\/\/lavocedelpaese.info\/index.php\/wp-json\/wp\/v2\/media?parent=9450"}],"wp:term":[{"taxonomy":"category","embeddable":true,"href":"https:\/\/lavocedelpaese.info\/index.php\/wp-json\/wp\/v2\/categories?post=9450"},{"taxonomy":"post_tag","embeddable":true,"href":"https:\/\/lavocedelpaese.info\/index.php\/wp-json\/wp\/v2\/tags?post=9450"}],"curies":[{"name":"wp","href":"https:\/\/api.w.org\/{rel}","templated":true}]}}