{"id":9422,"date":"2025-05-26T17:14:45","date_gmt":"2025-05-26T17:14:45","guid":{"rendered":"https:\/\/lavocedelpaese.info\/index.php\/2025\/05\/26\/le-politiche-di-inclusione-sociale-un-impegno-condiviso-tra-europa-e-italia\/"},"modified":"2025-05-26T17:14:45","modified_gmt":"2025-05-26T17:14:45","slug":"le-politiche-di-inclusione-sociale-un-impegno-condiviso-tra-europa-e-italia","status":"publish","type":"post","link":"https:\/\/lavocedelpaese.info\/index.php\/2025\/05\/26\/le-politiche-di-inclusione-sociale-un-impegno-condiviso-tra-europa-e-italia\/","title":{"rendered":"Le politiche di Inclusione sociale: un impegno condiviso tra Europa e Italia\u00a0\u200b"},"content":{"rendered":"<p>\u00a0<\/p>\n<p>\u200b\u00a0<\/p>\n<p>\u200b\u00a0<\/p>\n<h4 class=\"wp-block-heading\"><strong>Se ne parler\u00e0, venerd\u00ec 30 maggio, all\u2019incontro organizzato da Nazione Futura Puglia<\/strong><\/h4>\n<p>Si terr\u00e0 venerd\u00ec 30 Maggio ore 18.30 presso il Kartodromo della Murgia a Cassano delle Murge l\u2019evento \u201cLe politiche di inclusione nel panorama europeo ed italiano\u201d, organizzato dai circoli pugliesi dell\u2019associazione culturale \u201cNazione Futura\u201d, il cui Presidente nazionale \u00e8 Francesco Giubilei, in collaborazione con il SIBCE (Societ\u00e0 Italiana per la Bioetica e i Comitati Etici) ed il Cif Metropolitano Bari (Centro Italiano Femminile) che vedr\u00e0 la partecipazione del Vice Ministro del lavoro e delle politiche sociali On. Maria Teresa Bellucci.\u00a0<\/p>\n<p>Tra gli altri illustri relatori il senatore Ignazio Zullo Capogruppo FdI della commissione Sanit\u00e0 in senato, il prof. Francesco Bellino Presidente nazionale SIBCE, il prof. Filippo M. Boscia Presidente onorario SIBCE nonch\u00e9 l\u2019Europlamentare ECR on. Chiara Gemma.\u00a0<\/p>\n<p>In un contesto sociale ed economico in continua evoluzione, le politiche di inclusione rappresentano una priorit\u00e0 strategica sia a livello europeo che nazionale. Garantire pari opportunit\u00e0, combattere le discriminazioni e promuovere la partecipazione attiva di tutte le persone nella vita sociale sono obiettivi fondamentali per costruire una societ\u00e0 giusta e resiliente.<\/p>\n<p>Un incontro per approfondire il tema la cui apertura dei lavori \u00e8 affidata all\u2019avv. Ciro Miale Coordinatore regionale Nazione Futura Puglia.\u00a0<\/p>\n<p>Moderano l\u2019incontro il dott. Domenico Damascelli gi\u00e0 Consigliere regionale puglia e la Consigliera metropolitana l\u2019avv. Raffaella Casamassima.<\/p>\n<figure class=\"wp-block-image aligncenter size-large\"><img decoding=\"async\" width=\"621\" height=\"1024\" src=\"https:\/\/cassano.lavocedelpaese.info\/wp-content\/uploads\/2025\/05\/Locandina-Nazione-Futura-Puglia_Cassano-delle-Murge-621x1024.jpg\" alt=\"\" class=\"wp-image-6700\"\/><\/figure>\n<p><a class=\"a2a_button_facebook\" href=\"https:\/\/www.addtoany.com\/add_to\/facebook?linkurl=https%3A%2F%2Fcassano.lavocedelpaese.info%2Fle-politiche-di-inclusione-sociale-un-impegno-condiviso-tra-europa-e-italia%2F&amp;linkname=Le%20politiche%20di%20Inclusione%20sociale%3A%20un%20impegno%20condiviso%20tra%20Europa%20e%20Italia\" title=\"Facebook\" rel=\"nofollow noopener\" target=\"_blank\"><\/a><a class=\"a2a_button_twitter\" href=\"https:\/\/www.addtoany.com\/add_to\/twitter?linkurl=https%3A%2F%2Fcassano.lavocedelpaese.info%2Fle-politiche-di-inclusione-sociale-un-impegno-condiviso-tra-europa-e-italia%2F&amp;linkname=Le%20politiche%20di%20Inclusione%20sociale%3A%20un%20impegno%20condiviso%20tra%20Europa%20e%20Italia\" title=\"Twitter\" rel=\"nofollow noopener\" target=\"_blank\"><\/a><a class=\"a2a_button_whatsapp\" href=\"https:\/\/www.addtoany.com\/add_to\/whatsapp?linkurl=https%3A%2F%2Fcassano.lavocedelpaese.info%2Fle-politiche-di-inclusione-sociale-un-impegno-condiviso-tra-europa-e-italia%2F&amp;linkname=Le%20politiche%20di%20Inclusione%20sociale%3A%20un%20impegno%20condiviso%20tra%20Europa%20e%20Italia\" title=\"WhatsApp\" rel=\"nofollow noopener\" target=\"_blank\"><\/a><a class=\"a2a_button_telegram\" href=\"https:\/\/www.addtoany.com\/add_to\/telegram?linkurl=https%3A%2F%2Fcassano.lavocedelpaese.info%2Fle-politiche-di-inclusione-sociale-un-impegno-condiviso-tra-europa-e-italia%2F&amp;linkname=Le%20politiche%20di%20Inclusione%20sociale%3A%20un%20impegno%20condiviso%20tra%20Europa%20e%20Italia\" title=\"Telegram\" rel=\"nofollow noopener\" target=\"_blank\"><\/a><a class=\"a2a_button_email\" href=\"https:\/\/www.addtoany.com\/add_to\/email?linkurl=https%3A%2F%2Fcassano.lavocedelpaese.info%2Fle-politiche-di-inclusione-sociale-un-impegno-condiviso-tra-europa-e-italia%2F&amp;linkname=Le%20politiche%20di%20Inclusione%20sociale%3A%20un%20impegno%20condiviso%20tra%20Europa%20e%20Italia\" title=\"Email\" rel=\"nofollow noopener\" target=\"_blank\"><\/a><\/p>\n<p>\u00a0<\/p>\n<p>\u00a0<\/p>\n<p>\u200b\u00a0\u00a0\u00a0<\/p>","protected":false},"excerpt":{"rendered":"<p>\u00a0 \u200b\u00a0 \u200b\u00a0 Se ne parler\u00e0, venerd\u00ec 30 maggio, all\u2019incontro organizzato da Nazione Futura Puglia Si terr\u00e0 venerd\u00ec 30 Maggio<\/p>\n","protected":false},"author":6,"featured_media":9423,"comment_status":"open","ping_status":"closed","sticky":false,"template":"","format":"standard","meta":{"colormag_page_container_layout":"default_layout","colormag_page_sidebar_layout":"default_layout","footnotes":""},"categories":[33],"tags":[],"class_list":["post-9422","post","type-post","status-publish","format-standard","has-post-thumbnail","hentry","category-network"],"yoast_head":"<!-- This site is optimized with the Yoast SEO plugin v27.5 - https:\/\/yoast.com\/product\/yoast-seo-wordpress\/ -->\n<title>Le politiche di Inclusione sociale: un impegno condiviso tra Europa e Italia\u00a0\u200b - La Voce del Paese<\/title>\n<meta name=\"robots\" content=\"index, follow, max-snippet:-1, max-image-preview:large, max-video-preview:-1\" \/>\n<link rel=\"canonical\" href=\"https:\/\/lavocedelpaese.info\/index.php\/2025\/05\/26\/le-politiche-di-inclusione-sociale-un-impegno-condiviso-tra-europa-e-italia\/\" \/>\n<meta property=\"og:locale\" content=\"it_IT\" \/>\n<meta property=\"og:type\" content=\"article\" \/>\n<meta property=\"og:title\" content=\"Le politiche di Inclusione sociale: un impegno condiviso tra Europa e Italia\u00a0\u200b - La Voce del Paese\" \/>\n<meta property=\"og:description\" content=\"\u00a0 \u200b\u00a0 \u200b\u00a0 Se ne parler\u00e0, venerd\u00ec 30 maggio, all\u2019incontro organizzato da Nazione Futura Puglia Si terr\u00e0 venerd\u00ec 30 Maggio\" \/>\n<meta property=\"og:url\" content=\"https:\/\/lavocedelpaese.info\/index.php\/2025\/05\/26\/le-politiche-di-inclusione-sociale-un-impegno-condiviso-tra-europa-e-italia\/\" \/>\n<meta property=\"og:site_name\" content=\"La Voce del Paese\" \/>\n<meta property=\"article:publisher\" content=\"https:\/\/www.facebook.com\/lavocedelpaese.info\" \/>\n<meta property=\"article:published_time\" content=\"2025-05-26T17:14:45+00:00\" \/>\n<meta name=\"author\" content=\"admin\" \/>\n<meta name=\"twitter:card\" content=\"summary_large_image\" \/>\n<meta name=\"twitter:label1\" content=\"Scritto da\" \/>\n\t<meta name=\"twitter:data1\" content=\"admin\" \/>\n\t<meta name=\"twitter:label2\" content=\"Tempo di lettura stimato\" \/>\n\t<meta name=\"twitter:data2\" content=\"1 minuto\" \/>\n<script type=\"application\/ld+json\" class=\"yoast-schema-graph\">{\"@context\":\"https:\\\/\\\/schema.org\",\"@graph\":[{\"@type\":\"Article\",\"@id\":\"https:\\\/\\\/lavocedelpaese.info\\\/index.php\\\/2025\\\/05\\\/26\\\/le-politiche-di-inclusione-sociale-un-impegno-condiviso-tra-europa-e-italia\\\/#article\",\"isPartOf\":{\"@id\":\"https:\\\/\\\/lavocedelpaese.info\\\/index.php\\\/2025\\\/05\\\/26\\\/le-politiche-di-inclusione-sociale-un-impegno-condiviso-tra-europa-e-italia\\\/\"},\"author\":{\"name\":\"admin\",\"@id\":\"https:\\\/\\\/lavocedelpaese.info\\\/#\\\/schema\\\/person\\\/ec151d321306bd7591f7a061abf72d88\"},\"headline\":\"Le politiche di Inclusione sociale: un impegno condiviso tra Europa e Italia\u00a0\u200b\",\"datePublished\":\"2025-05-26T17:14:45+00:00\",\"mainEntityOfPage\":{\"@id\":\"https:\\\/\\\/lavocedelpaese.info\\\/index.php\\\/2025\\\/05\\\/26\\\/le-politiche-di-inclusione-sociale-un-impegno-condiviso-tra-europa-e-italia\\\/\"},\"wordCount\":232,\"commentCount\":0,\"publisher\":{\"@id\":\"https:\\\/\\\/lavocedelpaese.info\\\/#organization\"},\"image\":{\"@id\":\"https:\\\/\\\/lavocedelpaese.info\\\/index.php\\\/2025\\\/05\\\/26\\\/le-politiche-di-inclusione-sociale-un-impegno-condiviso-tra-europa-e-italia\\\/#primaryimage\"},\"thumbnailUrl\":\"https:\\\/\\\/lavocedelpaese.info\\\/wp-content\\\/uploads\\\/2025\\\/05\\\/Locandina-Nazione-Futura-Puglia_Cassano-delle-Murge-621x1024-saYIjI.jpg\",\"articleSection\":[\"network\"],\"inLanguage\":\"it-IT\",\"potentialAction\":[{\"@type\":\"CommentAction\",\"name\":\"Comment\",\"target\":[\"https:\\\/\\\/lavocedelpaese.info\\\/index.php\\\/2025\\\/05\\\/26\\\/le-politiche-di-inclusione-sociale-un-impegno-condiviso-tra-europa-e-italia\\\/#respond\"]}]},{\"@type\":\"WebPage\",\"@id\":\"https:\\\/\\\/lavocedelpaese.info\\\/index.php\\\/2025\\\/05\\\/26\\\/le-politiche-di-inclusione-sociale-un-impegno-condiviso-tra-europa-e-italia\\\/\",\"url\":\"https:\\\/\\\/lavocedelpaese.info\\\/index.php\\\/2025\\\/05\\\/26\\\/le-politiche-di-inclusione-sociale-un-impegno-condiviso-tra-europa-e-italia\\\/\",\"name\":\"Le politiche di Inclusione sociale: un impegno condiviso tra Europa e Italia\u00a0\u200b - La Voce del Paese\",\"isPartOf\":{\"@id\":\"https:\\\/\\\/lavocedelpaese.info\\\/#website\"},\"primaryImageOfPage\":{\"@id\":\"https:\\\/\\\/lavocedelpaese.info\\\/index.php\\\/2025\\\/05\\\/26\\\/le-politiche-di-inclusione-sociale-un-impegno-condiviso-tra-europa-e-italia\\\/#primaryimage\"},\"image\":{\"@id\":\"https:\\\/\\\/lavocedelpaese.info\\\/index.php\\\/2025\\\/05\\\/26\\\/le-politiche-di-inclusione-sociale-un-impegno-condiviso-tra-europa-e-italia\\\/#primaryimage\"},\"thumbnailUrl\":\"https:\\\/\\\/lavocedelpaese.info\\\/wp-content\\\/uploads\\\/2025\\\/05\\\/Locandina-Nazione-Futura-Puglia_Cassano-delle-Murge-621x1024-saYIjI.jpg\",\"datePublished\":\"2025-05-26T17:14:45+00:00\",\"breadcrumb\":{\"@id\":\"https:\\\/\\\/lavocedelpaese.info\\\/index.php\\\/2025\\\/05\\\/26\\\/le-politiche-di-inclusione-sociale-un-impegno-condiviso-tra-europa-e-italia\\\/#breadcrumb\"},\"inLanguage\":\"it-IT\",\"potentialAction\":[{\"@type\":\"ReadAction\",\"target\":[\"https:\\\/\\\/lavocedelpaese.info\\\/index.php\\\/2025\\\/05\\\/26\\\/le-politiche-di-inclusione-sociale-un-impegno-condiviso-tra-europa-e-italia\\\/\"]}]},{\"@type\":\"ImageObject\",\"inLanguage\":\"it-IT\",\"@id\":\"https:\\\/\\\/lavocedelpaese.info\\\/index.php\\\/2025\\\/05\\\/26\\\/le-politiche-di-inclusione-sociale-un-impegno-condiviso-tra-europa-e-italia\\\/#primaryimage\",\"url\":\"https:\\\/\\\/lavocedelpaese.info\\\/wp-content\\\/uploads\\\/2025\\\/05\\\/Locandina-Nazione-Futura-Puglia_Cassano-delle-Murge-621x1024-saYIjI.jpg\",\"contentUrl\":\"https:\\\/\\\/lavocedelpaese.info\\\/wp-content\\\/uploads\\\/2025\\\/05\\\/Locandina-Nazione-Futura-Puglia_Cassano-delle-Murge-621x1024-saYIjI.jpg\",\"width\":485,\"height\":800},{\"@type\":\"BreadcrumbList\",\"@id\":\"https:\\\/\\\/lavocedelpaese.info\\\/index.php\\\/2025\\\/05\\\/26\\\/le-politiche-di-inclusione-sociale-un-impegno-condiviso-tra-europa-e-italia\\\/#breadcrumb\",\"itemListElement\":[{\"@type\":\"ListItem\",\"position\":1,\"name\":\"Home\",\"item\":\"https:\\\/\\\/lavocedelpaese.info\\\/\"},{\"@type\":\"ListItem\",\"position\":2,\"name\":\"Le politiche di Inclusione sociale: un impegno condiviso tra Europa e Italia\u00a0\u200b\"}]},{\"@type\":\"WebSite\",\"@id\":\"https:\\\/\\\/lavocedelpaese.info\\\/#website\",\"url\":\"https:\\\/\\\/lavocedelpaese.info\\\/\",\"name\":\"La Voce del Paese\",\"description\":\"Un network di idee\",\"publisher\":{\"@id\":\"https:\\\/\\\/lavocedelpaese.info\\\/#organization\"},\"potentialAction\":[{\"@type\":\"SearchAction\",\"target\":{\"@type\":\"EntryPoint\",\"urlTemplate\":\"https:\\\/\\\/lavocedelpaese.info\\\/?s={search_term_string}\"},\"query-input\":{\"@type\":\"PropertyValueSpecification\",\"valueRequired\":true,\"valueName\":\"search_term_string\"}}],\"inLanguage\":\"it-IT\"},{\"@type\":\"Organization\",\"@id\":\"https:\\\/\\\/lavocedelpaese.info\\\/#organization\",\"name\":\"La Voce del Paese\",\"url\":\"https:\\\/\\\/lavocedelpaese.info\\\/\",\"logo\":{\"@type\":\"ImageObject\",\"inLanguage\":\"it-IT\",\"@id\":\"https:\\\/\\\/lavocedelpaese.info\\\/#\\\/schema\\\/logo\\\/image\\\/\",\"url\":\"https:\\\/\\\/lavocedelpaese.info\\\/wp-content\\\/uploads\\\/2023\\\/01\\\/cropped-logo-150-127.png\",\"contentUrl\":\"https:\\\/\\\/lavocedelpaese.info\\\/wp-content\\\/uploads\\\/2023\\\/01\\\/cropped-logo-150-127.png\",\"width\":137,\"height\":119,\"caption\":\"La Voce del Paese\"},\"image\":{\"@id\":\"https:\\\/\\\/lavocedelpaese.info\\\/#\\\/schema\\\/logo\\\/image\\\/\"},\"sameAs\":[\"https:\\\/\\\/www.facebook.com\\\/lavocedelpaese.info\"]},{\"@type\":\"Person\",\"@id\":\"https:\\\/\\\/lavocedelpaese.info\\\/#\\\/schema\\\/person\\\/ec151d321306bd7591f7a061abf72d88\",\"name\":\"admin\",\"image\":{\"@type\":\"ImageObject\",\"inLanguage\":\"it-IT\",\"@id\":\"https:\\\/\\\/secure.gravatar.com\\\/avatar\\\/af8f2caf0663124588de48a9380e07cbc95a74ef15b8062d0d39106c32fe3023?s=96&d=mm&r=g\",\"url\":\"https:\\\/\\\/secure.gravatar.com\\\/avatar\\\/af8f2caf0663124588de48a9380e07cbc95a74ef15b8062d0d39106c32fe3023?s=96&d=mm&r=g\",\"contentUrl\":\"https:\\\/\\\/secure.gravatar.com\\\/avatar\\\/af8f2caf0663124588de48a9380e07cbc95a74ef15b8062d0d39106c32fe3023?s=96&d=mm&r=g\",\"caption\":\"admin\"},\"sameAs\":[\"https:\\\/\\\/lavocedelpaese.info\"],\"url\":\"https:\\\/\\\/lavocedelpaese.info\\\/index.php\\\/author\\\/admin\\\/\"}]}<\/script>\n<!-- \/ Yoast SEO plugin. -->","yoast_head_json":{"title":"Le politiche di Inclusione sociale: un impegno condiviso tra Europa e Italia\u00a0\u200b - La Voce del Paese","robots":{"index":"index","follow":"follow","max-snippet":"max-snippet:-1","max-image-preview":"max-image-preview:large","max-video-preview":"max-video-preview:-1"},"canonical":"https:\/\/lavocedelpaese.info\/index.php\/2025\/05\/26\/le-politiche-di-inclusione-sociale-un-impegno-condiviso-tra-europa-e-italia\/","og_locale":"it_IT","og_type":"article","og_title":"Le politiche di Inclusione sociale: un impegno condiviso tra Europa e Italia\u00a0\u200b - La Voce del Paese","og_description":"\u00a0 \u200b\u00a0 \u200b\u00a0 Se ne parler\u00e0, venerd\u00ec 30 maggio, all\u2019incontro organizzato da Nazione Futura Puglia Si terr\u00e0 venerd\u00ec 30 Maggio","og_url":"https:\/\/lavocedelpaese.info\/index.php\/2025\/05\/26\/le-politiche-di-inclusione-sociale-un-impegno-condiviso-tra-europa-e-italia\/","og_site_name":"La Voce del Paese","article_publisher":"https:\/\/www.facebook.com\/lavocedelpaese.info","article_published_time":"2025-05-26T17:14:45+00:00","author":"admin","twitter_card":"summary_large_image","twitter_misc":{"Scritto da":"admin","Tempo di lettura stimato":"1 minuto"},"schema":{"@context":"https:\/\/schema.org","@graph":[{"@type":"Article","@id":"https:\/\/lavocedelpaese.info\/index.php\/2025\/05\/26\/le-politiche-di-inclusione-sociale-un-impegno-condiviso-tra-europa-e-italia\/#article","isPartOf":{"@id":"https:\/\/lavocedelpaese.info\/index.php\/2025\/05\/26\/le-politiche-di-inclusione-sociale-un-impegno-condiviso-tra-europa-e-italia\/"},"author":{"name":"admin","@id":"https:\/\/lavocedelpaese.info\/#\/schema\/person\/ec151d321306bd7591f7a061abf72d88"},"headline":"Le politiche di Inclusione sociale: un impegno condiviso tra Europa e Italia\u00a0\u200b","datePublished":"2025-05-26T17:14:45+00:00","mainEntityOfPage":{"@id":"https:\/\/lavocedelpaese.info\/index.php\/2025\/05\/26\/le-politiche-di-inclusione-sociale-un-impegno-condiviso-tra-europa-e-italia\/"},"wordCount":232,"commentCount":0,"publisher":{"@id":"https:\/\/lavocedelpaese.info\/#organization"},"image":{"@id":"https:\/\/lavocedelpaese.info\/index.php\/2025\/05\/26\/le-politiche-di-inclusione-sociale-un-impegno-condiviso-tra-europa-e-italia\/#primaryimage"},"thumbnailUrl":"https:\/\/lavocedelpaese.info\/wp-content\/uploads\/2025\/05\/Locandina-Nazione-Futura-Puglia_Cassano-delle-Murge-621x1024-saYIjI.jpg","articleSection":["network"],"inLanguage":"it-IT","potentialAction":[{"@type":"CommentAction","name":"Comment","target":["https:\/\/lavocedelpaese.info\/index.php\/2025\/05\/26\/le-politiche-di-inclusione-sociale-un-impegno-condiviso-tra-europa-e-italia\/#respond"]}]},{"@type":"WebPage","@id":"https:\/\/lavocedelpaese.info\/index.php\/2025\/05\/26\/le-politiche-di-inclusione-sociale-un-impegno-condiviso-tra-europa-e-italia\/","url":"https:\/\/lavocedelpaese.info\/index.php\/2025\/05\/26\/le-politiche-di-inclusione-sociale-un-impegno-condiviso-tra-europa-e-italia\/","name":"Le politiche di Inclusione sociale: un impegno condiviso tra Europa e Italia\u00a0\u200b - La Voce del Paese","isPartOf":{"@id":"https:\/\/lavocedelpaese.info\/#website"},"primaryImageOfPage":{"@id":"https:\/\/lavocedelpaese.info\/index.php\/2025\/05\/26\/le-politiche-di-inclusione-sociale-un-impegno-condiviso-tra-europa-e-italia\/#primaryimage"},"image":{"@id":"https:\/\/lavocedelpaese.info\/index.php\/2025\/05\/26\/le-politiche-di-inclusione-sociale-un-impegno-condiviso-tra-europa-e-italia\/#primaryimage"},"thumbnailUrl":"https:\/\/lavocedelpaese.info\/wp-content\/uploads\/2025\/05\/Locandina-Nazione-Futura-Puglia_Cassano-delle-Murge-621x1024-saYIjI.jpg","datePublished":"2025-05-26T17:14:45+00:00","breadcrumb":{"@id":"https:\/\/lavocedelpaese.info\/index.php\/2025\/05\/26\/le-politiche-di-inclusione-sociale-un-impegno-condiviso-tra-europa-e-italia\/#breadcrumb"},"inLanguage":"it-IT","potentialAction":[{"@type":"ReadAction","target":["https:\/\/lavocedelpaese.info\/index.php\/2025\/05\/26\/le-politiche-di-inclusione-sociale-un-impegno-condiviso-tra-europa-e-italia\/"]}]},{"@type":"ImageObject","inLanguage":"it-IT","@id":"https:\/\/lavocedelpaese.info\/index.php\/2025\/05\/26\/le-politiche-di-inclusione-sociale-un-impegno-condiviso-tra-europa-e-italia\/#primaryimage","url":"https:\/\/lavocedelpaese.info\/wp-content\/uploads\/2025\/05\/Locandina-Nazione-Futura-Puglia_Cassano-delle-Murge-621x1024-saYIjI.jpg","contentUrl":"https:\/\/lavocedelpaese.info\/wp-content\/uploads\/2025\/05\/Locandina-Nazione-Futura-Puglia_Cassano-delle-Murge-621x1024-saYIjI.jpg","width":485,"height":800},{"@type":"BreadcrumbList","@id":"https:\/\/lavocedelpaese.info\/index.php\/2025\/05\/26\/le-politiche-di-inclusione-sociale-un-impegno-condiviso-tra-europa-e-italia\/#breadcrumb","itemListElement":[{"@type":"ListItem","position":1,"name":"Home","item":"https:\/\/lavocedelpaese.info\/"},{"@type":"ListItem","position":2,"name":"Le politiche di Inclusione sociale: un impegno condiviso tra Europa e Italia\u00a0\u200b"}]},{"@type":"WebSite","@id":"https:\/\/lavocedelpaese.info\/#website","url":"https:\/\/lavocedelpaese.info\/","name":"La Voce del Paese","description":"Un network di idee","publisher":{"@id":"https:\/\/lavocedelpaese.info\/#organization"},"potentialAction":[{"@type":"SearchAction","target":{"@type":"EntryPoint","urlTemplate":"https:\/\/lavocedelpaese.info\/?s={search_term_string}"},"query-input":{"@type":"PropertyValueSpecification","valueRequired":true,"valueName":"search_term_string"}}],"inLanguage":"it-IT"},{"@type":"Organization","@id":"https:\/\/lavocedelpaese.info\/#organization","name":"La Voce del Paese","url":"https:\/\/lavocedelpaese.info\/","logo":{"@type":"ImageObject","inLanguage":"it-IT","@id":"https:\/\/lavocedelpaese.info\/#\/schema\/logo\/image\/","url":"https:\/\/lavocedelpaese.info\/wp-content\/uploads\/2023\/01\/cropped-logo-150-127.png","contentUrl":"https:\/\/lavocedelpaese.info\/wp-content\/uploads\/2023\/01\/cropped-logo-150-127.png","width":137,"height":119,"caption":"La Voce del Paese"},"image":{"@id":"https:\/\/lavocedelpaese.info\/#\/schema\/logo\/image\/"},"sameAs":["https:\/\/www.facebook.com\/lavocedelpaese.info"]},{"@type":"Person","@id":"https:\/\/lavocedelpaese.info\/#\/schema\/person\/ec151d321306bd7591f7a061abf72d88","name":"admin","image":{"@type":"ImageObject","inLanguage":"it-IT","@id":"https:\/\/secure.gravatar.com\/avatar\/af8f2caf0663124588de48a9380e07cbc95a74ef15b8062d0d39106c32fe3023?s=96&d=mm&r=g","url":"https:\/\/secure.gravatar.com\/avatar\/af8f2caf0663124588de48a9380e07cbc95a74ef15b8062d0d39106c32fe3023?s=96&d=mm&r=g","contentUrl":"https:\/\/secure.gravatar.com\/avatar\/af8f2caf0663124588de48a9380e07cbc95a74ef15b8062d0d39106c32fe3023?s=96&d=mm&r=g","caption":"admin"},"sameAs":["https:\/\/lavocedelpaese.info"],"url":"https:\/\/lavocedelpaese.info\/index.php\/author\/admin\/"}]}},"_links":{"self":[{"href":"https:\/\/lavocedelpaese.info\/index.php\/wp-json\/wp\/v2\/posts\/9422","targetHints":{"allow":["GET"]}}],"collection":[{"href":"https:\/\/lavocedelpaese.info\/index.php\/wp-json\/wp\/v2\/posts"}],"about":[{"href":"https:\/\/lavocedelpaese.info\/index.php\/wp-json\/wp\/v2\/types\/post"}],"author":[{"embeddable":true,"href":"https:\/\/lavocedelpaese.info\/index.php\/wp-json\/wp\/v2\/users\/6"}],"replies":[{"embeddable":true,"href":"https:\/\/lavocedelpaese.info\/index.php\/wp-json\/wp\/v2\/comments?post=9422"}],"version-history":[{"count":0,"href":"https:\/\/lavocedelpaese.info\/index.php\/wp-json\/wp\/v2\/posts\/9422\/revisions"}],"wp:featuredmedia":[{"embeddable":true,"href":"https:\/\/lavocedelpaese.info\/index.php\/wp-json\/wp\/v2\/media\/9423"}],"wp:attachment":[{"href":"https:\/\/lavocedelpaese.info\/index.php\/wp-json\/wp\/v2\/media?parent=9422"}],"wp:term":[{"taxonomy":"category","embeddable":true,"href":"https:\/\/lavocedelpaese.info\/index.php\/wp-json\/wp\/v2\/categories?post=9422"},{"taxonomy":"post_tag","embeddable":true,"href":"https:\/\/lavocedelpaese.info\/index.php\/wp-json\/wp\/v2\/tags?post=9422"}],"curies":[{"name":"wp","href":"https:\/\/api.w.org\/{rel}","templated":true}]}}