{"id":9414,"date":"2025-05-26T06:14:43","date_gmt":"2025-05-26T06:14:43","guid":{"rendered":"https:\/\/lavocedelpaese.info\/index.php\/2025\/05\/26\/ciliegie-crollo-della-produzione-a-causa-delle-gelate\/"},"modified":"2025-05-26T06:14:43","modified_gmt":"2025-05-26T06:14:43","slug":"ciliegie-crollo-della-produzione-a-causa-delle-gelate","status":"publish","type":"post","link":"https:\/\/lavocedelpaese.info\/index.php\/2025\/05\/26\/ciliegie-crollo-della-produzione-a-causa-delle-gelate\/","title":{"rendered":"Ciliegie, crollo della produzione a causa delle gelate\u00a0\u200b"},"content":{"rendered":"<p>\u00a0<\/p>\n<p>\u200b\u00a0<\/p>\n<p>\u200b\u00a0<\/p>\n<div><\/div>\n<h4 class=\"wp-block-heading\"><strong>Allarme Coldiretti: servono aiuti urgenti e pi\u00f9 controlli sull\u2019origine dei prodotti in vendita<\/strong><\/h4>\n<p>\u00abCrollo senza precedenti per la produzione di ciliegie in Puglia: le gelate di marzo e aprile hanno devastato i raccolti nel sud-est barese, con perdite stimate tra il 70% e il 100% a seconda delle zone\u00bb. A lanciare l\u2019allarme \u00e8 Coldiretti Puglia, che chiede l\u2019immediata dichiarazione dello stato di calamit\u00e0 e controlli pi\u00f9 severi sui mercati, dove gi\u00e0 compaiono ciliegie a prezzi record \u2013 fino a 23,30 euro al chilo a Milano \u2013 la cui origine va attentamente verificata.<\/p>\n<p>Il bilancio 2025 \u00e8 decisamente a tinte fosche: \u00abLe variet\u00e0 precoci come \u2018Georgia\u2019 e \u2018Bigarreaux\u2019 sono state gravemente colpite, ma a subire gli effetti pi\u00f9 gravi dell\u2019abbassamento delle temperature che hanno bruciato i fiori, sono state proprio le pregiate ciliegie \u2018Ferrovia\u2019, con il rischio che il mercato venga invaso da prodotto estero, spesso di dubbia provenienza, senza che il consumatore lo sappia\u00bb.<\/p>\n<p>\u00abA fronte di un brusco calo produttivo \u2013 prosegue l\u2019associazione di categoria \u2013 gli agricoltori sono stati alle prese con il balzo dei costi di produzione e la grave siccit\u00e0, senza ricevere adeguati prezzi di vendita. Intanto, l\u2019inflazione alimentare rallenta i consumi e le famiglie sono costrette a tagliare gli acquisti\u00bb.<\/p>\n<h4 class=\"wp-block-heading\"><strong>Speculazioni e Controlli<\/strong><\/h4>\n<p>Un altro fronte caldo \u00e8 quello delle \u00abspeculazioni che si annidano lungo la filiera e vanno stanate anche dai Vigili dell\u2019Annona. Serve una vigilanza capillare \u2013 sottolinea Coldiretti Puglia \u2013 per monitorare l\u2019origine dei prodotti ortofrutticoli, soprattutto quelli provenienti da Egitto, Tunisia e Marocco. Vanno fermate le importazioni sleali e introdotto con decisione il principio di reciprocit\u00e0, per garantire che tutti i prodotti importati nell\u2019Unione rispettino gli stessi standard dal punto di vista ambientale, sanitario e del rispetto delle norme sul lavoro previsti nel mercato interno\u00bb.<\/p>\n<h4 class=\"wp-block-heading\"><strong>La proposta di un marchio IGP<\/strong><\/h4>\n<p>Per salvare il comparto, Coldiretti invoca la ricostruzione di una filiera che sappia valorizzare l\u2019identit\u00e0 territoriale della ciliegia pugliese. \u00abOccorre creare un Marchio di qualit\u00e0, come l\u2019Indicazione Geografica Protetta (IGP), che premi le caratteristiche organolettiche del nostro prodotto e le competenze degli operatori locali. Solo cos\u00ec si potr\u00e0 rendere competitiva una coltura tradizionale e simbolica per la Puglia\u00bb.<\/p>\n<p><a class=\"a2a_button_facebook\" href=\"https:\/\/www.addtoany.com\/add_to\/facebook?linkurl=https%3A%2F%2Fturi.lavocedelpaese.info%2Fciliegie-crollo-della-produzione-a-causa-delle-gelate%2F&amp;linkname=Ciliegie%2C%20crollo%20della%20produzione%20a%20causa%20delle%20gelate\" title=\"Facebook\" rel=\"nofollow noopener\" target=\"_blank\"><\/a><a class=\"a2a_button_twitter\" href=\"https:\/\/www.addtoany.com\/add_to\/twitter?linkurl=https%3A%2F%2Fturi.lavocedelpaese.info%2Fciliegie-crollo-della-produzione-a-causa-delle-gelate%2F&amp;linkname=Ciliegie%2C%20crollo%20della%20produzione%20a%20causa%20delle%20gelate\" title=\"Twitter\" rel=\"nofollow noopener\" target=\"_blank\"><\/a><a class=\"a2a_button_whatsapp\" href=\"https:\/\/www.addtoany.com\/add_to\/whatsapp?linkurl=https%3A%2F%2Fturi.lavocedelpaese.info%2Fciliegie-crollo-della-produzione-a-causa-delle-gelate%2F&amp;linkname=Ciliegie%2C%20crollo%20della%20produzione%20a%20causa%20delle%20gelate\" title=\"WhatsApp\" rel=\"nofollow noopener\" target=\"_blank\"><\/a><a class=\"a2a_button_telegram\" href=\"https:\/\/www.addtoany.com\/add_to\/telegram?linkurl=https%3A%2F%2Fturi.lavocedelpaese.info%2Fciliegie-crollo-della-produzione-a-causa-delle-gelate%2F&amp;linkname=Ciliegie%2C%20crollo%20della%20produzione%20a%20causa%20delle%20gelate\" title=\"Telegram\" rel=\"nofollow noopener\" target=\"_blank\"><\/a><a class=\"a2a_button_email\" href=\"https:\/\/www.addtoany.com\/add_to\/email?linkurl=https%3A%2F%2Fturi.lavocedelpaese.info%2Fciliegie-crollo-della-produzione-a-causa-delle-gelate%2F&amp;linkname=Ciliegie%2C%20crollo%20della%20produzione%20a%20causa%20delle%20gelate\" title=\"Email\" rel=\"nofollow noopener\" target=\"_blank\"><\/a><\/p>\n<p>L&#8217;articolo <a href=\"https:\/\/turi.lavocedelpaese.info\/ciliegie-crollo-della-produzione-a-causa-delle-gelate\/\">Ciliegie, crollo della produzione a causa delle gelate<\/a> proviene da <a href=\"https:\/\/turi.lavocedelpaese.info\/\">Turi &#8211; La Voce del Paese<\/a>.<\/p>\n<p>\u00a0<\/p>\n<p>\u00a0<\/p>\n<p>\u200b\u00a0\u00a0\u00a0<\/p>","protected":false},"excerpt":{"rendered":"<p>\u00a0 \u200b\u00a0 \u200b\u00a0 Allarme Coldiretti: servono aiuti urgenti e pi\u00f9 controlli sull\u2019origine dei prodotti in vendita \u00abCrollo senza precedenti per<\/p>\n","protected":false},"author":6,"featured_media":730,"comment_status":"open","ping_status":"closed","sticky":false,"template":"","format":"standard","meta":{"colormag_page_container_layout":"default_layout","colormag_page_sidebar_layout":"default_layout","footnotes":""},"categories":[33],"tags":[],"class_list":["post-9414","post","type-post","status-publish","format-standard","has-post-thumbnail","hentry","category-network"],"yoast_head":"<!-- This site is optimized with the Yoast SEO plugin v27.5 - https:\/\/yoast.com\/product\/yoast-seo-wordpress\/ -->\n<title>Ciliegie, crollo della produzione a causa delle gelate\u00a0\u200b - La Voce del Paese<\/title>\n<meta name=\"robots\" content=\"index, follow, max-snippet:-1, max-image-preview:large, max-video-preview:-1\" \/>\n<link rel=\"canonical\" href=\"https:\/\/lavocedelpaese.info\/index.php\/2025\/05\/26\/ciliegie-crollo-della-produzione-a-causa-delle-gelate\/\" \/>\n<meta property=\"og:locale\" content=\"it_IT\" \/>\n<meta property=\"og:type\" content=\"article\" \/>\n<meta property=\"og:title\" content=\"Ciliegie, crollo della produzione a causa delle gelate\u00a0\u200b - La Voce del Paese\" \/>\n<meta property=\"og:description\" content=\"\u00a0 \u200b\u00a0 \u200b\u00a0 Allarme Coldiretti: servono aiuti urgenti e pi\u00f9 controlli sull\u2019origine dei prodotti in vendita \u00abCrollo senza precedenti per\" \/>\n<meta property=\"og:url\" content=\"https:\/\/lavocedelpaese.info\/index.php\/2025\/05\/26\/ciliegie-crollo-della-produzione-a-causa-delle-gelate\/\" \/>\n<meta property=\"og:site_name\" content=\"La Voce del Paese\" \/>\n<meta property=\"article:publisher\" content=\"https:\/\/www.facebook.com\/lavocedelpaese.info\" \/>\n<meta property=\"article:published_time\" content=\"2025-05-26T06:14:43+00:00\" \/>\n<meta name=\"author\" content=\"admin\" \/>\n<meta name=\"twitter:card\" content=\"summary_large_image\" \/>\n<meta name=\"twitter:label1\" content=\"Scritto da\" \/>\n\t<meta name=\"twitter:data1\" content=\"admin\" \/>\n\t<meta name=\"twitter:label2\" content=\"Tempo di lettura stimato\" \/>\n\t<meta name=\"twitter:data2\" content=\"2 minuti\" \/>\n<script type=\"application\/ld+json\" class=\"yoast-schema-graph\">{\"@context\":\"https:\\\/\\\/schema.org\",\"@graph\":[{\"@type\":\"Article\",\"@id\":\"https:\\\/\\\/lavocedelpaese.info\\\/index.php\\\/2025\\\/05\\\/26\\\/ciliegie-crollo-della-produzione-a-causa-delle-gelate\\\/#article\",\"isPartOf\":{\"@id\":\"https:\\\/\\\/lavocedelpaese.info\\\/index.php\\\/2025\\\/05\\\/26\\\/ciliegie-crollo-della-produzione-a-causa-delle-gelate\\\/\"},\"author\":{\"name\":\"admin\",\"@id\":\"https:\\\/\\\/lavocedelpaese.info\\\/#\\\/schema\\\/person\\\/ec151d321306bd7591f7a061abf72d88\"},\"headline\":\"Ciliegie, crollo della produzione a causa delle gelate\u00a0\u200b\",\"datePublished\":\"2025-05-26T06:14:43+00:00\",\"mainEntityOfPage\":{\"@id\":\"https:\\\/\\\/lavocedelpaese.info\\\/index.php\\\/2025\\\/05\\\/26\\\/ciliegie-crollo-della-produzione-a-causa-delle-gelate\\\/\"},\"wordCount\":382,\"commentCount\":0,\"publisher\":{\"@id\":\"https:\\\/\\\/lavocedelpaese.info\\\/#organization\"},\"image\":{\"@id\":\"https:\\\/\\\/lavocedelpaese.info\\\/index.php\\\/2025\\\/05\\\/26\\\/ciliegie-crollo-della-produzione-a-causa-delle-gelate\\\/#primaryimage\"},\"thumbnailUrl\":\"https:\\\/\\\/lavocedelpaese.info\\\/wp-content\\\/uploads\\\/2023\\\/01\\\/logo-150-127.png\",\"articleSection\":[\"network\"],\"inLanguage\":\"it-IT\",\"potentialAction\":[{\"@type\":\"CommentAction\",\"name\":\"Comment\",\"target\":[\"https:\\\/\\\/lavocedelpaese.info\\\/index.php\\\/2025\\\/05\\\/26\\\/ciliegie-crollo-della-produzione-a-causa-delle-gelate\\\/#respond\"]}]},{\"@type\":\"WebPage\",\"@id\":\"https:\\\/\\\/lavocedelpaese.info\\\/index.php\\\/2025\\\/05\\\/26\\\/ciliegie-crollo-della-produzione-a-causa-delle-gelate\\\/\",\"url\":\"https:\\\/\\\/lavocedelpaese.info\\\/index.php\\\/2025\\\/05\\\/26\\\/ciliegie-crollo-della-produzione-a-causa-delle-gelate\\\/\",\"name\":\"Ciliegie, crollo della produzione a causa delle gelate\u00a0\u200b - La Voce del Paese\",\"isPartOf\":{\"@id\":\"https:\\\/\\\/lavocedelpaese.info\\\/#website\"},\"primaryImageOfPage\":{\"@id\":\"https:\\\/\\\/lavocedelpaese.info\\\/index.php\\\/2025\\\/05\\\/26\\\/ciliegie-crollo-della-produzione-a-causa-delle-gelate\\\/#primaryimage\"},\"image\":{\"@id\":\"https:\\\/\\\/lavocedelpaese.info\\\/index.php\\\/2025\\\/05\\\/26\\\/ciliegie-crollo-della-produzione-a-causa-delle-gelate\\\/#primaryimage\"},\"thumbnailUrl\":\"https:\\\/\\\/lavocedelpaese.info\\\/wp-content\\\/uploads\\\/2023\\\/01\\\/logo-150-127.png\",\"datePublished\":\"2025-05-26T06:14:43+00:00\",\"breadcrumb\":{\"@id\":\"https:\\\/\\\/lavocedelpaese.info\\\/index.php\\\/2025\\\/05\\\/26\\\/ciliegie-crollo-della-produzione-a-causa-delle-gelate\\\/#breadcrumb\"},\"inLanguage\":\"it-IT\",\"potentialAction\":[{\"@type\":\"ReadAction\",\"target\":[\"https:\\\/\\\/lavocedelpaese.info\\\/index.php\\\/2025\\\/05\\\/26\\\/ciliegie-crollo-della-produzione-a-causa-delle-gelate\\\/\"]}]},{\"@type\":\"ImageObject\",\"inLanguage\":\"it-IT\",\"@id\":\"https:\\\/\\\/lavocedelpaese.info\\\/index.php\\\/2025\\\/05\\\/26\\\/ciliegie-crollo-della-produzione-a-causa-delle-gelate\\\/#primaryimage\",\"url\":\"https:\\\/\\\/lavocedelpaese.info\\\/wp-content\\\/uploads\\\/2023\\\/01\\\/logo-150-127.png\",\"contentUrl\":\"https:\\\/\\\/lavocedelpaese.info\\\/wp-content\\\/uploads\\\/2023\\\/01\\\/logo-150-127.png\",\"width\":150,\"height\":127},{\"@type\":\"BreadcrumbList\",\"@id\":\"https:\\\/\\\/lavocedelpaese.info\\\/index.php\\\/2025\\\/05\\\/26\\\/ciliegie-crollo-della-produzione-a-causa-delle-gelate\\\/#breadcrumb\",\"itemListElement\":[{\"@type\":\"ListItem\",\"position\":1,\"name\":\"Home\",\"item\":\"https:\\\/\\\/lavocedelpaese.info\\\/\"},{\"@type\":\"ListItem\",\"position\":2,\"name\":\"Ciliegie, crollo della produzione a causa delle gelate\u00a0\u200b\"}]},{\"@type\":\"WebSite\",\"@id\":\"https:\\\/\\\/lavocedelpaese.info\\\/#website\",\"url\":\"https:\\\/\\\/lavocedelpaese.info\\\/\",\"name\":\"La Voce del Paese\",\"description\":\"Un network di idee\",\"publisher\":{\"@id\":\"https:\\\/\\\/lavocedelpaese.info\\\/#organization\"},\"potentialAction\":[{\"@type\":\"SearchAction\",\"target\":{\"@type\":\"EntryPoint\",\"urlTemplate\":\"https:\\\/\\\/lavocedelpaese.info\\\/?s={search_term_string}\"},\"query-input\":{\"@type\":\"PropertyValueSpecification\",\"valueRequired\":true,\"valueName\":\"search_term_string\"}}],\"inLanguage\":\"it-IT\"},{\"@type\":\"Organization\",\"@id\":\"https:\\\/\\\/lavocedelpaese.info\\\/#organization\",\"name\":\"La Voce del Paese\",\"url\":\"https:\\\/\\\/lavocedelpaese.info\\\/\",\"logo\":{\"@type\":\"ImageObject\",\"inLanguage\":\"it-IT\",\"@id\":\"https:\\\/\\\/lavocedelpaese.info\\\/#\\\/schema\\\/logo\\\/image\\\/\",\"url\":\"https:\\\/\\\/lavocedelpaese.info\\\/wp-content\\\/uploads\\\/2023\\\/01\\\/cropped-logo-150-127.png\",\"contentUrl\":\"https:\\\/\\\/lavocedelpaese.info\\\/wp-content\\\/uploads\\\/2023\\\/01\\\/cropped-logo-150-127.png\",\"width\":137,\"height\":119,\"caption\":\"La Voce del Paese\"},\"image\":{\"@id\":\"https:\\\/\\\/lavocedelpaese.info\\\/#\\\/schema\\\/logo\\\/image\\\/\"},\"sameAs\":[\"https:\\\/\\\/www.facebook.com\\\/lavocedelpaese.info\"]},{\"@type\":\"Person\",\"@id\":\"https:\\\/\\\/lavocedelpaese.info\\\/#\\\/schema\\\/person\\\/ec151d321306bd7591f7a061abf72d88\",\"name\":\"admin\",\"image\":{\"@type\":\"ImageObject\",\"inLanguage\":\"it-IT\",\"@id\":\"https:\\\/\\\/secure.gravatar.com\\\/avatar\\\/af8f2caf0663124588de48a9380e07cbc95a74ef15b8062d0d39106c32fe3023?s=96&d=mm&r=g\",\"url\":\"https:\\\/\\\/secure.gravatar.com\\\/avatar\\\/af8f2caf0663124588de48a9380e07cbc95a74ef15b8062d0d39106c32fe3023?s=96&d=mm&r=g\",\"contentUrl\":\"https:\\\/\\\/secure.gravatar.com\\\/avatar\\\/af8f2caf0663124588de48a9380e07cbc95a74ef15b8062d0d39106c32fe3023?s=96&d=mm&r=g\",\"caption\":\"admin\"},\"sameAs\":[\"https:\\\/\\\/lavocedelpaese.info\"],\"url\":\"https:\\\/\\\/lavocedelpaese.info\\\/index.php\\\/author\\\/admin\\\/\"}]}<\/script>\n<!-- \/ Yoast SEO plugin. -->","yoast_head_json":{"title":"Ciliegie, crollo della produzione a causa delle gelate\u00a0\u200b - La Voce del Paese","robots":{"index":"index","follow":"follow","max-snippet":"max-snippet:-1","max-image-preview":"max-image-preview:large","max-video-preview":"max-video-preview:-1"},"canonical":"https:\/\/lavocedelpaese.info\/index.php\/2025\/05\/26\/ciliegie-crollo-della-produzione-a-causa-delle-gelate\/","og_locale":"it_IT","og_type":"article","og_title":"Ciliegie, crollo della produzione a causa delle gelate\u00a0\u200b - La Voce del Paese","og_description":"\u00a0 \u200b\u00a0 \u200b\u00a0 Allarme Coldiretti: servono aiuti urgenti e pi\u00f9 controlli sull\u2019origine dei prodotti in vendita \u00abCrollo senza precedenti per","og_url":"https:\/\/lavocedelpaese.info\/index.php\/2025\/05\/26\/ciliegie-crollo-della-produzione-a-causa-delle-gelate\/","og_site_name":"La Voce del Paese","article_publisher":"https:\/\/www.facebook.com\/lavocedelpaese.info","article_published_time":"2025-05-26T06:14:43+00:00","author":"admin","twitter_card":"summary_large_image","twitter_misc":{"Scritto da":"admin","Tempo di lettura stimato":"2 minuti"},"schema":{"@context":"https:\/\/schema.org","@graph":[{"@type":"Article","@id":"https:\/\/lavocedelpaese.info\/index.php\/2025\/05\/26\/ciliegie-crollo-della-produzione-a-causa-delle-gelate\/#article","isPartOf":{"@id":"https:\/\/lavocedelpaese.info\/index.php\/2025\/05\/26\/ciliegie-crollo-della-produzione-a-causa-delle-gelate\/"},"author":{"name":"admin","@id":"https:\/\/lavocedelpaese.info\/#\/schema\/person\/ec151d321306bd7591f7a061abf72d88"},"headline":"Ciliegie, crollo della produzione a causa delle gelate\u00a0\u200b","datePublished":"2025-05-26T06:14:43+00:00","mainEntityOfPage":{"@id":"https:\/\/lavocedelpaese.info\/index.php\/2025\/05\/26\/ciliegie-crollo-della-produzione-a-causa-delle-gelate\/"},"wordCount":382,"commentCount":0,"publisher":{"@id":"https:\/\/lavocedelpaese.info\/#organization"},"image":{"@id":"https:\/\/lavocedelpaese.info\/index.php\/2025\/05\/26\/ciliegie-crollo-della-produzione-a-causa-delle-gelate\/#primaryimage"},"thumbnailUrl":"https:\/\/lavocedelpaese.info\/wp-content\/uploads\/2023\/01\/logo-150-127.png","articleSection":["network"],"inLanguage":"it-IT","potentialAction":[{"@type":"CommentAction","name":"Comment","target":["https:\/\/lavocedelpaese.info\/index.php\/2025\/05\/26\/ciliegie-crollo-della-produzione-a-causa-delle-gelate\/#respond"]}]},{"@type":"WebPage","@id":"https:\/\/lavocedelpaese.info\/index.php\/2025\/05\/26\/ciliegie-crollo-della-produzione-a-causa-delle-gelate\/","url":"https:\/\/lavocedelpaese.info\/index.php\/2025\/05\/26\/ciliegie-crollo-della-produzione-a-causa-delle-gelate\/","name":"Ciliegie, crollo della produzione a causa delle gelate\u00a0\u200b - La Voce del Paese","isPartOf":{"@id":"https:\/\/lavocedelpaese.info\/#website"},"primaryImageOfPage":{"@id":"https:\/\/lavocedelpaese.info\/index.php\/2025\/05\/26\/ciliegie-crollo-della-produzione-a-causa-delle-gelate\/#primaryimage"},"image":{"@id":"https:\/\/lavocedelpaese.info\/index.php\/2025\/05\/26\/ciliegie-crollo-della-produzione-a-causa-delle-gelate\/#primaryimage"},"thumbnailUrl":"https:\/\/lavocedelpaese.info\/wp-content\/uploads\/2023\/01\/logo-150-127.png","datePublished":"2025-05-26T06:14:43+00:00","breadcrumb":{"@id":"https:\/\/lavocedelpaese.info\/index.php\/2025\/05\/26\/ciliegie-crollo-della-produzione-a-causa-delle-gelate\/#breadcrumb"},"inLanguage":"it-IT","potentialAction":[{"@type":"ReadAction","target":["https:\/\/lavocedelpaese.info\/index.php\/2025\/05\/26\/ciliegie-crollo-della-produzione-a-causa-delle-gelate\/"]}]},{"@type":"ImageObject","inLanguage":"it-IT","@id":"https:\/\/lavocedelpaese.info\/index.php\/2025\/05\/26\/ciliegie-crollo-della-produzione-a-causa-delle-gelate\/#primaryimage","url":"https:\/\/lavocedelpaese.info\/wp-content\/uploads\/2023\/01\/logo-150-127.png","contentUrl":"https:\/\/lavocedelpaese.info\/wp-content\/uploads\/2023\/01\/logo-150-127.png","width":150,"height":127},{"@type":"BreadcrumbList","@id":"https:\/\/lavocedelpaese.info\/index.php\/2025\/05\/26\/ciliegie-crollo-della-produzione-a-causa-delle-gelate\/#breadcrumb","itemListElement":[{"@type":"ListItem","position":1,"name":"Home","item":"https:\/\/lavocedelpaese.info\/"},{"@type":"ListItem","position":2,"name":"Ciliegie, crollo della produzione a causa delle gelate\u00a0\u200b"}]},{"@type":"WebSite","@id":"https:\/\/lavocedelpaese.info\/#website","url":"https:\/\/lavocedelpaese.info\/","name":"La Voce del Paese","description":"Un network di idee","publisher":{"@id":"https:\/\/lavocedelpaese.info\/#organization"},"potentialAction":[{"@type":"SearchAction","target":{"@type":"EntryPoint","urlTemplate":"https:\/\/lavocedelpaese.info\/?s={search_term_string}"},"query-input":{"@type":"PropertyValueSpecification","valueRequired":true,"valueName":"search_term_string"}}],"inLanguage":"it-IT"},{"@type":"Organization","@id":"https:\/\/lavocedelpaese.info\/#organization","name":"La Voce del Paese","url":"https:\/\/lavocedelpaese.info\/","logo":{"@type":"ImageObject","inLanguage":"it-IT","@id":"https:\/\/lavocedelpaese.info\/#\/schema\/logo\/image\/","url":"https:\/\/lavocedelpaese.info\/wp-content\/uploads\/2023\/01\/cropped-logo-150-127.png","contentUrl":"https:\/\/lavocedelpaese.info\/wp-content\/uploads\/2023\/01\/cropped-logo-150-127.png","width":137,"height":119,"caption":"La Voce del Paese"},"image":{"@id":"https:\/\/lavocedelpaese.info\/#\/schema\/logo\/image\/"},"sameAs":["https:\/\/www.facebook.com\/lavocedelpaese.info"]},{"@type":"Person","@id":"https:\/\/lavocedelpaese.info\/#\/schema\/person\/ec151d321306bd7591f7a061abf72d88","name":"admin","image":{"@type":"ImageObject","inLanguage":"it-IT","@id":"https:\/\/secure.gravatar.com\/avatar\/af8f2caf0663124588de48a9380e07cbc95a74ef15b8062d0d39106c32fe3023?s=96&d=mm&r=g","url":"https:\/\/secure.gravatar.com\/avatar\/af8f2caf0663124588de48a9380e07cbc95a74ef15b8062d0d39106c32fe3023?s=96&d=mm&r=g","contentUrl":"https:\/\/secure.gravatar.com\/avatar\/af8f2caf0663124588de48a9380e07cbc95a74ef15b8062d0d39106c32fe3023?s=96&d=mm&r=g","caption":"admin"},"sameAs":["https:\/\/lavocedelpaese.info"],"url":"https:\/\/lavocedelpaese.info\/index.php\/author\/admin\/"}]}},"_links":{"self":[{"href":"https:\/\/lavocedelpaese.info\/index.php\/wp-json\/wp\/v2\/posts\/9414","targetHints":{"allow":["GET"]}}],"collection":[{"href":"https:\/\/lavocedelpaese.info\/index.php\/wp-json\/wp\/v2\/posts"}],"about":[{"href":"https:\/\/lavocedelpaese.info\/index.php\/wp-json\/wp\/v2\/types\/post"}],"author":[{"embeddable":true,"href":"https:\/\/lavocedelpaese.info\/index.php\/wp-json\/wp\/v2\/users\/6"}],"replies":[{"embeddable":true,"href":"https:\/\/lavocedelpaese.info\/index.php\/wp-json\/wp\/v2\/comments?post=9414"}],"version-history":[{"count":0,"href":"https:\/\/lavocedelpaese.info\/index.php\/wp-json\/wp\/v2\/posts\/9414\/revisions"}],"wp:featuredmedia":[{"embeddable":true,"href":"https:\/\/lavocedelpaese.info\/index.php\/wp-json\/wp\/v2\/media\/730"}],"wp:attachment":[{"href":"https:\/\/lavocedelpaese.info\/index.php\/wp-json\/wp\/v2\/media?parent=9414"}],"wp:term":[{"taxonomy":"category","embeddable":true,"href":"https:\/\/lavocedelpaese.info\/index.php\/wp-json\/wp\/v2\/categories?post=9414"},{"taxonomy":"post_tag","embeddable":true,"href":"https:\/\/lavocedelpaese.info\/index.php\/wp-json\/wp\/v2\/tags?post=9414"}],"curies":[{"name":"wp","href":"https:\/\/api.w.org\/{rel}","templated":true}]}}