{"id":9409,"date":"2025-05-24T07:18:34","date_gmt":"2025-05-24T07:18:34","guid":{"rendered":"https:\/\/lavocedelpaese.info\/index.php\/2025\/05\/24\/turi-beach-al-via-le-domande-per-aderire-alla-colonia-marina\/"},"modified":"2025-05-24T07:18:34","modified_gmt":"2025-05-24T07:18:34","slug":"turi-beach-al-via-le-domande-per-aderire-alla-colonia-marina","status":"publish","type":"post","link":"https:\/\/lavocedelpaese.info\/index.php\/2025\/05\/24\/turi-beach-al-via-le-domande-per-aderire-alla-colonia-marina\/","title":{"rendered":"\u201cTuri Beach\u201d: al via le domande per aderire alla colonia marina\u00a0\u200b"},"content":{"rendered":"<p>\u00a0<\/p>\n<p>\u200b\u00a0<\/p>\n<p>\u200b\u00a0<\/p>\n<div><\/div>\n<h4 class=\"wp-block-heading\"><strong>Paolo Tundo: \u201cUn\u2019estate all\u2019insegna di gioco, inclusione e socializzazione per i nostri bambini\u201d<\/strong><\/h4>\n<p>Con delibera di Giunta del 14 maggio, sono stati stabiliti gli indirizzi per l\u2019affidamento del servizio di colonia marina, denominato \u201cTuri Beach 2025\u201d, dedicato ai minori di et\u00e0 compresa tra 6 e 13 anni, residenti nel Comune di Turi.<\/p>\n<p>\u00abL\u2019iniziativa \u2013 dichiara il consigliere delegato ai Servizi Sociali e alla Sanit\u00e0, Paolo Tundo \u2013 mira a offrire ai bambini e alle bambine un\u2019importante occasione di socializzazione, divertimento e inclusione. Allo stesso tempo, fornisce alle famiglie un prezioso supporto ludico-educativo nei mesi estivi di sospensione dell\u2019attivit\u00e0 scolastica, contribuendo a conciliare i tempi di vita-lavoro con quelli di cura e crescita dei figli\u00bb.<\/p>\n<h4 class=\"wp-block-heading\"><strong>Il servizio<\/strong><\/h4>\n<p>La colonia marina si svolger\u00e0 dal 30 giugno al 10 agosto 2025, articolandosi in tre turni da dieci giorni ciascuno (escludendo sabato e domenica).<\/p>\n<p>\u00abRispetto allo scorso anno \u2013 sottolinea Tundo \u2013 abbiamo ampliato i posti disponibili, prevedendo la partecipazione di 150 bambini, inclusi 15 minori con disabilit\u00e0\u00bb.<\/p>\n<p>\u00abL\u2019attivit\u00e0 \u2013 prosegue \u2013 si svolger\u00e0 presso uno stabilimento balneare, attrezzato per l\u2019inclusione dei bambini con disabilit\u00e0, servizi igienici, spiaggia sabbiosa, zona ristoro con spazi d\u2019ombra, un ombrellone ogni 8 bambini, bagnino con brevetto e materiale ludico.<\/p>\n<p>\u00abSar\u00e0 garantita la presenza di un educatore ogni 10 bambini, un educatore di sostegno per ogni bambino con disabilit\u00e0, un animatore ed un coordinatore. Infine \u2013 chiosa il consigliere \u2013 il trasporto avverr\u00e0 mediante utilizzo di pullman G.T., dotato di pedana sollevatrice e postazione carrozzella a bordo\u00bb.<\/p>\n<h4 class=\"wp-block-heading\"><strong>Requisiti<\/strong><\/h4>\n<p>Le domande ammissibili saranno inserite in graduatoria secondo l\u2019Isee Ordinario dichiarato (pari o inferiore a 60.000 euro), a partire dal valore pi\u00f9 basso e fino a esaurimento dei posti disponibili.<\/p>\n<p>La quota di compartecipazione \u00e8 fissata in 50 euro per ciascun partecipante e dovr\u00e0 essere versata tramite PagoPA, allegando la ricevuta alla domanda. La somma non sar\u00e0 rimborsata in caso di rinuncia o di mancato rispetto dei requisiti anagrafici e di residenza.<\/p>\n<p>Sono inoltre previsti 15 posti gratuiti complessivi (5 per ciascun turno), assegnati su indicazione delle Assistenti Sociali del Comune.<\/p>\n<p><strong>Come aderire<\/strong><\/p>\n<p>Le domande di partecipazione devono essere presentate <strong>entro domenica 8 giugno 2025<\/strong>, tramite PEC all\u2019indirizzo <strong><a href=\"mailto:protocollo.comuneturi@pec.rupar.puglia.it\" target=\"_blank\" rel=\"noreferrer noopener\">protocollo.comuneturi@pec.rupar.puglia.it<\/a><\/strong> oppure consegnate a mano presso l\u2019Ufficio Protocollo del Comune, durante gli orari di apertura al pubblico (luned\u00ec, mercoled\u00ec, gioved\u00ec e venerd\u00ec: 8.30-13.00; marted\u00ec: 15.30-17.30).<\/p>\n\n<p><a class=\"a2a_button_facebook\" href=\"https:\/\/www.addtoany.com\/add_to\/facebook?linkurl=https%3A%2F%2Fturi.lavocedelpaese.info%2Fturi-beach-al-via-le-domande-per-aderire-alla-colonia-marina%2F&amp;linkname=%E2%80%9CTuri%20Beach%E2%80%9D%3A%20al%20via%20le%20domande%20per%20aderire%20alla%20colonia%20marina\" title=\"Facebook\" rel=\"nofollow noopener\" target=\"_blank\"><\/a><a class=\"a2a_button_twitter\" href=\"https:\/\/www.addtoany.com\/add_to\/twitter?linkurl=https%3A%2F%2Fturi.lavocedelpaese.info%2Fturi-beach-al-via-le-domande-per-aderire-alla-colonia-marina%2F&amp;linkname=%E2%80%9CTuri%20Beach%E2%80%9D%3A%20al%20via%20le%20domande%20per%20aderire%20alla%20colonia%20marina\" title=\"Twitter\" rel=\"nofollow noopener\" target=\"_blank\"><\/a><a class=\"a2a_button_whatsapp\" href=\"https:\/\/www.addtoany.com\/add_to\/whatsapp?linkurl=https%3A%2F%2Fturi.lavocedelpaese.info%2Fturi-beach-al-via-le-domande-per-aderire-alla-colonia-marina%2F&amp;linkname=%E2%80%9CTuri%20Beach%E2%80%9D%3A%20al%20via%20le%20domande%20per%20aderire%20alla%20colonia%20marina\" title=\"WhatsApp\" rel=\"nofollow noopener\" target=\"_blank\"><\/a><a class=\"a2a_button_telegram\" href=\"https:\/\/www.addtoany.com\/add_to\/telegram?linkurl=https%3A%2F%2Fturi.lavocedelpaese.info%2Fturi-beach-al-via-le-domande-per-aderire-alla-colonia-marina%2F&amp;linkname=%E2%80%9CTuri%20Beach%E2%80%9D%3A%20al%20via%20le%20domande%20per%20aderire%20alla%20colonia%20marina\" title=\"Telegram\" rel=\"nofollow noopener\" target=\"_blank\"><\/a><a class=\"a2a_button_email\" href=\"https:\/\/www.addtoany.com\/add_to\/email?linkurl=https%3A%2F%2Fturi.lavocedelpaese.info%2Fturi-beach-al-via-le-domande-per-aderire-alla-colonia-marina%2F&amp;linkname=%E2%80%9CTuri%20Beach%E2%80%9D%3A%20al%20via%20le%20domande%20per%20aderire%20alla%20colonia%20marina\" title=\"Email\" rel=\"nofollow noopener\" target=\"_blank\"><\/a><\/p>\n<p>L&#8217;articolo <a href=\"https:\/\/turi.lavocedelpaese.info\/turi-beach-al-via-le-domande-per-aderire-alla-colonia-marina\/\">\u201cTuri Beach\u201d: al via le domande per aderire alla colonia marina<\/a> proviene da <a href=\"https:\/\/turi.lavocedelpaese.info\/\">Turi &#8211; La Voce del Paese<\/a>.<\/p>\n<p>\u00a0<\/p>\n<p>\u00a0<\/p>\n<p>\u200b\u00a0\u00a0\u00a0<\/p>","protected":false},"excerpt":{"rendered":"<p>\u00a0 \u200b\u00a0 \u200b\u00a0 Paolo Tundo: \u201cUn\u2019estate all\u2019insegna di gioco, inclusione e socializzazione per i nostri bambini\u201d Con delibera di Giunta<\/p>\n","protected":false},"author":6,"featured_media":730,"comment_status":"open","ping_status":"closed","sticky":false,"template":"","format":"standard","meta":{"colormag_page_container_layout":"default_layout","colormag_page_sidebar_layout":"default_layout","footnotes":""},"categories":[33],"tags":[],"class_list":["post-9409","post","type-post","status-publish","format-standard","has-post-thumbnail","hentry","category-network"],"yoast_head":"<!-- This site is optimized with the Yoast SEO plugin v27.5 - https:\/\/yoast.com\/product\/yoast-seo-wordpress\/ -->\n<title>\u201cTuri Beach\u201d: al via le domande per aderire alla colonia marina\u00a0\u200b - La Voce del Paese<\/title>\n<meta name=\"robots\" content=\"index, follow, max-snippet:-1, max-image-preview:large, max-video-preview:-1\" \/>\n<link rel=\"canonical\" href=\"https:\/\/lavocedelpaese.info\/index.php\/2025\/05\/24\/turi-beach-al-via-le-domande-per-aderire-alla-colonia-marina\/\" \/>\n<meta property=\"og:locale\" content=\"it_IT\" \/>\n<meta property=\"og:type\" content=\"article\" \/>\n<meta property=\"og:title\" content=\"\u201cTuri Beach\u201d: al via le domande per aderire alla colonia marina\u00a0\u200b - La Voce del Paese\" \/>\n<meta property=\"og:description\" content=\"\u00a0 \u200b\u00a0 \u200b\u00a0 Paolo Tundo: \u201cUn\u2019estate all\u2019insegna di gioco, inclusione e socializzazione per i nostri bambini\u201d Con delibera di Giunta\" \/>\n<meta property=\"og:url\" content=\"https:\/\/lavocedelpaese.info\/index.php\/2025\/05\/24\/turi-beach-al-via-le-domande-per-aderire-alla-colonia-marina\/\" \/>\n<meta property=\"og:site_name\" content=\"La Voce del Paese\" \/>\n<meta property=\"article:publisher\" content=\"https:\/\/www.facebook.com\/lavocedelpaese.info\" \/>\n<meta property=\"article:published_time\" content=\"2025-05-24T07:18:34+00:00\" \/>\n<meta name=\"author\" content=\"admin\" \/>\n<meta name=\"twitter:card\" content=\"summary_large_image\" \/>\n<meta name=\"twitter:label1\" content=\"Scritto da\" \/>\n\t<meta name=\"twitter:data1\" content=\"admin\" \/>\n\t<meta name=\"twitter:label2\" content=\"Tempo di lettura stimato\" \/>\n\t<meta name=\"twitter:data2\" content=\"2 minuti\" \/>\n<script type=\"application\/ld+json\" class=\"yoast-schema-graph\">{\"@context\":\"https:\\\/\\\/schema.org\",\"@graph\":[{\"@type\":\"Article\",\"@id\":\"https:\\\/\\\/lavocedelpaese.info\\\/index.php\\\/2025\\\/05\\\/24\\\/turi-beach-al-via-le-domande-per-aderire-alla-colonia-marina\\\/#article\",\"isPartOf\":{\"@id\":\"https:\\\/\\\/lavocedelpaese.info\\\/index.php\\\/2025\\\/05\\\/24\\\/turi-beach-al-via-le-domande-per-aderire-alla-colonia-marina\\\/\"},\"author\":{\"name\":\"admin\",\"@id\":\"https:\\\/\\\/lavocedelpaese.info\\\/#\\\/schema\\\/person\\\/ec151d321306bd7591f7a061abf72d88\"},\"headline\":\"\u201cTuri Beach\u201d: al via le domande per aderire alla colonia marina\u00a0\u200b\",\"datePublished\":\"2025-05-24T07:18:34+00:00\",\"mainEntityOfPage\":{\"@id\":\"https:\\\/\\\/lavocedelpaese.info\\\/index.php\\\/2025\\\/05\\\/24\\\/turi-beach-al-via-le-domande-per-aderire-alla-colonia-marina\\\/\"},\"wordCount\":406,\"commentCount\":0,\"publisher\":{\"@id\":\"https:\\\/\\\/lavocedelpaese.info\\\/#organization\"},\"image\":{\"@id\":\"https:\\\/\\\/lavocedelpaese.info\\\/index.php\\\/2025\\\/05\\\/24\\\/turi-beach-al-via-le-domande-per-aderire-alla-colonia-marina\\\/#primaryimage\"},\"thumbnailUrl\":\"https:\\\/\\\/lavocedelpaese.info\\\/wp-content\\\/uploads\\\/2023\\\/01\\\/logo-150-127.png\",\"articleSection\":[\"network\"],\"inLanguage\":\"it-IT\",\"potentialAction\":[{\"@type\":\"CommentAction\",\"name\":\"Comment\",\"target\":[\"https:\\\/\\\/lavocedelpaese.info\\\/index.php\\\/2025\\\/05\\\/24\\\/turi-beach-al-via-le-domande-per-aderire-alla-colonia-marina\\\/#respond\"]}]},{\"@type\":\"WebPage\",\"@id\":\"https:\\\/\\\/lavocedelpaese.info\\\/index.php\\\/2025\\\/05\\\/24\\\/turi-beach-al-via-le-domande-per-aderire-alla-colonia-marina\\\/\",\"url\":\"https:\\\/\\\/lavocedelpaese.info\\\/index.php\\\/2025\\\/05\\\/24\\\/turi-beach-al-via-le-domande-per-aderire-alla-colonia-marina\\\/\",\"name\":\"\u201cTuri Beach\u201d: al via le domande per aderire alla colonia marina\u00a0\u200b - La Voce del Paese\",\"isPartOf\":{\"@id\":\"https:\\\/\\\/lavocedelpaese.info\\\/#website\"},\"primaryImageOfPage\":{\"@id\":\"https:\\\/\\\/lavocedelpaese.info\\\/index.php\\\/2025\\\/05\\\/24\\\/turi-beach-al-via-le-domande-per-aderire-alla-colonia-marina\\\/#primaryimage\"},\"image\":{\"@id\":\"https:\\\/\\\/lavocedelpaese.info\\\/index.php\\\/2025\\\/05\\\/24\\\/turi-beach-al-via-le-domande-per-aderire-alla-colonia-marina\\\/#primaryimage\"},\"thumbnailUrl\":\"https:\\\/\\\/lavocedelpaese.info\\\/wp-content\\\/uploads\\\/2023\\\/01\\\/logo-150-127.png\",\"datePublished\":\"2025-05-24T07:18:34+00:00\",\"breadcrumb\":{\"@id\":\"https:\\\/\\\/lavocedelpaese.info\\\/index.php\\\/2025\\\/05\\\/24\\\/turi-beach-al-via-le-domande-per-aderire-alla-colonia-marina\\\/#breadcrumb\"},\"inLanguage\":\"it-IT\",\"potentialAction\":[{\"@type\":\"ReadAction\",\"target\":[\"https:\\\/\\\/lavocedelpaese.info\\\/index.php\\\/2025\\\/05\\\/24\\\/turi-beach-al-via-le-domande-per-aderire-alla-colonia-marina\\\/\"]}]},{\"@type\":\"ImageObject\",\"inLanguage\":\"it-IT\",\"@id\":\"https:\\\/\\\/lavocedelpaese.info\\\/index.php\\\/2025\\\/05\\\/24\\\/turi-beach-al-via-le-domande-per-aderire-alla-colonia-marina\\\/#primaryimage\",\"url\":\"https:\\\/\\\/lavocedelpaese.info\\\/wp-content\\\/uploads\\\/2023\\\/01\\\/logo-150-127.png\",\"contentUrl\":\"https:\\\/\\\/lavocedelpaese.info\\\/wp-content\\\/uploads\\\/2023\\\/01\\\/logo-150-127.png\",\"width\":150,\"height\":127},{\"@type\":\"BreadcrumbList\",\"@id\":\"https:\\\/\\\/lavocedelpaese.info\\\/index.php\\\/2025\\\/05\\\/24\\\/turi-beach-al-via-le-domande-per-aderire-alla-colonia-marina\\\/#breadcrumb\",\"itemListElement\":[{\"@type\":\"ListItem\",\"position\":1,\"name\":\"Home\",\"item\":\"https:\\\/\\\/lavocedelpaese.info\\\/\"},{\"@type\":\"ListItem\",\"position\":2,\"name\":\"\u201cTuri Beach\u201d: al via le domande per aderire alla colonia marina\u00a0\u200b\"}]},{\"@type\":\"WebSite\",\"@id\":\"https:\\\/\\\/lavocedelpaese.info\\\/#website\",\"url\":\"https:\\\/\\\/lavocedelpaese.info\\\/\",\"name\":\"La Voce del Paese\",\"description\":\"Un network di idee\",\"publisher\":{\"@id\":\"https:\\\/\\\/lavocedelpaese.info\\\/#organization\"},\"potentialAction\":[{\"@type\":\"SearchAction\",\"target\":{\"@type\":\"EntryPoint\",\"urlTemplate\":\"https:\\\/\\\/lavocedelpaese.info\\\/?s={search_term_string}\"},\"query-input\":{\"@type\":\"PropertyValueSpecification\",\"valueRequired\":true,\"valueName\":\"search_term_string\"}}],\"inLanguage\":\"it-IT\"},{\"@type\":\"Organization\",\"@id\":\"https:\\\/\\\/lavocedelpaese.info\\\/#organization\",\"name\":\"La Voce del Paese\",\"url\":\"https:\\\/\\\/lavocedelpaese.info\\\/\",\"logo\":{\"@type\":\"ImageObject\",\"inLanguage\":\"it-IT\",\"@id\":\"https:\\\/\\\/lavocedelpaese.info\\\/#\\\/schema\\\/logo\\\/image\\\/\",\"url\":\"https:\\\/\\\/lavocedelpaese.info\\\/wp-content\\\/uploads\\\/2023\\\/01\\\/cropped-logo-150-127.png\",\"contentUrl\":\"https:\\\/\\\/lavocedelpaese.info\\\/wp-content\\\/uploads\\\/2023\\\/01\\\/cropped-logo-150-127.png\",\"width\":137,\"height\":119,\"caption\":\"La Voce del Paese\"},\"image\":{\"@id\":\"https:\\\/\\\/lavocedelpaese.info\\\/#\\\/schema\\\/logo\\\/image\\\/\"},\"sameAs\":[\"https:\\\/\\\/www.facebook.com\\\/lavocedelpaese.info\"]},{\"@type\":\"Person\",\"@id\":\"https:\\\/\\\/lavocedelpaese.info\\\/#\\\/schema\\\/person\\\/ec151d321306bd7591f7a061abf72d88\",\"name\":\"admin\",\"image\":{\"@type\":\"ImageObject\",\"inLanguage\":\"it-IT\",\"@id\":\"https:\\\/\\\/secure.gravatar.com\\\/avatar\\\/af8f2caf0663124588de48a9380e07cbc95a74ef15b8062d0d39106c32fe3023?s=96&d=mm&r=g\",\"url\":\"https:\\\/\\\/secure.gravatar.com\\\/avatar\\\/af8f2caf0663124588de48a9380e07cbc95a74ef15b8062d0d39106c32fe3023?s=96&d=mm&r=g\",\"contentUrl\":\"https:\\\/\\\/secure.gravatar.com\\\/avatar\\\/af8f2caf0663124588de48a9380e07cbc95a74ef15b8062d0d39106c32fe3023?s=96&d=mm&r=g\",\"caption\":\"admin\"},\"sameAs\":[\"https:\\\/\\\/lavocedelpaese.info\"],\"url\":\"https:\\\/\\\/lavocedelpaese.info\\\/index.php\\\/author\\\/admin\\\/\"}]}<\/script>\n<!-- \/ Yoast SEO plugin. -->","yoast_head_json":{"title":"\u201cTuri Beach\u201d: al via le domande per aderire alla colonia marina\u00a0\u200b - La Voce del Paese","robots":{"index":"index","follow":"follow","max-snippet":"max-snippet:-1","max-image-preview":"max-image-preview:large","max-video-preview":"max-video-preview:-1"},"canonical":"https:\/\/lavocedelpaese.info\/index.php\/2025\/05\/24\/turi-beach-al-via-le-domande-per-aderire-alla-colonia-marina\/","og_locale":"it_IT","og_type":"article","og_title":"\u201cTuri Beach\u201d: al via le domande per aderire alla colonia marina\u00a0\u200b - La Voce del Paese","og_description":"\u00a0 \u200b\u00a0 \u200b\u00a0 Paolo Tundo: \u201cUn\u2019estate all\u2019insegna di gioco, inclusione e socializzazione per i nostri bambini\u201d Con delibera di Giunta","og_url":"https:\/\/lavocedelpaese.info\/index.php\/2025\/05\/24\/turi-beach-al-via-le-domande-per-aderire-alla-colonia-marina\/","og_site_name":"La Voce del Paese","article_publisher":"https:\/\/www.facebook.com\/lavocedelpaese.info","article_published_time":"2025-05-24T07:18:34+00:00","author":"admin","twitter_card":"summary_large_image","twitter_misc":{"Scritto da":"admin","Tempo di lettura stimato":"2 minuti"},"schema":{"@context":"https:\/\/schema.org","@graph":[{"@type":"Article","@id":"https:\/\/lavocedelpaese.info\/index.php\/2025\/05\/24\/turi-beach-al-via-le-domande-per-aderire-alla-colonia-marina\/#article","isPartOf":{"@id":"https:\/\/lavocedelpaese.info\/index.php\/2025\/05\/24\/turi-beach-al-via-le-domande-per-aderire-alla-colonia-marina\/"},"author":{"name":"admin","@id":"https:\/\/lavocedelpaese.info\/#\/schema\/person\/ec151d321306bd7591f7a061abf72d88"},"headline":"\u201cTuri Beach\u201d: al via le domande per aderire alla colonia marina\u00a0\u200b","datePublished":"2025-05-24T07:18:34+00:00","mainEntityOfPage":{"@id":"https:\/\/lavocedelpaese.info\/index.php\/2025\/05\/24\/turi-beach-al-via-le-domande-per-aderire-alla-colonia-marina\/"},"wordCount":406,"commentCount":0,"publisher":{"@id":"https:\/\/lavocedelpaese.info\/#organization"},"image":{"@id":"https:\/\/lavocedelpaese.info\/index.php\/2025\/05\/24\/turi-beach-al-via-le-domande-per-aderire-alla-colonia-marina\/#primaryimage"},"thumbnailUrl":"https:\/\/lavocedelpaese.info\/wp-content\/uploads\/2023\/01\/logo-150-127.png","articleSection":["network"],"inLanguage":"it-IT","potentialAction":[{"@type":"CommentAction","name":"Comment","target":["https:\/\/lavocedelpaese.info\/index.php\/2025\/05\/24\/turi-beach-al-via-le-domande-per-aderire-alla-colonia-marina\/#respond"]}]},{"@type":"WebPage","@id":"https:\/\/lavocedelpaese.info\/index.php\/2025\/05\/24\/turi-beach-al-via-le-domande-per-aderire-alla-colonia-marina\/","url":"https:\/\/lavocedelpaese.info\/index.php\/2025\/05\/24\/turi-beach-al-via-le-domande-per-aderire-alla-colonia-marina\/","name":"\u201cTuri Beach\u201d: al via le domande per aderire alla colonia marina\u00a0\u200b - La Voce del Paese","isPartOf":{"@id":"https:\/\/lavocedelpaese.info\/#website"},"primaryImageOfPage":{"@id":"https:\/\/lavocedelpaese.info\/index.php\/2025\/05\/24\/turi-beach-al-via-le-domande-per-aderire-alla-colonia-marina\/#primaryimage"},"image":{"@id":"https:\/\/lavocedelpaese.info\/index.php\/2025\/05\/24\/turi-beach-al-via-le-domande-per-aderire-alla-colonia-marina\/#primaryimage"},"thumbnailUrl":"https:\/\/lavocedelpaese.info\/wp-content\/uploads\/2023\/01\/logo-150-127.png","datePublished":"2025-05-24T07:18:34+00:00","breadcrumb":{"@id":"https:\/\/lavocedelpaese.info\/index.php\/2025\/05\/24\/turi-beach-al-via-le-domande-per-aderire-alla-colonia-marina\/#breadcrumb"},"inLanguage":"it-IT","potentialAction":[{"@type":"ReadAction","target":["https:\/\/lavocedelpaese.info\/index.php\/2025\/05\/24\/turi-beach-al-via-le-domande-per-aderire-alla-colonia-marina\/"]}]},{"@type":"ImageObject","inLanguage":"it-IT","@id":"https:\/\/lavocedelpaese.info\/index.php\/2025\/05\/24\/turi-beach-al-via-le-domande-per-aderire-alla-colonia-marina\/#primaryimage","url":"https:\/\/lavocedelpaese.info\/wp-content\/uploads\/2023\/01\/logo-150-127.png","contentUrl":"https:\/\/lavocedelpaese.info\/wp-content\/uploads\/2023\/01\/logo-150-127.png","width":150,"height":127},{"@type":"BreadcrumbList","@id":"https:\/\/lavocedelpaese.info\/index.php\/2025\/05\/24\/turi-beach-al-via-le-domande-per-aderire-alla-colonia-marina\/#breadcrumb","itemListElement":[{"@type":"ListItem","position":1,"name":"Home","item":"https:\/\/lavocedelpaese.info\/"},{"@type":"ListItem","position":2,"name":"\u201cTuri Beach\u201d: al via le domande per aderire alla colonia marina\u00a0\u200b"}]},{"@type":"WebSite","@id":"https:\/\/lavocedelpaese.info\/#website","url":"https:\/\/lavocedelpaese.info\/","name":"La Voce del Paese","description":"Un network di idee","publisher":{"@id":"https:\/\/lavocedelpaese.info\/#organization"},"potentialAction":[{"@type":"SearchAction","target":{"@type":"EntryPoint","urlTemplate":"https:\/\/lavocedelpaese.info\/?s={search_term_string}"},"query-input":{"@type":"PropertyValueSpecification","valueRequired":true,"valueName":"search_term_string"}}],"inLanguage":"it-IT"},{"@type":"Organization","@id":"https:\/\/lavocedelpaese.info\/#organization","name":"La Voce del Paese","url":"https:\/\/lavocedelpaese.info\/","logo":{"@type":"ImageObject","inLanguage":"it-IT","@id":"https:\/\/lavocedelpaese.info\/#\/schema\/logo\/image\/","url":"https:\/\/lavocedelpaese.info\/wp-content\/uploads\/2023\/01\/cropped-logo-150-127.png","contentUrl":"https:\/\/lavocedelpaese.info\/wp-content\/uploads\/2023\/01\/cropped-logo-150-127.png","width":137,"height":119,"caption":"La Voce del Paese"},"image":{"@id":"https:\/\/lavocedelpaese.info\/#\/schema\/logo\/image\/"},"sameAs":["https:\/\/www.facebook.com\/lavocedelpaese.info"]},{"@type":"Person","@id":"https:\/\/lavocedelpaese.info\/#\/schema\/person\/ec151d321306bd7591f7a061abf72d88","name":"admin","image":{"@type":"ImageObject","inLanguage":"it-IT","@id":"https:\/\/secure.gravatar.com\/avatar\/af8f2caf0663124588de48a9380e07cbc95a74ef15b8062d0d39106c32fe3023?s=96&d=mm&r=g","url":"https:\/\/secure.gravatar.com\/avatar\/af8f2caf0663124588de48a9380e07cbc95a74ef15b8062d0d39106c32fe3023?s=96&d=mm&r=g","contentUrl":"https:\/\/secure.gravatar.com\/avatar\/af8f2caf0663124588de48a9380e07cbc95a74ef15b8062d0d39106c32fe3023?s=96&d=mm&r=g","caption":"admin"},"sameAs":["https:\/\/lavocedelpaese.info"],"url":"https:\/\/lavocedelpaese.info\/index.php\/author\/admin\/"}]}},"_links":{"self":[{"href":"https:\/\/lavocedelpaese.info\/index.php\/wp-json\/wp\/v2\/posts\/9409","targetHints":{"allow":["GET"]}}],"collection":[{"href":"https:\/\/lavocedelpaese.info\/index.php\/wp-json\/wp\/v2\/posts"}],"about":[{"href":"https:\/\/lavocedelpaese.info\/index.php\/wp-json\/wp\/v2\/types\/post"}],"author":[{"embeddable":true,"href":"https:\/\/lavocedelpaese.info\/index.php\/wp-json\/wp\/v2\/users\/6"}],"replies":[{"embeddable":true,"href":"https:\/\/lavocedelpaese.info\/index.php\/wp-json\/wp\/v2\/comments?post=9409"}],"version-history":[{"count":0,"href":"https:\/\/lavocedelpaese.info\/index.php\/wp-json\/wp\/v2\/posts\/9409\/revisions"}],"wp:featuredmedia":[{"embeddable":true,"href":"https:\/\/lavocedelpaese.info\/index.php\/wp-json\/wp\/v2\/media\/730"}],"wp:attachment":[{"href":"https:\/\/lavocedelpaese.info\/index.php\/wp-json\/wp\/v2\/media?parent=9409"}],"wp:term":[{"taxonomy":"category","embeddable":true,"href":"https:\/\/lavocedelpaese.info\/index.php\/wp-json\/wp\/v2\/categories?post=9409"},{"taxonomy":"post_tag","embeddable":true,"href":"https:\/\/lavocedelpaese.info\/index.php\/wp-json\/wp\/v2\/tags?post=9409"}],"curies":[{"name":"wp","href":"https:\/\/api.w.org\/{rel}","templated":true}]}}