{"id":9387,"date":"2025-05-22T07:14:56","date_gmt":"2025-05-22T07:14:56","guid":{"rendered":"https:\/\/lavocedelpaese.info\/index.php\/2025\/05\/22\/nasce-unarea-pedonale-ludica-presso-il-quartiere-sacro-cuore\/"},"modified":"2025-05-22T07:14:56","modified_gmt":"2025-05-22T07:14:56","slug":"nasce-unarea-pedonale-ludica-presso-il-quartiere-sacro-cuore","status":"publish","type":"post","link":"https:\/\/lavocedelpaese.info\/index.php\/2025\/05\/22\/nasce-unarea-pedonale-ludica-presso-il-quartiere-sacro-cuore\/","title":{"rendered":"Nasce un\u2019area pedonale ludica presso il quartiere \u201cSacro Cuore\u201d\u00a0\u200b"},"content":{"rendered":"<p>\u00a0<\/p>\n<p>\u200b\u00a0<\/p>\n<p>\u200b\u00a0<\/p>\n<p>Venerd\u00ec 23 maggio, presso il quartiere \u201cSacro Cuore\u201d, sar\u00e0 inaugurata un\u2019area pedonale ludica, uno spazio tutto riservato ai bambini in cui potranno correre, saltare e giocare in tutta sicurezza anche utilizzando i giochi di strada che sono stati realizzati grazie ad un progetto dell\u2019associazione di promozione sociale \u201cPrimule Rosse\u201d.<\/p>\n<p>\u201cE\u2019 un\u2019area che, da grigia e in preda al parcheggio selvaggio, \u00e8 stata trasformata in un\u2019area piena di colori, piacevole da attraversare e divertente in cui giocare \u2013 spiega in una nota Marisa Orlando, Presidente dell\u2019Associazione ideatrice del progetto \u2013 \u00a0Un\u2019area tutta dedicata ai piccoli che potranno cos\u00ec saltare imparando le lettere dell\u2019alfabeto, o effettuare semplici operazioni aritmetiche, o mantenere l\u2019equilibrio etc nel tentativo, da un lato, di avvicinarli a quei giochi di strada che hanno caratterizzato la nostra generazione e che le nuove, invece, stentano a conoscere per mancanza di spazi dedicati, e dall\u2019altro lato, di farli stare all\u2019aria aperta a giocare, sottraendoli cos\u00ec ai telefoni cellulari, e favorendo le abilit\u00e0 motorie e la socializzazione. Un\u2019area pedonale ludica che utilizza anche l\u2019arte quale mezzo di comunicazione, ed in particolare l\u2019astrattismo di Paul Klee con in suoi paesaggi urbani, affinch\u00e9 l\u2019invisibile si renda visibile, cio\u00e8 affinch\u00e9, attraverso quest\u2019azione di urbanismo tattico, si abbia una citt\u00e0 pi\u00f9 a dimensione d\u2019uomo e quindi caratterizzata da una differente mobilit\u00e0, dotata di maggiori spazi di socialit\u00e0 e di un migliore senso di appartenenza alla \u201cres publica\u201d. Da cui il titolo del progetto \u201cSognando un paesaggio urbano\u201d che detta azione di urbanismo tattico che l\u2019associazione \u201cPrimule Rosse\u201d ha ideato, progettato e realizzato insieme agli artisti, Daniele Gadda e Arianna Angelillo, e all\u2019architetto Stella Spinelli ha l\u2019obiettivo di raggiungere\u201d.<\/p>\n<figure class=\"wp-block-image size-large\"><img decoding=\"async\" width=\"1024\" height=\"648\" src=\"https:\/\/cassano.lavocedelpaese.info\/wp-content\/uploads\/2025\/05\/WhatsApp-Image-2025-05-21-at-17.41.35-1024x648.jpeg\" alt=\"\" class=\"wp-image-6673\"\/><\/figure>\n<p>L\u2019area \u00e8 il risultato di un avviso pubblico\u00a0 regionale, denominato \u201cPugliaCapitaleSociale 3.0\u201d, che l\u2019associazione \u201cPrimule Rosse\u201d ha vinto e che ha visto la collaborazione del Comune, in qualit\u00e0 di soggetto partner, e dell\u2019Istituto Comprensivo Perotti-Ruffo (in particolare la scuola dell\u2019infanzia \u201cDon Battista Armienti\u201d), in qualit\u00e0 di soggetto collaboratore.<\/p>\n<p>All\u2019inaugurazione saranno presenti il Sindaco, ing. Davide del Re, l\u2019Assessore alla cultura Vito Lionetti, la Dirigente del Comprensivo, prof.ssa Ippolita Lazazzera, la Polizia Municipale e tutti i bambini della scuola dell\u2019infanzia che hanno preso parte anche all\u2019importante fase di laboratorio realizzato, nel tentativo sia di mostrare e studiare le cromaticit\u00e0\/geometrie di Paul Klee che di far maturare loro un nuovo abito mentale che li porti ad un maggiore senso di appartenenza alla \u201ccosa pubblica\u201d e conseguentemente al suo rispetto.<\/p>\n<p>\u201cUn sentito ringraziamento \u2013 spiega la Orlando \u2013 a tutti coloro i quali ci hanno aiutato e supportato e soprattutto (perdonatemi se lo faccio pubblicamente, ma lo sento pi\u00f9 che doveroso) ai miei genitori, Nicola Orlando e Carmela Lanzolla, e a mio marito, Enrico Cotrufo, solidi pilastri della mia vita senza dei quali molto di ci\u00f2 che compio non sarebbe possibile. Nonch\u00e9 ringrazio Daniele, Arianna e Stella perch\u00e9 sono stati formidabili e perch\u00e9 \u201ccavalieri erranti\u201d di un progetto che potrebbe fungere, finalmente, da volano per la riqualificazione del quartiere \u201cSacro Cuore\u201d e che, non a caso, coinvolge la scuola e la pubblica amministrazione\u201d.<\/p>\n<figure class=\"wp-block-image size-large\"><img decoding=\"async\" width=\"1006\" height=\"1024\" src=\"https:\/\/cassano.lavocedelpaese.info\/wp-content\/uploads\/2025\/05\/WhatsApp-Image-2025-05-21-at-17.41.59-1006x1024.jpeg\" alt=\"\" class=\"wp-image-6674\"\/><\/figure>\n<p><a class=\"a2a_button_facebook\" href=\"https:\/\/www.addtoany.com\/add_to\/facebook?linkurl=https%3A%2F%2Fcassano.lavocedelpaese.info%2Fnasce-unarea-pedonale-ludica-presso-il-quartiere-sacro-cuore%2F&amp;linkname=Nasce%20un%E2%80%99area%20pedonale%20ludica%20presso%20il%20quartiere%20%E2%80%9CSacro%20Cuore%E2%80%9D\" title=\"Facebook\" rel=\"nofollow noopener\" target=\"_blank\"><\/a><a class=\"a2a_button_twitter\" href=\"https:\/\/www.addtoany.com\/add_to\/twitter?linkurl=https%3A%2F%2Fcassano.lavocedelpaese.info%2Fnasce-unarea-pedonale-ludica-presso-il-quartiere-sacro-cuore%2F&amp;linkname=Nasce%20un%E2%80%99area%20pedonale%20ludica%20presso%20il%20quartiere%20%E2%80%9CSacro%20Cuore%E2%80%9D\" title=\"Twitter\" rel=\"nofollow noopener\" target=\"_blank\"><\/a><a class=\"a2a_button_whatsapp\" href=\"https:\/\/www.addtoany.com\/add_to\/whatsapp?linkurl=https%3A%2F%2Fcassano.lavocedelpaese.info%2Fnasce-unarea-pedonale-ludica-presso-il-quartiere-sacro-cuore%2F&amp;linkname=Nasce%20un%E2%80%99area%20pedonale%20ludica%20presso%20il%20quartiere%20%E2%80%9CSacro%20Cuore%E2%80%9D\" title=\"WhatsApp\" rel=\"nofollow noopener\" target=\"_blank\"><\/a><a class=\"a2a_button_telegram\" href=\"https:\/\/www.addtoany.com\/add_to\/telegram?linkurl=https%3A%2F%2Fcassano.lavocedelpaese.info%2Fnasce-unarea-pedonale-ludica-presso-il-quartiere-sacro-cuore%2F&amp;linkname=Nasce%20un%E2%80%99area%20pedonale%20ludica%20presso%20il%20quartiere%20%E2%80%9CSacro%20Cuore%E2%80%9D\" title=\"Telegram\" rel=\"nofollow noopener\" target=\"_blank\"><\/a><a class=\"a2a_button_email\" href=\"https:\/\/www.addtoany.com\/add_to\/email?linkurl=https%3A%2F%2Fcassano.lavocedelpaese.info%2Fnasce-unarea-pedonale-ludica-presso-il-quartiere-sacro-cuore%2F&amp;linkname=Nasce%20un%E2%80%99area%20pedonale%20ludica%20presso%20il%20quartiere%20%E2%80%9CSacro%20Cuore%E2%80%9D\" title=\"Email\" rel=\"nofollow noopener\" target=\"_blank\"><\/a><\/p>\n<p>\u00a0<\/p>\n<p>\u00a0<\/p>\n<p>\u200b\u00a0\u00a0\u00a0<\/p>","protected":false},"excerpt":{"rendered":"<p>\u00a0 \u200b\u00a0 \u200b\u00a0 Venerd\u00ec 23 maggio, presso il quartiere \u201cSacro Cuore\u201d, sar\u00e0 inaugurata un\u2019area pedonale ludica, uno spazio tutto riservato<\/p>\n","protected":false},"author":6,"featured_media":9388,"comment_status":"open","ping_status":"closed","sticky":false,"template":"","format":"standard","meta":{"colormag_page_container_layout":"default_layout","colormag_page_sidebar_layout":"default_layout","footnotes":""},"categories":[33],"tags":[],"class_list":["post-9387","post","type-post","status-publish","format-standard","has-post-thumbnail","hentry","category-network"],"yoast_head":"<!-- This site is optimized with the Yoast SEO plugin v27.5 - https:\/\/yoast.com\/product\/yoast-seo-wordpress\/ -->\n<title>Nasce un\u2019area pedonale ludica presso il quartiere \u201cSacro Cuore\u201d\u00a0\u200b - La Voce del Paese<\/title>\n<meta name=\"robots\" content=\"index, follow, max-snippet:-1, max-image-preview:large, max-video-preview:-1\" \/>\n<link rel=\"canonical\" href=\"https:\/\/lavocedelpaese.info\/index.php\/2025\/05\/22\/nasce-unarea-pedonale-ludica-presso-il-quartiere-sacro-cuore\/\" \/>\n<meta property=\"og:locale\" content=\"it_IT\" \/>\n<meta property=\"og:type\" content=\"article\" \/>\n<meta property=\"og:title\" content=\"Nasce un\u2019area pedonale ludica presso il quartiere \u201cSacro Cuore\u201d\u00a0\u200b - La Voce del Paese\" \/>\n<meta property=\"og:description\" content=\"\u00a0 \u200b\u00a0 \u200b\u00a0 Venerd\u00ec 23 maggio, presso il quartiere \u201cSacro Cuore\u201d, sar\u00e0 inaugurata un\u2019area pedonale ludica, uno spazio tutto riservato\" \/>\n<meta property=\"og:url\" content=\"https:\/\/lavocedelpaese.info\/index.php\/2025\/05\/22\/nasce-unarea-pedonale-ludica-presso-il-quartiere-sacro-cuore\/\" \/>\n<meta property=\"og:site_name\" content=\"La Voce del Paese\" \/>\n<meta property=\"article:publisher\" content=\"https:\/\/www.facebook.com\/lavocedelpaese.info\" \/>\n<meta property=\"article:published_time\" content=\"2025-05-22T07:14:56+00:00\" \/>\n<meta name=\"author\" content=\"admin\" \/>\n<meta name=\"twitter:card\" content=\"summary_large_image\" \/>\n<meta name=\"twitter:label1\" content=\"Scritto da\" \/>\n\t<meta name=\"twitter:data1\" content=\"admin\" \/>\n\t<meta name=\"twitter:label2\" content=\"Tempo di lettura stimato\" \/>\n\t<meta name=\"twitter:data2\" content=\"3 minuti\" \/>\n<script type=\"application\/ld+json\" class=\"yoast-schema-graph\">{\"@context\":\"https:\\\/\\\/schema.org\",\"@graph\":[{\"@type\":\"Article\",\"@id\":\"https:\\\/\\\/lavocedelpaese.info\\\/index.php\\\/2025\\\/05\\\/22\\\/nasce-unarea-pedonale-ludica-presso-il-quartiere-sacro-cuore\\\/#article\",\"isPartOf\":{\"@id\":\"https:\\\/\\\/lavocedelpaese.info\\\/index.php\\\/2025\\\/05\\\/22\\\/nasce-unarea-pedonale-ludica-presso-il-quartiere-sacro-cuore\\\/\"},\"author\":{\"name\":\"admin\",\"@id\":\"https:\\\/\\\/lavocedelpaese.info\\\/#\\\/schema\\\/person\\\/ec151d321306bd7591f7a061abf72d88\"},\"headline\":\"Nasce un\u2019area pedonale ludica presso il quartiere \u201cSacro Cuore\u201d\u00a0\u200b\",\"datePublished\":\"2025-05-22T07:14:56+00:00\",\"mainEntityOfPage\":{\"@id\":\"https:\\\/\\\/lavocedelpaese.info\\\/index.php\\\/2025\\\/05\\\/22\\\/nasce-unarea-pedonale-ludica-presso-il-quartiere-sacro-cuore\\\/\"},\"wordCount\":533,\"commentCount\":0,\"publisher\":{\"@id\":\"https:\\\/\\\/lavocedelpaese.info\\\/#organization\"},\"image\":{\"@id\":\"https:\\\/\\\/lavocedelpaese.info\\\/index.php\\\/2025\\\/05\\\/22\\\/nasce-unarea-pedonale-ludica-presso-il-quartiere-sacro-cuore\\\/#primaryimage\"},\"thumbnailUrl\":\"https:\\\/\\\/lavocedelpaese.info\\\/wp-content\\\/uploads\\\/2025\\\/05\\\/WhatsApp-Image-2025-05-21-at-17.41.35-1024x648-ZXX2jw.jpg\",\"articleSection\":[\"network\"],\"inLanguage\":\"it-IT\",\"potentialAction\":[{\"@type\":\"CommentAction\",\"name\":\"Comment\",\"target\":[\"https:\\\/\\\/lavocedelpaese.info\\\/index.php\\\/2025\\\/05\\\/22\\\/nasce-unarea-pedonale-ludica-presso-il-quartiere-sacro-cuore\\\/#respond\"]}]},{\"@type\":\"WebPage\",\"@id\":\"https:\\\/\\\/lavocedelpaese.info\\\/index.php\\\/2025\\\/05\\\/22\\\/nasce-unarea-pedonale-ludica-presso-il-quartiere-sacro-cuore\\\/\",\"url\":\"https:\\\/\\\/lavocedelpaese.info\\\/index.php\\\/2025\\\/05\\\/22\\\/nasce-unarea-pedonale-ludica-presso-il-quartiere-sacro-cuore\\\/\",\"name\":\"Nasce un\u2019area pedonale ludica presso il quartiere \u201cSacro Cuore\u201d\u00a0\u200b - La Voce del Paese\",\"isPartOf\":{\"@id\":\"https:\\\/\\\/lavocedelpaese.info\\\/#website\"},\"primaryImageOfPage\":{\"@id\":\"https:\\\/\\\/lavocedelpaese.info\\\/index.php\\\/2025\\\/05\\\/22\\\/nasce-unarea-pedonale-ludica-presso-il-quartiere-sacro-cuore\\\/#primaryimage\"},\"image\":{\"@id\":\"https:\\\/\\\/lavocedelpaese.info\\\/index.php\\\/2025\\\/05\\\/22\\\/nasce-unarea-pedonale-ludica-presso-il-quartiere-sacro-cuore\\\/#primaryimage\"},\"thumbnailUrl\":\"https:\\\/\\\/lavocedelpaese.info\\\/wp-content\\\/uploads\\\/2025\\\/05\\\/WhatsApp-Image-2025-05-21-at-17.41.35-1024x648-ZXX2jw.jpg\",\"datePublished\":\"2025-05-22T07:14:56+00:00\",\"breadcrumb\":{\"@id\":\"https:\\\/\\\/lavocedelpaese.info\\\/index.php\\\/2025\\\/05\\\/22\\\/nasce-unarea-pedonale-ludica-presso-il-quartiere-sacro-cuore\\\/#breadcrumb\"},\"inLanguage\":\"it-IT\",\"potentialAction\":[{\"@type\":\"ReadAction\",\"target\":[\"https:\\\/\\\/lavocedelpaese.info\\\/index.php\\\/2025\\\/05\\\/22\\\/nasce-unarea-pedonale-ludica-presso-il-quartiere-sacro-cuore\\\/\"]}]},{\"@type\":\"ImageObject\",\"inLanguage\":\"it-IT\",\"@id\":\"https:\\\/\\\/lavocedelpaese.info\\\/index.php\\\/2025\\\/05\\\/22\\\/nasce-unarea-pedonale-ludica-presso-il-quartiere-sacro-cuore\\\/#primaryimage\",\"url\":\"https:\\\/\\\/lavocedelpaese.info\\\/wp-content\\\/uploads\\\/2025\\\/05\\\/WhatsApp-Image-2025-05-21-at-17.41.35-1024x648-ZXX2jw.jpg\",\"contentUrl\":\"https:\\\/\\\/lavocedelpaese.info\\\/wp-content\\\/uploads\\\/2025\\\/05\\\/WhatsApp-Image-2025-05-21-at-17.41.35-1024x648-ZXX2jw.jpg\",\"width\":1000,\"height\":633},{\"@type\":\"BreadcrumbList\",\"@id\":\"https:\\\/\\\/lavocedelpaese.info\\\/index.php\\\/2025\\\/05\\\/22\\\/nasce-unarea-pedonale-ludica-presso-il-quartiere-sacro-cuore\\\/#breadcrumb\",\"itemListElement\":[{\"@type\":\"ListItem\",\"position\":1,\"name\":\"Home\",\"item\":\"https:\\\/\\\/lavocedelpaese.info\\\/\"},{\"@type\":\"ListItem\",\"position\":2,\"name\":\"Nasce un\u2019area pedonale ludica presso il quartiere \u201cSacro Cuore\u201d\u00a0\u200b\"}]},{\"@type\":\"WebSite\",\"@id\":\"https:\\\/\\\/lavocedelpaese.info\\\/#website\",\"url\":\"https:\\\/\\\/lavocedelpaese.info\\\/\",\"name\":\"La Voce del Paese\",\"description\":\"Un network di idee\",\"publisher\":{\"@id\":\"https:\\\/\\\/lavocedelpaese.info\\\/#organization\"},\"potentialAction\":[{\"@type\":\"SearchAction\",\"target\":{\"@type\":\"EntryPoint\",\"urlTemplate\":\"https:\\\/\\\/lavocedelpaese.info\\\/?s={search_term_string}\"},\"query-input\":{\"@type\":\"PropertyValueSpecification\",\"valueRequired\":true,\"valueName\":\"search_term_string\"}}],\"inLanguage\":\"it-IT\"},{\"@type\":\"Organization\",\"@id\":\"https:\\\/\\\/lavocedelpaese.info\\\/#organization\",\"name\":\"La Voce del Paese\",\"url\":\"https:\\\/\\\/lavocedelpaese.info\\\/\",\"logo\":{\"@type\":\"ImageObject\",\"inLanguage\":\"it-IT\",\"@id\":\"https:\\\/\\\/lavocedelpaese.info\\\/#\\\/schema\\\/logo\\\/image\\\/\",\"url\":\"https:\\\/\\\/lavocedelpaese.info\\\/wp-content\\\/uploads\\\/2023\\\/01\\\/cropped-logo-150-127.png\",\"contentUrl\":\"https:\\\/\\\/lavocedelpaese.info\\\/wp-content\\\/uploads\\\/2023\\\/01\\\/cropped-logo-150-127.png\",\"width\":137,\"height\":119,\"caption\":\"La Voce del Paese\"},\"image\":{\"@id\":\"https:\\\/\\\/lavocedelpaese.info\\\/#\\\/schema\\\/logo\\\/image\\\/\"},\"sameAs\":[\"https:\\\/\\\/www.facebook.com\\\/lavocedelpaese.info\"]},{\"@type\":\"Person\",\"@id\":\"https:\\\/\\\/lavocedelpaese.info\\\/#\\\/schema\\\/person\\\/ec151d321306bd7591f7a061abf72d88\",\"name\":\"admin\",\"image\":{\"@type\":\"ImageObject\",\"inLanguage\":\"it-IT\",\"@id\":\"https:\\\/\\\/secure.gravatar.com\\\/avatar\\\/af8f2caf0663124588de48a9380e07cbc95a74ef15b8062d0d39106c32fe3023?s=96&d=mm&r=g\",\"url\":\"https:\\\/\\\/secure.gravatar.com\\\/avatar\\\/af8f2caf0663124588de48a9380e07cbc95a74ef15b8062d0d39106c32fe3023?s=96&d=mm&r=g\",\"contentUrl\":\"https:\\\/\\\/secure.gravatar.com\\\/avatar\\\/af8f2caf0663124588de48a9380e07cbc95a74ef15b8062d0d39106c32fe3023?s=96&d=mm&r=g\",\"caption\":\"admin\"},\"sameAs\":[\"https:\\\/\\\/lavocedelpaese.info\"],\"url\":\"https:\\\/\\\/lavocedelpaese.info\\\/index.php\\\/author\\\/admin\\\/\"}]}<\/script>\n<!-- \/ Yoast SEO plugin. -->","yoast_head_json":{"title":"Nasce un\u2019area pedonale ludica presso il quartiere \u201cSacro Cuore\u201d\u00a0\u200b - La Voce del Paese","robots":{"index":"index","follow":"follow","max-snippet":"max-snippet:-1","max-image-preview":"max-image-preview:large","max-video-preview":"max-video-preview:-1"},"canonical":"https:\/\/lavocedelpaese.info\/index.php\/2025\/05\/22\/nasce-unarea-pedonale-ludica-presso-il-quartiere-sacro-cuore\/","og_locale":"it_IT","og_type":"article","og_title":"Nasce un\u2019area pedonale ludica presso il quartiere \u201cSacro Cuore\u201d\u00a0\u200b - La Voce del Paese","og_description":"\u00a0 \u200b\u00a0 \u200b\u00a0 Venerd\u00ec 23 maggio, presso il quartiere \u201cSacro Cuore\u201d, sar\u00e0 inaugurata un\u2019area pedonale ludica, uno spazio tutto riservato","og_url":"https:\/\/lavocedelpaese.info\/index.php\/2025\/05\/22\/nasce-unarea-pedonale-ludica-presso-il-quartiere-sacro-cuore\/","og_site_name":"La Voce del Paese","article_publisher":"https:\/\/www.facebook.com\/lavocedelpaese.info","article_published_time":"2025-05-22T07:14:56+00:00","author":"admin","twitter_card":"summary_large_image","twitter_misc":{"Scritto da":"admin","Tempo di lettura stimato":"3 minuti"},"schema":{"@context":"https:\/\/schema.org","@graph":[{"@type":"Article","@id":"https:\/\/lavocedelpaese.info\/index.php\/2025\/05\/22\/nasce-unarea-pedonale-ludica-presso-il-quartiere-sacro-cuore\/#article","isPartOf":{"@id":"https:\/\/lavocedelpaese.info\/index.php\/2025\/05\/22\/nasce-unarea-pedonale-ludica-presso-il-quartiere-sacro-cuore\/"},"author":{"name":"admin","@id":"https:\/\/lavocedelpaese.info\/#\/schema\/person\/ec151d321306bd7591f7a061abf72d88"},"headline":"Nasce un\u2019area pedonale ludica presso il quartiere \u201cSacro Cuore\u201d\u00a0\u200b","datePublished":"2025-05-22T07:14:56+00:00","mainEntityOfPage":{"@id":"https:\/\/lavocedelpaese.info\/index.php\/2025\/05\/22\/nasce-unarea-pedonale-ludica-presso-il-quartiere-sacro-cuore\/"},"wordCount":533,"commentCount":0,"publisher":{"@id":"https:\/\/lavocedelpaese.info\/#organization"},"image":{"@id":"https:\/\/lavocedelpaese.info\/index.php\/2025\/05\/22\/nasce-unarea-pedonale-ludica-presso-il-quartiere-sacro-cuore\/#primaryimage"},"thumbnailUrl":"https:\/\/lavocedelpaese.info\/wp-content\/uploads\/2025\/05\/WhatsApp-Image-2025-05-21-at-17.41.35-1024x648-ZXX2jw.jpg","articleSection":["network"],"inLanguage":"it-IT","potentialAction":[{"@type":"CommentAction","name":"Comment","target":["https:\/\/lavocedelpaese.info\/index.php\/2025\/05\/22\/nasce-unarea-pedonale-ludica-presso-il-quartiere-sacro-cuore\/#respond"]}]},{"@type":"WebPage","@id":"https:\/\/lavocedelpaese.info\/index.php\/2025\/05\/22\/nasce-unarea-pedonale-ludica-presso-il-quartiere-sacro-cuore\/","url":"https:\/\/lavocedelpaese.info\/index.php\/2025\/05\/22\/nasce-unarea-pedonale-ludica-presso-il-quartiere-sacro-cuore\/","name":"Nasce un\u2019area pedonale ludica presso il quartiere \u201cSacro Cuore\u201d\u00a0\u200b - La Voce del Paese","isPartOf":{"@id":"https:\/\/lavocedelpaese.info\/#website"},"primaryImageOfPage":{"@id":"https:\/\/lavocedelpaese.info\/index.php\/2025\/05\/22\/nasce-unarea-pedonale-ludica-presso-il-quartiere-sacro-cuore\/#primaryimage"},"image":{"@id":"https:\/\/lavocedelpaese.info\/index.php\/2025\/05\/22\/nasce-unarea-pedonale-ludica-presso-il-quartiere-sacro-cuore\/#primaryimage"},"thumbnailUrl":"https:\/\/lavocedelpaese.info\/wp-content\/uploads\/2025\/05\/WhatsApp-Image-2025-05-21-at-17.41.35-1024x648-ZXX2jw.jpg","datePublished":"2025-05-22T07:14:56+00:00","breadcrumb":{"@id":"https:\/\/lavocedelpaese.info\/index.php\/2025\/05\/22\/nasce-unarea-pedonale-ludica-presso-il-quartiere-sacro-cuore\/#breadcrumb"},"inLanguage":"it-IT","potentialAction":[{"@type":"ReadAction","target":["https:\/\/lavocedelpaese.info\/index.php\/2025\/05\/22\/nasce-unarea-pedonale-ludica-presso-il-quartiere-sacro-cuore\/"]}]},{"@type":"ImageObject","inLanguage":"it-IT","@id":"https:\/\/lavocedelpaese.info\/index.php\/2025\/05\/22\/nasce-unarea-pedonale-ludica-presso-il-quartiere-sacro-cuore\/#primaryimage","url":"https:\/\/lavocedelpaese.info\/wp-content\/uploads\/2025\/05\/WhatsApp-Image-2025-05-21-at-17.41.35-1024x648-ZXX2jw.jpg","contentUrl":"https:\/\/lavocedelpaese.info\/wp-content\/uploads\/2025\/05\/WhatsApp-Image-2025-05-21-at-17.41.35-1024x648-ZXX2jw.jpg","width":1000,"height":633},{"@type":"BreadcrumbList","@id":"https:\/\/lavocedelpaese.info\/index.php\/2025\/05\/22\/nasce-unarea-pedonale-ludica-presso-il-quartiere-sacro-cuore\/#breadcrumb","itemListElement":[{"@type":"ListItem","position":1,"name":"Home","item":"https:\/\/lavocedelpaese.info\/"},{"@type":"ListItem","position":2,"name":"Nasce un\u2019area pedonale ludica presso il quartiere \u201cSacro Cuore\u201d\u00a0\u200b"}]},{"@type":"WebSite","@id":"https:\/\/lavocedelpaese.info\/#website","url":"https:\/\/lavocedelpaese.info\/","name":"La Voce del Paese","description":"Un network di idee","publisher":{"@id":"https:\/\/lavocedelpaese.info\/#organization"},"potentialAction":[{"@type":"SearchAction","target":{"@type":"EntryPoint","urlTemplate":"https:\/\/lavocedelpaese.info\/?s={search_term_string}"},"query-input":{"@type":"PropertyValueSpecification","valueRequired":true,"valueName":"search_term_string"}}],"inLanguage":"it-IT"},{"@type":"Organization","@id":"https:\/\/lavocedelpaese.info\/#organization","name":"La Voce del Paese","url":"https:\/\/lavocedelpaese.info\/","logo":{"@type":"ImageObject","inLanguage":"it-IT","@id":"https:\/\/lavocedelpaese.info\/#\/schema\/logo\/image\/","url":"https:\/\/lavocedelpaese.info\/wp-content\/uploads\/2023\/01\/cropped-logo-150-127.png","contentUrl":"https:\/\/lavocedelpaese.info\/wp-content\/uploads\/2023\/01\/cropped-logo-150-127.png","width":137,"height":119,"caption":"La Voce del Paese"},"image":{"@id":"https:\/\/lavocedelpaese.info\/#\/schema\/logo\/image\/"},"sameAs":["https:\/\/www.facebook.com\/lavocedelpaese.info"]},{"@type":"Person","@id":"https:\/\/lavocedelpaese.info\/#\/schema\/person\/ec151d321306bd7591f7a061abf72d88","name":"admin","image":{"@type":"ImageObject","inLanguage":"it-IT","@id":"https:\/\/secure.gravatar.com\/avatar\/af8f2caf0663124588de48a9380e07cbc95a74ef15b8062d0d39106c32fe3023?s=96&d=mm&r=g","url":"https:\/\/secure.gravatar.com\/avatar\/af8f2caf0663124588de48a9380e07cbc95a74ef15b8062d0d39106c32fe3023?s=96&d=mm&r=g","contentUrl":"https:\/\/secure.gravatar.com\/avatar\/af8f2caf0663124588de48a9380e07cbc95a74ef15b8062d0d39106c32fe3023?s=96&d=mm&r=g","caption":"admin"},"sameAs":["https:\/\/lavocedelpaese.info"],"url":"https:\/\/lavocedelpaese.info\/index.php\/author\/admin\/"}]}},"_links":{"self":[{"href":"https:\/\/lavocedelpaese.info\/index.php\/wp-json\/wp\/v2\/posts\/9387","targetHints":{"allow":["GET"]}}],"collection":[{"href":"https:\/\/lavocedelpaese.info\/index.php\/wp-json\/wp\/v2\/posts"}],"about":[{"href":"https:\/\/lavocedelpaese.info\/index.php\/wp-json\/wp\/v2\/types\/post"}],"author":[{"embeddable":true,"href":"https:\/\/lavocedelpaese.info\/index.php\/wp-json\/wp\/v2\/users\/6"}],"replies":[{"embeddable":true,"href":"https:\/\/lavocedelpaese.info\/index.php\/wp-json\/wp\/v2\/comments?post=9387"}],"version-history":[{"count":0,"href":"https:\/\/lavocedelpaese.info\/index.php\/wp-json\/wp\/v2\/posts\/9387\/revisions"}],"wp:featuredmedia":[{"embeddable":true,"href":"https:\/\/lavocedelpaese.info\/index.php\/wp-json\/wp\/v2\/media\/9388"}],"wp:attachment":[{"href":"https:\/\/lavocedelpaese.info\/index.php\/wp-json\/wp\/v2\/media?parent=9387"}],"wp:term":[{"taxonomy":"category","embeddable":true,"href":"https:\/\/lavocedelpaese.info\/index.php\/wp-json\/wp\/v2\/categories?post=9387"},{"taxonomy":"post_tag","embeddable":true,"href":"https:\/\/lavocedelpaese.info\/index.php\/wp-json\/wp\/v2\/tags?post=9387"}],"curies":[{"name":"wp","href":"https:\/\/api.w.org\/{rel}","templated":true}]}}