{"id":9385,"date":"2025-05-22T07:14:56","date_gmt":"2025-05-22T07:14:56","guid":{"rendered":"https:\/\/lavocedelpaese.info\/index.php\/2025\/05\/22\/apulia-film-commission-il-comunicatore-del-comune-impone-la-censura\/"},"modified":"2025-05-22T07:14:56","modified_gmt":"2025-05-22T07:14:56","slug":"apulia-film-commission-il-comunicatore-del-comune-impone-la-censura","status":"publish","type":"post","link":"https:\/\/lavocedelpaese.info\/index.php\/2025\/05\/22\/apulia-film-commission-il-comunicatore-del-comune-impone-la-censura\/","title":{"rendered":"Apulia Film Commission: il Comunicatore del Comune impone la censura\u00a0\u200b"},"content":{"rendered":"<p>\u00a0<\/p>\n<p>\u200b\u00a0<\/p>\n<p>\u200b\u00a0<\/p>\n<p>C\u2019\u00e8 chi ancora crede che i giornali \u2013 quelli cartacei e quelli on-line \u2013 siano una specie di \u201ccassetta delle lettere\u201d a cui si spedisce una missiva e quelli devono pubblicarla, <em>sic et simpliciter.<\/em><\/p>\n<p>Se a pensarlo sono comuni cittadini, poco male; ma se \u00e8 l\u2019addetto alla comunicazione istituzionale del Comune di Cassano, il fatto \u00e8 grave.<\/p>\n<p>Accade cos\u00ec che l\u2019addetto, dopo aver letto l\u2019articolo relativo alla presentazione di una interpellanza della minoranza consiliare \u201cCassano Avanti\u201d al Sindaco Davide Del Re sul finanziamento del Comune di Cassano, in qualit\u00e0 di socio, alla Fondazione Apulia Film Commission (lo potete <strong><a href=\"https:\/\/cassano.lavocedelpaese.info\/apulia-film-commission-la-minoranza-comunale-interpella-il-sindaco\/\">leggere qui)<\/a><\/strong>, si inalbera e chiede una rettifica, con tanto di email dai toni ineducati e perentori.<\/p>\n<p>Abbiamo scritto \u201crettifica\u201d?<\/p>\n<p>S\u00ec, ma tale non \u00e8 perch\u00e9 l\u2019addetto si spinge addirittura a scrivere (testualmente): \u201c<em>Si chiede che tale frase venga\u00a0rimossa (\u2026)\u201d.<\/em><\/p>\n<p>Capito?<\/p>\n<p>Un addetto alla comunicazione chiede la rimozione di una frase contenuta in un articolo, manco fossimo sotto i regimi di ben altra matrice ideologica rispetto al Nostro (ma forse no, per chi lo conosce bene) che imponevano alla stampa cosa scrivere e cosa non scrivere.<\/p>\n<p>Addirittura l\u2019addetto, forse non avendo letto la firma del sottoscritto in calce all\u2019articolo, vorrebbe \u2013 in alternativa alla censura di cui sopra \u2013 che la frase venisse <em>\u201crettificata con l\u2019indicazione che si tratta di un\u2019opinione dell\u2019autore e non di un fatto\u201d<\/em> come dire che il lettore \u00e8 un imbecille e dunque non sa o non capisce che il pezzo giornalistico riportando la firma \u00e8 anche frutto di opinioni e non solo di fatti acclarati e conclamati.<\/p>\n<p>\u201cContestualmente si rilevano dati imprecisi e fuorvianti sulle attivit\u00e0 svolte \u2013 prosegue la nota \u2013 poich\u00e9 nell\u2019articolo la frase\u00a0<em>\u201ccome quota di adesione a fronte di poco e niente (finora un paio di film trasmessi a Cassano e nulla pi\u00f9)\u201d<\/em>\u00a0\u00e8 non veritierarispetto all\u2019impegno e ai risultati raggiunti dal Comune di Cassano delle Murge. Si precisa infatti che nella sola estate 2024 grazie alla collaborazione tra il Comune di Cassano delle Murge e l\u2019Apulia Film Commission \u00e8 stata realizzata una rassegna cinematografica gratuita che ha previsto la proiezione dei film: <em>I fratelli De Filippo<\/em>\u00a0di Sergio Rubini, <em>Palazzina Laf<\/em>\u00a0di Michele Riondino, <em>Pino<\/em>\u00a0di Walter Fasano. Tutti i film sono stati accompagnati da\u00a0dibattiti pubblici\u00a0a cui hanno preso parte anche i registi o rappresentanti delle produzioni\u201d.<\/p>\n<p>I \u201cdati imprecisi e fuorvianti\u201d sarebbero l\u2019aver scritto che in due anni di socio, il Comune di Cassano \u00e8 stato \u201cbeneficiato\u201d di un paio di film da Apulia Film Commission; prendiamo atto che i film sono stati 3 e non 2!<\/p>\n<p>Non \u00e8 la prima volta che subiamo \u2013 personalmente e come giornale \u2013 questo tipo di intimidazioni da parte di chi, invece, dovrebbe comunicare, collaborare e sostenere la stampa e i giornali, anche se magari la pensano in maniera difforme o non omologata rispetto al loro pensiero: abbiamo avuto pazienza e comprensione per una persona che non \u00e8 un giornalista, che si fregia del titolo di \u201caddetto alla comunicazione\u201d (ma nella vita fa altro) e dunque possiamo comprenderne le lacune anche se \u2013 facendo \u201cmea culpa\u201d \u2013 si \u00e8 provato, <em>illo tempore <\/em>a spiegare la differenza tra comunicazione e giornalismo ma evidentemente chi scrive queste note \u00e8 stato un cattivo insegnante e l\u2019allievo\u2026non ha capito niente.<\/p>\n<p>Comprendiamo anche lo sforzo di giustificare lauti compensi che il Comune \u2013 ovvero noi cittadini, con le nostre tasse \u2013 riconosce all\u2019addetto (per la comunicazione ma anche per altro, molto altro\u2026) ma scambiare una richiesta di rettifica con la imposizione di pubblicare <em>sic et simpliciter <\/em>una nota, \u00e8 \u2013 lo ripetiamo \u2013 davvero grave.<\/p>\n<p>E sono solo le ultime chicche, quelle qui descritte, visto che il Nostro \u00e8 velocissimo nel chiedere a questo giornale di correggere e rettificare, molto meno veloce nell\u2019inviare i Comunicati che il Comune (cio\u00e8 lui) produce ad ogni pi\u00e8 sospinto.<\/p>\n<p>\u201cPrendeteli dalla pagina Fb del Comune\u201d, ci dissero una volta un paio di Consiglieri di maggioranza che ci chiedevano spiegazioni sul perch\u00e9 non pubblicavamo le news comunali, una volta spiegato che l\u2019addetto non le inviava, se non sporadicamente ed a piacer suo.<\/p>\n<p>Anche qui: un giornale come una cassetta delle lettere, un tram che si deve limitare a prendere i comunicati (senza neppure averli ricevuti) e pubblicarli. A chi oppure a cosa serve questa cosa \u00e8 ancora da chiarire ma \u00e8 ovvio che il fine ultimo \u00e8 silenziare, appiattire, non disturbare il o i manovratori.<\/p>\n<p>Finora abbiamo tollerato, confidando sulla inesperienza dell\u2019addetto cos\u00ec come abbiamo \u201cdigerito\u201d gli esposti che lo stesso ha prodotto in serie all\u2019Ordine dei Giornalisti della Puglia, tutti ovviamente archiviati perch\u00e9 immotivati e senza fondamento.<\/p>\n<p>Questa volta, per\u00f2, \u00e8 giusto che i lettori sappiano e traggano le proprie conclusioni.<\/p>\n<p>Ora ci aspettiamo, in sequenza:<\/p>\n<ol class=\"wp-block-list\">\n<li>Il dileggio e le offese sui social;<\/li>\n<li>Il ricordo della parentela di chi scrive con il senatore e dunque queste parole non hanno valore;<\/li>\n<li>Il mancato saluto di comare e comari dell\u2019entourage;<\/li>\n<li>le minacce di querela;<\/li>\n<li>l\u2019esposto all\u2019OdG;<\/li>\n<li>l querela (e speriamo che in Comune non si facciano intortare nel nominare un avvocato pagato dalla Pubblica amministrazione per difendere l\u2019addetto\u2026);<\/li>\n<li>La solidariet\u00e0 di tanti componenti di Radio Municipio: \u201cc\u2019abbiamo famiglia, non possiamo metterci contro quest\u2019individuo\u201d<\/li>\n<li>Ecc. ecc..<\/li>\n<\/ol>\n<p>Tutto gi\u00e0 visto. Perch\u00e8 \u00e8 bene che tutto cambi, per non cambiare nulla.<\/p>\n<p><a class=\"a2a_button_facebook\" href=\"https:\/\/www.addtoany.com\/add_to\/facebook?linkurl=https%3A%2F%2Fcassano.lavocedelpaese.info%2Fapulia-film-commission-il-comunicatore-del-comune-impone-la-censura%2F&amp;linkname=Apulia%20Film%20Commission%3A%20il%20Comunicatore%20del%20Comune%20impone%20la%20censura\" title=\"Facebook\" rel=\"nofollow noopener\" target=\"_blank\"><\/a><a class=\"a2a_button_twitter\" href=\"https:\/\/www.addtoany.com\/add_to\/twitter?linkurl=https%3A%2F%2Fcassano.lavocedelpaese.info%2Fapulia-film-commission-il-comunicatore-del-comune-impone-la-censura%2F&amp;linkname=Apulia%20Film%20Commission%3A%20il%20Comunicatore%20del%20Comune%20impone%20la%20censura\" title=\"Twitter\" rel=\"nofollow noopener\" target=\"_blank\"><\/a><a class=\"a2a_button_whatsapp\" href=\"https:\/\/www.addtoany.com\/add_to\/whatsapp?linkurl=https%3A%2F%2Fcassano.lavocedelpaese.info%2Fapulia-film-commission-il-comunicatore-del-comune-impone-la-censura%2F&amp;linkname=Apulia%20Film%20Commission%3A%20il%20Comunicatore%20del%20Comune%20impone%20la%20censura\" title=\"WhatsApp\" rel=\"nofollow noopener\" target=\"_blank\"><\/a><a class=\"a2a_button_telegram\" href=\"https:\/\/www.addtoany.com\/add_to\/telegram?linkurl=https%3A%2F%2Fcassano.lavocedelpaese.info%2Fapulia-film-commission-il-comunicatore-del-comune-impone-la-censura%2F&amp;linkname=Apulia%20Film%20Commission%3A%20il%20Comunicatore%20del%20Comune%20impone%20la%20censura\" title=\"Telegram\" rel=\"nofollow noopener\" target=\"_blank\"><\/a><a class=\"a2a_button_email\" href=\"https:\/\/www.addtoany.com\/add_to\/email?linkurl=https%3A%2F%2Fcassano.lavocedelpaese.info%2Fapulia-film-commission-il-comunicatore-del-comune-impone-la-censura%2F&amp;linkname=Apulia%20Film%20Commission%3A%20il%20Comunicatore%20del%20Comune%20impone%20la%20censura\" title=\"Email\" rel=\"nofollow noopener\" target=\"_blank\"><\/a><\/p>\n<p>\u00a0<\/p>\n<p>\u00a0<\/p>\n<p>\u200b\u00a0\u00a0\u00a0<\/p>","protected":false},"excerpt":{"rendered":"<p>\u00a0 \u200b\u00a0 \u200b\u00a0 C\u2019\u00e8 chi ancora crede che i giornali \u2013 quelli cartacei e quelli on-line \u2013 siano una specie<\/p>\n","protected":false},"author":6,"featured_media":730,"comment_status":"open","ping_status":"closed","sticky":false,"template":"","format":"standard","meta":{"colormag_page_container_layout":"default_layout","colormag_page_sidebar_layout":"default_layout","footnotes":""},"categories":[33],"tags":[],"class_list":["post-9385","post","type-post","status-publish","format-standard","has-post-thumbnail","hentry","category-network"],"yoast_head":"<!-- This site is optimized with the Yoast SEO plugin v27.5 - https:\/\/yoast.com\/product\/yoast-seo-wordpress\/ -->\n<title>Apulia Film Commission: il Comunicatore del Comune impone la censura\u00a0\u200b - La Voce del Paese<\/title>\n<meta name=\"robots\" content=\"index, follow, max-snippet:-1, max-image-preview:large, max-video-preview:-1\" \/>\n<link rel=\"canonical\" href=\"https:\/\/lavocedelpaese.info\/index.php\/2025\/05\/22\/apulia-film-commission-il-comunicatore-del-comune-impone-la-censura\/\" \/>\n<meta property=\"og:locale\" content=\"it_IT\" \/>\n<meta property=\"og:type\" content=\"article\" \/>\n<meta property=\"og:title\" content=\"Apulia Film Commission: il Comunicatore del Comune impone la censura\u00a0\u200b - La Voce del Paese\" \/>\n<meta property=\"og:description\" content=\"\u00a0 \u200b\u00a0 \u200b\u00a0 C\u2019\u00e8 chi ancora crede che i giornali \u2013 quelli cartacei e quelli on-line \u2013 siano una specie\" \/>\n<meta property=\"og:url\" content=\"https:\/\/lavocedelpaese.info\/index.php\/2025\/05\/22\/apulia-film-commission-il-comunicatore-del-comune-impone-la-censura\/\" \/>\n<meta property=\"og:site_name\" content=\"La Voce del Paese\" \/>\n<meta property=\"article:publisher\" content=\"https:\/\/www.facebook.com\/lavocedelpaese.info\" \/>\n<meta property=\"article:published_time\" content=\"2025-05-22T07:14:56+00:00\" \/>\n<meta name=\"author\" content=\"admin\" \/>\n<meta name=\"twitter:card\" content=\"summary_large_image\" \/>\n<meta name=\"twitter:label1\" content=\"Scritto da\" \/>\n\t<meta name=\"twitter:data1\" content=\"admin\" \/>\n\t<meta name=\"twitter:label2\" content=\"Tempo di lettura stimato\" \/>\n\t<meta name=\"twitter:data2\" content=\"4 minuti\" \/>\n<script type=\"application\/ld+json\" class=\"yoast-schema-graph\">{\"@context\":\"https:\\\/\\\/schema.org\",\"@graph\":[{\"@type\":\"Article\",\"@id\":\"https:\\\/\\\/lavocedelpaese.info\\\/index.php\\\/2025\\\/05\\\/22\\\/apulia-film-commission-il-comunicatore-del-comune-impone-la-censura\\\/#article\",\"isPartOf\":{\"@id\":\"https:\\\/\\\/lavocedelpaese.info\\\/index.php\\\/2025\\\/05\\\/22\\\/apulia-film-commission-il-comunicatore-del-comune-impone-la-censura\\\/\"},\"author\":{\"name\":\"admin\",\"@id\":\"https:\\\/\\\/lavocedelpaese.info\\\/#\\\/schema\\\/person\\\/ec151d321306bd7591f7a061abf72d88\"},\"headline\":\"Apulia Film Commission: il Comunicatore del Comune impone la censura\u00a0\u200b\",\"datePublished\":\"2025-05-22T07:14:56+00:00\",\"mainEntityOfPage\":{\"@id\":\"https:\\\/\\\/lavocedelpaese.info\\\/index.php\\\/2025\\\/05\\\/22\\\/apulia-film-commission-il-comunicatore-del-comune-impone-la-censura\\\/\"},\"wordCount\":875,\"commentCount\":0,\"publisher\":{\"@id\":\"https:\\\/\\\/lavocedelpaese.info\\\/#organization\"},\"image\":{\"@id\":\"https:\\\/\\\/lavocedelpaese.info\\\/index.php\\\/2025\\\/05\\\/22\\\/apulia-film-commission-il-comunicatore-del-comune-impone-la-censura\\\/#primaryimage\"},\"thumbnailUrl\":\"https:\\\/\\\/lavocedelpaese.info\\\/wp-content\\\/uploads\\\/2023\\\/01\\\/logo-150-127.png\",\"articleSection\":[\"network\"],\"inLanguage\":\"it-IT\",\"potentialAction\":[{\"@type\":\"CommentAction\",\"name\":\"Comment\",\"target\":[\"https:\\\/\\\/lavocedelpaese.info\\\/index.php\\\/2025\\\/05\\\/22\\\/apulia-film-commission-il-comunicatore-del-comune-impone-la-censura\\\/#respond\"]}]},{\"@type\":\"WebPage\",\"@id\":\"https:\\\/\\\/lavocedelpaese.info\\\/index.php\\\/2025\\\/05\\\/22\\\/apulia-film-commission-il-comunicatore-del-comune-impone-la-censura\\\/\",\"url\":\"https:\\\/\\\/lavocedelpaese.info\\\/index.php\\\/2025\\\/05\\\/22\\\/apulia-film-commission-il-comunicatore-del-comune-impone-la-censura\\\/\",\"name\":\"Apulia Film Commission: il Comunicatore del Comune impone la censura\u00a0\u200b - La Voce del Paese\",\"isPartOf\":{\"@id\":\"https:\\\/\\\/lavocedelpaese.info\\\/#website\"},\"primaryImageOfPage\":{\"@id\":\"https:\\\/\\\/lavocedelpaese.info\\\/index.php\\\/2025\\\/05\\\/22\\\/apulia-film-commission-il-comunicatore-del-comune-impone-la-censura\\\/#primaryimage\"},\"image\":{\"@id\":\"https:\\\/\\\/lavocedelpaese.info\\\/index.php\\\/2025\\\/05\\\/22\\\/apulia-film-commission-il-comunicatore-del-comune-impone-la-censura\\\/#primaryimage\"},\"thumbnailUrl\":\"https:\\\/\\\/lavocedelpaese.info\\\/wp-content\\\/uploads\\\/2023\\\/01\\\/logo-150-127.png\",\"datePublished\":\"2025-05-22T07:14:56+00:00\",\"breadcrumb\":{\"@id\":\"https:\\\/\\\/lavocedelpaese.info\\\/index.php\\\/2025\\\/05\\\/22\\\/apulia-film-commission-il-comunicatore-del-comune-impone-la-censura\\\/#breadcrumb\"},\"inLanguage\":\"it-IT\",\"potentialAction\":[{\"@type\":\"ReadAction\",\"target\":[\"https:\\\/\\\/lavocedelpaese.info\\\/index.php\\\/2025\\\/05\\\/22\\\/apulia-film-commission-il-comunicatore-del-comune-impone-la-censura\\\/\"]}]},{\"@type\":\"ImageObject\",\"inLanguage\":\"it-IT\",\"@id\":\"https:\\\/\\\/lavocedelpaese.info\\\/index.php\\\/2025\\\/05\\\/22\\\/apulia-film-commission-il-comunicatore-del-comune-impone-la-censura\\\/#primaryimage\",\"url\":\"https:\\\/\\\/lavocedelpaese.info\\\/wp-content\\\/uploads\\\/2023\\\/01\\\/logo-150-127.png\",\"contentUrl\":\"https:\\\/\\\/lavocedelpaese.info\\\/wp-content\\\/uploads\\\/2023\\\/01\\\/logo-150-127.png\",\"width\":150,\"height\":127},{\"@type\":\"BreadcrumbList\",\"@id\":\"https:\\\/\\\/lavocedelpaese.info\\\/index.php\\\/2025\\\/05\\\/22\\\/apulia-film-commission-il-comunicatore-del-comune-impone-la-censura\\\/#breadcrumb\",\"itemListElement\":[{\"@type\":\"ListItem\",\"position\":1,\"name\":\"Home\",\"item\":\"https:\\\/\\\/lavocedelpaese.info\\\/\"},{\"@type\":\"ListItem\",\"position\":2,\"name\":\"Apulia Film Commission: il Comunicatore del Comune impone la censura\u00a0\u200b\"}]},{\"@type\":\"WebSite\",\"@id\":\"https:\\\/\\\/lavocedelpaese.info\\\/#website\",\"url\":\"https:\\\/\\\/lavocedelpaese.info\\\/\",\"name\":\"La Voce del Paese\",\"description\":\"Un network di idee\",\"publisher\":{\"@id\":\"https:\\\/\\\/lavocedelpaese.info\\\/#organization\"},\"potentialAction\":[{\"@type\":\"SearchAction\",\"target\":{\"@type\":\"EntryPoint\",\"urlTemplate\":\"https:\\\/\\\/lavocedelpaese.info\\\/?s={search_term_string}\"},\"query-input\":{\"@type\":\"PropertyValueSpecification\",\"valueRequired\":true,\"valueName\":\"search_term_string\"}}],\"inLanguage\":\"it-IT\"},{\"@type\":\"Organization\",\"@id\":\"https:\\\/\\\/lavocedelpaese.info\\\/#organization\",\"name\":\"La Voce del Paese\",\"url\":\"https:\\\/\\\/lavocedelpaese.info\\\/\",\"logo\":{\"@type\":\"ImageObject\",\"inLanguage\":\"it-IT\",\"@id\":\"https:\\\/\\\/lavocedelpaese.info\\\/#\\\/schema\\\/logo\\\/image\\\/\",\"url\":\"https:\\\/\\\/lavocedelpaese.info\\\/wp-content\\\/uploads\\\/2023\\\/01\\\/cropped-logo-150-127.png\",\"contentUrl\":\"https:\\\/\\\/lavocedelpaese.info\\\/wp-content\\\/uploads\\\/2023\\\/01\\\/cropped-logo-150-127.png\",\"width\":137,\"height\":119,\"caption\":\"La Voce del Paese\"},\"image\":{\"@id\":\"https:\\\/\\\/lavocedelpaese.info\\\/#\\\/schema\\\/logo\\\/image\\\/\"},\"sameAs\":[\"https:\\\/\\\/www.facebook.com\\\/lavocedelpaese.info\"]},{\"@type\":\"Person\",\"@id\":\"https:\\\/\\\/lavocedelpaese.info\\\/#\\\/schema\\\/person\\\/ec151d321306bd7591f7a061abf72d88\",\"name\":\"admin\",\"image\":{\"@type\":\"ImageObject\",\"inLanguage\":\"it-IT\",\"@id\":\"https:\\\/\\\/secure.gravatar.com\\\/avatar\\\/af8f2caf0663124588de48a9380e07cbc95a74ef15b8062d0d39106c32fe3023?s=96&d=mm&r=g\",\"url\":\"https:\\\/\\\/secure.gravatar.com\\\/avatar\\\/af8f2caf0663124588de48a9380e07cbc95a74ef15b8062d0d39106c32fe3023?s=96&d=mm&r=g\",\"contentUrl\":\"https:\\\/\\\/secure.gravatar.com\\\/avatar\\\/af8f2caf0663124588de48a9380e07cbc95a74ef15b8062d0d39106c32fe3023?s=96&d=mm&r=g\",\"caption\":\"admin\"},\"sameAs\":[\"https:\\\/\\\/lavocedelpaese.info\"],\"url\":\"https:\\\/\\\/lavocedelpaese.info\\\/index.php\\\/author\\\/admin\\\/\"}]}<\/script>\n<!-- \/ Yoast SEO plugin. -->","yoast_head_json":{"title":"Apulia Film Commission: il Comunicatore del Comune impone la censura\u00a0\u200b - La Voce del Paese","robots":{"index":"index","follow":"follow","max-snippet":"max-snippet:-1","max-image-preview":"max-image-preview:large","max-video-preview":"max-video-preview:-1"},"canonical":"https:\/\/lavocedelpaese.info\/index.php\/2025\/05\/22\/apulia-film-commission-il-comunicatore-del-comune-impone-la-censura\/","og_locale":"it_IT","og_type":"article","og_title":"Apulia Film Commission: il Comunicatore del Comune impone la censura\u00a0\u200b - La Voce del Paese","og_description":"\u00a0 \u200b\u00a0 \u200b\u00a0 C\u2019\u00e8 chi ancora crede che i giornali \u2013 quelli cartacei e quelli on-line \u2013 siano una specie","og_url":"https:\/\/lavocedelpaese.info\/index.php\/2025\/05\/22\/apulia-film-commission-il-comunicatore-del-comune-impone-la-censura\/","og_site_name":"La Voce del Paese","article_publisher":"https:\/\/www.facebook.com\/lavocedelpaese.info","article_published_time":"2025-05-22T07:14:56+00:00","author":"admin","twitter_card":"summary_large_image","twitter_misc":{"Scritto da":"admin","Tempo di lettura stimato":"4 minuti"},"schema":{"@context":"https:\/\/schema.org","@graph":[{"@type":"Article","@id":"https:\/\/lavocedelpaese.info\/index.php\/2025\/05\/22\/apulia-film-commission-il-comunicatore-del-comune-impone-la-censura\/#article","isPartOf":{"@id":"https:\/\/lavocedelpaese.info\/index.php\/2025\/05\/22\/apulia-film-commission-il-comunicatore-del-comune-impone-la-censura\/"},"author":{"name":"admin","@id":"https:\/\/lavocedelpaese.info\/#\/schema\/person\/ec151d321306bd7591f7a061abf72d88"},"headline":"Apulia Film Commission: il Comunicatore del Comune impone la censura\u00a0\u200b","datePublished":"2025-05-22T07:14:56+00:00","mainEntityOfPage":{"@id":"https:\/\/lavocedelpaese.info\/index.php\/2025\/05\/22\/apulia-film-commission-il-comunicatore-del-comune-impone-la-censura\/"},"wordCount":875,"commentCount":0,"publisher":{"@id":"https:\/\/lavocedelpaese.info\/#organization"},"image":{"@id":"https:\/\/lavocedelpaese.info\/index.php\/2025\/05\/22\/apulia-film-commission-il-comunicatore-del-comune-impone-la-censura\/#primaryimage"},"thumbnailUrl":"https:\/\/lavocedelpaese.info\/wp-content\/uploads\/2023\/01\/logo-150-127.png","articleSection":["network"],"inLanguage":"it-IT","potentialAction":[{"@type":"CommentAction","name":"Comment","target":["https:\/\/lavocedelpaese.info\/index.php\/2025\/05\/22\/apulia-film-commission-il-comunicatore-del-comune-impone-la-censura\/#respond"]}]},{"@type":"WebPage","@id":"https:\/\/lavocedelpaese.info\/index.php\/2025\/05\/22\/apulia-film-commission-il-comunicatore-del-comune-impone-la-censura\/","url":"https:\/\/lavocedelpaese.info\/index.php\/2025\/05\/22\/apulia-film-commission-il-comunicatore-del-comune-impone-la-censura\/","name":"Apulia Film Commission: il Comunicatore del Comune impone la censura\u00a0\u200b - La Voce del Paese","isPartOf":{"@id":"https:\/\/lavocedelpaese.info\/#website"},"primaryImageOfPage":{"@id":"https:\/\/lavocedelpaese.info\/index.php\/2025\/05\/22\/apulia-film-commission-il-comunicatore-del-comune-impone-la-censura\/#primaryimage"},"image":{"@id":"https:\/\/lavocedelpaese.info\/index.php\/2025\/05\/22\/apulia-film-commission-il-comunicatore-del-comune-impone-la-censura\/#primaryimage"},"thumbnailUrl":"https:\/\/lavocedelpaese.info\/wp-content\/uploads\/2023\/01\/logo-150-127.png","datePublished":"2025-05-22T07:14:56+00:00","breadcrumb":{"@id":"https:\/\/lavocedelpaese.info\/index.php\/2025\/05\/22\/apulia-film-commission-il-comunicatore-del-comune-impone-la-censura\/#breadcrumb"},"inLanguage":"it-IT","potentialAction":[{"@type":"ReadAction","target":["https:\/\/lavocedelpaese.info\/index.php\/2025\/05\/22\/apulia-film-commission-il-comunicatore-del-comune-impone-la-censura\/"]}]},{"@type":"ImageObject","inLanguage":"it-IT","@id":"https:\/\/lavocedelpaese.info\/index.php\/2025\/05\/22\/apulia-film-commission-il-comunicatore-del-comune-impone-la-censura\/#primaryimage","url":"https:\/\/lavocedelpaese.info\/wp-content\/uploads\/2023\/01\/logo-150-127.png","contentUrl":"https:\/\/lavocedelpaese.info\/wp-content\/uploads\/2023\/01\/logo-150-127.png","width":150,"height":127},{"@type":"BreadcrumbList","@id":"https:\/\/lavocedelpaese.info\/index.php\/2025\/05\/22\/apulia-film-commission-il-comunicatore-del-comune-impone-la-censura\/#breadcrumb","itemListElement":[{"@type":"ListItem","position":1,"name":"Home","item":"https:\/\/lavocedelpaese.info\/"},{"@type":"ListItem","position":2,"name":"Apulia Film Commission: il Comunicatore del Comune impone la censura\u00a0\u200b"}]},{"@type":"WebSite","@id":"https:\/\/lavocedelpaese.info\/#website","url":"https:\/\/lavocedelpaese.info\/","name":"La Voce del Paese","description":"Un network di idee","publisher":{"@id":"https:\/\/lavocedelpaese.info\/#organization"},"potentialAction":[{"@type":"SearchAction","target":{"@type":"EntryPoint","urlTemplate":"https:\/\/lavocedelpaese.info\/?s={search_term_string}"},"query-input":{"@type":"PropertyValueSpecification","valueRequired":true,"valueName":"search_term_string"}}],"inLanguage":"it-IT"},{"@type":"Organization","@id":"https:\/\/lavocedelpaese.info\/#organization","name":"La Voce del Paese","url":"https:\/\/lavocedelpaese.info\/","logo":{"@type":"ImageObject","inLanguage":"it-IT","@id":"https:\/\/lavocedelpaese.info\/#\/schema\/logo\/image\/","url":"https:\/\/lavocedelpaese.info\/wp-content\/uploads\/2023\/01\/cropped-logo-150-127.png","contentUrl":"https:\/\/lavocedelpaese.info\/wp-content\/uploads\/2023\/01\/cropped-logo-150-127.png","width":137,"height":119,"caption":"La Voce del Paese"},"image":{"@id":"https:\/\/lavocedelpaese.info\/#\/schema\/logo\/image\/"},"sameAs":["https:\/\/www.facebook.com\/lavocedelpaese.info"]},{"@type":"Person","@id":"https:\/\/lavocedelpaese.info\/#\/schema\/person\/ec151d321306bd7591f7a061abf72d88","name":"admin","image":{"@type":"ImageObject","inLanguage":"it-IT","@id":"https:\/\/secure.gravatar.com\/avatar\/af8f2caf0663124588de48a9380e07cbc95a74ef15b8062d0d39106c32fe3023?s=96&d=mm&r=g","url":"https:\/\/secure.gravatar.com\/avatar\/af8f2caf0663124588de48a9380e07cbc95a74ef15b8062d0d39106c32fe3023?s=96&d=mm&r=g","contentUrl":"https:\/\/secure.gravatar.com\/avatar\/af8f2caf0663124588de48a9380e07cbc95a74ef15b8062d0d39106c32fe3023?s=96&d=mm&r=g","caption":"admin"},"sameAs":["https:\/\/lavocedelpaese.info"],"url":"https:\/\/lavocedelpaese.info\/index.php\/author\/admin\/"}]}},"_links":{"self":[{"href":"https:\/\/lavocedelpaese.info\/index.php\/wp-json\/wp\/v2\/posts\/9385","targetHints":{"allow":["GET"]}}],"collection":[{"href":"https:\/\/lavocedelpaese.info\/index.php\/wp-json\/wp\/v2\/posts"}],"about":[{"href":"https:\/\/lavocedelpaese.info\/index.php\/wp-json\/wp\/v2\/types\/post"}],"author":[{"embeddable":true,"href":"https:\/\/lavocedelpaese.info\/index.php\/wp-json\/wp\/v2\/users\/6"}],"replies":[{"embeddable":true,"href":"https:\/\/lavocedelpaese.info\/index.php\/wp-json\/wp\/v2\/comments?post=9385"}],"version-history":[{"count":0,"href":"https:\/\/lavocedelpaese.info\/index.php\/wp-json\/wp\/v2\/posts\/9385\/revisions"}],"wp:featuredmedia":[{"embeddable":true,"href":"https:\/\/lavocedelpaese.info\/index.php\/wp-json\/wp\/v2\/media\/730"}],"wp:attachment":[{"href":"https:\/\/lavocedelpaese.info\/index.php\/wp-json\/wp\/v2\/media?parent=9385"}],"wp:term":[{"taxonomy":"category","embeddable":true,"href":"https:\/\/lavocedelpaese.info\/index.php\/wp-json\/wp\/v2\/categories?post=9385"},{"taxonomy":"post_tag","embeddable":true,"href":"https:\/\/lavocedelpaese.info\/index.php\/wp-json\/wp\/v2\/tags?post=9385"}],"curies":[{"name":"wp","href":"https:\/\/api.w.org\/{rel}","templated":true}]}}