{"id":9375,"date":"2025-05-20T06:16:39","date_gmt":"2025-05-20T06:16:39","guid":{"rendered":"https:\/\/lavocedelpaese.info\/index.php\/2025\/05\/20\/asl-e-caritas-diocesana-bari-bitonto-firmano-a-bari-un-patto-per-lintegrazione\/"},"modified":"2025-05-20T06:16:39","modified_gmt":"2025-05-20T06:16:39","slug":"asl-e-caritas-diocesana-bari-bitonto-firmano-a-bari-un-patto-per-lintegrazione","status":"publish","type":"post","link":"https:\/\/lavocedelpaese.info\/index.php\/2025\/05\/20\/asl-e-caritas-diocesana-bari-bitonto-firmano-a-bari-un-patto-per-lintegrazione\/","title":{"rendered":"ASL e Caritas Diocesana Bari-Bitonto firmano a Bari un patto per l\u2019Integrazione\u00a0\u200b"},"content":{"rendered":"<p>\u00a0<\/p>\n<p>\u200b\u00a0<\/p>\n<p>\u200b\u00a0<\/p>\n<p>Un accordo concreto per costruire un sistema pi\u00f9 equo, capace di accogliere e prendersi cura delle persone pi\u00f9 fragili: questo il significato profondo del\u00a0<strong>Protocollo d\u2019Intesa\u00a0<\/strong>che il\u00a0<strong>Comune di Bari<\/strong>, l\u2019<strong>ASL Bari<\/strong>, la\u00a0<strong>Caritas Diocesana Bari-Bitonto\u00a0<\/strong>e la\u00a0<strong>Fondazione Caritas Bari-Bitonto ETS hanno firmato oggi 19 maggio 2025<\/strong>,\u00a0<strong>alle ore 10:00,\u00a0<\/strong>presso la\u00a0<strong>Curia Arcivescovile<\/strong>, in\u00a0<strong>Corso Alcide De Gasperi, 274 a Bari.<\/strong><\/p>\n<p>L\u2019intesa ha come obiettivo la creazione di percorsi condivisi e integrati di presa in carico per le persone senza dimora o in situazioni di grave marginalit\u00e0 sociale presenti sul territorio, con l\u2019intento di\u00a0<strong>facilitare l\u2019accesso ai servizi sanitari e socio-sanitari<\/strong>,\u00a0<strong>ridurre le disuguaglianze\u00a0<\/strong>e promuovere una visione della salute come diritto universale.<\/p>\n<p>\u00abQuesta intesa \u2013 ha dichiarato\u00a0<strong>Elisabetta Vaccarella<\/strong>, assessora alla Giustizia, al Benessere sociale e ai Diritti civili del Comune di Bari \u2013 nasce da una collaborazione interistituzionale cresciuta nel tempo e che ci ha visti uniti, ognuno secondo le proprie competenze, con l\u2019unico obiettivo di offrire un sostegno concreto e integrato alle persone senza dimora. Una sinergia che oggi diventa pi\u00f9 strutturata grazie alla sigla di questo protocollo, che individua modalit\u00e0 chiare di intervento sotto il profilo sociosanitario. In questi anni particolarmente complessi, in cui le povert\u00e0 continuano a crescere, sfuggendo spesso all\u2019attenzione di molti, abbiamo sperimentato diversi percorsi e servizi che consentissero alle persone senza dimora di riprendere in mano la propria vita, anche attraverso l\u2019avvio di servizi come l\u2019Emporio della Salute o il Polo sociosanitario di prossimit\u00e0. Ora \u2013 ha concluso Vaccarella \u2013 il nostro impegno in tale direzione si rafforza e si intensifica e per questo desidero ringraziare la Caritas diocesana Bari-Bitonto e la Asl Bari, interlocutori attenti e particolarmente sensibili alla questione\u00bb.<\/p>\n<p>La firma del protocollo, che avr\u00e0 una durata triennale, rappresenta il culmine di un processo di collaborazione gi\u00e0 attivo tra enti pubblici e Terzo Settore. La\u00a0<strong>Caritas Diocesana Bari-Bitonto<\/strong>, che da anni opera in prima linea nell\u2019accoglienza e nel sostegno alle persone senza fissa dimora o in situazione di grave marginalit\u00e0 sociale, metter\u00e0 a disposizione i propri pres\u00ecdi e operatori per attivit\u00e0 di ascolto, orientamento e accompagnamento ai servizi pubblici, anche in collaborazione con l\u2019ASL per la gestione di terapie complesse.<\/p>\n<p>\u00abLe sfide multidimensionali, che caratterizzano la condizione di grave marginalit\u00e0, quali la mancanza di dimora, i problemi di salute fisica e mentale, le dipendenze, l\u2019isolamento sociale e, non da ultimo, la difficolt\u00e0 nell\u2019accesso ai servizi sanitari fondamentali, hanno spinto Caritas e ASL ad unire le proprie competenze e risorse per offrire un sostegno pi\u00f9 efficace e personalizzato\u00bb ha sottolineato\u00a0<strong>don Lino Modesto<\/strong>, direttore della Caritas diocesana di Bari-<\/p>\n<p>Bitonto. \u00ab<strong>Dobbiamo assieme raggiungere l\u2019obiettivo di una maggiore eguaglianza nelle condizioni di salute, riducendo le discriminazioni e offrendo pari opportunit\u00e0 di cura a tutti. La sinergia tra enti pubblici e Terzo Settore\u00a0<\/strong>\u2013 ha auspicato don Modesto \u2013\u00a0<strong>pu\u00f2 essere un valore aggiunto nel rafforzamento della presa in carico dei soggetti pi\u00f9 vulnerabili del territorio\u00bb.<\/strong><\/p>\n<p>Durante la conferenza stampa sar\u00e0 presentato anche il nuovo sportello psico-sociosanitario\u00a0<strong>\u201cSicar Hub\u201d<\/strong>, gi\u00e0 operativo da marzo 2025 e attivo fino a dicembre. Promosso dalla Caritas Diocesana Bari-Bitonto in cogestione con\u00a0<strong>Fondazione Caritas Bari-Bitonto ETS\u00a0<\/strong>e\u00a0<strong>Associazione Micaela Onlus<\/strong>, lo sportello sar\u00e0 uno spazio di accoglienza e orientamento dedicato a chi si trova in situazioni di grave emarginazione, con l\u2019obiettivo di facilitare l\u2019accesso alle prestazioni sanitarie, agli screening, al supporto psicologico e alla rete dei servizi territoriali.<\/p>\n<p>\u00abLa Fondazione CARITAS BARI \u2013 BITONTO ETS \u2013 ha spiegato\u00a0<strong>don Giovanni Caporusso<\/strong>, presidente della Fondazione e Vicario Episcopale della Carit\u00e0 e per la Cura e le Povert\u00e0 del territorio della diocesi di Bari-Bitonto \u2013 opera da inizio 2025 per offrire risposte concrete ai bisogni presenti nel territorio, gestendo le iniziative sociali e caritative in ambito diocesano su indicazione della Caritas Diocesana Bari-Bitonto e in attuazione dei programmi pastorali, coniugando la professionalit\u00e0 degli operatori con la competenza e il servizio dei volontari. In particolar modo, gli operatori e le operatrici dello sportello psico \u2013 sociosanitario \u2018Sicar Hub\u2019 saranno impegnati nell\u2019orientare e accompagnare le persone ai servizi sociosanitari pubblici per una presa in carico del bisogno integrata\u00bb.<\/p>\n<p>La\u00a0<strong>ASL Bari<\/strong>, attraverso i Dipartimenti di Salute Mentale e di Dipendenze Patologiche, garantir\u00e0 una presenza attiva nel lavoro di rete e metter\u00e0 a disposizione il proprio personale per favorire la presa in carico dei soggetti pi\u00f9 fragili.<\/p>\n<p>\u00abCon questo protocollo \u2013 ha dichiarato\u00a0<strong>Luigi Fruscio<\/strong>, direttore generale ASL Bari \u2013 stabiliamo un contatto diretto con le persone pi\u00f9 fragili da un punto di vista sanitario ma anche sociale. Metteremo a disposizione della citt\u00e0 di Bari, il personale dei servizi territoriali, afferenti ai Dipartimenti di Dipendenze patologiche e Salute Mentale, e alla assistenza distrettuale, per prendere in carico quelle fasce di popolazione, compresi i senza fissa dimora, che hanno difficolt\u00e0 ad accedere alla assistenza sanitaria (primaria, specialistica, socio-sanitaria) e, con il supporto di Caritas e del Comune di Bari, li raggiungeremo pi\u00f9 facilmente, rispondendo a quella vocazione per il sociale che \u00e8 parte integrante del servizio sanitario nazionale, cos\u00ec come richiesto dal decreto ministeriale 77 del 2022\u00bb.<\/p>\n<p>Il progetto\u00a0<strong>Sicar Hub\u00a0<\/strong>si avvarr\u00e0 della collaborazione di partner strategici:\u00a0<strong>Croce Rossa Italiana \u2013 Comitato di Bari\u00a0<\/strong>per le visite specialistiche;\u00a0<strong>Dipartimento Malattie Infettive del Policlinico di Bari\u00a0<\/strong>per gli screening;\u00a0<strong>Emporio della Salute\u00a0<\/strong>per la distribuzione di farmaci da banco;\u00a0<strong>ASL Bari\u00a0<\/strong>per la composizione dell\u2019\u00e9quipe multidisciplinare.<\/p>\n<p><a class=\"a2a_button_facebook\" href=\"https:\/\/www.addtoany.com\/add_to\/facebook?linkurl=https%3A%2F%2Fcassano.lavocedelpaese.info%2Fasl-e-caritas-diocesana-bari-bitonto-firmano-a-bari-un-patto-per-lintegrazione%2F&amp;linkname=ASL%20e%20Caritas%20Diocesana%20Bari-Bitonto%20firmano%20a%20Bari%20un%20patto%20per%20l%E2%80%99Integrazione\" title=\"Facebook\" rel=\"nofollow noopener\" target=\"_blank\"><\/a><a class=\"a2a_button_twitter\" href=\"https:\/\/www.addtoany.com\/add_to\/twitter?linkurl=https%3A%2F%2Fcassano.lavocedelpaese.info%2Fasl-e-caritas-diocesana-bari-bitonto-firmano-a-bari-un-patto-per-lintegrazione%2F&amp;linkname=ASL%20e%20Caritas%20Diocesana%20Bari-Bitonto%20firmano%20a%20Bari%20un%20patto%20per%20l%E2%80%99Integrazione\" title=\"Twitter\" rel=\"nofollow noopener\" target=\"_blank\"><\/a><a class=\"a2a_button_whatsapp\" href=\"https:\/\/www.addtoany.com\/add_to\/whatsapp?linkurl=https%3A%2F%2Fcassano.lavocedelpaese.info%2Fasl-e-caritas-diocesana-bari-bitonto-firmano-a-bari-un-patto-per-lintegrazione%2F&amp;linkname=ASL%20e%20Caritas%20Diocesana%20Bari-Bitonto%20firmano%20a%20Bari%20un%20patto%20per%20l%E2%80%99Integrazione\" title=\"WhatsApp\" rel=\"nofollow noopener\" target=\"_blank\"><\/a><a class=\"a2a_button_telegram\" href=\"https:\/\/www.addtoany.com\/add_to\/telegram?linkurl=https%3A%2F%2Fcassano.lavocedelpaese.info%2Fasl-e-caritas-diocesana-bari-bitonto-firmano-a-bari-un-patto-per-lintegrazione%2F&amp;linkname=ASL%20e%20Caritas%20Diocesana%20Bari-Bitonto%20firmano%20a%20Bari%20un%20patto%20per%20l%E2%80%99Integrazione\" title=\"Telegram\" rel=\"nofollow noopener\" target=\"_blank\"><\/a><a class=\"a2a_button_email\" href=\"https:\/\/www.addtoany.com\/add_to\/email?linkurl=https%3A%2F%2Fcassano.lavocedelpaese.info%2Fasl-e-caritas-diocesana-bari-bitonto-firmano-a-bari-un-patto-per-lintegrazione%2F&amp;linkname=ASL%20e%20Caritas%20Diocesana%20Bari-Bitonto%20firmano%20a%20Bari%20un%20patto%20per%20l%E2%80%99Integrazione\" title=\"Email\" rel=\"nofollow noopener\" target=\"_blank\"><\/a><\/p>\n<p>\u00a0<\/p>\n<p>\u00a0<\/p>\n<p>\u200b\u00a0\u00a0\u00a0<\/p>","protected":false},"excerpt":{"rendered":"<p>\u00a0 \u200b\u00a0 \u200b\u00a0 Un accordo concreto per costruire un sistema pi\u00f9 equo, capace di accogliere e prendersi cura delle persone<\/p>\n","protected":false},"author":6,"featured_media":730,"comment_status":"open","ping_status":"closed","sticky":false,"template":"","format":"standard","meta":{"colormag_page_container_layout":"default_layout","colormag_page_sidebar_layout":"default_layout","footnotes":""},"categories":[33],"tags":[],"class_list":["post-9375","post","type-post","status-publish","format-standard","has-post-thumbnail","hentry","category-network"],"yoast_head":"<!-- This site is optimized with the Yoast SEO plugin v27.5 - https:\/\/yoast.com\/product\/yoast-seo-wordpress\/ -->\n<title>ASL e Caritas Diocesana Bari-Bitonto firmano a Bari un patto per l\u2019Integrazione\u00a0\u200b - La Voce del Paese<\/title>\n<meta name=\"robots\" content=\"index, follow, max-snippet:-1, max-image-preview:large, max-video-preview:-1\" \/>\n<link rel=\"canonical\" href=\"https:\/\/lavocedelpaese.info\/index.php\/2025\/05\/20\/asl-e-caritas-diocesana-bari-bitonto-firmano-a-bari-un-patto-per-lintegrazione\/\" \/>\n<meta property=\"og:locale\" content=\"it_IT\" \/>\n<meta property=\"og:type\" content=\"article\" \/>\n<meta property=\"og:title\" content=\"ASL e Caritas Diocesana Bari-Bitonto firmano a Bari un patto per l\u2019Integrazione\u00a0\u200b - La Voce del Paese\" \/>\n<meta property=\"og:description\" content=\"\u00a0 \u200b\u00a0 \u200b\u00a0 Un accordo concreto per costruire un sistema pi\u00f9 equo, capace di accogliere e prendersi cura delle persone\" \/>\n<meta property=\"og:url\" content=\"https:\/\/lavocedelpaese.info\/index.php\/2025\/05\/20\/asl-e-caritas-diocesana-bari-bitonto-firmano-a-bari-un-patto-per-lintegrazione\/\" \/>\n<meta property=\"og:site_name\" content=\"La Voce del Paese\" \/>\n<meta property=\"article:publisher\" content=\"https:\/\/www.facebook.com\/lavocedelpaese.info\" \/>\n<meta property=\"article:published_time\" content=\"2025-05-20T06:16:39+00:00\" \/>\n<meta name=\"author\" content=\"admin\" \/>\n<meta name=\"twitter:card\" content=\"summary_large_image\" \/>\n<meta name=\"twitter:label1\" content=\"Scritto da\" \/>\n\t<meta name=\"twitter:data1\" content=\"admin\" \/>\n\t<meta name=\"twitter:label2\" content=\"Tempo di lettura stimato\" \/>\n\t<meta name=\"twitter:data2\" content=\"4 minuti\" \/>\n<script type=\"application\/ld+json\" class=\"yoast-schema-graph\">{\"@context\":\"https:\\\/\\\/schema.org\",\"@graph\":[{\"@type\":\"Article\",\"@id\":\"https:\\\/\\\/lavocedelpaese.info\\\/index.php\\\/2025\\\/05\\\/20\\\/asl-e-caritas-diocesana-bari-bitonto-firmano-a-bari-un-patto-per-lintegrazione\\\/#article\",\"isPartOf\":{\"@id\":\"https:\\\/\\\/lavocedelpaese.info\\\/index.php\\\/2025\\\/05\\\/20\\\/asl-e-caritas-diocesana-bari-bitonto-firmano-a-bari-un-patto-per-lintegrazione\\\/\"},\"author\":{\"name\":\"admin\",\"@id\":\"https:\\\/\\\/lavocedelpaese.info\\\/#\\\/schema\\\/person\\\/ec151d321306bd7591f7a061abf72d88\"},\"headline\":\"ASL e Caritas Diocesana Bari-Bitonto firmano a Bari un patto per l\u2019Integrazione\u00a0\u200b\",\"datePublished\":\"2025-05-20T06:16:39+00:00\",\"mainEntityOfPage\":{\"@id\":\"https:\\\/\\\/lavocedelpaese.info\\\/index.php\\\/2025\\\/05\\\/20\\\/asl-e-caritas-diocesana-bari-bitonto-firmano-a-bari-un-patto-per-lintegrazione\\\/\"},\"wordCount\":895,\"commentCount\":0,\"publisher\":{\"@id\":\"https:\\\/\\\/lavocedelpaese.info\\\/#organization\"},\"image\":{\"@id\":\"https:\\\/\\\/lavocedelpaese.info\\\/index.php\\\/2025\\\/05\\\/20\\\/asl-e-caritas-diocesana-bari-bitonto-firmano-a-bari-un-patto-per-lintegrazione\\\/#primaryimage\"},\"thumbnailUrl\":\"https:\\\/\\\/lavocedelpaese.info\\\/wp-content\\\/uploads\\\/2023\\\/01\\\/logo-150-127.png\",\"articleSection\":[\"network\"],\"inLanguage\":\"it-IT\",\"potentialAction\":[{\"@type\":\"CommentAction\",\"name\":\"Comment\",\"target\":[\"https:\\\/\\\/lavocedelpaese.info\\\/index.php\\\/2025\\\/05\\\/20\\\/asl-e-caritas-diocesana-bari-bitonto-firmano-a-bari-un-patto-per-lintegrazione\\\/#respond\"]}]},{\"@type\":\"WebPage\",\"@id\":\"https:\\\/\\\/lavocedelpaese.info\\\/index.php\\\/2025\\\/05\\\/20\\\/asl-e-caritas-diocesana-bari-bitonto-firmano-a-bari-un-patto-per-lintegrazione\\\/\",\"url\":\"https:\\\/\\\/lavocedelpaese.info\\\/index.php\\\/2025\\\/05\\\/20\\\/asl-e-caritas-diocesana-bari-bitonto-firmano-a-bari-un-patto-per-lintegrazione\\\/\",\"name\":\"ASL e Caritas Diocesana Bari-Bitonto firmano a Bari un patto per l\u2019Integrazione\u00a0\u200b - La Voce del Paese\",\"isPartOf\":{\"@id\":\"https:\\\/\\\/lavocedelpaese.info\\\/#website\"},\"primaryImageOfPage\":{\"@id\":\"https:\\\/\\\/lavocedelpaese.info\\\/index.php\\\/2025\\\/05\\\/20\\\/asl-e-caritas-diocesana-bari-bitonto-firmano-a-bari-un-patto-per-lintegrazione\\\/#primaryimage\"},\"image\":{\"@id\":\"https:\\\/\\\/lavocedelpaese.info\\\/index.php\\\/2025\\\/05\\\/20\\\/asl-e-caritas-diocesana-bari-bitonto-firmano-a-bari-un-patto-per-lintegrazione\\\/#primaryimage\"},\"thumbnailUrl\":\"https:\\\/\\\/lavocedelpaese.info\\\/wp-content\\\/uploads\\\/2023\\\/01\\\/logo-150-127.png\",\"datePublished\":\"2025-05-20T06:16:39+00:00\",\"breadcrumb\":{\"@id\":\"https:\\\/\\\/lavocedelpaese.info\\\/index.php\\\/2025\\\/05\\\/20\\\/asl-e-caritas-diocesana-bari-bitonto-firmano-a-bari-un-patto-per-lintegrazione\\\/#breadcrumb\"},\"inLanguage\":\"it-IT\",\"potentialAction\":[{\"@type\":\"ReadAction\",\"target\":[\"https:\\\/\\\/lavocedelpaese.info\\\/index.php\\\/2025\\\/05\\\/20\\\/asl-e-caritas-diocesana-bari-bitonto-firmano-a-bari-un-patto-per-lintegrazione\\\/\"]}]},{\"@type\":\"ImageObject\",\"inLanguage\":\"it-IT\",\"@id\":\"https:\\\/\\\/lavocedelpaese.info\\\/index.php\\\/2025\\\/05\\\/20\\\/asl-e-caritas-diocesana-bari-bitonto-firmano-a-bari-un-patto-per-lintegrazione\\\/#primaryimage\",\"url\":\"https:\\\/\\\/lavocedelpaese.info\\\/wp-content\\\/uploads\\\/2023\\\/01\\\/logo-150-127.png\",\"contentUrl\":\"https:\\\/\\\/lavocedelpaese.info\\\/wp-content\\\/uploads\\\/2023\\\/01\\\/logo-150-127.png\",\"width\":150,\"height\":127},{\"@type\":\"BreadcrumbList\",\"@id\":\"https:\\\/\\\/lavocedelpaese.info\\\/index.php\\\/2025\\\/05\\\/20\\\/asl-e-caritas-diocesana-bari-bitonto-firmano-a-bari-un-patto-per-lintegrazione\\\/#breadcrumb\",\"itemListElement\":[{\"@type\":\"ListItem\",\"position\":1,\"name\":\"Home\",\"item\":\"https:\\\/\\\/lavocedelpaese.info\\\/\"},{\"@type\":\"ListItem\",\"position\":2,\"name\":\"ASL e Caritas Diocesana Bari-Bitonto firmano a Bari un patto per l\u2019Integrazione\u00a0\u200b\"}]},{\"@type\":\"WebSite\",\"@id\":\"https:\\\/\\\/lavocedelpaese.info\\\/#website\",\"url\":\"https:\\\/\\\/lavocedelpaese.info\\\/\",\"name\":\"La Voce del Paese\",\"description\":\"Un network di idee\",\"publisher\":{\"@id\":\"https:\\\/\\\/lavocedelpaese.info\\\/#organization\"},\"potentialAction\":[{\"@type\":\"SearchAction\",\"target\":{\"@type\":\"EntryPoint\",\"urlTemplate\":\"https:\\\/\\\/lavocedelpaese.info\\\/?s={search_term_string}\"},\"query-input\":{\"@type\":\"PropertyValueSpecification\",\"valueRequired\":true,\"valueName\":\"search_term_string\"}}],\"inLanguage\":\"it-IT\"},{\"@type\":\"Organization\",\"@id\":\"https:\\\/\\\/lavocedelpaese.info\\\/#organization\",\"name\":\"La Voce del Paese\",\"url\":\"https:\\\/\\\/lavocedelpaese.info\\\/\",\"logo\":{\"@type\":\"ImageObject\",\"inLanguage\":\"it-IT\",\"@id\":\"https:\\\/\\\/lavocedelpaese.info\\\/#\\\/schema\\\/logo\\\/image\\\/\",\"url\":\"https:\\\/\\\/lavocedelpaese.info\\\/wp-content\\\/uploads\\\/2023\\\/01\\\/cropped-logo-150-127.png\",\"contentUrl\":\"https:\\\/\\\/lavocedelpaese.info\\\/wp-content\\\/uploads\\\/2023\\\/01\\\/cropped-logo-150-127.png\",\"width\":137,\"height\":119,\"caption\":\"La Voce del Paese\"},\"image\":{\"@id\":\"https:\\\/\\\/lavocedelpaese.info\\\/#\\\/schema\\\/logo\\\/image\\\/\"},\"sameAs\":[\"https:\\\/\\\/www.facebook.com\\\/lavocedelpaese.info\"]},{\"@type\":\"Person\",\"@id\":\"https:\\\/\\\/lavocedelpaese.info\\\/#\\\/schema\\\/person\\\/ec151d321306bd7591f7a061abf72d88\",\"name\":\"admin\",\"image\":{\"@type\":\"ImageObject\",\"inLanguage\":\"it-IT\",\"@id\":\"https:\\\/\\\/secure.gravatar.com\\\/avatar\\\/af8f2caf0663124588de48a9380e07cbc95a74ef15b8062d0d39106c32fe3023?s=96&d=mm&r=g\",\"url\":\"https:\\\/\\\/secure.gravatar.com\\\/avatar\\\/af8f2caf0663124588de48a9380e07cbc95a74ef15b8062d0d39106c32fe3023?s=96&d=mm&r=g\",\"contentUrl\":\"https:\\\/\\\/secure.gravatar.com\\\/avatar\\\/af8f2caf0663124588de48a9380e07cbc95a74ef15b8062d0d39106c32fe3023?s=96&d=mm&r=g\",\"caption\":\"admin\"},\"sameAs\":[\"https:\\\/\\\/lavocedelpaese.info\"],\"url\":\"https:\\\/\\\/lavocedelpaese.info\\\/index.php\\\/author\\\/admin\\\/\"}]}<\/script>\n<!-- \/ Yoast SEO plugin. -->","yoast_head_json":{"title":"ASL e Caritas Diocesana Bari-Bitonto firmano a Bari un patto per l\u2019Integrazione\u00a0\u200b - La Voce del Paese","robots":{"index":"index","follow":"follow","max-snippet":"max-snippet:-1","max-image-preview":"max-image-preview:large","max-video-preview":"max-video-preview:-1"},"canonical":"https:\/\/lavocedelpaese.info\/index.php\/2025\/05\/20\/asl-e-caritas-diocesana-bari-bitonto-firmano-a-bari-un-patto-per-lintegrazione\/","og_locale":"it_IT","og_type":"article","og_title":"ASL e Caritas Diocesana Bari-Bitonto firmano a Bari un patto per l\u2019Integrazione\u00a0\u200b - La Voce del Paese","og_description":"\u00a0 \u200b\u00a0 \u200b\u00a0 Un accordo concreto per costruire un sistema pi\u00f9 equo, capace di accogliere e prendersi cura delle persone","og_url":"https:\/\/lavocedelpaese.info\/index.php\/2025\/05\/20\/asl-e-caritas-diocesana-bari-bitonto-firmano-a-bari-un-patto-per-lintegrazione\/","og_site_name":"La Voce del Paese","article_publisher":"https:\/\/www.facebook.com\/lavocedelpaese.info","article_published_time":"2025-05-20T06:16:39+00:00","author":"admin","twitter_card":"summary_large_image","twitter_misc":{"Scritto da":"admin","Tempo di lettura stimato":"4 minuti"},"schema":{"@context":"https:\/\/schema.org","@graph":[{"@type":"Article","@id":"https:\/\/lavocedelpaese.info\/index.php\/2025\/05\/20\/asl-e-caritas-diocesana-bari-bitonto-firmano-a-bari-un-patto-per-lintegrazione\/#article","isPartOf":{"@id":"https:\/\/lavocedelpaese.info\/index.php\/2025\/05\/20\/asl-e-caritas-diocesana-bari-bitonto-firmano-a-bari-un-patto-per-lintegrazione\/"},"author":{"name":"admin","@id":"https:\/\/lavocedelpaese.info\/#\/schema\/person\/ec151d321306bd7591f7a061abf72d88"},"headline":"ASL e Caritas Diocesana Bari-Bitonto firmano a Bari un patto per l\u2019Integrazione\u00a0\u200b","datePublished":"2025-05-20T06:16:39+00:00","mainEntityOfPage":{"@id":"https:\/\/lavocedelpaese.info\/index.php\/2025\/05\/20\/asl-e-caritas-diocesana-bari-bitonto-firmano-a-bari-un-patto-per-lintegrazione\/"},"wordCount":895,"commentCount":0,"publisher":{"@id":"https:\/\/lavocedelpaese.info\/#organization"},"image":{"@id":"https:\/\/lavocedelpaese.info\/index.php\/2025\/05\/20\/asl-e-caritas-diocesana-bari-bitonto-firmano-a-bari-un-patto-per-lintegrazione\/#primaryimage"},"thumbnailUrl":"https:\/\/lavocedelpaese.info\/wp-content\/uploads\/2023\/01\/logo-150-127.png","articleSection":["network"],"inLanguage":"it-IT","potentialAction":[{"@type":"CommentAction","name":"Comment","target":["https:\/\/lavocedelpaese.info\/index.php\/2025\/05\/20\/asl-e-caritas-diocesana-bari-bitonto-firmano-a-bari-un-patto-per-lintegrazione\/#respond"]}]},{"@type":"WebPage","@id":"https:\/\/lavocedelpaese.info\/index.php\/2025\/05\/20\/asl-e-caritas-diocesana-bari-bitonto-firmano-a-bari-un-patto-per-lintegrazione\/","url":"https:\/\/lavocedelpaese.info\/index.php\/2025\/05\/20\/asl-e-caritas-diocesana-bari-bitonto-firmano-a-bari-un-patto-per-lintegrazione\/","name":"ASL e Caritas Diocesana Bari-Bitonto firmano a Bari un patto per l\u2019Integrazione\u00a0\u200b - La Voce del Paese","isPartOf":{"@id":"https:\/\/lavocedelpaese.info\/#website"},"primaryImageOfPage":{"@id":"https:\/\/lavocedelpaese.info\/index.php\/2025\/05\/20\/asl-e-caritas-diocesana-bari-bitonto-firmano-a-bari-un-patto-per-lintegrazione\/#primaryimage"},"image":{"@id":"https:\/\/lavocedelpaese.info\/index.php\/2025\/05\/20\/asl-e-caritas-diocesana-bari-bitonto-firmano-a-bari-un-patto-per-lintegrazione\/#primaryimage"},"thumbnailUrl":"https:\/\/lavocedelpaese.info\/wp-content\/uploads\/2023\/01\/logo-150-127.png","datePublished":"2025-05-20T06:16:39+00:00","breadcrumb":{"@id":"https:\/\/lavocedelpaese.info\/index.php\/2025\/05\/20\/asl-e-caritas-diocesana-bari-bitonto-firmano-a-bari-un-patto-per-lintegrazione\/#breadcrumb"},"inLanguage":"it-IT","potentialAction":[{"@type":"ReadAction","target":["https:\/\/lavocedelpaese.info\/index.php\/2025\/05\/20\/asl-e-caritas-diocesana-bari-bitonto-firmano-a-bari-un-patto-per-lintegrazione\/"]}]},{"@type":"ImageObject","inLanguage":"it-IT","@id":"https:\/\/lavocedelpaese.info\/index.php\/2025\/05\/20\/asl-e-caritas-diocesana-bari-bitonto-firmano-a-bari-un-patto-per-lintegrazione\/#primaryimage","url":"https:\/\/lavocedelpaese.info\/wp-content\/uploads\/2023\/01\/logo-150-127.png","contentUrl":"https:\/\/lavocedelpaese.info\/wp-content\/uploads\/2023\/01\/logo-150-127.png","width":150,"height":127},{"@type":"BreadcrumbList","@id":"https:\/\/lavocedelpaese.info\/index.php\/2025\/05\/20\/asl-e-caritas-diocesana-bari-bitonto-firmano-a-bari-un-patto-per-lintegrazione\/#breadcrumb","itemListElement":[{"@type":"ListItem","position":1,"name":"Home","item":"https:\/\/lavocedelpaese.info\/"},{"@type":"ListItem","position":2,"name":"ASL e Caritas Diocesana Bari-Bitonto firmano a Bari un patto per l\u2019Integrazione\u00a0\u200b"}]},{"@type":"WebSite","@id":"https:\/\/lavocedelpaese.info\/#website","url":"https:\/\/lavocedelpaese.info\/","name":"La Voce del Paese","description":"Un network di idee","publisher":{"@id":"https:\/\/lavocedelpaese.info\/#organization"},"potentialAction":[{"@type":"SearchAction","target":{"@type":"EntryPoint","urlTemplate":"https:\/\/lavocedelpaese.info\/?s={search_term_string}"},"query-input":{"@type":"PropertyValueSpecification","valueRequired":true,"valueName":"search_term_string"}}],"inLanguage":"it-IT"},{"@type":"Organization","@id":"https:\/\/lavocedelpaese.info\/#organization","name":"La Voce del Paese","url":"https:\/\/lavocedelpaese.info\/","logo":{"@type":"ImageObject","inLanguage":"it-IT","@id":"https:\/\/lavocedelpaese.info\/#\/schema\/logo\/image\/","url":"https:\/\/lavocedelpaese.info\/wp-content\/uploads\/2023\/01\/cropped-logo-150-127.png","contentUrl":"https:\/\/lavocedelpaese.info\/wp-content\/uploads\/2023\/01\/cropped-logo-150-127.png","width":137,"height":119,"caption":"La Voce del Paese"},"image":{"@id":"https:\/\/lavocedelpaese.info\/#\/schema\/logo\/image\/"},"sameAs":["https:\/\/www.facebook.com\/lavocedelpaese.info"]},{"@type":"Person","@id":"https:\/\/lavocedelpaese.info\/#\/schema\/person\/ec151d321306bd7591f7a061abf72d88","name":"admin","image":{"@type":"ImageObject","inLanguage":"it-IT","@id":"https:\/\/secure.gravatar.com\/avatar\/af8f2caf0663124588de48a9380e07cbc95a74ef15b8062d0d39106c32fe3023?s=96&d=mm&r=g","url":"https:\/\/secure.gravatar.com\/avatar\/af8f2caf0663124588de48a9380e07cbc95a74ef15b8062d0d39106c32fe3023?s=96&d=mm&r=g","contentUrl":"https:\/\/secure.gravatar.com\/avatar\/af8f2caf0663124588de48a9380e07cbc95a74ef15b8062d0d39106c32fe3023?s=96&d=mm&r=g","caption":"admin"},"sameAs":["https:\/\/lavocedelpaese.info"],"url":"https:\/\/lavocedelpaese.info\/index.php\/author\/admin\/"}]}},"_links":{"self":[{"href":"https:\/\/lavocedelpaese.info\/index.php\/wp-json\/wp\/v2\/posts\/9375","targetHints":{"allow":["GET"]}}],"collection":[{"href":"https:\/\/lavocedelpaese.info\/index.php\/wp-json\/wp\/v2\/posts"}],"about":[{"href":"https:\/\/lavocedelpaese.info\/index.php\/wp-json\/wp\/v2\/types\/post"}],"author":[{"embeddable":true,"href":"https:\/\/lavocedelpaese.info\/index.php\/wp-json\/wp\/v2\/users\/6"}],"replies":[{"embeddable":true,"href":"https:\/\/lavocedelpaese.info\/index.php\/wp-json\/wp\/v2\/comments?post=9375"}],"version-history":[{"count":0,"href":"https:\/\/lavocedelpaese.info\/index.php\/wp-json\/wp\/v2\/posts\/9375\/revisions"}],"wp:featuredmedia":[{"embeddable":true,"href":"https:\/\/lavocedelpaese.info\/index.php\/wp-json\/wp\/v2\/media\/730"}],"wp:attachment":[{"href":"https:\/\/lavocedelpaese.info\/index.php\/wp-json\/wp\/v2\/media?parent=9375"}],"wp:term":[{"taxonomy":"category","embeddable":true,"href":"https:\/\/lavocedelpaese.info\/index.php\/wp-json\/wp\/v2\/categories?post=9375"},{"taxonomy":"post_tag","embeddable":true,"href":"https:\/\/lavocedelpaese.info\/index.php\/wp-json\/wp\/v2\/tags?post=9375"}],"curies":[{"name":"wp","href":"https:\/\/api.w.org\/{rel}","templated":true}]}}