{"id":9373,"date":"2025-05-19T16:14:31","date_gmt":"2025-05-19T16:14:31","guid":{"rendered":"https:\/\/lavocedelpaese.info\/index.php\/2025\/05\/19\/gianfranco-sciscione-dalla-provincia-allimpero-televisivo\/"},"modified":"2025-05-19T16:14:31","modified_gmt":"2025-05-19T16:14:31","slug":"gianfranco-sciscione-dalla-provincia-allimpero-televisivo","status":"publish","type":"post","link":"https:\/\/lavocedelpaese.info\/index.php\/2025\/05\/19\/gianfranco-sciscione-dalla-provincia-allimpero-televisivo\/","title":{"rendered":"Gianfranco Sciscione: dalla provincia all\u2019impero televisivo\u00a0\u200b"},"content":{"rendered":"<p>\u00a0<\/p>\n<p>\u200b\u00a0<\/p>\n<p>\u200b\u00a0<\/p>\n<p><strong>A cura di Ilaria Solazzo<\/strong><\/p>\n<p>Dalla provincia all\u2019etere nazionale: la parabola di Gianfranco Sciscione, pioniere dell\u2019emittenza televisiva locale<\/p>\n<p>Nel panorama dell\u2019emittenza italiana, dove i grandi gruppi nazionali dominano da decenni, c\u2019\u00e8 chi ha saputo costruire un\u2019alternativa partendo dal basso. Gianfranco Sciscione, imprenditore nato a Terracina nel 1950, \u00e8 uno di quei pionieri che hanno trasformato una visione personale in un progetto mediatico solido e duraturo. La sua storia, raccontata nel libro autobiografico \u201cIl ragazzo che sognava la televisione\u201d, \u00e8 il ritratto di un\u2019Italia che ha saputo sognare in grande partendo dai confini pi\u00f9 periferici del sistema televisivo.<\/p>\n<p>La sua avventura inizia nel 1978 con Telemontegiove, piccola emittente locale nata in un\u2019epoca di forte fermento nell\u2019etere italiano, quando le televisioni private cercavano spazi tra normative incerte e scarsi mezzi tecnici. Da quella realt\u00e0 modesta \u00e8 nato un gruppo imprenditoriale che oggi, con il marchio Gold TV, raggiunge milioni di telespettatori e copre l\u2019intero centro Italia, con canali tematici e generalisti. Un percorso fatto di intuizioni, investimenti coraggiosi e caparbiet\u00e0.<\/p>\n<p>\u201cHo sognato la televisione quando sembrava impossibile. E oggi quel sogno cammina sulle gambe dei miei figli\u201d, racconta Sciscione, che ha affidato al racconto autobiografico anche la narrazione della propria filosofia imprenditoriale: quella in cui il sogno non \u00e8 evasione, ma progettazione. \u201cNon avevo certezze, solo un\u2019intuizione profonda. Quel bambino non ha mai smesso di crederci.\u201d<\/p>\n<p>Tra i pilastri della sua visione c\u2019\u00e8 il concetto \u2013 oggi molto discusso \u2013 della legge di attrazione, che lui sintetizza cos\u00ec: \u201cOgni volta che il mondo mi diceva \u2018non si pu\u00f2 fare\u2019, io mi chiedevo \u2018come posso farlo?\u2019\u201d. Un principio che ha guidato le sue scelte pi\u00f9 rischiose: dal potenziamento delle frequenze fino alla creazione di una programmazione originale, in un contesto in cui spesso le tv locali si limitavano al palinsesto minimo.<\/p>\n<p>Non solo imprenditoria, ma identit\u00e0 locale. Il suo gruppo ha dato spazio, negli anni, a cronache del territorio, programmi culturali, talenti emergenti e informazione regionale. \u201cHo sempre creduto che una televisione debba dare voce a chi non ce l\u2019ha. La mia storia \u00e8 la dimostrazione che la volont\u00e0 pu\u00f2 piegare la realt\u00e0.\u201d<\/p>\n<p>Oggi il testimone passa ai figli Marco, Giovanni e Italo, che affiancano il padre nella gestione e nell\u2019innovazione del gruppo. \u201cSono il mio orgoglio. Hanno visioni diverse ma complementari, e stanno portando avanti questa eredit\u00e0 rendendola pi\u00f9 moderna e solida.\u201d<\/p>\n<p>Dietro l\u2019espansione del gruppo, ci sono scelte strategiche e valori personali: rispetto, lealt\u00e0 e meritocrazia. \u201cOgni collaboratore \u00e8 stato parte integrante del successo. Nessuno cresce da solo.\u201d<\/p>\n<p>A distanza di quasi cinquant\u2019anni dal primo segnale irradiato da Terracina, Sciscione continua a emozionarsi per ogni nuova trasmissione. \u201cMi emoziono ancora oggi quando vedo un programma andare in onda. Nulla \u00e8 scontato.\u201d<\/p>\n<p>Il messaggio che lascia, soprattutto ai pi\u00f9 giovani, \u00e8 quello di non smettere mai di sognare, ma farlo con impegno e metodo. \u201cL\u2019eredit\u00e0 che voglio trasmettere non \u00e8 solo fatta di frequenze o studi televisivi. \u00c8 un metodo: passione, fiducia, disciplina. Con questi ingredienti, tutto \u00e8 possibile.\u201d<\/p>\n<p>E a pagina 126 del suo libro, una frase sintetizza il cuore di questa storia imprenditoriale e umana: \u201cNon smettete mai di sognare in grande, perch\u00e9 i sogni veri non muoiono mai.\u201d<\/p>\n<figure class=\"wp-block-image size-large is-resized\"><img decoding=\"async\" width=\"768\" height=\"1024\" src=\"https:\/\/cassano.lavocedelpaese.info\/wp-content\/uploads\/2025\/05\/IMG-20250506-WA0040-768x1024.jpg\" alt=\"\" class=\"wp-image-6646\"\/><\/figure>\n<p>L\u2019intervista \u2013 \u201cIl segnale pi\u00f9 forte? La volont\u00e0\u201d \u2013 Tre domande a Gianfranco Sciscione<\/p>\n<p><strong>Com\u2019era la televisione quando ha iniziato, e cosa \u00e8 cambiato oggi?<\/strong><br \/>La televisione era una frontiera. Non c\u2019erano certezze n\u00e9 modelli da seguire. Oggi \u00e8 tutto pi\u00f9 strutturato, ma anche pi\u00f9 affollato. La sfida non \u00e8 pi\u00f9 solo arrivare al pubblico, ma mantenere la fiducia. E distinguersi.<\/p>\n<p><strong>Cosa consiglia a un giovane che vuole lavorare nei media oggi?<\/strong><br \/>Di non farsi scoraggiare dall\u2019apparenza. Questo mondo sembra difficile da penetrare, ma c\u2019\u00e8 sempre spazio per chi ha idee forti, competenza e coraggio. E soprattutto: non bisogna inseguire solo la visibilit\u00e0. Serve sostanza.<\/p>\n<p><strong>Il suo segnale pi\u00f9 importante trasmesso in questi anni?<\/strong><br \/>Senza dubbio la volont\u00e0 di credere nei propri sogni. Le frequenze possono cambiare, i formati anche, ma l\u2019energia che muove tutto \u00e8 sempre la stessa: crederci davvero. E non mollare mai.<\/p>\n<figure class=\"wp-block-image size-large is-resized\"><img decoding=\"async\" width=\"1024\" height=\"576\" src=\"https:\/\/cassano.lavocedelpaese.info\/wp-content\/uploads\/2025\/05\/IMG-20250506-WA0044-1024x576.jpg\" alt=\"\" class=\"wp-image-6645\"\/><\/figure>\n<p>Sciscione: Uno di quelli che ce l\u2019hanno fatta.<\/p>\n<p>C\u2019\u00e8 un verso di una celebre canzone di Gianni Morandi che dice: \u201cUno su mille ce la fa\u201d. E Gianfranco Sciscione \u00e8, senza dubbio, uno di quelli che ce l\u2019hanno fatta. Non per caso. Non per fortuna. Ma perch\u00e9 ha saputo resistere, immaginare, investire e reinventarsi in un mondo \u2013 quello della televisione \u2013 che premia solo chi ha lo sguardo lungo e la schiena dritta.<\/p>\n<p>Sciscione ha costruito molto pi\u00f9 di un gruppo televisivo: ha costruito una visione, ha dato voce ai territori quando erano considerati periferia del racconto nazionale, ha creduto nel talento quando era ancora acerbo, ha dato fiducia dove altri vedevano solo limiti. La sua storia \u00e8 la conferma che anche dalle province italiane, con determinazione e passione, si pu\u00f2 arrivare lontano. Senza dimenticare da dove si \u00e8 partiti.<\/p>\n<p>In un\u2019Italia che spesso celebra solo chi emerge da circuiti gi\u00e0 consolidati, il suo percorso \u00e8 un inno alla possibilit\u00e0. Un messaggio che vale pi\u00f9 che mai oggi, quando il sogno rischia di essere considerato un lusso. E invece, come insegna Sciscione, pu\u00f2 essere una strategia. Purch\u00e9 sia sostenuto da volont\u00e0, lavoro e visione.<\/p>\n<p>Uno su mille ce la fa. E Gianfranco Sciscione \u00e8 la prova che s\u00ec, si pu\u00f2.<\/p>\n<p><a class=\"a2a_button_facebook\" href=\"https:\/\/www.addtoany.com\/add_to\/facebook?linkurl=https%3A%2F%2Fcassano.lavocedelpaese.info%2Fgianfranco-sciscione-dalla-provincia-allimpero-televisivo%2F&amp;linkname=Gianfranco%20Sciscione%3A%20dalla%20provincia%20all%E2%80%99impero%20televisivo\" title=\"Facebook\" rel=\"nofollow noopener\" target=\"_blank\"><\/a><a class=\"a2a_button_twitter\" href=\"https:\/\/www.addtoany.com\/add_to\/twitter?linkurl=https%3A%2F%2Fcassano.lavocedelpaese.info%2Fgianfranco-sciscione-dalla-provincia-allimpero-televisivo%2F&amp;linkname=Gianfranco%20Sciscione%3A%20dalla%20provincia%20all%E2%80%99impero%20televisivo\" title=\"Twitter\" rel=\"nofollow noopener\" target=\"_blank\"><\/a><a class=\"a2a_button_whatsapp\" href=\"https:\/\/www.addtoany.com\/add_to\/whatsapp?linkurl=https%3A%2F%2Fcassano.lavocedelpaese.info%2Fgianfranco-sciscione-dalla-provincia-allimpero-televisivo%2F&amp;linkname=Gianfranco%20Sciscione%3A%20dalla%20provincia%20all%E2%80%99impero%20televisivo\" title=\"WhatsApp\" rel=\"nofollow noopener\" target=\"_blank\"><\/a><a class=\"a2a_button_telegram\" href=\"https:\/\/www.addtoany.com\/add_to\/telegram?linkurl=https%3A%2F%2Fcassano.lavocedelpaese.info%2Fgianfranco-sciscione-dalla-provincia-allimpero-televisivo%2F&amp;linkname=Gianfranco%20Sciscione%3A%20dalla%20provincia%20all%E2%80%99impero%20televisivo\" title=\"Telegram\" rel=\"nofollow noopener\" target=\"_blank\"><\/a><a class=\"a2a_button_email\" href=\"https:\/\/www.addtoany.com\/add_to\/email?linkurl=https%3A%2F%2Fcassano.lavocedelpaese.info%2Fgianfranco-sciscione-dalla-provincia-allimpero-televisivo%2F&amp;linkname=Gianfranco%20Sciscione%3A%20dalla%20provincia%20all%E2%80%99impero%20televisivo\" title=\"Email\" rel=\"nofollow noopener\" target=\"_blank\"><\/a><\/p>\n<p>\u00a0<\/p>\n<p>\u00a0<\/p>\n<p>\u200b\u00a0\u00a0\u00a0<\/p>","protected":false},"excerpt":{"rendered":"<p>\u00a0 \u200b\u00a0 \u200b\u00a0 A cura di Ilaria Solazzo Dalla provincia all\u2019etere nazionale: la parabola di Gianfranco Sciscione, pioniere dell\u2019emittenza televisiva<\/p>\n","protected":false},"author":6,"featured_media":9374,"comment_status":"open","ping_status":"closed","sticky":false,"template":"","format":"standard","meta":{"colormag_page_container_layout":"default_layout","colormag_page_sidebar_layout":"default_layout","footnotes":""},"categories":[33],"tags":[],"class_list":["post-9373","post","type-post","status-publish","format-standard","has-post-thumbnail","hentry","category-network"],"yoast_head":"<!-- This site is optimized with the Yoast SEO plugin v27.5 - https:\/\/yoast.com\/product\/yoast-seo-wordpress\/ -->\n<title>Gianfranco Sciscione: dalla provincia all\u2019impero televisivo\u00a0\u200b - La Voce del Paese<\/title>\n<meta name=\"robots\" content=\"index, follow, max-snippet:-1, max-image-preview:large, max-video-preview:-1\" \/>\n<link rel=\"canonical\" href=\"https:\/\/lavocedelpaese.info\/index.php\/2025\/05\/19\/gianfranco-sciscione-dalla-provincia-allimpero-televisivo\/\" \/>\n<meta property=\"og:locale\" content=\"it_IT\" \/>\n<meta property=\"og:type\" content=\"article\" \/>\n<meta property=\"og:title\" content=\"Gianfranco Sciscione: dalla provincia all\u2019impero televisivo\u00a0\u200b - La Voce del Paese\" \/>\n<meta property=\"og:description\" content=\"\u00a0 \u200b\u00a0 \u200b\u00a0 A cura di Ilaria Solazzo Dalla provincia all\u2019etere nazionale: la parabola di Gianfranco Sciscione, pioniere dell\u2019emittenza televisiva\" \/>\n<meta property=\"og:url\" content=\"https:\/\/lavocedelpaese.info\/index.php\/2025\/05\/19\/gianfranco-sciscione-dalla-provincia-allimpero-televisivo\/\" \/>\n<meta property=\"og:site_name\" content=\"La Voce del Paese\" \/>\n<meta property=\"article:publisher\" content=\"https:\/\/www.facebook.com\/lavocedelpaese.info\" \/>\n<meta property=\"article:published_time\" content=\"2025-05-19T16:14:31+00:00\" \/>\n<meta name=\"author\" content=\"admin\" \/>\n<meta name=\"twitter:card\" content=\"summary_large_image\" \/>\n<meta name=\"twitter:label1\" content=\"Scritto da\" \/>\n\t<meta name=\"twitter:data1\" content=\"admin\" \/>\n\t<meta name=\"twitter:label2\" content=\"Tempo di lettura stimato\" \/>\n\t<meta name=\"twitter:data2\" content=\"4 minuti\" \/>\n<script type=\"application\/ld+json\" class=\"yoast-schema-graph\">{\"@context\":\"https:\\\/\\\/schema.org\",\"@graph\":[{\"@type\":\"Article\",\"@id\":\"https:\\\/\\\/lavocedelpaese.info\\\/index.php\\\/2025\\\/05\\\/19\\\/gianfranco-sciscione-dalla-provincia-allimpero-televisivo\\\/#article\",\"isPartOf\":{\"@id\":\"https:\\\/\\\/lavocedelpaese.info\\\/index.php\\\/2025\\\/05\\\/19\\\/gianfranco-sciscione-dalla-provincia-allimpero-televisivo\\\/\"},\"author\":{\"name\":\"admin\",\"@id\":\"https:\\\/\\\/lavocedelpaese.info\\\/#\\\/schema\\\/person\\\/ec151d321306bd7591f7a061abf72d88\"},\"headline\":\"Gianfranco Sciscione: dalla provincia all\u2019impero televisivo\u00a0\u200b\",\"datePublished\":\"2025-05-19T16:14:31+00:00\",\"mainEntityOfPage\":{\"@id\":\"https:\\\/\\\/lavocedelpaese.info\\\/index.php\\\/2025\\\/05\\\/19\\\/gianfranco-sciscione-dalla-provincia-allimpero-televisivo\\\/\"},\"wordCount\":885,\"commentCount\":0,\"publisher\":{\"@id\":\"https:\\\/\\\/lavocedelpaese.info\\\/#organization\"},\"image\":{\"@id\":\"https:\\\/\\\/lavocedelpaese.info\\\/index.php\\\/2025\\\/05\\\/19\\\/gianfranco-sciscione-dalla-provincia-allimpero-televisivo\\\/#primaryimage\"},\"thumbnailUrl\":\"https:\\\/\\\/lavocedelpaese.info\\\/wp-content\\\/uploads\\\/2025\\\/05\\\/IMG-20250506-WA0040-768x1024-CvCyKR.jpg\",\"articleSection\":[\"network\"],\"inLanguage\":\"it-IT\",\"potentialAction\":[{\"@type\":\"CommentAction\",\"name\":\"Comment\",\"target\":[\"https:\\\/\\\/lavocedelpaese.info\\\/index.php\\\/2025\\\/05\\\/19\\\/gianfranco-sciscione-dalla-provincia-allimpero-televisivo\\\/#respond\"]}]},{\"@type\":\"WebPage\",\"@id\":\"https:\\\/\\\/lavocedelpaese.info\\\/index.php\\\/2025\\\/05\\\/19\\\/gianfranco-sciscione-dalla-provincia-allimpero-televisivo\\\/\",\"url\":\"https:\\\/\\\/lavocedelpaese.info\\\/index.php\\\/2025\\\/05\\\/19\\\/gianfranco-sciscione-dalla-provincia-allimpero-televisivo\\\/\",\"name\":\"Gianfranco Sciscione: dalla provincia all\u2019impero televisivo\u00a0\u200b - La Voce del Paese\",\"isPartOf\":{\"@id\":\"https:\\\/\\\/lavocedelpaese.info\\\/#website\"},\"primaryImageOfPage\":{\"@id\":\"https:\\\/\\\/lavocedelpaese.info\\\/index.php\\\/2025\\\/05\\\/19\\\/gianfranco-sciscione-dalla-provincia-allimpero-televisivo\\\/#primaryimage\"},\"image\":{\"@id\":\"https:\\\/\\\/lavocedelpaese.info\\\/index.php\\\/2025\\\/05\\\/19\\\/gianfranco-sciscione-dalla-provincia-allimpero-televisivo\\\/#primaryimage\"},\"thumbnailUrl\":\"https:\\\/\\\/lavocedelpaese.info\\\/wp-content\\\/uploads\\\/2025\\\/05\\\/IMG-20250506-WA0040-768x1024-CvCyKR.jpg\",\"datePublished\":\"2025-05-19T16:14:31+00:00\",\"breadcrumb\":{\"@id\":\"https:\\\/\\\/lavocedelpaese.info\\\/index.php\\\/2025\\\/05\\\/19\\\/gianfranco-sciscione-dalla-provincia-allimpero-televisivo\\\/#breadcrumb\"},\"inLanguage\":\"it-IT\",\"potentialAction\":[{\"@type\":\"ReadAction\",\"target\":[\"https:\\\/\\\/lavocedelpaese.info\\\/index.php\\\/2025\\\/05\\\/19\\\/gianfranco-sciscione-dalla-provincia-allimpero-televisivo\\\/\"]}]},{\"@type\":\"ImageObject\",\"inLanguage\":\"it-IT\",\"@id\":\"https:\\\/\\\/lavocedelpaese.info\\\/index.php\\\/2025\\\/05\\\/19\\\/gianfranco-sciscione-dalla-provincia-allimpero-televisivo\\\/#primaryimage\",\"url\":\"https:\\\/\\\/lavocedelpaese.info\\\/wp-content\\\/uploads\\\/2025\\\/05\\\/IMG-20250506-WA0040-768x1024-CvCyKR.jpg\",\"contentUrl\":\"https:\\\/\\\/lavocedelpaese.info\\\/wp-content\\\/uploads\\\/2025\\\/05\\\/IMG-20250506-WA0040-768x1024-CvCyKR.jpg\",\"width\":600,\"height\":800},{\"@type\":\"BreadcrumbList\",\"@id\":\"https:\\\/\\\/lavocedelpaese.info\\\/index.php\\\/2025\\\/05\\\/19\\\/gianfranco-sciscione-dalla-provincia-allimpero-televisivo\\\/#breadcrumb\",\"itemListElement\":[{\"@type\":\"ListItem\",\"position\":1,\"name\":\"Home\",\"item\":\"https:\\\/\\\/lavocedelpaese.info\\\/\"},{\"@type\":\"ListItem\",\"position\":2,\"name\":\"Gianfranco Sciscione: dalla provincia all\u2019impero televisivo\u00a0\u200b\"}]},{\"@type\":\"WebSite\",\"@id\":\"https:\\\/\\\/lavocedelpaese.info\\\/#website\",\"url\":\"https:\\\/\\\/lavocedelpaese.info\\\/\",\"name\":\"La Voce del Paese\",\"description\":\"Un network di idee\",\"publisher\":{\"@id\":\"https:\\\/\\\/lavocedelpaese.info\\\/#organization\"},\"potentialAction\":[{\"@type\":\"SearchAction\",\"target\":{\"@type\":\"EntryPoint\",\"urlTemplate\":\"https:\\\/\\\/lavocedelpaese.info\\\/?s={search_term_string}\"},\"query-input\":{\"@type\":\"PropertyValueSpecification\",\"valueRequired\":true,\"valueName\":\"search_term_string\"}}],\"inLanguage\":\"it-IT\"},{\"@type\":\"Organization\",\"@id\":\"https:\\\/\\\/lavocedelpaese.info\\\/#organization\",\"name\":\"La Voce del Paese\",\"url\":\"https:\\\/\\\/lavocedelpaese.info\\\/\",\"logo\":{\"@type\":\"ImageObject\",\"inLanguage\":\"it-IT\",\"@id\":\"https:\\\/\\\/lavocedelpaese.info\\\/#\\\/schema\\\/logo\\\/image\\\/\",\"url\":\"https:\\\/\\\/lavocedelpaese.info\\\/wp-content\\\/uploads\\\/2023\\\/01\\\/cropped-logo-150-127.png\",\"contentUrl\":\"https:\\\/\\\/lavocedelpaese.info\\\/wp-content\\\/uploads\\\/2023\\\/01\\\/cropped-logo-150-127.png\",\"width\":137,\"height\":119,\"caption\":\"La Voce del Paese\"},\"image\":{\"@id\":\"https:\\\/\\\/lavocedelpaese.info\\\/#\\\/schema\\\/logo\\\/image\\\/\"},\"sameAs\":[\"https:\\\/\\\/www.facebook.com\\\/lavocedelpaese.info\"]},{\"@type\":\"Person\",\"@id\":\"https:\\\/\\\/lavocedelpaese.info\\\/#\\\/schema\\\/person\\\/ec151d321306bd7591f7a061abf72d88\",\"name\":\"admin\",\"image\":{\"@type\":\"ImageObject\",\"inLanguage\":\"it-IT\",\"@id\":\"https:\\\/\\\/secure.gravatar.com\\\/avatar\\\/af8f2caf0663124588de48a9380e07cbc95a74ef15b8062d0d39106c32fe3023?s=96&d=mm&r=g\",\"url\":\"https:\\\/\\\/secure.gravatar.com\\\/avatar\\\/af8f2caf0663124588de48a9380e07cbc95a74ef15b8062d0d39106c32fe3023?s=96&d=mm&r=g\",\"contentUrl\":\"https:\\\/\\\/secure.gravatar.com\\\/avatar\\\/af8f2caf0663124588de48a9380e07cbc95a74ef15b8062d0d39106c32fe3023?s=96&d=mm&r=g\",\"caption\":\"admin\"},\"sameAs\":[\"https:\\\/\\\/lavocedelpaese.info\"],\"url\":\"https:\\\/\\\/lavocedelpaese.info\\\/index.php\\\/author\\\/admin\\\/\"}]}<\/script>\n<!-- \/ Yoast SEO plugin. -->","yoast_head_json":{"title":"Gianfranco Sciscione: dalla provincia all\u2019impero televisivo\u00a0\u200b - La Voce del Paese","robots":{"index":"index","follow":"follow","max-snippet":"max-snippet:-1","max-image-preview":"max-image-preview:large","max-video-preview":"max-video-preview:-1"},"canonical":"https:\/\/lavocedelpaese.info\/index.php\/2025\/05\/19\/gianfranco-sciscione-dalla-provincia-allimpero-televisivo\/","og_locale":"it_IT","og_type":"article","og_title":"Gianfranco Sciscione: dalla provincia all\u2019impero televisivo\u00a0\u200b - La Voce del Paese","og_description":"\u00a0 \u200b\u00a0 \u200b\u00a0 A cura di Ilaria Solazzo Dalla provincia all\u2019etere nazionale: la parabola di Gianfranco Sciscione, pioniere dell\u2019emittenza televisiva","og_url":"https:\/\/lavocedelpaese.info\/index.php\/2025\/05\/19\/gianfranco-sciscione-dalla-provincia-allimpero-televisivo\/","og_site_name":"La Voce del Paese","article_publisher":"https:\/\/www.facebook.com\/lavocedelpaese.info","article_published_time":"2025-05-19T16:14:31+00:00","author":"admin","twitter_card":"summary_large_image","twitter_misc":{"Scritto da":"admin","Tempo di lettura stimato":"4 minuti"},"schema":{"@context":"https:\/\/schema.org","@graph":[{"@type":"Article","@id":"https:\/\/lavocedelpaese.info\/index.php\/2025\/05\/19\/gianfranco-sciscione-dalla-provincia-allimpero-televisivo\/#article","isPartOf":{"@id":"https:\/\/lavocedelpaese.info\/index.php\/2025\/05\/19\/gianfranco-sciscione-dalla-provincia-allimpero-televisivo\/"},"author":{"name":"admin","@id":"https:\/\/lavocedelpaese.info\/#\/schema\/person\/ec151d321306bd7591f7a061abf72d88"},"headline":"Gianfranco Sciscione: dalla provincia all\u2019impero televisivo\u00a0\u200b","datePublished":"2025-05-19T16:14:31+00:00","mainEntityOfPage":{"@id":"https:\/\/lavocedelpaese.info\/index.php\/2025\/05\/19\/gianfranco-sciscione-dalla-provincia-allimpero-televisivo\/"},"wordCount":885,"commentCount":0,"publisher":{"@id":"https:\/\/lavocedelpaese.info\/#organization"},"image":{"@id":"https:\/\/lavocedelpaese.info\/index.php\/2025\/05\/19\/gianfranco-sciscione-dalla-provincia-allimpero-televisivo\/#primaryimage"},"thumbnailUrl":"https:\/\/lavocedelpaese.info\/wp-content\/uploads\/2025\/05\/IMG-20250506-WA0040-768x1024-CvCyKR.jpg","articleSection":["network"],"inLanguage":"it-IT","potentialAction":[{"@type":"CommentAction","name":"Comment","target":["https:\/\/lavocedelpaese.info\/index.php\/2025\/05\/19\/gianfranco-sciscione-dalla-provincia-allimpero-televisivo\/#respond"]}]},{"@type":"WebPage","@id":"https:\/\/lavocedelpaese.info\/index.php\/2025\/05\/19\/gianfranco-sciscione-dalla-provincia-allimpero-televisivo\/","url":"https:\/\/lavocedelpaese.info\/index.php\/2025\/05\/19\/gianfranco-sciscione-dalla-provincia-allimpero-televisivo\/","name":"Gianfranco Sciscione: dalla provincia all\u2019impero televisivo\u00a0\u200b - La Voce del Paese","isPartOf":{"@id":"https:\/\/lavocedelpaese.info\/#website"},"primaryImageOfPage":{"@id":"https:\/\/lavocedelpaese.info\/index.php\/2025\/05\/19\/gianfranco-sciscione-dalla-provincia-allimpero-televisivo\/#primaryimage"},"image":{"@id":"https:\/\/lavocedelpaese.info\/index.php\/2025\/05\/19\/gianfranco-sciscione-dalla-provincia-allimpero-televisivo\/#primaryimage"},"thumbnailUrl":"https:\/\/lavocedelpaese.info\/wp-content\/uploads\/2025\/05\/IMG-20250506-WA0040-768x1024-CvCyKR.jpg","datePublished":"2025-05-19T16:14:31+00:00","breadcrumb":{"@id":"https:\/\/lavocedelpaese.info\/index.php\/2025\/05\/19\/gianfranco-sciscione-dalla-provincia-allimpero-televisivo\/#breadcrumb"},"inLanguage":"it-IT","potentialAction":[{"@type":"ReadAction","target":["https:\/\/lavocedelpaese.info\/index.php\/2025\/05\/19\/gianfranco-sciscione-dalla-provincia-allimpero-televisivo\/"]}]},{"@type":"ImageObject","inLanguage":"it-IT","@id":"https:\/\/lavocedelpaese.info\/index.php\/2025\/05\/19\/gianfranco-sciscione-dalla-provincia-allimpero-televisivo\/#primaryimage","url":"https:\/\/lavocedelpaese.info\/wp-content\/uploads\/2025\/05\/IMG-20250506-WA0040-768x1024-CvCyKR.jpg","contentUrl":"https:\/\/lavocedelpaese.info\/wp-content\/uploads\/2025\/05\/IMG-20250506-WA0040-768x1024-CvCyKR.jpg","width":600,"height":800},{"@type":"BreadcrumbList","@id":"https:\/\/lavocedelpaese.info\/index.php\/2025\/05\/19\/gianfranco-sciscione-dalla-provincia-allimpero-televisivo\/#breadcrumb","itemListElement":[{"@type":"ListItem","position":1,"name":"Home","item":"https:\/\/lavocedelpaese.info\/"},{"@type":"ListItem","position":2,"name":"Gianfranco Sciscione: dalla provincia all\u2019impero televisivo\u00a0\u200b"}]},{"@type":"WebSite","@id":"https:\/\/lavocedelpaese.info\/#website","url":"https:\/\/lavocedelpaese.info\/","name":"La Voce del Paese","description":"Un network di idee","publisher":{"@id":"https:\/\/lavocedelpaese.info\/#organization"},"potentialAction":[{"@type":"SearchAction","target":{"@type":"EntryPoint","urlTemplate":"https:\/\/lavocedelpaese.info\/?s={search_term_string}"},"query-input":{"@type":"PropertyValueSpecification","valueRequired":true,"valueName":"search_term_string"}}],"inLanguage":"it-IT"},{"@type":"Organization","@id":"https:\/\/lavocedelpaese.info\/#organization","name":"La Voce del Paese","url":"https:\/\/lavocedelpaese.info\/","logo":{"@type":"ImageObject","inLanguage":"it-IT","@id":"https:\/\/lavocedelpaese.info\/#\/schema\/logo\/image\/","url":"https:\/\/lavocedelpaese.info\/wp-content\/uploads\/2023\/01\/cropped-logo-150-127.png","contentUrl":"https:\/\/lavocedelpaese.info\/wp-content\/uploads\/2023\/01\/cropped-logo-150-127.png","width":137,"height":119,"caption":"La Voce del Paese"},"image":{"@id":"https:\/\/lavocedelpaese.info\/#\/schema\/logo\/image\/"},"sameAs":["https:\/\/www.facebook.com\/lavocedelpaese.info"]},{"@type":"Person","@id":"https:\/\/lavocedelpaese.info\/#\/schema\/person\/ec151d321306bd7591f7a061abf72d88","name":"admin","image":{"@type":"ImageObject","inLanguage":"it-IT","@id":"https:\/\/secure.gravatar.com\/avatar\/af8f2caf0663124588de48a9380e07cbc95a74ef15b8062d0d39106c32fe3023?s=96&d=mm&r=g","url":"https:\/\/secure.gravatar.com\/avatar\/af8f2caf0663124588de48a9380e07cbc95a74ef15b8062d0d39106c32fe3023?s=96&d=mm&r=g","contentUrl":"https:\/\/secure.gravatar.com\/avatar\/af8f2caf0663124588de48a9380e07cbc95a74ef15b8062d0d39106c32fe3023?s=96&d=mm&r=g","caption":"admin"},"sameAs":["https:\/\/lavocedelpaese.info"],"url":"https:\/\/lavocedelpaese.info\/index.php\/author\/admin\/"}]}},"_links":{"self":[{"href":"https:\/\/lavocedelpaese.info\/index.php\/wp-json\/wp\/v2\/posts\/9373","targetHints":{"allow":["GET"]}}],"collection":[{"href":"https:\/\/lavocedelpaese.info\/index.php\/wp-json\/wp\/v2\/posts"}],"about":[{"href":"https:\/\/lavocedelpaese.info\/index.php\/wp-json\/wp\/v2\/types\/post"}],"author":[{"embeddable":true,"href":"https:\/\/lavocedelpaese.info\/index.php\/wp-json\/wp\/v2\/users\/6"}],"replies":[{"embeddable":true,"href":"https:\/\/lavocedelpaese.info\/index.php\/wp-json\/wp\/v2\/comments?post=9373"}],"version-history":[{"count":0,"href":"https:\/\/lavocedelpaese.info\/index.php\/wp-json\/wp\/v2\/posts\/9373\/revisions"}],"wp:featuredmedia":[{"embeddable":true,"href":"https:\/\/lavocedelpaese.info\/index.php\/wp-json\/wp\/v2\/media\/9374"}],"wp:attachment":[{"href":"https:\/\/lavocedelpaese.info\/index.php\/wp-json\/wp\/v2\/media?parent=9373"}],"wp:term":[{"taxonomy":"category","embeddable":true,"href":"https:\/\/lavocedelpaese.info\/index.php\/wp-json\/wp\/v2\/categories?post=9373"},{"taxonomy":"post_tag","embeddable":true,"href":"https:\/\/lavocedelpaese.info\/index.php\/wp-json\/wp\/v2\/tags?post=9373"}],"curies":[{"name":"wp","href":"https:\/\/api.w.org\/{rel}","templated":true}]}}