{"id":9367,"date":"2025-05-17T07:14:11","date_gmt":"2025-05-17T07:14:11","guid":{"rendered":"https:\/\/lavocedelpaese.info\/index.php\/2025\/05\/17\/conclusione-dellanno-accademico-dellute-ecco-gli-appuntamenti\/"},"modified":"2025-05-17T07:14:11","modified_gmt":"2025-05-17T07:14:11","slug":"conclusione-dellanno-accademico-dellute-ecco-gli-appuntamenti","status":"publish","type":"post","link":"https:\/\/lavocedelpaese.info\/index.php\/2025\/05\/17\/conclusione-dellanno-accademico-dellute-ecco-gli-appuntamenti\/","title":{"rendered":"Conclusione dell\u2019anno accademico dell\u2019UTE: ecco gli appuntamenti\u00a0\u200b"},"content":{"rendered":"<p>\u00a0<\/p>\n<p>\u200b\u00a0<\/p>\n<p>\u200b\u00a0<\/p>\n<p>In questo 2025 l\u2019anno accademico dell\u2019Universit\u00e0 della Terza Et\u00e0 si concluder\u00e0 in modo del tutto nuovo: dal 19 al 29 maggio si dar\u00e0 il via a \u201cI Giorni della Cultura\u201d ovvero una serie di incontri con autorevoli ospiti che ogni giorno intratterranno il pubblico su diverse tematiche di grande interesse ed impatto emotivo.<\/p>\n<p>Tra gli eventi in programma si segnala il corteo per le vie della citt\u00e0 che si terr\u00e0 mercoled\u00ec 28 maggio in occasione della Giornata della Pace.<br \/>Per concludere, negli ultimi giorni di maggio e nei giorni 1 e 2 giugno non mancheranno le consuete attivit\u00e0 di fine anno con i saggi e le mostre.<br \/>Ancora una volta l\u2019UTE intende dare al territorio un segno forte del proprio impegno sociale e culturale.<\/p>\n<p>Tutte le attivit\u00e0 in programma sono aperte alla cittadinanza.<\/p>\n<figure class=\"wp-block-image size-full\"><img decoding=\"async\" width=\"600\" height=\"849\" src=\"https:\/\/cassano.lavocedelpaese.info\/wp-content\/uploads\/2025\/05\/WhatsApp-Image-2025-05-16-at-19.59.54.jpeg\" alt=\"\" class=\"wp-image-6636\"\/><\/figure>\n<p><a class=\"a2a_button_facebook\" href=\"https:\/\/www.addtoany.com\/add_to\/facebook?linkurl=https%3A%2F%2Fcassano.lavocedelpaese.info%2Fconclusione-dellanno-accademico-dellute-ecco-gli-appuntamenti%2F&amp;linkname=Conclusione%20dell%E2%80%99anno%20accademico%20dell%E2%80%99UTE%3A%20ecco%20gli%20appuntamenti\" title=\"Facebook\" rel=\"nofollow noopener\" target=\"_blank\"><\/a><a class=\"a2a_button_twitter\" href=\"https:\/\/www.addtoany.com\/add_to\/twitter?linkurl=https%3A%2F%2Fcassano.lavocedelpaese.info%2Fconclusione-dellanno-accademico-dellute-ecco-gli-appuntamenti%2F&amp;linkname=Conclusione%20dell%E2%80%99anno%20accademico%20dell%E2%80%99UTE%3A%20ecco%20gli%20appuntamenti\" title=\"Twitter\" rel=\"nofollow noopener\" target=\"_blank\"><\/a><a class=\"a2a_button_whatsapp\" href=\"https:\/\/www.addtoany.com\/add_to\/whatsapp?linkurl=https%3A%2F%2Fcassano.lavocedelpaese.info%2Fconclusione-dellanno-accademico-dellute-ecco-gli-appuntamenti%2F&amp;linkname=Conclusione%20dell%E2%80%99anno%20accademico%20dell%E2%80%99UTE%3A%20ecco%20gli%20appuntamenti\" title=\"WhatsApp\" rel=\"nofollow noopener\" target=\"_blank\"><\/a><a class=\"a2a_button_telegram\" href=\"https:\/\/www.addtoany.com\/add_to\/telegram?linkurl=https%3A%2F%2Fcassano.lavocedelpaese.info%2Fconclusione-dellanno-accademico-dellute-ecco-gli-appuntamenti%2F&amp;linkname=Conclusione%20dell%E2%80%99anno%20accademico%20dell%E2%80%99UTE%3A%20ecco%20gli%20appuntamenti\" title=\"Telegram\" rel=\"nofollow noopener\" target=\"_blank\"><\/a><a class=\"a2a_button_email\" href=\"https:\/\/www.addtoany.com\/add_to\/email?linkurl=https%3A%2F%2Fcassano.lavocedelpaese.info%2Fconclusione-dellanno-accademico-dellute-ecco-gli-appuntamenti%2F&amp;linkname=Conclusione%20dell%E2%80%99anno%20accademico%20dell%E2%80%99UTE%3A%20ecco%20gli%20appuntamenti\" title=\"Email\" rel=\"nofollow noopener\" target=\"_blank\"><\/a><\/p>\n<p>\u00a0<\/p>\n<p>\u00a0<\/p>\n<p>\u200b\u00a0\u00a0\u00a0<\/p>","protected":false},"excerpt":{"rendered":"<p>\u00a0 \u200b\u00a0 \u200b\u00a0 In questo 2025 l\u2019anno accademico dell\u2019Universit\u00e0 della Terza Et\u00e0 si concluder\u00e0 in modo del tutto nuovo: dal<\/p>\n","protected":false},"author":6,"featured_media":9368,"comment_status":"open","ping_status":"closed","sticky":false,"template":"","format":"standard","meta":{"colormag_page_container_layout":"default_layout","colormag_page_sidebar_layout":"default_layout","footnotes":""},"categories":[33],"tags":[],"class_list":["post-9367","post","type-post","status-publish","format-standard","has-post-thumbnail","hentry","category-network"],"yoast_head":"<!-- This site is optimized with the Yoast SEO plugin v27.5 - https:\/\/yoast.com\/product\/yoast-seo-wordpress\/ -->\n<title>Conclusione dell\u2019anno accademico dell\u2019UTE: ecco gli appuntamenti\u00a0\u200b - La Voce del Paese<\/title>\n<meta name=\"robots\" content=\"index, follow, max-snippet:-1, max-image-preview:large, max-video-preview:-1\" \/>\n<link rel=\"canonical\" href=\"https:\/\/lavocedelpaese.info\/index.php\/2025\/05\/17\/conclusione-dellanno-accademico-dellute-ecco-gli-appuntamenti\/\" \/>\n<meta property=\"og:locale\" content=\"it_IT\" \/>\n<meta property=\"og:type\" content=\"article\" \/>\n<meta property=\"og:title\" content=\"Conclusione dell\u2019anno accademico dell\u2019UTE: ecco gli appuntamenti\u00a0\u200b - La Voce del Paese\" \/>\n<meta property=\"og:description\" content=\"\u00a0 \u200b\u00a0 \u200b\u00a0 In questo 2025 l\u2019anno accademico dell\u2019Universit\u00e0 della Terza Et\u00e0 si concluder\u00e0 in modo del tutto nuovo: dal\" \/>\n<meta property=\"og:url\" content=\"https:\/\/lavocedelpaese.info\/index.php\/2025\/05\/17\/conclusione-dellanno-accademico-dellute-ecco-gli-appuntamenti\/\" \/>\n<meta property=\"og:site_name\" content=\"La Voce del Paese\" \/>\n<meta property=\"article:publisher\" content=\"https:\/\/www.facebook.com\/lavocedelpaese.info\" \/>\n<meta property=\"article:published_time\" content=\"2025-05-17T07:14:11+00:00\" \/>\n<meta name=\"author\" content=\"admin\" \/>\n<meta name=\"twitter:card\" content=\"summary_large_image\" \/>\n<meta name=\"twitter:label1\" content=\"Scritto da\" \/>\n\t<meta name=\"twitter:data1\" content=\"admin\" \/>\n\t<meta name=\"twitter:label2\" content=\"Tempo di lettura stimato\" \/>\n\t<meta name=\"twitter:data2\" content=\"1 minuto\" \/>\n<script type=\"application\/ld+json\" class=\"yoast-schema-graph\">{\"@context\":\"https:\\\/\\\/schema.org\",\"@graph\":[{\"@type\":\"Article\",\"@id\":\"https:\\\/\\\/lavocedelpaese.info\\\/index.php\\\/2025\\\/05\\\/17\\\/conclusione-dellanno-accademico-dellute-ecco-gli-appuntamenti\\\/#article\",\"isPartOf\":{\"@id\":\"https:\\\/\\\/lavocedelpaese.info\\\/index.php\\\/2025\\\/05\\\/17\\\/conclusione-dellanno-accademico-dellute-ecco-gli-appuntamenti\\\/\"},\"author\":{\"name\":\"admin\",\"@id\":\"https:\\\/\\\/lavocedelpaese.info\\\/#\\\/schema\\\/person\\\/ec151d321306bd7591f7a061abf72d88\"},\"headline\":\"Conclusione dell\u2019anno accademico dell\u2019UTE: ecco gli appuntamenti\u00a0\u200b\",\"datePublished\":\"2025-05-17T07:14:11+00:00\",\"mainEntityOfPage\":{\"@id\":\"https:\\\/\\\/lavocedelpaese.info\\\/index.php\\\/2025\\\/05\\\/17\\\/conclusione-dellanno-accademico-dellute-ecco-gli-appuntamenti\\\/\"},\"wordCount\":139,\"commentCount\":0,\"publisher\":{\"@id\":\"https:\\\/\\\/lavocedelpaese.info\\\/#organization\"},\"image\":{\"@id\":\"https:\\\/\\\/lavocedelpaese.info\\\/index.php\\\/2025\\\/05\\\/17\\\/conclusione-dellanno-accademico-dellute-ecco-gli-appuntamenti\\\/#primaryimage\"},\"thumbnailUrl\":\"https:\\\/\\\/lavocedelpaese.info\\\/wp-content\\\/uploads\\\/2025\\\/05\\\/WhatsApp-Image-2025-05-16-at-19.59.54-sW6sDz.jpg\",\"articleSection\":[\"network\"],\"inLanguage\":\"it-IT\",\"potentialAction\":[{\"@type\":\"CommentAction\",\"name\":\"Comment\",\"target\":[\"https:\\\/\\\/lavocedelpaese.info\\\/index.php\\\/2025\\\/05\\\/17\\\/conclusione-dellanno-accademico-dellute-ecco-gli-appuntamenti\\\/#respond\"]}]},{\"@type\":\"WebPage\",\"@id\":\"https:\\\/\\\/lavocedelpaese.info\\\/index.php\\\/2025\\\/05\\\/17\\\/conclusione-dellanno-accademico-dellute-ecco-gli-appuntamenti\\\/\",\"url\":\"https:\\\/\\\/lavocedelpaese.info\\\/index.php\\\/2025\\\/05\\\/17\\\/conclusione-dellanno-accademico-dellute-ecco-gli-appuntamenti\\\/\",\"name\":\"Conclusione dell\u2019anno accademico dell\u2019UTE: ecco gli appuntamenti\u00a0\u200b - La Voce del Paese\",\"isPartOf\":{\"@id\":\"https:\\\/\\\/lavocedelpaese.info\\\/#website\"},\"primaryImageOfPage\":{\"@id\":\"https:\\\/\\\/lavocedelpaese.info\\\/index.php\\\/2025\\\/05\\\/17\\\/conclusione-dellanno-accademico-dellute-ecco-gli-appuntamenti\\\/#primaryimage\"},\"image\":{\"@id\":\"https:\\\/\\\/lavocedelpaese.info\\\/index.php\\\/2025\\\/05\\\/17\\\/conclusione-dellanno-accademico-dellute-ecco-gli-appuntamenti\\\/#primaryimage\"},\"thumbnailUrl\":\"https:\\\/\\\/lavocedelpaese.info\\\/wp-content\\\/uploads\\\/2025\\\/05\\\/WhatsApp-Image-2025-05-16-at-19.59.54-sW6sDz.jpg\",\"datePublished\":\"2025-05-17T07:14:11+00:00\",\"breadcrumb\":{\"@id\":\"https:\\\/\\\/lavocedelpaese.info\\\/index.php\\\/2025\\\/05\\\/17\\\/conclusione-dellanno-accademico-dellute-ecco-gli-appuntamenti\\\/#breadcrumb\"},\"inLanguage\":\"it-IT\",\"potentialAction\":[{\"@type\":\"ReadAction\",\"target\":[\"https:\\\/\\\/lavocedelpaese.info\\\/index.php\\\/2025\\\/05\\\/17\\\/conclusione-dellanno-accademico-dellute-ecco-gli-appuntamenti\\\/\"]}]},{\"@type\":\"ImageObject\",\"inLanguage\":\"it-IT\",\"@id\":\"https:\\\/\\\/lavocedelpaese.info\\\/index.php\\\/2025\\\/05\\\/17\\\/conclusione-dellanno-accademico-dellute-ecco-gli-appuntamenti\\\/#primaryimage\",\"url\":\"https:\\\/\\\/lavocedelpaese.info\\\/wp-content\\\/uploads\\\/2025\\\/05\\\/WhatsApp-Image-2025-05-16-at-19.59.54-sW6sDz.jpg\",\"contentUrl\":\"https:\\\/\\\/lavocedelpaese.info\\\/wp-content\\\/uploads\\\/2025\\\/05\\\/WhatsApp-Image-2025-05-16-at-19.59.54-sW6sDz.jpg\",\"width\":565,\"height\":800},{\"@type\":\"BreadcrumbList\",\"@id\":\"https:\\\/\\\/lavocedelpaese.info\\\/index.php\\\/2025\\\/05\\\/17\\\/conclusione-dellanno-accademico-dellute-ecco-gli-appuntamenti\\\/#breadcrumb\",\"itemListElement\":[{\"@type\":\"ListItem\",\"position\":1,\"name\":\"Home\",\"item\":\"https:\\\/\\\/lavocedelpaese.info\\\/\"},{\"@type\":\"ListItem\",\"position\":2,\"name\":\"Conclusione dell\u2019anno accademico dell\u2019UTE: ecco gli appuntamenti\u00a0\u200b\"}]},{\"@type\":\"WebSite\",\"@id\":\"https:\\\/\\\/lavocedelpaese.info\\\/#website\",\"url\":\"https:\\\/\\\/lavocedelpaese.info\\\/\",\"name\":\"La Voce del Paese\",\"description\":\"Un network di idee\",\"publisher\":{\"@id\":\"https:\\\/\\\/lavocedelpaese.info\\\/#organization\"},\"potentialAction\":[{\"@type\":\"SearchAction\",\"target\":{\"@type\":\"EntryPoint\",\"urlTemplate\":\"https:\\\/\\\/lavocedelpaese.info\\\/?s={search_term_string}\"},\"query-input\":{\"@type\":\"PropertyValueSpecification\",\"valueRequired\":true,\"valueName\":\"search_term_string\"}}],\"inLanguage\":\"it-IT\"},{\"@type\":\"Organization\",\"@id\":\"https:\\\/\\\/lavocedelpaese.info\\\/#organization\",\"name\":\"La Voce del Paese\",\"url\":\"https:\\\/\\\/lavocedelpaese.info\\\/\",\"logo\":{\"@type\":\"ImageObject\",\"inLanguage\":\"it-IT\",\"@id\":\"https:\\\/\\\/lavocedelpaese.info\\\/#\\\/schema\\\/logo\\\/image\\\/\",\"url\":\"https:\\\/\\\/lavocedelpaese.info\\\/wp-content\\\/uploads\\\/2023\\\/01\\\/cropped-logo-150-127.png\",\"contentUrl\":\"https:\\\/\\\/lavocedelpaese.info\\\/wp-content\\\/uploads\\\/2023\\\/01\\\/cropped-logo-150-127.png\",\"width\":137,\"height\":119,\"caption\":\"La Voce del Paese\"},\"image\":{\"@id\":\"https:\\\/\\\/lavocedelpaese.info\\\/#\\\/schema\\\/logo\\\/image\\\/\"},\"sameAs\":[\"https:\\\/\\\/www.facebook.com\\\/lavocedelpaese.info\"]},{\"@type\":\"Person\",\"@id\":\"https:\\\/\\\/lavocedelpaese.info\\\/#\\\/schema\\\/person\\\/ec151d321306bd7591f7a061abf72d88\",\"name\":\"admin\",\"image\":{\"@type\":\"ImageObject\",\"inLanguage\":\"it-IT\",\"@id\":\"https:\\\/\\\/secure.gravatar.com\\\/avatar\\\/af8f2caf0663124588de48a9380e07cbc95a74ef15b8062d0d39106c32fe3023?s=96&d=mm&r=g\",\"url\":\"https:\\\/\\\/secure.gravatar.com\\\/avatar\\\/af8f2caf0663124588de48a9380e07cbc95a74ef15b8062d0d39106c32fe3023?s=96&d=mm&r=g\",\"contentUrl\":\"https:\\\/\\\/secure.gravatar.com\\\/avatar\\\/af8f2caf0663124588de48a9380e07cbc95a74ef15b8062d0d39106c32fe3023?s=96&d=mm&r=g\",\"caption\":\"admin\"},\"sameAs\":[\"https:\\\/\\\/lavocedelpaese.info\"],\"url\":\"https:\\\/\\\/lavocedelpaese.info\\\/index.php\\\/author\\\/admin\\\/\"}]}<\/script>\n<!-- \/ Yoast SEO plugin. -->","yoast_head_json":{"title":"Conclusione dell\u2019anno accademico dell\u2019UTE: ecco gli appuntamenti\u00a0\u200b - La Voce del Paese","robots":{"index":"index","follow":"follow","max-snippet":"max-snippet:-1","max-image-preview":"max-image-preview:large","max-video-preview":"max-video-preview:-1"},"canonical":"https:\/\/lavocedelpaese.info\/index.php\/2025\/05\/17\/conclusione-dellanno-accademico-dellute-ecco-gli-appuntamenti\/","og_locale":"it_IT","og_type":"article","og_title":"Conclusione dell\u2019anno accademico dell\u2019UTE: ecco gli appuntamenti\u00a0\u200b - La Voce del Paese","og_description":"\u00a0 \u200b\u00a0 \u200b\u00a0 In questo 2025 l\u2019anno accademico dell\u2019Universit\u00e0 della Terza Et\u00e0 si concluder\u00e0 in modo del tutto nuovo: dal","og_url":"https:\/\/lavocedelpaese.info\/index.php\/2025\/05\/17\/conclusione-dellanno-accademico-dellute-ecco-gli-appuntamenti\/","og_site_name":"La Voce del Paese","article_publisher":"https:\/\/www.facebook.com\/lavocedelpaese.info","article_published_time":"2025-05-17T07:14:11+00:00","author":"admin","twitter_card":"summary_large_image","twitter_misc":{"Scritto da":"admin","Tempo di lettura stimato":"1 minuto"},"schema":{"@context":"https:\/\/schema.org","@graph":[{"@type":"Article","@id":"https:\/\/lavocedelpaese.info\/index.php\/2025\/05\/17\/conclusione-dellanno-accademico-dellute-ecco-gli-appuntamenti\/#article","isPartOf":{"@id":"https:\/\/lavocedelpaese.info\/index.php\/2025\/05\/17\/conclusione-dellanno-accademico-dellute-ecco-gli-appuntamenti\/"},"author":{"name":"admin","@id":"https:\/\/lavocedelpaese.info\/#\/schema\/person\/ec151d321306bd7591f7a061abf72d88"},"headline":"Conclusione dell\u2019anno accademico dell\u2019UTE: ecco gli appuntamenti\u00a0\u200b","datePublished":"2025-05-17T07:14:11+00:00","mainEntityOfPage":{"@id":"https:\/\/lavocedelpaese.info\/index.php\/2025\/05\/17\/conclusione-dellanno-accademico-dellute-ecco-gli-appuntamenti\/"},"wordCount":139,"commentCount":0,"publisher":{"@id":"https:\/\/lavocedelpaese.info\/#organization"},"image":{"@id":"https:\/\/lavocedelpaese.info\/index.php\/2025\/05\/17\/conclusione-dellanno-accademico-dellute-ecco-gli-appuntamenti\/#primaryimage"},"thumbnailUrl":"https:\/\/lavocedelpaese.info\/wp-content\/uploads\/2025\/05\/WhatsApp-Image-2025-05-16-at-19.59.54-sW6sDz.jpg","articleSection":["network"],"inLanguage":"it-IT","potentialAction":[{"@type":"CommentAction","name":"Comment","target":["https:\/\/lavocedelpaese.info\/index.php\/2025\/05\/17\/conclusione-dellanno-accademico-dellute-ecco-gli-appuntamenti\/#respond"]}]},{"@type":"WebPage","@id":"https:\/\/lavocedelpaese.info\/index.php\/2025\/05\/17\/conclusione-dellanno-accademico-dellute-ecco-gli-appuntamenti\/","url":"https:\/\/lavocedelpaese.info\/index.php\/2025\/05\/17\/conclusione-dellanno-accademico-dellute-ecco-gli-appuntamenti\/","name":"Conclusione dell\u2019anno accademico dell\u2019UTE: ecco gli appuntamenti\u00a0\u200b - La Voce del Paese","isPartOf":{"@id":"https:\/\/lavocedelpaese.info\/#website"},"primaryImageOfPage":{"@id":"https:\/\/lavocedelpaese.info\/index.php\/2025\/05\/17\/conclusione-dellanno-accademico-dellute-ecco-gli-appuntamenti\/#primaryimage"},"image":{"@id":"https:\/\/lavocedelpaese.info\/index.php\/2025\/05\/17\/conclusione-dellanno-accademico-dellute-ecco-gli-appuntamenti\/#primaryimage"},"thumbnailUrl":"https:\/\/lavocedelpaese.info\/wp-content\/uploads\/2025\/05\/WhatsApp-Image-2025-05-16-at-19.59.54-sW6sDz.jpg","datePublished":"2025-05-17T07:14:11+00:00","breadcrumb":{"@id":"https:\/\/lavocedelpaese.info\/index.php\/2025\/05\/17\/conclusione-dellanno-accademico-dellute-ecco-gli-appuntamenti\/#breadcrumb"},"inLanguage":"it-IT","potentialAction":[{"@type":"ReadAction","target":["https:\/\/lavocedelpaese.info\/index.php\/2025\/05\/17\/conclusione-dellanno-accademico-dellute-ecco-gli-appuntamenti\/"]}]},{"@type":"ImageObject","inLanguage":"it-IT","@id":"https:\/\/lavocedelpaese.info\/index.php\/2025\/05\/17\/conclusione-dellanno-accademico-dellute-ecco-gli-appuntamenti\/#primaryimage","url":"https:\/\/lavocedelpaese.info\/wp-content\/uploads\/2025\/05\/WhatsApp-Image-2025-05-16-at-19.59.54-sW6sDz.jpg","contentUrl":"https:\/\/lavocedelpaese.info\/wp-content\/uploads\/2025\/05\/WhatsApp-Image-2025-05-16-at-19.59.54-sW6sDz.jpg","width":565,"height":800},{"@type":"BreadcrumbList","@id":"https:\/\/lavocedelpaese.info\/index.php\/2025\/05\/17\/conclusione-dellanno-accademico-dellute-ecco-gli-appuntamenti\/#breadcrumb","itemListElement":[{"@type":"ListItem","position":1,"name":"Home","item":"https:\/\/lavocedelpaese.info\/"},{"@type":"ListItem","position":2,"name":"Conclusione dell\u2019anno accademico dell\u2019UTE: ecco gli appuntamenti\u00a0\u200b"}]},{"@type":"WebSite","@id":"https:\/\/lavocedelpaese.info\/#website","url":"https:\/\/lavocedelpaese.info\/","name":"La Voce del Paese","description":"Un network di idee","publisher":{"@id":"https:\/\/lavocedelpaese.info\/#organization"},"potentialAction":[{"@type":"SearchAction","target":{"@type":"EntryPoint","urlTemplate":"https:\/\/lavocedelpaese.info\/?s={search_term_string}"},"query-input":{"@type":"PropertyValueSpecification","valueRequired":true,"valueName":"search_term_string"}}],"inLanguage":"it-IT"},{"@type":"Organization","@id":"https:\/\/lavocedelpaese.info\/#organization","name":"La Voce del Paese","url":"https:\/\/lavocedelpaese.info\/","logo":{"@type":"ImageObject","inLanguage":"it-IT","@id":"https:\/\/lavocedelpaese.info\/#\/schema\/logo\/image\/","url":"https:\/\/lavocedelpaese.info\/wp-content\/uploads\/2023\/01\/cropped-logo-150-127.png","contentUrl":"https:\/\/lavocedelpaese.info\/wp-content\/uploads\/2023\/01\/cropped-logo-150-127.png","width":137,"height":119,"caption":"La Voce del Paese"},"image":{"@id":"https:\/\/lavocedelpaese.info\/#\/schema\/logo\/image\/"},"sameAs":["https:\/\/www.facebook.com\/lavocedelpaese.info"]},{"@type":"Person","@id":"https:\/\/lavocedelpaese.info\/#\/schema\/person\/ec151d321306bd7591f7a061abf72d88","name":"admin","image":{"@type":"ImageObject","inLanguage":"it-IT","@id":"https:\/\/secure.gravatar.com\/avatar\/af8f2caf0663124588de48a9380e07cbc95a74ef15b8062d0d39106c32fe3023?s=96&d=mm&r=g","url":"https:\/\/secure.gravatar.com\/avatar\/af8f2caf0663124588de48a9380e07cbc95a74ef15b8062d0d39106c32fe3023?s=96&d=mm&r=g","contentUrl":"https:\/\/secure.gravatar.com\/avatar\/af8f2caf0663124588de48a9380e07cbc95a74ef15b8062d0d39106c32fe3023?s=96&d=mm&r=g","caption":"admin"},"sameAs":["https:\/\/lavocedelpaese.info"],"url":"https:\/\/lavocedelpaese.info\/index.php\/author\/admin\/"}]}},"_links":{"self":[{"href":"https:\/\/lavocedelpaese.info\/index.php\/wp-json\/wp\/v2\/posts\/9367","targetHints":{"allow":["GET"]}}],"collection":[{"href":"https:\/\/lavocedelpaese.info\/index.php\/wp-json\/wp\/v2\/posts"}],"about":[{"href":"https:\/\/lavocedelpaese.info\/index.php\/wp-json\/wp\/v2\/types\/post"}],"author":[{"embeddable":true,"href":"https:\/\/lavocedelpaese.info\/index.php\/wp-json\/wp\/v2\/users\/6"}],"replies":[{"embeddable":true,"href":"https:\/\/lavocedelpaese.info\/index.php\/wp-json\/wp\/v2\/comments?post=9367"}],"version-history":[{"count":0,"href":"https:\/\/lavocedelpaese.info\/index.php\/wp-json\/wp\/v2\/posts\/9367\/revisions"}],"wp:featuredmedia":[{"embeddable":true,"href":"https:\/\/lavocedelpaese.info\/index.php\/wp-json\/wp\/v2\/media\/9368"}],"wp:attachment":[{"href":"https:\/\/lavocedelpaese.info\/index.php\/wp-json\/wp\/v2\/media?parent=9367"}],"wp:term":[{"taxonomy":"category","embeddable":true,"href":"https:\/\/lavocedelpaese.info\/index.php\/wp-json\/wp\/v2\/categories?post=9367"},{"taxonomy":"post_tag","embeddable":true,"href":"https:\/\/lavocedelpaese.info\/index.php\/wp-json\/wp\/v2\/tags?post=9367"}],"curies":[{"name":"wp","href":"https:\/\/api.w.org\/{rel}","templated":true}]}}