{"id":9345,"date":"2025-05-15T06:15:41","date_gmt":"2025-05-15T06:15:41","guid":{"rendered":"https:\/\/lavocedelpaese.info\/index.php\/2025\/05\/15\/domenica-18-maggio-la-19esima-edizione-della-race-for-the-cure\/"},"modified":"2025-05-15T06:15:41","modified_gmt":"2025-05-15T06:15:41","slug":"domenica-18-maggio-la-19esima-edizione-della-race-for-the-cure","status":"publish","type":"post","link":"https:\/\/lavocedelpaese.info\/index.php\/2025\/05\/15\/domenica-18-maggio-la-19esima-edizione-della-race-for-the-cure\/","title":{"rendered":"Domenica 18 maggio la 19esima edizione della Race for the Cure\u00a0\u200b"},"content":{"rendered":"<p>\u00a0<\/p>\n<p>\u200b\u00a0<\/p>\n<p>\u200b\u00a0<\/p>\n<p>\u00c8 stata presentata ieri mattina nella sala consiliare del Comune la 19esima edizione della Race for the Cure di Bari, la tre giorni di sport, salute e benessere organizzata dal comitato Puglia della Komen Italia che si terr\u00e0 da venerd\u00ec 16 maggio a domenica 18 maggio in piazza Libert\u00e0.<\/p>\n<p><em>\u201cLa Race for the Cure \u00e8 un modello di responsabilit\u00e0 sociale frutto di una crescita culturale collettiva. \u00c8 una grande festa inclusiva che parte dalle famiglie, dagli amici, da chi sa fare squadra nella vita, persone che durante l\u2019anno piantano semi che a maggio vediamo germogliare. Se sul lungomare di Bari si riversano decine di migliaia di persone non \u00e8 un caso, \u00e8 il senso di appartenenza ad una comunit\u00e0 che spinge tutti noi ad esserci. Chi corre, chi cammina, chi semplicemente \u00e8 l\u00ec, chi dietro le quinte lavora, chi \u00e8 con noi con il cuore. Questo \u00e8 un aspetto che mi preme sottolineare, la passione civile dalla quale dipende la qualit\u00e0 delle nostre vite, del nostro stare insieme come comunit\u00e0 \u00e8 ci\u00f2 che ci unisce ed \u00e8 ci\u00f2 che porta tante persone ad essere parte di questo modello virtuoso. Oggi siamo qui per presentare la 19esima edizione della Race di Bari, ma la Komen opera tutto l\u2019anno attraverso la Carovana della Prevenzione, le Tavole della salute, i progetti all\u2019interno degli ospedali e con le associazioni. L\u2019energia di tutte queste persone cos\u00ec diverse eppure cos\u00ec vicine tra loro \u00e8 tangibile e sono tasselli di un mosaico pi\u00f9 grande che tenacemente portiamo avanti per occuparci della lotta al tumore al seno. Siamo consapevoli che tanto ancora va fatto e che insieme siamo pi\u00f9 efficaci. La lotta contro i tumori va combattuta da tutti, ogni giorno, sotto ogni aspetto nel campo della prevenzione, del supporto, dell\u2019ausilio e della presa in carico dei pazienti. Non possiamo parlare di prevenzione se a monte non si trovano le risorse necessarie per facilitare l\u2019accesso ai servizi sanitari di tutti\u201d<\/em> afferma L<strong>inda Catucci, presidente del comitato Puglia della Susan G. Komen Italia.<\/strong><\/p>\n<p>Per il secondo anno consecutivo alla passeggiata non competitiva di 2 km e alla gara podistica non competitiva di 5 km si affiancher\u00e0 la gara podistica competitiva di 10 km, tanto richiesta dagli atleti agonisti.<\/p>\n<p>Il Villaggio della Race si inaugurer\u00e0 venerd\u00ec 16 maggio alle ore 15, con il taglio del nastro che vedr\u00e0 come ospite d\u2019onore per la prima volta il procuratore della Repubblica di Bari, Roberto Rossi e la presidente della fondazione Johnson &amp; Johnson, Barbara Saba.<\/p>\n<p>\u201cLa Race \u00e8 una manifestazione che vuole al tempo stesso tenere alta l\u2019attenzione sulla azione di contrasto ai tumori del seno, incoraggiare i partecipanti a prendersi cura della propria salute e raccogliere fondi per sostenere nuovi programmi di ricerca, prevenzione, cura sensibilizzazione e formazione permanente\u201d\u2013 dichiara il professore Riccardo Masetti, Fondatore della Komen Italia.<\/p>\n<p>\u201cAttraverso la testimonianza positiva delle \u201cdonne in rosa\u201d \u2013 donne che hanno affrontato o stanno affrontando il tumore del seno \u2013 ha contribuito negli anni a generare un cambiamento culturale, sostituendo la paura e il senso di isolamento generato dalla malattia con valori di vicinanza e condivisione\u201d<\/p>\n<p>Nel Villaggio della Salute saranno offerti gratuitamente esami diagnostici di screening per i tumori del seno e le principali patologie femminili, in particolare a persone che vivono in condizioni di fragilit\u00e0 sociale o economica<\/p>\n<p>Sar\u00e0 quindi possibile effettuare esami mammografici, ecografie mammarie e visite senologiche ma anche visite ginecologiche, dermatologiche, ecografie tiroidee, consulenze nutrizionali, fisiatriche, e di genetica oncologica per donne con tumore alla mammella e uomini con tumore alla prostata, test spirometrici, elettrocardiogrammi, misurazioni della pressione arterios e della glicemia, valutazione del rischio cardio-vascolare e body work terapeutico.<\/p>\n<p>La Regione Puglia e le aziende sanitarie offriranno inoltre informazioni e counseling sui programmi regionali di screening diagnosi precoce dei tumori, sulla presa in carico dei pazienti oncologici e delle attivit\u00e0 delle Breast Unit, sui programmi di immunizzazione e di prevenzione vaccinale, e anche somministrazione dei vaccini anti-HPV e anti herpes zoster per i soggetti aventi diritto.<\/p>\n<p>Alla conferenza stampa ha preso parte anche il sindaco di Bari, Vito Leccese \u201cSiamo felici dell\u2019atteso ritorno della Race for the Cure, un evento giunto alla \u201cmaggiore et\u00e0\u201d, che diffonde un messaggio fondamentale per la salute di tutte le donne. Una manifestazione che, al contempo, contribuisce a rendere pi\u00f9 coesa la nostra comunit\u00e0. La Komen, infatti, svolge un lavoro importantissimo, agendo in via sussidiaria rispetto al servizio pubblico.<\/p>\n<p>Questa manifestazione ha il grande merito di consentire alle persone in maggiore difficolt\u00e0 o in condizioni di disagio socio-economico di sottoporsi a screening gratuiti con particolare riguardo alle principali patologie femminili, favorendo concretamente la prevenzione in un contesto positivo, che guarda alla salute e al benessere di tutte e di tutti.<\/p>\n<p>Il 18 maggio sar\u00e0 la mia prima edizione da sindaco, e sono davvero emozionato all\u2019idea di viverla insieme ai partecipanti e agli organizzatori, a cui sono grato perch\u00e9 da sempre ci aiutano a costruire la pi\u00f9 grande infrastruttura della citt\u00e0 che non \u00e8 fisica ma sociale, e si chiama comunit\u00e0\u201d.<\/p>\n<p>Il Villaggio rester\u00e0 aperto dalle ore 15 di venerd\u00ec 16 sino alle 20, il sabato dalle 9 di mattina alle 20 di sera e domenica 18 dalle 9 sino al termine della Race.<\/p>\n<p>Nell\u2019area Conferenze del Villaggio della Salute si dar\u00e0 spazio alle innovazioni cliniche e scientifiche nei vari ambiti di cura del tumore. Ricordiamo che uno dei principali obiettivi della Komen \u00e8 promuovere la prevenzione primaria, secondaria e terziaria affiancando le istituzioni sanitarie e promuovendo la formazione e la divulgazione dei progressi scientifici, diagnostici e terapeutici. In questa direzione si muove il convegno di sabato 17 maggio alle ore 9, con la direzione scientifica della presidente nazionale Komen Italia, Daniela Terribile sulla De-escalation come nuova strategia diagnostico-terapeutica del carcinoma mammario.<\/p>\n<p>Cuore pulsante del Villaggio, l\u2019area riservata alle donne in rosa dove ci saranno trattamenti di benessere e make up, creazioni di segnalibro \u2013 laboratorio Nata nella carta, Legami laboratorio di uncinetto, coccole sonore con le campane tibetane.<\/p>\n<p>Un\u2019intera area del Villaggio sar\u00e0 dedicata ai bambini con laboratori creativi, ginnastica ritmica, e balloon art.<\/p>\n<p>\u201cLa partecipazione del comitato Komen Puglia al Piano strategico per la promozione della salute nelle scuole con il progetto Non fermiamo la prevenzione \u00e8 un ulteriore strumento con il quale portiamo avanti un\u2019azione informativa per i ragazzi che sono sempre pi\u00f9 interessati e coinvolti in attivit\u00e0 di solidariet\u00e0 e volontariato, come dimostra l\u2019ampia e sentita partecipazione alla Race Bari delle squadre studentesche, che sono ogni anno pi\u00f9 numerose e che rappresentano un segno tangibile di quanto la prevenzione e l\u2019altruismo siano ben radicati nelle nuove generazioni\u201d spiega Catucci.<\/p>\n<p>Un\u2019altra novit\u00e0 di quest\u2019anno \u00e8 legata all\u2019impegno delle tante aziende che hanno voluto sostenere la Komen rinunciando al loro spazio espositivo e donando prestazioni sanitarie, un gesto che mostra il senso di solidariet\u00e0 e amore verso il prossimo che le anima.<\/p>\n<p>Tre spazi distinti, il primo sulla genetica donato dall\u2019azienda La Lucente spa che offrir\u00e0 consulenza genetica oncologica dedicata a donne con tumore alla mammella e uomini con tumore alla prostata previo counseling genetico prelievo salivare per le persone eleggibili a cura dell\u2019azienda ospedaliero universitaria consorziale policlinico di Bari.<\/p>\n<p>Il secondo sulla spirometria, donato dall\u2019azienda Primadonna che offrir\u00e0 test spirometrico \u2013 informazioni e counseling su programmi di screening territoriali sul tumore del polmone. Esami di rilevazione del monossido di carbonio a cura I.R.C.C.S. Giovanni Paolo II Istituto Oncologico \u2013 Bari.<\/p>\n<p>Il terzo sulla terapia integrata: shiatsu, donato dall\u2019azienda Casillo che offrir\u00e0 prestazioni di body work terapeutico \u2013 tecnica di origine orientale che ha lo scopo di preservare e riacquistare il benessere psicofisico.<\/p>\n<p>Prendersi cura delle persone significa offrire quanto pi\u00f9 aiuto e sostegno possibile, per questo nel Villaggio Race ci sar\u00e0 per la prima volta il Baby Pit Stop nello stand dell\u2019ordine delle ostetriche, uno spazio riservato e rilassante dove le neo-mamme avranno a disposizione un fasciatoio e potranno allattare i loro figli in tranquillit\u00e0.<\/p>\n<p>Nello spazio salute e alimentazione sia venerd\u00ec che sabato spazio a Le ricette del benessere, con degustazione a cura di La Molisana. Domenica sar\u00e0 distribuito Il ricettario della salute elaborato grazie alla consulenza dei medici nutrizionisti Komen Puglia.<\/p>\n<p>La Race for the Cure si svolge sotto l\u2019Alto Patronato del Presidente della Repubblica e con il patrocinio di: Regione Puglia, Comune Bari, Esercito, Carabinieri, Anm, Siae, Treccani, fondazione policlinico universitaria Gemelli, ospedale Isola Tiberina, Cna, Fiamme Gialle, Aeronautica, Confindustria, Ordine Dei Farmacisti, Universit\u00e0 Aldo Moro di Bari, Coni, Sport e Salute, Federazione Italiana Giuoco Calcio, Federazione italiana vela, Federazione Italiana Golf, Federazione italiana Atletica Leggera, Federazione italiana Pallacanestro, Federazione italiana pallavolo, Federazione Canottaggio, Centro di servizio al volontariato San Nicola odv, Federazione italiana surfing, sci nautico e wakeboard.<\/p>\n<p>In collaborazione con il Ministero della Cultura.<\/p>\n<p><a class=\"a2a_button_facebook\" href=\"https:\/\/www.addtoany.com\/add_to\/facebook?linkurl=https%3A%2F%2Fcassano.lavocedelpaese.info%2Fdomenica-18-maggio-la-19esima-edizione-della-race-for-the-cure%2F&amp;linkname=Domenica%2018%20maggio%20la%2019esima%20edizione%20della%20Race%20for%20the%20Cure\" title=\"Facebook\" rel=\"nofollow noopener\" target=\"_blank\"><\/a><a class=\"a2a_button_twitter\" href=\"https:\/\/www.addtoany.com\/add_to\/twitter?linkurl=https%3A%2F%2Fcassano.lavocedelpaese.info%2Fdomenica-18-maggio-la-19esima-edizione-della-race-for-the-cure%2F&amp;linkname=Domenica%2018%20maggio%20la%2019esima%20edizione%20della%20Race%20for%20the%20Cure\" title=\"Twitter\" rel=\"nofollow noopener\" target=\"_blank\"><\/a><a class=\"a2a_button_whatsapp\" href=\"https:\/\/www.addtoany.com\/add_to\/whatsapp?linkurl=https%3A%2F%2Fcassano.lavocedelpaese.info%2Fdomenica-18-maggio-la-19esima-edizione-della-race-for-the-cure%2F&amp;linkname=Domenica%2018%20maggio%20la%2019esima%20edizione%20della%20Race%20for%20the%20Cure\" title=\"WhatsApp\" rel=\"nofollow noopener\" target=\"_blank\"><\/a><a class=\"a2a_button_telegram\" href=\"https:\/\/www.addtoany.com\/add_to\/telegram?linkurl=https%3A%2F%2Fcassano.lavocedelpaese.info%2Fdomenica-18-maggio-la-19esima-edizione-della-race-for-the-cure%2F&amp;linkname=Domenica%2018%20maggio%20la%2019esima%20edizione%20della%20Race%20for%20the%20Cure\" title=\"Telegram\" rel=\"nofollow noopener\" target=\"_blank\"><\/a><a class=\"a2a_button_email\" href=\"https:\/\/www.addtoany.com\/add_to\/email?linkurl=https%3A%2F%2Fcassano.lavocedelpaese.info%2Fdomenica-18-maggio-la-19esima-edizione-della-race-for-the-cure%2F&amp;linkname=Domenica%2018%20maggio%20la%2019esima%20edizione%20della%20Race%20for%20the%20Cure\" title=\"Email\" rel=\"nofollow noopener\" target=\"_blank\"><\/a><\/p>\n<p>\u00a0<\/p>\n<p>\u00a0<\/p>\n<p>\u200b\u00a0\u00a0\u00a0<\/p>","protected":false},"excerpt":{"rendered":"<p>\u00a0 \u200b\u00a0 \u200b\u00a0 \u00c8 stata presentata ieri mattina nella sala consiliare del Comune la 19esima edizione della Race for the<\/p>\n","protected":false},"author":6,"featured_media":730,"comment_status":"open","ping_status":"closed","sticky":false,"template":"","format":"standard","meta":{"colormag_page_container_layout":"default_layout","colormag_page_sidebar_layout":"default_layout","footnotes":""},"categories":[33],"tags":[],"class_list":["post-9345","post","type-post","status-publish","format-standard","has-post-thumbnail","hentry","category-network"],"yoast_head":"<!-- This site is optimized with the Yoast SEO plugin v27.5 - https:\/\/yoast.com\/product\/yoast-seo-wordpress\/ -->\n<title>Domenica 18 maggio la 19esima edizione della Race for the Cure\u00a0\u200b - La Voce del Paese<\/title>\n<meta name=\"robots\" content=\"index, follow, max-snippet:-1, max-image-preview:large, max-video-preview:-1\" \/>\n<link rel=\"canonical\" href=\"https:\/\/lavocedelpaese.info\/index.php\/2025\/05\/15\/domenica-18-maggio-la-19esima-edizione-della-race-for-the-cure\/\" \/>\n<meta property=\"og:locale\" content=\"it_IT\" \/>\n<meta property=\"og:type\" content=\"article\" \/>\n<meta property=\"og:title\" content=\"Domenica 18 maggio la 19esima edizione della Race for the Cure\u00a0\u200b - La Voce del Paese\" \/>\n<meta property=\"og:description\" content=\"\u00a0 \u200b\u00a0 \u200b\u00a0 \u00c8 stata presentata ieri mattina nella sala consiliare del Comune la 19esima edizione della Race for the\" \/>\n<meta property=\"og:url\" content=\"https:\/\/lavocedelpaese.info\/index.php\/2025\/05\/15\/domenica-18-maggio-la-19esima-edizione-della-race-for-the-cure\/\" \/>\n<meta property=\"og:site_name\" content=\"La Voce del Paese\" \/>\n<meta property=\"article:publisher\" content=\"https:\/\/www.facebook.com\/lavocedelpaese.info\" \/>\n<meta property=\"article:published_time\" content=\"2025-05-15T06:15:41+00:00\" \/>\n<meta name=\"author\" content=\"admin\" \/>\n<meta name=\"twitter:card\" content=\"summary_large_image\" \/>\n<meta name=\"twitter:label1\" content=\"Scritto da\" \/>\n\t<meta name=\"twitter:data1\" content=\"admin\" \/>\n\t<meta name=\"twitter:label2\" content=\"Tempo di lettura stimato\" \/>\n\t<meta name=\"twitter:data2\" content=\"7 minuti\" \/>\n<script type=\"application\/ld+json\" class=\"yoast-schema-graph\">{\"@context\":\"https:\\\/\\\/schema.org\",\"@graph\":[{\"@type\":\"Article\",\"@id\":\"https:\\\/\\\/lavocedelpaese.info\\\/index.php\\\/2025\\\/05\\\/15\\\/domenica-18-maggio-la-19esima-edizione-della-race-for-the-cure\\\/#article\",\"isPartOf\":{\"@id\":\"https:\\\/\\\/lavocedelpaese.info\\\/index.php\\\/2025\\\/05\\\/15\\\/domenica-18-maggio-la-19esima-edizione-della-race-for-the-cure\\\/\"},\"author\":{\"name\":\"admin\",\"@id\":\"https:\\\/\\\/lavocedelpaese.info\\\/#\\\/schema\\\/person\\\/ec151d321306bd7591f7a061abf72d88\"},\"headline\":\"Domenica 18 maggio la 19esima edizione della Race for the Cure\u00a0\u200b\",\"datePublished\":\"2025-05-15T06:15:41+00:00\",\"mainEntityOfPage\":{\"@id\":\"https:\\\/\\\/lavocedelpaese.info\\\/index.php\\\/2025\\\/05\\\/15\\\/domenica-18-maggio-la-19esima-edizione-della-race-for-the-cure\\\/\"},\"wordCount\":1440,\"commentCount\":0,\"publisher\":{\"@id\":\"https:\\\/\\\/lavocedelpaese.info\\\/#organization\"},\"image\":{\"@id\":\"https:\\\/\\\/lavocedelpaese.info\\\/index.php\\\/2025\\\/05\\\/15\\\/domenica-18-maggio-la-19esima-edizione-della-race-for-the-cure\\\/#primaryimage\"},\"thumbnailUrl\":\"https:\\\/\\\/lavocedelpaese.info\\\/wp-content\\\/uploads\\\/2023\\\/01\\\/logo-150-127.png\",\"articleSection\":[\"network\"],\"inLanguage\":\"it-IT\",\"potentialAction\":[{\"@type\":\"CommentAction\",\"name\":\"Comment\",\"target\":[\"https:\\\/\\\/lavocedelpaese.info\\\/index.php\\\/2025\\\/05\\\/15\\\/domenica-18-maggio-la-19esima-edizione-della-race-for-the-cure\\\/#respond\"]}]},{\"@type\":\"WebPage\",\"@id\":\"https:\\\/\\\/lavocedelpaese.info\\\/index.php\\\/2025\\\/05\\\/15\\\/domenica-18-maggio-la-19esima-edizione-della-race-for-the-cure\\\/\",\"url\":\"https:\\\/\\\/lavocedelpaese.info\\\/index.php\\\/2025\\\/05\\\/15\\\/domenica-18-maggio-la-19esima-edizione-della-race-for-the-cure\\\/\",\"name\":\"Domenica 18 maggio la 19esima edizione della Race for the Cure\u00a0\u200b - La Voce del Paese\",\"isPartOf\":{\"@id\":\"https:\\\/\\\/lavocedelpaese.info\\\/#website\"},\"primaryImageOfPage\":{\"@id\":\"https:\\\/\\\/lavocedelpaese.info\\\/index.php\\\/2025\\\/05\\\/15\\\/domenica-18-maggio-la-19esima-edizione-della-race-for-the-cure\\\/#primaryimage\"},\"image\":{\"@id\":\"https:\\\/\\\/lavocedelpaese.info\\\/index.php\\\/2025\\\/05\\\/15\\\/domenica-18-maggio-la-19esima-edizione-della-race-for-the-cure\\\/#primaryimage\"},\"thumbnailUrl\":\"https:\\\/\\\/lavocedelpaese.info\\\/wp-content\\\/uploads\\\/2023\\\/01\\\/logo-150-127.png\",\"datePublished\":\"2025-05-15T06:15:41+00:00\",\"breadcrumb\":{\"@id\":\"https:\\\/\\\/lavocedelpaese.info\\\/index.php\\\/2025\\\/05\\\/15\\\/domenica-18-maggio-la-19esima-edizione-della-race-for-the-cure\\\/#breadcrumb\"},\"inLanguage\":\"it-IT\",\"potentialAction\":[{\"@type\":\"ReadAction\",\"target\":[\"https:\\\/\\\/lavocedelpaese.info\\\/index.php\\\/2025\\\/05\\\/15\\\/domenica-18-maggio-la-19esima-edizione-della-race-for-the-cure\\\/\"]}]},{\"@type\":\"ImageObject\",\"inLanguage\":\"it-IT\",\"@id\":\"https:\\\/\\\/lavocedelpaese.info\\\/index.php\\\/2025\\\/05\\\/15\\\/domenica-18-maggio-la-19esima-edizione-della-race-for-the-cure\\\/#primaryimage\",\"url\":\"https:\\\/\\\/lavocedelpaese.info\\\/wp-content\\\/uploads\\\/2023\\\/01\\\/logo-150-127.png\",\"contentUrl\":\"https:\\\/\\\/lavocedelpaese.info\\\/wp-content\\\/uploads\\\/2023\\\/01\\\/logo-150-127.png\",\"width\":150,\"height\":127},{\"@type\":\"BreadcrumbList\",\"@id\":\"https:\\\/\\\/lavocedelpaese.info\\\/index.php\\\/2025\\\/05\\\/15\\\/domenica-18-maggio-la-19esima-edizione-della-race-for-the-cure\\\/#breadcrumb\",\"itemListElement\":[{\"@type\":\"ListItem\",\"position\":1,\"name\":\"Home\",\"item\":\"https:\\\/\\\/lavocedelpaese.info\\\/\"},{\"@type\":\"ListItem\",\"position\":2,\"name\":\"Domenica 18 maggio la 19esima edizione della Race for the Cure\u00a0\u200b\"}]},{\"@type\":\"WebSite\",\"@id\":\"https:\\\/\\\/lavocedelpaese.info\\\/#website\",\"url\":\"https:\\\/\\\/lavocedelpaese.info\\\/\",\"name\":\"La Voce del Paese\",\"description\":\"Un network di idee\",\"publisher\":{\"@id\":\"https:\\\/\\\/lavocedelpaese.info\\\/#organization\"},\"potentialAction\":[{\"@type\":\"SearchAction\",\"target\":{\"@type\":\"EntryPoint\",\"urlTemplate\":\"https:\\\/\\\/lavocedelpaese.info\\\/?s={search_term_string}\"},\"query-input\":{\"@type\":\"PropertyValueSpecification\",\"valueRequired\":true,\"valueName\":\"search_term_string\"}}],\"inLanguage\":\"it-IT\"},{\"@type\":\"Organization\",\"@id\":\"https:\\\/\\\/lavocedelpaese.info\\\/#organization\",\"name\":\"La Voce del Paese\",\"url\":\"https:\\\/\\\/lavocedelpaese.info\\\/\",\"logo\":{\"@type\":\"ImageObject\",\"inLanguage\":\"it-IT\",\"@id\":\"https:\\\/\\\/lavocedelpaese.info\\\/#\\\/schema\\\/logo\\\/image\\\/\",\"url\":\"https:\\\/\\\/lavocedelpaese.info\\\/wp-content\\\/uploads\\\/2023\\\/01\\\/cropped-logo-150-127.png\",\"contentUrl\":\"https:\\\/\\\/lavocedelpaese.info\\\/wp-content\\\/uploads\\\/2023\\\/01\\\/cropped-logo-150-127.png\",\"width\":137,\"height\":119,\"caption\":\"La Voce del Paese\"},\"image\":{\"@id\":\"https:\\\/\\\/lavocedelpaese.info\\\/#\\\/schema\\\/logo\\\/image\\\/\"},\"sameAs\":[\"https:\\\/\\\/www.facebook.com\\\/lavocedelpaese.info\"]},{\"@type\":\"Person\",\"@id\":\"https:\\\/\\\/lavocedelpaese.info\\\/#\\\/schema\\\/person\\\/ec151d321306bd7591f7a061abf72d88\",\"name\":\"admin\",\"image\":{\"@type\":\"ImageObject\",\"inLanguage\":\"it-IT\",\"@id\":\"https:\\\/\\\/secure.gravatar.com\\\/avatar\\\/af8f2caf0663124588de48a9380e07cbc95a74ef15b8062d0d39106c32fe3023?s=96&d=mm&r=g\",\"url\":\"https:\\\/\\\/secure.gravatar.com\\\/avatar\\\/af8f2caf0663124588de48a9380e07cbc95a74ef15b8062d0d39106c32fe3023?s=96&d=mm&r=g\",\"contentUrl\":\"https:\\\/\\\/secure.gravatar.com\\\/avatar\\\/af8f2caf0663124588de48a9380e07cbc95a74ef15b8062d0d39106c32fe3023?s=96&d=mm&r=g\",\"caption\":\"admin\"},\"sameAs\":[\"https:\\\/\\\/lavocedelpaese.info\"],\"url\":\"https:\\\/\\\/lavocedelpaese.info\\\/index.php\\\/author\\\/admin\\\/\"}]}<\/script>\n<!-- \/ Yoast SEO plugin. -->","yoast_head_json":{"title":"Domenica 18 maggio la 19esima edizione della Race for the Cure\u00a0\u200b - La Voce del Paese","robots":{"index":"index","follow":"follow","max-snippet":"max-snippet:-1","max-image-preview":"max-image-preview:large","max-video-preview":"max-video-preview:-1"},"canonical":"https:\/\/lavocedelpaese.info\/index.php\/2025\/05\/15\/domenica-18-maggio-la-19esima-edizione-della-race-for-the-cure\/","og_locale":"it_IT","og_type":"article","og_title":"Domenica 18 maggio la 19esima edizione della Race for the Cure\u00a0\u200b - La Voce del Paese","og_description":"\u00a0 \u200b\u00a0 \u200b\u00a0 \u00c8 stata presentata ieri mattina nella sala consiliare del Comune la 19esima edizione della Race for the","og_url":"https:\/\/lavocedelpaese.info\/index.php\/2025\/05\/15\/domenica-18-maggio-la-19esima-edizione-della-race-for-the-cure\/","og_site_name":"La Voce del Paese","article_publisher":"https:\/\/www.facebook.com\/lavocedelpaese.info","article_published_time":"2025-05-15T06:15:41+00:00","author":"admin","twitter_card":"summary_large_image","twitter_misc":{"Scritto da":"admin","Tempo di lettura stimato":"7 minuti"},"schema":{"@context":"https:\/\/schema.org","@graph":[{"@type":"Article","@id":"https:\/\/lavocedelpaese.info\/index.php\/2025\/05\/15\/domenica-18-maggio-la-19esima-edizione-della-race-for-the-cure\/#article","isPartOf":{"@id":"https:\/\/lavocedelpaese.info\/index.php\/2025\/05\/15\/domenica-18-maggio-la-19esima-edizione-della-race-for-the-cure\/"},"author":{"name":"admin","@id":"https:\/\/lavocedelpaese.info\/#\/schema\/person\/ec151d321306bd7591f7a061abf72d88"},"headline":"Domenica 18 maggio la 19esima edizione della Race for the Cure\u00a0\u200b","datePublished":"2025-05-15T06:15:41+00:00","mainEntityOfPage":{"@id":"https:\/\/lavocedelpaese.info\/index.php\/2025\/05\/15\/domenica-18-maggio-la-19esima-edizione-della-race-for-the-cure\/"},"wordCount":1440,"commentCount":0,"publisher":{"@id":"https:\/\/lavocedelpaese.info\/#organization"},"image":{"@id":"https:\/\/lavocedelpaese.info\/index.php\/2025\/05\/15\/domenica-18-maggio-la-19esima-edizione-della-race-for-the-cure\/#primaryimage"},"thumbnailUrl":"https:\/\/lavocedelpaese.info\/wp-content\/uploads\/2023\/01\/logo-150-127.png","articleSection":["network"],"inLanguage":"it-IT","potentialAction":[{"@type":"CommentAction","name":"Comment","target":["https:\/\/lavocedelpaese.info\/index.php\/2025\/05\/15\/domenica-18-maggio-la-19esima-edizione-della-race-for-the-cure\/#respond"]}]},{"@type":"WebPage","@id":"https:\/\/lavocedelpaese.info\/index.php\/2025\/05\/15\/domenica-18-maggio-la-19esima-edizione-della-race-for-the-cure\/","url":"https:\/\/lavocedelpaese.info\/index.php\/2025\/05\/15\/domenica-18-maggio-la-19esima-edizione-della-race-for-the-cure\/","name":"Domenica 18 maggio la 19esima edizione della Race for the Cure\u00a0\u200b - La Voce del Paese","isPartOf":{"@id":"https:\/\/lavocedelpaese.info\/#website"},"primaryImageOfPage":{"@id":"https:\/\/lavocedelpaese.info\/index.php\/2025\/05\/15\/domenica-18-maggio-la-19esima-edizione-della-race-for-the-cure\/#primaryimage"},"image":{"@id":"https:\/\/lavocedelpaese.info\/index.php\/2025\/05\/15\/domenica-18-maggio-la-19esima-edizione-della-race-for-the-cure\/#primaryimage"},"thumbnailUrl":"https:\/\/lavocedelpaese.info\/wp-content\/uploads\/2023\/01\/logo-150-127.png","datePublished":"2025-05-15T06:15:41+00:00","breadcrumb":{"@id":"https:\/\/lavocedelpaese.info\/index.php\/2025\/05\/15\/domenica-18-maggio-la-19esima-edizione-della-race-for-the-cure\/#breadcrumb"},"inLanguage":"it-IT","potentialAction":[{"@type":"ReadAction","target":["https:\/\/lavocedelpaese.info\/index.php\/2025\/05\/15\/domenica-18-maggio-la-19esima-edizione-della-race-for-the-cure\/"]}]},{"@type":"ImageObject","inLanguage":"it-IT","@id":"https:\/\/lavocedelpaese.info\/index.php\/2025\/05\/15\/domenica-18-maggio-la-19esima-edizione-della-race-for-the-cure\/#primaryimage","url":"https:\/\/lavocedelpaese.info\/wp-content\/uploads\/2023\/01\/logo-150-127.png","contentUrl":"https:\/\/lavocedelpaese.info\/wp-content\/uploads\/2023\/01\/logo-150-127.png","width":150,"height":127},{"@type":"BreadcrumbList","@id":"https:\/\/lavocedelpaese.info\/index.php\/2025\/05\/15\/domenica-18-maggio-la-19esima-edizione-della-race-for-the-cure\/#breadcrumb","itemListElement":[{"@type":"ListItem","position":1,"name":"Home","item":"https:\/\/lavocedelpaese.info\/"},{"@type":"ListItem","position":2,"name":"Domenica 18 maggio la 19esima edizione della Race for the Cure\u00a0\u200b"}]},{"@type":"WebSite","@id":"https:\/\/lavocedelpaese.info\/#website","url":"https:\/\/lavocedelpaese.info\/","name":"La Voce del Paese","description":"Un network di idee","publisher":{"@id":"https:\/\/lavocedelpaese.info\/#organization"},"potentialAction":[{"@type":"SearchAction","target":{"@type":"EntryPoint","urlTemplate":"https:\/\/lavocedelpaese.info\/?s={search_term_string}"},"query-input":{"@type":"PropertyValueSpecification","valueRequired":true,"valueName":"search_term_string"}}],"inLanguage":"it-IT"},{"@type":"Organization","@id":"https:\/\/lavocedelpaese.info\/#organization","name":"La Voce del Paese","url":"https:\/\/lavocedelpaese.info\/","logo":{"@type":"ImageObject","inLanguage":"it-IT","@id":"https:\/\/lavocedelpaese.info\/#\/schema\/logo\/image\/","url":"https:\/\/lavocedelpaese.info\/wp-content\/uploads\/2023\/01\/cropped-logo-150-127.png","contentUrl":"https:\/\/lavocedelpaese.info\/wp-content\/uploads\/2023\/01\/cropped-logo-150-127.png","width":137,"height":119,"caption":"La Voce del Paese"},"image":{"@id":"https:\/\/lavocedelpaese.info\/#\/schema\/logo\/image\/"},"sameAs":["https:\/\/www.facebook.com\/lavocedelpaese.info"]},{"@type":"Person","@id":"https:\/\/lavocedelpaese.info\/#\/schema\/person\/ec151d321306bd7591f7a061abf72d88","name":"admin","image":{"@type":"ImageObject","inLanguage":"it-IT","@id":"https:\/\/secure.gravatar.com\/avatar\/af8f2caf0663124588de48a9380e07cbc95a74ef15b8062d0d39106c32fe3023?s=96&d=mm&r=g","url":"https:\/\/secure.gravatar.com\/avatar\/af8f2caf0663124588de48a9380e07cbc95a74ef15b8062d0d39106c32fe3023?s=96&d=mm&r=g","contentUrl":"https:\/\/secure.gravatar.com\/avatar\/af8f2caf0663124588de48a9380e07cbc95a74ef15b8062d0d39106c32fe3023?s=96&d=mm&r=g","caption":"admin"},"sameAs":["https:\/\/lavocedelpaese.info"],"url":"https:\/\/lavocedelpaese.info\/index.php\/author\/admin\/"}]}},"_links":{"self":[{"href":"https:\/\/lavocedelpaese.info\/index.php\/wp-json\/wp\/v2\/posts\/9345","targetHints":{"allow":["GET"]}}],"collection":[{"href":"https:\/\/lavocedelpaese.info\/index.php\/wp-json\/wp\/v2\/posts"}],"about":[{"href":"https:\/\/lavocedelpaese.info\/index.php\/wp-json\/wp\/v2\/types\/post"}],"author":[{"embeddable":true,"href":"https:\/\/lavocedelpaese.info\/index.php\/wp-json\/wp\/v2\/users\/6"}],"replies":[{"embeddable":true,"href":"https:\/\/lavocedelpaese.info\/index.php\/wp-json\/wp\/v2\/comments?post=9345"}],"version-history":[{"count":0,"href":"https:\/\/lavocedelpaese.info\/index.php\/wp-json\/wp\/v2\/posts\/9345\/revisions"}],"wp:featuredmedia":[{"embeddable":true,"href":"https:\/\/lavocedelpaese.info\/index.php\/wp-json\/wp\/v2\/media\/730"}],"wp:attachment":[{"href":"https:\/\/lavocedelpaese.info\/index.php\/wp-json\/wp\/v2\/media?parent=9345"}],"wp:term":[{"taxonomy":"category","embeddable":true,"href":"https:\/\/lavocedelpaese.info\/index.php\/wp-json\/wp\/v2\/categories?post=9345"},{"taxonomy":"post_tag","embeddable":true,"href":"https:\/\/lavocedelpaese.info\/index.php\/wp-json\/wp\/v2\/tags?post=9345"}],"curies":[{"name":"wp","href":"https:\/\/api.w.org\/{rel}","templated":true}]}}