{"id":9337,"date":"2025-05-13T15:13:51","date_gmt":"2025-05-13T15:13:51","guid":{"rendered":"https:\/\/lavocedelpaese.info\/index.php\/2025\/05\/13\/liiss-pertini-anelli-pinto-commemora-aldo-moro\/"},"modified":"2025-05-13T15:13:51","modified_gmt":"2025-05-13T15:13:51","slug":"liiss-pertini-anelli-pinto-commemora-aldo-moro","status":"publish","type":"post","link":"https:\/\/lavocedelpaese.info\/index.php\/2025\/05\/13\/liiss-pertini-anelli-pinto-commemora-aldo-moro\/","title":{"rendered":"L\u2019IISS \u201cPertini Anelli Pinto\u201d commemora Aldo Moro\u00a0\u200b"},"content":{"rendered":"<p>\u00a0<\/p>\n<p>\u200b\u00a0<\/p>\n<p>\u200b\u00a0<\/p>\n<div><\/div>\n<h4 class=\"wp-block-heading\"><strong>Un incontro per riflettere sulla sua vicenda politica e umana<\/strong><\/h4>\n\n<p>L\u2019IISS \u201cPertini Anelli Pinto\u201d ha offerto agli studenti del quinto anno un\u2019importante incontro di riflessione, ospitando un toccante e significativo convegno incentrato sulla complessa vicenda politica e umana di Aldo Moro. A guidare questo percorso di approfondimento sono stati due relatori d\u2019eccezione: il professor Osvaldo Buonaccino D\u2019Addiego e il professor Mimmo Leogrande, le cui competenze hanno saputo illuminare le diverse sfaccettature di una delle figure pi\u00f9 emblematiche e tragiche della storia repubblicana italiana.<\/p>\n<p>Il professor <strong>Osvaldo Buonaccino D\u2019Addiego<\/strong>, che in passato \u00e8 stato docente di Storia proprio presso l\u2019Istituto \u201cPertini Anelli Pinto\u201d, ha offerto agli studenti una lucida analisi del contesto politico e sociale in cui il politico Aldo Moro ha operato. La sua disamina ha messo in luce la complessit\u00e0 di un periodo storico segnato da tensioni ideologiche e dalla minaccia del terrorismo.<\/p>\n<p>Il professor <strong>Mimmo Leogrande<\/strong>, docente di statistica presso l\u2019Universit\u00e0 degli Studi di Bari e presidente del Centro Studi \u201cAldo Moro\u201d di Turi, ha focalizzato la sua attenzione sulla dimensione umana e politica di Aldo Moro. Il professore ha saputo restituire agli studenti l\u2019immagine di un uomo di profonda integrit\u00e0 intellettuale e morale, animato da un forte senso del dovere e da una profonda umanit\u00e0. La sua esposizione ha toccato corde emotive profonde, invitando i giovani a riflettere sul valore della dignit\u00e0 umana anche nelle circostanze pi\u00f9 drammatiche e sulla tragicit\u00e0 di una perdita che ha segnato profondamente la coscienza collettiva italiana.<\/p>\n<p>La valenza formativa del convegno \u00e8 stata notevole per gli studenti, infatti, ha offerto loro l\u2019opportunit\u00e0 di approfondire una pagina cruciale della storia italiana attraverso le parole di esperti, andando oltre la semplice narrazione dei fatti e stimolando una riflessione critica sulle cause e le conseguenze della vicenda Moro. L\u2019incontro ha permesso di comprendere la complessit\u00e0 del contesto storico-politico degli anni di piombo e di apprezzare la statura intellettuale e morale di un uomo che ha cercato con tenacia di costruire ponti e di promuovere il dialogo.<\/p>\n<p>Inoltre, il convegno ha avuto il merito di umanizzare la figura di Aldo Moro, sottraendola alla dimensione puramente politica e restituendola nella sua profonda umanit\u00e0.<\/p>\n<p>La partecipazione attenta e il silenzio rispettoso degli studenti del quinto anno dell\u2019IISS \u201cPertini Anelli Pinto\u201d hanno testimoniato la loro sensibilit\u00e0 verso un tema cos\u00ec delicato e la loro volont\u00e0 di comprendere appieno la portata di una tragedia che ha segnato la storia d\u2019Italia. Iniziative come questa sono fondamentali per coltivare la memoria storica nelle nuove generazioni, affinch\u00e9 il sacrificio di figure come Aldo Moro non vada perduto e continui a essere monito e ispirazione per un futuro di dialogo, rispetto e democrazia.<\/p>\n<p><a class=\"a2a_button_facebook\" href=\"https:\/\/www.addtoany.com\/add_to\/facebook?linkurl=https%3A%2F%2Fturi.lavocedelpaese.info%2Fliiss-pertini-anelli-pinto-commemora-aldo-moro%2F&amp;linkname=L%E2%80%99IISS%20%E2%80%9CPertini%20Anelli%20Pinto%E2%80%9D%20commemora%20Aldo%20Moro\" title=\"Facebook\" rel=\"nofollow noopener\" target=\"_blank\"><\/a><a class=\"a2a_button_twitter\" href=\"https:\/\/www.addtoany.com\/add_to\/twitter?linkurl=https%3A%2F%2Fturi.lavocedelpaese.info%2Fliiss-pertini-anelli-pinto-commemora-aldo-moro%2F&amp;linkname=L%E2%80%99IISS%20%E2%80%9CPertini%20Anelli%20Pinto%E2%80%9D%20commemora%20Aldo%20Moro\" title=\"Twitter\" rel=\"nofollow noopener\" target=\"_blank\"><\/a><a class=\"a2a_button_whatsapp\" href=\"https:\/\/www.addtoany.com\/add_to\/whatsapp?linkurl=https%3A%2F%2Fturi.lavocedelpaese.info%2Fliiss-pertini-anelli-pinto-commemora-aldo-moro%2F&amp;linkname=L%E2%80%99IISS%20%E2%80%9CPertini%20Anelli%20Pinto%E2%80%9D%20commemora%20Aldo%20Moro\" title=\"WhatsApp\" rel=\"nofollow noopener\" target=\"_blank\"><\/a><a class=\"a2a_button_telegram\" href=\"https:\/\/www.addtoany.com\/add_to\/telegram?linkurl=https%3A%2F%2Fturi.lavocedelpaese.info%2Fliiss-pertini-anelli-pinto-commemora-aldo-moro%2F&amp;linkname=L%E2%80%99IISS%20%E2%80%9CPertini%20Anelli%20Pinto%E2%80%9D%20commemora%20Aldo%20Moro\" title=\"Telegram\" rel=\"nofollow noopener\" target=\"_blank\"><\/a><a class=\"a2a_button_email\" href=\"https:\/\/www.addtoany.com\/add_to\/email?linkurl=https%3A%2F%2Fturi.lavocedelpaese.info%2Fliiss-pertini-anelli-pinto-commemora-aldo-moro%2F&amp;linkname=L%E2%80%99IISS%20%E2%80%9CPertini%20Anelli%20Pinto%E2%80%9D%20commemora%20Aldo%20Moro\" title=\"Email\" rel=\"nofollow noopener\" target=\"_blank\"><\/a><\/p>\n<p>L&#8217;articolo <a href=\"https:\/\/turi.lavocedelpaese.info\/liiss-pertini-anelli-pinto-commemora-aldo-moro\/\">L\u2019IISS \u201cPertini Anelli Pinto\u201d commemora Aldo Moro<\/a> proviene da <a href=\"https:\/\/turi.lavocedelpaese.info\/\">Turi &#8211; La Voce del Paese<\/a>.<\/p>\n<p>\u00a0<\/p>\n<p>\u00a0<\/p>\n<p>\u200b\u00a0\u00a0\u00a0<\/p>","protected":false},"excerpt":{"rendered":"<p>\u00a0 \u200b\u00a0 \u200b\u00a0 Un incontro per riflettere sulla sua vicenda politica e umana L\u2019IISS \u201cPertini Anelli Pinto\u201d ha offerto agli<\/p>\n","protected":false},"author":6,"featured_media":730,"comment_status":"open","ping_status":"closed","sticky":false,"template":"","format":"standard","meta":{"colormag_page_container_layout":"default_layout","colormag_page_sidebar_layout":"default_layout","footnotes":""},"categories":[33],"tags":[],"class_list":["post-9337","post","type-post","status-publish","format-standard","has-post-thumbnail","hentry","category-network"],"yoast_head":"<!-- This site is optimized with the Yoast SEO plugin v27.5 - https:\/\/yoast.com\/product\/yoast-seo-wordpress\/ -->\n<title>L\u2019IISS \u201cPertini Anelli Pinto\u201d commemora Aldo Moro\u00a0\u200b - La Voce del Paese<\/title>\n<meta name=\"robots\" content=\"index, follow, max-snippet:-1, max-image-preview:large, max-video-preview:-1\" \/>\n<link rel=\"canonical\" href=\"https:\/\/lavocedelpaese.info\/index.php\/2025\/05\/13\/liiss-pertini-anelli-pinto-commemora-aldo-moro\/\" \/>\n<meta property=\"og:locale\" content=\"it_IT\" \/>\n<meta property=\"og:type\" content=\"article\" \/>\n<meta property=\"og:title\" content=\"L\u2019IISS \u201cPertini Anelli Pinto\u201d commemora Aldo Moro\u00a0\u200b - La Voce del Paese\" \/>\n<meta property=\"og:description\" content=\"\u00a0 \u200b\u00a0 \u200b\u00a0 Un incontro per riflettere sulla sua vicenda politica e umana L\u2019IISS \u201cPertini Anelli Pinto\u201d ha offerto agli\" \/>\n<meta property=\"og:url\" content=\"https:\/\/lavocedelpaese.info\/index.php\/2025\/05\/13\/liiss-pertini-anelli-pinto-commemora-aldo-moro\/\" \/>\n<meta property=\"og:site_name\" content=\"La Voce del Paese\" \/>\n<meta property=\"article:publisher\" content=\"https:\/\/www.facebook.com\/lavocedelpaese.info\" \/>\n<meta property=\"article:published_time\" content=\"2025-05-13T15:13:51+00:00\" \/>\n<meta name=\"author\" content=\"admin\" \/>\n<meta name=\"twitter:card\" content=\"summary_large_image\" \/>\n<meta name=\"twitter:label1\" content=\"Scritto da\" \/>\n\t<meta name=\"twitter:data1\" content=\"admin\" \/>\n\t<meta name=\"twitter:label2\" content=\"Tempo di lettura stimato\" \/>\n\t<meta name=\"twitter:data2\" content=\"2 minuti\" \/>\n<script type=\"application\/ld+json\" class=\"yoast-schema-graph\">{\"@context\":\"https:\\\/\\\/schema.org\",\"@graph\":[{\"@type\":\"Article\",\"@id\":\"https:\\\/\\\/lavocedelpaese.info\\\/index.php\\\/2025\\\/05\\\/13\\\/liiss-pertini-anelli-pinto-commemora-aldo-moro\\\/#article\",\"isPartOf\":{\"@id\":\"https:\\\/\\\/lavocedelpaese.info\\\/index.php\\\/2025\\\/05\\\/13\\\/liiss-pertini-anelli-pinto-commemora-aldo-moro\\\/\"},\"author\":{\"name\":\"admin\",\"@id\":\"https:\\\/\\\/lavocedelpaese.info\\\/#\\\/schema\\\/person\\\/ec151d321306bd7591f7a061abf72d88\"},\"headline\":\"L\u2019IISS \u201cPertini Anelli Pinto\u201d commemora Aldo Moro\u00a0\u200b\",\"datePublished\":\"2025-05-13T15:13:51+00:00\",\"mainEntityOfPage\":{\"@id\":\"https:\\\/\\\/lavocedelpaese.info\\\/index.php\\\/2025\\\/05\\\/13\\\/liiss-pertini-anelli-pinto-commemora-aldo-moro\\\/\"},\"wordCount\":476,\"commentCount\":0,\"publisher\":{\"@id\":\"https:\\\/\\\/lavocedelpaese.info\\\/#organization\"},\"image\":{\"@id\":\"https:\\\/\\\/lavocedelpaese.info\\\/index.php\\\/2025\\\/05\\\/13\\\/liiss-pertini-anelli-pinto-commemora-aldo-moro\\\/#primaryimage\"},\"thumbnailUrl\":\"https:\\\/\\\/lavocedelpaese.info\\\/wp-content\\\/uploads\\\/2023\\\/01\\\/logo-150-127.png\",\"articleSection\":[\"network\"],\"inLanguage\":\"it-IT\",\"potentialAction\":[{\"@type\":\"CommentAction\",\"name\":\"Comment\",\"target\":[\"https:\\\/\\\/lavocedelpaese.info\\\/index.php\\\/2025\\\/05\\\/13\\\/liiss-pertini-anelli-pinto-commemora-aldo-moro\\\/#respond\"]}]},{\"@type\":\"WebPage\",\"@id\":\"https:\\\/\\\/lavocedelpaese.info\\\/index.php\\\/2025\\\/05\\\/13\\\/liiss-pertini-anelli-pinto-commemora-aldo-moro\\\/\",\"url\":\"https:\\\/\\\/lavocedelpaese.info\\\/index.php\\\/2025\\\/05\\\/13\\\/liiss-pertini-anelli-pinto-commemora-aldo-moro\\\/\",\"name\":\"L\u2019IISS \u201cPertini Anelli Pinto\u201d commemora Aldo Moro\u00a0\u200b - La Voce del Paese\",\"isPartOf\":{\"@id\":\"https:\\\/\\\/lavocedelpaese.info\\\/#website\"},\"primaryImageOfPage\":{\"@id\":\"https:\\\/\\\/lavocedelpaese.info\\\/index.php\\\/2025\\\/05\\\/13\\\/liiss-pertini-anelli-pinto-commemora-aldo-moro\\\/#primaryimage\"},\"image\":{\"@id\":\"https:\\\/\\\/lavocedelpaese.info\\\/index.php\\\/2025\\\/05\\\/13\\\/liiss-pertini-anelli-pinto-commemora-aldo-moro\\\/#primaryimage\"},\"thumbnailUrl\":\"https:\\\/\\\/lavocedelpaese.info\\\/wp-content\\\/uploads\\\/2023\\\/01\\\/logo-150-127.png\",\"datePublished\":\"2025-05-13T15:13:51+00:00\",\"breadcrumb\":{\"@id\":\"https:\\\/\\\/lavocedelpaese.info\\\/index.php\\\/2025\\\/05\\\/13\\\/liiss-pertini-anelli-pinto-commemora-aldo-moro\\\/#breadcrumb\"},\"inLanguage\":\"it-IT\",\"potentialAction\":[{\"@type\":\"ReadAction\",\"target\":[\"https:\\\/\\\/lavocedelpaese.info\\\/index.php\\\/2025\\\/05\\\/13\\\/liiss-pertini-anelli-pinto-commemora-aldo-moro\\\/\"]}]},{\"@type\":\"ImageObject\",\"inLanguage\":\"it-IT\",\"@id\":\"https:\\\/\\\/lavocedelpaese.info\\\/index.php\\\/2025\\\/05\\\/13\\\/liiss-pertini-anelli-pinto-commemora-aldo-moro\\\/#primaryimage\",\"url\":\"https:\\\/\\\/lavocedelpaese.info\\\/wp-content\\\/uploads\\\/2023\\\/01\\\/logo-150-127.png\",\"contentUrl\":\"https:\\\/\\\/lavocedelpaese.info\\\/wp-content\\\/uploads\\\/2023\\\/01\\\/logo-150-127.png\",\"width\":150,\"height\":127},{\"@type\":\"BreadcrumbList\",\"@id\":\"https:\\\/\\\/lavocedelpaese.info\\\/index.php\\\/2025\\\/05\\\/13\\\/liiss-pertini-anelli-pinto-commemora-aldo-moro\\\/#breadcrumb\",\"itemListElement\":[{\"@type\":\"ListItem\",\"position\":1,\"name\":\"Home\",\"item\":\"https:\\\/\\\/lavocedelpaese.info\\\/\"},{\"@type\":\"ListItem\",\"position\":2,\"name\":\"L\u2019IISS \u201cPertini Anelli Pinto\u201d commemora Aldo Moro\u00a0\u200b\"}]},{\"@type\":\"WebSite\",\"@id\":\"https:\\\/\\\/lavocedelpaese.info\\\/#website\",\"url\":\"https:\\\/\\\/lavocedelpaese.info\\\/\",\"name\":\"La Voce del Paese\",\"description\":\"Un network di idee\",\"publisher\":{\"@id\":\"https:\\\/\\\/lavocedelpaese.info\\\/#organization\"},\"potentialAction\":[{\"@type\":\"SearchAction\",\"target\":{\"@type\":\"EntryPoint\",\"urlTemplate\":\"https:\\\/\\\/lavocedelpaese.info\\\/?s={search_term_string}\"},\"query-input\":{\"@type\":\"PropertyValueSpecification\",\"valueRequired\":true,\"valueName\":\"search_term_string\"}}],\"inLanguage\":\"it-IT\"},{\"@type\":\"Organization\",\"@id\":\"https:\\\/\\\/lavocedelpaese.info\\\/#organization\",\"name\":\"La Voce del Paese\",\"url\":\"https:\\\/\\\/lavocedelpaese.info\\\/\",\"logo\":{\"@type\":\"ImageObject\",\"inLanguage\":\"it-IT\",\"@id\":\"https:\\\/\\\/lavocedelpaese.info\\\/#\\\/schema\\\/logo\\\/image\\\/\",\"url\":\"https:\\\/\\\/lavocedelpaese.info\\\/wp-content\\\/uploads\\\/2023\\\/01\\\/cropped-logo-150-127.png\",\"contentUrl\":\"https:\\\/\\\/lavocedelpaese.info\\\/wp-content\\\/uploads\\\/2023\\\/01\\\/cropped-logo-150-127.png\",\"width\":137,\"height\":119,\"caption\":\"La Voce del Paese\"},\"image\":{\"@id\":\"https:\\\/\\\/lavocedelpaese.info\\\/#\\\/schema\\\/logo\\\/image\\\/\"},\"sameAs\":[\"https:\\\/\\\/www.facebook.com\\\/lavocedelpaese.info\"]},{\"@type\":\"Person\",\"@id\":\"https:\\\/\\\/lavocedelpaese.info\\\/#\\\/schema\\\/person\\\/ec151d321306bd7591f7a061abf72d88\",\"name\":\"admin\",\"image\":{\"@type\":\"ImageObject\",\"inLanguage\":\"it-IT\",\"@id\":\"https:\\\/\\\/secure.gravatar.com\\\/avatar\\\/af8f2caf0663124588de48a9380e07cbc95a74ef15b8062d0d39106c32fe3023?s=96&d=mm&r=g\",\"url\":\"https:\\\/\\\/secure.gravatar.com\\\/avatar\\\/af8f2caf0663124588de48a9380e07cbc95a74ef15b8062d0d39106c32fe3023?s=96&d=mm&r=g\",\"contentUrl\":\"https:\\\/\\\/secure.gravatar.com\\\/avatar\\\/af8f2caf0663124588de48a9380e07cbc95a74ef15b8062d0d39106c32fe3023?s=96&d=mm&r=g\",\"caption\":\"admin\"},\"sameAs\":[\"https:\\\/\\\/lavocedelpaese.info\"],\"url\":\"https:\\\/\\\/lavocedelpaese.info\\\/index.php\\\/author\\\/admin\\\/\"}]}<\/script>\n<!-- \/ Yoast SEO plugin. -->","yoast_head_json":{"title":"L\u2019IISS \u201cPertini Anelli Pinto\u201d commemora Aldo Moro\u00a0\u200b - La Voce del Paese","robots":{"index":"index","follow":"follow","max-snippet":"max-snippet:-1","max-image-preview":"max-image-preview:large","max-video-preview":"max-video-preview:-1"},"canonical":"https:\/\/lavocedelpaese.info\/index.php\/2025\/05\/13\/liiss-pertini-anelli-pinto-commemora-aldo-moro\/","og_locale":"it_IT","og_type":"article","og_title":"L\u2019IISS \u201cPertini Anelli Pinto\u201d commemora Aldo Moro\u00a0\u200b - La Voce del Paese","og_description":"\u00a0 \u200b\u00a0 \u200b\u00a0 Un incontro per riflettere sulla sua vicenda politica e umana L\u2019IISS \u201cPertini Anelli Pinto\u201d ha offerto agli","og_url":"https:\/\/lavocedelpaese.info\/index.php\/2025\/05\/13\/liiss-pertini-anelli-pinto-commemora-aldo-moro\/","og_site_name":"La Voce del Paese","article_publisher":"https:\/\/www.facebook.com\/lavocedelpaese.info","article_published_time":"2025-05-13T15:13:51+00:00","author":"admin","twitter_card":"summary_large_image","twitter_misc":{"Scritto da":"admin","Tempo di lettura stimato":"2 minuti"},"schema":{"@context":"https:\/\/schema.org","@graph":[{"@type":"Article","@id":"https:\/\/lavocedelpaese.info\/index.php\/2025\/05\/13\/liiss-pertini-anelli-pinto-commemora-aldo-moro\/#article","isPartOf":{"@id":"https:\/\/lavocedelpaese.info\/index.php\/2025\/05\/13\/liiss-pertini-anelli-pinto-commemora-aldo-moro\/"},"author":{"name":"admin","@id":"https:\/\/lavocedelpaese.info\/#\/schema\/person\/ec151d321306bd7591f7a061abf72d88"},"headline":"L\u2019IISS \u201cPertini Anelli Pinto\u201d commemora Aldo Moro\u00a0\u200b","datePublished":"2025-05-13T15:13:51+00:00","mainEntityOfPage":{"@id":"https:\/\/lavocedelpaese.info\/index.php\/2025\/05\/13\/liiss-pertini-anelli-pinto-commemora-aldo-moro\/"},"wordCount":476,"commentCount":0,"publisher":{"@id":"https:\/\/lavocedelpaese.info\/#organization"},"image":{"@id":"https:\/\/lavocedelpaese.info\/index.php\/2025\/05\/13\/liiss-pertini-anelli-pinto-commemora-aldo-moro\/#primaryimage"},"thumbnailUrl":"https:\/\/lavocedelpaese.info\/wp-content\/uploads\/2023\/01\/logo-150-127.png","articleSection":["network"],"inLanguage":"it-IT","potentialAction":[{"@type":"CommentAction","name":"Comment","target":["https:\/\/lavocedelpaese.info\/index.php\/2025\/05\/13\/liiss-pertini-anelli-pinto-commemora-aldo-moro\/#respond"]}]},{"@type":"WebPage","@id":"https:\/\/lavocedelpaese.info\/index.php\/2025\/05\/13\/liiss-pertini-anelli-pinto-commemora-aldo-moro\/","url":"https:\/\/lavocedelpaese.info\/index.php\/2025\/05\/13\/liiss-pertini-anelli-pinto-commemora-aldo-moro\/","name":"L\u2019IISS \u201cPertini Anelli Pinto\u201d commemora Aldo Moro\u00a0\u200b - La Voce del Paese","isPartOf":{"@id":"https:\/\/lavocedelpaese.info\/#website"},"primaryImageOfPage":{"@id":"https:\/\/lavocedelpaese.info\/index.php\/2025\/05\/13\/liiss-pertini-anelli-pinto-commemora-aldo-moro\/#primaryimage"},"image":{"@id":"https:\/\/lavocedelpaese.info\/index.php\/2025\/05\/13\/liiss-pertini-anelli-pinto-commemora-aldo-moro\/#primaryimage"},"thumbnailUrl":"https:\/\/lavocedelpaese.info\/wp-content\/uploads\/2023\/01\/logo-150-127.png","datePublished":"2025-05-13T15:13:51+00:00","breadcrumb":{"@id":"https:\/\/lavocedelpaese.info\/index.php\/2025\/05\/13\/liiss-pertini-anelli-pinto-commemora-aldo-moro\/#breadcrumb"},"inLanguage":"it-IT","potentialAction":[{"@type":"ReadAction","target":["https:\/\/lavocedelpaese.info\/index.php\/2025\/05\/13\/liiss-pertini-anelli-pinto-commemora-aldo-moro\/"]}]},{"@type":"ImageObject","inLanguage":"it-IT","@id":"https:\/\/lavocedelpaese.info\/index.php\/2025\/05\/13\/liiss-pertini-anelli-pinto-commemora-aldo-moro\/#primaryimage","url":"https:\/\/lavocedelpaese.info\/wp-content\/uploads\/2023\/01\/logo-150-127.png","contentUrl":"https:\/\/lavocedelpaese.info\/wp-content\/uploads\/2023\/01\/logo-150-127.png","width":150,"height":127},{"@type":"BreadcrumbList","@id":"https:\/\/lavocedelpaese.info\/index.php\/2025\/05\/13\/liiss-pertini-anelli-pinto-commemora-aldo-moro\/#breadcrumb","itemListElement":[{"@type":"ListItem","position":1,"name":"Home","item":"https:\/\/lavocedelpaese.info\/"},{"@type":"ListItem","position":2,"name":"L\u2019IISS \u201cPertini Anelli Pinto\u201d commemora Aldo Moro\u00a0\u200b"}]},{"@type":"WebSite","@id":"https:\/\/lavocedelpaese.info\/#website","url":"https:\/\/lavocedelpaese.info\/","name":"La Voce del Paese","description":"Un network di idee","publisher":{"@id":"https:\/\/lavocedelpaese.info\/#organization"},"potentialAction":[{"@type":"SearchAction","target":{"@type":"EntryPoint","urlTemplate":"https:\/\/lavocedelpaese.info\/?s={search_term_string}"},"query-input":{"@type":"PropertyValueSpecification","valueRequired":true,"valueName":"search_term_string"}}],"inLanguage":"it-IT"},{"@type":"Organization","@id":"https:\/\/lavocedelpaese.info\/#organization","name":"La Voce del Paese","url":"https:\/\/lavocedelpaese.info\/","logo":{"@type":"ImageObject","inLanguage":"it-IT","@id":"https:\/\/lavocedelpaese.info\/#\/schema\/logo\/image\/","url":"https:\/\/lavocedelpaese.info\/wp-content\/uploads\/2023\/01\/cropped-logo-150-127.png","contentUrl":"https:\/\/lavocedelpaese.info\/wp-content\/uploads\/2023\/01\/cropped-logo-150-127.png","width":137,"height":119,"caption":"La Voce del Paese"},"image":{"@id":"https:\/\/lavocedelpaese.info\/#\/schema\/logo\/image\/"},"sameAs":["https:\/\/www.facebook.com\/lavocedelpaese.info"]},{"@type":"Person","@id":"https:\/\/lavocedelpaese.info\/#\/schema\/person\/ec151d321306bd7591f7a061abf72d88","name":"admin","image":{"@type":"ImageObject","inLanguage":"it-IT","@id":"https:\/\/secure.gravatar.com\/avatar\/af8f2caf0663124588de48a9380e07cbc95a74ef15b8062d0d39106c32fe3023?s=96&d=mm&r=g","url":"https:\/\/secure.gravatar.com\/avatar\/af8f2caf0663124588de48a9380e07cbc95a74ef15b8062d0d39106c32fe3023?s=96&d=mm&r=g","contentUrl":"https:\/\/secure.gravatar.com\/avatar\/af8f2caf0663124588de48a9380e07cbc95a74ef15b8062d0d39106c32fe3023?s=96&d=mm&r=g","caption":"admin"},"sameAs":["https:\/\/lavocedelpaese.info"],"url":"https:\/\/lavocedelpaese.info\/index.php\/author\/admin\/"}]}},"_links":{"self":[{"href":"https:\/\/lavocedelpaese.info\/index.php\/wp-json\/wp\/v2\/posts\/9337","targetHints":{"allow":["GET"]}}],"collection":[{"href":"https:\/\/lavocedelpaese.info\/index.php\/wp-json\/wp\/v2\/posts"}],"about":[{"href":"https:\/\/lavocedelpaese.info\/index.php\/wp-json\/wp\/v2\/types\/post"}],"author":[{"embeddable":true,"href":"https:\/\/lavocedelpaese.info\/index.php\/wp-json\/wp\/v2\/users\/6"}],"replies":[{"embeddable":true,"href":"https:\/\/lavocedelpaese.info\/index.php\/wp-json\/wp\/v2\/comments?post=9337"}],"version-history":[{"count":0,"href":"https:\/\/lavocedelpaese.info\/index.php\/wp-json\/wp\/v2\/posts\/9337\/revisions"}],"wp:featuredmedia":[{"embeddable":true,"href":"https:\/\/lavocedelpaese.info\/index.php\/wp-json\/wp\/v2\/media\/730"}],"wp:attachment":[{"href":"https:\/\/lavocedelpaese.info\/index.php\/wp-json\/wp\/v2\/media?parent=9337"}],"wp:term":[{"taxonomy":"category","embeddable":true,"href":"https:\/\/lavocedelpaese.info\/index.php\/wp-json\/wp\/v2\/categories?post=9337"},{"taxonomy":"post_tag","embeddable":true,"href":"https:\/\/lavocedelpaese.info\/index.php\/wp-json\/wp\/v2\/tags?post=9337"}],"curies":[{"name":"wp","href":"https:\/\/api.w.org\/{rel}","templated":true}]}}