{"id":9287,"date":"2025-05-07T14:17:41","date_gmt":"2025-05-07T14:17:41","guid":{"rendered":"https:\/\/lavocedelpaese.info\/index.php\/2025\/05\/07\/allarme-xylella-legambiente-chiede-alla-regione-un-incontro\/"},"modified":"2025-05-07T14:17:41","modified_gmt":"2025-05-07T14:17:41","slug":"allarme-xylella-legambiente-chiede-alla-regione-un-incontro","status":"publish","type":"post","link":"https:\/\/lavocedelpaese.info\/index.php\/2025\/05\/07\/allarme-xylella-legambiente-chiede-alla-regione-un-incontro\/","title":{"rendered":"Allarme Xylella, Legambiente chiede alla Regione un incontro\u00a0\u200b"},"content":{"rendered":"<p>\u00a0<\/p>\n<p>\u200b\u00a0<\/p>\n<p>\u200b\u00a0<\/p>\n<p>Xylella in Puglia: l\u2019allarme cresce tra controlli, scoperte e disinformazione e\u00a0<strong>Legambiente<\/strong>\u00a0chiede un incontro urgente con le altre associazioni e con la Regione per affrontare la situazione.<\/p>\n<p>Da oltre 10 anni, fanno presente,\u00a0<em>\u201cla Puglia combatte contro il diffondersi del batterio Xylella fastidiosa sottospecie pauca, responsabile del disseccamento di milioni di ulivi. Tuttavia, negli ultimi mesi, la regione si trova sempre pi\u00f9 sotto pressione, con notizie che alimentano preoccupazioni e timori tra agricoltori, istituzioni e cittadini\u201d<\/em>.<\/p>\n<p>Tra febbraio e marzo 2024, l\u2019Osservatorio Fitosanitario della Regione ha intensificato i controlli sugli insetti vettori, che hanno portato alla scoperta di piante positive al batterio in diverse zone: nell\u2019agro di Triggiano sono state individuate piante infette dalla sottospecie fastidiosa, mentre a Santeramo in Colle casi di multiplex. La situazione si \u00e8 fatta ancora pi\u00f9 preoccupante con l\u2019emergere di focolai nei territori di Capurso, Noicattaro e Bari, dove le colture pi\u00f9 colpite sono mandorli e viti. Per quanto riguarda la vite, il batterio \u00e8 collegato alla malattia di Pierce, gi\u00e0 nota per aver causato danni devastanti in California. \u201cLa preoccupazione tra i viticoltori \u00e8 alta \u2013 avverte Legambiente \u2013 considerando che si tratta di aree ad alta vocazione per la produzione di uva da tavola\u201d.<\/p>\n<p>Anche la sottospecie multiplex si sta diffondendo: oltre a Santeramo, sono coinvolti anche i territori di Altamura, Cassano delle Murge e Acquaviva delle Fonti. La pianta pi\u00f9 colpita \u00e8 il mandorlo, con effetti che finora si limitano a parziali disseccamenti fogliari. A met\u00e0 aprile, un altro episodio ha destato molta preoccupazione: in agro di Minervino, \u00e8 stata trovata una pianta di ulivo positiva alla sottospecie pauca, scatenando l\u2019attenzione degli agricoltori della Bat, dove la vocazione olivicola \u00e8 molto forte.\u00a0\u201cIn breve tempo \u2013 spiegano gli ambientalisti \u2013 sono stati eseguiti oltre 2.000 campioni secondo il protocollo, tutti con esito negativo, escludendo al momento la presenza di altri focolai.<\/p>\n<p>Tuttavia, la tensione resta alta. In un contesto di crescente preoccupazione, si assiste anche a un ritorno di movimenti negazionisti e complottisti \u2013 accusano \u2013 spesso sostenuti da alcuni esponenti politici e rappresentanti istituzionali, che diffondono disinformazione e confusione. Sono stati riesumati atti della polizia giudiziaria della Procura di Bari, contenenti ipotesi fantasiose di insabbiamenti e strategie a favore di enti, alimentando teorie del complotto prive di fondamento. Le evidenze scientifiche, invece, sono chiare: l\u2019Autorit\u00e0 Europea per la Sicurezza Alimentare ha riconosciuto ufficialmente la Xylella fastidiosa come causa della malattia. Sono in corso ingenti investimenti europei, con studi condotti da numerose universit\u00e0, per comprendere meglio il patogeno, sviluppare metodi di controllo e prevenzione e creare variet\u00e0 di ulivo resistenti\u201d.<\/p>\n<p>\u201cLe drammatiche testimonianze provenienti dal Salento devono rappresentare un monito: \u00e8 ora di abbandonare i tentennamenti e seguire senza esitazioni le indicazioni della scienza \u2013 dichiarano Giuseppe Taneburgo, responsabile agricoltura di Legambiente Puglia e Daniela Salzedo, presidente di Legambiente Puglia \u2013 Solo cos\u00ec si potr\u00e0 affrontare questa emergenza con decisione e responsabilit\u00e0, per tutelare il patrimonio agricolo e ambientale della regione.\u00a0 Di concerto con le altre associazioni territoriali e con le associazioni di categoria \u00e8 opportuno prevedere un incontro con il comitato tecnico-scientifico e Regione Puglia \u2013 conclude \u2013 per confrontarsi sulle azionI ad oggi messe in campo e sullo stato di fatto della Xylella in Puglia che sia il preludio di un dialogo costante e partecipato.<\/p>\n<p><a class=\"a2a_button_facebook\" href=\"https:\/\/www.addtoany.com\/add_to\/facebook?linkurl=https%3A%2F%2Fcassano.lavocedelpaese.info%2Fallarme-xylella-legambiente-chiede-alla-regione-un-incontro%2F&amp;linkname=Allarme%20Xylella%2C%20Legambiente%20chiede%20alla%20Regione%20un%20incontro\" title=\"Facebook\" rel=\"nofollow noopener\" target=\"_blank\"><\/a><a class=\"a2a_button_twitter\" href=\"https:\/\/www.addtoany.com\/add_to\/twitter?linkurl=https%3A%2F%2Fcassano.lavocedelpaese.info%2Fallarme-xylella-legambiente-chiede-alla-regione-un-incontro%2F&amp;linkname=Allarme%20Xylella%2C%20Legambiente%20chiede%20alla%20Regione%20un%20incontro\" title=\"Twitter\" rel=\"nofollow noopener\" target=\"_blank\"><\/a><a class=\"a2a_button_whatsapp\" href=\"https:\/\/www.addtoany.com\/add_to\/whatsapp?linkurl=https%3A%2F%2Fcassano.lavocedelpaese.info%2Fallarme-xylella-legambiente-chiede-alla-regione-un-incontro%2F&amp;linkname=Allarme%20Xylella%2C%20Legambiente%20chiede%20alla%20Regione%20un%20incontro\" title=\"WhatsApp\" rel=\"nofollow noopener\" target=\"_blank\"><\/a><a class=\"a2a_button_telegram\" href=\"https:\/\/www.addtoany.com\/add_to\/telegram?linkurl=https%3A%2F%2Fcassano.lavocedelpaese.info%2Fallarme-xylella-legambiente-chiede-alla-regione-un-incontro%2F&amp;linkname=Allarme%20Xylella%2C%20Legambiente%20chiede%20alla%20Regione%20un%20incontro\" title=\"Telegram\" rel=\"nofollow noopener\" target=\"_blank\"><\/a><a class=\"a2a_button_email\" href=\"https:\/\/www.addtoany.com\/add_to\/email?linkurl=https%3A%2F%2Fcassano.lavocedelpaese.info%2Fallarme-xylella-legambiente-chiede-alla-regione-un-incontro%2F&amp;linkname=Allarme%20Xylella%2C%20Legambiente%20chiede%20alla%20Regione%20un%20incontro\" title=\"Email\" rel=\"nofollow noopener\" target=\"_blank\"><\/a><\/p>\n<p>\u00a0<\/p>\n<p>\u00a0<\/p>\n<p>\u200b\u00a0\u00a0\u00a0<\/p>","protected":false},"excerpt":{"rendered":"<p>\u00a0 \u200b\u00a0 \u200b\u00a0 Xylella in Puglia: l\u2019allarme cresce tra controlli, scoperte e disinformazione e\u00a0Legambiente\u00a0chiede un incontro urgente con le altre<\/p>\n","protected":false},"author":6,"featured_media":730,"comment_status":"open","ping_status":"closed","sticky":false,"template":"","format":"standard","meta":{"colormag_page_container_layout":"default_layout","colormag_page_sidebar_layout":"default_layout","footnotes":""},"categories":[33],"tags":[],"class_list":["post-9287","post","type-post","status-publish","format-standard","has-post-thumbnail","hentry","category-network"],"yoast_head":"<!-- This site is optimized with the Yoast SEO plugin v27.5 - https:\/\/yoast.com\/product\/yoast-seo-wordpress\/ -->\n<title>Allarme Xylella, Legambiente chiede alla Regione un incontro\u00a0\u200b - La Voce del Paese<\/title>\n<meta name=\"robots\" content=\"index, follow, max-snippet:-1, max-image-preview:large, max-video-preview:-1\" \/>\n<link rel=\"canonical\" href=\"https:\/\/lavocedelpaese.info\/index.php\/2025\/05\/07\/allarme-xylella-legambiente-chiede-alla-regione-un-incontro\/\" \/>\n<meta property=\"og:locale\" content=\"it_IT\" \/>\n<meta property=\"og:type\" content=\"article\" \/>\n<meta property=\"og:title\" content=\"Allarme Xylella, Legambiente chiede alla Regione un incontro\u00a0\u200b - La Voce del Paese\" \/>\n<meta property=\"og:description\" content=\"\u00a0 \u200b\u00a0 \u200b\u00a0 Xylella in Puglia: l\u2019allarme cresce tra controlli, scoperte e disinformazione e\u00a0Legambiente\u00a0chiede un incontro urgente con le altre\" \/>\n<meta property=\"og:url\" content=\"https:\/\/lavocedelpaese.info\/index.php\/2025\/05\/07\/allarme-xylella-legambiente-chiede-alla-regione-un-incontro\/\" \/>\n<meta property=\"og:site_name\" content=\"La Voce del Paese\" \/>\n<meta property=\"article:publisher\" content=\"https:\/\/www.facebook.com\/lavocedelpaese.info\" \/>\n<meta property=\"article:published_time\" content=\"2025-05-07T14:17:41+00:00\" \/>\n<meta name=\"author\" content=\"admin\" \/>\n<meta name=\"twitter:card\" content=\"summary_large_image\" \/>\n<meta name=\"twitter:label1\" content=\"Scritto da\" \/>\n\t<meta name=\"twitter:data1\" content=\"admin\" \/>\n\t<meta name=\"twitter:label2\" content=\"Tempo di lettura stimato\" \/>\n\t<meta name=\"twitter:data2\" content=\"3 minuti\" \/>\n<script type=\"application\/ld+json\" class=\"yoast-schema-graph\">{\"@context\":\"https:\\\/\\\/schema.org\",\"@graph\":[{\"@type\":\"Article\",\"@id\":\"https:\\\/\\\/lavocedelpaese.info\\\/index.php\\\/2025\\\/05\\\/07\\\/allarme-xylella-legambiente-chiede-alla-regione-un-incontro\\\/#article\",\"isPartOf\":{\"@id\":\"https:\\\/\\\/lavocedelpaese.info\\\/index.php\\\/2025\\\/05\\\/07\\\/allarme-xylella-legambiente-chiede-alla-regione-un-incontro\\\/\"},\"author\":{\"name\":\"admin\",\"@id\":\"https:\\\/\\\/lavocedelpaese.info\\\/#\\\/schema\\\/person\\\/ec151d321306bd7591f7a061abf72d88\"},\"headline\":\"Allarme Xylella, Legambiente chiede alla Regione un incontro\u00a0\u200b\",\"datePublished\":\"2025-05-07T14:17:41+00:00\",\"mainEntityOfPage\":{\"@id\":\"https:\\\/\\\/lavocedelpaese.info\\\/index.php\\\/2025\\\/05\\\/07\\\/allarme-xylella-legambiente-chiede-alla-regione-un-incontro\\\/\"},\"wordCount\":539,\"commentCount\":0,\"publisher\":{\"@id\":\"https:\\\/\\\/lavocedelpaese.info\\\/#organization\"},\"image\":{\"@id\":\"https:\\\/\\\/lavocedelpaese.info\\\/index.php\\\/2025\\\/05\\\/07\\\/allarme-xylella-legambiente-chiede-alla-regione-un-incontro\\\/#primaryimage\"},\"thumbnailUrl\":\"https:\\\/\\\/lavocedelpaese.info\\\/wp-content\\\/uploads\\\/2023\\\/01\\\/logo-150-127.png\",\"articleSection\":[\"network\"],\"inLanguage\":\"it-IT\",\"potentialAction\":[{\"@type\":\"CommentAction\",\"name\":\"Comment\",\"target\":[\"https:\\\/\\\/lavocedelpaese.info\\\/index.php\\\/2025\\\/05\\\/07\\\/allarme-xylella-legambiente-chiede-alla-regione-un-incontro\\\/#respond\"]}]},{\"@type\":\"WebPage\",\"@id\":\"https:\\\/\\\/lavocedelpaese.info\\\/index.php\\\/2025\\\/05\\\/07\\\/allarme-xylella-legambiente-chiede-alla-regione-un-incontro\\\/\",\"url\":\"https:\\\/\\\/lavocedelpaese.info\\\/index.php\\\/2025\\\/05\\\/07\\\/allarme-xylella-legambiente-chiede-alla-regione-un-incontro\\\/\",\"name\":\"Allarme Xylella, Legambiente chiede alla Regione un incontro\u00a0\u200b - La Voce del Paese\",\"isPartOf\":{\"@id\":\"https:\\\/\\\/lavocedelpaese.info\\\/#website\"},\"primaryImageOfPage\":{\"@id\":\"https:\\\/\\\/lavocedelpaese.info\\\/index.php\\\/2025\\\/05\\\/07\\\/allarme-xylella-legambiente-chiede-alla-regione-un-incontro\\\/#primaryimage\"},\"image\":{\"@id\":\"https:\\\/\\\/lavocedelpaese.info\\\/index.php\\\/2025\\\/05\\\/07\\\/allarme-xylella-legambiente-chiede-alla-regione-un-incontro\\\/#primaryimage\"},\"thumbnailUrl\":\"https:\\\/\\\/lavocedelpaese.info\\\/wp-content\\\/uploads\\\/2023\\\/01\\\/logo-150-127.png\",\"datePublished\":\"2025-05-07T14:17:41+00:00\",\"breadcrumb\":{\"@id\":\"https:\\\/\\\/lavocedelpaese.info\\\/index.php\\\/2025\\\/05\\\/07\\\/allarme-xylella-legambiente-chiede-alla-regione-un-incontro\\\/#breadcrumb\"},\"inLanguage\":\"it-IT\",\"potentialAction\":[{\"@type\":\"ReadAction\",\"target\":[\"https:\\\/\\\/lavocedelpaese.info\\\/index.php\\\/2025\\\/05\\\/07\\\/allarme-xylella-legambiente-chiede-alla-regione-un-incontro\\\/\"]}]},{\"@type\":\"ImageObject\",\"inLanguage\":\"it-IT\",\"@id\":\"https:\\\/\\\/lavocedelpaese.info\\\/index.php\\\/2025\\\/05\\\/07\\\/allarme-xylella-legambiente-chiede-alla-regione-un-incontro\\\/#primaryimage\",\"url\":\"https:\\\/\\\/lavocedelpaese.info\\\/wp-content\\\/uploads\\\/2023\\\/01\\\/logo-150-127.png\",\"contentUrl\":\"https:\\\/\\\/lavocedelpaese.info\\\/wp-content\\\/uploads\\\/2023\\\/01\\\/logo-150-127.png\",\"width\":150,\"height\":127},{\"@type\":\"BreadcrumbList\",\"@id\":\"https:\\\/\\\/lavocedelpaese.info\\\/index.php\\\/2025\\\/05\\\/07\\\/allarme-xylella-legambiente-chiede-alla-regione-un-incontro\\\/#breadcrumb\",\"itemListElement\":[{\"@type\":\"ListItem\",\"position\":1,\"name\":\"Home\",\"item\":\"https:\\\/\\\/lavocedelpaese.info\\\/\"},{\"@type\":\"ListItem\",\"position\":2,\"name\":\"Allarme Xylella, Legambiente chiede alla Regione un incontro\u00a0\u200b\"}]},{\"@type\":\"WebSite\",\"@id\":\"https:\\\/\\\/lavocedelpaese.info\\\/#website\",\"url\":\"https:\\\/\\\/lavocedelpaese.info\\\/\",\"name\":\"La Voce del Paese\",\"description\":\"Un network di idee\",\"publisher\":{\"@id\":\"https:\\\/\\\/lavocedelpaese.info\\\/#organization\"},\"potentialAction\":[{\"@type\":\"SearchAction\",\"target\":{\"@type\":\"EntryPoint\",\"urlTemplate\":\"https:\\\/\\\/lavocedelpaese.info\\\/?s={search_term_string}\"},\"query-input\":{\"@type\":\"PropertyValueSpecification\",\"valueRequired\":true,\"valueName\":\"search_term_string\"}}],\"inLanguage\":\"it-IT\"},{\"@type\":\"Organization\",\"@id\":\"https:\\\/\\\/lavocedelpaese.info\\\/#organization\",\"name\":\"La Voce del Paese\",\"url\":\"https:\\\/\\\/lavocedelpaese.info\\\/\",\"logo\":{\"@type\":\"ImageObject\",\"inLanguage\":\"it-IT\",\"@id\":\"https:\\\/\\\/lavocedelpaese.info\\\/#\\\/schema\\\/logo\\\/image\\\/\",\"url\":\"https:\\\/\\\/lavocedelpaese.info\\\/wp-content\\\/uploads\\\/2023\\\/01\\\/cropped-logo-150-127.png\",\"contentUrl\":\"https:\\\/\\\/lavocedelpaese.info\\\/wp-content\\\/uploads\\\/2023\\\/01\\\/cropped-logo-150-127.png\",\"width\":137,\"height\":119,\"caption\":\"La Voce del Paese\"},\"image\":{\"@id\":\"https:\\\/\\\/lavocedelpaese.info\\\/#\\\/schema\\\/logo\\\/image\\\/\"},\"sameAs\":[\"https:\\\/\\\/www.facebook.com\\\/lavocedelpaese.info\"]},{\"@type\":\"Person\",\"@id\":\"https:\\\/\\\/lavocedelpaese.info\\\/#\\\/schema\\\/person\\\/ec151d321306bd7591f7a061abf72d88\",\"name\":\"admin\",\"image\":{\"@type\":\"ImageObject\",\"inLanguage\":\"it-IT\",\"@id\":\"https:\\\/\\\/secure.gravatar.com\\\/avatar\\\/af8f2caf0663124588de48a9380e07cbc95a74ef15b8062d0d39106c32fe3023?s=96&d=mm&r=g\",\"url\":\"https:\\\/\\\/secure.gravatar.com\\\/avatar\\\/af8f2caf0663124588de48a9380e07cbc95a74ef15b8062d0d39106c32fe3023?s=96&d=mm&r=g\",\"contentUrl\":\"https:\\\/\\\/secure.gravatar.com\\\/avatar\\\/af8f2caf0663124588de48a9380e07cbc95a74ef15b8062d0d39106c32fe3023?s=96&d=mm&r=g\",\"caption\":\"admin\"},\"sameAs\":[\"https:\\\/\\\/lavocedelpaese.info\"],\"url\":\"https:\\\/\\\/lavocedelpaese.info\\\/index.php\\\/author\\\/admin\\\/\"}]}<\/script>\n<!-- \/ Yoast SEO plugin. -->","yoast_head_json":{"title":"Allarme Xylella, Legambiente chiede alla Regione un incontro\u00a0\u200b - La Voce del Paese","robots":{"index":"index","follow":"follow","max-snippet":"max-snippet:-1","max-image-preview":"max-image-preview:large","max-video-preview":"max-video-preview:-1"},"canonical":"https:\/\/lavocedelpaese.info\/index.php\/2025\/05\/07\/allarme-xylella-legambiente-chiede-alla-regione-un-incontro\/","og_locale":"it_IT","og_type":"article","og_title":"Allarme Xylella, Legambiente chiede alla Regione un incontro\u00a0\u200b - La Voce del Paese","og_description":"\u00a0 \u200b\u00a0 \u200b\u00a0 Xylella in Puglia: l\u2019allarme cresce tra controlli, scoperte e disinformazione e\u00a0Legambiente\u00a0chiede un incontro urgente con le altre","og_url":"https:\/\/lavocedelpaese.info\/index.php\/2025\/05\/07\/allarme-xylella-legambiente-chiede-alla-regione-un-incontro\/","og_site_name":"La Voce del Paese","article_publisher":"https:\/\/www.facebook.com\/lavocedelpaese.info","article_published_time":"2025-05-07T14:17:41+00:00","author":"admin","twitter_card":"summary_large_image","twitter_misc":{"Scritto da":"admin","Tempo di lettura stimato":"3 minuti"},"schema":{"@context":"https:\/\/schema.org","@graph":[{"@type":"Article","@id":"https:\/\/lavocedelpaese.info\/index.php\/2025\/05\/07\/allarme-xylella-legambiente-chiede-alla-regione-un-incontro\/#article","isPartOf":{"@id":"https:\/\/lavocedelpaese.info\/index.php\/2025\/05\/07\/allarme-xylella-legambiente-chiede-alla-regione-un-incontro\/"},"author":{"name":"admin","@id":"https:\/\/lavocedelpaese.info\/#\/schema\/person\/ec151d321306bd7591f7a061abf72d88"},"headline":"Allarme Xylella, Legambiente chiede alla Regione un incontro\u00a0\u200b","datePublished":"2025-05-07T14:17:41+00:00","mainEntityOfPage":{"@id":"https:\/\/lavocedelpaese.info\/index.php\/2025\/05\/07\/allarme-xylella-legambiente-chiede-alla-regione-un-incontro\/"},"wordCount":539,"commentCount":0,"publisher":{"@id":"https:\/\/lavocedelpaese.info\/#organization"},"image":{"@id":"https:\/\/lavocedelpaese.info\/index.php\/2025\/05\/07\/allarme-xylella-legambiente-chiede-alla-regione-un-incontro\/#primaryimage"},"thumbnailUrl":"https:\/\/lavocedelpaese.info\/wp-content\/uploads\/2023\/01\/logo-150-127.png","articleSection":["network"],"inLanguage":"it-IT","potentialAction":[{"@type":"CommentAction","name":"Comment","target":["https:\/\/lavocedelpaese.info\/index.php\/2025\/05\/07\/allarme-xylella-legambiente-chiede-alla-regione-un-incontro\/#respond"]}]},{"@type":"WebPage","@id":"https:\/\/lavocedelpaese.info\/index.php\/2025\/05\/07\/allarme-xylella-legambiente-chiede-alla-regione-un-incontro\/","url":"https:\/\/lavocedelpaese.info\/index.php\/2025\/05\/07\/allarme-xylella-legambiente-chiede-alla-regione-un-incontro\/","name":"Allarme Xylella, Legambiente chiede alla Regione un incontro\u00a0\u200b - La Voce del Paese","isPartOf":{"@id":"https:\/\/lavocedelpaese.info\/#website"},"primaryImageOfPage":{"@id":"https:\/\/lavocedelpaese.info\/index.php\/2025\/05\/07\/allarme-xylella-legambiente-chiede-alla-regione-un-incontro\/#primaryimage"},"image":{"@id":"https:\/\/lavocedelpaese.info\/index.php\/2025\/05\/07\/allarme-xylella-legambiente-chiede-alla-regione-un-incontro\/#primaryimage"},"thumbnailUrl":"https:\/\/lavocedelpaese.info\/wp-content\/uploads\/2023\/01\/logo-150-127.png","datePublished":"2025-05-07T14:17:41+00:00","breadcrumb":{"@id":"https:\/\/lavocedelpaese.info\/index.php\/2025\/05\/07\/allarme-xylella-legambiente-chiede-alla-regione-un-incontro\/#breadcrumb"},"inLanguage":"it-IT","potentialAction":[{"@type":"ReadAction","target":["https:\/\/lavocedelpaese.info\/index.php\/2025\/05\/07\/allarme-xylella-legambiente-chiede-alla-regione-un-incontro\/"]}]},{"@type":"ImageObject","inLanguage":"it-IT","@id":"https:\/\/lavocedelpaese.info\/index.php\/2025\/05\/07\/allarme-xylella-legambiente-chiede-alla-regione-un-incontro\/#primaryimage","url":"https:\/\/lavocedelpaese.info\/wp-content\/uploads\/2023\/01\/logo-150-127.png","contentUrl":"https:\/\/lavocedelpaese.info\/wp-content\/uploads\/2023\/01\/logo-150-127.png","width":150,"height":127},{"@type":"BreadcrumbList","@id":"https:\/\/lavocedelpaese.info\/index.php\/2025\/05\/07\/allarme-xylella-legambiente-chiede-alla-regione-un-incontro\/#breadcrumb","itemListElement":[{"@type":"ListItem","position":1,"name":"Home","item":"https:\/\/lavocedelpaese.info\/"},{"@type":"ListItem","position":2,"name":"Allarme Xylella, Legambiente chiede alla Regione un incontro\u00a0\u200b"}]},{"@type":"WebSite","@id":"https:\/\/lavocedelpaese.info\/#website","url":"https:\/\/lavocedelpaese.info\/","name":"La Voce del Paese","description":"Un network di idee","publisher":{"@id":"https:\/\/lavocedelpaese.info\/#organization"},"potentialAction":[{"@type":"SearchAction","target":{"@type":"EntryPoint","urlTemplate":"https:\/\/lavocedelpaese.info\/?s={search_term_string}"},"query-input":{"@type":"PropertyValueSpecification","valueRequired":true,"valueName":"search_term_string"}}],"inLanguage":"it-IT"},{"@type":"Organization","@id":"https:\/\/lavocedelpaese.info\/#organization","name":"La Voce del Paese","url":"https:\/\/lavocedelpaese.info\/","logo":{"@type":"ImageObject","inLanguage":"it-IT","@id":"https:\/\/lavocedelpaese.info\/#\/schema\/logo\/image\/","url":"https:\/\/lavocedelpaese.info\/wp-content\/uploads\/2023\/01\/cropped-logo-150-127.png","contentUrl":"https:\/\/lavocedelpaese.info\/wp-content\/uploads\/2023\/01\/cropped-logo-150-127.png","width":137,"height":119,"caption":"La Voce del Paese"},"image":{"@id":"https:\/\/lavocedelpaese.info\/#\/schema\/logo\/image\/"},"sameAs":["https:\/\/www.facebook.com\/lavocedelpaese.info"]},{"@type":"Person","@id":"https:\/\/lavocedelpaese.info\/#\/schema\/person\/ec151d321306bd7591f7a061abf72d88","name":"admin","image":{"@type":"ImageObject","inLanguage":"it-IT","@id":"https:\/\/secure.gravatar.com\/avatar\/af8f2caf0663124588de48a9380e07cbc95a74ef15b8062d0d39106c32fe3023?s=96&d=mm&r=g","url":"https:\/\/secure.gravatar.com\/avatar\/af8f2caf0663124588de48a9380e07cbc95a74ef15b8062d0d39106c32fe3023?s=96&d=mm&r=g","contentUrl":"https:\/\/secure.gravatar.com\/avatar\/af8f2caf0663124588de48a9380e07cbc95a74ef15b8062d0d39106c32fe3023?s=96&d=mm&r=g","caption":"admin"},"sameAs":["https:\/\/lavocedelpaese.info"],"url":"https:\/\/lavocedelpaese.info\/index.php\/author\/admin\/"}]}},"_links":{"self":[{"href":"https:\/\/lavocedelpaese.info\/index.php\/wp-json\/wp\/v2\/posts\/9287","targetHints":{"allow":["GET"]}}],"collection":[{"href":"https:\/\/lavocedelpaese.info\/index.php\/wp-json\/wp\/v2\/posts"}],"about":[{"href":"https:\/\/lavocedelpaese.info\/index.php\/wp-json\/wp\/v2\/types\/post"}],"author":[{"embeddable":true,"href":"https:\/\/lavocedelpaese.info\/index.php\/wp-json\/wp\/v2\/users\/6"}],"replies":[{"embeddable":true,"href":"https:\/\/lavocedelpaese.info\/index.php\/wp-json\/wp\/v2\/comments?post=9287"}],"version-history":[{"count":0,"href":"https:\/\/lavocedelpaese.info\/index.php\/wp-json\/wp\/v2\/posts\/9287\/revisions"}],"wp:featuredmedia":[{"embeddable":true,"href":"https:\/\/lavocedelpaese.info\/index.php\/wp-json\/wp\/v2\/media\/730"}],"wp:attachment":[{"href":"https:\/\/lavocedelpaese.info\/index.php\/wp-json\/wp\/v2\/media?parent=9287"}],"wp:term":[{"taxonomy":"category","embeddable":true,"href":"https:\/\/lavocedelpaese.info\/index.php\/wp-json\/wp\/v2\/categories?post=9287"},{"taxonomy":"post_tag","embeddable":true,"href":"https:\/\/lavocedelpaese.info\/index.php\/wp-json\/wp\/v2\/tags?post=9287"}],"curies":[{"name":"wp","href":"https:\/\/api.w.org\/{rel}","templated":true}]}}