{"id":9264,"date":"2025-05-04T15:14:41","date_gmt":"2025-05-04T15:14:41","guid":{"rendered":"https:\/\/lavocedelpaese.info\/index.php\/2025\/05\/04\/cara-ansia-un-viaggio-dentro-se-stessi-con-olimpia-piragina\/"},"modified":"2025-05-04T15:14:41","modified_gmt":"2025-05-04T15:14:41","slug":"cara-ansia-un-viaggio-dentro-se-stessi-con-olimpia-piragina","status":"publish","type":"post","link":"https:\/\/lavocedelpaese.info\/index.php\/2025\/05\/04\/cara-ansia-un-viaggio-dentro-se-stessi-con-olimpia-piragina\/","title":{"rendered":"\u201cCara Ansia\u201d, un viaggio dentro se stessi con Olimpia Piragina\u00a0\u200b"},"content":{"rendered":"<p>\u00a0<\/p>\n<p>\u200b\u00a0<\/p>\n<p>\u200b\u00a0<\/p>\n<p><em><strong>di Francesco Lenoci<\/strong><\/em><\/p>\n<p><em>Vi \u00e8 mai capitato di sentirvi sbagliati? Di percepire che qualcosa dentro di voi non funzionasse pi\u00f9 come avrebbe dovuto?<\/em><\/p>\n<p>\u00c8 partita da qui Olimpia. \u00c8 partita da queste domande. Spesso venute in mente a molti; domande a cui, purtroppo, non \u00e8 cos\u00ec facile dare una risposta.<\/p>\n<p>Ed \u00e8 proprio da questa sensazione di disagio che nasce \u201c<em><strong>Cara Ansia: un viaggio dentro se stessi<\/strong><\/em>\u201d il primo albo illustrato dell\u2019artista acquavivese Olimpia Piragina.<\/p>\n<figure class=\"wp-block-image size-full\"><img decoding=\"async\" width=\"800\" height=\"800\" src=\"https:\/\/acquaviva.lavocedelpaese.info\/wp-content\/uploads\/2025\/05\/Olimpia-Piragina-1.jpg\" alt=\"\" class=\"wp-image-5458\"\/><\/figure>\n<p><em><strong>Ma chi \u00e8 Olimpia Piragina?<\/strong><\/em><\/p>\n<p>Olimpia \u00e8 una di quelle Acquavivesi che potremmo definire \u201cDOC\u201d, innamorata follemente della sua terra e di tutto ci\u00f2 che la caratterizza: storia, arte, cultura, cibo.<\/p>\n<p>Classe 1995, il suo nome d\u2019arte \u00e8 \u201c<em><strong>RossoSole<\/strong><\/em>\u201d perch\u00e9 le piace \u201csoleggiare\u201d senza accecare troppo. Laureata in Grafica all\u2019Accademia di Belle Arti di Bari, specializzata in Pittura Nuove Tendenze e diplomata in Illustrazione per l\u2019editoria con Ars in Fabula.<\/p>\n<p>Responsabile Artistica della mostra \u201cThe Acquaviveser\u201d, in occasione della Festa della Cipolla Rossa nel 2024, punto di riferimento per i piccoli illustratori del Centro Educativo \u201cGranelli di Senape\u201d per il progetto Biblio In e cantante del gruppo \u201cFatti in Casa Band\u201d. Insomma Olimpia ha nel sangue arte pura.<\/p>\n<p>Abbiamo fatto due chiacchiere con lei, che vi riportiamo qui, per farci presentare il suo viaggio illustrato.<\/p>\n<p>\u201cCara Ansia \u00e8 un albo illustrato che d\u00e0 voce all\u2019esperienza del disturbo d\u2019ansia e alla scoperta delle proprie emozioni, nato dal mio percorso personale di psicoterapia.<\/p>\n<p>La protagonista \u00e8 Amigdala, quella piccola ma potentissima ghiandola che regola le nostre reazioni emotive. Attraverso la tecnica delle illustrazioni digitali, ho voluto dare un volto e un colore all\u2019ansia, renderla comprensibile, accoglierla\u2026 quasi come si farebbe con un\u2019amica.<\/p>\n<p>\u00c8 un albo pensato per un pubblico adolescente e adulto. Per chi vive, ha vissuto o vuole comprendere meglio l\u2019ansia e il proprio mondo interiore.<\/p>\n<p>\u00c8 il libro che avrei voluto avere con me per non sentirmi sola, per capire me stessa.<\/p>\n<p>Credo che sia qualcosa di speciale perch\u00e9 affronta il tema dell\u2019ansia con delicatezza, profondit\u00e0 e colore, senza essere negativi e creare ulteriori preoccupazioni. Introduce il concetto del bambino interiore e il suo legame con le emozioni che viviamo ogni giorno. Unisce narrazione illustrata e introspezione psicologica, un modo di comunicare coinvolgente e semplificato e per ultimo, \u00e8 ideale come spunto di riflessione personale o terapeutica.<\/p>\n<p><em><strong>Le abbiamo chiesto anche cosa avesse provato durante i momenti in cui si apprestava a realizzare le illustrazioni che poi avrebbero creato l\u2019albo.<\/strong><\/em><\/p>\n<p>Il processo creativo \u00e8 stato fatto in corso d\u2019opera, letteralmente, quindi non avevo un\u2019idea precisa di cosa rappresentare. Mi sono lasciata guidare da quello che stavo provando in quel momento. Affrontavo il disturbo nella quotidianit\u00e0, lo esploravo in terapia e lo traducevo attraverso il progetto. Tutto cos\u00ec si amplificava. A volte mi spaventava addentrarmi troppo nelle dinamiche emotive perch\u00e9 \u00e8 come se \u201ctiravano\u201d l\u2019ansia, la chiamavano e richiamavano sempre pi\u00f9 vicina. Queste modalit\u00e0 e concomitanze, per\u00f2, credo abbiano garantito l\u2019autenticit\u00e0 di questo libro. Non potrebbe essere pi\u00f9 limpido e vero di cos\u00ec. Tra l\u2019altro \u00e8 stato un percorso e un processo in crescendo. Questo \u00e8 stato il progetto di tesi finale della mia specialistica in pittura in accademia e durante l\u2019anno prima di avere in mente il progetto del libro, gi\u00e0 anticipavo, inconsciamente, la tematica attraverso altri progetti accademici. C\u2019\u00e8 stata una sorta di continuazione naturale.<\/p>\n<p><em><strong>Dove trovarlo?<\/strong><\/em><\/p>\n<p>Su <strong>Amazon<\/strong> (<a href=\"https:\/\/www.amazon.it\/Cara-ansia-viaggio-dentro-stessi\/dp\/886262381X\"><u>https:\/\/www.amazon.it\/Cara-ansia-viaggio-dentro-stessi\/dp\/886262381X<\/u><\/a>), <strong>IBS<\/strong> (<a href=\"https:\/\/www.ibs.it\/cara-ansia-viaggio-dentro-se-libro-olimpia-piragina\/e\/9788862623810\"><u>https:\/\/www.ibs.it\/cara-ansia-viaggio-dentro-se-libro-olimpia-piragina\/e\/9788862623810<\/u><\/a>), <strong>Mondadori<\/strong> (<a href=\"https:\/\/www.mondadoristore.it\/Cara-ansia-Un-viaggio-dentro-se-stessi-Olimpia-Piragina\/eai978886262381\/\"><u>https:\/\/www.mondadoristore.it\/Cara-ansia-Un-viaggio-dentro-se-stessi-Olimpia-Piragina\/eai978886262381\/<\/u><\/a>) e <strong>Feltrinelli<\/strong> (<a href=\"https:\/\/www.lafeltrinelli.it\/cara-ansia-viaggio-dentro-se-libro-olimpia-piragina\/e\/9788862623810\"><u>https:\/\/www.lafeltrinelli.it\/cara-ansia-viaggio-dentro-se-libro-olimpia-piragina\/e\/9788862623810<\/u><\/a>).<\/p>\n<p>Ad Acquaviva, invece, \u201cCara Ansia\u201d \u00e8 disponibile presso Mondadori Bookstore, in via Giovanni XXIII e Matite Curiose, in via Supriani, 11.<\/p>\n<p class=\"has-text-align-right\"><em><strong>Francesco Lenoci<\/strong><\/em><\/p>\n<figure class=\"wp-block-image size-full\"><img decoding=\"async\" width=\"638\" height=\"800\" src=\"https:\/\/acquaviva.lavocedelpaese.info\/wp-content\/uploads\/2025\/05\/61uwFgKg4BL._SL1254_.jpg\" alt=\"\" class=\"wp-image-5457\"\/><\/figure>\n<p><a class=\"a2a_button_facebook\" href=\"https:\/\/www.addtoany.com\/add_to\/facebook?linkurl=https%3A%2F%2Facquaviva.lavocedelpaese.info%2Findex.php%2F2025%2F05%2F04%2Fcara-ansia-un-viaggio-dentro-se-stessi-con-olimpia-piragina%2F&amp;linkname=%E2%80%9CCara%20Ansia%E2%80%9D%2C%20un%20viaggio%20dentro%20se%20stessi%20con%20Olimpia%20Piragina\" title=\"Facebook\" rel=\"nofollow noopener\" target=\"_blank\"><\/a><a class=\"a2a_button_twitter\" href=\"https:\/\/www.addtoany.com\/add_to\/twitter?linkurl=https%3A%2F%2Facquaviva.lavocedelpaese.info%2Findex.php%2F2025%2F05%2F04%2Fcara-ansia-un-viaggio-dentro-se-stessi-con-olimpia-piragina%2F&amp;linkname=%E2%80%9CCara%20Ansia%E2%80%9D%2C%20un%20viaggio%20dentro%20se%20stessi%20con%20Olimpia%20Piragina\" title=\"Twitter\" rel=\"nofollow noopener\" target=\"_blank\"><\/a><a class=\"a2a_button_whatsapp\" href=\"https:\/\/www.addtoany.com\/add_to\/whatsapp?linkurl=https%3A%2F%2Facquaviva.lavocedelpaese.info%2Findex.php%2F2025%2F05%2F04%2Fcara-ansia-un-viaggio-dentro-se-stessi-con-olimpia-piragina%2F&amp;linkname=%E2%80%9CCara%20Ansia%E2%80%9D%2C%20un%20viaggio%20dentro%20se%20stessi%20con%20Olimpia%20Piragina\" title=\"WhatsApp\" rel=\"nofollow noopener\" target=\"_blank\"><\/a><a class=\"a2a_button_telegram\" href=\"https:\/\/www.addtoany.com\/add_to\/telegram?linkurl=https%3A%2F%2Facquaviva.lavocedelpaese.info%2Findex.php%2F2025%2F05%2F04%2Fcara-ansia-un-viaggio-dentro-se-stessi-con-olimpia-piragina%2F&amp;linkname=%E2%80%9CCara%20Ansia%E2%80%9D%2C%20un%20viaggio%20dentro%20se%20stessi%20con%20Olimpia%20Piragina\" title=\"Telegram\" rel=\"nofollow noopener\" target=\"_blank\"><\/a><a class=\"a2a_button_email\" href=\"https:\/\/www.addtoany.com\/add_to\/email?linkurl=https%3A%2F%2Facquaviva.lavocedelpaese.info%2Findex.php%2F2025%2F05%2F04%2Fcara-ansia-un-viaggio-dentro-se-stessi-con-olimpia-piragina%2F&amp;linkname=%E2%80%9CCara%20Ansia%E2%80%9D%2C%20un%20viaggio%20dentro%20se%20stessi%20con%20Olimpia%20Piragina\" title=\"Email\" rel=\"nofollow noopener\" target=\"_blank\"><\/a><\/p>\n<p>\u00a0<\/p>\n<p>\u00a0<\/p>\n<p>\u200b\u00a0\u00a0\u00a0<\/p>","protected":false},"excerpt":{"rendered":"<p>\u00a0 \u200b\u00a0 \u200b\u00a0 di Francesco Lenoci Vi \u00e8 mai capitato di sentirvi sbagliati? Di percepire che qualcosa dentro di voi<\/p>\n","protected":false},"author":6,"featured_media":9265,"comment_status":"open","ping_status":"closed","sticky":false,"template":"","format":"standard","meta":{"colormag_page_container_layout":"default_layout","colormag_page_sidebar_layout":"default_layout","footnotes":""},"categories":[33],"tags":[],"class_list":["post-9264","post","type-post","status-publish","format-standard","has-post-thumbnail","hentry","category-network"],"yoast_head":"<!-- This site is optimized with the Yoast SEO plugin v27.5 - https:\/\/yoast.com\/product\/yoast-seo-wordpress\/ -->\n<title>\u201cCara Ansia\u201d, un viaggio dentro se stessi con Olimpia Piragina\u00a0\u200b - La Voce del Paese<\/title>\n<meta name=\"robots\" content=\"index, follow, max-snippet:-1, max-image-preview:large, max-video-preview:-1\" \/>\n<link rel=\"canonical\" href=\"https:\/\/lavocedelpaese.info\/index.php\/2025\/05\/04\/cara-ansia-un-viaggio-dentro-se-stessi-con-olimpia-piragina\/\" \/>\n<meta property=\"og:locale\" content=\"it_IT\" \/>\n<meta property=\"og:type\" content=\"article\" \/>\n<meta property=\"og:title\" content=\"\u201cCara Ansia\u201d, un viaggio dentro se stessi con Olimpia Piragina\u00a0\u200b - La Voce del Paese\" \/>\n<meta property=\"og:description\" content=\"\u00a0 \u200b\u00a0 \u200b\u00a0 di Francesco Lenoci Vi \u00e8 mai capitato di sentirvi sbagliati? Di percepire che qualcosa dentro di voi\" \/>\n<meta property=\"og:url\" content=\"https:\/\/lavocedelpaese.info\/index.php\/2025\/05\/04\/cara-ansia-un-viaggio-dentro-se-stessi-con-olimpia-piragina\/\" \/>\n<meta property=\"og:site_name\" content=\"La Voce del Paese\" \/>\n<meta property=\"article:publisher\" content=\"https:\/\/www.facebook.com\/lavocedelpaese.info\" \/>\n<meta property=\"article:published_time\" content=\"2025-05-04T15:14:41+00:00\" \/>\n<meta name=\"author\" content=\"admin\" \/>\n<meta name=\"twitter:card\" content=\"summary_large_image\" \/>\n<meta name=\"twitter:label1\" content=\"Scritto da\" \/>\n\t<meta name=\"twitter:data1\" content=\"admin\" \/>\n\t<meta name=\"twitter:label2\" content=\"Tempo di lettura stimato\" \/>\n\t<meta name=\"twitter:data2\" content=\"3 minuti\" \/>\n<script type=\"application\/ld+json\" class=\"yoast-schema-graph\">{\"@context\":\"https:\\\/\\\/schema.org\",\"@graph\":[{\"@type\":\"Article\",\"@id\":\"https:\\\/\\\/lavocedelpaese.info\\\/index.php\\\/2025\\\/05\\\/04\\\/cara-ansia-un-viaggio-dentro-se-stessi-con-olimpia-piragina\\\/#article\",\"isPartOf\":{\"@id\":\"https:\\\/\\\/lavocedelpaese.info\\\/index.php\\\/2025\\\/05\\\/04\\\/cara-ansia-un-viaggio-dentro-se-stessi-con-olimpia-piragina\\\/\"},\"author\":{\"name\":\"admin\",\"@id\":\"https:\\\/\\\/lavocedelpaese.info\\\/#\\\/schema\\\/person\\\/ec151d321306bd7591f7a061abf72d88\"},\"headline\":\"\u201cCara Ansia\u201d, un viaggio dentro se stessi con Olimpia Piragina\u00a0\u200b\",\"datePublished\":\"2025-05-04T15:14:41+00:00\",\"mainEntityOfPage\":{\"@id\":\"https:\\\/\\\/lavocedelpaese.info\\\/index.php\\\/2025\\\/05\\\/04\\\/cara-ansia-un-viaggio-dentro-se-stessi-con-olimpia-piragina\\\/\"},\"wordCount\":613,\"commentCount\":0,\"publisher\":{\"@id\":\"https:\\\/\\\/lavocedelpaese.info\\\/#organization\"},\"image\":{\"@id\":\"https:\\\/\\\/lavocedelpaese.info\\\/index.php\\\/2025\\\/05\\\/04\\\/cara-ansia-un-viaggio-dentro-se-stessi-con-olimpia-piragina\\\/#primaryimage\"},\"thumbnailUrl\":\"https:\\\/\\\/lavocedelpaese.info\\\/wp-content\\\/uploads\\\/2025\\\/05\\\/Olimpia-Piragina-1-CYNz38.jpg\",\"articleSection\":[\"network\"],\"inLanguage\":\"it-IT\",\"potentialAction\":[{\"@type\":\"CommentAction\",\"name\":\"Comment\",\"target\":[\"https:\\\/\\\/lavocedelpaese.info\\\/index.php\\\/2025\\\/05\\\/04\\\/cara-ansia-un-viaggio-dentro-se-stessi-con-olimpia-piragina\\\/#respond\"]}]},{\"@type\":\"WebPage\",\"@id\":\"https:\\\/\\\/lavocedelpaese.info\\\/index.php\\\/2025\\\/05\\\/04\\\/cara-ansia-un-viaggio-dentro-se-stessi-con-olimpia-piragina\\\/\",\"url\":\"https:\\\/\\\/lavocedelpaese.info\\\/index.php\\\/2025\\\/05\\\/04\\\/cara-ansia-un-viaggio-dentro-se-stessi-con-olimpia-piragina\\\/\",\"name\":\"\u201cCara Ansia\u201d, un viaggio dentro se stessi con Olimpia Piragina\u00a0\u200b - La Voce del Paese\",\"isPartOf\":{\"@id\":\"https:\\\/\\\/lavocedelpaese.info\\\/#website\"},\"primaryImageOfPage\":{\"@id\":\"https:\\\/\\\/lavocedelpaese.info\\\/index.php\\\/2025\\\/05\\\/04\\\/cara-ansia-un-viaggio-dentro-se-stessi-con-olimpia-piragina\\\/#primaryimage\"},\"image\":{\"@id\":\"https:\\\/\\\/lavocedelpaese.info\\\/index.php\\\/2025\\\/05\\\/04\\\/cara-ansia-un-viaggio-dentro-se-stessi-con-olimpia-piragina\\\/#primaryimage\"},\"thumbnailUrl\":\"https:\\\/\\\/lavocedelpaese.info\\\/wp-content\\\/uploads\\\/2025\\\/05\\\/Olimpia-Piragina-1-CYNz38.jpg\",\"datePublished\":\"2025-05-04T15:14:41+00:00\",\"breadcrumb\":{\"@id\":\"https:\\\/\\\/lavocedelpaese.info\\\/index.php\\\/2025\\\/05\\\/04\\\/cara-ansia-un-viaggio-dentro-se-stessi-con-olimpia-piragina\\\/#breadcrumb\"},\"inLanguage\":\"it-IT\",\"potentialAction\":[{\"@type\":\"ReadAction\",\"target\":[\"https:\\\/\\\/lavocedelpaese.info\\\/index.php\\\/2025\\\/05\\\/04\\\/cara-ansia-un-viaggio-dentro-se-stessi-con-olimpia-piragina\\\/\"]}]},{\"@type\":\"ImageObject\",\"inLanguage\":\"it-IT\",\"@id\":\"https:\\\/\\\/lavocedelpaese.info\\\/index.php\\\/2025\\\/05\\\/04\\\/cara-ansia-un-viaggio-dentro-se-stessi-con-olimpia-piragina\\\/#primaryimage\",\"url\":\"https:\\\/\\\/lavocedelpaese.info\\\/wp-content\\\/uploads\\\/2025\\\/05\\\/Olimpia-Piragina-1-CYNz38.jpg\",\"contentUrl\":\"https:\\\/\\\/lavocedelpaese.info\\\/wp-content\\\/uploads\\\/2025\\\/05\\\/Olimpia-Piragina-1-CYNz38.jpg\",\"width\":800,\"height\":800},{\"@type\":\"BreadcrumbList\",\"@id\":\"https:\\\/\\\/lavocedelpaese.info\\\/index.php\\\/2025\\\/05\\\/04\\\/cara-ansia-un-viaggio-dentro-se-stessi-con-olimpia-piragina\\\/#breadcrumb\",\"itemListElement\":[{\"@type\":\"ListItem\",\"position\":1,\"name\":\"Home\",\"item\":\"https:\\\/\\\/lavocedelpaese.info\\\/\"},{\"@type\":\"ListItem\",\"position\":2,\"name\":\"\u201cCara Ansia\u201d, un viaggio dentro se stessi con Olimpia Piragina\u00a0\u200b\"}]},{\"@type\":\"WebSite\",\"@id\":\"https:\\\/\\\/lavocedelpaese.info\\\/#website\",\"url\":\"https:\\\/\\\/lavocedelpaese.info\\\/\",\"name\":\"La Voce del Paese\",\"description\":\"Un network di idee\",\"publisher\":{\"@id\":\"https:\\\/\\\/lavocedelpaese.info\\\/#organization\"},\"potentialAction\":[{\"@type\":\"SearchAction\",\"target\":{\"@type\":\"EntryPoint\",\"urlTemplate\":\"https:\\\/\\\/lavocedelpaese.info\\\/?s={search_term_string}\"},\"query-input\":{\"@type\":\"PropertyValueSpecification\",\"valueRequired\":true,\"valueName\":\"search_term_string\"}}],\"inLanguage\":\"it-IT\"},{\"@type\":\"Organization\",\"@id\":\"https:\\\/\\\/lavocedelpaese.info\\\/#organization\",\"name\":\"La Voce del Paese\",\"url\":\"https:\\\/\\\/lavocedelpaese.info\\\/\",\"logo\":{\"@type\":\"ImageObject\",\"inLanguage\":\"it-IT\",\"@id\":\"https:\\\/\\\/lavocedelpaese.info\\\/#\\\/schema\\\/logo\\\/image\\\/\",\"url\":\"https:\\\/\\\/lavocedelpaese.info\\\/wp-content\\\/uploads\\\/2023\\\/01\\\/cropped-logo-150-127.png\",\"contentUrl\":\"https:\\\/\\\/lavocedelpaese.info\\\/wp-content\\\/uploads\\\/2023\\\/01\\\/cropped-logo-150-127.png\",\"width\":137,\"height\":119,\"caption\":\"La Voce del Paese\"},\"image\":{\"@id\":\"https:\\\/\\\/lavocedelpaese.info\\\/#\\\/schema\\\/logo\\\/image\\\/\"},\"sameAs\":[\"https:\\\/\\\/www.facebook.com\\\/lavocedelpaese.info\"]},{\"@type\":\"Person\",\"@id\":\"https:\\\/\\\/lavocedelpaese.info\\\/#\\\/schema\\\/person\\\/ec151d321306bd7591f7a061abf72d88\",\"name\":\"admin\",\"image\":{\"@type\":\"ImageObject\",\"inLanguage\":\"it-IT\",\"@id\":\"https:\\\/\\\/secure.gravatar.com\\\/avatar\\\/af8f2caf0663124588de48a9380e07cbc95a74ef15b8062d0d39106c32fe3023?s=96&d=mm&r=g\",\"url\":\"https:\\\/\\\/secure.gravatar.com\\\/avatar\\\/af8f2caf0663124588de48a9380e07cbc95a74ef15b8062d0d39106c32fe3023?s=96&d=mm&r=g\",\"contentUrl\":\"https:\\\/\\\/secure.gravatar.com\\\/avatar\\\/af8f2caf0663124588de48a9380e07cbc95a74ef15b8062d0d39106c32fe3023?s=96&d=mm&r=g\",\"caption\":\"admin\"},\"sameAs\":[\"https:\\\/\\\/lavocedelpaese.info\"],\"url\":\"https:\\\/\\\/lavocedelpaese.info\\\/index.php\\\/author\\\/admin\\\/\"}]}<\/script>\n<!-- \/ Yoast SEO plugin. -->","yoast_head_json":{"title":"\u201cCara Ansia\u201d, un viaggio dentro se stessi con Olimpia Piragina\u00a0\u200b - La Voce del Paese","robots":{"index":"index","follow":"follow","max-snippet":"max-snippet:-1","max-image-preview":"max-image-preview:large","max-video-preview":"max-video-preview:-1"},"canonical":"https:\/\/lavocedelpaese.info\/index.php\/2025\/05\/04\/cara-ansia-un-viaggio-dentro-se-stessi-con-olimpia-piragina\/","og_locale":"it_IT","og_type":"article","og_title":"\u201cCara Ansia\u201d, un viaggio dentro se stessi con Olimpia Piragina\u00a0\u200b - La Voce del Paese","og_description":"\u00a0 \u200b\u00a0 \u200b\u00a0 di Francesco Lenoci Vi \u00e8 mai capitato di sentirvi sbagliati? Di percepire che qualcosa dentro di voi","og_url":"https:\/\/lavocedelpaese.info\/index.php\/2025\/05\/04\/cara-ansia-un-viaggio-dentro-se-stessi-con-olimpia-piragina\/","og_site_name":"La Voce del Paese","article_publisher":"https:\/\/www.facebook.com\/lavocedelpaese.info","article_published_time":"2025-05-04T15:14:41+00:00","author":"admin","twitter_card":"summary_large_image","twitter_misc":{"Scritto da":"admin","Tempo di lettura stimato":"3 minuti"},"schema":{"@context":"https:\/\/schema.org","@graph":[{"@type":"Article","@id":"https:\/\/lavocedelpaese.info\/index.php\/2025\/05\/04\/cara-ansia-un-viaggio-dentro-se-stessi-con-olimpia-piragina\/#article","isPartOf":{"@id":"https:\/\/lavocedelpaese.info\/index.php\/2025\/05\/04\/cara-ansia-un-viaggio-dentro-se-stessi-con-olimpia-piragina\/"},"author":{"name":"admin","@id":"https:\/\/lavocedelpaese.info\/#\/schema\/person\/ec151d321306bd7591f7a061abf72d88"},"headline":"\u201cCara Ansia\u201d, un viaggio dentro se stessi con Olimpia Piragina\u00a0\u200b","datePublished":"2025-05-04T15:14:41+00:00","mainEntityOfPage":{"@id":"https:\/\/lavocedelpaese.info\/index.php\/2025\/05\/04\/cara-ansia-un-viaggio-dentro-se-stessi-con-olimpia-piragina\/"},"wordCount":613,"commentCount":0,"publisher":{"@id":"https:\/\/lavocedelpaese.info\/#organization"},"image":{"@id":"https:\/\/lavocedelpaese.info\/index.php\/2025\/05\/04\/cara-ansia-un-viaggio-dentro-se-stessi-con-olimpia-piragina\/#primaryimage"},"thumbnailUrl":"https:\/\/lavocedelpaese.info\/wp-content\/uploads\/2025\/05\/Olimpia-Piragina-1-CYNz38.jpg","articleSection":["network"],"inLanguage":"it-IT","potentialAction":[{"@type":"CommentAction","name":"Comment","target":["https:\/\/lavocedelpaese.info\/index.php\/2025\/05\/04\/cara-ansia-un-viaggio-dentro-se-stessi-con-olimpia-piragina\/#respond"]}]},{"@type":"WebPage","@id":"https:\/\/lavocedelpaese.info\/index.php\/2025\/05\/04\/cara-ansia-un-viaggio-dentro-se-stessi-con-olimpia-piragina\/","url":"https:\/\/lavocedelpaese.info\/index.php\/2025\/05\/04\/cara-ansia-un-viaggio-dentro-se-stessi-con-olimpia-piragina\/","name":"\u201cCara Ansia\u201d, un viaggio dentro se stessi con Olimpia Piragina\u00a0\u200b - La Voce del Paese","isPartOf":{"@id":"https:\/\/lavocedelpaese.info\/#website"},"primaryImageOfPage":{"@id":"https:\/\/lavocedelpaese.info\/index.php\/2025\/05\/04\/cara-ansia-un-viaggio-dentro-se-stessi-con-olimpia-piragina\/#primaryimage"},"image":{"@id":"https:\/\/lavocedelpaese.info\/index.php\/2025\/05\/04\/cara-ansia-un-viaggio-dentro-se-stessi-con-olimpia-piragina\/#primaryimage"},"thumbnailUrl":"https:\/\/lavocedelpaese.info\/wp-content\/uploads\/2025\/05\/Olimpia-Piragina-1-CYNz38.jpg","datePublished":"2025-05-04T15:14:41+00:00","breadcrumb":{"@id":"https:\/\/lavocedelpaese.info\/index.php\/2025\/05\/04\/cara-ansia-un-viaggio-dentro-se-stessi-con-olimpia-piragina\/#breadcrumb"},"inLanguage":"it-IT","potentialAction":[{"@type":"ReadAction","target":["https:\/\/lavocedelpaese.info\/index.php\/2025\/05\/04\/cara-ansia-un-viaggio-dentro-se-stessi-con-olimpia-piragina\/"]}]},{"@type":"ImageObject","inLanguage":"it-IT","@id":"https:\/\/lavocedelpaese.info\/index.php\/2025\/05\/04\/cara-ansia-un-viaggio-dentro-se-stessi-con-olimpia-piragina\/#primaryimage","url":"https:\/\/lavocedelpaese.info\/wp-content\/uploads\/2025\/05\/Olimpia-Piragina-1-CYNz38.jpg","contentUrl":"https:\/\/lavocedelpaese.info\/wp-content\/uploads\/2025\/05\/Olimpia-Piragina-1-CYNz38.jpg","width":800,"height":800},{"@type":"BreadcrumbList","@id":"https:\/\/lavocedelpaese.info\/index.php\/2025\/05\/04\/cara-ansia-un-viaggio-dentro-se-stessi-con-olimpia-piragina\/#breadcrumb","itemListElement":[{"@type":"ListItem","position":1,"name":"Home","item":"https:\/\/lavocedelpaese.info\/"},{"@type":"ListItem","position":2,"name":"\u201cCara Ansia\u201d, un viaggio dentro se stessi con Olimpia Piragina\u00a0\u200b"}]},{"@type":"WebSite","@id":"https:\/\/lavocedelpaese.info\/#website","url":"https:\/\/lavocedelpaese.info\/","name":"La Voce del Paese","description":"Un network di idee","publisher":{"@id":"https:\/\/lavocedelpaese.info\/#organization"},"potentialAction":[{"@type":"SearchAction","target":{"@type":"EntryPoint","urlTemplate":"https:\/\/lavocedelpaese.info\/?s={search_term_string}"},"query-input":{"@type":"PropertyValueSpecification","valueRequired":true,"valueName":"search_term_string"}}],"inLanguage":"it-IT"},{"@type":"Organization","@id":"https:\/\/lavocedelpaese.info\/#organization","name":"La Voce del Paese","url":"https:\/\/lavocedelpaese.info\/","logo":{"@type":"ImageObject","inLanguage":"it-IT","@id":"https:\/\/lavocedelpaese.info\/#\/schema\/logo\/image\/","url":"https:\/\/lavocedelpaese.info\/wp-content\/uploads\/2023\/01\/cropped-logo-150-127.png","contentUrl":"https:\/\/lavocedelpaese.info\/wp-content\/uploads\/2023\/01\/cropped-logo-150-127.png","width":137,"height":119,"caption":"La Voce del Paese"},"image":{"@id":"https:\/\/lavocedelpaese.info\/#\/schema\/logo\/image\/"},"sameAs":["https:\/\/www.facebook.com\/lavocedelpaese.info"]},{"@type":"Person","@id":"https:\/\/lavocedelpaese.info\/#\/schema\/person\/ec151d321306bd7591f7a061abf72d88","name":"admin","image":{"@type":"ImageObject","inLanguage":"it-IT","@id":"https:\/\/secure.gravatar.com\/avatar\/af8f2caf0663124588de48a9380e07cbc95a74ef15b8062d0d39106c32fe3023?s=96&d=mm&r=g","url":"https:\/\/secure.gravatar.com\/avatar\/af8f2caf0663124588de48a9380e07cbc95a74ef15b8062d0d39106c32fe3023?s=96&d=mm&r=g","contentUrl":"https:\/\/secure.gravatar.com\/avatar\/af8f2caf0663124588de48a9380e07cbc95a74ef15b8062d0d39106c32fe3023?s=96&d=mm&r=g","caption":"admin"},"sameAs":["https:\/\/lavocedelpaese.info"],"url":"https:\/\/lavocedelpaese.info\/index.php\/author\/admin\/"}]}},"_links":{"self":[{"href":"https:\/\/lavocedelpaese.info\/index.php\/wp-json\/wp\/v2\/posts\/9264","targetHints":{"allow":["GET"]}}],"collection":[{"href":"https:\/\/lavocedelpaese.info\/index.php\/wp-json\/wp\/v2\/posts"}],"about":[{"href":"https:\/\/lavocedelpaese.info\/index.php\/wp-json\/wp\/v2\/types\/post"}],"author":[{"embeddable":true,"href":"https:\/\/lavocedelpaese.info\/index.php\/wp-json\/wp\/v2\/users\/6"}],"replies":[{"embeddable":true,"href":"https:\/\/lavocedelpaese.info\/index.php\/wp-json\/wp\/v2\/comments?post=9264"}],"version-history":[{"count":0,"href":"https:\/\/lavocedelpaese.info\/index.php\/wp-json\/wp\/v2\/posts\/9264\/revisions"}],"wp:featuredmedia":[{"embeddable":true,"href":"https:\/\/lavocedelpaese.info\/index.php\/wp-json\/wp\/v2\/media\/9265"}],"wp:attachment":[{"href":"https:\/\/lavocedelpaese.info\/index.php\/wp-json\/wp\/v2\/media?parent=9264"}],"wp:term":[{"taxonomy":"category","embeddable":true,"href":"https:\/\/lavocedelpaese.info\/index.php\/wp-json\/wp\/v2\/categories?post=9264"},{"taxonomy":"post_tag","embeddable":true,"href":"https:\/\/lavocedelpaese.info\/index.php\/wp-json\/wp\/v2\/tags?post=9264"}],"curies":[{"name":"wp","href":"https:\/\/api.w.org\/{rel}","templated":true}]}}